{"id":973,"date":"2014-04-11T20:51:56","date_gmt":"2014-04-11T19:51:56","guid":{"rendered":"http:\/\/slphzs.wordpress.com\/?p=973"},"modified":"2017-04-19T14:30:45","modified_gmt":"2017-04-19T12:30:45","slug":"priebeh-pocasia-a-vyvoj-snehovych-podmienok-od-5-do-11-aprila-2014","status":"publish","type":"post","link":"https:\/\/blog.laviny.sk\/?p=973","title":{"rendered":"Priebeh po\u010dasia a v\u00fdvoj snehov\u00fdch podmienok od 5. do 11. apr\u00edla 2014"},"content":{"rendered":"<p style=\"text-align: justify;\"><strong>N\u00e1vrat zimy na hory<\/strong><br \/>\nPo\u010das v\u00edkendu a\u00a0na za\u010diatku t\u00fd\u017ed\u0148a (5-8.apr\u00edla) e\u0161te prevl\u00e1dalo slne\u010dn\u00e9 a\u00a0ve\u013emi tepl\u00e9 po\u010dasie. Teplota vzduchu po\u010das d\u0148a st\u00fapala aj v\u00a0najvy\u0161\u0161\u00edch poloh\u00e1ch Tatier do kladn\u00fdch hodn\u00f4t (Lomnick\u00fd \u0161t\u00edt +3,6\u00b0C, <em>zdroj SHM\u00da<\/em>). Zmena nastala v\u00a0utorok popoludn\u00ed, kedy \u00fazem\u00edm Slovenska postupne prech\u00e1dzal od z\u00e1padu studen\u00fd front spojen\u00fd s\u00a0ve\u013emi siln\u00fdm vetrom, intenz\u00edvnymi zr\u00e1\u017ekami a\u00a0aj s\u00a0b\u00farkami. Hranica sne\u017eenia sa postupne zni\u017eovala z\u00a02500 m a\u017e na 1200 m (streda) a\u00a0v\u00a0\u010fal\u0161ej vlne zr\u00e1\u017eok (\u0161tvrtok) a\u017e na 700 m n.m. Celkovo vo\u00a0vysok\u00fdch poloh\u00e1ch Tatier pripadlo 10 a\u017e 20 cm nov\u00e9ho snehu. V\u00a0poloh\u00e1ch 1000 a\u017e 1500 m n.m. pripadlo len nieko\u013eko cm. Okrem sne\u017eenia sa v\u00a0\u010fal\u0161\u00edch d\u0148och aj v\u00fdrazne ochladilo, teplota vzduchu v\u00a02000 m klesla na -7\u00b0C a\u00a0v\u00a02500 m a\u017e na -10\u00b0C. V\u00a0piatok 11.apr\u00edla sa prechodne vyjasnilo, na hor\u00e1ch bolo preva\u017ene slne\u010dn\u00e9 po\u010dasie a\u00a0mierne sa oteplilo.<\/p>\n\n\t\t<style type=\"text\/css\">\n\t\t\t#gallery-1 {\n\t\t\t\tmargin: auto;\n\t\t\t}\n\t\t\t#gallery-1 .gallery-item {\n\t\t\t\tfloat: left;\n\t\t\t\tmargin-top: 10px;\n\t\t\t\ttext-align: center;\n\t\t\t\twidth: 33%;\n\t\t\t}\n\t\t\t#gallery-1 img {\n\t\t\t\tborder: 2px solid #cfcfcf;\n\t\t\t}\n\t\t\t#gallery-1 .gallery-caption {\n\t\t\t\tmargin-left: 0;\n\t\t\t}\n\t\t\t\/* see gallery_shortcode() in wp-includes\/media.php *\/\n\t\t<\/style>\n\t\t<div data-carousel-extra='{&quot;blog_id&quot;:1,&quot;permalink&quot;:&quot;https:\/\/blog.laviny.sk\/?p=973&quot;}' id='gallery-1' class='gallery galleryid-973 gallery-columns-3 gallery-size-large'><dl class='gallery-item'>\n\t\t\t<dt class='gallery-icon landscape'>\n\t\t\t\t<a href='https:\/\/blog.laviny.sk\/?attachment_id=976#main'><img loading=\"lazy\" decoding=\"async\" width=\"700\" height=\"523\" src=\"https:\/\/blog.laviny.sk\/wp-content\/uploads\/2014\/11\/polana.jpg\" class=\"attachment-large size-large\" alt=\"\" srcset=\"https:\/\/blog.laviny.sk\/wp-content\/uploads\/2014\/11\/polana.jpg 1000w, https:\/\/blog.laviny.sk\/wp-content\/uploads\/2014\/11\/polana-300x224.jpg 300w, https:\/\/blog.laviny.sk\/wp-content\/uploads\/2014\/11\/polana-768x574.jpg 768w\" sizes=\"auto, (max-width: 700px) 100vw, 700px\" data-attachment-id=\"976\" data-permalink=\"https:\/\/blog.laviny.sk\/?attachment_id=976#main\" data-orig-file=\"https:\/\/blog.laviny.sk\/wp-content\/uploads\/2014\/11\/polana.jpg\" data-orig-size=\"1000,747\" data-comments-opened=\"0\" data-image-meta=\"{&quot;aperture&quot;:&quot;0&quot;,&quot;credit&quot;:&quot;&quot;,&quot;camera&quot;:&quot;&quot;,&quot;caption&quot;:&quot;&quot;,&quot;created_timestamp&quot;:&quot;0&quot;,&quot;copyright&quot;:&quot;&quot;,&quot;focal_length&quot;:&quot;0&quot;,&quot;iso&quot;:&quot;0&quot;,&quot;shutter_speed&quot;:&quot;0&quot;,&quot;title&quot;:&quot;&quot;,&quot;orientation&quot;:&quot;0&quot;}\" data-image-title=\"Lav\u00ednky z mokr\u00e9ho snehu, Po\u013eana &amp;#8211; N\u00edzke Tatry 7.4.2014, foto ATE\" data-image-description=\"\" data-image-caption=\"\" data-large-file=\"https:\/\/blog.laviny.sk\/wp-content\/uploads\/2014\/11\/polana.jpg\" \/><\/a>\n\t\t\t<\/dt><\/dl><dl class='gallery-item'>\n\t\t\t<dt class='gallery-icon landscape'>\n\t\t\t\t<a href='https:\/\/blog.laviny.sk\/?attachment_id=974#main'><img loading=\"lazy\" decoding=\"async\" width=\"700\" height=\"523\" src=\"https:\/\/blog.laviny.sk\/wp-content\/uploads\/2014\/11\/dumbier.jpg\" class=\"attachment-large size-large\" alt=\"\" srcset=\"https:\/\/blog.laviny.sk\/wp-content\/uploads\/2014\/11\/dumbier.jpg 1000w, https:\/\/blog.laviny.sk\/wp-content\/uploads\/2014\/11\/dumbier-300x224.jpg 300w, https:\/\/blog.laviny.sk\/wp-content\/uploads\/2014\/11\/dumbier-768x574.jpg 768w\" sizes=\"auto, (max-width: 700px) 100vw, 700px\" data-attachment-id=\"974\" data-permalink=\"https:\/\/blog.laviny.sk\/?attachment_id=974#main\" data-orig-file=\"https:\/\/blog.laviny.sk\/wp-content\/uploads\/2014\/11\/dumbier.jpg\" data-orig-size=\"1000,747\" data-comments-opened=\"0\" data-image-meta=\"{&quot;aperture&quot;:&quot;0&quot;,&quot;credit&quot;:&quot;&quot;,&quot;camera&quot;:&quot;&quot;,&quot;caption&quot;:&quot;&quot;,&quot;created_timestamp&quot;:&quot;0&quot;,&quot;copyright&quot;:&quot;&quot;,&quot;focal_length&quot;:&quot;0&quot;,&quot;iso&quot;:&quot;0&quot;,&quot;shutter_speed&quot;:&quot;0&quot;,&quot;title&quot;:&quot;&quot;,&quot;orientation&quot;:&quot;0&quot;}\" data-image-title=\"Severn\u00e9 svahy \u010eumbiera, 7.4.2014, foto ATE\" data-image-description=\"\" data-image-caption=\"\" data-large-file=\"https:\/\/blog.laviny.sk\/wp-content\/uploads\/2014\/11\/dumbier.jpg\" \/><\/a>\n\t\t\t<\/dt><\/dl><dl class='gallery-item'>\n\t\t\t<dt class='gallery-icon landscape'>\n\t\t\t\t<a href='https:\/\/blog.laviny.sk\/?attachment_id=975#main'><img loading=\"lazy\" decoding=\"async\" width=\"700\" height=\"523\" src=\"https:\/\/blog.laviny.sk\/wp-content\/uploads\/2014\/11\/chopok.jpg\" class=\"attachment-large size-large\" alt=\"\" srcset=\"https:\/\/blog.laviny.sk\/wp-content\/uploads\/2014\/11\/chopok.jpg 1000w, https:\/\/blog.laviny.sk\/wp-content\/uploads\/2014\/11\/chopok-300x224.jpg 300w, https:\/\/blog.laviny.sk\/wp-content\/uploads\/2014\/11\/chopok-768x574.jpg 768w\" sizes=\"auto, (max-width: 700px) 100vw, 700px\" data-attachment-id=\"975\" data-permalink=\"https:\/\/blog.laviny.sk\/?attachment_id=975#main\" data-orig-file=\"https:\/\/blog.laviny.sk\/wp-content\/uploads\/2014\/11\/chopok.jpg\" data-orig-size=\"1000,747\" data-comments-opened=\"0\" data-image-meta=\"{&quot;aperture&quot;:&quot;0&quot;,&quot;credit&quot;:&quot;&quot;,&quot;camera&quot;:&quot;&quot;,&quot;caption&quot;:&quot;&quot;,&quot;created_timestamp&quot;:&quot;0&quot;,&quot;copyright&quot;:&quot;&quot;,&quot;focal_length&quot;:&quot;0&quot;,&quot;iso&quot;:&quot;0&quot;,&quot;shutter_speed&quot;:&quot;0&quot;,&quot;title&quot;:&quot;&quot;,&quot;orientation&quot;:&quot;0&quot;}\" data-image-title=\"Severn\u00e9 svahy Chopka, 7.4.2014, foto ATE\" data-image-description=\"\" data-image-caption=\"\" data-large-file=\"https:\/\/blog.laviny.sk\/wp-content\/uploads\/2014\/11\/chopok.jpg\" \/><\/a>\n\t\t\t<\/dt><\/dl><br style=\"clear: both\" \/>\n\t\t<\/div>\n\n<p style=\"text-align: justify;\">Vo Vysok\u00fdch poloh\u00e1ch Tatier pretrv\u00e1va v\u00a0d\u00f4sledku posledn\u00e9ho sne\u017eenia mierne lav\u00ednov\u00e9 nebezpe\u010denstvo, 2 stupe\u0148, v\u00a0N\u00edzkych Tatr\u00e1ch ost\u00e1va mal\u00e9 lav\u00ednov\u00e9 nebezpe\u010denstvo (1.stupe\u0148). Vo Fatr\u00e1ch je nes\u00favisl\u00e1 snehov\u00e1 pokr\u00fdvka, sneh sa vyskytuje lok\u00e1lne u\u017e len v\u00a0muld\u00e1ch a\u00a0\u017e\u013eaboch, preto tu lav\u00ednov\u00e9 nebezpe\u010denstvo nehroz\u00ed. Pre zauj\u00edmavos\u0165, od pondelka 7.4 sme ukon\u010dili vyd\u00e1vanie inform\u00e1cie o lav\u00ednovom nebezpe\u010denstve vo Fatr\u00e1ch, \u010do je pravdepodobne najskor\u0161\u00ed d\u00e1tum v\u00a0hist\u00f3rii uverej\u0148ovania.<\/p>\n\n\t\t<style type=\"text\/css\">\n\t\t\t#gallery-2 {\n\t\t\t\tmargin: auto;\n\t\t\t}\n\t\t\t#gallery-2 .gallery-item {\n\t\t\t\tfloat: left;\n\t\t\t\tmargin-top: 10px;\n\t\t\t\ttext-align: center;\n\t\t\t\twidth: 33%;\n\t\t\t}\n\t\t\t#gallery-2 img {\n\t\t\t\tborder: 2px solid #cfcfcf;\n\t\t\t}\n\t\t\t#gallery-2 .gallery-caption {\n\t\t\t\tmargin-left: 0;\n\t\t\t}\n\t\t\t\/* see gallery_shortcode() in wp-includes\/media.php *\/\n\t\t<\/style>\n\t\t<div data-carousel-extra='{&quot;blog_id&quot;:1,&quot;permalink&quot;:&quot;https:\/\/blog.laviny.sk\/?p=973&quot;}' id='gallery-2' class='gallery galleryid-973 gallery-columns-3 gallery-size-medium'><dl class='gallery-item'>\n\t\t\t<dt class='gallery-icon landscape'>\n\t\t\t\t<a href='https:\/\/blog.laviny.sk\/?attachment_id=977#main'><img loading=\"lazy\" decoding=\"async\" width=\"300\" height=\"225\" src=\"https:\/\/blog.laviny.sk\/wp-content\/uploads\/2014\/11\/20140411_1102_lp-300x225.jpg\" class=\"attachment-medium size-medium\" alt=\"\" srcset=\"https:\/\/blog.laviny.sk\/wp-content\/uploads\/2014\/11\/20140411_1102_lp-300x225.jpg 300w, https:\/\/blog.laviny.sk\/wp-content\/uploads\/2014\/11\/20140411_1102_lp.jpg 640w\" sizes=\"auto, (max-width: 300px) 100vw, 300px\" data-attachment-id=\"977\" data-permalink=\"https:\/\/blog.laviny.sk\/?attachment_id=977#main\" data-orig-file=\"https:\/\/blog.laviny.sk\/wp-content\/uploads\/2014\/11\/20140411_1102_lp.jpg\" data-orig-size=\"640,480\" data-comments-opened=\"0\" data-image-meta=\"{&quot;aperture&quot;:&quot;0&quot;,&quot;credit&quot;:&quot;&quot;,&quot;camera&quot;:&quot;&quot;,&quot;caption&quot;:&quot;&quot;,&quot;created_timestamp&quot;:&quot;0&quot;,&quot;copyright&quot;:&quot;&quot;,&quot;focal_length&quot;:&quot;0&quot;,&quot;iso&quot;:&quot;0&quot;,&quot;shutter_speed&quot;:&quot;0&quot;,&quot;title&quot;:&quot;&quot;,&quot;orientation&quot;:&quot;0&quot;}\" data-image-title=\"\u013dadov\u00e9 pleso pod Javor\u00e1kmi, 11.4.2014 AMS\" data-image-description=\"\" data-image-caption=\"\" data-large-file=\"https:\/\/blog.laviny.sk\/wp-content\/uploads\/2014\/11\/20140411_1102_lp.jpg\" \/><\/a>\n\t\t\t<\/dt><\/dl><dl class='gallery-item'>\n\t\t\t<dt class='gallery-icon landscape'>\n\t\t\t\t<a href='https:\/\/blog.laviny.sk\/?attachment_id=978#main'><img loading=\"lazy\" decoding=\"async\" width=\"300\" height=\"225\" src=\"https:\/\/blog.laviny.sk\/wp-content\/uploads\/2014\/11\/20140411_1102_hk-300x225.jpg\" class=\"attachment-medium size-medium\" alt=\"\" srcset=\"https:\/\/blog.laviny.sk\/wp-content\/uploads\/2014\/11\/20140411_1102_hk-300x225.jpg 300w, https:\/\/blog.laviny.sk\/wp-content\/uploads\/2014\/11\/20140411_1102_hk.jpg 640w\" sizes=\"auto, (max-width: 300px) 100vw, 300px\" data-attachment-id=\"978\" data-permalink=\"https:\/\/blog.laviny.sk\/?attachment_id=978#main\" data-orig-file=\"https:\/\/blog.laviny.sk\/wp-content\/uploads\/2014\/11\/20140411_1102_hk.jpg\" data-orig-size=\"640,480\" data-comments-opened=\"0\" data-image-meta=\"{&quot;aperture&quot;:&quot;0&quot;,&quot;credit&quot;:&quot;&quot;,&quot;camera&quot;:&quot;&quot;,&quot;caption&quot;:&quot;&quot;,&quot;created_timestamp&quot;:&quot;0&quot;,&quot;copyright&quot;:&quot;&quot;,&quot;focal_length&quot;:&quot;0&quot;,&quot;iso&quot;:&quot;0&quot;,&quot;shutter_speed&quot;:&quot;0&quot;,&quot;title&quot;:&quot;&quot;,&quot;orientation&quot;:&quot;0&quot;}\" data-image-title=\"Tri kopy a snehov\u00e9 splazy pod Hrubou kopou, 11.4.2014 AMS\" data-image-description=\"\" data-image-caption=\"\" data-large-file=\"https:\/\/blog.laviny.sk\/wp-content\/uploads\/2014\/11\/20140411_1102_hk.jpg\" \/><\/a>\n\t\t\t<\/dt><\/dl><dl class='gallery-item'>\n\t\t\t<dt class='gallery-icon landscape'>\n\t\t\t\t<a href='https:\/\/blog.laviny.sk\/?attachment_id=979#main'><img loading=\"lazy\" decoding=\"async\" width=\"300\" height=\"169\" src=\"https:\/\/blog.laviny.sk\/wp-content\/uploads\/2014\/11\/dumbier_gapel-300x169.jpg\" class=\"attachment-medium size-medium\" alt=\"\" srcset=\"https:\/\/blog.laviny.sk\/wp-content\/uploads\/2014\/11\/dumbier_gapel-300x169.jpg 300w, https:\/\/blog.laviny.sk\/wp-content\/uploads\/2014\/11\/dumbier_gapel-1024x576.jpg 1024w, https:\/\/blog.laviny.sk\/wp-content\/uploads\/2014\/11\/dumbier_gapel-768x432.jpg 768w, https:\/\/blog.laviny.sk\/wp-content\/uploads\/2014\/11\/dumbier_gapel-460x260.jpg 460w, https:\/\/blog.laviny.sk\/wp-content\/uploads\/2014\/11\/dumbier_gapel.jpg 1067w\" sizes=\"auto, (max-width: 300px) 100vw, 300px\" data-attachment-id=\"979\" data-permalink=\"https:\/\/blog.laviny.sk\/?attachment_id=979#main\" data-orig-file=\"https:\/\/blog.laviny.sk\/wp-content\/uploads\/2014\/11\/dumbier_gapel.jpg\" data-orig-size=\"1067,600\" data-comments-opened=\"0\" data-image-meta=\"{&quot;aperture&quot;:&quot;0&quot;,&quot;credit&quot;:&quot;&quot;,&quot;camera&quot;:&quot;&quot;,&quot;caption&quot;:&quot;&quot;,&quot;created_timestamp&quot;:&quot;0&quot;,&quot;copyright&quot;:&quot;&quot;,&quot;focal_length&quot;:&quot;0&quot;,&quot;iso&quot;:&quot;0&quot;,&quot;shutter_speed&quot;:&quot;0&quot;,&quot;title&quot;:&quot;&quot;,&quot;orientation&quot;:&quot;0&quot;}\" data-image-title=\"\u010eumbier a dolina Trango\u0161ka, 7.4.2014\" data-image-description=\"\" data-image-caption=\"\" data-large-file=\"https:\/\/blog.laviny.sk\/wp-content\/uploads\/2014\/11\/dumbier_gapel-1024x576.jpg\" \/><\/a>\n\t\t\t<\/dt><\/dl><br style=\"clear: both\" \/>\n\t\t<\/div>\n\n<p style=\"text-align: justify;\">Lav\u00ednov\u00e1 aktivita po\u010das uplynul\u00e9ho t\u00fd\u017ed\u0148a, s\u00a0v\u00fdnimkou piatka 11.4., zaznamenan\u00e1 nebola. V\u00a0piatok, po\u010das d\u0148a, boli na slnkom osvieten\u00fdch svahoch zaznamenan\u00e9 viacer\u00e9 snehov\u00e9 splazy z\u00a0nov\u00e9ho snehu. Ich objem a\u00a0sila v\u0161ak boli minim\u00e1lne.<\/p>\n<p style=\"text-align: justify;\">text: fk<br \/>\nfoto: arch\u00edv SLP<\/p>\n","protected":false},"excerpt":{"rendered":"<p>N\u00e1vrat zimy na hory Po\u010das v\u00edkendu a\u00a0na za\u010diatku t\u00fd\u017ed\u0148a (5-8.apr\u00edla) e\u0161te prevl\u00e1dalo slne\u010dn\u00e9 a\u00a0ve\u013emi tepl\u00e9 po\u010dasie. Teplota vzduchu po\u010das d\u0148a st\u00fapala aj v\u00a0najvy\u0161\u0161\u00edch poloh\u00e1ch Tatier do kladn\u00fdch hodn\u00f4t (Lomnick\u00fd \u0161t\u00edt +3,6\u00b0C, zdroj SHM\u00da). Zmena nastala v\u00a0utorok popoludn\u00ed, kedy \u00fazem\u00edm Slovenska postupne prech\u00e1dzal od z\u00e1padu studen\u00fd front spojen\u00fd s\u00a0ve\u013emi siln\u00fdm vetrom, intenz\u00edvnymi zr\u00e1\u017ekami a\u00a0aj s\u00a0b\u00farkami. Hranica&hellip;<\/p>\n","protected":false},"author":1,"featured_media":975,"comment_status":"closed","ping_status":"closed","sticky":false,"template":"","format":"standard","meta":{"jetpack_post_was_ever_published":false,"_jetpack_newsletter_access":"","_jetpack_dont_email_post_to_subs":false,"_jetpack_newsletter_tier_id":0,"_jetpack_memberships_contains_paywalled_content":false,"_jetpack_memberships_contains_paid_content":false,"footnotes":"","jetpack_publicize_message":"","jetpack_publicize_feature_enabled":true,"jetpack_social_post_already_shared":true,"jetpack_social_options":{"image_generator_settings":{"template":"highway","default_image_id":0,"font":"","enabled":false},"version":2}},"categories":[4],"tags":[105,123,154],"class_list":["post-973","post","type-post","status-publish","format-standard","has-post-thumbnail","hentry","category-pocasie-sneh-a-laviny","tag-nizke-tatry","tag-pocasie","tag-sneh"],"jetpack_publicize_connections":[],"jetpack_featured_media_url":"https:\/\/blog.laviny.sk\/wp-content\/uploads\/2014\/11\/chopok.jpg","jetpack_sharing_enabled":true,"jetpack_shortlink":"https:\/\/wp.me\/p8DxWh-fH","jetpack-related-posts":[],"_links":{"self":[{"href":"https:\/\/blog.laviny.sk\/index.php?rest_route=\/wp\/v2\/posts\/973","targetHints":{"allow":["GET"]}}],"collection":[{"href":"https:\/\/blog.laviny.sk\/index.php?rest_route=\/wp\/v2\/posts"}],"about":[{"href":"https:\/\/blog.laviny.sk\/index.php?rest_route=\/wp\/v2\/types\/post"}],"author":[{"embeddable":true,"href":"https:\/\/blog.laviny.sk\/index.php?rest_route=\/wp\/v2\/users\/1"}],"replies":[{"embeddable":true,"href":"https:\/\/blog.laviny.sk\/index.php?rest_route=%2Fwp%2Fv2%2Fcomments&post=973"}],"version-history":[{"count":1,"href":"https:\/\/blog.laviny.sk\/index.php?rest_route=\/wp\/v2\/posts\/973\/revisions"}],"predecessor-version":[{"id":5098,"href":"https:\/\/blog.laviny.sk\/index.php?rest_route=\/wp\/v2\/posts\/973\/revisions\/5098"}],"wp:featuredmedia":[{"embeddable":true,"href":"https:\/\/blog.laviny.sk\/index.php?rest_route=\/wp\/v2\/media\/975"}],"wp:attachment":[{"href":"https:\/\/blog.laviny.sk\/index.php?rest_route=%2Fwp%2Fv2%2Fmedia&parent=973"}],"wp:term":[{"taxonomy":"category","embeddable":true,"href":"https:\/\/blog.laviny.sk\/index.php?rest_route=%2Fwp%2Fv2%2Fcategories&post=973"},{"taxonomy":"post_tag","embeddable":true,"href":"https:\/\/blog.laviny.sk\/index.php?rest_route=%2Fwp%2Fv2%2Ftags&post=973"}],"curies":[{"name":"wp","href":"https:\/\/api.w.org\/{rel}","templated":true}]}}