{"id":953,"date":"2014-03-28T15:32:44","date_gmt":"2014-03-28T14:32:44","guid":{"rendered":"http:\/\/slphzs.wordpress.com\/?p=953"},"modified":"2017-04-19T14:29:56","modified_gmt":"2017-04-19T12:29:56","slug":"priebeh-pocasia-a-vyvoj-snehovych-podmienok-od-22-do-28-marca-2014","status":"publish","type":"post","link":"https:\/\/blog.laviny.sk\/?p=953","title":{"rendered":"Priebeh po\u010dasia a v\u00fdvoj snehov\u00fdch podmienok od 22. do 28. marca 2014"},"content":{"rendered":"<p style=\"text-align: justify;\">Za\u010diatkom t\u00fd\u017ed\u0148a doznieval prechod studen\u00e9ho frontu, s\u00a0ktor\u00fdm boli spojen\u00e9 intenz\u00edvne zr\u00e1\u017eky, najm\u00e4 v\u00a0N\u00edzkych Tatr\u00e1ch. V\u00a0Jasnej sme 24. marca r\u00e1no zaznamenali 46 mm, na Chopku 32 mm zr\u00e1\u017eok. Tieto zr\u00e1\u017eky v\u0161ak mali charakter sne\u017eenia a\u017e od nadmorskej v\u00fd\u0161ky pribli\u017ene 1600 m n. m. V\u00a0ni\u017e\u0161\u00edch poloh\u00e1ch a\u00a0na podhor\u00ed to bol iba d\u00e1\u017e\u010f, pr\u00edpadne d\u00e1\u017e\u010f so snehom. V\u00a0najvy\u0161\u0161\u00edch poloh\u00e1ch pripadlo do 15 cm nov\u00e9ho, preva\u017ene vlhk\u00e9ho snehu. Snehov\u00e1 pokr\u00fdvka je v\u0161ak na t\u00fato dobu zna\u010dne podpriemern\u00e1. Ako pr\u00edklad n\u00e1m m\u00f4\u017ee posl\u00fa\u017ei\u0165 5-ro\u010dn\u00e9 v\u00fdro\u010die od p\u00e1du jednej z najv\u00e4\u010d\u0161\u00edch lav\u00edn v cel\u00fdch Karpatoch, ktor\u00e1 sa uvo\u013enila zo svahov Pr\u00edslopu, Jalovskej kopy a R\u00e1ztoky do \u017diarskej doliny. V\u00fd\u0161ka snehu pri \u017diarskej chate dosahovala v tomto \u010dase (25. marec 2009) a\u017e 230 cm! 25. marca 2014 sme na tom istom pozorovacom mieste zaznamenali nes\u00favisl\u00fa snehov\u00fa pokr\u00fdvku, s v\u00fd\u0161kou do 5 cm.<\/p>\n\n\t\t<style type=\"text\/css\">\n\t\t\t#gallery-1 {\n\t\t\t\tmargin: auto;\n\t\t\t}\n\t\t\t#gallery-1 .gallery-item {\n\t\t\t\tfloat: left;\n\t\t\t\tmargin-top: 10px;\n\t\t\t\ttext-align: center;\n\t\t\t\twidth: 100%;\n\t\t\t}\n\t\t\t#gallery-1 img {\n\t\t\t\tborder: 2px solid #cfcfcf;\n\t\t\t}\n\t\t\t#gallery-1 .gallery-caption {\n\t\t\t\tmargin-left: 0;\n\t\t\t}\n\t\t\t\/* see gallery_shortcode() in wp-includes\/media.php *\/\n\t\t<\/style>\n\t\t<div data-carousel-extra='{&quot;blog_id&quot;:1,&quot;permalink&quot;:&quot;https:\/\/blog.laviny.sk\/?p=953&quot;}' id='gallery-1' class='gallery galleryid-953 gallery-columns-1 gallery-size-large'><dl class='gallery-item'>\n\t\t\t<dt class='gallery-icon landscape'>\n\t\t\t\t<a href='https:\/\/blog.laviny.sk\/?attachment_id=962#main'><img loading=\"lazy\" decoding=\"async\" width=\"700\" height=\"221\" src=\"https:\/\/blog.laviny.sk\/wp-content\/uploads\/2014\/11\/porovnanie11-1024x324.png\" class=\"attachment-large size-large\" alt=\"\" srcset=\"https:\/\/blog.laviny.sk\/wp-content\/uploads\/2014\/11\/porovnanie11-1024x324.png 1024w, https:\/\/blog.laviny.sk\/wp-content\/uploads\/2014\/11\/porovnanie11-300x95.png 300w, https:\/\/blog.laviny.sk\/wp-content\/uploads\/2014\/11\/porovnanie11-768x243.png 768w, https:\/\/blog.laviny.sk\/wp-content\/uploads\/2014\/11\/porovnanie11-1536x487.png 1536w, https:\/\/blog.laviny.sk\/wp-content\/uploads\/2014\/11\/porovnanie11.png 1600w\" sizes=\"auto, (max-width: 700px) 100vw, 700px\" data-attachment-id=\"962\" data-permalink=\"https:\/\/blog.laviny.sk\/?attachment_id=962#main\" data-orig-file=\"https:\/\/blog.laviny.sk\/wp-content\/uploads\/2014\/11\/porovnanie11.png\" data-orig-size=\"1600,507\" data-comments-opened=\"0\" data-image-meta=\"{&quot;aperture&quot;:&quot;0&quot;,&quot;credit&quot;:&quot;&quot;,&quot;camera&quot;:&quot;&quot;,&quot;caption&quot;:&quot;&quot;,&quot;created_timestamp&quot;:&quot;0&quot;,&quot;copyright&quot;:&quot;&quot;,&quot;focal_length&quot;:&quot;0&quot;,&quot;iso&quot;:&quot;0&quot;,&quot;shutter_speed&quot;:&quot;0&quot;,&quot;title&quot;:&quot;&quot;,&quot;orientation&quot;:&quot;0&quot;}\" data-image-title=\"Porovnanie stavu snehovej pokr\u00fdvky v oblasti pod \u017diarskou chatou v marci 2009 a 2014\" data-image-description=\"\" data-image-caption=\"\" data-large-file=\"https:\/\/blog.laviny.sk\/wp-content\/uploads\/2014\/11\/porovnanie11-1024x324.png\" \/><\/a>\n\t\t\t<\/dt><\/dl><br style=\"clear: both\" \/><dl class='gallery-item'>\n\t\t\t<dt class='gallery-icon landscape'>\n\t\t\t\t<a href='https:\/\/blog.laviny.sk\/?attachment_id=963#main'><img loading=\"lazy\" decoding=\"async\" width=\"700\" height=\"577\" src=\"https:\/\/blog.laviny.sk\/wp-content\/uploads\/2014\/11\/porovnnie-1024x844.png\" class=\"attachment-large size-large\" alt=\"\" srcset=\"https:\/\/blog.laviny.sk\/wp-content\/uploads\/2014\/11\/porovnnie-1024x844.png 1024w, https:\/\/blog.laviny.sk\/wp-content\/uploads\/2014\/11\/porovnnie-300x247.png 300w, https:\/\/blog.laviny.sk\/wp-content\/uploads\/2014\/11\/porovnnie-768x633.png 768w, https:\/\/blog.laviny.sk\/wp-content\/uploads\/2014\/11\/porovnnie.png 1218w\" sizes=\"auto, (max-width: 700px) 100vw, 700px\" data-attachment-id=\"963\" data-permalink=\"https:\/\/blog.laviny.sk\/?attachment_id=963#main\" data-orig-file=\"https:\/\/blog.laviny.sk\/wp-content\/uploads\/2014\/11\/porovnnie.png\" data-orig-size=\"1218,1004\" data-comments-opened=\"0\" data-image-meta=\"{&quot;aperture&quot;:&quot;0&quot;,&quot;credit&quot;:&quot;&quot;,&quot;camera&quot;:&quot;&quot;,&quot;caption&quot;:&quot;&quot;,&quot;created_timestamp&quot;:&quot;0&quot;,&quot;copyright&quot;:&quot;&quot;,&quot;focal_length&quot;:&quot;0&quot;,&quot;iso&quot;:&quot;0&quot;,&quot;shutter_speed&quot;:&quot;0&quot;,&quot;title&quot;:&quot;&quot;,&quot;orientation&quot;:&quot;0&quot;}\" data-image-title=\"Porovnanie v\u00fd\u0161ky snehu na AMS \u017diarska chata v obdob\u00ed od 20. do 27. marca 2009 a 2014\" data-image-description=\"\" data-image-caption=\"\" data-large-file=\"https:\/\/blog.laviny.sk\/wp-content\/uploads\/2014\/11\/porovnnie-1024x844.png\" \/><\/a>\n\t\t\t<\/dt><\/dl><br style=\"clear: both\" \/>\n\t\t<\/div>\n\n<p style=\"text-align: justify;\">Od stredy (26. marec) sa po\u010dasie za\u010dalo zlep\u0161ova\u0165, na hor\u00e1ch bolo preva\u017ene jasno, a\u017e polojasno, iba zr\u00e1na na podhor\u00ed miestami hmlisto a\u00a0mal\u00e1 obla\u010dnos\u0165. V\u00a0najvy\u0161\u0161\u00edch poloh\u00e1ch Tatier pribudlo do 5 cm nov\u00e9ho snehu. Snehov\u00e1 pokr\u00fdvka je zr\u00e1na e\u0161te zmrznut\u00e1 a\u00a0nosn\u00e1, v\u00a0priebehu d\u0148a v\u0161ak r\u00fdchlo vlhne a\u017e ka\u0161ovatie a\u00a0str\u00e1ca nosnos\u0165, najm\u00e4 na ju\u017en\u00fdch, oslnen\u00fdch svahoch. V\u00a0t\u00fdchto lokalit\u00e1ch sa tak tvoria samovo\u013en\u00e9 splazy a\u00a0mal\u00e9 lav\u00edny z\u00a0vlhk\u00e9ho, \u0165a\u017ek\u00e9ho snehu. Najv\u00e4\u010d\u0161iu intenzitu tak\u00fdchto lav\u00edn sme zaznamenali v\u00a0\u017diarskej doline na poludnie (od 10:00 do 12:30) vo \u0161tvrtok (27. marec), viac info o\u00a0lav\u00ednovej aktivite n\u00e1jdete <a href=\"http:\/\/hzsslp.blogspot.sk\/2014\/03\/lavinova-aktivita-v-ziarskej-doline-na.html\">tu<\/a>.<\/p>\n\n\t\t<style type=\"text\/css\">\n\t\t\t#gallery-2 {\n\t\t\t\tmargin: auto;\n\t\t\t}\n\t\t\t#gallery-2 .gallery-item {\n\t\t\t\tfloat: left;\n\t\t\t\tmargin-top: 10px;\n\t\t\t\ttext-align: center;\n\t\t\t\twidth: 50%;\n\t\t\t}\n\t\t\t#gallery-2 img {\n\t\t\t\tborder: 2px solid #cfcfcf;\n\t\t\t}\n\t\t\t#gallery-2 .gallery-caption {\n\t\t\t\tmargin-left: 0;\n\t\t\t}\n\t\t\t\/* see gallery_shortcode() in wp-includes\/media.php *\/\n\t\t<\/style>\n\t\t<div data-carousel-extra='{&quot;blog_id&quot;:1,&quot;permalink&quot;:&quot;https:\/\/blog.laviny.sk\/?p=953&quot;}' id='gallery-2' class='gallery galleryid-953 gallery-columns-2 gallery-size-large'><dl class='gallery-item'>\n\t\t\t<dt class='gallery-icon landscape'>\n\t\t\t\t<a href='https:\/\/blog.laviny.sk\/?attachment_id=956#main'><img loading=\"lazy\" decoding=\"async\" width=\"700\" height=\"394\" src=\"https:\/\/blog.laviny.sk\/wp-content\/uploads\/2014\/11\/033-1024x576.jpg\" class=\"attachment-large size-large\" alt=\"\" srcset=\"https:\/\/blog.laviny.sk\/wp-content\/uploads\/2014\/11\/033-1024x576.jpg 1024w, https:\/\/blog.laviny.sk\/wp-content\/uploads\/2014\/11\/033-300x169.jpg 300w, https:\/\/blog.laviny.sk\/wp-content\/uploads\/2014\/11\/033-768x432.jpg 768w, https:\/\/blog.laviny.sk\/wp-content\/uploads\/2014\/11\/033-460x260.jpg 460w, https:\/\/blog.laviny.sk\/wp-content\/uploads\/2014\/11\/033.jpg 1280w\" sizes=\"auto, (max-width: 700px) 100vw, 700px\" data-attachment-id=\"956\" data-permalink=\"https:\/\/blog.laviny.sk\/?attachment_id=956#main\" data-orig-file=\"https:\/\/blog.laviny.sk\/wp-content\/uploads\/2014\/11\/033.jpg\" data-orig-size=\"1280,720\" data-comments-opened=\"0\" data-image-meta=\"{&quot;aperture&quot;:&quot;0&quot;,&quot;credit&quot;:&quot;&quot;,&quot;camera&quot;:&quot;&quot;,&quot;caption&quot;:&quot;&quot;,&quot;created_timestamp&quot;:&quot;0&quot;,&quot;copyright&quot;:&quot;&quot;,&quot;focal_length&quot;:&quot;0&quot;,&quot;iso&quot;:&quot;0&quot;,&quot;shutter_speed&quot;:&quot;0&quot;,&quot;title&quot;:&quot;&quot;,&quot;orientation&quot;:&quot;0&quot;}\" data-image-title=\"Spont\u00e1nne splazy a mal\u00e9 lav\u00edny v oblati Troch k\u00f4p a Smutn\u00e9ho sedla, \u017diarska dolina, 27. marec 2014\" data-image-description=\"\" data-image-caption=\"\" data-large-file=\"https:\/\/blog.laviny.sk\/wp-content\/uploads\/2014\/11\/033-1024x576.jpg\" \/><\/a>\n\t\t\t<\/dt><\/dl><dl class='gallery-item'>\n\t\t\t<dt class='gallery-icon landscape'>\n\t\t\t\t<a href='https:\/\/blog.laviny.sk\/?attachment_id=958#main'><img loading=\"lazy\" decoding=\"async\" width=\"700\" height=\"419\" src=\"https:\/\/blog.laviny.sk\/wp-content\/uploads\/2014\/11\/24-27-11-1024x613.png\" class=\"attachment-large size-large\" alt=\"\" srcset=\"https:\/\/blog.laviny.sk\/wp-content\/uploads\/2014\/11\/24-27-11-1024x613.png 1024w, https:\/\/blog.laviny.sk\/wp-content\/uploads\/2014\/11\/24-27-11-300x179.png 300w, https:\/\/blog.laviny.sk\/wp-content\/uploads\/2014\/11\/24-27-11-768x459.png 768w, https:\/\/blog.laviny.sk\/wp-content\/uploads\/2014\/11\/24-27-11.png 1170w\" sizes=\"auto, (max-width: 700px) 100vw, 700px\" data-attachment-id=\"958\" data-permalink=\"https:\/\/blog.laviny.sk\/?attachment_id=958#main\" data-orig-file=\"https:\/\/blog.laviny.sk\/wp-content\/uploads\/2014\/11\/24-27-11.png\" data-orig-size=\"1170,700\" data-comments-opened=\"0\" data-image-meta=\"{&quot;aperture&quot;:&quot;0&quot;,&quot;credit&quot;:&quot;&quot;,&quot;camera&quot;:&quot;&quot;,&quot;caption&quot;:&quot;&quot;,&quot;created_timestamp&quot;:&quot;0&quot;,&quot;copyright&quot;:&quot;&quot;,&quot;focal_length&quot;:&quot;0&quot;,&quot;iso&quot;:&quot;0&quot;,&quot;shutter_speed&quot;:&quot;0&quot;,&quot;title&quot;:&quot;&quot;,&quot;orientation&quot;:&quot;0&quot;}\" data-image-title=\"Teplota vzduchu sa v tento de\u0148 dostala nad 0\u00b0C na v\u0161etk\u00fdch pozorovan\u00fdch AMS.\" data-image-description=\"\" data-image-caption=\"\" data-large-file=\"https:\/\/blog.laviny.sk\/wp-content\/uploads\/2014\/11\/24-27-11-1024x613.png\" \/><\/a>\n\t\t\t<\/dt><\/dl><br style=\"clear: both\" \/><dl class='gallery-item'>\n\t\t\t<dt class='gallery-icon landscape'>\n\t\t\t\t<a href='https:\/\/blog.laviny.sk\/?attachment_id=957#main'><img loading=\"lazy\" decoding=\"async\" width=\"700\" height=\"394\" src=\"https:\/\/blog.laviny.sk\/wp-content\/uploads\/2014\/11\/043-1024x576.jpg\" class=\"attachment-large size-large\" alt=\"\" srcset=\"https:\/\/blog.laviny.sk\/wp-content\/uploads\/2014\/11\/043-1024x576.jpg 1024w, https:\/\/blog.laviny.sk\/wp-content\/uploads\/2014\/11\/043-300x169.jpg 300w, https:\/\/blog.laviny.sk\/wp-content\/uploads\/2014\/11\/043-768x432.jpg 768w, https:\/\/blog.laviny.sk\/wp-content\/uploads\/2014\/11\/043-460x260.jpg 460w, https:\/\/blog.laviny.sk\/wp-content\/uploads\/2014\/11\/043.jpg 1280w\" sizes=\"auto, (max-width: 700px) 100vw, 700px\" data-attachment-id=\"957\" data-permalink=\"https:\/\/blog.laviny.sk\/?attachment_id=957#main\" data-orig-file=\"https:\/\/blog.laviny.sk\/wp-content\/uploads\/2014\/11\/043.jpg\" data-orig-size=\"1280,720\" data-comments-opened=\"0\" data-image-meta=\"{&quot;aperture&quot;:&quot;0&quot;,&quot;credit&quot;:&quot;&quot;,&quot;camera&quot;:&quot;&quot;,&quot;caption&quot;:&quot;&quot;,&quot;created_timestamp&quot;:&quot;0&quot;,&quot;copyright&quot;:&quot;&quot;,&quot;focal_length&quot;:&quot;0&quot;,&quot;iso&quot;:&quot;0&quot;,&quot;shutter_speed&quot;:&quot;0&quot;,&quot;title&quot;:&quot;&quot;,&quot;orientation&quot;:&quot;0&quot;}\" data-image-title=\"Spont\u00e1nne splazy a mal\u00e9 lav\u00edny v oblati Troch k\u00f4p a Smutn\u00e9ho sedla, \u017diarska dolina, 27. marec 2014\" data-image-description=\"\" data-image-caption=\"\" data-large-file=\"https:\/\/blog.laviny.sk\/wp-content\/uploads\/2014\/11\/043-1024x576.jpg\" \/><\/a>\n\t\t\t<\/dt><\/dl><dl class='gallery-item'>\n\t\t\t<dt class='gallery-icon landscape'>\n\t\t\t\t<a href='https:\/\/blog.laviny.sk\/?attachment_id=955#main'><img loading=\"lazy\" decoding=\"async\" width=\"700\" height=\"422\" src=\"https:\/\/blog.laviny.sk\/wp-content\/uploads\/2014\/11\/01-1-1024x618.png\" class=\"attachment-large size-large\" alt=\"\" srcset=\"https:\/\/blog.laviny.sk\/wp-content\/uploads\/2014\/11\/01-1-1024x618.png 1024w, https:\/\/blog.laviny.sk\/wp-content\/uploads\/2014\/11\/01-1-300x181.png 300w, https:\/\/blog.laviny.sk\/wp-content\/uploads\/2014\/11\/01-1-768x464.png 768w, https:\/\/blog.laviny.sk\/wp-content\/uploads\/2014\/11\/01-1.png 1191w\" sizes=\"auto, (max-width: 700px) 100vw, 700px\" data-attachment-id=\"955\" data-permalink=\"https:\/\/blog.laviny.sk\/?attachment_id=955#main\" data-orig-file=\"https:\/\/blog.laviny.sk\/wp-content\/uploads\/2014\/11\/01-1.png\" data-orig-size=\"1191,719\" data-comments-opened=\"0\" data-image-meta=\"{&quot;aperture&quot;:&quot;0&quot;,&quot;credit&quot;:&quot;&quot;,&quot;camera&quot;:&quot;&quot;,&quot;caption&quot;:&quot;&quot;,&quot;created_timestamp&quot;:&quot;0&quot;,&quot;copyright&quot;:&quot;&quot;,&quot;focal_length&quot;:&quot;0&quot;,&quot;iso&quot;:&quot;0&quot;,&quot;shutter_speed&quot;:&quot;0&quot;,&quot;title&quot;:&quot;&quot;,&quot;orientation&quot;:&quot;0&quot;}\" data-image-title=\"Priebeh teploty vzduchu na AMS Hrub\u00e1 kopa (1820 m n. m.)\" data-image-description=\"\" data-image-caption=\"\" data-large-file=\"https:\/\/blog.laviny.sk\/wp-content\/uploads\/2014\/11\/01-1-1024x618.png\" \/><\/a>\n\t\t\t<\/dt><\/dl><br style=\"clear: both\" \/>\n\t\t<\/div>\n\n<p style=\"text-align: justify;\">K\u00fdm na ju\u017en\u00fdch svahoch hrozia splazy a\u00a0mal\u00e9 lav\u00edny z\u00a0mokr\u00e9ho snehu, na severne, severov\u00fdchodne a\u00a0severoz\u00e1padne orientovan\u00fdch svahoch je sneh st\u00e1le nepreroben\u00fd a\u00a0v\u00a0snehovej pokr\u00fdvke sa tak nach\u00e1dzaj\u00fa nebezpe\u010dn\u00e9 vrstvy pohybliv\u00e9ho snehu. V\u00a0miestach, kde sa sformovali snehov\u00e9 vank\u00fa\u0161e a\u00a0dosky, sa tak u\u017e pri men\u0161om dodato\u010dnom za\u0165a\u017een\u00ed m\u00f4\u017eu uvo\u013eni\u0165 lav\u00edny. Vo \u0161tvrtok v\u00a0dopolud\u0148aj\u0161\u00edch hodin\u00e1ch sa pr\u00e1ve v\u00a0takomto severnom sektore, pri lezen\u00ed Po\u013eskej cesty na Rysy z\u00a0\u0164a\u017ekej doliny, uvo\u013enila lav\u00edna, ktor\u00e1 strhla a zranila dvoch horolezcov. Viac info o\u00a0lav\u00ednovej nehode n\u00e1jdete <a href=\"http:\/\/hzsslp.blogspot.sk\/2014\/03\/lavinova-nehoda-v-severovychodnej-stene.html\">tu<\/a>.<\/p>\n\n\t\t<style type=\"text\/css\">\n\t\t\t#gallery-3 {\n\t\t\t\tmargin: auto;\n\t\t\t}\n\t\t\t#gallery-3 .gallery-item {\n\t\t\t\tfloat: left;\n\t\t\t\tmargin-top: 10px;\n\t\t\t\ttext-align: center;\n\t\t\t\twidth: 33%;\n\t\t\t}\n\t\t\t#gallery-3 img {\n\t\t\t\tborder: 2px solid #cfcfcf;\n\t\t\t}\n\t\t\t#gallery-3 .gallery-caption {\n\t\t\t\tmargin-left: 0;\n\t\t\t}\n\t\t\t\/* see gallery_shortcode() in wp-includes\/media.php *\/\n\t\t<\/style>\n\t\t<div data-carousel-extra='{&quot;blog_id&quot;:1,&quot;permalink&quot;:&quot;https:\/\/blog.laviny.sk\/?p=953&quot;}' id='gallery-3' class='gallery galleryid-953 gallery-columns-3 gallery-size-medium'><dl class='gallery-item'>\n\t\t\t<dt class='gallery-icon portrait'>\n\t\t\t\t<a href='https:\/\/blog.laviny.sk\/?attachment_id=959#main'><img loading=\"lazy\" decoding=\"async\" width=\"225\" height=\"300\" src=\"https:\/\/blog.laviny.sk\/wp-content\/uploads\/2014\/11\/20140327_1154191-225x300.jpg\" class=\"attachment-medium size-medium\" alt=\"\" srcset=\"https:\/\/blog.laviny.sk\/wp-content\/uploads\/2014\/11\/20140327_1154191-225x300.jpg 225w, https:\/\/blog.laviny.sk\/wp-content\/uploads\/2014\/11\/20140327_1154191.jpg 600w\" sizes=\"auto, (max-width: 225px) 100vw, 225px\" data-attachment-id=\"959\" data-permalink=\"https:\/\/blog.laviny.sk\/?attachment_id=959#main\" data-orig-file=\"https:\/\/blog.laviny.sk\/wp-content\/uploads\/2014\/11\/20140327_1154191.jpg\" data-orig-size=\"600,800\" data-comments-opened=\"0\" data-image-meta=\"{&quot;aperture&quot;:&quot;0&quot;,&quot;credit&quot;:&quot;&quot;,&quot;camera&quot;:&quot;&quot;,&quot;caption&quot;:&quot;&quot;,&quot;created_timestamp&quot;:&quot;0&quot;,&quot;copyright&quot;:&quot;&quot;,&quot;focal_length&quot;:&quot;0&quot;,&quot;iso&quot;:&quot;0&quot;,&quot;shutter_speed&quot;:&quot;0&quot;,&quot;title&quot;:&quot;&quot;,&quot;orientation&quot;:&quot;0&quot;}\" data-image-title=\"N\u00e1nos lav\u00edny pod Rysmi, \u0164a\u017ek\u00e1 dolina, 27. marec 2014\" data-image-description=\"\" data-image-caption=\"\" data-large-file=\"https:\/\/blog.laviny.sk\/wp-content\/uploads\/2014\/11\/20140327_1154191.jpg\" \/><\/a>\n\t\t\t<\/dt><\/dl><dl class='gallery-item'>\n\t\t\t<dt class='gallery-icon portrait'>\n\t\t\t\t<a href='https:\/\/blog.laviny.sk\/?attachment_id=960#main'><img loading=\"lazy\" decoding=\"async\" width=\"225\" height=\"300\" src=\"https:\/\/blog.laviny.sk\/wp-content\/uploads\/2014\/11\/20140327_1154251-225x300.jpg\" class=\"attachment-medium size-medium\" alt=\"\" srcset=\"https:\/\/blog.laviny.sk\/wp-content\/uploads\/2014\/11\/20140327_1154251-225x300.jpg 225w, https:\/\/blog.laviny.sk\/wp-content\/uploads\/2014\/11\/20140327_1154251.jpg 600w\" sizes=\"auto, (max-width: 225px) 100vw, 225px\" data-attachment-id=\"960\" data-permalink=\"https:\/\/blog.laviny.sk\/?attachment_id=960#main\" data-orig-file=\"https:\/\/blog.laviny.sk\/wp-content\/uploads\/2014\/11\/20140327_1154251.jpg\" data-orig-size=\"600,800\" data-comments-opened=\"0\" data-image-meta=\"{&quot;aperture&quot;:&quot;0&quot;,&quot;credit&quot;:&quot;&quot;,&quot;camera&quot;:&quot;&quot;,&quot;caption&quot;:&quot;&quot;,&quot;created_timestamp&quot;:&quot;0&quot;,&quot;copyright&quot;:&quot;&quot;,&quot;focal_length&quot;:&quot;0&quot;,&quot;iso&quot;:&quot;0&quot;,&quot;shutter_speed&quot;:&quot;0&quot;,&quot;title&quot;:&quot;&quot;,&quot;orientation&quot;:&quot;0&quot;}\" data-image-title=\"Spont\u00e1nne splazy a mal\u00e9 lav\u00edny v \u0164a\u017ekej doline, 27. marec 2014\" data-image-description=\"\" data-image-caption=\"\" data-large-file=\"https:\/\/blog.laviny.sk\/wp-content\/uploads\/2014\/11\/20140327_1154251.jpg\" \/><\/a>\n\t\t\t<\/dt><\/dl><dl class='gallery-item'>\n\t\t\t<dt class='gallery-icon portrait'>\n\t\t\t\t<a href='https:\/\/blog.laviny.sk\/?attachment_id=961#main'><img loading=\"lazy\" decoding=\"async\" width=\"225\" height=\"300\" src=\"https:\/\/blog.laviny.sk\/wp-content\/uploads\/2014\/11\/20140327_1154371-225x300.jpg\" class=\"attachment-medium size-medium\" alt=\"\" srcset=\"https:\/\/blog.laviny.sk\/wp-content\/uploads\/2014\/11\/20140327_1154371-225x300.jpg 225w, https:\/\/blog.laviny.sk\/wp-content\/uploads\/2014\/11\/20140327_1154371.jpg 600w\" sizes=\"auto, (max-width: 225px) 100vw, 225px\" data-attachment-id=\"961\" data-permalink=\"https:\/\/blog.laviny.sk\/?attachment_id=961#main\" data-orig-file=\"https:\/\/blog.laviny.sk\/wp-content\/uploads\/2014\/11\/20140327_1154371.jpg\" data-orig-size=\"600,800\" data-comments-opened=\"0\" data-image-meta=\"{&quot;aperture&quot;:&quot;0&quot;,&quot;credit&quot;:&quot;&quot;,&quot;camera&quot;:&quot;&quot;,&quot;caption&quot;:&quot;&quot;,&quot;created_timestamp&quot;:&quot;0&quot;,&quot;copyright&quot;:&quot;&quot;,&quot;focal_length&quot;:&quot;0&quot;,&quot;iso&quot;:&quot;0&quot;,&quot;shutter_speed&quot;:&quot;0&quot;,&quot;title&quot;:&quot;&quot;,&quot;orientation&quot;:&quot;0&quot;}\" data-image-title=\"Severn\u00e1 stena Ganku, 27. marec 2014\" data-image-description=\"\" data-image-caption=\"\" data-large-file=\"https:\/\/blog.laviny.sk\/wp-content\/uploads\/2014\/11\/20140327_1154371.jpg\" \/><\/a>\n\t\t\t<\/dt><\/dl><br style=\"clear: both\" \/>\n\t\t<\/div>\n\n<p style=\"text-align: justify;\">Lav\u00ednov\u00e9 nebezpe\u010denstvo tak nadob\u00fada ve\u013emi lok\u00e1lny a\u00a0variabiln\u00fd charakter. Vo v\u0161eobecnosti je v\u0161ak snehov\u00e1 pokr\u00fdvka dobre spevnen\u00e1.<\/p>\n<p style=\"text-align: justify;\"><strong>Predpove\u010f po\u010dasia na v\u00edkend:<\/strong><br \/>\nCel\u00e1 tatransk\u00e1 oblas\u0165 sa cez v\u00edkend bude nach\u00e1dza\u0165 v\u00a0rozsiahlej oblasti vy\u0161\u0161ieho tlaku, \u010di\u017ee o\u010dak\u00e1vame pekn\u00e9, slne\u010dn\u00e9 a\u00a0jasn\u00e9 po\u010dasie. Iba zr\u00e1na na podhor\u00ed miestami hmlisto, pr\u00edpadne n\u00edzka obla\u010dnos\u0165. F\u00faka\u0165 bude iba slab\u00fd a\u017e mierny vietor severoz\u00e1padn\u00fdch smerov. Na\u010falej bude pomerne teplo, dokonca aj teplota vo v\u00fd\u0161kach okolo 2000 m n. m. bude pomerne vysok\u00e1, maxim\u00e1lna teplota by v\u00a0t\u00fdchto lokalit\u00e1ch mohla vyst\u00fapi\u0165 a\u017e na +8\u00b0C. V\u00a0najvy\u0161\u0161\u00edch poloh\u00e1ch Vysok\u00fdch Tatier sa bude teplota pohybova\u0165 okolo 0\u00b0C.<\/p>\n","protected":false},"excerpt":{"rendered":"<p>Za\u010diatkom t\u00fd\u017ed\u0148a doznieval prechod studen\u00e9ho frontu, s\u00a0ktor\u00fdm boli spojen\u00e9 intenz\u00edvne zr\u00e1\u017eky, najm\u00e4 v\u00a0N\u00edzkych Tatr\u00e1ch. V\u00a0Jasnej sme 24. marca r\u00e1no zaznamenali 46 mm, na Chopku 32 mm zr\u00e1\u017eok. Tieto zr\u00e1\u017eky v\u0161ak mali charakter sne\u017eenia a\u017e od nadmorskej v\u00fd\u0161ky pribli\u017ene 1600 m n. m. V\u00a0ni\u017e\u0161\u00edch poloh\u00e1ch a\u00a0na podhor\u00ed to bol iba d\u00e1\u017e\u010f, pr\u00edpadne d\u00e1\u017e\u010f so snehom. V\u00a0najvy\u0161\u0161\u00edch&hellip;<\/p>\n","protected":false},"author":1,"featured_media":962,"comment_status":"closed","ping_status":"closed","sticky":false,"template":"","format":"standard","meta":{"jetpack_post_was_ever_published":false,"_jetpack_newsletter_access":"","_jetpack_dont_email_post_to_subs":false,"_jetpack_newsletter_tier_id":0,"_jetpack_memberships_contains_paywalled_content":false,"_jetpack_memberships_contains_paid_content":false,"footnotes":"","jetpack_publicize_message":"","jetpack_publicize_feature_enabled":true,"jetpack_social_post_already_shared":true,"jetpack_social_options":{"image_generator_settings":{"template":"highway","default_image_id":0,"font":"","enabled":false},"version":2}},"categories":[4],"tags":[66,67,123,154,197,202,214],"class_list":["post-953","post","type-post","status-publish","format-standard","has-post-thumbnail","hentry","category-pocasie-sneh-a-laviny","tag-lavina","tag-lavinova-nehoda","tag-pocasie","tag-sneh","tag-vysoke-tatry","tag-zapadne-tatry","tag-ziarska-dolina"],"jetpack_publicize_connections":[],"jetpack_featured_media_url":"https:\/\/blog.laviny.sk\/wp-content\/uploads\/2014\/11\/porovnanie11.png","jetpack_sharing_enabled":true,"jetpack_shortlink":"https:\/\/wp.me\/p8DxWh-fn","jetpack-related-posts":[],"_links":{"self":[{"href":"https:\/\/blog.laviny.sk\/index.php?rest_route=\/wp\/v2\/posts\/953","targetHints":{"allow":["GET"]}}],"collection":[{"href":"https:\/\/blog.laviny.sk\/index.php?rest_route=\/wp\/v2\/posts"}],"about":[{"href":"https:\/\/blog.laviny.sk\/index.php?rest_route=\/wp\/v2\/types\/post"}],"author":[{"embeddable":true,"href":"https:\/\/blog.laviny.sk\/index.php?rest_route=\/wp\/v2\/users\/1"}],"replies":[{"embeddable":true,"href":"https:\/\/blog.laviny.sk\/index.php?rest_route=%2Fwp%2Fv2%2Fcomments&post=953"}],"version-history":[{"count":1,"href":"https:\/\/blog.laviny.sk\/index.php?rest_route=\/wp\/v2\/posts\/953\/revisions"}],"predecessor-version":[{"id":5096,"href":"https:\/\/blog.laviny.sk\/index.php?rest_route=\/wp\/v2\/posts\/953\/revisions\/5096"}],"wp:featuredmedia":[{"embeddable":true,"href":"https:\/\/blog.laviny.sk\/index.php?rest_route=\/wp\/v2\/media\/962"}],"wp:attachment":[{"href":"https:\/\/blog.laviny.sk\/index.php?rest_route=%2Fwp%2Fv2%2Fmedia&parent=953"}],"wp:term":[{"taxonomy":"category","embeddable":true,"href":"https:\/\/blog.laviny.sk\/index.php?rest_route=%2Fwp%2Fv2%2Fcategories&post=953"},{"taxonomy":"post_tag","embeddable":true,"href":"https:\/\/blog.laviny.sk\/index.php?rest_route=%2Fwp%2Fv2%2Ftags&post=953"}],"curies":[{"name":"wp","href":"https:\/\/api.w.org\/{rel}","templated":true}]}}