{"id":889,"date":"2014-03-21T13:29:15","date_gmt":"2014-03-21T12:29:15","guid":{"rendered":"http:\/\/slphzs.wordpress.com\/?p=889"},"modified":"2017-04-19T14:33:09","modified_gmt":"2017-04-19T12:33:09","slug":"priebeh-pocasia-a-vyvoj-snehovej-pokryvky-od-15-do-21-marca-2014","status":"publish","type":"post","link":"https:\/\/blog.laviny.sk\/?p=889","title":{"rendered":"Priebeh po\u010dasia a v\u00fdvoj snehovej pokr\u00fdvky od 15. do 21. marca 2014"},"content":{"rendered":"<p style=\"text-align: justify;\">Po\u010das v\u00edkendu (15. \u2013 16. 3 2014) sme zaznamenali v\u00fdrazn\u00fa zmenu v\u00a0po\u010das\u00ed. Priebeh po\u010dasia bol po\u010das t\u00fd\u017ed\u0148a ovplyvnen\u00fd mohutnou tlakovou v\u00fd\u0161ou, \u010do sa prejavilo stabiln\u00fdm, slne\u010dn\u00fdm, nadpriemerne tepl\u00fdm a\u00a0takmer bezvetern\u00fdm po\u010das\u00edm. V\u00a0sobotu (15. 3 2014) za\u010dal nad na\u0161e \u00fazemie v\u00a0silnom severoz\u00e1padnom pr\u00faden\u00ed postupova\u0165 viacer\u00e9 front\u00e1lne syst\u00e9my, ktor\u00e9 sa v\u00fdrazne prejavili zv\u00e4\u010d\u0161enou obla\u010dnos\u0165ou, zr\u00e1\u017ekami a\u00a0siln\u00fdm vetrom. Front\u00e1lna obla\u010dnos\u0165 za\u010dala Slovenskom prech\u00e1dza\u0165 v\u00a0sobotu dopoludnia. S\u00a0t\u00fdmto frontom bol spojen\u00fd aj ve\u013emi siln\u00fd n\u00e1razov\u00fd vietor, ktor\u00fd v\u00a0exponovan\u00fdch poloh\u00e1ch dosahoval miestami silu v\u00edchrice a\u017e silnej v\u00edchrice. V\u00a0oblasti Z\u00e1padn\u00fdch, Vysok\u00fdch, Belianskych a\u00a0N\u00edzkych Tatier a\u00a0taktie\u017e v\u00a0Malej a\u00a0Ve\u013ekej Fatry a\u00a0v Oravsk\u00fdch Beskyd\u00e1ch bol na v\u00edkend vyhl\u00e1sen\u00fd najvy\u0161\u0161\u00ed stupe\u0148 v\u00fdstrahy na vietor. Uveden\u00e1 v\u00fdstrahy sa nakoniec cez v\u00edkend v\u00a0plnom rozsahu aj potvrdili. Na hor\u00e1ch intenz\u00edvne sne\u017eilo a\u00a0f\u00fakal siln\u00fd severoz\u00e1padn\u00fd a\u017e z\u00e1padn\u00fd vietor, ktor\u00fd dosahoval v\u00a0n\u00e1razoch r\u00fdchlos\u0165 \u010dasto cez 30 m\/s (110 km\/hod).<\/p>\n\n\t\t<style type=\"text\/css\">\n\t\t\t#gallery-1 {\n\t\t\t\tmargin: auto;\n\t\t\t}\n\t\t\t#gallery-1 .gallery-item {\n\t\t\t\tfloat: left;\n\t\t\t\tmargin-top: 10px;\n\t\t\t\ttext-align: center;\n\t\t\t\twidth: 33%;\n\t\t\t}\n\t\t\t#gallery-1 img {\n\t\t\t\tborder: 2px solid #cfcfcf;\n\t\t\t}\n\t\t\t#gallery-1 .gallery-caption {\n\t\t\t\tmargin-left: 0;\n\t\t\t}\n\t\t\t\/* see gallery_shortcode() in wp-includes\/media.php *\/\n\t\t<\/style>\n\t\t<div data-carousel-extra='{&quot;blog_id&quot;:1,&quot;permalink&quot;:&quot;https:\/\/blog.laviny.sk\/?p=889&quot;}' id='gallery-1' class='gallery galleryid-889 gallery-columns-3 gallery-size-large'><dl class='gallery-item'>\n\t\t\t<dt class='gallery-icon landscape'>\n\t\t\t\t<a href='https:\/\/blog.laviny.sk\/?attachment_id=890#main'><img loading=\"lazy\" decoding=\"async\" width=\"700\" height=\"525\" src=\"https:\/\/blog.laviny.sk\/wp-content\/uploads\/2014\/11\/p1290018-1024x768.jpg\" class=\"attachment-large size-large\" alt=\"\" srcset=\"https:\/\/blog.laviny.sk\/wp-content\/uploads\/2014\/11\/p1290018-1024x768.jpg 1024w, https:\/\/blog.laviny.sk\/wp-content\/uploads\/2014\/11\/p1290018-300x225.jpg 300w, https:\/\/blog.laviny.sk\/wp-content\/uploads\/2014\/11\/p1290018-768x576.jpg 768w, https:\/\/blog.laviny.sk\/wp-content\/uploads\/2014\/11\/p1290018-1536x1152.jpg 1536w, https:\/\/blog.laviny.sk\/wp-content\/uploads\/2014\/11\/p1290018.jpg 1600w\" sizes=\"auto, (max-width: 700px) 100vw, 700px\" data-attachment-id=\"890\" data-permalink=\"https:\/\/blog.laviny.sk\/?attachment_id=890#main\" data-orig-file=\"https:\/\/blog.laviny.sk\/wp-content\/uploads\/2014\/11\/p1290018.jpg\" data-orig-size=\"1600,1200\" data-comments-opened=\"0\" data-image-meta=\"{&quot;aperture&quot;:&quot;0&quot;,&quot;credit&quot;:&quot;&quot;,&quot;camera&quot;:&quot;&quot;,&quot;caption&quot;:&quot;&quot;,&quot;created_timestamp&quot;:&quot;0&quot;,&quot;copyright&quot;:&quot;&quot;,&quot;focal_length&quot;:&quot;0&quot;,&quot;iso&quot;:&quot;0&quot;,&quot;shutter_speed&quot;:&quot;0&quot;,&quot;title&quot;:&quot;&quot;,&quot;orientation&quot;:&quot;0&quot;}\" data-image-title=\"N\u00e1mraza na severn\u00fdch sten\u00e1ch, 18. marec 2014\" data-image-description=\"\" data-image-caption=\"\" data-large-file=\"https:\/\/blog.laviny.sk\/wp-content\/uploads\/2014\/11\/p1290018-1024x768.jpg\" \/><\/a>\n\t\t\t<\/dt><\/dl><dl class='gallery-item'>\n\t\t\t<dt class='gallery-icon landscape'>\n\t\t\t\t<a href='https:\/\/blog.laviny.sk\/?attachment_id=891#main'><img loading=\"lazy\" decoding=\"async\" width=\"700\" height=\"525\" src=\"https:\/\/blog.laviny.sk\/wp-content\/uploads\/2014\/11\/p1290007-1024x768.jpg\" class=\"attachment-large size-large\" alt=\"\" srcset=\"https:\/\/blog.laviny.sk\/wp-content\/uploads\/2014\/11\/p1290007-1024x768.jpg 1024w, https:\/\/blog.laviny.sk\/wp-content\/uploads\/2014\/11\/p1290007-300x225.jpg 300w, https:\/\/blog.laviny.sk\/wp-content\/uploads\/2014\/11\/p1290007-768x576.jpg 768w, https:\/\/blog.laviny.sk\/wp-content\/uploads\/2014\/11\/p1290007-1536x1152.jpg 1536w, https:\/\/blog.laviny.sk\/wp-content\/uploads\/2014\/11\/p1290007.jpg 1600w\" sizes=\"auto, (max-width: 700px) 100vw, 700px\" data-attachment-id=\"891\" data-permalink=\"https:\/\/blog.laviny.sk\/?attachment_id=891#main\" data-orig-file=\"https:\/\/blog.laviny.sk\/wp-content\/uploads\/2014\/11\/p1290007.jpg\" data-orig-size=\"1600,1200\" data-comments-opened=\"0\" data-image-meta=\"{&quot;aperture&quot;:&quot;0&quot;,&quot;credit&quot;:&quot;&quot;,&quot;camera&quot;:&quot;&quot;,&quot;caption&quot;:&quot;&quot;,&quot;created_timestamp&quot;:&quot;0&quot;,&quot;copyright&quot;:&quot;&quot;,&quot;focal_length&quot;:&quot;0&quot;,&quot;iso&quot;:&quot;0&quot;,&quot;shutter_speed&quot;:&quot;0&quot;,&quot;title&quot;:&quot;&quot;,&quot;orientation&quot;:&quot;0&quot;}\" data-image-title=\"Zna\u010dn\u00e9 rozdiely v kvalite aj v\u00fd\u0161ke snehovej pokr\u00fdvky, Gener\u00e1l, Ve\u013ek\u00e1 studen\u00e1 dolina, 18. marec 2014\" data-image-description=\"\" data-image-caption=\"\" data-large-file=\"https:\/\/blog.laviny.sk\/wp-content\/uploads\/2014\/11\/p1290007-1024x768.jpg\" \/><\/a>\n\t\t\t<\/dt><\/dl><dl class='gallery-item'>\n\t\t\t<dt class='gallery-icon landscape'>\n\t\t\t\t<a href='https:\/\/blog.laviny.sk\/?attachment_id=892#main'><img loading=\"lazy\" decoding=\"async\" width=\"700\" height=\"525\" src=\"https:\/\/blog.laviny.sk\/wp-content\/uploads\/2014\/11\/p1290015-1024x768.jpg\" class=\"attachment-large size-large\" alt=\"\" srcset=\"https:\/\/blog.laviny.sk\/wp-content\/uploads\/2014\/11\/p1290015-1024x768.jpg 1024w, https:\/\/blog.laviny.sk\/wp-content\/uploads\/2014\/11\/p1290015-300x225.jpg 300w, https:\/\/blog.laviny.sk\/wp-content\/uploads\/2014\/11\/p1290015-768x576.jpg 768w, https:\/\/blog.laviny.sk\/wp-content\/uploads\/2014\/11\/p1290015-1536x1152.jpg 1536w, https:\/\/blog.laviny.sk\/wp-content\/uploads\/2014\/11\/p1290015.jpg 1600w\" sizes=\"auto, (max-width: 700px) 100vw, 700px\" data-attachment-id=\"892\" data-permalink=\"https:\/\/blog.laviny.sk\/?attachment_id=892#main\" data-orig-file=\"https:\/\/blog.laviny.sk\/wp-content\/uploads\/2014\/11\/p1290015.jpg\" data-orig-size=\"1600,1200\" data-comments-opened=\"0\" data-image-meta=\"{&quot;aperture&quot;:&quot;0&quot;,&quot;credit&quot;:&quot;&quot;,&quot;camera&quot;:&quot;&quot;,&quot;caption&quot;:&quot;&quot;,&quot;created_timestamp&quot;:&quot;0&quot;,&quot;copyright&quot;:&quot;&quot;,&quot;focal_length&quot;:&quot;0&quot;,&quot;iso&quot;:&quot;0&quot;,&quot;shutter_speed&quot;:&quot;0&quot;,&quot;title&quot;:&quot;&quot;,&quot;orientation&quot;:&quot;0&quot;}\" data-image-title=\"Tvrd\u00e9 snehov\u00e9 dosky pod Zbojn\u00edckou chatou, 18. marec 2014\" data-image-description=\"\" data-image-caption=\"\" data-large-file=\"https:\/\/blog.laviny.sk\/wp-content\/uploads\/2014\/11\/p1290015-1024x768.jpg\" \/><\/a>\n\t\t\t<\/dt><\/dl><br style=\"clear: both\" \/><dl class='gallery-item'>\n\t\t\t<dt class='gallery-icon landscape'>\n\t\t\t\t<a href='https:\/\/blog.laviny.sk\/?attachment_id=893#main'><img loading=\"lazy\" decoding=\"async\" width=\"700\" height=\"525\" src=\"https:\/\/blog.laviny.sk\/wp-content\/uploads\/2014\/11\/p1290032-1024x768.jpg\" class=\"attachment-large size-large\" alt=\"\" srcset=\"https:\/\/blog.laviny.sk\/wp-content\/uploads\/2014\/11\/p1290032-1024x768.jpg 1024w, https:\/\/blog.laviny.sk\/wp-content\/uploads\/2014\/11\/p1290032-300x225.jpg 300w, https:\/\/blog.laviny.sk\/wp-content\/uploads\/2014\/11\/p1290032-768x576.jpg 768w, https:\/\/blog.laviny.sk\/wp-content\/uploads\/2014\/11\/p1290032-1536x1152.jpg 1536w, https:\/\/blog.laviny.sk\/wp-content\/uploads\/2014\/11\/p1290032.jpg 1600w\" sizes=\"auto, (max-width: 700px) 100vw, 700px\" data-attachment-id=\"893\" data-permalink=\"https:\/\/blog.laviny.sk\/?attachment_id=893#main\" data-orig-file=\"https:\/\/blog.laviny.sk\/wp-content\/uploads\/2014\/11\/p1290032.jpg\" data-orig-size=\"1600,1200\" data-comments-opened=\"0\" data-image-meta=\"{&quot;aperture&quot;:&quot;0&quot;,&quot;credit&quot;:&quot;&quot;,&quot;camera&quot;:&quot;&quot;,&quot;caption&quot;:&quot;&quot;,&quot;created_timestamp&quot;:&quot;0&quot;,&quot;copyright&quot;:&quot;&quot;,&quot;focal_length&quot;:&quot;0&quot;,&quot;iso&quot;:&quot;0&quot;,&quot;shutter_speed&quot;:&quot;0&quot;,&quot;title&quot;:&quot;&quot;,&quot;orientation&quot;:&quot;0&quot;}\" data-image-title=\"Sneh z vy\u0161\u0161\u00edch pol\u00f4h bol silnou v\u00edchricou prenesen\u00fd do ni\u017e\u0161\u00edch pol\u00f4h, 18. marec 2014\" data-image-description=\"\" data-image-caption=\"\" data-large-file=\"https:\/\/blog.laviny.sk\/wp-content\/uploads\/2014\/11\/p1290032-1024x768.jpg\" \/><\/a>\n\t\t\t<\/dt><\/dl><dl class='gallery-item'>\n\t\t\t<dt class='gallery-icon landscape'>\n\t\t\t\t<a href='https:\/\/blog.laviny.sk\/?attachment_id=894#main'><img loading=\"lazy\" decoding=\"async\" width=\"700\" height=\"525\" src=\"https:\/\/blog.laviny.sk\/wp-content\/uploads\/2014\/11\/p1290027-1024x768.jpg\" class=\"attachment-large size-large\" alt=\"\" srcset=\"https:\/\/blog.laviny.sk\/wp-content\/uploads\/2014\/11\/p1290027-1024x768.jpg 1024w, https:\/\/blog.laviny.sk\/wp-content\/uploads\/2014\/11\/p1290027-300x225.jpg 300w, https:\/\/blog.laviny.sk\/wp-content\/uploads\/2014\/11\/p1290027-768x576.jpg 768w, https:\/\/blog.laviny.sk\/wp-content\/uploads\/2014\/11\/p1290027-1536x1152.jpg 1536w, https:\/\/blog.laviny.sk\/wp-content\/uploads\/2014\/11\/p1290027.jpg 1600w\" sizes=\"auto, (max-width: 700px) 100vw, 700px\" data-attachment-id=\"894\" data-permalink=\"https:\/\/blog.laviny.sk\/?attachment_id=894#main\" data-orig-file=\"https:\/\/blog.laviny.sk\/wp-content\/uploads\/2014\/11\/p1290027.jpg\" data-orig-size=\"1600,1200\" data-comments-opened=\"0\" data-image-meta=\"{&quot;aperture&quot;:&quot;0&quot;,&quot;credit&quot;:&quot;&quot;,&quot;camera&quot;:&quot;&quot;,&quot;caption&quot;:&quot;&quot;,&quot;created_timestamp&quot;:&quot;0&quot;,&quot;copyright&quot;:&quot;&quot;,&quot;focal_length&quot;:&quot;0&quot;,&quot;iso&quot;:&quot;0&quot;,&quot;shutter_speed&quot;:&quot;0&quot;,&quot;title&quot;:&quot;&quot;,&quot;orientation&quot;:&quot;0&quot;}\" data-image-title=\"Vyf\u00fakan\u00e9 snehov\u00e9 pl\u00e1ne pod sedlom Prielom, 18. marec 2014\" data-image-description=\"\" data-image-caption=\"\" data-large-file=\"https:\/\/blog.laviny.sk\/wp-content\/uploads\/2014\/11\/p1290027-1024x768.jpg\" \/><\/a>\n\t\t\t<\/dt><\/dl><dl class='gallery-item'>\n\t\t\t<dt class='gallery-icon landscape'>\n\t\t\t\t<a href='https:\/\/blog.laviny.sk\/?attachment_id=895#main'><img loading=\"lazy\" decoding=\"async\" width=\"700\" height=\"525\" src=\"https:\/\/blog.laviny.sk\/wp-content\/uploads\/2014\/11\/p1290022-1024x768.jpg\" class=\"attachment-large size-large\" alt=\"\" srcset=\"https:\/\/blog.laviny.sk\/wp-content\/uploads\/2014\/11\/p1290022-1024x768.jpg 1024w, https:\/\/blog.laviny.sk\/wp-content\/uploads\/2014\/11\/p1290022-300x225.jpg 300w, https:\/\/blog.laviny.sk\/wp-content\/uploads\/2014\/11\/p1290022-768x576.jpg 768w, https:\/\/blog.laviny.sk\/wp-content\/uploads\/2014\/11\/p1290022-1536x1152.jpg 1536w, https:\/\/blog.laviny.sk\/wp-content\/uploads\/2014\/11\/p1290022.jpg 1600w\" sizes=\"auto, (max-width: 700px) 100vw, 700px\" data-attachment-id=\"895\" data-permalink=\"https:\/\/blog.laviny.sk\/?attachment_id=895#main\" data-orig-file=\"https:\/\/blog.laviny.sk\/wp-content\/uploads\/2014\/11\/p1290022.jpg\" data-orig-size=\"1600,1200\" data-comments-opened=\"0\" data-image-meta=\"{&quot;aperture&quot;:&quot;0&quot;,&quot;credit&quot;:&quot;&quot;,&quot;camera&quot;:&quot;&quot;,&quot;caption&quot;:&quot;&quot;,&quot;created_timestamp&quot;:&quot;0&quot;,&quot;copyright&quot;:&quot;&quot;,&quot;focal_length&quot;:&quot;0&quot;,&quot;iso&quot;:&quot;0&quot;,&quot;shutter_speed&quot;:&quot;0&quot;,&quot;title&quot;:&quot;&quot;,&quot;orientation&quot;:&quot;0&quot;}\" data-image-title=\"Siln\u00e1 v\u00edchrica pokryla sneh skalou su\u0165ou, 18. marec 2014\" data-image-description=\"\" data-image-caption=\"\" data-large-file=\"https:\/\/blog.laviny.sk\/wp-content\/uploads\/2014\/11\/p1290022-1024x768.jpg\" \/><\/a>\n\t\t\t<\/dt><\/dl><br style=\"clear: both\" \/>\n\t\t<\/div>\n\n<p style=\"text-align: justify;\">V\u00a0nede\u013eu r\u00e1no sme zaznamenali v\u00a0oblasti Tatier 20 a\u017e 40 cm nov\u00e9ho snehu, v\u00a0ostatn\u00fdch pohoriach do 20 cm nov\u00e9ho snehu. Nov\u00fd sneh bol v\u0161ak vplyvom vetra ve\u013emi nerovnomerne rozmiestnen\u00fd a\u00a0bol previevan\u00fd najm\u00e4 na ju\u017en\u00e9, juhov\u00fdchodn\u00e9 a\u00a0v\u00fdchodn\u00e9 svahy. Tam sa tvorili nebezpe\u010dn\u00e9 snehov\u00e9 dosky, vank\u00fa\u0161e a\u00a0preveje. To malo za n\u00e1sledok zv\u00fd\u0161enie lav\u00ednov\u00e9ho nebezpe\u010denstva na 3. stupe\u0148 z\u00a05-dielnej medzin\u00e1rodnej stupnice. Uvo\u013enenie lav\u00edn bolo mo\u017en\u00e9 u\u017e pri malom dodato\u010dnom za\u0165a\u017een\u00ed a\u00a0o\u010dak\u00e1vali sa aj spont\u00e1nne lav\u00edny men\u0161\u00edch, aj v\u00e4\u010d\u0161\u00edch rozmerov, nako\u013eko snehov\u00e1 pokr\u00fdvka bola na mnoh\u00fdch miestach iba slabo spevnen\u00e1.<\/p>\n<p style=\"text-align: justify;\">V\u00a0t\u00fdchto extr\u00e9mne nepriazniv\u00fdch podmienkach sa na skialpinistick\u00fd prechod vybrala skupina piatich skialpinistov veden\u00e1 \u010desk\u00fdm horsk\u00fdm vodcom. V\u00a0sobotu v\u00a0podve\u010dern\u00fdch hodin\u00e1ch, pri sch\u00e1dzan\u00ed zo sedla Prielom do Ve\u013ekej studenej doliny k Zbojn\u00edckej chate, sa pod dvoma z\u00a0nich uvo\u013enila lav\u00edna. Jedn\u00e9ho \u010dlena skupiny zasypalo cel\u00e9ho, druh\u00fd bol zasypan\u00fd \u010diasto\u010dne a z n\u00e1nosu sa vyhrabal. Zasypan\u00e9ho mu\u017ea sa skialpinistom podarilo n\u00e1js\u0165 pomocou lav\u00ednov\u00e9ho vyh\u013ead\u00e1va\u010da a vyslobodi\u0165 z\u00a0lav\u00edny. Napriek ich r\u00fdchlej pomoci bol jeho zdravotn\u00fd stav kritick\u00fd a\u00a0pri transporte zahynul. Podmienky v hor\u00e1ch boli v\u00a0tomto \u010dase pre pohyb absol\u00fatne nepriazniv\u00e9. Na hrebe\u0148och h\u00f4r f\u00fakal ve\u013emi siln\u00fd vietor, ktor\u00fd dosahoval r\u00fdchlos\u0165 v n\u00e1razoch a\u017e 49 m\/s (Lomnick\u00fd \u0161t\u00edt \u2013 15.3.2014 medzi 16. a 17. hod. \u2013 vietor v n\u00e1razoch s r\u00fdchlos\u0165ou 30,3 m\/s, teplota vzduchu bola okolo -11\u00b0C. Viac info o\u00a0tejto lav\u00ednovej nehode n\u00e1jdete\u00a0<a href=\"http:\/\/slphzs.wordpress.com\/2014\/03\/15\/tragicky-koniec-tury-vo-velkej-studenej-doline-15-marec-2014\/\" target=\"_blank\">tu<\/a>\u00a0a <a href=\"http:\/\/slphzs.wordpress.com\/2014\/03\/19\/analyza-pricin-nestastia-vo-velkej-studenej-doline-15-marca-2014\/\" target=\"_blank\">tu.<\/a><\/p>\n\n\t\t<style type=\"text\/css\">\n\t\t\t#gallery-2 {\n\t\t\t\tmargin: auto;\n\t\t\t}\n\t\t\t#gallery-2 .gallery-item {\n\t\t\t\tfloat: left;\n\t\t\t\tmargin-top: 10px;\n\t\t\t\ttext-align: center;\n\t\t\t\twidth: 33%;\n\t\t\t}\n\t\t\t#gallery-2 img {\n\t\t\t\tborder: 2px solid #cfcfcf;\n\t\t\t}\n\t\t\t#gallery-2 .gallery-caption {\n\t\t\t\tmargin-left: 0;\n\t\t\t}\n\t\t\t\/* see gallery_shortcode() in wp-includes\/media.php *\/\n\t\t<\/style>\n\t\t<div data-carousel-extra='{&quot;blog_id&quot;:1,&quot;permalink&quot;:&quot;https:\/\/blog.laviny.sk\/?p=889&quot;}' id='gallery-2' class='gallery galleryid-889 gallery-columns-3 gallery-size-medium'><dl class='gallery-item'>\n\t\t\t<dt class='gallery-icon portrait'>\n\t\t\t\t<a href='https:\/\/blog.laviny.sk\/?attachment_id=896#main'><img loading=\"lazy\" decoding=\"async\" width=\"225\" height=\"300\" src=\"https:\/\/blog.laviny.sk\/wp-content\/uploads\/2014\/11\/p1290076-225x300.jpg\" class=\"attachment-medium size-medium\" alt=\"\" srcset=\"https:\/\/blog.laviny.sk\/wp-content\/uploads\/2014\/11\/p1290076-225x300.jpg 225w, https:\/\/blog.laviny.sk\/wp-content\/uploads\/2014\/11\/p1290076-768x1024.jpg 768w, https:\/\/blog.laviny.sk\/wp-content\/uploads\/2014\/11\/p1290076-1152x1536.jpg 1152w, https:\/\/blog.laviny.sk\/wp-content\/uploads\/2014\/11\/p1290076.jpg 1200w\" sizes=\"auto, (max-width: 225px) 100vw, 225px\" data-attachment-id=\"896\" data-permalink=\"https:\/\/blog.laviny.sk\/?attachment_id=896#main\" data-orig-file=\"https:\/\/blog.laviny.sk\/wp-content\/uploads\/2014\/11\/p1290076.jpg\" data-orig-size=\"1200,1600\" data-comments-opened=\"0\" data-image-meta=\"{&quot;aperture&quot;:&quot;0&quot;,&quot;credit&quot;:&quot;&quot;,&quot;camera&quot;:&quot;&quot;,&quot;caption&quot;:&quot;&quot;,&quot;created_timestamp&quot;:&quot;0&quot;,&quot;copyright&quot;:&quot;&quot;,&quot;focal_length&quot;:&quot;0&quot;,&quot;iso&quot;:&quot;0&quot;,&quot;shutter_speed&quot;:&quot;0&quot;,&quot;title&quot;:&quot;&quot;,&quot;orientation&quot;:&quot;0&quot;}\" data-image-title=\"AMS \u013dadov\u00e9 pleso, 18. marec 2014\" data-image-description=\"\" data-image-caption=\"\" data-large-file=\"https:\/\/blog.laviny.sk\/wp-content\/uploads\/2014\/11\/p1290076-768x1024.jpg\" \/><\/a>\n\t\t\t<\/dt><\/dl><dl class='gallery-item'>\n\t\t\t<dt class='gallery-icon portrait'>\n\t\t\t\t<a href='https:\/\/blog.laviny.sk\/?attachment_id=897#main'><img loading=\"lazy\" decoding=\"async\" width=\"225\" height=\"300\" src=\"https:\/\/blog.laviny.sk\/wp-content\/uploads\/2014\/11\/p1280996-225x300.jpg\" class=\"attachment-medium size-medium\" alt=\"\" srcset=\"https:\/\/blog.laviny.sk\/wp-content\/uploads\/2014\/11\/p1280996-225x300.jpg 225w, https:\/\/blog.laviny.sk\/wp-content\/uploads\/2014\/11\/p1280996-768x1024.jpg 768w, https:\/\/blog.laviny.sk\/wp-content\/uploads\/2014\/11\/p1280996-1152x1536.jpg 1152w, https:\/\/blog.laviny.sk\/wp-content\/uploads\/2014\/11\/p1280996.jpg 1200w\" sizes=\"auto, (max-width: 225px) 100vw, 225px\" data-attachment-id=\"897\" data-permalink=\"https:\/\/blog.laviny.sk\/?attachment_id=897#main\" data-orig-file=\"https:\/\/blog.laviny.sk\/wp-content\/uploads\/2014\/11\/p1280996.jpg\" data-orig-size=\"1200,1600\" data-comments-opened=\"0\" data-image-meta=\"{&quot;aperture&quot;:&quot;0&quot;,&quot;credit&quot;:&quot;&quot;,&quot;camera&quot;:&quot;&quot;,&quot;caption&quot;:&quot;&quot;,&quot;created_timestamp&quot;:&quot;0&quot;,&quot;copyright&quot;:&quot;&quot;,&quot;focal_length&quot;:&quot;0&quot;,&quot;iso&quot;:&quot;0&quot;,&quot;shutter_speed&quot;:&quot;0&quot;,&quot;title&quot;:&quot;&quot;,&quot;orientation&quot;:&quot;0&quot;}\" data-image-title=\"\u013dadop\u00e1dy v stene Slavkovsk\u00e9ho \u0161t\u00edtu, 18. marec 2014\" data-image-description=\"\" data-image-caption=\"\" data-large-file=\"https:\/\/blog.laviny.sk\/wp-content\/uploads\/2014\/11\/p1280996-768x1024.jpg\" \/><\/a>\n\t\t\t<\/dt><\/dl><dl class='gallery-item'>\n\t\t\t<dt class='gallery-icon portrait'>\n\t\t\t\t<a href='https:\/\/blog.laviny.sk\/?attachment_id=898#main'><img loading=\"lazy\" decoding=\"async\" width=\"271\" height=\"300\" src=\"https:\/\/blog.laviny.sk\/wp-content\/uploads\/2014\/11\/photo0015-1-271x300.jpg\" class=\"attachment-medium size-medium\" alt=\"\" srcset=\"https:\/\/blog.laviny.sk\/wp-content\/uploads\/2014\/11\/photo0015-1-271x300.jpg 271w, https:\/\/blog.laviny.sk\/wp-content\/uploads\/2014\/11\/photo0015-1.jpg 600w\" sizes=\"auto, (max-width: 271px) 100vw, 271px\" data-attachment-id=\"898\" data-permalink=\"https:\/\/blog.laviny.sk\/?attachment_id=898#main\" data-orig-file=\"https:\/\/blog.laviny.sk\/wp-content\/uploads\/2014\/11\/photo0015-1.jpg\" data-orig-size=\"600,663\" data-comments-opened=\"0\" data-image-meta=\"{&quot;aperture&quot;:&quot;0&quot;,&quot;credit&quot;:&quot;&quot;,&quot;camera&quot;:&quot;&quot;,&quot;caption&quot;:&quot;&quot;,&quot;created_timestamp&quot;:&quot;0&quot;,&quot;copyright&quot;:&quot;&quot;,&quot;focal_length&quot;:&quot;0&quot;,&quot;iso&quot;:&quot;0&quot;,&quot;shutter_speed&quot;:&quot;0&quot;,&quot;title&quot;:&quot;&quot;,&quot;orientation&quot;:&quot;0&quot;}\" data-image-title=\"Ve\u013ek\u00e1 studen\u00e1 dolina, 16. marec 2014\" data-image-description=\"\" data-image-caption=\"\" data-large-file=\"https:\/\/blog.laviny.sk\/wp-content\/uploads\/2014\/11\/photo0015-1.jpg\" \/><\/a>\n\t\t\t<\/dt><\/dl><br style=\"clear: both\" \/>\n\t\t<\/div>\n\n<p style=\"text-align: justify;\">Za\u010diatok t\u00fd\u017ed\u0148a bol st\u00e1le pod vplyvom front\u00e1lneho syst\u00e9mu, ktor\u00fd nad na\u0161e \u00fazemia pri\u0161iel cez v\u00edkend. Na hor\u00e1ch prevl\u00e1dalo zamra\u010den\u00e9, hmlist\u00e9 po\u010dasie, ktor\u00e9 bolo na mnoh\u00fdch miestach sprev\u00e1dzan\u00e9 slab\u00fdm sne\u017een\u00edm. V\u00a0pondelok r\u00e1no sme hlavne v\u00a0oblasti Vysok\u00fdch Tatier zaznamenali znovu 20 a\u017e 50 cm nov\u00e9ho snehu. Za posledn\u00fa peri\u00f3du sne\u017eenia (2 dni) tak pripadlo miestami a\u017e do 90 cm nov\u00e9ho snehu. V\u00a0ostatn\u00fdch pohoriach to bolo do 45 cm snehu. Zv\u00fd\u0161en\u00e9 lav\u00ednov\u00e9 nebezpe\u010denstvo pretrv\u00e1valo najm\u00e4 v\u00a0nadmorsk\u00fdch v\u00fd\u0161kach od 1600 m n. m. V\u00a0utorok a\u00a0v\u00a0stredu doznievali prejavy front\u00e1lneho syst\u00e9mu, pozvo\u013ene sa otep\u013eovalo a\u00a0zmen\u0161ovala sa obla\u010dnos\u0165. Zaznamenali sme u\u017e iba slab\u00e9 ob\u010dasn\u00e9 sne\u017eenie, pr\u00edpadne v\u00a0ni\u017e\u0161\u00edch horsk\u00fdch poloh\u00e1ch d\u00e1\u017e\u010f so snehom a\u017e d\u00e1\u017e\u010f. V\u00a0utorok (18. 3 2014) si skupina skialpinistov uvo\u013enila pomerne ve\u013ek\u00fa doskov\u00fa lav\u00ednu v\u00a0Tmavej\u00a0 Sp\u00e1lenej doline na Zubereckej strane Roh\u00e1\u010dov. Lav\u00ednu sp\u00f4sobilo ve\u013ek\u00e9 dodato\u010dn\u00e9 za\u0165a\u017eenie nestabilnej snehovej dosky. V\u00a0tomto pr\u00edpade to na\u0161\u0165astie skon\u010dilo bez v\u00e1\u017enej\u0161\u00edch zranen\u00ed.<\/p>\n\n\t\t<style type=\"text\/css\">\n\t\t\t#gallery-3 {\n\t\t\t\tmargin: auto;\n\t\t\t}\n\t\t\t#gallery-3 .gallery-item {\n\t\t\t\tfloat: left;\n\t\t\t\tmargin-top: 10px;\n\t\t\t\ttext-align: center;\n\t\t\t\twidth: 33%;\n\t\t\t}\n\t\t\t#gallery-3 img {\n\t\t\t\tborder: 2px solid #cfcfcf;\n\t\t\t}\n\t\t\t#gallery-3 .gallery-caption {\n\t\t\t\tmargin-left: 0;\n\t\t\t}\n\t\t\t\/* see gallery_shortcode() in wp-includes\/media.php *\/\n\t\t<\/style>\n\t\t<div data-carousel-extra='{&quot;blog_id&quot;:1,&quot;permalink&quot;:&quot;https:\/\/blog.laviny.sk\/?p=889&quot;}' id='gallery-3' class='gallery galleryid-889 gallery-columns-3 gallery-size-large'><dl class='gallery-item'>\n\t\t\t<dt class='gallery-icon landscape'>\n\t\t\t\t<a href='https:\/\/blog.laviny.sk\/?attachment_id=901#main'><img loading=\"lazy\" decoding=\"async\" width=\"700\" height=\"319\" src=\"https:\/\/blog.laviny.sk\/wp-content\/uploads\/2014\/11\/lp1-1024x466.png\" class=\"attachment-large size-large\" alt=\"\" srcset=\"https:\/\/blog.laviny.sk\/wp-content\/uploads\/2014\/11\/lp1-1024x466.png 1024w, https:\/\/blog.laviny.sk\/wp-content\/uploads\/2014\/11\/lp1-300x136.png 300w, https:\/\/blog.laviny.sk\/wp-content\/uploads\/2014\/11\/lp1-768x349.png 768w, https:\/\/blog.laviny.sk\/wp-content\/uploads\/2014\/11\/lp1.png 1271w\" sizes=\"auto, (max-width: 700px) 100vw, 700px\" data-attachment-id=\"901\" data-permalink=\"https:\/\/blog.laviny.sk\/?attachment_id=901#main\" data-orig-file=\"https:\/\/blog.laviny.sk\/wp-content\/uploads\/2014\/11\/lp1.png\" data-orig-size=\"1271,578\" data-comments-opened=\"0\" data-image-meta=\"{&quot;aperture&quot;:&quot;0&quot;,&quot;credit&quot;:&quot;&quot;,&quot;camera&quot;:&quot;&quot;,&quot;caption&quot;:&quot;&quot;,&quot;created_timestamp&quot;:&quot;0&quot;,&quot;copyright&quot;:&quot;&quot;,&quot;focal_length&quot;:&quot;0&quot;,&quot;iso&quot;:&quot;0&quot;,&quot;shutter_speed&quot;:&quot;0&quot;,&quot;title&quot;:&quot;&quot;,&quot;orientation&quot;:&quot;0&quot;}\" data-image-title=\"Meteo\u00fadaje z AMS \u013dadov\u00e9 pleso\" data-image-description=\"\" data-image-caption=\"\" data-large-file=\"https:\/\/blog.laviny.sk\/wp-content\/uploads\/2014\/11\/lp1-1024x466.png\" \/><\/a>\n\t\t\t<\/dt><\/dl><dl class='gallery-item'>\n\t\t\t<dt class='gallery-icon landscape'>\n\t\t\t\t<a href='https:\/\/blog.laviny.sk\/?attachment_id=900#main'><img loading=\"lazy\" decoding=\"async\" width=\"700\" height=\"340\" src=\"https:\/\/blog.laviny.sk\/wp-content\/uploads\/2014\/11\/panorama-1-1-1024x498.jpg\" class=\"attachment-large size-large\" alt=\"\" srcset=\"https:\/\/blog.laviny.sk\/wp-content\/uploads\/2014\/11\/panorama-1-1-1024x498.jpg 1024w, https:\/\/blog.laviny.sk\/wp-content\/uploads\/2014\/11\/panorama-1-1-300x146.jpg 300w, https:\/\/blog.laviny.sk\/wp-content\/uploads\/2014\/11\/panorama-1-1-768x373.jpg 768w, https:\/\/blog.laviny.sk\/wp-content\/uploads\/2014\/11\/panorama-1-1-1536x747.jpg 1536w, https:\/\/blog.laviny.sk\/wp-content\/uploads\/2014\/11\/panorama-1-1.jpg 1600w\" sizes=\"auto, (max-width: 700px) 100vw, 700px\" data-attachment-id=\"900\" data-permalink=\"https:\/\/blog.laviny.sk\/?attachment_id=900#main\" data-orig-file=\"https:\/\/blog.laviny.sk\/wp-content\/uploads\/2014\/11\/panorama-1-1.jpg\" data-orig-size=\"1600,778\" data-comments-opened=\"0\" data-image-meta=\"{&quot;aperture&quot;:&quot;0&quot;,&quot;credit&quot;:&quot;&quot;,&quot;camera&quot;:&quot;&quot;,&quot;caption&quot;:&quot;&quot;,&quot;created_timestamp&quot;:&quot;0&quot;,&quot;copyright&quot;:&quot;&quot;,&quot;focal_length&quot;:&quot;0&quot;,&quot;iso&quot;:&quot;0&quot;,&quot;shutter_speed&quot;:&quot;0&quot;,&quot;title&quot;:&quot;&quot;,&quot;orientation&quot;:&quot;0&quot;}\" data-image-title=\"\u013dadov\u00e9 pleso a sedlo Mal\u00fd Z\u00e1vrat, 18. marec 2014\" data-image-description=\"\" data-image-caption=\"\" data-large-file=\"https:\/\/blog.laviny.sk\/wp-content\/uploads\/2014\/11\/panorama-1-1-1024x498.jpg\" \/><\/a>\n\t\t\t<\/dt><\/dl><dl class='gallery-item'>\n\t\t\t<dt class='gallery-icon landscape'>\n\t\t\t\t<a href='https:\/\/blog.laviny.sk\/?attachment_id=899#main'><img loading=\"lazy\" decoding=\"async\" width=\"700\" height=\"424\" src=\"https:\/\/blog.laviny.sk\/wp-content\/uploads\/2014\/11\/vyvoj-1024x620.png\" class=\"attachment-large size-large\" alt=\"\" srcset=\"https:\/\/blog.laviny.sk\/wp-content\/uploads\/2014\/11\/vyvoj-1024x620.png 1024w, https:\/\/blog.laviny.sk\/wp-content\/uploads\/2014\/11\/vyvoj-300x182.png 300w, https:\/\/blog.laviny.sk\/wp-content\/uploads\/2014\/11\/vyvoj-768x465.png 768w, https:\/\/blog.laviny.sk\/wp-content\/uploads\/2014\/11\/vyvoj-1536x930.png 1536w, https:\/\/blog.laviny.sk\/wp-content\/uploads\/2014\/11\/vyvoj.png 1600w\" sizes=\"auto, (max-width: 700px) 100vw, 700px\" data-attachment-id=\"899\" data-permalink=\"https:\/\/blog.laviny.sk\/?attachment_id=899#main\" data-orig-file=\"https:\/\/blog.laviny.sk\/wp-content\/uploads\/2014\/11\/vyvoj.png\" data-orig-size=\"1600,969\" data-comments-opened=\"0\" data-image-meta=\"{&quot;aperture&quot;:&quot;0&quot;,&quot;credit&quot;:&quot;&quot;,&quot;camera&quot;:&quot;&quot;,&quot;caption&quot;:&quot;&quot;,&quot;created_timestamp&quot;:&quot;0&quot;,&quot;copyright&quot;:&quot;&quot;,&quot;focal_length&quot;:&quot;0&quot;,&quot;iso&quot;:&quot;0&quot;,&quot;shutter_speed&quot;:&quot;0&quot;,&quot;title&quot;:&quot;&quot;,&quot;orientation&quot;:&quot;0&quot;}\" data-image-title=\"5-d\u0148ov\u00fd v\u00fdvoj po\u010dasia vo Vysok\u00fdch, Z\u00e1padn\u00fdch a N\u00edzkych Tatr\u00e1ch\" data-image-description=\"\" data-image-caption=\"\" data-large-file=\"https:\/\/blog.laviny.sk\/wp-content\/uploads\/2014\/11\/vyvoj-1024x620.png\" \/><\/a>\n\t\t\t<\/dt><\/dl><br style=\"clear: both\" \/>\n\t\t<\/div>\n\n<p style=\"text-align: justify;\">V\u00a0stredu sa snehov\u00e1 pokr\u00fdvka vo v\u0161eobecnosti stabilizovala dostato\u010dne na to, aby lav\u00ednov\u00e9 nebezpe\u010denstvo kleslo na 2. stupe\u0148 z\u00a05-dielnej medzin\u00e1rodnej stupnice. Na hor\u00e1ch v\u0161ak st\u00e1le pretrv\u00e1valo preva\u017ene zamra\u010den\u00e9 po\u010dasie s\u00a0hmlou a\u00a0na hrebe\u0148och h\u00f4r aj so siln\u00fdm vetrom s\u00a0r\u00fdchlos\u0165ou do 100 km\/hod. Vietor prechodne zoslabol a\u017e vo \u0161tvrtok, kedy sa z\u00e1rove\u0148 aj na hor\u00e1ch v\u00fdraznej\u0161ie oteplilo. Teplota vzduchu sa r\u00e1no pohybovala od -5\u00b0C do +5\u00b0C. Najm\u00e4 na severnej a\u00a0po\u013eskej strane Z\u00e1padn\u00fdch a\u00a0Vysok\u00fdch Tatier napadlo do r\u00e1na 5 a\u017e 25 cm nov\u00e9ho snehu. Vplyvom oteplenia v\u00a0priebehu d\u0148a snehov\u00e1 pokr\u00fdvka zvlhla a\u017e zka\u0161ovatela a\u00a0vznikali spont\u00e1nne men\u0161ie splazy z\u00a0vlhk\u00e9ho a\u017e mokr\u00e9ho snehu. Podobn\u00e9 po\u010dasie bolo aj v\u00a0piatok, kedy bolo na hor\u00e1ch takmer v\u0161ade jasno a\u00a0slne\u010dno. Oproti \u0161tvrtku sa e\u0161te mierne oteplilo, teplota vzduchu sa pohybovala v\u00a0rozp\u00e4t\u00ed od -2\u00b0C do +8\u00b0C. Op\u00e4\u0165 v\u0161ak zosilnej vietor a\u00a0najm\u00e4 v\u00a0Tatr\u00e1ch f\u00fakal siln\u00fd a\u017e prudk\u00fd vietor s\u00a0r\u00fdchlos\u0165ou do 60 km\/hod.<\/p>\n<p style=\"text-align: justify;\">V\u00a0sobotu o\u010dak\u00e1vame jasn\u00e9 a\u017e polojasn\u00e9 po\u010dasie a\u00a0st\u00e1le pomerne teplo. Teploty vzduchu vo v\u00fd\u0161ke 1500 m n. m. vyst\u00fapi na 8\u00b0C, v\u00a0najvy\u0161\u0161\u00edch poloh\u00e1ch Vysok\u00fdch Tatier by sa mala teplota vzduchu pohybova\u0165 okolo 0\u00b0C. F\u00faka\u0165 by mal mierny a\u017e \u010derstv\u00fd vietor ju\u017en\u00fdch a\u00a0juhoz\u00e1padn\u00fdch smerov s\u00a0r\u00fdchlos\u0165ou 10 a\u017e 30 km\/hod. Vo ve\u010dern\u00fdch hodin\u00e1ch by mal vietor zosilnie\u0165 a\u00a0v\u00a0nede\u013eu o\u010dak\u00e1vame mierne ochladenie, zv\u00e4\u010d\u0161en\u00fa obla\u010dnos\u0165, na viacer\u00fdch miestach aj so zr\u00e1\u017ekami.<\/p>\n","protected":false},"excerpt":{"rendered":"<p>Po\u010das v\u00edkendu (15. \u2013 16. 3 2014) sme zaznamenali v\u00fdrazn\u00fa zmenu v\u00a0po\u010das\u00ed. Priebeh po\u010dasia bol po\u010das t\u00fd\u017ed\u0148a ovplyvnen\u00fd mohutnou tlakovou v\u00fd\u0161ou, \u010do sa prejavilo stabiln\u00fdm, slne\u010dn\u00fdm, nadpriemerne tepl\u00fdm a\u00a0takmer bezvetern\u00fdm po\u010das\u00edm. V\u00a0sobotu (15. 3 2014) za\u010dal nad na\u0161e \u00fazemie v\u00a0silnom severoz\u00e1padnom pr\u00faden\u00ed postupova\u0165 viacer\u00e9 front\u00e1lne syst\u00e9my, ktor\u00e9 sa v\u00fdrazne prejavili zv\u00e4\u010d\u0161enou obla\u010dnos\u0165ou, zr\u00e1\u017ekami a\u00a0siln\u00fdm vetrom.&hellip;<\/p>\n","protected":false},"author":1,"featured_media":896,"comment_status":"closed","ping_status":"closed","sticky":false,"template":"","format":"standard","meta":{"jetpack_post_was_ever_published":false,"_jetpack_newsletter_access":"","_jetpack_dont_email_post_to_subs":false,"_jetpack_newsletter_tier_id":0,"_jetpack_memberships_contains_paywalled_content":false,"_jetpack_memberships_contains_paid_content":false,"footnotes":"","jetpack_publicize_message":"","jetpack_publicize_feature_enabled":true,"jetpack_social_post_already_shared":true,"jetpack_social_options":{"image_generator_settings":{"template":"highway","default_image_id":0,"font":"","enabled":false},"version":2}},"categories":[4],"tags":[67,123,154,190,197],"class_list":["post-889","post","type-post","status-publish","format-standard","has-post-thumbnail","hentry","category-pocasie-sneh-a-laviny","tag-lavinova-nehoda","tag-pocasie","tag-sneh","tag-velka-studena-dolina","tag-vysoke-tatry"],"jetpack_publicize_connections":[],"jetpack_featured_media_url":"https:\/\/blog.laviny.sk\/wp-content\/uploads\/2014\/11\/p1290076.jpg","jetpack_sharing_enabled":true,"jetpack_shortlink":"https:\/\/wp.me\/p8DxWh-el","jetpack-related-posts":[],"_links":{"self":[{"href":"https:\/\/blog.laviny.sk\/index.php?rest_route=\/wp\/v2\/posts\/889","targetHints":{"allow":["GET"]}}],"collection":[{"href":"https:\/\/blog.laviny.sk\/index.php?rest_route=\/wp\/v2\/posts"}],"about":[{"href":"https:\/\/blog.laviny.sk\/index.php?rest_route=\/wp\/v2\/types\/post"}],"author":[{"embeddable":true,"href":"https:\/\/blog.laviny.sk\/index.php?rest_route=\/wp\/v2\/users\/1"}],"replies":[{"embeddable":true,"href":"https:\/\/blog.laviny.sk\/index.php?rest_route=%2Fwp%2Fv2%2Fcomments&post=889"}],"version-history":[{"count":1,"href":"https:\/\/blog.laviny.sk\/index.php?rest_route=\/wp\/v2\/posts\/889\/revisions"}],"predecessor-version":[{"id":5103,"href":"https:\/\/blog.laviny.sk\/index.php?rest_route=\/wp\/v2\/posts\/889\/revisions\/5103"}],"wp:featuredmedia":[{"embeddable":true,"href":"https:\/\/blog.laviny.sk\/index.php?rest_route=\/wp\/v2\/media\/896"}],"wp:attachment":[{"href":"https:\/\/blog.laviny.sk\/index.php?rest_route=%2Fwp%2Fv2%2Fmedia&parent=889"}],"wp:term":[{"taxonomy":"category","embeddable":true,"href":"https:\/\/blog.laviny.sk\/index.php?rest_route=%2Fwp%2Fv2%2Fcategories&post=889"},{"taxonomy":"post_tag","embeddable":true,"href":"https:\/\/blog.laviny.sk\/index.php?rest_route=%2Fwp%2Fv2%2Ftags&post=889"}],"curies":[{"name":"wp","href":"https:\/\/api.w.org\/{rel}","templated":true}]}}