{"id":876,"date":"2014-03-19T13:19:13","date_gmt":"2014-03-19T12:19:13","guid":{"rendered":"http:\/\/slphzs.wordpress.com\/?p=876"},"modified":"2017-04-19T14:33:32","modified_gmt":"2017-04-19T12:33:32","slug":"analyza-pricin-nestastia-vo-velkej-studenej-doline-15-marca-2014","status":"publish","type":"post","link":"https:\/\/blog.laviny.sk\/?p=876","title":{"rendered":"Anal\u00fdza pr\u00ed\u010din ne\u0161\u0165astia vo Ve\u013ekej studenej doline, 15. marca 2014"},"content":{"rendered":"<p style=\"text-align: justify;\">V sobotu 15. marca 2014 sa vo Vysok\u00fdch Tatr\u00e1ch vo Ve\u013ekej studenej doline pod sedlom Prielom stalo lav\u00ednov\u00e9 ne\u0161\u0165astie. Po ly\u017eovan\u00ed zo sedla Prielom \u010das\u0165 skupiny \u010desk\u00fdch skialpinistov zasypala mal\u00e1 lav\u00edna. Jeden skialpinista pri tom zahynul. Priebeh ne\u0161\u0165astia a aj z\u00e1chrannej akcie je pop\u00edsan\u00fd <a href=\"http:\/\/slphzs.wordpress.com\/2014\/03\/15\/tragicky-koniec-tury-vo-velkej-studenej-doline-15-marec-2014\/\" target=\"_blank\">tu<\/a>.<\/p>\n\n\t\t<style type=\"text\/css\">\n\t\t\t#gallery-1 {\n\t\t\t\tmargin: auto;\n\t\t\t}\n\t\t\t#gallery-1 .gallery-item {\n\t\t\t\tfloat: left;\n\t\t\t\tmargin-top: 10px;\n\t\t\t\ttext-align: center;\n\t\t\t\twidth: 33%;\n\t\t\t}\n\t\t\t#gallery-1 img {\n\t\t\t\tborder: 2px solid #cfcfcf;\n\t\t\t}\n\t\t\t#gallery-1 .gallery-caption {\n\t\t\t\tmargin-left: 0;\n\t\t\t}\n\t\t\t\/* see gallery_shortcode() in wp-includes\/media.php *\/\n\t\t<\/style>\n\t\t<div data-carousel-extra='{&quot;blog_id&quot;:1,&quot;permalink&quot;:&quot;https:\/\/blog.laviny.sk\/?p=876&quot;}' id='gallery-1' class='gallery galleryid-876 gallery-columns-3 gallery-size-large'><dl class='gallery-item'>\n\t\t\t<dt class='gallery-icon landscape'>\n\t\t\t\t<a href='https:\/\/blog.laviny.sk\/?attachment_id=877#main'><img loading=\"lazy\" decoding=\"async\" width=\"700\" height=\"525\" src=\"https:\/\/blog.laviny.sk\/wp-content\/uploads\/2014\/11\/prielom_meteo_situacia.png\" class=\"attachment-large size-large\" alt=\"\" srcset=\"https:\/\/blog.laviny.sk\/wp-content\/uploads\/2014\/11\/prielom_meteo_situacia.png 960w, https:\/\/blog.laviny.sk\/wp-content\/uploads\/2014\/11\/prielom_meteo_situacia-300x225.png 300w, https:\/\/blog.laviny.sk\/wp-content\/uploads\/2014\/11\/prielom_meteo_situacia-768x576.png 768w\" sizes=\"auto, (max-width: 700px) 100vw, 700px\" data-attachment-id=\"877\" data-permalink=\"https:\/\/blog.laviny.sk\/?attachment_id=877#main\" data-orig-file=\"https:\/\/blog.laviny.sk\/wp-content\/uploads\/2014\/11\/prielom_meteo_situacia.png\" data-orig-size=\"960,720\" data-comments-opened=\"0\" data-image-meta=\"{&quot;aperture&quot;:&quot;0&quot;,&quot;credit&quot;:&quot;&quot;,&quot;camera&quot;:&quot;&quot;,&quot;caption&quot;:&quot;&quot;,&quot;created_timestamp&quot;:&quot;0&quot;,&quot;copyright&quot;:&quot;&quot;,&quot;focal_length&quot;:&quot;0&quot;,&quot;iso&quot;:&quot;0&quot;,&quot;shutter_speed&quot;:&quot;0&quot;,&quot;title&quot;:&quot;&quot;,&quot;orientation&quot;:&quot;0&quot;}\" data-image-title=\"\" data-image-description=\"\" data-image-caption=\"\" data-large-file=\"https:\/\/blog.laviny.sk\/wp-content\/uploads\/2014\/11\/prielom_meteo_situacia.png\" \/><\/a>\n\t\t\t<\/dt><\/dl><dl class='gallery-item'>\n\t\t\t<dt class='gallery-icon landscape'>\n\t\t\t\t<a href='https:\/\/blog.laviny.sk\/?attachment_id=878#main'><img loading=\"lazy\" decoding=\"async\" width=\"700\" height=\"525\" src=\"https:\/\/blog.laviny.sk\/wp-content\/uploads\/2014\/11\/prielom_narazy_smer_2_dni.png\" class=\"attachment-large size-large\" alt=\"\" srcset=\"https:\/\/blog.laviny.sk\/wp-content\/uploads\/2014\/11\/prielom_narazy_smer_2_dni.png 960w, https:\/\/blog.laviny.sk\/wp-content\/uploads\/2014\/11\/prielom_narazy_smer_2_dni-300x225.png 300w, https:\/\/blog.laviny.sk\/wp-content\/uploads\/2014\/11\/prielom_narazy_smer_2_dni-768x576.png 768w\" sizes=\"auto, (max-width: 700px) 100vw, 700px\" data-attachment-id=\"878\" data-permalink=\"https:\/\/blog.laviny.sk\/?attachment_id=878#main\" data-orig-file=\"https:\/\/blog.laviny.sk\/wp-content\/uploads\/2014\/11\/prielom_narazy_smer_2_dni.png\" data-orig-size=\"960,720\" data-comments-opened=\"0\" data-image-meta=\"{&quot;aperture&quot;:&quot;0&quot;,&quot;credit&quot;:&quot;&quot;,&quot;camera&quot;:&quot;&quot;,&quot;caption&quot;:&quot;&quot;,&quot;created_timestamp&quot;:&quot;0&quot;,&quot;copyright&quot;:&quot;&quot;,&quot;focal_length&quot;:&quot;0&quot;,&quot;iso&quot;:&quot;0&quot;,&quot;shutter_speed&quot;:&quot;0&quot;,&quot;title&quot;:&quot;&quot;,&quot;orientation&quot;:&quot;0&quot;}\" data-image-title=\"\" data-image-description=\"\" data-image-caption=\"\" data-large-file=\"https:\/\/blog.laviny.sk\/wp-content\/uploads\/2014\/11\/prielom_narazy_smer_2_dni.png\" \/><\/a>\n\t\t\t<\/dt><\/dl><dl class='gallery-item'>\n\t\t\t<dt class='gallery-icon landscape'>\n\t\t\t\t<a href='https:\/\/blog.laviny.sk\/?attachment_id=879#main'><img loading=\"lazy\" decoding=\"async\" width=\"700\" height=\"525\" src=\"https:\/\/blog.laviny.sk\/wp-content\/uploads\/2014\/11\/prielom_miesto.png\" class=\"attachment-large size-large\" alt=\"\" srcset=\"https:\/\/blog.laviny.sk\/wp-content\/uploads\/2014\/11\/prielom_miesto.png 960w, https:\/\/blog.laviny.sk\/wp-content\/uploads\/2014\/11\/prielom_miesto-300x225.png 300w, https:\/\/blog.laviny.sk\/wp-content\/uploads\/2014\/11\/prielom_miesto-768x576.png 768w\" sizes=\"auto, (max-width: 700px) 100vw, 700px\" data-attachment-id=\"879\" data-permalink=\"https:\/\/blog.laviny.sk\/?attachment_id=879#main\" data-orig-file=\"https:\/\/blog.laviny.sk\/wp-content\/uploads\/2014\/11\/prielom_miesto.png\" data-orig-size=\"960,720\" data-comments-opened=\"0\" data-image-meta=\"{&quot;aperture&quot;:&quot;0&quot;,&quot;credit&quot;:&quot;&quot;,&quot;camera&quot;:&quot;&quot;,&quot;caption&quot;:&quot;&quot;,&quot;created_timestamp&quot;:&quot;0&quot;,&quot;copyright&quot;:&quot;&quot;,&quot;focal_length&quot;:&quot;0&quot;,&quot;iso&quot;:&quot;0&quot;,&quot;shutter_speed&quot;:&quot;0&quot;,&quot;title&quot;:&quot;&quot;,&quot;orientation&quot;:&quot;0&quot;}\" data-image-title=\"\" data-image-description=\"\" data-image-caption=\"\" data-large-file=\"https:\/\/blog.laviny.sk\/wp-content\/uploads\/2014\/11\/prielom_miesto.png\" \/><\/a>\n\t\t\t<\/dt><\/dl><br style=\"clear: both\" \/>\n\t\t<\/div>\n\n<p style=\"text-align: justify;\">Po nieko\u013ekod\u0148ovom kr\u00e1snom slne\u010dnom a takmer bezveternom po\u010das\u00ed sa zo soboty na nede\u013eu v Tatr\u00e1ch jeho v\u00fdvoj \u00faplne zmenil. Zamra\u010dilo sa, postupne sa za\u010dalo ochladzova\u0165 a hlavne zosilnel vietor. Na hrebe\u0148och Tatier z\u00farila v\u00edchrica, ktor\u00e1 v n\u00e1razoch dosahovala r\u00fdchlos\u0165 od \u00a0130 do 140 km\/hod.<\/p>\n<p style=\"text-align: justify;\">Na t\u00fato zmenu meteorol\u00f3govia upozor\u0148ovali cel\u00fd t\u00fd\u017ede\u0148. V\u00fdstrahy na siln\u00fd vietor a v\u00edchricu na hor\u00e1ch boli na str\u00e1nkach SHM\u00da u\u017e od stredy. Numerick\u00e9 modely a aj predpovede po\u010dasia st\u00e1le upozor\u0148ovali na zmenu po\u010dasia. V bl\u00edzkosti miesta ne\u0161\u0165astia pri \u013dadovom plese sa nach\u00e1dza automatick\u00e1 meteorologick\u00e1 stanica Horskej z\u00e1chrannej slu\u017eby. Z nameran\u00fdch \u00fadajov vidno, \u017ee predpovede a v\u00fdstrahy tentokr\u00e1t meteorol\u00f3gom vy\u0161li na 100 %.<\/p>\n<p style=\"text-align: justify;\">Meteorologick\u00e9 a ani snehov\u00e9 podmienky neboli vhodn\u00e9 na ak\u00fako\u013evek aktivitu vo vysokohorskom prostred\u00ed. Lav\u00ednov\u00e9 nebezpe\u010denstvo s nov\u00fdm snehom a siln\u00fdm vetrom neust\u00e1le st\u00fapalo. V snehovej pokr\u00fdvke sa vytv\u00e1rali nebezpe\u010dn\u00e9 snehov\u00e9 \u00fatvary &#8211; dosky, vank\u00fa\u0161e a preveje. Snehov\u00e1 pokr\u00fdvka bola nestabiln\u00e1 a u\u017e aj mal\u00e9 dodato\u010dn\u00e9 za\u0165a\u017eenie mohlo sp\u00f4sobi\u0165 uvo\u013enenie lav\u00edny. Pravdepodobne tak\u00e9to za\u0165a\u017eenie (narezanie dosky alebo vank\u00fa\u0161a) sp\u00f4sobilo uvo\u013enenie lav\u00edny, ktor\u00e1 strhla prv\u00fdch dvoch \u010dlenov tejto skupiny. Jedn\u00e9ho z nich zasypala len \u010diasto\u010dne, druh\u00e9ho \u00faplne.<\/p>\n<div id=\"attachment_880\" style=\"width: 406px\" class=\"wp-caption aligncenter\"><a href=\"https:\/\/192.168.10.134\/wp-content\/uploads\/2014\/11\/miesto2.png\"><img loading=\"lazy\" decoding=\"async\" aria-describedby=\"caption-attachment-880\" data-attachment-id=\"880\" data-permalink=\"https:\/\/blog.laviny.sk\/?attachment_id=880#main\" data-orig-file=\"https:\/\/blog.laviny.sk\/wp-content\/uploads\/2014\/11\/miesto2.png\" data-orig-size=\"434,578\" data-comments-opened=\"0\" data-image-meta=\"{&quot;aperture&quot;:&quot;0&quot;,&quot;credit&quot;:&quot;&quot;,&quot;camera&quot;:&quot;&quot;,&quot;caption&quot;:&quot;&quot;,&quot;created_timestamp&quot;:&quot;0&quot;,&quot;copyright&quot;:&quot;&quot;,&quot;focal_length&quot;:&quot;0&quot;,&quot;iso&quot;:&quot;0&quot;,&quot;shutter_speed&quot;:&quot;0&quot;,&quot;title&quot;:&quot;&quot;,&quot;orientation&quot;:&quot;0&quot;}\" data-image-title=\"Pribli\u017en\u00fd n\u00e1\u010drt lav\u00ednovej dr\u00e1hy\" data-image-description=\"\" data-image-caption=\"\" data-large-file=\"https:\/\/blog.laviny.sk\/wp-content\/uploads\/2014\/11\/miesto2.png\" class=\"wp-image-880\" src=\"https:\/\/192.168.10.134\/wp-content\/uploads\/2014\/11\/miesto2.png\" alt=\"Pribli\u017en\u00fd n\u00e1\u010drt lav\u00ednovej dr\u00e1hy\" width=\"400\" height=\"533\" srcset=\"https:\/\/blog.laviny.sk\/wp-content\/uploads\/2014\/11\/miesto2.png 434w, https:\/\/blog.laviny.sk\/wp-content\/uploads\/2014\/11\/miesto2-225x300.png 225w\" sizes=\"auto, (max-width: 400px) 100vw, 400px\" \/><\/a><p id=\"caption-attachment-880\" class=\"wp-caption-text\">Pribli\u017en\u00fd n\u00e1\u010drt lav\u00ednovej dr\u00e1hy<\/p><\/div>\n<div style=\"text-align: justify;\">Rozhodnutie \u00eds\u0165 na pl\u00e1novan\u00fa t\u00faru (Popradsk\u00e9 pleso &#8211; V\u00fdchodn\u00e1 \u017eelezn\u00e1 br\u00e1na &#8211; Gerlachovsk\u00e9 sp\u00e1dy &#8211; Prielom &#8211; Zbojn\u00edcka chata) v tomto \u010dase bolo nespr\u00e1vne. Skupina pod veden\u00edm horsk\u00e9ho vodcu nebrala do \u00favahy predpovedan\u00fa zmenu po\u010dasia a v\u00fdstrahu na siln\u00fd vietor a v\u00edchricu. Znaky meniaceho sa po\u010dasia bolo vidno u\u017e v sobotu r\u00e1no cestou na Popradsk\u00e9 pleso a tie\u017e aj po\u010das trasy, ke\u010f sa dalo e\u0161te vr\u00e1ti\u0165 sp\u00e4\u0165 na Popradsk\u00e9 pleso. Skupina pod\u013ea dostupn\u00fdch inform\u00e1ci\u00ed ve\u013emi r\u00fdchlo dok\u00e1zala vyslobodi\u0165 zasypan\u00fdch z lav\u00edny a sna\u017eila sa v r\u00e1mci svojich mo\u017enost\u00ed so skupinou horolezcov, ktor\u00ed im pri\u0161li na pomoc zo Zbojn\u00edckej chaty, zasypan\u00e9ho zatepli\u0165, o\u0161etri\u0165 a transportova\u0165 na chatu. Ten \u017eia\u013e\u00a0svojim zraneniam pod\u013eahol. Rozhodnutie necha\u0165 telo neboh\u00e9ho na mieste bolo spr\u00e1vne vzh\u013eadom na vlastn\u00fa bezpe\u010dnos\u0165. Nespr\u00e1vne bolo oddelenie horsk\u00e9ho vodcu od svojich klientov, spolo\u010dne mohli d\u00f4js\u0165 na chatu sk\u00f4r.<\/div>\n<div style=\"text-align: justify;\"><\/div>\n<div style=\"text-align: justify;\">Lav\u00ednov\u00e1 nehoda je zvy\u010dajne v\u00fdsledkom viacer\u00fdch nespr\u00e1vnych rozhodnut\u00ed.\u00a0Samotn\u00e1 lav\u00edna je u\u017e len t\u00fdm posledn\u00fdm vyvrcholen\u00edm. Z\u00e1kladnou chybou bolo nere\u0161pektovanie v\u00fdstrah SHM\u00da a HZS.<\/div>\n<div style=\"text-align: justify;\"><\/div>\n<div style=\"text-align: justify;\">Foto a \u00fadaje: Arch\u00edv SLP<\/div>\n<div class=\"separator\" style=\"text-align: justify;\"><\/div>\n<p style=\"text-align: justify;\"><span style=\"color: #333333; font-family: 'Helvetica Neue Light', HelveticaNeue-Light, 'Helvetica Neue', Helvetica, Arial, sans-serif; font-size: 14px; font-style: normal; line-height: 19.60000038147px; text-align: justify; background-color: #ffffff;\">\u00a0<\/span><\/p>\n","protected":false},"excerpt":{"rendered":"<p>V sobotu 15. marca 2014 sa vo Vysok\u00fdch Tatr\u00e1ch vo Ve\u013ekej studenej doline pod sedlom Prielom stalo lav\u00ednov\u00e9 ne\u0161\u0165astie. Po ly\u017eovan\u00ed zo sedla Prielom \u010das\u0165 skupiny \u010desk\u00fdch skialpinistov zasypala mal\u00e1 lav\u00edna. Jeden skialpinista pri tom zahynul. Priebeh ne\u0161\u0165astia a aj z\u00e1chrannej akcie je pop\u00edsan\u00fd tu. Po nieko\u013ekod\u0148ovom kr\u00e1snom slne\u010dnom a takmer bezveternom po\u010das\u00ed sa zo&hellip;<\/p>\n","protected":false},"author":1,"featured_media":880,"comment_status":"closed","ping_status":"closed","sticky":false,"template":"","format":"standard","meta":{"jetpack_post_was_ever_published":false,"_jetpack_newsletter_access":"","_jetpack_dont_email_post_to_subs":false,"_jetpack_newsletter_tier_id":0,"_jetpack_memberships_contains_paywalled_content":false,"_jetpack_memberships_contains_paid_content":false,"footnotes":"","jetpack_publicize_message":"","jetpack_publicize_feature_enabled":true,"jetpack_social_post_already_shared":true,"jetpack_social_options":{"image_generator_settings":{"template":"highway","default_image_id":0,"font":"","enabled":false},"version":2}},"categories":[2],"tags":[67,190,197],"class_list":["post-876","post","type-post","status-publish","format-standard","has-post-thumbnail","hentry","category-lavinove-nehody","tag-lavinova-nehoda","tag-velka-studena-dolina","tag-vysoke-tatry"],"jetpack_publicize_connections":[],"jetpack_featured_media_url":"https:\/\/blog.laviny.sk\/wp-content\/uploads\/2014\/11\/miesto2.png","jetpack_sharing_enabled":true,"jetpack_shortlink":"https:\/\/wp.me\/p8DxWh-e8","jetpack-related-posts":[],"_links":{"self":[{"href":"https:\/\/blog.laviny.sk\/index.php?rest_route=\/wp\/v2\/posts\/876","targetHints":{"allow":["GET"]}}],"collection":[{"href":"https:\/\/blog.laviny.sk\/index.php?rest_route=\/wp\/v2\/posts"}],"about":[{"href":"https:\/\/blog.laviny.sk\/index.php?rest_route=\/wp\/v2\/types\/post"}],"author":[{"embeddable":true,"href":"https:\/\/blog.laviny.sk\/index.php?rest_route=\/wp\/v2\/users\/1"}],"replies":[{"embeddable":true,"href":"https:\/\/blog.laviny.sk\/index.php?rest_route=%2Fwp%2Fv2%2Fcomments&post=876"}],"version-history":[{"count":1,"href":"https:\/\/blog.laviny.sk\/index.php?rest_route=\/wp\/v2\/posts\/876\/revisions"}],"predecessor-version":[{"id":5104,"href":"https:\/\/blog.laviny.sk\/index.php?rest_route=\/wp\/v2\/posts\/876\/revisions\/5104"}],"wp:featuredmedia":[{"embeddable":true,"href":"https:\/\/blog.laviny.sk\/index.php?rest_route=\/wp\/v2\/media\/880"}],"wp:attachment":[{"href":"https:\/\/blog.laviny.sk\/index.php?rest_route=%2Fwp%2Fv2%2Fmedia&parent=876"}],"wp:term":[{"taxonomy":"category","embeddable":true,"href":"https:\/\/blog.laviny.sk\/index.php?rest_route=%2Fwp%2Fv2%2Fcategories&post=876"},{"taxonomy":"post_tag","embeddable":true,"href":"https:\/\/blog.laviny.sk\/index.php?rest_route=%2Fwp%2Fv2%2Ftags&post=876"}],"curies":[{"name":"wp","href":"https:\/\/api.w.org\/{rel}","templated":true}]}}