{"id":853,"date":"2014-03-14T13:04:40","date_gmt":"2014-03-14T12:04:40","guid":{"rendered":"http:\/\/slphzs.wordpress.com\/?p=853"},"modified":"2017-04-19T14:34:18","modified_gmt":"2017-04-19T12:34:18","slug":"priebeh-pocasia-a-vyvoj-snehovej-pokryvky-na-horach-od-8-do-14-marca-2014","status":"publish","type":"post","link":"https:\/\/blog.laviny.sk\/?p=853","title":{"rendered":"Priebeh po\u010dasia a v\u00fdvoj snehovej pokr\u00fdvky na hor\u00e1ch od 8. do 14. marca 2014"},"content":{"rendered":"<p style=\"text-align: justify;\"><strong>T\u00fd\u017ede\u0148 slne\u010dn\u00e9ho a\u00a0tepl\u00e9ho po\u010dasia<\/strong><br \/>\nPo\u010das dne\u0161n\u00e9ho piatku (14.3) kon\u010d\u00ed peri\u00f3da ve\u013emi kr\u00e1snych slne\u010dn\u00fdch dn\u00ed s\u00a0pomerne vysok\u00fdmi teplotami. Na svedom\u00ed to m\u00e1 mohutn\u00e1 tlakov\u00e1 v\u00fd\u0161 rozprestieraj\u00faca sa takmer nad celou Eur\u00f3pou. Tepl\u00e9 slne\u010dn\u00e9 po\u010dasie vzbudzovalo na hor\u00e1ch pocit jari. Teplota vzduchu dosahovala kladn\u00fdch hodn\u00f4t aj v\u00a0najvy\u0161\u0161\u00edch poloh\u00e1ch Tatier, v stredn\u00fdch poloh\u00e1ch dosahovala 5 a\u017e 12\u00b0C.\u00a0Snehov\u00e1 pokr\u00fdvka zfirnovatela a jej v\u00fd\u0161ka sa neust\u00e1le zni\u017eovala. Pod hranicou 1500 m na ju\u017en\u00fdch a\u00a01200 m na severn\u00fdch svahoch je u\u017e iba nes\u00favisl\u00e1 snehov\u00e1 pokr\u00fdvka, vo vy\u0161\u0161\u00edch poloh\u00e1ch je snehu tie\u017e ve\u013emi m\u00e1lo, v\u00a0priemere od 20 do 120 cm. Tieto hodnoty s\u00fa typick\u00e9 sk\u00f4r pre druh\u00fa polovicu apr\u00edla. Najviac snehu, prihliadnuc na nadmorsk\u00fa v\u00fd\u0161ku, maj\u00fa N\u00edzke Tatry.Takmer po\u010das cel\u00e9ho t\u00fd\u017ed\u0148a prevl\u00e1dalo na hor\u00e1ch iba mal\u00e9 lav\u00ednov\u00e9 nebezpe\u010denstvo, 1. stupe\u0148. V\u00fdnimku tvorili najvy\u0161\u0161ie polohy Vysok\u00fdch Tatier so severnou orient\u00e1ciou, kde sa sneh z\u00a0poslednej peri\u00f3dy sne\u017eenia stabilizoval pomal\u0161ie, a\u00a0t\u00fdm tu pretrv\u00e1valo mierne lav\u00ednov\u00e9 nebezpe\u010denstvo (2.) Stabilita snehu sa po\u010das d\u0148a pri oteplen\u00ed zni\u017eovala aj na ju\u017en\u00fdch, slnkom osvieten\u00fdch svahoch, kde sme zaznamenali zv\u00fd\u0161en\u00fd v\u00fdskyt men\u0161\u00edch lav\u00edn a\u00a0snehov\u00fdch splazov z\u00a0mokr\u00e9ho snehu a s\u00a0bodov\u00fdm odtrhom.<\/p>\n\n\t\t<style type=\"text\/css\">\n\t\t\t#gallery-1 {\n\t\t\t\tmargin: auto;\n\t\t\t}\n\t\t\t#gallery-1 .gallery-item {\n\t\t\t\tfloat: left;\n\t\t\t\tmargin-top: 10px;\n\t\t\t\ttext-align: center;\n\t\t\t\twidth: 25%;\n\t\t\t}\n\t\t\t#gallery-1 img {\n\t\t\t\tborder: 2px solid #cfcfcf;\n\t\t\t}\n\t\t\t#gallery-1 .gallery-caption {\n\t\t\t\tmargin-left: 0;\n\t\t\t}\n\t\t\t\/* see gallery_shortcode() in wp-includes\/media.php *\/\n\t\t<\/style>\n\t\t<div data-carousel-extra='{&quot;blog_id&quot;:1,&quot;permalink&quot;:&quot;https:\/\/blog.laviny.sk\/?p=853&quot;}' id='gallery-1' class='gallery galleryid-853 gallery-columns-4 gallery-size-medium'><dl class='gallery-item'>\n\t\t\t<dt class='gallery-icon landscape'>\n\t\t\t\t<a href='https:\/\/blog.laviny.sk\/?attachment_id=854#main'><img loading=\"lazy\" decoding=\"async\" width=\"300\" height=\"225\" src=\"https:\/\/blog.laviny.sk\/wp-content\/uploads\/2014\/11\/20140314_0802-lp-300x225.jpg\" class=\"attachment-medium size-medium\" alt=\"\" srcset=\"https:\/\/blog.laviny.sk\/wp-content\/uploads\/2014\/11\/20140314_0802-lp-300x225.jpg 300w, https:\/\/blog.laviny.sk\/wp-content\/uploads\/2014\/11\/20140314_0802-lp.jpg 640w\" sizes=\"auto, (max-width: 300px) 100vw, 300px\" data-attachment-id=\"854\" data-permalink=\"https:\/\/blog.laviny.sk\/?attachment_id=854#main\" data-orig-file=\"https:\/\/blog.laviny.sk\/wp-content\/uploads\/2014\/11\/20140314_0802-lp.jpg\" data-orig-size=\"640,480\" data-comments-opened=\"0\" data-image-meta=\"{&quot;aperture&quot;:&quot;0&quot;,&quot;credit&quot;:&quot;&quot;,&quot;camera&quot;:&quot;&quot;,&quot;caption&quot;:&quot;&quot;,&quot;created_timestamp&quot;:&quot;0&quot;,&quot;copyright&quot;:&quot;&quot;,&quot;focal_length&quot;:&quot;0&quot;,&quot;iso&quot;:&quot;0&quot;,&quot;shutter_speed&quot;:&quot;0&quot;,&quot;title&quot;:&quot;&quot;,&quot;orientation&quot;:&quot;0&quot;}\" data-image-title=\"\u013dadov\u00e9 pleso + Javor\u00e1ky, Vysok\u00e9 Tatry 14.3.2014, webcam AMS\" data-image-description=\"\" data-image-caption=\"\" data-large-file=\"https:\/\/blog.laviny.sk\/wp-content\/uploads\/2014\/11\/20140314_0802-lp.jpg\" \/><\/a>\n\t\t\t<\/dt><\/dl><dl class='gallery-item'>\n\t\t\t<dt class='gallery-icon landscape'>\n\t\t\t\t<a href='https:\/\/blog.laviny.sk\/?attachment_id=855#main'><img loading=\"lazy\" decoding=\"async\" width=\"300\" height=\"225\" src=\"https:\/\/blog.laviny.sk\/wp-content\/uploads\/2014\/11\/20140314_0802-hk-300x225.jpg\" class=\"attachment-medium size-medium\" alt=\"\" srcset=\"https:\/\/blog.laviny.sk\/wp-content\/uploads\/2014\/11\/20140314_0802-hk-300x225.jpg 300w, https:\/\/blog.laviny.sk\/wp-content\/uploads\/2014\/11\/20140314_0802-hk.jpg 640w\" sizes=\"auto, (max-width: 300px) 100vw, 300px\" data-attachment-id=\"855\" data-permalink=\"https:\/\/blog.laviny.sk\/?attachment_id=855#main\" data-orig-file=\"https:\/\/blog.laviny.sk\/wp-content\/uploads\/2014\/11\/20140314_0802-hk.jpg\" data-orig-size=\"640,480\" data-comments-opened=\"0\" data-image-meta=\"{&quot;aperture&quot;:&quot;0&quot;,&quot;credit&quot;:&quot;&quot;,&quot;camera&quot;:&quot;&quot;,&quot;caption&quot;:&quot;&quot;,&quot;created_timestamp&quot;:&quot;0&quot;,&quot;copyright&quot;:&quot;&quot;,&quot;focal_length&quot;:&quot;0&quot;,&quot;iso&quot;:&quot;0&quot;,&quot;shutter_speed&quot;:&quot;0&quot;,&quot;title&quot;:&quot;&quot;,&quot;orientation&quot;:&quot;0&quot;}\" data-image-title=\"Hrub\u00e1 kopa a Tri kopy, Z\u00e1padn\u00e9 Tatry 14.3.2014, webcam AMS\" data-image-description=\"\" data-image-caption=\"\" data-large-file=\"https:\/\/blog.laviny.sk\/wp-content\/uploads\/2014\/11\/20140314_0802-hk.jpg\" \/><\/a>\n\t\t\t<\/dt><\/dl><dl class='gallery-item'>\n\t\t\t<dt class='gallery-icon landscape'>\n\t\t\t\t<a href='https:\/\/blog.laviny.sk\/?attachment_id=856#main'><img loading=\"lazy\" decoding=\"async\" width=\"300\" height=\"225\" src=\"https:\/\/blog.laviny.sk\/wp-content\/uploads\/2014\/11\/20140314_0502-slt-300x225.jpg\" class=\"attachment-medium size-medium\" alt=\"\" srcset=\"https:\/\/blog.laviny.sk\/wp-content\/uploads\/2014\/11\/20140314_0502-slt-300x225.jpg 300w, https:\/\/blog.laviny.sk\/wp-content\/uploads\/2014\/11\/20140314_0502-slt.jpg 640w\" sizes=\"auto, (max-width: 300px) 100vw, 300px\" data-attachment-id=\"856\" data-permalink=\"https:\/\/blog.laviny.sk\/?attachment_id=856#main\" data-orig-file=\"https:\/\/blog.laviny.sk\/wp-content\/uploads\/2014\/11\/20140314_0502-slt.jpg\" data-orig-size=\"640,480\" data-comments-opened=\"0\" data-image-meta=\"{&quot;aperture&quot;:&quot;0&quot;,&quot;credit&quot;:&quot;&quot;,&quot;camera&quot;:&quot;&quot;,&quot;caption&quot;:&quot;&quot;,&quot;created_timestamp&quot;:&quot;0&quot;,&quot;copyright&quot;:&quot;&quot;,&quot;focal_length&quot;:&quot;0&quot;,&quot;iso&quot;:&quot;0&quot;,&quot;shutter_speed&quot;:&quot;0&quot;,&quot;title&quot;:&quot;&quot;,&quot;orientation&quot;:&quot;0&quot;}\" data-image-title=\"sever Salat\u00edna, Z\u00e1padn\u00e9 Tatry 14.3.2014, webcam AMS\" data-image-description=\"\" data-image-caption=\"\" data-large-file=\"https:\/\/blog.laviny.sk\/wp-content\/uploads\/2014\/11\/20140314_0502-slt.jpg\" \/><\/a>\n\t\t\t<\/dt><\/dl><dl class='gallery-item'>\n\t\t\t<dt class='gallery-icon landscape'>\n\t\t\t\t<a href='https:\/\/blog.laviny.sk\/?attachment_id=857#main'><img loading=\"lazy\" decoding=\"async\" width=\"300\" height=\"225\" src=\"https:\/\/blog.laviny.sk\/wp-content\/uploads\/2014\/11\/soliskc3a1-300x225.jpg\" class=\"attachment-medium size-medium\" alt=\"\" srcset=\"https:\/\/blog.laviny.sk\/wp-content\/uploads\/2014\/11\/soliskc3a1-300x225.jpg 300w, https:\/\/blog.laviny.sk\/wp-content\/uploads\/2014\/11\/soliskc3a1-768x576.jpg 768w, https:\/\/blog.laviny.sk\/wp-content\/uploads\/2014\/11\/soliskc3a1.jpg 800w\" sizes=\"auto, (max-width: 300px) 100vw, 300px\" data-attachment-id=\"857\" data-permalink=\"https:\/\/blog.laviny.sk\/?attachment_id=857#main\" data-orig-file=\"https:\/\/blog.laviny.sk\/wp-content\/uploads\/2014\/11\/soliskc3a1.jpg\" data-orig-size=\"800,600\" data-comments-opened=\"0\" data-image-meta=\"{&quot;aperture&quot;:&quot;0&quot;,&quot;credit&quot;:&quot;&quot;,&quot;camera&quot;:&quot;&quot;,&quot;caption&quot;:&quot;&quot;,&quot;created_timestamp&quot;:&quot;0&quot;,&quot;copyright&quot;:&quot;&quot;,&quot;focal_length&quot;:&quot;0&quot;,&quot;iso&quot;:&quot;0&quot;,&quot;shutter_speed&quot;:&quot;0&quot;,&quot;title&quot;:&quot;&quot;,&quot;orientation&quot;:&quot;0&quot;}\" data-image-title=\"hrebe\u0148 Sol\u00edsk, 13.3.2014\" data-image-description=\"\" data-image-caption=\"\" data-large-file=\"https:\/\/blog.laviny.sk\/wp-content\/uploads\/2014\/11\/soliskc3a1.jpg\" \/><\/a>\n\t\t\t<\/dt><\/dl><br style=\"clear: both\" \/><dl class='gallery-item'>\n\t\t\t<dt class='gallery-icon landscape'>\n\t\t\t\t<a href='https:\/\/blog.laviny.sk\/?attachment_id=858#main'><img loading=\"lazy\" decoding=\"async\" width=\"300\" height=\"225\" src=\"https:\/\/blog.laviny.sk\/wp-content\/uploads\/2014\/11\/hruby_vrch_bodovky-300x225.jpg\" class=\"attachment-medium size-medium\" alt=\"\" srcset=\"https:\/\/blog.laviny.sk\/wp-content\/uploads\/2014\/11\/hruby_vrch_bodovky-300x225.jpg 300w, https:\/\/blog.laviny.sk\/wp-content\/uploads\/2014\/11\/hruby_vrch_bodovky-768x576.jpg 768w, https:\/\/blog.laviny.sk\/wp-content\/uploads\/2014\/11\/hruby_vrch_bodovky.jpg 800w\" sizes=\"auto, (max-width: 300px) 100vw, 300px\" data-attachment-id=\"858\" data-permalink=\"https:\/\/blog.laviny.sk\/?attachment_id=858#main\" data-orig-file=\"https:\/\/blog.laviny.sk\/wp-content\/uploads\/2014\/11\/hruby_vrch_bodovky.jpg\" data-orig-size=\"800,600\" data-comments-opened=\"0\" data-image-meta=\"{&quot;aperture&quot;:&quot;0&quot;,&quot;credit&quot;:&quot;&quot;,&quot;camera&quot;:&quot;&quot;,&quot;caption&quot;:&quot;&quot;,&quot;created_timestamp&quot;:&quot;0&quot;,&quot;copyright&quot;:&quot;&quot;,&quot;focal_length&quot;:&quot;0&quot;,&quot;iso&quot;:&quot;0&quot;,&quot;shutter_speed&quot;:&quot;0&quot;,&quot;title&quot;:&quot;&quot;,&quot;orientation&quot;:&quot;0&quot;}\" data-image-title=\"mal\u00e9 lav\u00edny z mokr\u00e9ho snehu s bodov\u00fdm odtrhom, Hrub\u00fd vrch (Triumetal) 13.3.2014\" data-image-description=\"\" data-image-caption=\"\" data-large-file=\"https:\/\/blog.laviny.sk\/wp-content\/uploads\/2014\/11\/hruby_vrch_bodovky.jpg\" \/><\/a>\n\t\t\t<\/dt><\/dl><dl class='gallery-item'>\n\t\t\t<dt class='gallery-icon landscape'>\n\t\t\t\t<a href='https:\/\/blog.laviny.sk\/?attachment_id=859#main'><img loading=\"lazy\" decoding=\"async\" width=\"300\" height=\"225\" src=\"https:\/\/blog.laviny.sk\/wp-content\/uploads\/2014\/11\/strbsky_sever-300x225.jpg\" class=\"attachment-medium size-medium\" alt=\"\" srcset=\"https:\/\/blog.laviny.sk\/wp-content\/uploads\/2014\/11\/strbsky_sever-300x225.jpg 300w, https:\/\/blog.laviny.sk\/wp-content\/uploads\/2014\/11\/strbsky_sever-768x576.jpg 768w, https:\/\/blog.laviny.sk\/wp-content\/uploads\/2014\/11\/strbsky_sever.jpg 800w\" sizes=\"auto, (max-width: 300px) 100vw, 300px\" data-attachment-id=\"859\" data-permalink=\"https:\/\/blog.laviny.sk\/?attachment_id=859#main\" data-orig-file=\"https:\/\/blog.laviny.sk\/wp-content\/uploads\/2014\/11\/strbsky_sever.jpg\" data-orig-size=\"800,600\" data-comments-opened=\"0\" data-image-meta=\"{&quot;aperture&quot;:&quot;0&quot;,&quot;credit&quot;:&quot;&quot;,&quot;camera&quot;:&quot;&quot;,&quot;caption&quot;:&quot;&quot;,&quot;created_timestamp&quot;:&quot;0&quot;,&quot;copyright&quot;:&quot;&quot;,&quot;focal_length&quot;:&quot;0&quot;,&quot;iso&quot;:&quot;0&quot;,&quot;shutter_speed&quot;:&quot;0&quot;,&quot;title&quot;:&quot;&quot;,&quot;orientation&quot;:&quot;0&quot;}\" data-image-title=\"sever \u0160trbsk\u00e9ho \u0161t\u00edtu, sneh je miestami e\u0161te such\u00fd, na povrchu k\u00f4rka, 13.3.2014\" data-image-description=\"\" data-image-caption=\"\" data-large-file=\"https:\/\/blog.laviny.sk\/wp-content\/uploads\/2014\/11\/strbsky_sever.jpg\" \/><\/a>\n\t\t\t<\/dt><\/dl><dl class='gallery-item'>\n\t\t\t<dt class='gallery-icon landscape'>\n\t\t\t\t<a href='https:\/\/blog.laviny.sk\/?attachment_id=860#main'><img loading=\"lazy\" decoding=\"async\" width=\"300\" height=\"225\" src=\"https:\/\/blog.laviny.sk\/wp-content\/uploads\/2014\/11\/mengusaky-300x225.jpg\" class=\"attachment-medium size-medium\" alt=\"\" srcset=\"https:\/\/blog.laviny.sk\/wp-content\/uploads\/2014\/11\/mengusaky-300x225.jpg 300w, https:\/\/blog.laviny.sk\/wp-content\/uploads\/2014\/11\/mengusaky-768x576.jpg 768w, https:\/\/blog.laviny.sk\/wp-content\/uploads\/2014\/11\/mengusaky.jpg 800w\" sizes=\"auto, (max-width: 300px) 100vw, 300px\" data-attachment-id=\"860\" data-permalink=\"https:\/\/blog.laviny.sk\/?attachment_id=860#main\" data-orig-file=\"https:\/\/blog.laviny.sk\/wp-content\/uploads\/2014\/11\/mengusaky.jpg\" data-orig-size=\"800,600\" data-comments-opened=\"0\" data-image-meta=\"{&quot;aperture&quot;:&quot;0&quot;,&quot;credit&quot;:&quot;&quot;,&quot;camera&quot;:&quot;&quot;,&quot;caption&quot;:&quot;&quot;,&quot;created_timestamp&quot;:&quot;0&quot;,&quot;copyright&quot;:&quot;&quot;,&quot;focal_length&quot;:&quot;0&quot;,&quot;iso&quot;:&quot;0&quot;,&quot;shutter_speed&quot;:&quot;0&quot;,&quot;title&quot;:&quot;&quot;,&quot;orientation&quot;:&quot;0&quot;}\" data-image-title=\"z\u00e1ver Mengusovskej doliny s Mengusovsk\u00fdmi \u0161t\u00edtmi, 13.3.2014\" data-image-description=\"\" data-image-caption=\"\" data-large-file=\"https:\/\/blog.laviny.sk\/wp-content\/uploads\/2014\/11\/mengusaky.jpg\" \/><\/a>\n\t\t\t<\/dt><\/dl>\n\t\t\t<br style='clear: both' \/>\n\t\t<\/div>\n\n","protected":false},"excerpt":{"rendered":"<p>T\u00fd\u017ede\u0148 slne\u010dn\u00e9ho a\u00a0tepl\u00e9ho po\u010dasia Po\u010das dne\u0161n\u00e9ho piatku (14.3) kon\u010d\u00ed peri\u00f3da ve\u013emi kr\u00e1snych slne\u010dn\u00fdch dn\u00ed s\u00a0pomerne vysok\u00fdmi teplotami. Na svedom\u00ed to m\u00e1 mohutn\u00e1 tlakov\u00e1 v\u00fd\u0161 rozprestieraj\u00faca sa takmer nad celou Eur\u00f3pou. Tepl\u00e9 slne\u010dn\u00e9 po\u010dasie vzbudzovalo na hor\u00e1ch pocit jari. Teplota vzduchu dosahovala kladn\u00fdch hodn\u00f4t aj v\u00a0najvy\u0161\u0161\u00edch poloh\u00e1ch Tatier, v stredn\u00fdch poloh\u00e1ch dosahovala 5 a\u017e 12\u00b0C.\u00a0Snehov\u00e1 pokr\u00fdvka&hellip;<\/p>\n","protected":false},"author":1,"featured_media":859,"comment_status":"closed","ping_status":"closed","sticky":false,"template":"","format":"standard","meta":{"jetpack_post_was_ever_published":false,"_jetpack_newsletter_access":"","_jetpack_dont_email_post_to_subs":false,"_jetpack_newsletter_tier_id":0,"_jetpack_memberships_contains_paywalled_content":false,"_jetpack_memberships_contains_paid_content":false,"footnotes":"","jetpack_publicize_message":"","jetpack_publicize_feature_enabled":true,"jetpack_social_post_already_shared":true,"jetpack_social_options":{"image_generator_settings":{"template":"highway","default_image_id":0,"font":"","enabled":false},"version":2}},"categories":[4],"tags":[123,154,197],"class_list":["post-853","post","type-post","status-publish","format-standard","has-post-thumbnail","hentry","category-pocasie-sneh-a-laviny","tag-pocasie","tag-sneh","tag-vysoke-tatry"],"jetpack_publicize_connections":[],"jetpack_featured_media_url":"https:\/\/blog.laviny.sk\/wp-content\/uploads\/2014\/11\/strbsky_sever.jpg","jetpack_sharing_enabled":true,"jetpack_shortlink":"https:\/\/wp.me\/p8DxWh-dL","jetpack-related-posts":[],"_links":{"self":[{"href":"https:\/\/blog.laviny.sk\/index.php?rest_route=\/wp\/v2\/posts\/853","targetHints":{"allow":["GET"]}}],"collection":[{"href":"https:\/\/blog.laviny.sk\/index.php?rest_route=\/wp\/v2\/posts"}],"about":[{"href":"https:\/\/blog.laviny.sk\/index.php?rest_route=\/wp\/v2\/types\/post"}],"author":[{"embeddable":true,"href":"https:\/\/blog.laviny.sk\/index.php?rest_route=\/wp\/v2\/users\/1"}],"replies":[{"embeddable":true,"href":"https:\/\/blog.laviny.sk\/index.php?rest_route=%2Fwp%2Fv2%2Fcomments&post=853"}],"version-history":[{"count":1,"href":"https:\/\/blog.laviny.sk\/index.php?rest_route=\/wp\/v2\/posts\/853\/revisions"}],"predecessor-version":[{"id":5106,"href":"https:\/\/blog.laviny.sk\/index.php?rest_route=\/wp\/v2\/posts\/853\/revisions\/5106"}],"wp:featuredmedia":[{"embeddable":true,"href":"https:\/\/blog.laviny.sk\/index.php?rest_route=\/wp\/v2\/media\/859"}],"wp:attachment":[{"href":"https:\/\/blog.laviny.sk\/index.php?rest_route=%2Fwp%2Fv2%2Fmedia&parent=853"}],"wp:term":[{"taxonomy":"category","embeddable":true,"href":"https:\/\/blog.laviny.sk\/index.php?rest_route=%2Fwp%2Fv2%2Fcategories&post=853"},{"taxonomy":"post_tag","embeddable":true,"href":"https:\/\/blog.laviny.sk\/index.php?rest_route=%2Fwp%2Fv2%2Ftags&post=853"}],"curies":[{"name":"wp","href":"https:\/\/api.w.org\/{rel}","templated":true}]}}