{"id":8414,"date":"2021-11-27T09:32:25","date_gmt":"2021-11-27T08:32:25","guid":{"rendered":"https:\/\/blog.laviny.sk\/?p=8414"},"modified":"2021-11-27T09:33:36","modified_gmt":"2021-11-27T08:33:36","slug":"zomrel-benjamin-strmen","status":"publish","type":"post","link":"https:\/\/blog.laviny.sk\/?p=8414","title":{"rendered":"Zomrel Benjam\u00edn Strme\u0148"},"content":{"rendered":"\n<figure class=\"wp-block-image size-large is-resized is-style-default\"><img loading=\"lazy\" decoding=\"async\" data-attachment-id=\"8416\" data-permalink=\"https:\/\/blog.laviny.sk\/?attachment_id=8416#main\" data-orig-file=\"https:\/\/blog.laviny.sk\/wp-content\/uploads\/2021\/11\/Strmen.jpg\" data-orig-size=\"1066,1029\" data-comments-opened=\"1\" data-image-meta=\"{&quot;aperture&quot;:&quot;0&quot;,&quot;credit&quot;:&quot;&quot;,&quot;camera&quot;:&quot;&quot;,&quot;caption&quot;:&quot;&quot;,&quot;created_timestamp&quot;:&quot;0&quot;,&quot;copyright&quot;:&quot;&quot;,&quot;focal_length&quot;:&quot;0&quot;,&quot;iso&quot;:&quot;0&quot;,&quot;shutter_speed&quot;:&quot;0&quot;,&quot;title&quot;:&quot;&quot;,&quot;orientation&quot;:&quot;0&quot;}\" data-image-title=\"Strmen\" data-image-description=\"\" data-image-caption=\"\" data-large-file=\"https:\/\/blog.laviny.sk\/wp-content\/uploads\/2021\/11\/Strmen-1024x988.jpg\" src=\"https:\/\/blog.laviny.sk\/wp-content\/uploads\/2021\/11\/Strmen-1024x988.jpg\" alt=\"\" class=\"wp-image-8416\" width=\"460\" height=\"444\" srcset=\"https:\/\/blog.laviny.sk\/wp-content\/uploads\/2021\/11\/Strmen-1024x988.jpg 1024w, https:\/\/blog.laviny.sk\/wp-content\/uploads\/2021\/11\/Strmen-300x290.jpg 300w, https:\/\/blog.laviny.sk\/wp-content\/uploads\/2021\/11\/Strmen-768x741.jpg 768w, https:\/\/blog.laviny.sk\/wp-content\/uploads\/2021\/11\/Strmen.jpg 1066w\" sizes=\"auto, (max-width: 460px) 100vw, 460px\" \/><figcaption><em>Benjam\u00edn Strme\u0148 v roku 2014 na konferencii k 90-temu v\u00fdro\u010diu p\u00e1du tragickej lav\u00edny, foto SLP H<\/em>Z<em>S<\/em><\/figcaption><\/figure>\n\n\n\n<p>Pred p\u00e1r d\u0148ami zomrel vo veku 98 rokov Benjam\u00edn Strme\u0148, ktor\u00fd akoby z\u00e1zrakom pre\u017eil najv\u00e4\u010d\u0161iu lav\u00ednov\u00fa katastrofu na Slovensku z roku 1924 v osade Ryb\u00f4. Lav\u00ednu nepre\u017eilo 18 \u013eud\u00ed, z toho p\u00e4\u0165 Benjam\u00ednov\u00fdch s\u00farodencov. V \u010dase trag\u00e9die mal Benjam\u00edn 3 mesiace a \u017eivot mu zachr\u00e1nila kol\u00edska v ktorej spal. P\u00e1n Strme\u0148 bol po cel\u00fd \u017eivot akt\u00edvny \u0161portovec, ktor\u00fd pretekal a\u017e do vysok\u00e9ho veku (Biela stopa, Venerovsk\u00e9ho memori\u00e1l)<\/p>\n\n\n\n<p>Viac o lav\u00edne v <a href=\"https:\/\/blog.laviny.sk\/?p=778\" data-type=\"URL\" data-id=\"https:\/\/blog.laviny.sk\/?p=778\">tomto \u010dl\u00e1nku&#8230;<\/a><\/p>\n","protected":false},"excerpt":{"rendered":"<p>Pred p\u00e1r d\u0148ami zomrel vo veku 98 rokov Benjam\u00edn Strme\u0148, ktor\u00fd akoby z\u00e1zrakom pre\u017eil najv\u00e4\u010d\u0161iu lav\u00ednov\u00fa katastrofu na Slovensku z roku 1924 v osade Ryb\u00f4. Lav\u00ednu nepre\u017eilo 18 \u013eud\u00ed, z toho p\u00e4\u0165 Benjam\u00ednov\u00fdch s\u00farodencov. V \u010dase trag\u00e9die mal Benjam\u00edn 3 mesiace a \u017eivot mu zachr\u00e1nila kol\u00edska v ktorej spal. P\u00e1n Strme\u0148 bol po cel\u00fd \u017eivot&hellip;<\/p>\n","protected":false},"author":1,"featured_media":8416,"comment_status":"open","ping_status":"open","sticky":false,"template":"","format":"standard","meta":{"jetpack_post_was_ever_published":false,"_jetpack_newsletter_access":"","_jetpack_dont_email_post_to_subs":false,"_jetpack_newsletter_tier_id":0,"_jetpack_memberships_contains_paywalled_content":false,"_jetpack_memberships_contains_paid_content":false,"footnotes":"","jetpack_publicize_message":"","jetpack_publicize_feature_enabled":true,"jetpack_social_post_already_shared":true,"jetpack_social_options":{"image_generator_settings":{"template":"highway","default_image_id":0,"font":"","enabled":false},"version":2}},"categories":[3],"tags":[388,364,390,66,143,387,389],"class_list":["post-8414","post","type-post","status-publish","format-standard","has-post-thumbnail","hentry","category-ostatne","tag-benjamin","tag-katastrofa","tag-koliska","tag-lavina","tag-rybo","tag-strmen","tag-tragedia"],"jetpack_publicize_connections":[],"jetpack_featured_media_url":"https:\/\/blog.laviny.sk\/wp-content\/uploads\/2021\/11\/Strmen.jpg","jetpack_sharing_enabled":true,"jetpack_shortlink":"https:\/\/wp.me\/p8DxWh-2bI","jetpack-related-posts":[],"_links":{"self":[{"href":"https:\/\/blog.laviny.sk\/index.php?rest_route=\/wp\/v2\/posts\/8414","targetHints":{"allow":["GET"]}}],"collection":[{"href":"https:\/\/blog.laviny.sk\/index.php?rest_route=\/wp\/v2\/posts"}],"about":[{"href":"https:\/\/blog.laviny.sk\/index.php?rest_route=\/wp\/v2\/types\/post"}],"author":[{"embeddable":true,"href":"https:\/\/blog.laviny.sk\/index.php?rest_route=\/wp\/v2\/users\/1"}],"replies":[{"embeddable":true,"href":"https:\/\/blog.laviny.sk\/index.php?rest_route=%2Fwp%2Fv2%2Fcomments&post=8414"}],"version-history":[{"count":5,"href":"https:\/\/blog.laviny.sk\/index.php?rest_route=\/wp\/v2\/posts\/8414\/revisions"}],"predecessor-version":[{"id":8420,"href":"https:\/\/blog.laviny.sk\/index.php?rest_route=\/wp\/v2\/posts\/8414\/revisions\/8420"}],"wp:featuredmedia":[{"embeddable":true,"href":"https:\/\/blog.laviny.sk\/index.php?rest_route=\/wp\/v2\/media\/8416"}],"wp:attachment":[{"href":"https:\/\/blog.laviny.sk\/index.php?rest_route=%2Fwp%2Fv2%2Fmedia&parent=8414"}],"wp:term":[{"taxonomy":"category","embeddable":true,"href":"https:\/\/blog.laviny.sk\/index.php?rest_route=%2Fwp%2Fv2%2Fcategories&post=8414"},{"taxonomy":"post_tag","embeddable":true,"href":"https:\/\/blog.laviny.sk\/index.php?rest_route=%2Fwp%2Fv2%2Ftags&post=8414"}],"curies":[{"name":"wp","href":"https:\/\/api.w.org\/{rel}","templated":true}]}}