{"id":838,"date":"2014-02-28T12:43:09","date_gmt":"2014-02-28T11:43:09","guid":{"rendered":"http:\/\/slphzs.wordpress.com\/?p=838"},"modified":"2017-04-19T14:37:24","modified_gmt":"2017-04-19T12:37:24","slug":"lavinova-nehoda-v-mlynickej-doline-vo-vysokych-tatrach-24-februara-2014","status":"publish","type":"post","link":"https:\/\/blog.laviny.sk\/?p=838","title":{"rendered":"Lav\u00ednov\u00e1 nehoda v Mlynickej doline vo Vysok\u00fdch Tatr\u00e1ch, 24. febru\u00e1ra 2014"},"content":{"rendered":"<p style=\"text-align: justify;\">Kr\u00e1tko pred 14. hod. 24. febru\u00e1ra 2014 bol prostredn\u00edctvom ties\u0148ovej linky 18300 nahl\u00e1sen\u00fd p\u00e1d lav\u00edny v Mlynickej doline v oblasti Satana. Lav\u00edna strhla dvoch \u010desk\u00fdch skialpinistov, z ktor\u00fdch bol jeden \u0165a\u017eko zranen\u00fd. O\u00a0s\u00fa\u010dinnos\u0165 pri z\u00e1chrannej akcii bola po\u017eiadan\u00e1 aj pos\u00e1dka VZZS z\u00a0Popradu. Kv\u00f4li zl\u00fdm letov\u00fdm podmienkam v\u0161ak z\u00e1chrann\u00e1 akcia za\u010dala pozemne. Na miesto nehody okam\u017eite odi\u0161li v\u00a0dvoch skupin\u00e1ch desiati \u00a0profesion\u00e1lni a\u00a0dobrovo\u013en\u00ed z\u00e1chran\u00e1ri HZS z\u00a0OS Vysok\u00e9 Tatry. Pri inej \u010dinnosti sa v\u00a0lokalite nach\u00e1dzal pr\u00edslu\u0161n\u00edk HZS, ktor\u00fd sa na z\u00e1klade poskytnut\u00fdch inform\u00e1ci\u00ed ako prv\u00fd dostal k\u00a0postihnut\u00fdm. Postupne sa letov\u00e9 podmienky zlep\u0161ili a umo\u017enili tak vzlet pos\u00e1dky VZZS spolo\u010dne so z\u00e1chran\u00e1rom HZS, ktor\u00fd bol vyzdvihnut\u00fd na heliporte v\u00a0Starom Smokovci. Kv\u00f4li pulzuj\u00facej hmle nebol mo\u017en\u00fd v\u00fdsadok v\u00a0mieste nehody, preto boli z\u00e1chran\u00e1r HZS a\u00a0lek\u00e1r VZZS vysaden\u00ed nad miestom udalosti v opret\u00ed. Po z\u00e1kladnom vy\u0161etren\u00ed lek\u00e1rom bol zranen\u00fd 39\u2013ro\u010dn\u00fd mu\u017e o\u0161etren\u00fd a n\u00e1sledne bol transportovan\u00fd spolo\u010dne s\u00a0lek\u00e1rom vrtu\u013en\u00edkom do popradskej nemocnice. Druh\u00fd z\u00a0dvojice \u010desk\u00fdch skialpinistov zi\u0161iel v sprievode z\u00e1chran\u00e1ra HZS na \u0160trbsk\u00e9 pleso.<\/p>\n\n\t\t<style type=\"text\/css\">\n\t\t\t#gallery-1 {\n\t\t\t\tmargin: auto;\n\t\t\t}\n\t\t\t#gallery-1 .gallery-item {\n\t\t\t\tfloat: left;\n\t\t\t\tmargin-top: 10px;\n\t\t\t\ttext-align: center;\n\t\t\t\twidth: 33%;\n\t\t\t}\n\t\t\t#gallery-1 img {\n\t\t\t\tborder: 2px solid #cfcfcf;\n\t\t\t}\n\t\t\t#gallery-1 .gallery-caption {\n\t\t\t\tmargin-left: 0;\n\t\t\t}\n\t\t\t\/* see gallery_shortcode() in wp-includes\/media.php *\/\n\t\t<\/style>\n\t\t<div data-carousel-extra='{&quot;blog_id&quot;:1,&quot;permalink&quot;:&quot;https:\/\/blog.laviny.sk\/?p=838&quot;}' id='gallery-1' class='gallery galleryid-838 gallery-columns-3 gallery-size-large'><dl class='gallery-item'>\n\t\t\t<dt class='gallery-icon landscape'>\n\t\t\t\t<a href='https:\/\/blog.laviny.sk\/?attachment_id=840#main'><img loading=\"lazy\" decoding=\"async\" width=\"700\" height=\"525\" src=\"https:\/\/blog.laviny.sk\/wp-content\/uploads\/2014\/11\/mlynicka_3.png\" class=\"attachment-large size-large\" alt=\"\" srcset=\"https:\/\/blog.laviny.sk\/wp-content\/uploads\/2014\/11\/mlynicka_3.png 960w, https:\/\/blog.laviny.sk\/wp-content\/uploads\/2014\/11\/mlynicka_3-300x225.png 300w, https:\/\/blog.laviny.sk\/wp-content\/uploads\/2014\/11\/mlynicka_3-768x576.png 768w\" sizes=\"auto, (max-width: 700px) 100vw, 700px\" data-attachment-id=\"840\" data-permalink=\"https:\/\/blog.laviny.sk\/?attachment_id=840#main\" data-orig-file=\"https:\/\/blog.laviny.sk\/wp-content\/uploads\/2014\/11\/mlynicka_3.png\" data-orig-size=\"960,720\" data-comments-opened=\"0\" data-image-meta=\"{&quot;aperture&quot;:&quot;0&quot;,&quot;credit&quot;:&quot;&quot;,&quot;camera&quot;:&quot;&quot;,&quot;caption&quot;:&quot;&quot;,&quot;created_timestamp&quot;:&quot;0&quot;,&quot;copyright&quot;:&quot;&quot;,&quot;focal_length&quot;:&quot;0&quot;,&quot;iso&quot;:&quot;0&quot;,&quot;shutter_speed&quot;:&quot;0&quot;,&quot;title&quot;:&quot;&quot;,&quot;orientation&quot;:&quot;0&quot;}\" data-image-title=\"Horn\u00e1 \u010das\u0165 n\u00e1nosu\" data-image-description=\"\" data-image-caption=\"\" data-large-file=\"https:\/\/blog.laviny.sk\/wp-content\/uploads\/2014\/11\/mlynicka_3.png\" \/><\/a>\n\t\t\t<\/dt><\/dl><dl class='gallery-item'>\n\t\t\t<dt class='gallery-icon landscape'>\n\t\t\t\t<a href='https:\/\/blog.laviny.sk\/?attachment_id=841#main'><img loading=\"lazy\" decoding=\"async\" width=\"700\" height=\"525\" src=\"https:\/\/blog.laviny.sk\/wp-content\/uploads\/2014\/11\/mlynicka_2.png\" class=\"attachment-large size-large\" alt=\"\" srcset=\"https:\/\/blog.laviny.sk\/wp-content\/uploads\/2014\/11\/mlynicka_2.png 960w, https:\/\/blog.laviny.sk\/wp-content\/uploads\/2014\/11\/mlynicka_2-300x225.png 300w, https:\/\/blog.laviny.sk\/wp-content\/uploads\/2014\/11\/mlynicka_2-768x576.png 768w\" sizes=\"auto, (max-width: 700px) 100vw, 700px\" data-attachment-id=\"841\" data-permalink=\"https:\/\/blog.laviny.sk\/?attachment_id=841#main\" data-orig-file=\"https:\/\/blog.laviny.sk\/wp-content\/uploads\/2014\/11\/mlynicka_2.png\" data-orig-size=\"960,720\" data-comments-opened=\"0\" data-image-meta=\"{&quot;aperture&quot;:&quot;0&quot;,&quot;credit&quot;:&quot;&quot;,&quot;camera&quot;:&quot;&quot;,&quot;caption&quot;:&quot;&quot;,&quot;created_timestamp&quot;:&quot;0&quot;,&quot;copyright&quot;:&quot;&quot;,&quot;focal_length&quot;:&quot;0&quot;,&quot;iso&quot;:&quot;0&quot;,&quot;shutter_speed&quot;:&quot;0&quot;,&quot;title&quot;:&quot;&quot;,&quot;orientation&quot;:&quot;0&quot;}\" data-image-title=\"Doln\u00e1 \u010das\u0165 n\u00e1nosu\" data-image-description=\"\" data-image-caption=\"\" data-large-file=\"https:\/\/blog.laviny.sk\/wp-content\/uploads\/2014\/11\/mlynicka_2.png\" \/><\/a>\n\t\t\t<\/dt><\/dl><dl class='gallery-item'>\n\t\t\t<dt class='gallery-icon landscape'>\n\t\t\t\t<a href='https:\/\/blog.laviny.sk\/?attachment_id=842#main'><img loading=\"lazy\" decoding=\"async\" width=\"700\" height=\"497\" src=\"https:\/\/blog.laviny.sk\/wp-content\/uploads\/2014\/11\/2014-02-24-satan-lavinka-1024x727.jpg\" class=\"attachment-large size-large\" alt=\"\" srcset=\"https:\/\/blog.laviny.sk\/wp-content\/uploads\/2014\/11\/2014-02-24-satan-lavinka-1024x727.jpg 1024w, https:\/\/blog.laviny.sk\/wp-content\/uploads\/2014\/11\/2014-02-24-satan-lavinka-300x213.jpg 300w, https:\/\/blog.laviny.sk\/wp-content\/uploads\/2014\/11\/2014-02-24-satan-lavinka-768x545.jpg 768w, https:\/\/blog.laviny.sk\/wp-content\/uploads\/2014\/11\/2014-02-24-satan-lavinka.jpg 1135w\" sizes=\"auto, (max-width: 700px) 100vw, 700px\" data-attachment-id=\"842\" data-permalink=\"https:\/\/blog.laviny.sk\/?attachment_id=842#main\" data-orig-file=\"https:\/\/blog.laviny.sk\/wp-content\/uploads\/2014\/11\/2014-02-24-satan-lavinka.jpg\" data-orig-size=\"1135,806\" data-comments-opened=\"0\" data-image-meta=\"{&quot;aperture&quot;:&quot;0&quot;,&quot;credit&quot;:&quot;&quot;,&quot;camera&quot;:&quot;&quot;,&quot;caption&quot;:&quot;&quot;,&quot;created_timestamp&quot;:&quot;0&quot;,&quot;copyright&quot;:&quot;&quot;,&quot;focal_length&quot;:&quot;0&quot;,&quot;iso&quot;:&quot;0&quot;,&quot;shutter_speed&quot;:&quot;0&quot;,&quot;title&quot;:&quot;&quot;,&quot;orientation&quot;:&quot;0&quot;}\" data-image-title=\"Schematick\u00fd n\u00e1\u010drt lav\u00ednovej dr\u00e1hy\" data-image-description=\"\" data-image-caption=\"\" data-large-file=\"https:\/\/blog.laviny.sk\/wp-content\/uploads\/2014\/11\/2014-02-24-satan-lavinka-1024x727.jpg\" \/><\/a>\n\t\t\t<\/dt><\/dl><br style=\"clear: both\" \/>\n\t\t<\/div>\n\n<p style=\"text-align: justify;\">Pr\u00edslu\u0161n\u00edci Strediska lav\u00ednovej prevencie sa pri obhliadke lav\u00edny na nasleduj\u00faci de\u0148 sa pri nej stretli s dvojicou \u010desk\u00fdch skialpinistov, ktor\u00ed boli \u00fa\u010dastn\u00edkmi tejto nehody. Lavin\u00e1ri zistili, \u017ee skupina skialpinistov vyst\u00fapila do Satanovho sedla z Mengusovskej doliny. Pri dodr\u017ean\u00ed bezpe\u010dnostn\u00fdch rozostupov za\u010dali zly\u017eov\u00e1va\u0165 \u017e\u013eab do Mlynickej doliny. Prv\u00ed dvaja st\u00e1li pri skalnom zlome pribli\u017ene v polovici \u017e\u013eabu a rozhodovali sa ak\u00fdm sp\u00f4sobom ho prekonaj\u00fa. Tret\u00ed \u010dlen skupiny ly\u017eoval k nim. Pri prejazde snehov\u00fdm vank\u00fa\u0161om alebo doskou uvo\u013enil lav\u00ednu. Lav\u00edna nemala vo svojej po\u010diato\u010dnej f\u00e1ze ve\u013ek\u00fa r\u00fdchlos\u0165 ani objem, preto sa stojac\u00edm skialpinistom zdalo, \u017ee ju &#8222;ustoja&#8220;. Lav\u00edna v\u0161ak mala v\u00e4\u010d\u0161iu silu ako predpokladali a strhla ich dole \u017e\u013eabom. Jeden z nich utrpel v\u00e1\u017ene zranenia chbtice, ktor\u00e9 mu neumo\u017e\u0148ovali pohyb. Druh\u00fd len men\u0161ie poranenie &#8211; odreniny a pomlia\u017edeniny. Tret\u00ed \u010dlen skupiny sa rozhodol vr\u00e1ti\u0165 do sedla a zly\u017eoval \u017e\u013eab, ktor\u00fdm skialpinisti robili v\u00fdstup.<\/p>\n<div id=\"attachment_839\" style=\"width: 406px\" class=\"wp-caption aligncenter\"><a href=\"https:\/\/192.168.10.134\/wp-content\/uploads\/2014\/11\/mlynicka_1.png\"><img loading=\"lazy\" decoding=\"async\" aria-describedby=\"caption-attachment-839\" data-attachment-id=\"839\" data-permalink=\"https:\/\/blog.laviny.sk\/?attachment_id=839#main\" data-orig-file=\"https:\/\/blog.laviny.sk\/wp-content\/uploads\/2014\/11\/mlynicka_1.png\" data-orig-size=\"537,719\" data-comments-opened=\"0\" data-image-meta=\"{&quot;aperture&quot;:&quot;0&quot;,&quot;credit&quot;:&quot;&quot;,&quot;camera&quot;:&quot;&quot;,&quot;caption&quot;:&quot;&quot;,&quot;created_timestamp&quot;:&quot;0&quot;,&quot;copyright&quot;:&quot;&quot;,&quot;focal_length&quot;:&quot;0&quot;,&quot;iso&quot;:&quot;0&quot;,&quot;shutter_speed&quot;:&quot;0&quot;,&quot;title&quot;:&quot;&quot;,&quot;orientation&quot;:&quot;0&quot;}\" data-image-title=\"Miesto odtrhu lav\u00edny\" data-image-description=\"\" data-image-caption=\"\" data-large-file=\"https:\/\/blog.laviny.sk\/wp-content\/uploads\/2014\/11\/mlynicka_1.png\" class=\"wp-image-839 \" src=\"https:\/\/192.168.10.134\/wp-content\/uploads\/2014\/11\/mlynicka_1.png\" alt=\"Miesto odtrhu lav\u00edny\" width=\"400\" height=\"533\" \/><\/a><p id=\"caption-attachment-839\" class=\"wp-caption-text\">Miesto odtrhu lav\u00edny<\/p><\/div>\n<p><strong>Popis lav\u00edny<\/strong><br \/>\nTypick\u00e1 \u017e\u013eabov\u00e1 lav\u00edna spadla v \u017e\u013eabe s juhoz\u00e1padnou orient\u00e1ciou. Priemern\u00fd sklon svahu je 43\u00b0, \u010d\u00edm sa rad\u00ed medzi ve\u013emi strm\u00e9 svahy. Pod\u013ea medzin\u00e1rodnej defin\u00edcie ve\u013emi strm\u00e9 svahy maj\u00fa sklon viac ako 40\u00b0 a v ich profile sa m\u00f4\u017eu nach\u00e1dza\u0165 ter\u00e9nne zlomy. Uvo\u013enenie lav\u00edny sp\u00f4sobil svojim dodato\u010dn\u00fdm za\u0165a\u017een\u00edm snehovej pokr\u00fdvky tret\u00ed ly\u017eiar. Lav\u00edna nemala ve\u013ek\u00fd objem, ale prekonala dr\u00e1hu viac ako 200 m. Jej de\u0161truk\u010dn\u00fd potenci\u00e1l sp\u00f4sobil zranenie, preto je klasifikovan\u00e1 ako mal\u00e1 lav\u00edna.<\/p>\n<div style=\"text-align: justify;\">\u010celo n\u00e1nosu sa nach\u00e1dzalo v nadmorskej v\u00fd\u0161ke 2012 m. D\u013a\u017eka n\u00e1nosu bola 190 m, \u0161\u00edrka 15 m. Priemern\u00e1 v\u00fd\u0161ka n\u00e1nosu bola men\u0161ia ako 0,5 m.Jeho podstatn\u00fa \u010das\u0165 tvorili hrudy a snehov\u00e9 bloky. Aj preto sa obaja po zastaven\u00ed lav\u00edny nach\u00e1dzali na jej povrchu.<\/div>\n<div>\n<div>\n<p style=\"text-align: justify;\">Stredisko lav\u00ednovej prevencie na 24. febru\u00e1ra 2014 pre Vysok\u00e9 Tatry vyhl\u00e1silo pre polohy nad 1800 m mierne lav\u00ednov\u00e9 nebezpe\u010denstvo. t.j. 2. stupe\u0148 z 5-dielnej medzin\u00e1rodnej stupnice. Pri miernom lav\u00ednovom nebezpe\u010denstve je pravdepodobn\u00e9 uvo\u013enenie lav\u00edn hlavne pri ve\u013ekom dodato\u010dnom za\u0165a\u017een\u00ed obzvl\u00e1\u0161\u0165 na strm\u00fdch svahoch (svahy nad 30\u00b0). V popise lav\u00ednovej inform\u00e1cie \u010falej Stredisko upozor\u0148ovalo na nebezpe\u010dn\u00e9 snehov\u00e9 dosky a vank\u00fa\u0161e vo vysok\u00fdch poloh\u00e1ch na uveden\u00fdch svahoch. Skialpinisti mali \u0161\u0165astie, \u017ee pri p\u00e1de cez skaln\u00fd blok neutrpali v\u00e1\u017enej\u0161ie mechanick\u00e9 poranenia sp\u00f4soben\u00e9 n\u00e1razom o skaly.<\/p>\n<p><a href=\"https:\/\/192.168.10.134\/wp-content\/uploads\/2014\/11\/chyby_mlynickc3a1-e1416397779971.png\"><img loading=\"lazy\" decoding=\"async\" data-attachment-id=\"843\" data-permalink=\"https:\/\/blog.laviny.sk\/?attachment_id=843#main\" data-orig-file=\"https:\/\/blog.laviny.sk\/wp-content\/uploads\/2014\/11\/chyby_mlynickc3a1-e1416397779971.png\" data-orig-size=\"912,626\" data-comments-opened=\"0\" data-image-meta=\"{&quot;aperture&quot;:&quot;0&quot;,&quot;credit&quot;:&quot;&quot;,&quot;camera&quot;:&quot;&quot;,&quot;caption&quot;:&quot;&quot;,&quot;created_timestamp&quot;:&quot;0&quot;,&quot;copyright&quot;:&quot;&quot;,&quot;focal_length&quot;:&quot;0&quot;,&quot;iso&quot;:&quot;0&quot;,&quot;shutter_speed&quot;:&quot;0&quot;,&quot;title&quot;:&quot;&quot;,&quot;orientation&quot;:&quot;0&quot;}\" data-image-title=\"Hodnotenie spr\u00e1vania sa skialpinistov pri jednotliv\u00fdch \u010dinnostiach\" data-image-description=\"\" data-image-caption=\"\" data-large-file=\"https:\/\/blog.laviny.sk\/wp-content\/uploads\/2014\/11\/chyby_mlynickc3a1-e1416397779971.png\" class=\"aligncenter wp-image-843 size-large\" src=\"https:\/\/192.168.10.134\/wp-content\/uploads\/2014\/11\/chyby_mlynickc3a1-e1416397779971.png?w=700\" alt=\"\" width=\"700\" height=\"480\" srcset=\"https:\/\/blog.laviny.sk\/wp-content\/uploads\/2014\/11\/chyby_mlynickc3a1-e1416397779971.png 912w, https:\/\/blog.laviny.sk\/wp-content\/uploads\/2014\/11\/chyby_mlynickc3a1-e1416397779971-300x206.png 300w, https:\/\/blog.laviny.sk\/wp-content\/uploads\/2014\/11\/chyby_mlynickc3a1-e1416397779971-768x527.png 768w\" sizes=\"auto, (max-width: 700px) 100vw, 700px\" \/><\/a><\/p>\n<p style=\"text-align: justify;\">Foto: Arch\u00edv SLP<\/p>\n<\/div>\n<\/div>\n","protected":false},"excerpt":{"rendered":"<p>Kr\u00e1tko pred 14. hod. 24. febru\u00e1ra 2014 bol prostredn\u00edctvom ties\u0148ovej linky 18300 nahl\u00e1sen\u00fd p\u00e1d lav\u00edny v Mlynickej doline v oblasti Satana. Lav\u00edna strhla dvoch \u010desk\u00fdch skialpinistov, z ktor\u00fdch bol jeden \u0165a\u017eko zranen\u00fd. O\u00a0s\u00fa\u010dinnos\u0165 pri z\u00e1chrannej akcii bola po\u017eiadan\u00e1 aj pos\u00e1dka VZZS z\u00a0Popradu. Kv\u00f4li zl\u00fdm letov\u00fdm podmienkam v\u0161ak z\u00e1chrann\u00e1 akcia za\u010dala pozemne. Na miesto nehody okam\u017eite&hellip;<\/p>\n","protected":false},"author":1,"featured_media":842,"comment_status":"closed","ping_status":"closed","sticky":false,"template":"","format":"standard","meta":{"jetpack_post_was_ever_published":false,"_jetpack_newsletter_access":"","_jetpack_dont_email_post_to_subs":false,"_jetpack_newsletter_tier_id":0,"_jetpack_memberships_contains_paywalled_content":false,"_jetpack_memberships_contains_paid_content":false,"footnotes":"","jetpack_publicize_message":"","jetpack_publicize_feature_enabled":true,"jetpack_social_post_already_shared":true,"jetpack_social_options":{"image_generator_settings":{"template":"highway","default_image_id":0,"font":"","enabled":false},"version":2}},"categories":[2],"tags":[67,97,197],"class_list":["post-838","post","type-post","status-publish","format-standard","has-post-thumbnail","hentry","category-lavinove-nehody","tag-lavinova-nehoda","tag-mlynicka-dolina","tag-vysoke-tatry"],"jetpack_publicize_connections":[],"jetpack_featured_media_url":"https:\/\/blog.laviny.sk\/wp-content\/uploads\/2014\/11\/2014-02-24-satan-lavinka.jpg","jetpack_sharing_enabled":true,"jetpack_shortlink":"https:\/\/wp.me\/p8DxWh-dw","jetpack-related-posts":[],"_links":{"self":[{"href":"https:\/\/blog.laviny.sk\/index.php?rest_route=\/wp\/v2\/posts\/838","targetHints":{"allow":["GET"]}}],"collection":[{"href":"https:\/\/blog.laviny.sk\/index.php?rest_route=\/wp\/v2\/posts"}],"about":[{"href":"https:\/\/blog.laviny.sk\/index.php?rest_route=\/wp\/v2\/types\/post"}],"author":[{"embeddable":true,"href":"https:\/\/blog.laviny.sk\/index.php?rest_route=\/wp\/v2\/users\/1"}],"replies":[{"embeddable":true,"href":"https:\/\/blog.laviny.sk\/index.php?rest_route=%2Fwp%2Fv2%2Fcomments&post=838"}],"version-history":[{"count":1,"href":"https:\/\/blog.laviny.sk\/index.php?rest_route=\/wp\/v2\/posts\/838\/revisions"}],"predecessor-version":[{"id":5114,"href":"https:\/\/blog.laviny.sk\/index.php?rest_route=\/wp\/v2\/posts\/838\/revisions\/5114"}],"wp:featuredmedia":[{"embeddable":true,"href":"https:\/\/blog.laviny.sk\/index.php?rest_route=\/wp\/v2\/media\/842"}],"wp:attachment":[{"href":"https:\/\/blog.laviny.sk\/index.php?rest_route=%2Fwp%2Fv2%2Fmedia&parent=838"}],"wp:term":[{"taxonomy":"category","embeddable":true,"href":"https:\/\/blog.laviny.sk\/index.php?rest_route=%2Fwp%2Fv2%2Fcategories&post=838"},{"taxonomy":"post_tag","embeddable":true,"href":"https:\/\/blog.laviny.sk\/index.php?rest_route=%2Fwp%2Fv2%2Ftags&post=838"}],"curies":[{"name":"wp","href":"https:\/\/api.w.org\/{rel}","templated":true}]}}