{"id":822,"date":"2014-02-21T12:29:48","date_gmt":"2014-02-21T11:29:48","guid":{"rendered":"http:\/\/slphzs.wordpress.com\/?p=822"},"modified":"2017-04-19T14:35:17","modified_gmt":"2017-04-19T12:35:17","slug":"priebeh-pocasia-a-vyvoj-snehovej-pokryvky-od-15-do-21-februara-2014","status":"publish","type":"post","link":"https:\/\/blog.laviny.sk\/?p=822","title":{"rendered":"Priebeh po\u010dasia a v\u00fdvoj snehovej pokr\u00fdvky od 15. do 21. febru\u00e1ra 2014"},"content":{"rendered":"<p style=\"text-align: justify;\">Po predch\u00e1dzaj\u00facom sne\u017een\u00ed a\u00a0relat\u00edvne chladnej\u0161om po\u010das\u00ed sa po\u010das v\u00edkendu\u00a0 15\/16. febru\u00e1ra za\u010dalo silno otep\u013eova\u0165. Izoterma 0\u00b0C vyst\u00fapila v\u00a0Tatr\u00e1ch nachv\u00ed\u013eu a\u017e do v\u00fd\u0161ky 2500 m. Oteplenie v\u0161ak bolo kr\u00e1tkodob\u00e9, po\u010das noci z\u00a0nedele na pondelok sa op\u00e4\u0165 ochladilo a\u00a0nasne\u017eilo nieko\u013eko cm nov\u00e9ho snehu. Stabilita snehovej pokr\u00fdvky sa vplyvom striedania kladn\u00fdch a\u00a0z\u00e1porn\u00fdch tepl\u00f4t zlep\u0161ila. Lav\u00ednov\u00e9 nebezpe\u010denstvo kleslo z\u00a0v\u00edkendovej 3 (zv\u00fd\u0161en\u00e9) na stupe\u0148 2. (mierne). Vo Fatr\u00e1ch kleslo lav\u00ednov\u00e9 nebezpe\u010denstvo na mal\u00e9, 1. stupe\u0148. V\u00a0nasleduj\u00faci pracovn\u00fd t\u00fd\u017ede\u0148 sa nevyskytli \u017eiadne zr\u00e1\u017eky, prevl\u00e1dalo premenliv\u00e9 obla\u010dn\u00e9 po\u010dasie. Striedali sa pekn\u00e9, slne\u010dn\u00e9 dni zo zamra\u010den\u00fdmi. Snehov\u00e1 pokr\u00fdvka na\u010falej sadala a\u00a0stabilizovala sa. Ku koncu t\u00fd\u017ed\u0148a pretrv\u00e1valo mierne lav\u00ednov\u00e9 nebezpe\u010denstvo (2.stupe\u0148) u\u017e len v\u00a0najvy\u0161\u0161\u00edch poloh\u00e1ch Tatier a\u00a0N\u00edzkych Tatier nad 1800 m.<\/p>\n\n\t\t<style type=\"text\/css\">\n\t\t\t#gallery-1 {\n\t\t\t\tmargin: auto;\n\t\t\t}\n\t\t\t#gallery-1 .gallery-item {\n\t\t\t\tfloat: left;\n\t\t\t\tmargin-top: 10px;\n\t\t\t\ttext-align: center;\n\t\t\t\twidth: 25%;\n\t\t\t}\n\t\t\t#gallery-1 img {\n\t\t\t\tborder: 2px solid #cfcfcf;\n\t\t\t}\n\t\t\t#gallery-1 .gallery-caption {\n\t\t\t\tmargin-left: 0;\n\t\t\t}\n\t\t\t\/* see gallery_shortcode() in wp-includes\/media.php *\/\n\t\t<\/style>\n\t\t<div data-carousel-extra='{&quot;blog_id&quot;:1,&quot;permalink&quot;:&quot;https:\/\/blog.laviny.sk\/?p=822&quot;}' id='gallery-1' class='gallery galleryid-822 gallery-columns-4 gallery-size-medium'><dl class='gallery-item'>\n\t\t\t<dt class='gallery-icon landscape'>\n\t\t\t\t<a href='https:\/\/blog.laviny.sk\/?attachment_id=823#main'><img loading=\"lazy\" decoding=\"async\" width=\"300\" height=\"225\" src=\"https:\/\/blog.laviny.sk\/wp-content\/uploads\/2014\/11\/img_20140218_1002_hk-300x225.jpg\" class=\"attachment-medium size-medium\" alt=\"\" srcset=\"https:\/\/blog.laviny.sk\/wp-content\/uploads\/2014\/11\/img_20140218_1002_hk-300x225.jpg 300w, https:\/\/blog.laviny.sk\/wp-content\/uploads\/2014\/11\/img_20140218_1002_hk.jpg 640w\" sizes=\"auto, (max-width: 300px) 100vw, 300px\" data-attachment-id=\"823\" data-permalink=\"https:\/\/blog.laviny.sk\/?attachment_id=823#main\" data-orig-file=\"https:\/\/blog.laviny.sk\/wp-content\/uploads\/2014\/11\/img_20140218_1002_hk.jpg\" data-orig-size=\"640,480\" data-comments-opened=\"0\" data-image-meta=\"{&quot;aperture&quot;:&quot;0&quot;,&quot;credit&quot;:&quot;&quot;,&quot;camera&quot;:&quot;&quot;,&quot;caption&quot;:&quot;&quot;,&quot;created_timestamp&quot;:&quot;0&quot;,&quot;copyright&quot;:&quot;&quot;,&quot;focal_length&quot;:&quot;0&quot;,&quot;iso&quot;:&quot;0&quot;,&quot;shutter_speed&quot;:&quot;0&quot;,&quot;title&quot;:&quot;&quot;,&quot;orientation&quot;:&quot;0&quot;}\" data-image-title=\"Hrub\u00e1 kopa a Tri kopy, Z\u00e1padn\u00e9 Tatry 18.2.2014 webcam\" data-image-description=\"\" data-image-caption=\"\" data-large-file=\"https:\/\/blog.laviny.sk\/wp-content\/uploads\/2014\/11\/img_20140218_1002_hk.jpg\" \/><\/a>\n\t\t\t<\/dt><\/dl><dl class='gallery-item'>\n\t\t\t<dt class='gallery-icon landscape'>\n\t\t\t\t<a href='https:\/\/blog.laviny.sk\/?attachment_id=825#main'><img loading=\"lazy\" decoding=\"async\" width=\"300\" height=\"225\" src=\"https:\/\/blog.laviny.sk\/wp-content\/uploads\/2014\/11\/img_20140218_0902_lp-300x225.jpg\" class=\"attachment-medium size-medium\" alt=\"\" srcset=\"https:\/\/blog.laviny.sk\/wp-content\/uploads\/2014\/11\/img_20140218_0902_lp-300x225.jpg 300w, https:\/\/blog.laviny.sk\/wp-content\/uploads\/2014\/11\/img_20140218_0902_lp.jpg 640w\" sizes=\"auto, (max-width: 300px) 100vw, 300px\" data-attachment-id=\"825\" data-permalink=\"https:\/\/blog.laviny.sk\/?attachment_id=825#main\" data-orig-file=\"https:\/\/blog.laviny.sk\/wp-content\/uploads\/2014\/11\/img_20140218_0902_lp.jpg\" data-orig-size=\"640,480\" data-comments-opened=\"0\" data-image-meta=\"{&quot;aperture&quot;:&quot;0&quot;,&quot;credit&quot;:&quot;&quot;,&quot;camera&quot;:&quot;&quot;,&quot;caption&quot;:&quot;&quot;,&quot;created_timestamp&quot;:&quot;0&quot;,&quot;copyright&quot;:&quot;&quot;,&quot;focal_length&quot;:&quot;0&quot;,&quot;iso&quot;:&quot;0&quot;,&quot;shutter_speed&quot;:&quot;0&quot;,&quot;title&quot;:&quot;&quot;,&quot;orientation&quot;:&quot;0&quot;}\" data-image-title=\"Javorov\u00e9 \u0161t\u00edty, sedlo Z\u00e1vrat, Vysok\u00e9 Tatry 18.2.2014 webcam\" data-image-description=\"\" data-image-caption=\"\" data-large-file=\"https:\/\/blog.laviny.sk\/wp-content\/uploads\/2014\/11\/img_20140218_0902_lp.jpg\" \/><\/a>\n\t\t\t<\/dt><\/dl><dl class='gallery-item'>\n\t\t\t<dt class='gallery-icon landscape'>\n\t\t\t\t<a href='https:\/\/blog.laviny.sk\/?attachment_id=826#main'><img loading=\"lazy\" decoding=\"async\" width=\"300\" height=\"225\" src=\"https:\/\/blog.laviny.sk\/wp-content\/uploads\/2014\/11\/20140217_094017-300x225.jpg\" class=\"attachment-medium size-medium\" alt=\"\" srcset=\"https:\/\/blog.laviny.sk\/wp-content\/uploads\/2014\/11\/20140217_094017-300x225.jpg 300w, https:\/\/blog.laviny.sk\/wp-content\/uploads\/2014\/11\/20140217_094017-1024x768.jpg 1024w, https:\/\/blog.laviny.sk\/wp-content\/uploads\/2014\/11\/20140217_094017-768x576.jpg 768w, https:\/\/blog.laviny.sk\/wp-content\/uploads\/2014\/11\/20140217_094017-1536x1152.jpg 1536w, https:\/\/blog.laviny.sk\/wp-content\/uploads\/2014\/11\/20140217_094017.jpg 1600w\" sizes=\"auto, (max-width: 300px) 100vw, 300px\" data-attachment-id=\"826\" data-permalink=\"https:\/\/blog.laviny.sk\/?attachment_id=826#main\" data-orig-file=\"https:\/\/blog.laviny.sk\/wp-content\/uploads\/2014\/11\/20140217_094017.jpg\" data-orig-size=\"1600,1200\" data-comments-opened=\"0\" data-image-meta=\"{&quot;aperture&quot;:&quot;0&quot;,&quot;credit&quot;:&quot;&quot;,&quot;camera&quot;:&quot;&quot;,&quot;caption&quot;:&quot;&quot;,&quot;created_timestamp&quot;:&quot;0&quot;,&quot;copyright&quot;:&quot;&quot;,&quot;focal_length&quot;:&quot;0&quot;,&quot;iso&quot;:&quot;0&quot;,&quot;shutter_speed&quot;:&quot;0&quot;,&quot;title&quot;:&quot;&quot;,&quot;orientation&quot;:&quot;0&quot;}\" data-image-title=\"Dere\u0161sk\u00e9 rebro, N\u00edzke Tatry 17.2.2014\" data-image-description=\"\" data-image-caption=\"\" data-large-file=\"https:\/\/blog.laviny.sk\/wp-content\/uploads\/2014\/11\/20140217_094017-1024x768.jpg\" \/><\/a>\n\t\t\t<\/dt><\/dl><dl class='gallery-item'>\n\t\t\t<dt class='gallery-icon landscape'>\n\t\t\t\t<a href='https:\/\/blog.laviny.sk\/?attachment_id=827#main'><img loading=\"lazy\" decoding=\"async\" width=\"300\" height=\"169\" src=\"https:\/\/blog.laviny.sk\/wp-content\/uploads\/2014\/11\/dsc_0072-300x169.jpg\" class=\"attachment-medium size-medium\" alt=\"\" srcset=\"https:\/\/blog.laviny.sk\/wp-content\/uploads\/2014\/11\/dsc_0072-300x169.jpg 300w, https:\/\/blog.laviny.sk\/wp-content\/uploads\/2014\/11\/dsc_0072-1024x576.jpg 1024w, https:\/\/blog.laviny.sk\/wp-content\/uploads\/2014\/11\/dsc_0072-768x432.jpg 768w, https:\/\/blog.laviny.sk\/wp-content\/uploads\/2014\/11\/dsc_0072-1536x864.jpg 1536w, https:\/\/blog.laviny.sk\/wp-content\/uploads\/2014\/11\/dsc_0072-460x260.jpg 460w, https:\/\/blog.laviny.sk\/wp-content\/uploads\/2014\/11\/dsc_0072.jpg 1600w\" sizes=\"auto, (max-width: 300px) 100vw, 300px\" data-attachment-id=\"827\" data-permalink=\"https:\/\/blog.laviny.sk\/?attachment_id=827#main\" data-orig-file=\"https:\/\/blog.laviny.sk\/wp-content\/uploads\/2014\/11\/dsc_0072.jpg\" data-orig-size=\"1600,900\" data-comments-opened=\"0\" data-image-meta=\"{&quot;aperture&quot;:&quot;0&quot;,&quot;credit&quot;:&quot;&quot;,&quot;camera&quot;:&quot;&quot;,&quot;caption&quot;:&quot;&quot;,&quot;created_timestamp&quot;:&quot;0&quot;,&quot;copyright&quot;:&quot;&quot;,&quot;focal_length&quot;:&quot;0&quot;,&quot;iso&quot;:&quot;0&quot;,&quot;shutter_speed&quot;:&quot;0&quot;,&quot;title&quot;:&quot;&quot;,&quot;orientation&quot;:&quot;0&quot;}\" data-image-title=\"Testy stability snehovej pokr\u00fdvky, R\u00e1ko\u0148 &amp;#8211; Z\u00e1padn\u00e9 Tatry, 18.2.2014\" data-image-description=\"\" data-image-caption=\"\" data-large-file=\"https:\/\/blog.laviny.sk\/wp-content\/uploads\/2014\/11\/dsc_0072-1024x576.jpg\" \/><\/a>\n\t\t\t<\/dt><\/dl><br style=\"clear: both\" \/>\n\t\t<\/div>\n\n<p style=\"text-align: justify;\">V\u00fd\u0161ka snehovej pokr\u00fdvky je na\u010falej, u\u017e chronicky podpriemern\u00e1, a\u00a0to najm\u00e4 v poloh\u00e1ch do 1700 m n.m. Kvalita snehu je r\u00f4znorod\u00e1, hrebene a\u00a0rebr\u00e1 s\u00fa vyf\u00fakan\u00e9 na tvrd\u00fd, z\u013eadovaten\u00fd povrch. Svahy na ju\u017en\u00fdch svahoch s\u00fa takisto preva\u017ene tvrd\u00e9 a\u017e zmrznut\u00e9, na severn\u00fdch a\u017e v\u00fdchodn\u00fdch svahoch je na tvrd\u0161om snehu e\u0161te nov\u0161\u00ed such\u00fd sneh, miestami sformovan\u00fd do snehov\u00fdch dosiek a\u00a0vank\u00fa\u0161ov.<\/p>\n<p style=\"text-align: justify;\">Po\u010das nadch\u00e1dzaj\u00faceho v\u00edkendu o\u010dak\u00e1vame v\u00a0sobotu zamra\u010den\u00e9, hmlist\u00e9 po\u010dasie so zr\u00e1\u017ekami, od 1100 m sne\u017eenie. Po\u010das nedele u\u017e poloobla\u010dno, bez zr\u00e1\u017eok. Vietor by mal f\u00faka\u0165 len slab\u00fd a\u017e mierny a\u00a0v\u00e4\u010d\u0161inou z\u00e1padn\u00fdch smerov. Teplota vzduchu v\u00a01500 m sa bude pohybova\u0165 okolo -2\u00b0C.<\/p>\n<p style=\"text-align: justify;\">text: Filip Kyzek<br \/>\nfoto: arch\u00edv SLP HZS<\/p>\n","protected":false},"excerpt":{"rendered":"<p>Po predch\u00e1dzaj\u00facom sne\u017een\u00ed a\u00a0relat\u00edvne chladnej\u0161om po\u010das\u00ed sa po\u010das v\u00edkendu\u00a0 15\/16. febru\u00e1ra za\u010dalo silno otep\u013eova\u0165. Izoterma 0\u00b0C vyst\u00fapila v\u00a0Tatr\u00e1ch nachv\u00ed\u013eu a\u017e do v\u00fd\u0161ky 2500 m. Oteplenie v\u0161ak bolo kr\u00e1tkodob\u00e9, po\u010das noci z\u00a0nedele na pondelok sa op\u00e4\u0165 ochladilo a\u00a0nasne\u017eilo nieko\u013eko cm nov\u00e9ho snehu. Stabilita snehovej pokr\u00fdvky sa vplyvom striedania kladn\u00fdch a\u00a0z\u00e1porn\u00fdch tepl\u00f4t zlep\u0161ila. Lav\u00ednov\u00e9 nebezpe\u010denstvo kleslo z\u00a0v\u00edkendovej&hellip;<\/p>\n","protected":false},"author":1,"featured_media":827,"comment_status":"closed","ping_status":"closed","sticky":false,"template":"","format":"standard","meta":{"jetpack_post_was_ever_published":false,"_jetpack_newsletter_access":"","_jetpack_dont_email_post_to_subs":false,"_jetpack_newsletter_tier_id":0,"_jetpack_memberships_contains_paywalled_content":false,"_jetpack_memberships_contains_paid_content":false,"footnotes":"","jetpack_publicize_message":"","jetpack_publicize_feature_enabled":true,"jetpack_social_post_already_shared":true,"jetpack_social_options":{"image_generator_settings":{"template":"highway","default_image_id":0,"font":"","enabled":false},"version":2}},"categories":[4],"tags":[123,154],"class_list":["post-822","post","type-post","status-publish","format-standard","has-post-thumbnail","hentry","category-pocasie-sneh-a-laviny","tag-pocasie","tag-sneh"],"jetpack_publicize_connections":[],"jetpack_featured_media_url":"https:\/\/blog.laviny.sk\/wp-content\/uploads\/2014\/11\/dsc_0072.jpg","jetpack_sharing_enabled":true,"jetpack_shortlink":"https:\/\/wp.me\/p8DxWh-dg","jetpack-related-posts":[],"_links":{"self":[{"href":"https:\/\/blog.laviny.sk\/index.php?rest_route=\/wp\/v2\/posts\/822","targetHints":{"allow":["GET"]}}],"collection":[{"href":"https:\/\/blog.laviny.sk\/index.php?rest_route=\/wp\/v2\/posts"}],"about":[{"href":"https:\/\/blog.laviny.sk\/index.php?rest_route=\/wp\/v2\/types\/post"}],"author":[{"embeddable":true,"href":"https:\/\/blog.laviny.sk\/index.php?rest_route=\/wp\/v2\/users\/1"}],"replies":[{"embeddable":true,"href":"https:\/\/blog.laviny.sk\/index.php?rest_route=%2Fwp%2Fv2%2Fcomments&post=822"}],"version-history":[{"count":1,"href":"https:\/\/blog.laviny.sk\/index.php?rest_route=\/wp\/v2\/posts\/822\/revisions"}],"predecessor-version":[{"id":5109,"href":"https:\/\/blog.laviny.sk\/index.php?rest_route=\/wp\/v2\/posts\/822\/revisions\/5109"}],"wp:featuredmedia":[{"embeddable":true,"href":"https:\/\/blog.laviny.sk\/index.php?rest_route=\/wp\/v2\/media\/827"}],"wp:attachment":[{"href":"https:\/\/blog.laviny.sk\/index.php?rest_route=%2Fwp%2Fv2%2Fmedia&parent=822"}],"wp:term":[{"taxonomy":"category","embeddable":true,"href":"https:\/\/blog.laviny.sk\/index.php?rest_route=%2Fwp%2Fv2%2Fcategories&post=822"},{"taxonomy":"post_tag","embeddable":true,"href":"https:\/\/blog.laviny.sk\/index.php?rest_route=%2Fwp%2Fv2%2Ftags&post=822"}],"curies":[{"name":"wp","href":"https:\/\/api.w.org\/{rel}","templated":true}]}}