{"id":778,"date":"2014-02-05T10:30:59","date_gmt":"2014-02-05T09:30:59","guid":{"rendered":"http:\/\/slphzs.wordpress.com\/?p=778"},"modified":"2017-04-19T14:39:11","modified_gmt":"2017-04-19T12:39:11","slug":"778","status":"publish","type":"post","link":"https:\/\/blog.laviny.sk\/?p=778","title":{"rendered":"90 rokov od najv\u00e4\u010d\u0161ej lav\u00ednovej trag\u00e9die na Slovensku"},"content":{"rendered":"<p><a href=\"https:\/\/slphzs.files.wordpress.com\/2014\/11\/nanos-laviny.png\"><img loading=\"lazy\" decoding=\"async\" data-attachment-id=\"790\" data-permalink=\"https:\/\/blog.laviny.sk\/?attachment_id=790#main\" data-orig-file=\"https:\/\/blog.laviny.sk\/wp-content\/uploads\/2014\/11\/nanos-laviny-e1416390401932.png\" data-orig-size=\"1577,782\" data-comments-opened=\"0\" data-image-meta=\"{&quot;aperture&quot;:&quot;0&quot;,&quot;credit&quot;:&quot;&quot;,&quot;camera&quot;:&quot;&quot;,&quot;caption&quot;:&quot;&quot;,&quot;created_timestamp&quot;:&quot;0&quot;,&quot;copyright&quot;:&quot;&quot;,&quot;focal_length&quot;:&quot;0&quot;,&quot;iso&quot;:&quot;0&quot;,&quot;shutter_speed&quot;:&quot;0&quot;,&quot;title&quot;:&quot;&quot;,&quot;orientation&quot;:&quot;0&quot;}\" data-image-title=\"N\u00e1nos lav\u00edny vypo\u010d\u00edtan\u00fd pomocou dynamick\u00e9ho numerick\u00e9ho modelu RAMMS\" data-image-description=\"\" data-image-caption=\"\" data-large-file=\"https:\/\/blog.laviny.sk\/wp-content\/uploads\/2014\/11\/nanos-laviny-e1416390401932-1024x508.png\" class=\"aligncenter wp-image-790 size-full\" src=\"https:\/\/192.168.10.134\/wp-content\/uploads\/2014\/11\/nanos-laviny-e1416390401932.png\" alt=\"N\u00e1nos lav\u00edny vypo\u010d\u00edtan\u00fd pomocou dynamick\u00e9ho numerick\u00e9ho modelu RAMMS\" width=\"1577\" height=\"782\" srcset=\"https:\/\/blog.laviny.sk\/wp-content\/uploads\/2014\/11\/nanos-laviny-e1416390401932.png 1577w, https:\/\/blog.laviny.sk\/wp-content\/uploads\/2014\/11\/nanos-laviny-e1416390401932-300x149.png 300w, https:\/\/blog.laviny.sk\/wp-content\/uploads\/2014\/11\/nanos-laviny-e1416390401932-1024x508.png 1024w, https:\/\/blog.laviny.sk\/wp-content\/uploads\/2014\/11\/nanos-laviny-e1416390401932-768x381.png 768w, https:\/\/blog.laviny.sk\/wp-content\/uploads\/2014\/11\/nanos-laviny-e1416390401932-1536x762.png 1536w\" sizes=\"auto, (max-width: 1577px) 100vw, 1577px\" \/><\/a><\/p>\n<p style=\"text-align: justify;\">Najv\u00e4\u010d\u0161ia lav\u00ednov\u00e1 trag\u00e9dia na Slovensku sa odohrala v noci (pribli\u017ene o 21:30) zo 6. na 7. febru\u00e1ra 1924 v lesn\u00edckej osade Ryb\u00f4 (\u010das\u0165 obce Star\u00e9 Hory) v Hornojeleneckej doline vo Ve\u013ekej Fatre. Obrovsk\u00e1 lav\u00edna sa uvo\u013enila na juhov\u00fdchodn\u00fdch svahoch Kr\u00ed\u017enej (1 574 m n. m.) a jej n\u00e1nos sa zastavil a\u017e v hornej \u010dasti osady Ryb\u00f4, kde strhol a zasypal tri domy a \u010fal\u0161ie dva domy po\u0161kodil. Lav\u00edna tak zasypala 22 \u013eud\u00ed. Iba \u0161tyria z nich lav\u00ednu pre\u017eili, ostatn\u00fdch 18 (z toho 15 det\u00ed) v lav\u00edne zahynulo. Lav\u00edna sa tak smutne zap\u00edsala do dej\u00edn Slovenska, ako najtragickej\u0161ia lav\u00edna v hist\u00f3rii.<\/p>\n\n\t\t<style type=\"text\/css\">\n\t\t\t#gallery-1 {\n\t\t\t\tmargin: auto;\n\t\t\t}\n\t\t\t#gallery-1 .gallery-item {\n\t\t\t\tfloat: left;\n\t\t\t\tmargin-top: 10px;\n\t\t\t\ttext-align: center;\n\t\t\t\twidth: 50%;\n\t\t\t}\n\t\t\t#gallery-1 img {\n\t\t\t\tborder: 2px solid #cfcfcf;\n\t\t\t}\n\t\t\t#gallery-1 .gallery-caption {\n\t\t\t\tmargin-left: 0;\n\t\t\t}\n\t\t\t\/* see gallery_shortcode() in wp-includes\/media.php *\/\n\t\t<\/style>\n\t\t<div data-carousel-extra='{&quot;blog_id&quot;:1,&quot;permalink&quot;:&quot;https:\/\/blog.laviny.sk\/?p=778&quot;}' id='gallery-1' class='gallery galleryid-778 gallery-columns-2 gallery-size-large'><dl class='gallery-item'>\n\t\t\t<dt class='gallery-icon landscape'>\n\t\t\t\t<a href='https:\/\/blog.laviny.sk\/?attachment_id=780#main'><img loading=\"lazy\" decoding=\"async\" width=\"700\" height=\"455\" src=\"https:\/\/blog.laviny.sk\/wp-content\/uploads\/2014\/11\/mapka-1024x665.png\" class=\"attachment-large size-large\" alt=\"\" srcset=\"https:\/\/blog.laviny.sk\/wp-content\/uploads\/2014\/11\/mapka-1024x665.png 1024w, https:\/\/blog.laviny.sk\/wp-content\/uploads\/2014\/11\/mapka-300x195.png 300w, https:\/\/blog.laviny.sk\/wp-content\/uploads\/2014\/11\/mapka-768x499.png 768w, https:\/\/blog.laviny.sk\/wp-content\/uploads\/2014\/11\/mapka.png 1250w\" sizes=\"auto, (max-width: 700px) 100vw, 700px\" data-attachment-id=\"780\" data-permalink=\"https:\/\/blog.laviny.sk\/?attachment_id=780#main\" data-orig-file=\"https:\/\/blog.laviny.sk\/wp-content\/uploads\/2014\/11\/mapka.png\" data-orig-size=\"1250,812\" data-comments-opened=\"0\" data-image-meta=\"{&quot;aperture&quot;:&quot;0&quot;,&quot;credit&quot;:&quot;&quot;,&quot;camera&quot;:&quot;&quot;,&quot;caption&quot;:&quot;&quot;,&quot;created_timestamp&quot;:&quot;0&quot;,&quot;copyright&quot;:&quot;&quot;,&quot;focal_length&quot;:&quot;0&quot;,&quot;iso&quot;:&quot;0&quot;,&quot;shutter_speed&quot;:&quot;0&quot;,&quot;title&quot;:&quot;&quot;,&quot;orientation&quot;:&quot;0&quot;}\" data-image-title=\"Lokaliz\u00e1cia osady Ryb\u00f4 s vyzna\u010den\u00edm plochy odtrhu lav\u00edny\" data-image-description=\"\" data-image-caption=\"\" data-large-file=\"https:\/\/blog.laviny.sk\/wp-content\/uploads\/2014\/11\/mapka-1024x665.png\" \/><\/a>\n\t\t\t<\/dt><\/dl><dl class='gallery-item'>\n\t\t\t<dt class='gallery-icon landscape'>\n\t\t\t\t<a href='https:\/\/blog.laviny.sk\/?attachment_id=781#main'><img loading=\"lazy\" decoding=\"async\" width=\"700\" height=\"453\" src=\"https:\/\/blog.laviny.sk\/wp-content\/uploads\/2014\/11\/trosky3.jpg\" class=\"attachment-large size-large\" alt=\"\" srcset=\"https:\/\/blog.laviny.sk\/wp-content\/uploads\/2014\/11\/trosky3.jpg 965w, https:\/\/blog.laviny.sk\/wp-content\/uploads\/2014\/11\/trosky3-300x194.jpg 300w, https:\/\/blog.laviny.sk\/wp-content\/uploads\/2014\/11\/trosky3-768x497.jpg 768w\" sizes=\"auto, (max-width: 700px) 100vw, 700px\" data-attachment-id=\"781\" data-permalink=\"https:\/\/blog.laviny.sk\/?attachment_id=781#main\" data-orig-file=\"https:\/\/blog.laviny.sk\/wp-content\/uploads\/2014\/11\/trosky3.jpg\" data-orig-size=\"965,624\" data-comments-opened=\"0\" data-image-meta=\"{&quot;aperture&quot;:&quot;0&quot;,&quot;credit&quot;:&quot;&quot;,&quot;camera&quot;:&quot;&quot;,&quot;caption&quot;:&quot;&quot;,&quot;created_timestamp&quot;:&quot;0&quot;,&quot;copyright&quot;:&quot;&quot;,&quot;focal_length&quot;:&quot;0&quot;,&quot;iso&quot;:&quot;0&quot;,&quot;shutter_speed&quot;:&quot;0&quot;,&quot;title&quot;:&quot;&quot;,&quot;orientation&quot;:&quot;0&quot;}\" data-image-title=\"Trosky zni\u010den\u00fdch domov v obci Tureck\u00e1 &amp;#8211; ilustra\u010dn\u00e9 foto\" data-image-description=\"\" data-image-caption=\"\" data-large-file=\"https:\/\/blog.laviny.sk\/wp-content\/uploads\/2014\/11\/trosky3.jpg\" \/><\/a>\n\t\t\t<\/dt><\/dl><br style=\"clear: both\" \/>\n\t\t<\/div>\n\n\n\t\t<style type=\"text\/css\">\n\t\t\t#gallery-2 {\n\t\t\t\tmargin: auto;\n\t\t\t}\n\t\t\t#gallery-2 .gallery-item {\n\t\t\t\tfloat: left;\n\t\t\t\tmargin-top: 10px;\n\t\t\t\ttext-align: center;\n\t\t\t\twidth: 50%;\n\t\t\t}\n\t\t\t#gallery-2 img {\n\t\t\t\tborder: 2px solid #cfcfcf;\n\t\t\t}\n\t\t\t#gallery-2 .gallery-caption {\n\t\t\t\tmargin-left: 0;\n\t\t\t}\n\t\t\t\/* see gallery_shortcode() in wp-includes\/media.php *\/\n\t\t<\/style>\n\t\t<div data-carousel-extra='{&quot;blog_id&quot;:1,&quot;permalink&quot;:&quot;https:\/\/blog.laviny.sk\/?p=778&quot;}' id='gallery-2' class='gallery galleryid-778 gallery-columns-2 gallery-size-large'><dl class='gallery-item'>\n\t\t\t<dt class='gallery-icon portrait'>\n\t\t\t\t<a href='https:\/\/blog.laviny.sk\/?attachment_id=779#main'><img loading=\"lazy\" decoding=\"async\" width=\"700\" height=\"970\" src=\"https:\/\/blog.laviny.sk\/wp-content\/uploads\/2014\/11\/c5a1kody-na-lese-739x1024.jpg\" class=\"attachment-large size-large\" alt=\"\" srcset=\"https:\/\/blog.laviny.sk\/wp-content\/uploads\/2014\/11\/c5a1kody-na-lese-739x1024.jpg 739w, https:\/\/blog.laviny.sk\/wp-content\/uploads\/2014\/11\/c5a1kody-na-lese-217x300.jpg 217w, https:\/\/blog.laviny.sk\/wp-content\/uploads\/2014\/11\/c5a1kody-na-lese-768x1064.jpg 768w, https:\/\/blog.laviny.sk\/wp-content\/uploads\/2014\/11\/c5a1kody-na-lese-1109x1536.jpg 1109w, https:\/\/blog.laviny.sk\/wp-content\/uploads\/2014\/11\/c5a1kody-na-lese.jpg 1155w\" sizes=\"auto, (max-width: 700px) 100vw, 700px\" data-attachment-id=\"779\" data-permalink=\"https:\/\/blog.laviny.sk\/?attachment_id=779#main\" data-orig-file=\"https:\/\/blog.laviny.sk\/wp-content\/uploads\/2014\/11\/c5a1kody-na-lese.jpg\" data-orig-size=\"1155,1600\" data-comments-opened=\"0\" data-image-meta=\"{&quot;aperture&quot;:&quot;0&quot;,&quot;credit&quot;:&quot;&quot;,&quot;camera&quot;:&quot;&quot;,&quot;caption&quot;:&quot;&quot;,&quot;created_timestamp&quot;:&quot;0&quot;,&quot;copyright&quot;:&quot;&quot;,&quot;focal_length&quot;:&quot;0&quot;,&quot;iso&quot;:&quot;0&quot;,&quot;shutter_speed&quot;:&quot;0&quot;,&quot;title&quot;:&quot;&quot;,&quot;orientation&quot;:&quot;0&quot;}\" data-image-title=\"Po roztopen\u00ed n\u00e1nosu sa uk\u00e1zali \u0161kody na lesnom poraste\" data-image-description=\"\" data-image-caption=\"\" data-large-file=\"https:\/\/blog.laviny.sk\/wp-content\/uploads\/2014\/11\/c5a1kody-na-lese-739x1024.jpg\" \/><\/a>\n\t\t\t<\/dt><\/dl><dl class='gallery-item'>\n\t\t\t<dt class='gallery-icon portrait'>\n\t\t\t\t<a href='https:\/\/blog.laviny.sk\/?attachment_id=782#main'><img loading=\"lazy\" decoding=\"async\" width=\"652\" height=\"1024\" src=\"https:\/\/blog.laviny.sk\/wp-content\/uploads\/2014\/11\/tunel-652x1024.jpg\" class=\"attachment-large size-large\" alt=\"\" srcset=\"https:\/\/blog.laviny.sk\/wp-content\/uploads\/2014\/11\/tunel-652x1024.jpg 652w, https:\/\/blog.laviny.sk\/wp-content\/uploads\/2014\/11\/tunel-191x300.jpg 191w, https:\/\/blog.laviny.sk\/wp-content\/uploads\/2014\/11\/tunel-768x1206.jpg 768w, https:\/\/blog.laviny.sk\/wp-content\/uploads\/2014\/11\/tunel.jpg 972w\" sizes=\"auto, (max-width: 652px) 100vw, 652px\" data-attachment-id=\"782\" data-permalink=\"https:\/\/blog.laviny.sk\/?attachment_id=782#main\" data-orig-file=\"https:\/\/blog.laviny.sk\/wp-content\/uploads\/2014\/11\/tunel.jpg\" data-orig-size=\"972,1526\" data-comments-opened=\"0\" data-image-meta=\"{&quot;aperture&quot;:&quot;0&quot;,&quot;credit&quot;:&quot;&quot;,&quot;camera&quot;:&quot;&quot;,&quot;caption&quot;:&quot;&quot;,&quot;created_timestamp&quot;:&quot;0&quot;,&quot;copyright&quot;:&quot;&quot;,&quot;focal_length&quot;:&quot;0&quot;,&quot;iso&quot;:&quot;0&quot;,&quot;shutter_speed&quot;:&quot;0&quot;,&quot;title&quot;:&quot;&quot;,&quot;orientation&quot;:&quot;0&quot;}\" data-image-title=\"Snehov\u00fd tunel v n\u00e1nose lav\u00edny\" data-image-description=\"\" data-image-caption=\"\" data-large-file=\"https:\/\/blog.laviny.sk\/wp-content\/uploads\/2014\/11\/tunel-652x1024.jpg\" \/><\/a>\n\t\t\t<\/dt><\/dl><br style=\"clear: both\" \/>\n\t\t<\/div>\n\n<p style=\"text-align: justify;\">Dr\u00e1ha lav\u00edny bola dlh\u00e1 pribli\u017ene 2 500 m a pri svojom p\u00e1de prekonala v\u00fd\u0161kov\u00fd rozdiel 760 m. Celkov\u00e1 plocha uvo\u013enen\u00e9ho snehu bola pribli\u017ene 800 000 m \u0161tvorcov\u00fdch. V n\u00e1nose sa nach\u00e1dzalo pod\u013ea odhadu ulo\u017eilo pribli\u017ene 2 400 000 m kubick\u00fdch snehu s odhadovanou hmotnos\u0165ou 600 000 ton. Tak\u00e1to lav\u00edna vyvinula logicky ve\u013emi ve\u013ek\u00fd n\u00e1razov\u00fd tlak (do 800 kPa) a r\u00fdchlos\u0165 (do 50 m\/s), ktor\u00fd strhol pribli\u017ene 1 200 m kubick\u00fdch stromov. Pod\u013ea dne\u0161nej medzin\u00e1rodnej klasifik\u00e1cie lav\u00edn by sa t\u00e1to lav\u00edna zaradila do kateg\u00f3rie ve\u013emi ve\u013ek\u00e9 lav\u00edny (najv\u00e4\u010d\u0161ia ve\u013ekos\u0165 pod\u013ea tejto klasifik\u00e1cie).\u00a0N\u00e1nos lav\u00edny bol tak\u00fd ve\u013ek\u00fd, \u017ee sa neroztopil ani cez leto. Vozy, ktor\u00e9 prech\u00e1dzali dolinou tak prech\u00e1dzali cez snehov\u00fd tunel.<\/p>\n\n\t\t<style type=\"text\/css\">\n\t\t\t#gallery-3 {\n\t\t\t\tmargin: auto;\n\t\t\t}\n\t\t\t#gallery-3 .gallery-item {\n\t\t\t\tfloat: left;\n\t\t\t\tmargin-top: 10px;\n\t\t\t\ttext-align: center;\n\t\t\t\twidth: 100%;\n\t\t\t}\n\t\t\t#gallery-3 img {\n\t\t\t\tborder: 2px solid #cfcfcf;\n\t\t\t}\n\t\t\t#gallery-3 .gallery-caption {\n\t\t\t\tmargin-left: 0;\n\t\t\t}\n\t\t\t\/* see gallery_shortcode() in wp-includes\/media.php *\/\n\t\t<\/style>\n\t\t<div data-carousel-extra='{&quot;blog_id&quot;:1,&quot;permalink&quot;:&quot;https:\/\/blog.laviny.sk\/?p=778&quot;}' id='gallery-3' class='gallery galleryid-778 gallery-columns-1 gallery-size-large'><dl class='gallery-item'>\n\t\t\t<dt class='gallery-icon landscape'>\n\t\t\t\t<a href='https:\/\/blog.laviny.sk\/?attachment_id=784#main'><img loading=\"lazy\" decoding=\"async\" width=\"700\" height=\"206\" src=\"https:\/\/blog.laviny.sk\/wp-content\/uploads\/2014\/11\/ramms_vystupy-1024x302.png\" class=\"attachment-large size-large\" alt=\"\" srcset=\"https:\/\/blog.laviny.sk\/wp-content\/uploads\/2014\/11\/ramms_vystupy-1024x302.png 1024w, https:\/\/blog.laviny.sk\/wp-content\/uploads\/2014\/11\/ramms_vystupy-300x89.png 300w, https:\/\/blog.laviny.sk\/wp-content\/uploads\/2014\/11\/ramms_vystupy-768x227.png 768w, https:\/\/blog.laviny.sk\/wp-content\/uploads\/2014\/11\/ramms_vystupy-1536x453.png 1536w, https:\/\/blog.laviny.sk\/wp-content\/uploads\/2014\/11\/ramms_vystupy.png 1600w\" sizes=\"auto, (max-width: 700px) 100vw, 700px\" data-attachment-id=\"784\" data-permalink=\"https:\/\/blog.laviny.sk\/?attachment_id=784#main\" data-orig-file=\"https:\/\/blog.laviny.sk\/wp-content\/uploads\/2014\/11\/ramms_vystupy.png\" data-orig-size=\"1600,472\" data-comments-opened=\"0\" data-image-meta=\"{&quot;aperture&quot;:&quot;0&quot;,&quot;credit&quot;:&quot;&quot;,&quot;camera&quot;:&quot;&quot;,&quot;caption&quot;:&quot;&quot;,&quot;created_timestamp&quot;:&quot;0&quot;,&quot;copyright&quot;:&quot;&quot;,&quot;focal_length&quot;:&quot;0&quot;,&quot;iso&quot;:&quot;0&quot;,&quot;shutter_speed&quot;:&quot;0&quot;,&quot;title&quot;:&quot;&quot;,&quot;orientation&quot;:&quot;0&quot;}\" data-image-title=\"Anal\u00fdza MAX v\u00fd\u0161ky snehu, MAX n\u00e1razov\u00e9ho tlaku a MAX r\u00fdchlosti v lav\u00edne, vypo\u010d\u00edtan\u00e1 pomocou dynamick\u00e9ho numerick\u00e9ho modelu RAMMS\" data-image-description=\"\" data-image-caption=\"\" data-large-file=\"https:\/\/blog.laviny.sk\/wp-content\/uploads\/2014\/11\/ramms_vystupy-1024x302.png\" \/><\/a>\n\t\t\t<\/dt><\/dl><br style=\"clear: both\" \/><dl class='gallery-item'>\n\t\t\t<dt class='gallery-icon landscape'>\n\t\t\t\t<a href='https:\/\/blog.laviny.sk\/?attachment_id=785#main'><img loading=\"lazy\" decoding=\"async\" width=\"700\" height=\"231\" src=\"https:\/\/blog.laviny.sk\/wp-content\/uploads\/2014\/11\/trosky-1024x338.png\" class=\"attachment-large size-large\" alt=\"\" srcset=\"https:\/\/blog.laviny.sk\/wp-content\/uploads\/2014\/11\/trosky-1024x338.png 1024w, https:\/\/blog.laviny.sk\/wp-content\/uploads\/2014\/11\/trosky-300x99.png 300w, https:\/\/blog.laviny.sk\/wp-content\/uploads\/2014\/11\/trosky-768x253.png 768w, https:\/\/blog.laviny.sk\/wp-content\/uploads\/2014\/11\/trosky-1536x507.png 1536w, https:\/\/blog.laviny.sk\/wp-content\/uploads\/2014\/11\/trosky.png 1600w\" sizes=\"auto, (max-width: 700px) 100vw, 700px\" data-attachment-id=\"785\" data-permalink=\"https:\/\/blog.laviny.sk\/?attachment_id=785#main\" data-orig-file=\"https:\/\/blog.laviny.sk\/wp-content\/uploads\/2014\/11\/trosky.png\" data-orig-size=\"1600,528\" data-comments-opened=\"0\" data-image-meta=\"{&quot;aperture&quot;:&quot;0&quot;,&quot;credit&quot;:&quot;&quot;,&quot;camera&quot;:&quot;&quot;,&quot;caption&quot;:&quot;&quot;,&quot;created_timestamp&quot;:&quot;0&quot;,&quot;copyright&quot;:&quot;&quot;,&quot;focal_length&quot;:&quot;0&quot;,&quot;iso&quot;:&quot;0&quot;,&quot;shutter_speed&quot;:&quot;0&quot;,&quot;title&quot;:&quot;&quot;,&quot;orientation&quot;:&quot;0&quot;}\" data-image-title=\"Z\u00e1chrann\u00e9 pr\u00e1ce na lav\u00ednovom n\u00e1nose\" data-image-description=\"\" data-image-caption=\"\" data-large-file=\"https:\/\/blog.laviny.sk\/wp-content\/uploads\/2014\/11\/trosky-1024x338.png\" \/><\/a>\n\t\t\t<\/dt><\/dl><br style=\"clear: both\" \/><dl class='gallery-item'>\n\t\t\t<dt class='gallery-icon landscape'>\n\t\t\t\t<a href='https:\/\/blog.laviny.sk\/?attachment_id=783#main'><img loading=\"lazy\" decoding=\"async\" width=\"700\" height=\"221\" src=\"https:\/\/blog.laviny.sk\/wp-content\/uploads\/2014\/11\/pohreb-copy-1024x324.png\" class=\"attachment-large size-large\" alt=\"\" srcset=\"https:\/\/blog.laviny.sk\/wp-content\/uploads\/2014\/11\/pohreb-copy-1024x324.png 1024w, https:\/\/blog.laviny.sk\/wp-content\/uploads\/2014\/11\/pohreb-copy-300x95.png 300w, https:\/\/blog.laviny.sk\/wp-content\/uploads\/2014\/11\/pohreb-copy-768x243.png 768w, https:\/\/blog.laviny.sk\/wp-content\/uploads\/2014\/11\/pohreb-copy-1536x487.png 1536w, https:\/\/blog.laviny.sk\/wp-content\/uploads\/2014\/11\/pohreb-copy.png 1600w\" sizes=\"auto, (max-width: 700px) 100vw, 700px\" data-attachment-id=\"783\" data-permalink=\"https:\/\/blog.laviny.sk\/?attachment_id=783#main\" data-orig-file=\"https:\/\/blog.laviny.sk\/wp-content\/uploads\/2014\/11\/pohreb-copy.png\" data-orig-size=\"1600,507\" data-comments-opened=\"0\" data-image-meta=\"{&quot;aperture&quot;:&quot;0&quot;,&quot;credit&quot;:&quot;&quot;,&quot;camera&quot;:&quot;&quot;,&quot;caption&quot;:&quot;&quot;,&quot;created_timestamp&quot;:&quot;0&quot;,&quot;copyright&quot;:&quot;&quot;,&quot;focal_length&quot;:&quot;0&quot;,&quot;iso&quot;:&quot;0&quot;,&quot;shutter_speed&quot;:&quot;0&quot;,&quot;title&quot;:&quot;&quot;,&quot;orientation&quot;:&quot;0&quot;}\" data-image-title=\"Pohreb obet\u00ed lav\u00edny v obci Ryb\u00f4 v roku 1924\" data-image-description=\"\" data-image-caption=\"\" data-large-file=\"https:\/\/blog.laviny.sk\/wp-content\/uploads\/2014\/11\/pohreb-copy-1024x324.png\" \/><\/a>\n\t\t\t<\/dt><\/dl><br style=\"clear: both\" \/><dl class='gallery-item'>\n\t\t\t<dt class='gallery-icon landscape'>\n\t\t\t\t<a href='https:\/\/blog.laviny.sk\/?attachment_id=786#main'><img loading=\"lazy\" decoding=\"async\" width=\"700\" height=\"232\" src=\"https:\/\/blog.laviny.sk\/wp-content\/uploads\/2014\/11\/pred-zalesnenc3adm-copy-1024x339.png\" class=\"attachment-large size-large\" alt=\"\" srcset=\"https:\/\/blog.laviny.sk\/wp-content\/uploads\/2014\/11\/pred-zalesnenc3adm-copy-1024x339.png 1024w, https:\/\/blog.laviny.sk\/wp-content\/uploads\/2014\/11\/pred-zalesnenc3adm-copy-300x99.png 300w, https:\/\/blog.laviny.sk\/wp-content\/uploads\/2014\/11\/pred-zalesnenc3adm-copy-768x254.png 768w, https:\/\/blog.laviny.sk\/wp-content\/uploads\/2014\/11\/pred-zalesnenc3adm-copy-1536x509.png 1536w, https:\/\/blog.laviny.sk\/wp-content\/uploads\/2014\/11\/pred-zalesnenc3adm-copy.png 1600w\" sizes=\"auto, (max-width: 700px) 100vw, 700px\" data-attachment-id=\"786\" data-permalink=\"https:\/\/blog.laviny.sk\/?attachment_id=786#main\" data-orig-file=\"https:\/\/blog.laviny.sk\/wp-content\/uploads\/2014\/11\/pred-zalesnenc3adm-copy.png\" data-orig-size=\"1600,530\" data-comments-opened=\"0\" data-image-meta=\"{&quot;aperture&quot;:&quot;0&quot;,&quot;credit&quot;:&quot;&quot;,&quot;camera&quot;:&quot;&quot;,&quot;caption&quot;:&quot;&quot;,&quot;created_timestamp&quot;:&quot;0&quot;,&quot;copyright&quot;:&quot;&quot;,&quot;focal_length&quot;:&quot;0&quot;,&quot;iso&quot;:&quot;0&quot;,&quot;shutter_speed&quot;:&quot;0&quot;,&quot;title&quot;:&quot;&quot;,&quot;orientation&quot;:&quot;0&quot;}\" data-image-title=\"Stav zalesnenia v \u010dase p\u00e1du lav\u00edny (v\u013eavo) a s\u00fa\u010dasn\u00fd stav zalesnenia (vpravo)\" data-image-description=\"\" data-image-caption=\"\" data-large-file=\"https:\/\/blog.laviny.sk\/wp-content\/uploads\/2014\/11\/pred-zalesnenc3adm-copy-1024x339.png\" \/><\/a>\n\t\t\t<\/dt><\/dl><br style=\"clear: both\" \/>\n\t\t<\/div>\n\n<p style=\"text-align: justify;\">Z n\u00e1nosu lav\u00edny sa podarilo zachr\u00e1ni\u0165 \u0161tyrom \u013eu\u010fom. Najmlad\u0161\u00edm z nich bol Benjam\u00edn Strme\u0148, ktor\u00fd mal v tej dobe necel\u00e9 tri mesiace. Padaj\u00faci krov strechy zo \u0161ind\u013eami prekryl kol\u00edsku, v ktorej spal. V n\u00e1nose sa tak vytvoril priestor, v ktorom mal dostatok vzduchu. Ke\u010f ho po \u0161tyroch hodin\u00e1ch odhadzovania snehu na\u0161li, nemal \u017eiadne zranenia, len bol premrznut\u00fd. \u010eal\u0161\u00edmi, ktor\u00ed pre\u017eili p\u00e1d tejto lav\u00edny, boli jeho rodi\u010dia a ich sused. Rodine Strme\u0148ovcov vtedy zahynulo v lav\u00edne 5 det\u00ed. Niektor\u00e9 obete lav\u00edny vyhrab\u00e1vali spod miestami 35 metrov\u00e9ho n\u00e1nosu nieko\u013eko t\u00fd\u017ed\u0148ov.<\/p>\n<div style=\"text-align: justify;\">Lav\u00edny nad osadou Ryb\u00f4 v\u0161ak neboli \u00faplne v\u00fdnimo\u010dn\u00e9. Pod\u013ea kroniky obce Star\u00e9 hory, zasiahla osadu Ryb\u00f4 v tej istej lokalite aj lav\u00edna zo 17. marca 1751. Lav\u00edna vtedy zabila 10 os\u00f4b, zni\u010dila 8 domov a zahynulo v nej 53 kusov dobytka. Obe uveden\u00e9 lav\u00edny spadli zo strm\u00fdch a odlesnen\u00fdch svahov Kr\u00ed\u017enej.<\/div>\n<div style=\"text-align: justify;\"><\/div>\n<div style=\"text-align: justify;\"><b>Snehov\u00e9 podmienky a priebeh po\u010dasia<\/b><\/div>\n<div style=\"text-align: justify;\">Pod\u013ea dobov\u00fdch z\u00e1znamov bolo za\u010diatkom febru\u00e1ra 1924 vo Ve\u013ekej Fatre ve\u013ek\u00e9 mno\u017estvo snehu f\u00fakal vietor o sile v\u00edchrice. P\u00e1n Strme\u0148 vo svojom rozpr\u00e1van\u00ed spom\u00edna na fakt, \u017ee ich otec v osudn\u00fd ve\u010der musel viackr\u00e1t zatv\u00e1ra\u0165 dvere na dome po tom, ako ich vietor zaka\u017ed\u00fdm roztvoril dokor\u00e1n. Na hrebe\u0148och Kr\u00ed\u017enej sa vplyvom silnej v\u00edchrice tvorili nezvy\u010dajne ve\u013ek\u00e9 preveje. Vzh\u013eadom na orient\u00e1ciu svahov, musel v tomto obdob\u00ed f\u00faka\u0165 preva\u017ene vietor z\u00e1padn\u00fdch smerov. Tento vietor z\u00e1rove\u0148 previeval nov\u00fd sneh do \u017e\u013eabov nad osadou Ryb\u00f4. Previaty sneh na z\u00e1vetern\u00fdch svahoch vytv\u00e1ra nestabiln\u00e9 snehov\u00e9 dosky a vank\u00fa\u0161e, ktor\u00e9 s\u00fa ve\u013emi nebezpe\u010dn\u00fdmi lav\u00ednov\u00fdmi \u00fatvarmi. Pod\u013ea dobov\u00fdch z\u00e1znamov navy\u0161e silno sne\u017eilo. \u013dudia b\u00fdvaj\u00faci na konci Hornojeleneckej doliny si uvedomovali re\u00e1lnu hrozbu lav\u00edn a odch\u00e1dzali na noc k ni\u017e\u0161ie b\u00fdvaj\u00facim pr\u00edbuzn\u00fdm.Dobov\u00e9 inform\u00e1cie hovoria aj o men\u0161ej lav\u00edne, ktor\u00e1 sa uvo\u013enila z ju\u017en\u00e9ho svahu Repi\u0161tia kr\u00e1tko pred samotnou lav\u00ednou z Kr\u00ed\u017enej. N\u00e1nos tejto men\u0161ej lav\u00edny sa zastavil a\u017e v doline, kde vytvoril men\u0161iu, ale pravdepodobne ve\u013emi d\u00f4le\u017eit\u00fa hr\u00e1dzu. Simul\u00e1cie pomocou dynamick\u00fdch numerick\u00fdch modelov ELBA+ a RAMMS toti\u017e uk\u00e1zali, \u017ee t\u00e1to hr\u00e1dza\u00a0sp\u00f4sobila ur\u010dit\u00e9 spomalenie a pribrzdenie n\u00e1nosu ve\u013ekej lav\u00edny zo svahov Kr\u00ed\u017enej. Ak by tam n\u00e1nos men\u0161ej lav\u00edny nebol, je pravdepodobn\u00e9, \u017ee n\u00e1nos ve\u013ekej lav\u00edny by sa zastavil podstatne ni\u017e\u0161ie v osade, kde by zasypal ove\u013ea viac domov a \u013eud\u00ed.<\/div>\n<div style=\"text-align: justify;\">\n\n\t\t<style type=\"text\/css\">\n\t\t\t#gallery-4 {\n\t\t\t\tmargin: auto;\n\t\t\t}\n\t\t\t#gallery-4 .gallery-item {\n\t\t\t\tfloat: left;\n\t\t\t\tmargin-top: 10px;\n\t\t\t\ttext-align: center;\n\t\t\t\twidth: 33%;\n\t\t\t}\n\t\t\t#gallery-4 img {\n\t\t\t\tborder: 2px solid #cfcfcf;\n\t\t\t}\n\t\t\t#gallery-4 .gallery-caption {\n\t\t\t\tmargin-left: 0;\n\t\t\t}\n\t\t\t\/* see gallery_shortcode() in wp-includes\/media.php *\/\n\t\t<\/style>\n\t\t<div data-carousel-extra='{&quot;blog_id&quot;:1,&quot;permalink&quot;:&quot;https:\/\/blog.laviny.sk\/?p=778&quot;}' id='gallery-4' class='gallery galleryid-778 gallery-columns-3 gallery-size-full'><dl class='gallery-item'>\n\t\t\t<dt class='gallery-icon landscape'>\n\t\t\t\t<a href='https:\/\/blog.laviny.sk\/?attachment_id=788#main'><img loading=\"lazy\" decoding=\"async\" width=\"1590\" height=\"893\" src=\"https:\/\/blog.laviny.sk\/wp-content\/uploads\/2014\/11\/mala-lavina-rybo.gif\" class=\"attachment-full size-full\" alt=\"\" data-attachment-id=\"788\" data-permalink=\"https:\/\/blog.laviny.sk\/?attachment_id=788#main\" data-orig-file=\"https:\/\/blog.laviny.sk\/wp-content\/uploads\/2014\/11\/mala-lavina-rybo.gif\" data-orig-size=\"1590,893\" data-comments-opened=\"0\" data-image-meta=\"{&quot;aperture&quot;:&quot;0&quot;,&quot;credit&quot;:&quot;&quot;,&quot;camera&quot;:&quot;&quot;,&quot;caption&quot;:&quot;&quot;,&quot;created_timestamp&quot;:&quot;0&quot;,&quot;copyright&quot;:&quot;&quot;,&quot;focal_length&quot;:&quot;0&quot;,&quot;iso&quot;:&quot;0&quot;,&quot;shutter_speed&quot;:&quot;0&quot;,&quot;title&quot;:&quot;&quot;,&quot;orientation&quot;:&quot;0&quot;}\" data-image-title=\"Simul\u00e1cia men\u0161ej lav\u00edny nad osadou Ryb\u00f4, ktorej n\u00e1nos n\u00e1sledne pribrzdil pohyb ve\u013ekej lav\u00edny uvo\u013enenej zo svahov Kr\u00ed\u017enej\" data-image-description=\"\" data-image-caption=\"\" data-large-file=\"https:\/\/blog.laviny.sk\/wp-content\/uploads\/2014\/11\/mala-lavina-rybo-1024x575.gif\" \/><\/a>\n\t\t\t<\/dt><\/dl><dl class='gallery-item'>\n\t\t\t<dt class='gallery-icon landscape'>\n\t\t\t\t<a href='https:\/\/blog.laviny.sk\/?attachment_id=789#main'><img loading=\"lazy\" decoding=\"async\" width=\"1234\" height=\"890\" src=\"https:\/\/blog.laviny.sk\/wp-content\/uploads\/2014\/11\/mala-laviny-nanos.png\" class=\"attachment-full size-full\" alt=\"\" srcset=\"https:\/\/blog.laviny.sk\/wp-content\/uploads\/2014\/11\/mala-laviny-nanos.png 1234w, https:\/\/blog.laviny.sk\/wp-content\/uploads\/2014\/11\/mala-laviny-nanos-300x216.png 300w, https:\/\/blog.laviny.sk\/wp-content\/uploads\/2014\/11\/mala-laviny-nanos-1024x739.png 1024w, https:\/\/blog.laviny.sk\/wp-content\/uploads\/2014\/11\/mala-laviny-nanos-768x554.png 768w\" sizes=\"auto, (max-width: 1234px) 100vw, 1234px\" data-attachment-id=\"789\" data-permalink=\"https:\/\/blog.laviny.sk\/?attachment_id=789#main\" data-orig-file=\"https:\/\/blog.laviny.sk\/wp-content\/uploads\/2014\/11\/mala-laviny-nanos.png\" data-orig-size=\"1234,890\" data-comments-opened=\"0\" data-image-meta=\"{&quot;aperture&quot;:&quot;0&quot;,&quot;credit&quot;:&quot;&quot;,&quot;camera&quot;:&quot;&quot;,&quot;caption&quot;:&quot;&quot;,&quot;created_timestamp&quot;:&quot;0&quot;,&quot;copyright&quot;:&quot;&quot;,&quot;focal_length&quot;:&quot;0&quot;,&quot;iso&quot;:&quot;0&quot;,&quot;shutter_speed&quot;:&quot;0&quot;,&quot;title&quot;:&quot;&quot;,&quot;orientation&quot;:&quot;0&quot;}\" data-image-title=\"N\u00e1nos men\u0161ej lav\u00edny uvo\u013enenej z ju\u017en\u00fdch svahov Repi\u0161tia na hornom konci osady Ryb\u00f4\" data-image-description=\"\" data-image-caption=\"\" data-large-file=\"https:\/\/blog.laviny.sk\/wp-content\/uploads\/2014\/11\/mala-laviny-nanos-1024x739.png\" \/><\/a>\n\t\t\t<\/dt><\/dl><dl class='gallery-item'>\n\t\t\t<dt class='gallery-icon landscape'>\n\t\t\t\t<a href='https:\/\/blog.laviny.sk\/?attachment_id=787#main'><img loading=\"lazy\" decoding=\"async\" width=\"1590\" height=\"893\" src=\"https:\/\/blog.laviny.sk\/wp-content\/uploads\/2014\/11\/velka-lavina.gif\" class=\"attachment-full size-full\" alt=\"\" data-attachment-id=\"787\" data-permalink=\"https:\/\/blog.laviny.sk\/?attachment_id=787#main\" data-orig-file=\"https:\/\/blog.laviny.sk\/wp-content\/uploads\/2014\/11\/velka-lavina.gif\" data-orig-size=\"1590,893\" data-comments-opened=\"0\" data-image-meta=\"{&quot;aperture&quot;:&quot;0&quot;,&quot;credit&quot;:&quot;&quot;,&quot;camera&quot;:&quot;&quot;,&quot;caption&quot;:&quot;&quot;,&quot;created_timestamp&quot;:&quot;0&quot;,&quot;copyright&quot;:&quot;&quot;,&quot;focal_length&quot;:&quot;0&quot;,&quot;iso&quot;:&quot;0&quot;,&quot;shutter_speed&quot;:&quot;0&quot;,&quot;title&quot;:&quot;&quot;,&quot;orientation&quot;:&quot;0&quot;}\" data-image-title=\"Simul\u00e1cia lav\u00edny zo svahov Kr\u00ed\u017enej 6. febru\u00e1ra 1924\" data-image-description=\"\" data-image-caption=\"\" data-large-file=\"https:\/\/blog.laviny.sk\/wp-content\/uploads\/2014\/11\/velka-lavina-1024x575.gif\" \/><\/a>\n\t\t\t<\/dt><\/dl><br style=\"clear: both\" \/>\n\t\t<\/div>\n\n<\/div>\n<div style=\"text-align: justify;\">Pr\u00edrastok nov\u00e9ho a previat\u00e9ho snehu mohol sp\u00f4sobi\u0165 zv\u00fd\u0161enie nap\u00e4tia v snehovej pokr\u00fdvke a n\u00e1sledne uvo\u013eni\u0165 lav\u00ednu. Lav\u00edna sa mohla uvo\u013eni\u0165 aj po p\u00e1de \u010dasti preveja, ktor\u00fd mohol vytvori\u0165 dodato\u010dn\u00e9 za\u0165a\u017eenie snehovej pokr\u00fdvky.<br \/>\nPrvotn\u00fa pr\u00ed\u010dinu tejto lav\u00ednovej trag\u00e9die v\u0161ak treba h\u013eada\u0165 najm\u00e4 v zlom lesnom hospod\u00e1rstve. \u013dudia \u017eij\u00faci v tejto lokalite pri snahe roz\u0161\u00edri\u0165 pasienky pre svoj dobytok vyr\u00fabali lesy nad osadou Ryb\u00f4 a strm\u00e9 svahy a rizne pod Kr\u00ed\u017enou tak ostali hol\u00e9, zarasten\u00e9 iba tr\u00e1vou. Drsnos\u0165 povrchu sa tak v\u00fdrazne zn\u00ed\u017eila a vzniknut\u00e9 pasienky tak nedok\u00e1zali efekt\u00edvne zadr\u017ea\u0165 masy snehu pri zl\u00fdch snehov\u00fdch podmienkach. V s\u00fa\u010dasnosti u\u017e tak\u00e9ho riziko, najm\u00e4 v\u010faka efekt\u00edvnemu zalesneniu, hroz\u00ed minim\u00e1lne.<\/div>\n<div style=\"text-align: justify;\"><\/div>\n<div style=\"text-align: justify;\">\u0160t\u00e1tny podnik LESY Slovenskej republiky \u2013 Lesn\u00edcke a\u00a0drev\u00e1rske m\u00fazeum Zvolen v\u00a0spolupr\u00e1ci s Technickou univerzitou Zvolen zorganizovali 4. janu\u00e1ra 2014 pri pr\u00edle\u017eitosti 90. v\u00fdro\u010dia od p\u00e1du tejto lav\u00edny vedeck\u00fa konferenciu. Konferencie sa akt\u00edvne z\u00fa\u010dastnili aj pr\u00edslu\u0161n\u00edci Horskej z\u00e1chrannej slu\u017eby a Strediska lav\u00ednovej prevencie. Na konferencii odozneli pr\u00edspevky, ktor\u00e9 prezentovali historick\u00fd preh\u013ead najv\u00e4\u010d\u0161\u00edch lav\u00ednov\u00fdch neh\u00f4d na Slovensku, i s\u00fa\u010dasn\u00fd stav sk\u00famania lav\u00ednovej problematiky na Slovensku. V r\u00e1mci konferencie boli predveden\u00e9 uk\u00e1\u017eky z\u00e1chran\u00e1rskych pr\u00e1c na lav\u00edne \u010dlenmi Horskej z\u00e1chrannej slu\u017eby. Z\u00e1rove\u0148 bola otvoren\u00e1 v\u00fdstava s t\u00e9mou: &#8222;Lav\u00edny &#8211; v hor\u00e1ch mus\u00edme \u017ei\u0165 s nimi&#8220;. Konferencia bol zakon\u010den\u00e1 akt\u00edvnou a zauj\u00edmavou debatou s Benjam\u00ednom Strme\u0148om, jedin\u00fdm \u017eij\u00facim svedkom najv\u00e4\u010d\u0161ej lav\u00ednovej trag\u00e9die na Slovensku.<\/div>\n<div style=\"text-align: justify;\">\n<div id=\"attachment_794\" style=\"width: 710px\" class=\"wp-caption aligncenter\"><a href=\"https:\/\/192.168.10.134\/wp-content\/uploads\/2014\/11\/img_0014-1.jpg\"><img loading=\"lazy\" decoding=\"async\" aria-describedby=\"caption-attachment-794\" data-attachment-id=\"794\" data-permalink=\"https:\/\/blog.laviny.sk\/?attachment_id=794#main\" data-orig-file=\"https:\/\/blog.laviny.sk\/wp-content\/uploads\/2014\/11\/img_0014-1.jpg\" data-orig-size=\"1600,1189\" data-comments-opened=\"0\" data-image-meta=\"{&quot;aperture&quot;:&quot;0&quot;,&quot;credit&quot;:&quot;&quot;,&quot;camera&quot;:&quot;&quot;,&quot;caption&quot;:&quot;&quot;,&quot;created_timestamp&quot;:&quot;0&quot;,&quot;copyright&quot;:&quot;&quot;,&quot;focal_length&quot;:&quot;0&quot;,&quot;iso&quot;:&quot;0&quot;,&quot;shutter_speed&quot;:&quot;0&quot;,&quot;title&quot;:&quot;&quot;,&quot;orientation&quot;:&quot;0&quot;}\" data-image-title=\"Benjam\u00edn Strme\u0148 (tret\u00ed z\u013eava) a kol\u00edska, ktor\u00e1 mu zachr\u00e1nila \u017eivot v lav\u00edne v roku 1924\" data-image-description=\"\" data-image-caption=\"\" data-large-file=\"https:\/\/blog.laviny.sk\/wp-content\/uploads\/2014\/11\/img_0014-1-1024x761.jpg\" class=\"wp-image-794 size-large\" src=\"https:\/\/192.168.10.134\/wp-content\/uploads\/2014\/11\/img_0014-1.jpg?w=700\" alt=\"Benjam\u00edn Strme\u0148 (tret\u00ed z\u013eava) a kol\u00edska, ktor\u00e1 mu zachr\u00e1nila \u017eivot v lav\u00edne v roku 1924\" width=\"700\" height=\"520\" srcset=\"https:\/\/blog.laviny.sk\/wp-content\/uploads\/2014\/11\/img_0014-1.jpg 1600w, https:\/\/blog.laviny.sk\/wp-content\/uploads\/2014\/11\/img_0014-1-300x223.jpg 300w, https:\/\/blog.laviny.sk\/wp-content\/uploads\/2014\/11\/img_0014-1-1024x761.jpg 1024w, https:\/\/blog.laviny.sk\/wp-content\/uploads\/2014\/11\/img_0014-1-768x571.jpg 768w, https:\/\/blog.laviny.sk\/wp-content\/uploads\/2014\/11\/img_0014-1-1536x1141.jpg 1536w\" sizes=\"auto, (max-width: 700px) 100vw, 700px\" \/><\/a><p id=\"caption-attachment-794\" class=\"wp-caption-text\">Benjam\u00edn Strme\u0148 (tret\u00ed z\u013eava) a kol\u00edska, ktor\u00e1 mu zachr\u00e1nila \u017eivot v lav\u00edne v roku 1924<\/p><\/div>\n<\/div>\n<div style=\"text-align: justify;\"><\/div>\n<div style=\"text-align: justify;\"><i>text: Jozef Richnavsk\u00fd, Milan Lizuch<\/i><br \/>\n<i>zdroje inform\u00e1ci\u00ed: a<\/i><i>rch\u00edv SLP,\u00a0<\/i><i>Ladislav Milan &#8211; Nebezpe\u010denstvo lav\u00edn,\u00a0<\/i><i>www.lesy.sk<\/i><\/div>\n<div style=\"text-align: justify;\"><\/div>\n<p style=\"text-align: justify;\">\n","protected":false},"excerpt":{"rendered":"<p>Najv\u00e4\u010d\u0161ia lav\u00ednov\u00e1 trag\u00e9dia na Slovensku sa odohrala v noci (pribli\u017ene o 21:30) zo 6. na 7. febru\u00e1ra 1924 v lesn\u00edckej osade Ryb\u00f4 (\u010das\u0165 obce Star\u00e9 Hory) v Hornojeleneckej doline vo Ve\u013ekej Fatre. Obrovsk\u00e1 lav\u00edna sa uvo\u013enila na juhov\u00fdchodn\u00fdch svahoch Kr\u00ed\u017enej (1 574 m n. m.) a jej n\u00e1nos sa zastavil a\u017e v hornej \u010dasti osady&hellip;<\/p>\n","protected":false},"author":1,"featured_media":790,"comment_status":"closed","ping_status":"closed","sticky":false,"template":"","format":"standard","meta":{"jetpack_post_was_ever_published":false,"_jetpack_newsletter_access":"","_jetpack_dont_email_post_to_subs":false,"_jetpack_newsletter_tier_id":0,"_jetpack_memberships_contains_paywalled_content":false,"_jetpack_memberships_contains_paid_content":false,"footnotes":"","jetpack_publicize_message":"","jetpack_publicize_feature_enabled":true,"jetpack_social_post_already_shared":true,"jetpack_social_options":{"image_generator_settings":{"template":"highway","default_image_id":0,"font":"","enabled":false},"version":2}},"categories":[2],"tags":[42,67,143,189],"class_list":["post-778","post","type-post","status-publish","format-standard","has-post-thumbnail","hentry","category-lavinove-nehody","tag-historia","tag-lavinova-nehoda","tag-rybo","tag-velka-fatra"],"jetpack_publicize_connections":[],"jetpack_featured_media_url":"https:\/\/blog.laviny.sk\/wp-content\/uploads\/2014\/11\/nanos-laviny-e1416390401932.png","jetpack_sharing_enabled":true,"jetpack_shortlink":"https:\/\/wp.me\/s8DxWh-778","jetpack-related-posts":[],"_links":{"self":[{"href":"https:\/\/blog.laviny.sk\/index.php?rest_route=\/wp\/v2\/posts\/778","targetHints":{"allow":["GET"]}}],"collection":[{"href":"https:\/\/blog.laviny.sk\/index.php?rest_route=\/wp\/v2\/posts"}],"about":[{"href":"https:\/\/blog.laviny.sk\/index.php?rest_route=\/wp\/v2\/types\/post"}],"author":[{"embeddable":true,"href":"https:\/\/blog.laviny.sk\/index.php?rest_route=\/wp\/v2\/users\/1"}],"replies":[{"embeddable":true,"href":"https:\/\/blog.laviny.sk\/index.php?rest_route=%2Fwp%2Fv2%2Fcomments&post=778"}],"version-history":[{"count":1,"href":"https:\/\/blog.laviny.sk\/index.php?rest_route=\/wp\/v2\/posts\/778\/revisions"}],"predecessor-version":[{"id":5118,"href":"https:\/\/blog.laviny.sk\/index.php?rest_route=\/wp\/v2\/posts\/778\/revisions\/5118"}],"wp:featuredmedia":[{"embeddable":true,"href":"https:\/\/blog.laviny.sk\/index.php?rest_route=\/wp\/v2\/media\/790"}],"wp:attachment":[{"href":"https:\/\/blog.laviny.sk\/index.php?rest_route=%2Fwp%2Fv2%2Fmedia&parent=778"}],"wp:term":[{"taxonomy":"category","embeddable":true,"href":"https:\/\/blog.laviny.sk\/index.php?rest_route=%2Fwp%2Fv2%2Fcategories&post=778"},{"taxonomy":"post_tag","embeddable":true,"href":"https:\/\/blog.laviny.sk\/index.php?rest_route=%2Fwp%2Fv2%2Ftags&post=778"}],"curies":[{"name":"wp","href":"https:\/\/api.w.org\/{rel}","templated":true}]}}