{"id":738,"date":"2014-01-20T15:24:29","date_gmt":"2014-01-20T14:24:29","guid":{"rendered":"http:\/\/slphzs.wordpress.com\/?p=738"},"modified":"2024-01-18T15:36:48","modified_gmt":"2024-01-18T14:36:48","slug":"40-rokov-od-jednej-z-najvacsich-lavinovych-tragedii-na-slovensku","status":"publish","type":"post","link":"https:\/\/blog.laviny.sk\/?p=738","title":{"rendered":"40 rokov od jednej z najv\u00e4\u010d\u0161\u00edch lav\u00ednov\u00fdch trag\u00e9di\u00ed na Slovensku"},"content":{"rendered":"\n<div class=\"separator\" style=\"text-align: justify;\">V druhej polovici janu\u00e1ra v roku 1974 prevl\u00e1dali na hor\u00e1ch zna\u010dne nepriazniv\u00e9 meteorologick\u00e9 podmienky, ktor\u00e9 dali predpoklad pre v\u00fdskyt lav\u00edn v\u00e4\u010d\u0161\u00edch rozmerov. Najm\u00e4 v obdob\u00ed od 18. do 21. janu\u00e1ra 1974 bola vo Vysok\u00fdch Tatr\u00e1ch zaznamenan\u00e1 zv\u00fd\u0161en\u00e1 lav\u00ednov\u00e1 aktivita. V priebehu t\u00fdchto dn\u00ed bolo zaznamenan\u00fdch nieko\u013eko desiatok lav\u00edn pomerne ve\u013ek\u00fdch rozmerov. Tri z nich mali bohu\u017eia\u013e aj tragick\u00e9 n\u00e1sledky. 20. janu\u00e1ra 1974 sa pod snehom ocitlo dokopy 31 \u013eud\u00ed, 14 z nich p\u00e1d lav\u00edn nepre\u017eilo.<\/div>\n\n\n\n<div class=\"separator\" style=\"text-align: justify;\">&nbsp;<\/div>\n\n\n\n\n\n<figure class=\"wp-block-image size-full\"><img loading=\"lazy\" decoding=\"async\" width=\"800\" height=\"370\" data-attachment-id=\"11435\" data-permalink=\"https:\/\/blog.laviny.sk\/?attachment_id=11435#main\" data-orig-file=\"https:\/\/blog.laviny.sk\/wp-content\/uploads\/2024\/01\/30-celk-pohlZA-1.jpg\" data-orig-size=\"800,370\" data-comments-opened=\"1\" data-image-meta=\"{&quot;aperture&quot;:&quot;0&quot;,&quot;credit&quot;:&quot;&quot;,&quot;camera&quot;:&quot;&quot;,&quot;caption&quot;:&quot;image description&quot;,&quot;created_timestamp&quot;:&quot;0&quot;,&quot;copyright&quot;:&quot;&quot;,&quot;focal_length&quot;:&quot;0&quot;,&quot;iso&quot;:&quot;0&quot;,&quot;shutter_speed&quot;:&quot;0&quot;,&quot;title&quot;:&quot;image description&quot;,&quot;orientation&quot;:&quot;1&quot;}\" data-image-title=\"image description\" data-image-description=\"\" data-image-caption=\"&lt;p&gt;image description&lt;\/p&gt;\n\" data-large-file=\"https:\/\/blog.laviny.sk\/wp-content\/uploads\/2024\/01\/30-celk-pohlZA-1.jpg\" src=\"https:\/\/blog.laviny.sk\/wp-content\/uploads\/2024\/01\/30-celk-pohlZA-1.jpg\" alt=\"\" class=\"wp-image-11435\" srcset=\"https:\/\/blog.laviny.sk\/wp-content\/uploads\/2024\/01\/30-celk-pohlZA-1.jpg 800w, https:\/\/blog.laviny.sk\/wp-content\/uploads\/2024\/01\/30-celk-pohlZA-1-300x139.jpg 300w, https:\/\/blog.laviny.sk\/wp-content\/uploads\/2024\/01\/30-celk-pohlZA-1-768x355.jpg 768w\" sizes=\"auto, (max-width: 800px) 100vw, 800px\" \/><figcaption class=\"wp-element-caption\">Sondovacie dru\u017estv\u00e1 preh\u013ead\u00e1vaj\u00face lav\u00ednov\u00fd n\u00e1nos<\/figcaption><\/figure>\n\n\n\n<div class=\"separator\" style=\"text-align: justify;\"><b>Popradsk\u00e9 pleso, 20. janu\u00e1ra 1974<\/b><\/div>\n\n\n\n<div class=\"separator\" style=\"text-align: justify;\">Stredn\u00e1 priemyseln\u00e1 \u0161kola strojn\u00edcka z Kom\u00e1rna zorganizovala pre svojich \u0161tudentov ly\u017eiarsky v\u00fdcvik na Popradskom plese. Pribli\u017ene 50-\u010dlenn\u00e1 skupina sa ubytovala na Chate kpt. Mor\u00e1vku pri Popradskom plese. \u0160tvrt\u00fd de\u0148 v\u00fdcviku, v nede\u013eu 20. janu\u00e1ra 1974, sa po\u010dasie na hor\u00e1ch v\u00fdrazne zhor\u0161ilo. Cez noc f\u00fakal siln\u00fd vietor, ktor\u00fd bol sprev\u00e1dzan\u00fd intenz\u00edvnym sne\u017een\u00edm. R\u00e1no sa sne\u017eenie v d\u00f4sledku oteplenia menilo na d\u00e1\u017e\u010f so snehom. Na ak\u00fatne lav\u00ednov\u00e9 nebezpe\u010denstvo boli chat\u00e1rom upozornen\u00ed aj ved\u00faci ly\u017eiarskeho kurzu. Napriek tomu sa rozhodli v kurze pokra\u010dova\u0165 aj v tento de\u0148. Rozdelili sa na dve skupiny. Skupina slab\u0161\u00edch ly\u017eiarov odi\u0161la ly\u017eova\u0165 na svah pod Ostrvou (tie\u017e nebezpe\u010dn\u00e1 lokalita vzh\u013eadom na ak\u00fatne lav\u00ednov\u00e9 nebezpe\u010denstvo). V\u00fdcvik ostatn\u00fdch prebiehal na relat\u00edvne bezpe\u010dnom, z\u00e1padne orientovanom svahu pod pr\u00edstupovou cestou na Popradsk\u00e9 pleso smerom do Hincovho potoka, ktor\u00fd te\u010die dnom doliny. V s\u00fa\u010dasnosti je tento svah u\u017e zarasten\u00fd. Pre pretrv\u00e1vaj\u00face zl\u00e9 po\u010dasie (hmla, slab\u00e1 vidite\u013enos\u0165, siln\u00fd vietor, sne\u017eenie s da\u017e\u010fom) sa u\u017e po pol hodine od za\u010diatku v\u00fdcviku, pribli\u017ene okolo 10:00, ved\u00faci in\u0161truktor rozhodol v\u00fdcvik preru\u0161i\u0165. Skupina 10 \u0161tudentov spolu s jedn\u00fdm u\u010dite\u013eom sa u\u017e zhroma\u017edila na ceste. Tam \u010dakali na ostatn\u00fdch, aby sa spolo\u010dne presunuli sp\u00e4\u0165 na chatu. Pribli\u017ene v \u010dase 10:40 sa z proti\u013eahl\u00e9ho svahu, pod sedlom nad Skokom, uvo\u013enila ve\u013ek\u00e1 doskov\u00e1 lav\u00edna. Masa vlhk\u00e9ho snehu nabrala ve\u013ek\u00fa r\u00fdchlos\u0165 a energiu a po dosiahnut\u00ed Hincovho potoka tak postupovala \u010falej do protisvahu, na ktorom sa v tom \u010dase nach\u00e1dzal zvy\u0161ok vracaj\u00facej sa skupiny. \u010celo lav\u00edny sa zastavilo a\u017e na pr\u00edstupovej ceste na Popradsk\u00e9 pleso. V lav\u00ednovom n\u00e1nose sa tak ocitlo 11 \u0161tudentov, ich u\u010dite\u013e a jeho 13-ro\u010dn\u00fd syn. \u0160tudenti, ktor\u00ed v \u010dase p\u00e1du lav\u00edny \u010dakali na svojich spolu\u017eiakov na ceste, boli lav\u00ednou zasiahnut\u00ed iba \u010diasto\u010dne a z n\u00e1nosu snehu sa svojpomocne, pr\u00edpadne s pomocou kamar\u00e1tov vyslobodili. Ihne\u010f za\u010dali svojich spolu\u017eiakov h\u013eada\u0165. Jeden z nich utekal okam\u017eite na chatu, aby privolal pomoc a ohl\u00e1sil p\u00e1d lav\u00edny na Horskej slu\u017ebe v Starom Smokovci.<\/div>\n\n\n\n<div class=\"separator\" style=\"text-align: justify;\">\n<div class=\"separator\">\n<p><\/p><\/div><\/div>\n\n\n\n<figure class=\"wp-block-gallery has-nested-images columns-2 is-cropped wp-block-gallery-1 is-layout-flex wp-block-gallery-is-layout-flex\">\n<figure class=\"wp-block-image size-large\"><img loading=\"lazy\" decoding=\"async\" width=\"1024\" height=\"499\" data-attachment-id=\"741\" data-permalink=\"https:\/\/blog.laviny.sk\/?attachment_id=741#main\" data-orig-file=\"https:\/\/blog.laviny.sk\/wp-content\/uploads\/2014\/11\/mengusovska-1974-nacrt.png\" data-orig-size=\"1133,552\" data-comments-opened=\"0\" data-image-meta=\"{&quot;aperture&quot;:&quot;0&quot;,&quot;credit&quot;:&quot;&quot;,&quot;camera&quot;:&quot;&quot;,&quot;caption&quot;:&quot;&quot;,&quot;created_timestamp&quot;:&quot;0&quot;,&quot;copyright&quot;:&quot;&quot;,&quot;focal_length&quot;:&quot;0&quot;,&quot;iso&quot;:&quot;0&quot;,&quot;shutter_speed&quot;:&quot;0&quot;,&quot;title&quot;:&quot;&quot;,&quot;orientation&quot;:&quot;0&quot;}\" data-image-title=\"P\u00f4vodn\u00fd n\u00e1kres lav\u00edny z ofici\u00e1lnej spr\u00e1vy o trag\u00e9dii \/ rekon\u0161trukcia lav\u00ednovej dr\u00e1hy pomocou modern\u00fdch geoinforma\u010dn\u00fdch n\u00e1strojov\" data-image-description=\"\" data-image-caption=\"\" data-large-file=\"https:\/\/blog.laviny.sk\/wp-content\/uploads\/2014\/11\/mengusovska-1974-nacrt-1024x499.png\" data-id=\"741\" src=\"https:\/\/blog.laviny.sk\/wp-content\/uploads\/2014\/11\/mengusovska-1974-nacrt-1024x499.png\" alt=\"\" class=\"wp-image-741\" srcset=\"https:\/\/blog.laviny.sk\/wp-content\/uploads\/2014\/11\/mengusovska-1974-nacrt-1024x499.png 1024w, https:\/\/blog.laviny.sk\/wp-content\/uploads\/2014\/11\/mengusovska-1974-nacrt-300x146.png 300w, https:\/\/blog.laviny.sk\/wp-content\/uploads\/2014\/11\/mengusovska-1974-nacrt-768x374.png 768w, https:\/\/blog.laviny.sk\/wp-content\/uploads\/2014\/11\/mengusovska-1974-nacrt.png 1133w\" sizes=\"auto, (max-width: 1024px) 100vw, 1024px\" \/><\/figure>\n\n\n\n<figure class=\"wp-block-image size-large\"><img loading=\"lazy\" decoding=\"async\" width=\"1024\" height=\"575\" data-attachment-id=\"740\" data-permalink=\"https:\/\/blog.laviny.sk\/?attachment_id=740#main\" data-orig-file=\"https:\/\/blog.laviny.sk\/wp-content\/uploads\/2014\/11\/popradske_anim3.gif\" data-orig-size=\"1590,893\" data-comments-opened=\"0\" data-image-meta=\"{&quot;aperture&quot;:&quot;0&quot;,&quot;credit&quot;:&quot;&quot;,&quot;camera&quot;:&quot;&quot;,&quot;caption&quot;:&quot;&quot;,&quot;created_timestamp&quot;:&quot;0&quot;,&quot;copyright&quot;:&quot;&quot;,&quot;focal_length&quot;:&quot;0&quot;,&quot;iso&quot;:&quot;0&quot;,&quot;shutter_speed&quot;:&quot;0&quot;,&quot;title&quot;:&quot;&quot;,&quot;orientation&quot;:&quot;0&quot;}\" data-image-title=\"Simul\u00e1cia pohybu a v\u00fd\u0161ky snehu v lav\u00edne vytvoren\u00e1 pomocou modern\u00e9ho dynamick\u00e9ho numerick\u00e9ho modelu\" data-image-description=\"\" data-image-caption=\"\" data-large-file=\"https:\/\/blog.laviny.sk\/wp-content\/uploads\/2014\/11\/popradske_anim3-1024x575.gif\" data-id=\"740\" src=\"https:\/\/blog.laviny.sk\/wp-content\/uploads\/2014\/11\/popradske_anim3-1024x575.gif\" alt=\"\" class=\"wp-image-740\" srcset=\"https:\/\/blog.laviny.sk\/wp-content\/uploads\/2014\/11\/popradske_anim3-1024x575.gif 1024w, https:\/\/blog.laviny.sk\/wp-content\/uploads\/2014\/11\/popradske_anim3-300x168.gif 300w, https:\/\/blog.laviny.sk\/wp-content\/uploads\/2014\/11\/popradske_anim3-768x431.gif 768w, https:\/\/blog.laviny.sk\/wp-content\/uploads\/2014\/11\/popradske_anim3-1536x863.gif 1536w\" sizes=\"auto, (max-width: 1024px) 100vw, 1024px\" \/><\/figure>\n<\/figure>\n\n\n\n<div class=\"separator\"><b>Z\u00e1chrann\u00e9 pr\u00e1ce<\/b><\/div>\n\n\n\n<div class=\"separator\">Hne\u010f po ohl\u00e1sen\u00ed lav\u00ednovej nehody na Chate kpt. Mor\u00e1vku bola v \u010dase 11:00 informovan\u00e1 Horsk\u00e1 slu\u017eba v Starom Smokovci. Siln\u00e1 v\u00edchrica v\u0161ak strhla nieko\u013eko stromov, ktor\u00e9 preru\u0161ili vzdu\u0161n\u00e9 telef\u00f3nne vedenie pr\u00e1ve po\u010das tohto d\u00f4le\u017eit\u00e9ho telef\u00f3nneho hovoru. Dispe\u010der v Starom Smokovci v\u0161ak na\u0161\u0165astie stihol zachyti\u0165 v\u0161etky d\u00f4le\u017eit\u00e9 inform\u00e1cie o lav\u00ednovej nehode a rozbehla sa ve\u013ek\u00e1 z\u00e1chrann\u00e1 akcia. E\u0161te pred pr\u00edchodom z\u00e1chran\u00e1rov z Horskej slu\u017eby sa do h\u013eadania zapojili \u0161tudenti, ich u\u010ditelia, zamestnanci chaty, aj ubytovan\u00ed horolezci a n\u00e1v\u0161tevn\u00edci. Po pr\u00edchode horsk\u00fdch z\u00e1chran\u00e1rov sa za\u010dalo systematick\u00e9 preh\u013ead\u00e1vanie lav\u00ednov\u00e9ho n\u00e1nosu a do h\u013eadania sa zapojil aj lav\u00ednov\u00fd pes Udo. Lav\u00ednov\u00fd n\u00e1nos bol zna\u010dne rozsiahly a bolo jasn\u00e9, \u017ee aj v\u00fd\u0161ka snehu v n\u00e1nose bude ve\u013ek\u00e1, nako\u013eko cel\u00e9 dno doliny aj s Hincov\u00fdm potokom bolo t\u00fdmto n\u00e1nosom zasypan\u00e9. Aby sa vytipovali n\u00e1dejnej\u0161ie miesta sondovania, boli vyspovedan\u00ed svedkovia lav\u00edny a cel\u00fd priebeh lav\u00edny bol, spolu s vyzna\u010den\u00edm pribli\u017enej polohy \u0161tudentov pred zasypan\u00edm, zakreslen\u00fd. Prv\u00fd pozit\u00edvny z\u00e1sah lav\u00ednovou sondou bol zaznamenan\u00fd v \u010dase 13:45, teda pribli\u017ene 3 hodiny po p\u00e1de lav\u00edny. V h\u013abke 2 m bolo n\u00e1jden\u00e9 telo triedneho u\u010dite\u013ea \u0161tudentov na v\u00fdcviku. Za kr\u00e1tku dobu boli n\u00e1jden\u00e9 tel\u00e1 \u010fal\u0161\u00edch dvoch \u0161tudentov vo ve\u013ekej h\u013abke. Ve\u013ek\u00e1 masa ubit\u00e9ho snehu im nedala \u017eiadnu \u0161ancu na pre\u017eitie. V \u010dase 15:30, teda pribli\u017ene 5 hod\u00edn po p\u00e1de lav\u00edny, ozna\u010dil lav\u00ednov\u00fd pes Udo polohu \u010fal\u0161ieho \u0161tudenta. Bol zasypan\u00fd v sediacej polohe, prav\u00fdm bokom obr\u00e1ten\u00fdm ku svahu, s hlavou pribli\u017ene 60 cm pod povrchom snehov\u00e9ho n\u00e1nosu. Bol v bezvedom\u00ed, ale \u017eil. Po r\u00fdchlom transporte na chatu sa ho lek\u00e1rom a z\u00e1chran\u00e1rom podarilo privies\u0165 k vedomiu. N\u00e1sledne ho o\u0161etrili a transportovali do nemocnice v Spi\u0161skej Sobote, kde sa z fyzick\u00fdch zranen\u00ed uzdravil. Rozhovor s t\u00fdmto \u0161tudentom po 40-tich rokoch od lav\u00ednovej nehody si m\u00f4\u017eete vypo\u010du\u0165 <a href=\"https:\/\/www.facebook.com\/video.php?v=4787455362729&amp;set=vb.276879912371114&amp;type=3&amp;theater\" target=\"_blank\" rel=\"noopener\">tu<\/a>.<\/div>\n\n\n\n<div class=\"separator\">Sondovan\u00edm boli v tento de\u0148 n\u00e1jden\u00e9 e\u0161te tel\u00e1 dvoch \u0161tudentov, pribli\u017ene v h\u013abke 1,5 m pod povrchom n\u00e1nosu. Z\u00e1chran\u00e1rske pr\u00e1ce boli kv\u00f4li neust\u00e1le sa zhor\u0161uj\u00facemu po\u010dasiu a tme preru\u0161en\u00e9 o 23:00.<\/div>\n\n\n\n<div class=\"separator\">\n<p><\/p><\/div>\n\n\n\n<figure class=\"wp-block-gallery has-nested-images columns-1 is-cropped wp-block-gallery-2 is-layout-flex wp-block-gallery-is-layout-flex\">\n<figure class=\"wp-block-image size-large\"><img loading=\"lazy\" decoding=\"async\" width=\"1024\" height=\"411\" data-attachment-id=\"743\" data-permalink=\"https:\/\/blog.laviny.sk\/?attachment_id=743#main\" data-orig-file=\"https:\/\/blog.laviny.sk\/wp-content\/uploads\/2014\/11\/udo-copy.png\" data-orig-size=\"1600,642\" data-comments-opened=\"0\" data-image-meta=\"{&quot;aperture&quot;:&quot;0&quot;,&quot;credit&quot;:&quot;&quot;,&quot;camera&quot;:&quot;&quot;,&quot;caption&quot;:&quot;&quot;,&quot;created_timestamp&quot;:&quot;0&quot;,&quot;copyright&quot;:&quot;&quot;,&quot;focal_length&quot;:&quot;0&quot;,&quot;iso&quot;:&quot;0&quot;,&quot;shutter_speed&quot;:&quot;0&quot;,&quot;title&quot;:&quot;&quot;,&quot;orientation&quot;:&quot;0&quot;}\" data-image-title=\"Lav\u00ednov\u00fd pes Udo a z\u00e1chran\u00e1r \u0160tefan Z\u00e1vadsk\u00fd \/ sondovacie a v\u00fdkopov\u00e9 pr\u00e1ce na lav\u00ednovom n\u00e1nose\" data-image-description=\"\" data-image-caption=\"\" data-large-file=\"https:\/\/blog.laviny.sk\/wp-content\/uploads\/2014\/11\/udo-copy-1024x411.png\" data-id=\"743\" src=\"https:\/\/blog.laviny.sk\/wp-content\/uploads\/2014\/11\/udo-copy-1024x411.png\" alt=\"\" class=\"wp-image-743\" srcset=\"https:\/\/blog.laviny.sk\/wp-content\/uploads\/2014\/11\/udo-copy-1024x411.png 1024w, https:\/\/blog.laviny.sk\/wp-content\/uploads\/2014\/11\/udo-copy-300x120.png 300w, https:\/\/blog.laviny.sk\/wp-content\/uploads\/2014\/11\/udo-copy-768x308.png 768w, https:\/\/blog.laviny.sk\/wp-content\/uploads\/2014\/11\/udo-copy-1536x616.png 1536w, https:\/\/blog.laviny.sk\/wp-content\/uploads\/2014\/11\/udo-copy.png 1600w\" sizes=\"auto, (max-width: 1024px) 100vw, 1024px\" \/><\/figure>\n\n\n\n<figure class=\"wp-block-image size-large\"><img loading=\"lazy\" decoding=\"async\" width=\"1024\" height=\"330\" data-attachment-id=\"742\" data-permalink=\"https:\/\/blog.laviny.sk\/?attachment_id=742#main\" data-orig-file=\"https:\/\/blog.laviny.sk\/wp-content\/uploads\/2014\/11\/l23-copy.png\" data-orig-size=\"1548,499\" data-comments-opened=\"0\" data-image-meta=\"{&quot;aperture&quot;:&quot;0&quot;,&quot;credit&quot;:&quot;&quot;,&quot;camera&quot;:&quot;&quot;,&quot;caption&quot;:&quot;&quot;,&quot;created_timestamp&quot;:&quot;0&quot;,&quot;copyright&quot;:&quot;&quot;,&quot;focal_length&quot;:&quot;0&quot;,&quot;iso&quot;:&quot;0&quot;,&quot;shutter_speed&quot;:&quot;0&quot;,&quot;title&quot;:&quot;&quot;,&quot;orientation&quot;:&quot;0&quot;}\" data-image-title=\"Z\u00e1chran\u00e1rske a v\u00fdkopov\u00e9 pr\u00e1ce na lav\u00ednovom n\u00e1nose\" data-image-description=\"\" data-image-caption=\"\" data-large-file=\"https:\/\/blog.laviny.sk\/wp-content\/uploads\/2014\/11\/l23-copy-1024x330.png\" data-id=\"742\" src=\"https:\/\/blog.laviny.sk\/wp-content\/uploads\/2014\/11\/l23-copy-1024x330.png\" alt=\"\" class=\"wp-image-742\" srcset=\"https:\/\/blog.laviny.sk\/wp-content\/uploads\/2014\/11\/l23-copy-1024x330.png 1024w, https:\/\/blog.laviny.sk\/wp-content\/uploads\/2014\/11\/l23-copy-300x97.png 300w, https:\/\/blog.laviny.sk\/wp-content\/uploads\/2014\/11\/l23-copy-768x248.png 768w, https:\/\/blog.laviny.sk\/wp-content\/uploads\/2014\/11\/l23-copy-1536x495.png 1536w, https:\/\/blog.laviny.sk\/wp-content\/uploads\/2014\/11\/l23-copy.png 1548w\" sizes=\"auto, (max-width: 1024px) 100vw, 1024px\" \/><\/figure>\n<\/figure>\n\n\n\n<div class=\"separator\" style=\"text-align: justify;\">\n<p>Od roku 1956 bolo zaznamenan\u00fdch 5 v\u00e4\u010d\u0161\u00edch trag\u00e9di\u00ed, ktor\u00e9 zasiahli \u0161kolsk\u00e9 ly\u017eiarske kurzy. Po tejto lav\u00ednovej nehode vydalo Ministerstvo \u0161kolstva SSR z\u00e1kaz organizova\u0165 \u0161kolsk\u00e9 ly\u017eiarske v\u00fdcvikov\u00e9 kurzy vo vysokohorskom prostred\u00ed.<\/p>\n<p><b>Parametre lav\u00edny<\/b><br>Spont\u00e1nna lav\u00edna sa uvo\u013enila na svahu medzi vrcholmi Patrie (2 203 m n. m.) a Malej Ba\u0161ty (2 288 m n. m.) tesne pod sedlom nad Skokom smerom do Mengusovskej doliny. Jedn\u00e1 sa o lav\u00ednov\u00fd svah s ojedinel\u00fdm v\u00fdskytom podobn\u00fdch lav\u00edn (lav\u00edna na svahu padne raz za viac ako 30 rokov) m\u00e1 v\u00fdchodn\u00fa orient\u00e1ciu a jeho priemern\u00fd sklon je 31\u00b0. Maxim\u00e1lny sklon v\u0161ak v niektor\u00fdch miestach dosahuje aj viac ako 40\u00b0. Odtrh lav\u00edny sa nach\u00e1dzal v nadmorskej v\u00fd\u0161ke 2200 m a jeho d\u013a\u017eka bola pribli\u017ene 350 m. V\u00fd\u0161ka odtrhu dosiahla miestami a\u017e 4 m. \u017d\u013eabov\u00e1 lav\u00edna prekonala dr\u00e1hu s d\u013a\u017ekou pribli\u017ene 1500 m a s prev\u00fd\u0161en\u00edm 760 m. Vybehla a\u017e do protisvahu nad Hincov\u00fdm potokom a \u010diasto\u010dne zasypala cestu medzi z\u00e1stavkou TE\u017d \u201ePopradsk\u00e9 pleso\u201c a chatou pri Popradskom plese. N\u00e1nos dosahoval maxim\u00e1lnu v\u00fd\u0161ku pribli\u017ene 8 m a \u0161\u00edrku takmer 530 m. Objem snehu v n\u00e1nose bol odhadnut\u00fd na 150 000 m3.<\/p>\n\n\n\n<figure class=\"wp-block-image size-large\"><img loading=\"lazy\" decoding=\"async\" width=\"1024\" height=\"276\" data-attachment-id=\"11436\" data-permalink=\"https:\/\/blog.laviny.sk\/?attachment_id=11436#main\" data-orig-file=\"https:\/\/blog.laviny.sk\/wp-content\/uploads\/2024\/01\/ramms-spolu.png\" data-orig-size=\"3324,896\" data-comments-opened=\"1\" data-image-meta=\"{&quot;aperture&quot;:&quot;0&quot;,&quot;credit&quot;:&quot;&quot;,&quot;camera&quot;:&quot;&quot;,&quot;caption&quot;:&quot;&quot;,&quot;created_timestamp&quot;:&quot;0&quot;,&quot;copyright&quot;:&quot;&quot;,&quot;focal_length&quot;:&quot;0&quot;,&quot;iso&quot;:&quot;0&quot;,&quot;shutter_speed&quot;:&quot;0&quot;,&quot;title&quot;:&quot;&quot;,&quot;orientation&quot;:&quot;0&quot;}\" data-image-title=\"ramms-spolu\" data-image-description=\"\" data-image-caption=\"\" data-large-file=\"https:\/\/blog.laviny.sk\/wp-content\/uploads\/2024\/01\/ramms-spolu-1024x276.png\" src=\"https:\/\/blog.laviny.sk\/wp-content\/uploads\/2024\/01\/ramms-spolu-1024x276.png\" alt=\"\" class=\"wp-image-11436\" srcset=\"https:\/\/blog.laviny.sk\/wp-content\/uploads\/2024\/01\/ramms-spolu-1024x276.png 1024w, https:\/\/blog.laviny.sk\/wp-content\/uploads\/2024\/01\/ramms-spolu-300x81.png 300w, https:\/\/blog.laviny.sk\/wp-content\/uploads\/2024\/01\/ramms-spolu-768x207.png 768w, https:\/\/blog.laviny.sk\/wp-content\/uploads\/2024\/01\/ramms-spolu-1536x414.png 1536w, https:\/\/blog.laviny.sk\/wp-content\/uploads\/2024\/01\/ramms-spolu-2048x552.png 2048w\" sizes=\"auto, (max-width: 1024px) 100vw, 1024px\" \/><\/figure>\n\n\n\n<div class=\"\"><b>V\u00fdvoj po\u010dasia a snehovej pokr\u00fdvky<\/b><\/div>\n<div class=\"separator\">Norbert Pol\u010d\u00e1k, meteorol\u00f3g zo Slovensk\u00e9ho hydrometeorologick\u00e9ho \u00fastavu, spracoval nasleduj\u00facu anal\u00fdzu synoptickej situ\u00e1cie, ktor\u00e1 v kone\u010dnom d\u00f4sledku viedla k vzniku ak\u00fatneho lav\u00ednov\u00e9ho nebezpe\u010denstva vo Vysok\u00fdch Tatr\u00e1ch v druhej polovici janu\u00e1ra 1974:<\/div>\n<div class=\"separator\"><i>V polovici novembra sa vytvorila nad \u0160kandin\u00e1viou rozsiahla oblas\u0165 n\u00edzkeho tlaku vzduchu. Po jej zadnej strane pr\u00fadil do tatranskej oblasti od severoz\u00e1padu chladn\u00fd a vlhk\u00fd vzduch, v Tatr\u00e1ch napadlo cca 50 cm snehu, \u010d\u00edm sa vytvoril z\u00e1klad vysokej a dlhotrvaj\u00facej snehovej pokr\u00fdvky. Zv\u00e4\u010d\u0161a cyklon\u00e1lny charakter po\u010dasia pokra\u010doval a\u017e do polovice decembra. V\u00e4\u010d\u0161ina vzduchov\u00fdch hm\u00f4t prenikala do strednej Eur\u00f3py po zadnej strane rozsiahlej oblasti n\u00edzkeho tlaku vzduchu nad \u0160kandin\u00e1viou. V z\u00e1vislosti od polohy tlakov\u00fdch \u00fatvarov sa striedali vlhk\u00e9 vzduchov\u00e9 hmoty miernych \u0161\u00edrok Atlantick\u00e9ho oce\u00e1nu, prenikaj\u00face od N\u00f3rskeho a Severn\u00e9ho mora, s arktick\u00fdmi morsk\u00fdmi vzduchov\u00fdmi hmotami, ktor\u00e9 sa \u010diasto\u010dne transformovali nad tepl\u00fdmi vodami Severoatlantick\u00e9ho pr\u00fadu v severnej \u010dasti Atlantick\u00e9ho oce\u00e1na. Karpatsk\u00fd obl\u00fak a jeho najvy\u0161\u0161ia \u010das\u0165 \u2013 Tatry, sa stali najvy\u0161\u0161ou a najkompaktnej\u0161ou horskou prek\u00e1\u017ekou (spolu s Alpami) pri pr\u00faden\u00ed vlhk\u00e9ho vzduchu od severoz\u00e1padu a\u017e z\u00e1padu. V\u00fdsledkom bolo neust\u00e1le narastanie v\u00fd\u0161ky snehovej pokr\u00fdvky, ktor\u00e1 v polovici decembra presiahla na \u0160trbskom plese 100 cm. Od 19. decembra 1973 sa poveternostn\u00e1 situ\u00e1cia zmenila. Nad z\u00e1padom kontinentu sa vytvorila rozsiahla br\u00e1zda n\u00edzkeho tlaku vzduchu siahaj\u00faca od severnej \u0160kandin\u00e1vie a\u017e po Biskajsk\u00fd z\u00e1liv. Od v\u00fdchodu zasahovala do strednej Eur\u00f3py oblas\u0165 vysok\u00e9ho tlaku vzduchu. Medzi uveden\u00fdmi tlakov\u00fdmi \u00fatvarmi pr\u00fadil do tatranskej oblasti od juhoz\u00e1padu teplej\u0161\u00ed a such\u0161\u00ed vzduch, zr\u00e1\u017ekov\u00e9 \u00fahrny boli mal\u00e9. 27. decembra sa od juhoz\u00e1padu roz\u0161\u00edril do strednej Eur\u00f3py v\u00fdbe\u017eok vy\u0161\u0161ieho tlaku vzduchu. V \u010fal\u0161\u00edch d\u0148och sa nad strednou a ju\u017enou Eur\u00f3pou sformovala rozsiahla oblas\u0165 vysok\u00e9ho tlaku vzduchu, ktor\u00e1 sa postupne premiestnila na severov\u00fdchod, ale st\u00e1le svojim okrajom zasahovala do tatranskej oblasti. Anticyklon\u00e1lny charakter po\u010dasia preru\u0161ila 11. a 12. janu\u00e1ra 1974 od severoz\u00e1padu plytk\u00e1 br\u00e1zda n\u00edzkeho tlaku vzduchu, ktor\u00e1 sa vo vy\u0161\u0161om tlaku nad strednou Eur\u00f3pou rozpadla, ale i napriek tomu priniesla do tatranskej oblasti snehov\u00e9 zr\u00e1\u017eky. V Tatr\u00e1ch pripadlo 10 a\u017e 20 cm (miestami aj viac) nov\u00e9ho snehu. 15. janu\u00e1ra 1974 tlakov\u00e1 v\u00fd\u0161 zasahuj\u00faca od severov\u00fdchodu zoslabla a do strednej Eur\u00f3py post\u00fapil od juhoz\u00e1padu tepl\u00fd front a cel\u00e1 tatransk\u00e1 oblas\u0165 sa dostala do tepl\u00e9ho a vlhk\u00e9ho juhoz\u00e1padn\u00e9ho a\u017e z\u00e1padn\u00e9ho pr\u00fadenia. 16. janu\u00e1ra sa v silnom juhoz\u00e1padnom v\u00fd\u0161kovom pr\u00faden\u00ed r\u00fdchlo premiestnila samostatn\u00e1 tlakov\u00e1 n\u00ed\u017e z Atlantick\u00e9ho oce\u00e1nu na severoz\u00e1pad. 17. janu\u00e1ra bol jej stred u\u017e nad Severn\u00fdm morom a 18. nad Pobalt\u00edm. Po jej zadnej strane za\u010dal do tatranskej oblasti 17. janu\u00e1ra v denn\u00fdch hodin\u00e1ch pr\u00fadi\u0165 chladnej\u0161\u00ed vzduch a za\u010dal f\u00faka\u0165 z\u00e1padn\u00fd vietor. Za\u010dalo sne\u017ei\u0165, pripadlo okolo 10 a viac cm nov\u00e9ho snehu. Pr\u00fadenie chladnej\u0161ieho vzduchu pokra\u010dovalo aj 18. janu\u00e1ra, sne\u017eenie v\u0161ak dopoludnia ustalo. Nasleduj\u00faci de\u0148, 19. janu\u00e1ra 1974, post\u00fapil od Atlantick\u00e9ho oce\u00e1nu do Karpatskej oblasti tepl\u00fd front s v\u00fddatn\u00fdmi zr\u00e1\u017ekami, ktor\u00e9 pokra\u010dovali aj v nasleduj\u00faci kritick\u00fd de\u0148. Oteplilo sa v celom v\u00fd\u0161kovom profile. Zr\u00e1\u017eky boli aj v stredn\u00fdch poloh\u00e1ch zmie\u0161an\u00e9. 21. janu\u00e1ra sa po prednej strane tlakovej v\u00fd\u0161e nad z\u00e1padnou Eur\u00f3pou dostal do tatranskej oblasti o nie\u010do chladnej\u0161\u00ed vzduch a zr\u00e1\u017eky sa vyskytovali len formou slab\u00e9ho sne\u017eenia.<\/i><\/div>\n<div class=\"separator\">\n<p><\/p><\/div><\/div>\n\n\n\n<figure class=\"wp-block-gallery has-nested-images columns-1 is-cropped wp-block-gallery-3 is-layout-flex wp-block-gallery-is-layout-flex\">\n<figure class=\"wp-block-image size-large\"><img loading=\"lazy\" decoding=\"async\" width=\"1024\" height=\"285\" data-attachment-id=\"748\" data-permalink=\"https:\/\/blog.laviny.sk\/?attachment_id=748#main\" data-orig-file=\"https:\/\/blog.laviny.sk\/wp-content\/uploads\/2014\/11\/sneh-strbske-pleso-zima.png\" data-orig-size=\"1600,446\" data-comments-opened=\"0\" data-image-meta=\"{&quot;aperture&quot;:&quot;0&quot;,&quot;credit&quot;:&quot;&quot;,&quot;camera&quot;:&quot;&quot;,&quot;caption&quot;:&quot;&quot;,&quot;created_timestamp&quot;:&quot;0&quot;,&quot;copyright&quot;:&quot;&quot;,&quot;focal_length&quot;:&quot;0&quot;,&quot;iso&quot;:&quot;0&quot;,&quot;shutter_speed&quot;:&quot;0&quot;,&quot;title&quot;:&quot;&quot;,&quot;orientation&quot;:&quot;0&quot;}\" data-image-title=\"V\u00fdvoj celkovej v\u00fd\u0161ky snehovej pokr\u00fdvky a \u00fahrny nov\u00e9ho snehu na \u0160trbskom plese od 22. 10. 1973 do 19. 2. 1974\" data-image-description=\"\" data-image-caption=\"\" data-large-file=\"https:\/\/blog.laviny.sk\/wp-content\/uploads\/2014\/11\/sneh-strbske-pleso-zima-1024x285.png\" data-id=\"748\" src=\"https:\/\/blog.laviny.sk\/wp-content\/uploads\/2014\/11\/sneh-strbske-pleso-zima-1024x285.png\" alt=\"\" class=\"wp-image-748\" srcset=\"https:\/\/blog.laviny.sk\/wp-content\/uploads\/2014\/11\/sneh-strbske-pleso-zima-1024x285.png 1024w, https:\/\/blog.laviny.sk\/wp-content\/uploads\/2014\/11\/sneh-strbske-pleso-zima-300x84.png 300w, https:\/\/blog.laviny.sk\/wp-content\/uploads\/2014\/11\/sneh-strbske-pleso-zima-768x214.png 768w, https:\/\/blog.laviny.sk\/wp-content\/uploads\/2014\/11\/sneh-strbske-pleso-zima-1536x428.png 1536w, https:\/\/blog.laviny.sk\/wp-content\/uploads\/2014\/11\/sneh-strbske-pleso-zima.png 1600w\" sizes=\"auto, (max-width: 1024px) 100vw, 1024px\" \/><\/figure>\n\n\n\n<figure class=\"wp-block-image size-large\"><img loading=\"lazy\" decoding=\"async\" width=\"1024\" height=\"897\" data-attachment-id=\"746\" data-permalink=\"https:\/\/blog.laviny.sk\/?attachment_id=746#main\" data-orig-file=\"https:\/\/blog.laviny.sk\/wp-content\/uploads\/2014\/11\/graf-teploty-spolu.png\" data-orig-size=\"1600,1401\" data-comments-opened=\"0\" data-image-meta=\"{&quot;aperture&quot;:&quot;0&quot;,&quot;credit&quot;:&quot;&quot;,&quot;camera&quot;:&quot;&quot;,&quot;caption&quot;:&quot;&quot;,&quot;created_timestamp&quot;:&quot;0&quot;,&quot;copyright&quot;:&quot;&quot;,&quot;focal_length&quot;:&quot;0&quot;,&quot;iso&quot;:&quot;0&quot;,&quot;shutter_speed&quot;:&quot;0&quot;,&quot;title&quot;:&quot;&quot;,&quot;orientation&quot;:&quot;0&quot;}\" data-image-title=\"\" data-image-description=\"\" data-image-caption=\"\" data-large-file=\"https:\/\/blog.laviny.sk\/wp-content\/uploads\/2014\/11\/graf-teploty-spolu-1024x897.png\" data-id=\"746\" src=\"https:\/\/blog.laviny.sk\/wp-content\/uploads\/2014\/11\/graf-teploty-spolu-1024x897.png\" alt=\"\" class=\"wp-image-746\" srcset=\"https:\/\/blog.laviny.sk\/wp-content\/uploads\/2014\/11\/graf-teploty-spolu-1024x897.png 1024w, https:\/\/blog.laviny.sk\/wp-content\/uploads\/2014\/11\/graf-teploty-spolu-300x263.png 300w, https:\/\/blog.laviny.sk\/wp-content\/uploads\/2014\/11\/graf-teploty-spolu-768x672.png 768w, https:\/\/blog.laviny.sk\/wp-content\/uploads\/2014\/11\/graf-teploty-spolu-1536x1345.png 1536w, https:\/\/blog.laviny.sk\/wp-content\/uploads\/2014\/11\/graf-teploty-spolu.png 1600w\" sizes=\"auto, (max-width: 1024px) 100vw, 1024px\" \/><\/figure>\n\n\n\n<figure class=\"wp-block-image size-large\"><img loading=\"lazy\" decoding=\"async\" width=\"1024\" height=\"668\" data-attachment-id=\"747\" data-permalink=\"https:\/\/blog.laviny.sk\/?attachment_id=747#main\" data-orig-file=\"https:\/\/blog.laviny.sk\/wp-content\/uploads\/2014\/11\/vietor_final-1974.png\" data-orig-size=\"1600,1043\" data-comments-opened=\"0\" data-image-meta=\"{&quot;aperture&quot;:&quot;0&quot;,&quot;credit&quot;:&quot;&quot;,&quot;camera&quot;:&quot;&quot;,&quot;caption&quot;:&quot;&quot;,&quot;created_timestamp&quot;:&quot;0&quot;,&quot;copyright&quot;:&quot;&quot;,&quot;focal_length&quot;:&quot;0&quot;,&quot;iso&quot;:&quot;0&quot;,&quot;shutter_speed&quot;:&quot;0&quot;,&quot;title&quot;:&quot;&quot;,&quot;orientation&quot;:&quot;0&quot;}\" data-image-title=\"\" data-image-description=\"\" data-image-caption=\"\" data-large-file=\"https:\/\/blog.laviny.sk\/wp-content\/uploads\/2014\/11\/vietor_final-1974-1024x668.png\" data-id=\"747\" src=\"https:\/\/blog.laviny.sk\/wp-content\/uploads\/2014\/11\/vietor_final-1974-1024x668.png\" alt=\"\" class=\"wp-image-747\" srcset=\"https:\/\/blog.laviny.sk\/wp-content\/uploads\/2014\/11\/vietor_final-1974-1024x668.png 1024w, https:\/\/blog.laviny.sk\/wp-content\/uploads\/2014\/11\/vietor_final-1974-300x196.png 300w, https:\/\/blog.laviny.sk\/wp-content\/uploads\/2014\/11\/vietor_final-1974-768x501.png 768w, https:\/\/blog.laviny.sk\/wp-content\/uploads\/2014\/11\/vietor_final-1974-1536x1001.png 1536w, https:\/\/blog.laviny.sk\/wp-content\/uploads\/2014\/11\/vietor_final-1974.png 1600w\" sizes=\"auto, (max-width: 1024px) 100vw, 1024px\" \/><\/figure>\n\n\n\n<figure class=\"wp-block-image size-large\"><img loading=\"lazy\" decoding=\"async\" width=\"1024\" height=\"440\" data-attachment-id=\"745\" data-permalink=\"https:\/\/blog.laviny.sk\/?attachment_id=745#main\" data-orig-file=\"https:\/\/blog.laviny.sk\/wp-content\/uploads\/2014\/11\/ls_sneh-copy.png\" data-orig-size=\"1600,687\" data-comments-opened=\"0\" data-image-meta=\"{&quot;aperture&quot;:&quot;0&quot;,&quot;credit&quot;:&quot;&quot;,&quot;camera&quot;:&quot;&quot;,&quot;caption&quot;:&quot;&quot;,&quot;created_timestamp&quot;:&quot;0&quot;,&quot;copyright&quot;:&quot;&quot;,&quot;focal_length&quot;:&quot;0&quot;,&quot;iso&quot;:&quot;0&quot;,&quot;shutter_speed&quot;:&quot;0&quot;,&quot;title&quot;:&quot;&quot;,&quot;orientation&quot;:&quot;0&quot;}\" data-image-title=\"\" data-image-description=\"\" data-image-caption=\"\" data-large-file=\"https:\/\/blog.laviny.sk\/wp-content\/uploads\/2014\/11\/ls_sneh-copy-1024x440.png\" data-id=\"745\" src=\"https:\/\/blog.laviny.sk\/wp-content\/uploads\/2014\/11\/ls_sneh-copy-1024x440.png\" alt=\"\" class=\"wp-image-745\" srcset=\"https:\/\/blog.laviny.sk\/wp-content\/uploads\/2014\/11\/ls_sneh-copy-1024x440.png 1024w, https:\/\/blog.laviny.sk\/wp-content\/uploads\/2014\/11\/ls_sneh-copy-300x129.png 300w, https:\/\/blog.laviny.sk\/wp-content\/uploads\/2014\/11\/ls_sneh-copy-768x330.png 768w, https:\/\/blog.laviny.sk\/wp-content\/uploads\/2014\/11\/ls_sneh-copy-1536x660.png 1536w, https:\/\/blog.laviny.sk\/wp-content\/uploads\/2014\/11\/ls_sneh-copy.png 1600w\" sizes=\"auto, (max-width: 1024px) 100vw, 1024px\" \/><\/figure>\n<\/figure>\n\n\n\n<p><b>Lav\u00ednov\u00e1 situ\u00e1cia a p<\/b><b>r\u00ed\u010diny uvo\u013enenia lav\u00edn z 20. janu\u00e1ra 1974<\/b><\/p>\n\n\n\n<div>Vietor je architektom lav\u00edn! Toto klasick\u00e9 porekadlo od lavin\u00e1rov u\u017e z 30-tych rokov minul\u00e9ho storo\u010dia plat\u00ed st\u00e1le. Vietor m\u00e1 vplyv ako na padaj\u00faci sneh, tak aj na snehovej pokr\u00fdvke vo\u013ene le\u017eiaci sneh. P\u00f4soben\u00edm vetra je nes\u00fadr\u017en\u00fd vo\u013en\u00fd sneh premiest\u0148ovan\u00fd a t\u00fdm doch\u00e1dza k n\u00e1rastu lav\u00ednov\u00e9ho nebezpe\u010denstva. \u010c\u00edm je premiest\u0148ovan\u00fd sneh chladnej\u0161\u00ed, t\u00fdm citlivej\u0161ie reaguje na za\u0165a\u017eenie. Voln\u00fd nes\u00fadr\u017en\u00fd sneh nem\u00f4\u017ee na rozdiel od spojen\u00e9ho s\u00fadr\u017en\u00e9ho snehu pren\u00e1\u0161a\u0165 \u017eiadne nap\u00e4tie. U\u017e slabo spojen\u00fd sneh tvor\u00ed m\u00e4kk\u00e9 snehov\u00e9 dosky. Nov\u00fd sneh m\u00f4\u017ee napadn\u00fa\u0165 pri n\u00edzkych teplot\u00e1ch a je premiest\u0148ovan\u00fd a\u017e n\u00e1sledne. Alebo za\u010dne sne\u017ei\u0165 bez vplyvu vetra a ten v priebehu sne\u017eenia zosilnie. Tak\u00e1to bola aj situ\u00e1cia po\u010das peri\u00f3dy sne\u017eenia od 15. do 21. janu\u00e1ra 1974 (vi\u010f. meteorologick\u00fa situ\u00e1ciu na obr\u00e1zkoch) \u2013 siln\u00fd vietor a ve\u013ek\u00e9 mno\u017estvo nov\u00e9ho snehu. Na uvo\u013enenie lav\u00edny v kombin\u00e1cii s topografick\u00fdmi faktormi lav\u00ednov\u00e9ho nebezpe\u010denstva, potom sta\u010d\u00ed u\u017e len ve\u013emi m\u00e1lo \u2013 \u010fal\u0161\u00ed nov\u00fd sneh, p\u00e1d preveja, pr\u00edpadne in\u00e9 dodato\u010dn\u00e9 za\u0165a\u017eenie. V\u0161etky spom\u00ednan\u00e9 faktory sa podp\u00edsali pod uvo\u013enenie lav\u00edn v tomto obdob\u00ed.<\/div>\n\n\n\n<div>Od 17. janu\u00e1ra na hor\u00e1ch nepretr\u017eite sne\u017eilo a pr\u00e1ve de\u0148 pred nehodou sa toto sne\u017eenie zna\u010dne zintenz\u00edvnilo. \u00dadaje zo \u0160trbsk\u00e9ho plesa a Lomnick\u00e9ho \u0161t\u00edtu uv\u00e1dzaj\u00fa po\u010das tejto peri\u00f3dy 39 cm nov\u00e9ho snehu, na Skalnatom plese bolo zaznamenan\u00fdch dokonca 47 cm nov\u00e9ho snehu! Toto sne\u017eenie bolo navy\u0161e sprev\u00e1dzan\u00e9 siln\u00fdm vetrom z\u00e1padn\u00fdch a severoz\u00e1padn\u00fdch smerov, ktor\u00fd pref\u00fakal ve\u013ek\u00e9 mno\u017estvo nov\u00e9ho snehu preva\u017ene na svahy s v\u00fdchodnou a juhov\u00fdchodnou orient\u00e1ciou. V odtrhovej z\u00f3ne lav\u00edn, na juhov\u00fdchodnom svahu pod sedlom nad Skokom medzi Patriou a Malou Ba\u0161tou v Mengusovskej doline, sa tak sformovala ve\u013ek\u00e1 doska vetrom naviat\u00e9ho snehu, ktor\u00e1 sa nestihla s podkladovou vrstvou dostato\u010dne previaza\u0165. De\u0148 pred nehodou sa navy\u0161e za\u010dalo zna\u010dne otep\u013eova\u0165. Na hor\u00e1ch st\u00fapla teplota po\u010das d\u0148a pribli\u017ene o 5 a\u017e 6\u00b0 C. Sne\u017eenie sa aj v stredn\u00fdch poloh\u00e1ch za\u010dalo meni\u0165 na d\u00e1\u017e\u010f so snehom. Snehov\u00e1 pokr\u00fdvka zvlhla a v\u00fdrazne o\u0165a\u017eela. Narastaj\u00facou hmotnos\u0165ou snehovej dosky r\u00e1stlo aj nap\u00e4tie v snehovej pokr\u00fdvke, ktor\u00e9 nakoniec 20. janu\u00e1ra 1974 v \u010dase 10:40 prekonalo jej s\u00fadr\u017enos\u0165 a do doliny sa uvo\u013enila obrovsk\u00e1 masa snehu (odhadom 75 000 m3).<\/div>\n\n\n\n<div>\n<div class=\"separator\">Stredisko lav\u00ednovej prevencie, ktor\u00e9 v tom \u010dase existovalo nie\u010do viac ako 1 rok, vyhl\u00e1silo vzh\u013eadom na aktu\u00e1lne meteorologick\u00e9 a snehov\u00e9 podmienky pre Vysok\u00e9 Tatry od 14. janu\u00e1ra 1974 ve\u013ek\u00e9 lav\u00ednov\u00e9 nebezpe\u010denstvo a od 19. janu\u00e1ra dokonca ak\u00fatne lav\u00ednov\u00e9 nebezpe\u010denstvo. Predpokladal sa p\u00e1d ve\u013ek\u00e9ho mno\u017estva spont\u00e1nnych lav\u00edn stredne ve\u013ek\u00fdch a\u017e ve\u013ek\u00fdch rozmerov. Inform\u00e1cia o lav\u00ednovom nebezpe\u010denstve bola hl\u00e1sen\u00e1 v r\u00e1diu a informovan\u00e9 boli taktie\u017e v\u0161etky vysokohorsk\u00e9 chaty a ly\u017eiarske stredisk\u00e1.<\/div>\n<div>V tej dobe sa pou\u017e\u00edvala v na\u0161ich hor\u00e1ch 4-dielna lav\u00ednov\u00e1 stupnica, pri\u010dom lav\u00ednov\u00e9 nebezpe\u010denstvo pre pohorie sa vyhlasovalo pribli\u017ene od 3. stup\u0148a (zv\u00fd\u0161en\u00e9 lav\u00ednov\u00e9 nebezpe\u010denstvo) zo s\u00fa\u010dasnej 5-dielnej medzin\u00e1rodnej stupnice. Ve\u013ek\u00e9 lav\u00ednov\u00e9 nebezpe\u010denstvo v tej dobe teda predstavovalo 4. stupe\u0148 (v s\u00fa\u010dasnosti ve\u013ek\u00e9 lav\u00ednov\u00e9 nebezpe\u010denstvo) a ak\u00fatne najvy\u0161\u0161\u00ed 5. stupe\u0148 lav\u00ednov\u00e9ho nebezpe\u010denstva (v s\u00fa\u010dasnosti ve\u013emi ve\u013ek\u00e9 lav\u00ednov\u00e9 nebezpe\u010denstvo).<\/div>\n<\/div>\n\n\n\n\n<div>\n<div class=\"separator\">&nbsp;<\/div>\n<div class=\"separator\"><b>\u010eal\u0161ie lav\u00ednov\u00e9 nehody z 20. janu\u00e1ra 1974<\/b><\/div>\n<div class=\"\">V tieni lav\u00ednov\u00e9ho ne\u0161\u0165astia pri Popradskom plese sa v tento de\u0148 odohrali e\u0161te \u010fal\u0161ie dve lav\u00ednov\u00e9 nehody (pod Skalnat\u00fdm plesom a v Malej Studenej doline), pri ktor\u00fdch zahynuli \u010fal\u0161\u00ed dvaja \u013eudia.<\/div>\n<div class=\"separator\">V popolud\u0148aj\u0161\u00edch hodin\u00e1ch zostupovali dole Malou studenou dolinou dvaja horolezci, ktor\u00fdch zasiahla samovo\u013ene uvo\u013enen\u00e1 lav\u00edna z Lomnick\u00e9ho hrebe\u0148a. Lav\u00edna spadla na ju\u017ene orientovanom svahu s ve\u013emi \u010dast\u00fdm v\u00fdskytom lav\u00edn. Svah m\u00e1 priemern\u00fd sklon a\u017e 40\u00b0 a jeho mnoh\u00e9 miesta maj\u00fa sklon aj viac ako 40\u00b0. Jedn\u00e9ho z nich zasypala lav\u00edna iba \u010diasto\u010dne, druh\u00fd horolezec v\u0161ak ostal v lav\u00ednovom n\u00e1nose zasypan\u00fd \u00faplne. \u010ciasto\u010dne zasypan\u00fd horolezec sa dok\u00e1zal z n\u00e1nosu samovo\u013ene vyslobodi\u0165 a privola\u0165 pomoc. Privolan\u00ed z\u00e1chran\u00e1ri nesk\u00f4r telo druh\u00e9ho horolezca na\u0161li, bohu\u017eia\u013e u\u017e bez zn\u00e1mok \u017eivota.<\/div>\n\n<div class=\"\">Zl\u00e9 poveternostn\u00e9 podmienky v tento de\u0148 preru\u0161ili aj prev\u00e1dzku kab\u00ednkovej lanovky z Tatranskej Lomnice na Skalnat\u00e9 pleso. Po skon\u010den\u00ed pr\u00e1ce sa traja jej zamestnanci rozhodli, \u017ee do Tatranskej Lomnice zost\u00fapia pe\u0161o. Pridali sa k n\u00edm aj dvaja mlad\u00ed turisti. Spolo\u010dne zostupovali \u017e\u013eabom pod hotelom Enci\u00e1n. Asi po 200 metroch zostupu ich strhla povrchov\u00e1 lav\u00edna. \u0160tyria z nich boli s\u00edce zranen\u00ed, ale podarilo sa im z lav\u00ednov\u00e9ho n\u00e1nosu vyslobodi\u0165. Telo piateho, \u00faplne zasypan\u00e9ho turistu, na\u0161lo a\u017e privolan\u00e9 z\u00e1chrann\u00e9 dru\u017estvo Horskej slu\u017eby nasleduj\u00faci de\u0148. Uvo\u013enenie lav\u00edny sp\u00f4sobilo pravdepodobne ve\u013ek\u00e9 dodato\u010dn\u00e9 za\u0165a\u017eenie snehovej pokr\u00fdvky sp\u00f4soben\u00e9 samotn\u00fdmi zostupuj\u00facimi. Lav\u00edna spadla na lav\u00ednovom svahu s ojedinel\u00fdm v\u00fdskytom lav\u00edn s juhov\u00fdchodnou orient\u00e1ciou. Priemern\u00fd sklon svahu je 24\u00b0, av\u0161ak maxim\u00e1lny sklon dosahuje miestami cez 40\u00b0.<\/div>\n<div class=\"\">Vzh\u013eadom na meteorologick\u00e9 podmienky a s\u00fa\u010dasne prebiehaj\u00face z\u00e1chrann\u00e9 pr\u00e1ce pri Popradskom plese, sa viac \u00fadajov o t\u00fdchto dvoch lav\u00ednov\u00fdch ne\u0161\u0165astiach nezachovalo.<\/div>\n<\/div>\n\n\n<div class=\"wp-block-image\">\n<figure class=\"aligncenter size-large\"><img loading=\"lazy\" decoding=\"async\" width=\"1024\" height=\"212\" data-attachment-id=\"11439\" data-permalink=\"https:\/\/blog.laviny.sk\/?attachment_id=11439#main\" data-orig-file=\"https:\/\/blog.laviny.sk\/wp-content\/uploads\/2024\/01\/tabulka-nehody-1974.png\" data-orig-size=\"2627,545\" data-comments-opened=\"1\" data-image-meta=\"{&quot;aperture&quot;:&quot;0&quot;,&quot;credit&quot;:&quot;&quot;,&quot;camera&quot;:&quot;&quot;,&quot;caption&quot;:&quot;&quot;,&quot;created_timestamp&quot;:&quot;0&quot;,&quot;copyright&quot;:&quot;&quot;,&quot;focal_length&quot;:&quot;0&quot;,&quot;iso&quot;:&quot;0&quot;,&quot;shutter_speed&quot;:&quot;0&quot;,&quot;title&quot;:&quot;&quot;,&quot;orientation&quot;:&quot;0&quot;}\" data-image-title=\"tabulka-nehody-1974\" data-image-description=\"\" data-image-caption=\"\" data-large-file=\"https:\/\/blog.laviny.sk\/wp-content\/uploads\/2024\/01\/tabulka-nehody-1974-1024x212.png\" src=\"https:\/\/blog.laviny.sk\/wp-content\/uploads\/2024\/01\/tabulka-nehody-1974-1024x212.png\" alt=\"\" class=\"wp-image-11439\" srcset=\"https:\/\/blog.laviny.sk\/wp-content\/uploads\/2024\/01\/tabulka-nehody-1974-1024x212.png 1024w, https:\/\/blog.laviny.sk\/wp-content\/uploads\/2024\/01\/tabulka-nehody-1974-300x62.png 300w, https:\/\/blog.laviny.sk\/wp-content\/uploads\/2024\/01\/tabulka-nehody-1974-768x159.png 768w, https:\/\/blog.laviny.sk\/wp-content\/uploads\/2024\/01\/tabulka-nehody-1974-1536x319.png 1536w, https:\/\/blog.laviny.sk\/wp-content\/uploads\/2024\/01\/tabulka-nehody-1974-2048x425.png 2048w\" sizes=\"auto, (max-width: 1024px) 100vw, 1024px\" \/><\/figure>\n<\/div>\n\n\n<div><\/div>\n\n\n\n<div>\n<div class=\"article-content entry-content\">\n<p>20. janu\u00e1r 1974 je z poh\u013eadu d\u00f4sledkov lav\u00ednovej aktivity najtragickej\u0161\u00ed v hist\u00f3rii lav\u00ednovej prevencie na Slovensku. Stredisko lav\u00ednovej prevencie za\u010dalo svoju \u010dinnos\u0165 6. decembra 1972.<\/p>\n<p><i>Milan Lizuch, Jozef Richnavsk\u00fd, Filip Kyzek &#8211; Stredisko lav\u00ednovej prevencie<\/i><br><i>Norbet Pol\u010d\u00e1k &#8211; Slovensk\u00fd hydrometeorologick\u00fd \u00fastav<\/i><\/p>\n<p><i><b>Zdroje inform\u00e1ci\u00ed a pou\u017eit\u00e1 literat\u00fara:<\/b><\/i><br><i>Arch\u00edv SLP<\/i><br><i>Ladislav Milan \u2013 Nebezpe\u010denstvo lav\u00edn<\/i><br><i>Stanislav Samuhel &#8211; Horsk\u00e1 slu\u017eba Tatransk\u00e9ho n\u00e1rodn\u00e9ho parku<\/i><br><i>Meteo\u00fadaje \u2013 arch\u00edv SHM\u00da<\/i><br><i>Rudi Mair, Patrick Nairz \u2013 lawine.<\/i><\/p>\n<\/div>\n<div class=\"article-footer\">&nbsp;<\/div>\n<\/div>\n","protected":false},"excerpt":{"rendered":"<p>V druhej polovici janu\u00e1ra v roku 1974 prevl\u00e1dali na hor\u00e1ch zna\u010dne nepriazniv\u00e9 meteorologick\u00e9 podmienky, ktor\u00e9 dali predpoklad pre v\u00fdskyt lav\u00edn v\u00e4\u010d\u0161\u00edch rozmerov. Najm\u00e4 v obdob\u00ed od 18. do 21. janu\u00e1ra 1974 bola vo Vysok\u00fdch Tatr\u00e1ch zaznamenan\u00e1 zv\u00fd\u0161en\u00e1 lav\u00ednov\u00e1 aktivita. V priebehu t\u00fdchto dn\u00ed bolo zaznamenan\u00fdch nieko\u013eko desiatok lav\u00edn pomerne ve\u013ek\u00fdch rozmerov. Tri z nich mali&hellip;<\/p>\n","protected":false},"author":1,"featured_media":739,"comment_status":"closed","ping_status":"closed","sticky":false,"template":"","format":"standard","meta":{"jetpack_post_was_ever_published":false,"_jetpack_newsletter_access":"","_jetpack_dont_email_post_to_subs":false,"_jetpack_newsletter_tier_id":0,"_jetpack_memberships_contains_paywalled_content":false,"_jetpack_memberships_contains_paid_content":false,"footnotes":"","jetpack_publicize_message":"","jetpack_publicize_feature_enabled":true,"jetpack_social_post_already_shared":true,"jetpack_social_options":{"image_generator_settings":{"template":"highway","default_image_id":0,"font":"","enabled":false},"version":2}},"categories":[2],"tags":[42,67,122,197],"class_list":["post-738","post","type-post","status-publish","format-standard","has-post-thumbnail","hentry","category-lavinove-nehody","tag-historia","tag-lavinova-nehoda","tag-popradske-pleso","tag-vysoke-tatry"],"jetpack_publicize_connections":[],"jetpack_featured_media_url":"https:\/\/blog.laviny.sk\/wp-content\/uploads\/2014\/11\/popradske_anim2.gif","jetpack_sharing_enabled":true,"jetpack_shortlink":"https:\/\/wp.me\/p8DxWh-bU","jetpack-related-posts":[],"_links":{"self":[{"href":"https:\/\/blog.laviny.sk\/index.php?rest_route=\/wp\/v2\/posts\/738","targetHints":{"allow":["GET"]}}],"collection":[{"href":"https:\/\/blog.laviny.sk\/index.php?rest_route=\/wp\/v2\/posts"}],"about":[{"href":"https:\/\/blog.laviny.sk\/index.php?rest_route=\/wp\/v2\/types\/post"}],"author":[{"embeddable":true,"href":"https:\/\/blog.laviny.sk\/index.php?rest_route=\/wp\/v2\/users\/1"}],"replies":[{"embeddable":true,"href":"https:\/\/blog.laviny.sk\/index.php?rest_route=%2Fwp%2Fv2%2Fcomments&post=738"}],"version-history":[{"count":4,"href":"https:\/\/blog.laviny.sk\/index.php?rest_route=\/wp\/v2\/posts\/738\/revisions"}],"predecessor-version":[{"id":11441,"href":"https:\/\/blog.laviny.sk\/index.php?rest_route=\/wp\/v2\/posts\/738\/revisions\/11441"}],"wp:featuredmedia":[{"embeddable":true,"href":"https:\/\/blog.laviny.sk\/index.php?rest_route=\/wp\/v2\/media\/739"}],"wp:attachment":[{"href":"https:\/\/blog.laviny.sk\/index.php?rest_route=%2Fwp%2Fv2%2Fmedia&parent=738"}],"wp:term":[{"taxonomy":"category","embeddable":true,"href":"https:\/\/blog.laviny.sk\/index.php?rest_route=%2Fwp%2Fv2%2Fcategories&post=738"},{"taxonomy":"post_tag","embeddable":true,"href":"https:\/\/blog.laviny.sk\/index.php?rest_route=%2Fwp%2Fv2%2Ftags&post=738"}],"curies":[{"name":"wp","href":"https:\/\/api.w.org\/{rel}","templated":true}]}}