{"id":7269,"date":"2020-04-17T10:42:31","date_gmt":"2020-04-17T08:42:31","guid":{"rendered":"https:\/\/blog.laviny.sk\/?p=7269"},"modified":"2020-04-18T08:36:12","modified_gmt":"2020-04-18T06:36:12","slug":"povelkonocna-situacia-na-horach-11-17-4-2020","status":"publish","type":"post","link":"https:\/\/blog.laviny.sk\/?p=7269","title":{"rendered":"Pove\u013ekono\u010dn\u00e1 situ\u00e1cia na hor\u00e1ch. (11.-17.4.2020)"},"content":{"rendered":"\n<p>Ve\u013ek\u00fa noc pln\u00fa slnka a firnu a typickej jarnej situ\u00e1cie n\u00e1m na hor\u00e1ch po\u010das tohoto t\u00fd\u017ed\u0148a &#8222;okorenila&#8220; poriadne zimn\u00e1 situ\u00e1cia. V noci z pondelka na utorok sa v\u00fdrazne ochladilo. Teplota v najvy\u0161\u0161\u00edch poloh\u00e1ch bola v utorok r\u00e1no a\u017e -16\u00b0C (Lomnick\u00fd \u0161t\u00edt ). Pokles teploty a\u017e o 16\u00b0C v priebehu jednej noci sa odzrkadlil aj na snehovej pokr\u00fdvke. Firnov\u00e9 snehy vytvoren\u00e9 typick\u00fdm jarn\u00fdm kol\u00edsan\u00edm tepl\u00f4t vplyvom ochladenia stvrdli. Povrch snehu bol vo v\u0161etk\u00fdch v\u00fd\u0161kach a orient\u00e1ci\u00e1ch tvrd\u00fd a\u017e \u013eadov\u00fd. Aby toho nebolo m\u00e1lo pridalo sa k ochladeniu aj sne\u017eenie, po\u010das noci napadlo do 10 cm nov\u00e9ho snehu. Cez de\u0148 mierna pauza, a \u010fal\u0161ia noc priniesla znovu slab\u0161ie sne\u017eenie. Samozrejme vietor tie\u017e prilo\u017eil ruku k dielu a f\u00fakal v n\u00e1razoch na hrebe\u0148och a\u017e 100 km\/h r\u00fdchlos\u0165ou. Ako v\u00fdsledok m\u00e1me v stredu od 1000 m n.m. popra\u0161ok snehu, vo vy\u0161\u0161\u00edch poloh\u00e1ch (nad 2000m n.m.) miestami vo\u013en\u00fd prachov\u00fd sneh a miestami snehov\u00e9 vank\u00fa\u0161e z nov\u00e9ho snehu v \u017e\u013eaboch, depresi\u00e1ch a pod stenami a\u017e do hr\u00fabky a\u017e 35cm. \u0160tvrtkov\u00e9 oteplenie prinieslo \u010fal\u0161\u00ed skok v podobe oteplenia (r\u00e1no -1\u00b0C v najvy\u0161\u0161\u00edch poloh\u00e1ch). Sneh znovu p\u00f4soben\u00edm slne\u010dn\u00e9ho \u017eiarenia o\u0165a\u017eel. U\u017e doobeda bol vlhk\u00fd, vatov\u00fd a\u017e m\u00e4kk\u00fd. Poobede mokr\u00fd a\u017e ka\u0161ovit\u00fd. V ter\u00e9ne sme mohli sledova\u0165 splazy z mokr\u00e9ho snehu a mal\u00e9 spont\u00e1nne lav\u00edny. Na severne orientovan\u00fdch svahoch si sneh zachoval prachov\u00fa podobu a\u017e do obeda. Dnes sme svedkami typickej jarnej situ\u00e1cie s pravideln\u00fdm kol\u00edsan\u00edm tepl\u00f4t po\u010das d\u0148a. R\u00e1no s\u00fa svahy tvrd\u00e9, po\u010das d\u0148a vplyvom oteplenia sneh m\u00e4kne, poobede je mokr\u00fd, v ni\u017e\u0161\u00edch poloh\u00e1ch je snehov\u00e1 pokr\u00fdvka premo\u010den\u00e1 v celom profile. <\/p>\n\n\n\n<div class=\"wp-block-image\"><figure class=\"aligncenter size-large\"><img loading=\"lazy\" decoding=\"async\" width=\"1000\" height=\"444\" data-attachment-id=\"7282\" data-permalink=\"https:\/\/blog.laviny.sk\/?attachment_id=7282#main\" data-orig-file=\"https:\/\/blog.laviny.sk\/wp-content\/uploads\/2020\/04\/Image13-1.jpg\" data-orig-size=\"1000,444\" data-comments-opened=\"1\" data-image-meta=\"{&quot;aperture&quot;:&quot;0&quot;,&quot;credit&quot;:&quot;&quot;,&quot;camera&quot;:&quot;&quot;,&quot;caption&quot;:&quot;&quot;,&quot;created_timestamp&quot;:&quot;0&quot;,&quot;copyright&quot;:&quot;&quot;,&quot;focal_length&quot;:&quot;0&quot;,&quot;iso&quot;:&quot;0&quot;,&quot;shutter_speed&quot;:&quot;0&quot;,&quot;title&quot;:&quot;&quot;,&quot;orientation&quot;:&quot;0&quot;}\" data-image-title=\"teplota Vysok\u00e9 Tatry, \u013dadov\u00e9 pleso\" data-image-description=\"\" data-image-caption=\"\" data-large-file=\"https:\/\/blog.laviny.sk\/wp-content\/uploads\/2020\/04\/Image13-1.jpg\" src=\"https:\/\/blog.laviny.sk\/wp-content\/uploads\/2020\/04\/Image13-1.jpg\" alt=\"\" class=\"wp-image-7282\" srcset=\"https:\/\/blog.laviny.sk\/wp-content\/uploads\/2020\/04\/Image13-1.jpg 1000w, https:\/\/blog.laviny.sk\/wp-content\/uploads\/2020\/04\/Image13-1-300x133.jpg 300w, https:\/\/blog.laviny.sk\/wp-content\/uploads\/2020\/04\/Image13-1-768x341.jpg 768w\" sizes=\"auto, (max-width: 1000px) 100vw, 1000px\" \/><figcaption>priebeh teploty na AMS \u013daodv\u00e9 pleso, Vysok\u00e9 Tatry<\/figcaption><\/figure><\/div>\n\n\n\n<div class=\"wp-block-image\"><figure class=\"aligncenter size-large\"><img loading=\"lazy\" decoding=\"async\" width=\"723\" height=\"1024\" data-attachment-id=\"7283\" data-permalink=\"https:\/\/blog.laviny.sk\/?attachment_id=7283#main\" data-orig-file=\"https:\/\/blog.laviny.sk\/wp-content\/uploads\/2020\/04\/Image12-2.jpg\" data-orig-size=\"1000,1416\" data-comments-opened=\"1\" data-image-meta=\"{&quot;aperture&quot;:&quot;0&quot;,&quot;credit&quot;:&quot;&quot;,&quot;camera&quot;:&quot;&quot;,&quot;caption&quot;:&quot;&quot;,&quot;created_timestamp&quot;:&quot;0&quot;,&quot;copyright&quot;:&quot;&quot;,&quot;focal_length&quot;:&quot;0&quot;,&quot;iso&quot;:&quot;0&quot;,&quot;shutter_speed&quot;:&quot;0&quot;,&quot;title&quot;:&quot;&quot;,&quot;orientation&quot;:&quot;0&quot;}\" data-image-title=\"Image12-2\" data-image-description=\"\" data-image-caption=\"\" data-large-file=\"https:\/\/blog.laviny.sk\/wp-content\/uploads\/2020\/04\/Image12-2-723x1024.jpg\" src=\"https:\/\/blog.laviny.sk\/wp-content\/uploads\/2020\/04\/Image12-2-723x1024.jpg\" alt=\"\" class=\"wp-image-7283\" srcset=\"https:\/\/blog.laviny.sk\/wp-content\/uploads\/2020\/04\/Image12-2-723x1024.jpg 723w, https:\/\/blog.laviny.sk\/wp-content\/uploads\/2020\/04\/Image12-2-212x300.jpg 212w, https:\/\/blog.laviny.sk\/wp-content\/uploads\/2020\/04\/Image12-2-768x1087.jpg 768w, https:\/\/blog.laviny.sk\/wp-content\/uploads\/2020\/04\/Image12-2.jpg 1000w\" sizes=\"auto, (max-width: 723px) 100vw, 723px\" \/><figcaption>Profil snehovej pokr\u00fdvky v Z\u00e1padn\u00fdch Tatr\u00e1ch, Vid\u00edme vrstvy snehu z posledn\u00e9ho sne\u017eenia aj nebezpe\u010dn\u00e9 vrstvy v spodn\u00fdch vrstv\u00e1ch profilu.<\/figcaption><\/figure><\/div>\n\n\n\n<div class=\"wp-block-image\"><figure class=\"aligncenter size-large\"><img loading=\"lazy\" decoding=\"async\" width=\"576\" height=\"1024\" data-attachment-id=\"7270\" data-permalink=\"https:\/\/blog.laviny.sk\/?attachment_id=7270#main\" data-orig-file=\"https:\/\/blog.laviny.sk\/wp-content\/uploads\/2020\/04\/Image01-2.jpg\" data-orig-size=\"1000,1778\" data-comments-opened=\"1\" data-image-meta=\"{&quot;aperture&quot;:&quot;1.9&quot;,&quot;credit&quot;:&quot;&quot;,&quot;camera&quot;:&quot;SM-A320FL&quot;,&quot;caption&quot;:&quot;&quot;,&quot;created_timestamp&quot;:&quot;1587039223&quot;,&quot;copyright&quot;:&quot;&quot;,&quot;focal_length&quot;:&quot;3.6&quot;,&quot;iso&quot;:&quot;40&quot;,&quot;shutter_speed&quot;:&quot;0.00047619047619048&quot;,&quot;title&quot;:&quot;&quot;,&quot;orientation&quot;:&quot;0&quot;}\" data-image-title=\"Image01\" data-image-description=\"\" data-image-caption=\"\" data-large-file=\"https:\/\/blog.laviny.sk\/wp-content\/uploads\/2020\/04\/Image01-2-576x1024.jpg\" src=\"https:\/\/blog.laviny.sk\/wp-content\/uploads\/2020\/04\/Image01-2-576x1024.jpg\" alt=\"\" class=\"wp-image-7270\" srcset=\"https:\/\/blog.laviny.sk\/wp-content\/uploads\/2020\/04\/Image01-2-576x1024.jpg 576w, https:\/\/blog.laviny.sk\/wp-content\/uploads\/2020\/04\/Image01-2-169x300.jpg 169w, https:\/\/blog.laviny.sk\/wp-content\/uploads\/2020\/04\/Image01-2-768x1366.jpg 768w, https:\/\/blog.laviny.sk\/wp-content\/uploads\/2020\/04\/Image01-2-864x1536.jpg 864w, https:\/\/blog.laviny.sk\/wp-content\/uploads\/2020\/04\/Image01-2.jpg 1000w\" sizes=\"auto, (max-width: 576px) 100vw, 576px\" \/><figcaption>vo\u013en\u00fdm okom vidite\u013en\u00e9 premo\u010den\u00e9 spodn\u00e9 vrstvy snehovej pokr\u00fdvky<\/figcaption><\/figure><\/div>\n\n\n\n<div class=\"wp-block-image\"><figure class=\"aligncenter size-large\"><img loading=\"lazy\" decoding=\"async\" width=\"767\" height=\"1024\" data-attachment-id=\"7280\" data-permalink=\"https:\/\/blog.laviny.sk\/?attachment_id=7280#main\" data-orig-file=\"https:\/\/blog.laviny.sk\/wp-content\/uploads\/2020\/04\/Image11-1.jpg\" data-orig-size=\"1000,1335\" data-comments-opened=\"1\" data-image-meta=\"{&quot;aperture&quot;:&quot;2.2&quot;,&quot;credit&quot;:&quot;&quot;,&quot;camera&quot;:&quot;Redmi 6&quot;,&quot;caption&quot;:&quot;&quot;,&quot;created_timestamp&quot;:&quot;1587040236&quot;,&quot;copyright&quot;:&quot;&quot;,&quot;focal_length&quot;:&quot;3.82&quot;,&quot;iso&quot;:&quot;100&quot;,&quot;shutter_speed&quot;:&quot;0.0025&quot;,&quot;title&quot;:&quot;&quot;,&quot;orientation&quot;:&quot;0&quot;}\" data-image-title=\"Image11\" data-image-description=\"\" data-image-caption=\"\" data-large-file=\"https:\/\/blog.laviny.sk\/wp-content\/uploads\/2020\/04\/Image11-1-767x1024.jpg\" src=\"https:\/\/blog.laviny.sk\/wp-content\/uploads\/2020\/04\/Image11-1-767x1024.jpg\" alt=\"\" class=\"wp-image-7280\" srcset=\"https:\/\/blog.laviny.sk\/wp-content\/uploads\/2020\/04\/Image11-1-767x1024.jpg 767w, https:\/\/blog.laviny.sk\/wp-content\/uploads\/2020\/04\/Image11-1-225x300.jpg 225w, https:\/\/blog.laviny.sk\/wp-content\/uploads\/2020\/04\/Image11-1-768x1025.jpg 768w, https:\/\/blog.laviny.sk\/wp-content\/uploads\/2020\/04\/Image11-1.jpg 1000w\" sizes=\"auto, (max-width: 767px) 100vw, 767px\" \/><figcaption>Ve\u013ek\u00e9 zrn\u00e1 dutinovej inov\u00e4te v spodnej vrstve profilu typick\u00e9 pre severoz\u00e1padne orientovan\u00fd svah Z\u00e1padn\u00fdch Tatier.<\/figcaption><\/figure><\/div>\n\n\n\n<p>Ve\u013ekono\u010dn\u00fd 1. stupe\u0148 lav\u00ednov\u00e9ho nebezpe\u010denstva pretrval a\u017e do dne\u0161n\u00fdch dn\u00ed. Typick\u00fd lav\u00ednov\u00fd probl\u00e9m sa zmenil z mokr\u00e9ho snehu na vetrom previaty sneh a znovu naspa\u0165 na mokr\u00fd sneh. Nebezpe\u010dn\u00e9 s\u00fa hlavne extr\u00e9mne strm\u00e9 z\u00e1vetern\u00e9 svahy s v\u00e4\u010d\u0161\u00edm mno\u017estvom snehu a extr\u00e9mne strm\u00e9 ju\u017ene orientovan\u00e9 slne\u010dn\u00e9 svahy kde je mo\u017en\u00e9 uvo\u013eni\u0165 lav\u00ednu hlavne pri ve\u013ekom dodato\u010dnom za\u0165a\u017een\u00ed. Tendencia lav\u00ednov\u00e9ho nebezpe\u010denstva je pri oteplen\u00ed po\u010das d\u0148a st\u00fapaj\u00faca.  <\/p>\n\n\n\n<div class=\"wp-block-image\"><figure class=\"aligncenter size-large\"><img loading=\"lazy\" decoding=\"async\" width=\"1000\" height=\"750\" data-attachment-id=\"7272\" data-permalink=\"https:\/\/blog.laviny.sk\/?attachment_id=7272#main\" data-orig-file=\"https:\/\/blog.laviny.sk\/wp-content\/uploads\/2020\/04\/Image03-2.jpg\" data-orig-size=\"1000,750\" data-comments-opened=\"1\" data-image-meta=\"{&quot;aperture&quot;:&quot;2.8&quot;,&quot;credit&quot;:&quot;&quot;,&quot;camera&quot;:&quot;HERO6 Black&quot;,&quot;caption&quot;:&quot;DCIM100GOPROGOPR4280.JPG&quot;,&quot;created_timestamp&quot;:&quot;1586605642&quot;,&quot;copyright&quot;:&quot;&quot;,&quot;focal_length&quot;:&quot;3&quot;,&quot;iso&quot;:&quot;99&quot;,&quot;shutter_speed&quot;:&quot;0.00027777777777778&quot;,&quot;title&quot;:&quot;DCIM100GOPROGOPR4280.JPG&quot;,&quot;orientation&quot;:&quot;0&quot;}\" data-image-title=\"DCIM100GOPROGOPR4280.JPG\" data-image-description=\"\" data-image-caption=\"&lt;p&gt;DCIM100GOPROGOPR4280.JPG&lt;\/p&gt;\n\" data-large-file=\"https:\/\/blog.laviny.sk\/wp-content\/uploads\/2020\/04\/Image03-2.jpg\" src=\"https:\/\/blog.laviny.sk\/wp-content\/uploads\/2020\/04\/Image03-2.jpg\" alt=\"\" class=\"wp-image-7272\" srcset=\"https:\/\/blog.laviny.sk\/wp-content\/uploads\/2020\/04\/Image03-2.jpg 1000w, https:\/\/blog.laviny.sk\/wp-content\/uploads\/2020\/04\/Image03-2-300x225.jpg 300w, https:\/\/blog.laviny.sk\/wp-content\/uploads\/2020\/04\/Image03-2-768x576.jpg 768w\" sizes=\"auto, (max-width: 1000px) 100vw, 1000px\" \/><figcaption>S\u00favisl\u00e1 snehov\u00e1 pokr\u00fdvka od 1500 m n.m. v severnej \u010dasti Vysok\u00fdch Tatier<\/figcaption><\/figure><\/div>\n\n\n\n<div class=\"wp-block-image\"><figure class=\"aligncenter\"><img decoding=\"async\" src=\"http:\/\/meteo.hzs.sk\/Images\/webcam\/00007\/img_20200417_0800_20200417511127.jpg\" alt=\"http:\/\/meteo.hzs.sk\/Images\/webcam\/00007\/img_20200417_0800_20200417511127.jpg\"\/><figcaption>Nes\u00favisl\u00e1 snehov\u00e1 pokr\u00fdvka v \u017e\u013eaboch a pozostatok prevejov v Malej Fatre<\/figcaption><\/figure><\/div>\n\n\n\n<p>Pre pohoria Mal\u00e1 Fatra a Ve\u013ek\u00e1 Fatra sme d\u0148om 14.04.2020 skon\u010dili vyd\u00e1vanie stup\u0148a lav\u00ednov\u00e9ho nebezpe\u010denstva, nako\u013eko je snehov\u00e1 pokr\u00fdvka v t\u00fdchto pohoriach nes\u00favisl\u00e1 a vo v\u0161eobecnosti nepredstavuje \u017eiadne lav\u00ednov\u00e9 nebezpe\u010denstvo.<\/p>\n\n\n\n<p class=\"has-text-color has-background has-text-align-left has-very-light-gray-color has-vivid-red-background-color\">Horsk\u00e1 z\u00e1chrann\u00e1 slu\u017eba \u017eiada verejnos\u0165, aby dodr\u017eiavala nariadenia Ministerstva zdravotn\u00edctva SR a obmedzila skupinov\u00fd pohyb \u2013 a to aj v horstv\u00e1ch Slovenska. Nezab\u00fadajte, \u017ee turistick\u00e9 chaty s\u00fa zavret\u00e9, a tak aj bezpe\u010die, prich\u00fdlenie, \u010di pomoc v n\u00fadzi s\u00fa vzdialenej\u0161ie. V\u00fdrazne odpor\u00fa\u010dame dodr\u017eiava\u0165 nariaden\u00fa karant\u00e9nu, najm\u00e4 v pr\u00edpade \u017ee m\u00e1te cestovate\u013esk\u00fa anamn\u00e9zu, pr\u00edpadne sa u V\u00e1s alebo va\u0161ich zn\u00e1mych, \u010di \u013eud\u00ed s ktor\u00fdmi ste boli v kontakte objavili pr\u00edznaky ochorenia. Odpor\u00fa\u010dame t\u00fary na ni\u017e\u0161ie polo\u017een\u00fdch chodn\u00edkoch, dodr\u017eiava\u0165 sez\u00f3nne uz\u00e1very a v\u00fdrazne nedoporu\u010dujeme skupinov\u00fd pohyb os\u00f4b, \u010doho sme bohu\u017eia\u013e st\u00e1le svedkami.<\/p>\n\n\n\n<p class=\"has-text-color has-background has-text-align-center has-very-dark-gray-color has-vivid-green-cyan-background-color\"><strong>Na \u00fazem\u00ed Tatransk\u00e9ho n\u00e1rodn\u00e9ho parku (TANAP) je mo\u017en\u00e9 vykon\u00e1va\u0165 skialpinizmus od 21. decembra do 15. apr\u00edla.<\/strong><\/p>\n\n\n\n<p class=\"has-background has-text-align-center has-vivid-green-cyan-background-color\"><strong>Na \u00fazem\u00ed N\u00e1rodn\u00e9ho parku N\u00edzke Tatry (NAPANT) je mo\u017en\u00e9 vykon\u00e1va\u0165 skialpinizmus od 15. decembra do 30. apr\u00edla.<\/strong><\/p>\n\n\n\n<figure class=\"wp-block-gallery aligncenter columns-3 is-cropped wp-block-gallery-1 is-layout-flex wp-block-gallery-is-layout-flex\"><ul class=\"blocks-gallery-grid\"><li class=\"blocks-gallery-item\"><figure><img loading=\"lazy\" decoding=\"async\" width=\"1000\" height=\"749\" data-attachment-id=\"7279\" data-permalink=\"https:\/\/blog.laviny.sk\/?attachment_id=7279#main\" data-orig-file=\"https:\/\/blog.laviny.sk\/wp-content\/uploads\/2020\/04\/Image10-2.jpg\" data-orig-size=\"1000,749\" data-comments-opened=\"1\" data-image-meta=\"{&quot;aperture&quot;:&quot;2.2&quot;,&quot;credit&quot;:&quot;&quot;,&quot;camera&quot;:&quot;Redmi 6&quot;,&quot;caption&quot;:&quot;&quot;,&quot;created_timestamp&quot;:&quot;1586779343&quot;,&quot;copyright&quot;:&quot;&quot;,&quot;focal_length&quot;:&quot;3.82&quot;,&quot;iso&quot;:&quot;103&quot;,&quot;shutter_speed&quot;:&quot;0.0002&quot;,&quot;title&quot;:&quot;&quot;,&quot;orientation&quot;:&quot;0&quot;}\" data-image-title=\"Image10\" data-image-description=\"\" data-image-caption=\"&lt;p&gt;\u00fabytok snehu v Dere\u0161skom kotli, N\u00edzke Tatry&lt;\/p&gt;\n\" data-large-file=\"https:\/\/blog.laviny.sk\/wp-content\/uploads\/2020\/04\/Image10-2.jpg\" src=\"https:\/\/blog.laviny.sk\/wp-content\/uploads\/2020\/04\/Image10-2.jpg\" alt=\"\" data-id=\"7279\" data-full-url=\"https:\/\/blog.laviny.sk\/wp-content\/uploads\/2020\/04\/Image10-2.jpg\" data-link=\"https:\/\/blog.laviny.sk\/?attachment_id=7279#main\" class=\"wp-image-7279\" srcset=\"https:\/\/blog.laviny.sk\/wp-content\/uploads\/2020\/04\/Image10-2.jpg 1000w, https:\/\/blog.laviny.sk\/wp-content\/uploads\/2020\/04\/Image10-2-300x225.jpg 300w, https:\/\/blog.laviny.sk\/wp-content\/uploads\/2020\/04\/Image10-2-768x575.jpg 768w\" sizes=\"auto, (max-width: 1000px) 100vw, 1000px\" \/><figcaption class=\"blocks-gallery-item__caption\">\u00fabytok snehu v Dere\u0161skom kotli, N\u00edzke Tatry<\/figcaption><\/figure><\/li><li class=\"blocks-gallery-item\"><figure><img loading=\"lazy\" decoding=\"async\" width=\"767\" height=\"1024\" data-attachment-id=\"7278\" data-permalink=\"https:\/\/blog.laviny.sk\/?attachment_id=7278#main\" data-orig-file=\"https:\/\/blog.laviny.sk\/wp-content\/uploads\/2020\/04\/Image09-2.jpg\" data-orig-size=\"1000,1335\" data-comments-opened=\"1\" data-image-meta=\"{&quot;aperture&quot;:&quot;2.2&quot;,&quot;credit&quot;:&quot;&quot;,&quot;camera&quot;:&quot;Redmi 6&quot;,&quot;caption&quot;:&quot;&quot;,&quot;created_timestamp&quot;:&quot;1586701677&quot;,&quot;copyright&quot;:&quot;&quot;,&quot;focal_length&quot;:&quot;3.82&quot;,&quot;iso&quot;:&quot;105&quot;,&quot;shutter_speed&quot;:&quot;0.00017543859649123&quot;,&quot;title&quot;:&quot;&quot;,&quot;orientation&quot;:&quot;0&quot;}\" data-image-title=\"Image09\" data-image-description=\"\" data-image-caption=\"&lt;p&gt;V\u00fd\u0161ka snehovej pokr\u00fdvky v \u017diarskej doline, Z\u00e1padn\u00e9 Tatry&lt;\/p&gt;\n\" data-large-file=\"https:\/\/blog.laviny.sk\/wp-content\/uploads\/2020\/04\/Image09-2-767x1024.jpg\" src=\"https:\/\/blog.laviny.sk\/wp-content\/uploads\/2020\/04\/Image09-2-767x1024.jpg\" alt=\"\" data-id=\"7278\" data-full-url=\"https:\/\/blog.laviny.sk\/wp-content\/uploads\/2020\/04\/Image09-2.jpg\" data-link=\"https:\/\/blog.laviny.sk\/?attachment_id=7278#main\" class=\"wp-image-7278\" srcset=\"https:\/\/blog.laviny.sk\/wp-content\/uploads\/2020\/04\/Image09-2-767x1024.jpg 767w, https:\/\/blog.laviny.sk\/wp-content\/uploads\/2020\/04\/Image09-2-225x300.jpg 225w, https:\/\/blog.laviny.sk\/wp-content\/uploads\/2020\/04\/Image09-2-768x1025.jpg 768w, https:\/\/blog.laviny.sk\/wp-content\/uploads\/2020\/04\/Image09-2.jpg 1000w\" sizes=\"auto, (max-width: 767px) 100vw, 767px\" \/><figcaption class=\"blocks-gallery-item__caption\">V\u00fd\u0161ka snehovej pokr\u00fdvky v \u017diarskej doline, Z\u00e1padn\u00e9 Tatry<\/figcaption><\/figure><\/li><li class=\"blocks-gallery-item\"><figure><img loading=\"lazy\" decoding=\"async\" width=\"1000\" height=\"750\" data-attachment-id=\"7277\" data-permalink=\"https:\/\/blog.laviny.sk\/?attachment_id=7277#main\" data-orig-file=\"https:\/\/blog.laviny.sk\/wp-content\/uploads\/2020\/04\/Image08-2.jpg\" data-orig-size=\"1000,750\" data-comments-opened=\"1\" data-image-meta=\"{&quot;aperture&quot;:&quot;2.8&quot;,&quot;credit&quot;:&quot;&quot;,&quot;camera&quot;:&quot;HERO6 Black&quot;,&quot;caption&quot;:&quot;DCIM100GOPROGOPR4442.JPG&quot;,&quot;created_timestamp&quot;:&quot;1587042445&quot;,&quot;copyright&quot;:&quot;&quot;,&quot;focal_length&quot;:&quot;3&quot;,&quot;iso&quot;:&quot;99&quot;,&quot;shutter_speed&quot;:&quot;0.00029411764705882&quot;,&quot;title&quot;:&quot;DCIM100GOPROGOPR4442.JPG&quot;,&quot;orientation&quot;:&quot;0&quot;}\" data-image-title=\"DCIM100GOPROGOPR4442.JPG\" data-image-description=\"\" data-image-caption=\"&lt;p&gt;15.4.2020 Situ\u00e1cia v Zamrznutom kotli&lt;\/p&gt;\n\" data-large-file=\"https:\/\/blog.laviny.sk\/wp-content\/uploads\/2020\/04\/Image08-2.jpg\" src=\"https:\/\/blog.laviny.sk\/wp-content\/uploads\/2020\/04\/Image08-2.jpg\" alt=\"\" data-id=\"7277\" data-full-url=\"https:\/\/blog.laviny.sk\/wp-content\/uploads\/2020\/04\/Image08-2.jpg\" data-link=\"https:\/\/blog.laviny.sk\/?attachment_id=7277#main\" class=\"wp-image-7277\" srcset=\"https:\/\/blog.laviny.sk\/wp-content\/uploads\/2020\/04\/Image08-2.jpg 1000w, https:\/\/blog.laviny.sk\/wp-content\/uploads\/2020\/04\/Image08-2-300x225.jpg 300w, https:\/\/blog.laviny.sk\/wp-content\/uploads\/2020\/04\/Image08-2-768x576.jpg 768w\" sizes=\"auto, (max-width: 1000px) 100vw, 1000px\" \/><figcaption class=\"blocks-gallery-item__caption\">15.4.2020 Situ\u00e1cia v Zamrznutom kotli<\/figcaption><\/figure><\/li><li class=\"blocks-gallery-item\"><figure><img loading=\"lazy\" decoding=\"async\" width=\"1000\" height=\"750\" data-attachment-id=\"7276\" data-permalink=\"https:\/\/blog.laviny.sk\/?attachment_id=7276#main\" data-orig-file=\"https:\/\/blog.laviny.sk\/wp-content\/uploads\/2020\/04\/Image07-2.jpg\" data-orig-size=\"1000,750\" data-comments-opened=\"1\" data-image-meta=\"{&quot;aperture&quot;:&quot;2.8&quot;,&quot;credit&quot;:&quot;&quot;,&quot;camera&quot;:&quot;HERO6 Black&quot;,&quot;caption&quot;:&quot;DCIM100GOPROGOPR4422.JPG&quot;,&quot;created_timestamp&quot;:&quot;1587040075&quot;,&quot;copyright&quot;:&quot;&quot;,&quot;focal_length&quot;:&quot;3&quot;,&quot;iso&quot;:&quot;99&quot;,&quot;shutter_speed&quot;:&quot;0.00035714285714286&quot;,&quot;title&quot;:&quot;DCIM100GOPROGOPR4422.JPG&quot;,&quot;orientation&quot;:&quot;0&quot;}\" data-image-title=\"DCIM100GOPROGOPR4422.JPG\" data-image-description=\"\" data-image-caption=\"&lt;p&gt;15.4.2020 Lav\u00edny zmokr\u00e9ho snehu v severe Vysok\u00fdch Tatier.JPG&lt;\/p&gt;\n\" data-large-file=\"https:\/\/blog.laviny.sk\/wp-content\/uploads\/2020\/04\/Image07-2.jpg\" src=\"https:\/\/blog.laviny.sk\/wp-content\/uploads\/2020\/04\/Image07-2.jpg\" alt=\"\" data-id=\"7276\" data-full-url=\"https:\/\/blog.laviny.sk\/wp-content\/uploads\/2020\/04\/Image07-2.jpg\" data-link=\"https:\/\/blog.laviny.sk\/?attachment_id=7276#main\" class=\"wp-image-7276\" srcset=\"https:\/\/blog.laviny.sk\/wp-content\/uploads\/2020\/04\/Image07-2.jpg 1000w, https:\/\/blog.laviny.sk\/wp-content\/uploads\/2020\/04\/Image07-2-300x225.jpg 300w, https:\/\/blog.laviny.sk\/wp-content\/uploads\/2020\/04\/Image07-2-768x576.jpg 768w\" sizes=\"auto, (max-width: 1000px) 100vw, 1000px\" \/><figcaption class=\"blocks-gallery-item__caption\">15.4.2020 Lav\u00edny zmokr\u00e9ho snehu v severe Vysok\u00fdch Tatier.JPG<\/figcaption><\/figure><\/li><li class=\"blocks-gallery-item\"><figure><img loading=\"lazy\" decoding=\"async\" width=\"1000\" height=\"562\" data-attachment-id=\"7271\" data-permalink=\"https:\/\/blog.laviny.sk\/?attachment_id=7271#main\" data-orig-file=\"https:\/\/blog.laviny.sk\/wp-content\/uploads\/2020\/04\/Image02-2.jpg\" data-orig-size=\"1000,562\" data-comments-opened=\"1\" data-image-meta=\"{&quot;aperture&quot;:&quot;1.9&quot;,&quot;credit&quot;:&quot;&quot;,&quot;camera&quot;:&quot;SM-A320FL&quot;,&quot;caption&quot;:&quot;&quot;,&quot;created_timestamp&quot;:&quot;1587042864&quot;,&quot;copyright&quot;:&quot;&quot;,&quot;focal_length&quot;:&quot;3.6&quot;,&quot;iso&quot;:&quot;40&quot;,&quot;shutter_speed&quot;:&quot;0.00016666666666667&quot;,&quot;title&quot;:&quot;&quot;,&quot;orientation&quot;:&quot;0&quot;}\" data-image-title=\"Image02\" data-image-description=\"\" data-image-caption=\"&lt;p&gt;15.4.2020 Situ\u00e1cia v Z\u00e1padn\u00fdch Tatr\u00e1ch&lt;\/p&gt;\n\" data-large-file=\"https:\/\/blog.laviny.sk\/wp-content\/uploads\/2020\/04\/Image02-2.jpg\" src=\"https:\/\/blog.laviny.sk\/wp-content\/uploads\/2020\/04\/Image02-2.jpg\" alt=\"\" data-id=\"7271\" data-full-url=\"https:\/\/blog.laviny.sk\/wp-content\/uploads\/2020\/04\/Image02-2.jpg\" data-link=\"https:\/\/blog.laviny.sk\/?attachment_id=7271#main\" class=\"wp-image-7271\" srcset=\"https:\/\/blog.laviny.sk\/wp-content\/uploads\/2020\/04\/Image02-2.jpg 1000w, https:\/\/blog.laviny.sk\/wp-content\/uploads\/2020\/04\/Image02-2-300x169.jpg 300w, https:\/\/blog.laviny.sk\/wp-content\/uploads\/2020\/04\/Image02-2-768x432.jpg 768w, https:\/\/blog.laviny.sk\/wp-content\/uploads\/2020\/04\/Image02-2-460x260.jpg 460w\" sizes=\"auto, (max-width: 1000px) 100vw, 1000px\" \/><figcaption class=\"blocks-gallery-item__caption\">15.4.2020 Situ\u00e1cia v Z\u00e1padn\u00fdch Tatr\u00e1ch<\/figcaption><\/figure><\/li><li class=\"blocks-gallery-item\"><figure><img loading=\"lazy\" decoding=\"async\" width=\"1000\" height=\"750\" data-attachment-id=\"7273\" data-permalink=\"https:\/\/blog.laviny.sk\/?attachment_id=7273#main\" data-orig-file=\"https:\/\/blog.laviny.sk\/wp-content\/uploads\/2020\/04\/Image04-2.jpg\" data-orig-size=\"1000,750\" data-comments-opened=\"1\" data-image-meta=\"{&quot;aperture&quot;:&quot;2.8&quot;,&quot;credit&quot;:&quot;&quot;,&quot;camera&quot;:&quot;HERO6 Black&quot;,&quot;caption&quot;:&quot;DCIM100GOPROGOPR4298.JPG&quot;,&quot;created_timestamp&quot;:&quot;1586611478&quot;,&quot;copyright&quot;:&quot;&quot;,&quot;focal_length&quot;:&quot;3&quot;,&quot;iso&quot;:&quot;99&quot;,&quot;shutter_speed&quot;:&quot;0.00033333333333333&quot;,&quot;title&quot;:&quot;DCIM100GOPROGOPR4298.JPG&quot;,&quot;orientation&quot;:&quot;0&quot;}\" data-image-title=\"DCIM100GOPROGOPR4298.JPG\" data-image-description=\"\" data-image-caption=\"&lt;p&gt;11.4.2020 snehovo bohat\u00fd z\u00e1ver Rovienkovej doliny, Vysok\u00e9 Tatry &lt;\/p&gt;\n\" data-large-file=\"https:\/\/blog.laviny.sk\/wp-content\/uploads\/2020\/04\/Image04-2.jpg\" src=\"https:\/\/blog.laviny.sk\/wp-content\/uploads\/2020\/04\/Image04-2.jpg\" alt=\"\" data-id=\"7273\" data-full-url=\"https:\/\/blog.laviny.sk\/wp-content\/uploads\/2020\/04\/Image04-2.jpg\" data-link=\"https:\/\/blog.laviny.sk\/?attachment_id=7273#main\" class=\"wp-image-7273\" srcset=\"https:\/\/blog.laviny.sk\/wp-content\/uploads\/2020\/04\/Image04-2.jpg 1000w, https:\/\/blog.laviny.sk\/wp-content\/uploads\/2020\/04\/Image04-2-300x225.jpg 300w, https:\/\/blog.laviny.sk\/wp-content\/uploads\/2020\/04\/Image04-2-768x576.jpg 768w\" sizes=\"auto, (max-width: 1000px) 100vw, 1000px\" \/><figcaption class=\"blocks-gallery-item__caption\">11.4.2020 snehovo bohat\u00fd z\u00e1ver Rovienkovej doliny, Vysok\u00e9 Tatry <\/figcaption><\/figure><\/li><li class=\"blocks-gallery-item\"><figure><img loading=\"lazy\" decoding=\"async\" width=\"1000\" height=\"750\" data-attachment-id=\"7274\" data-permalink=\"https:\/\/blog.laviny.sk\/?attachment_id=7274#main\" data-orig-file=\"https:\/\/blog.laviny.sk\/wp-content\/uploads\/2020\/04\/Image05-2.jpg\" data-orig-size=\"1000,750\" data-comments-opened=\"1\" data-image-meta=\"{&quot;aperture&quot;:&quot;2.8&quot;,&quot;credit&quot;:&quot;&quot;,&quot;camera&quot;:&quot;HERO6 Black&quot;,&quot;caption&quot;:&quot;DCIM100GOPROGOPR4408.JPG&quot;,&quot;created_timestamp&quot;:&quot;1587035097&quot;,&quot;copyright&quot;:&quot;&quot;,&quot;focal_length&quot;:&quot;3&quot;,&quot;iso&quot;:&quot;99&quot;,&quot;shutter_speed&quot;:&quot;0.0003125&quot;,&quot;title&quot;:&quot;DCIM100GOPROGOPR4408.JPG&quot;,&quot;orientation&quot;:&quot;0&quot;}\" data-image-title=\"DCIM100GOPROGOPR4408.JPG\" data-image-description=\"\" data-image-caption=\"&lt;p&gt;15.4.2020 ta\u017ek\u00fd a premo\u010den\u00fd sneh v z\u00e1vere Velickej doliny, Vysok\u00e9 Tatry&lt;\/p&gt;\n\" data-large-file=\"https:\/\/blog.laviny.sk\/wp-content\/uploads\/2020\/04\/Image05-2.jpg\" src=\"https:\/\/blog.laviny.sk\/wp-content\/uploads\/2020\/04\/Image05-2.jpg\" alt=\"\" data-id=\"7274\" data-full-url=\"https:\/\/blog.laviny.sk\/wp-content\/uploads\/2020\/04\/Image05-2.jpg\" data-link=\"https:\/\/blog.laviny.sk\/?attachment_id=7274#main\" class=\"wp-image-7274\" srcset=\"https:\/\/blog.laviny.sk\/wp-content\/uploads\/2020\/04\/Image05-2.jpg 1000w, https:\/\/blog.laviny.sk\/wp-content\/uploads\/2020\/04\/Image05-2-300x225.jpg 300w, https:\/\/blog.laviny.sk\/wp-content\/uploads\/2020\/04\/Image05-2-768x576.jpg 768w\" sizes=\"auto, (max-width: 1000px) 100vw, 1000px\" \/><figcaption class=\"blocks-gallery-item__caption\">15.4.2020 \u0165a\u017ek\u00fd a premo\u010den\u00fd sneh v z\u00e1vere Velickej doliny, Vysok\u00e9 Tatry<\/figcaption><\/figure><\/li><\/ul><\/figure>\n\n\n\n<p><\/p>\n","protected":false},"excerpt":{"rendered":"<p>Ve\u013ek\u00fa noc pln\u00fa slnka a firnu a typickej jarnej situ\u00e1cie n\u00e1m na hor\u00e1ch po\u010das tohoto t\u00fd\u017ed\u0148a &#8222;okorenila&#8220; poriadne zimn\u00e1 situ\u00e1cia. V noci z pondelka na utorok sa v\u00fdrazne ochladilo. Teplota v najvy\u0161\u0161\u00edch poloh\u00e1ch bola v utorok r\u00e1no a\u017e -16\u00b0C (Lomnick\u00fd \u0161t\u00edt ). Pokles teploty a\u017e o 16\u00b0C v priebehu jednej noci sa odzrkadlil aj na&hellip;<\/p>\n","protected":false},"author":1,"featured_media":7275,"comment_status":"open","ping_status":"open","sticky":false,"template":"","format":"standard","meta":{"jetpack_post_was_ever_published":false,"_jetpack_newsletter_access":"","_jetpack_dont_email_post_to_subs":false,"_jetpack_newsletter_tier_id":0,"_jetpack_memberships_contains_paywalled_content":false,"_jetpack_memberships_contains_paid_content":false,"footnotes":"","jetpack_publicize_message":"","jetpack_publicize_feature_enabled":true,"jetpack_social_post_already_shared":true,"jetpack_social_options":{"image_generator_settings":{"template":"highway","default_image_id":0,"font":"","enabled":false},"version":2}},"categories":[4],"tags":[69,74,75,76,87,105,110,154,155,156,299,157,164,171,189,197],"class_list":["post-7269","post","type-post","status-publish","format-standard","has-post-thumbnail","hentry","category-pocasie-sneh-a-laviny","tag-lavinova-situacia","tag-lavinove-pristroje","tag-lavinove-spravy","tag-lavinovi-specialisti","tag-mala-fatra","tag-nizke-tatry","tag-novy-sneh","tag-sneh","tag-sneh-a-laviny","tag-snehova-pokryvka","tag-snehovy-profil","tag-snezenie","tag-stabilita-snehovej-pokryvky","tag-tatry","tag-velka-fatra","tag-vysoke-tatry"],"jetpack_publicize_connections":[],"jetpack_featured_media_url":"https:\/\/blog.laviny.sk\/wp-content\/uploads\/2020\/04\/Image06-2.jpg","jetpack_sharing_enabled":true,"jetpack_shortlink":"https:\/\/wp.me\/p8DxWh-1Tf","jetpack-related-posts":[],"_links":{"self":[{"href":"https:\/\/blog.laviny.sk\/index.php?rest_route=\/wp\/v2\/posts\/7269","targetHints":{"allow":["GET"]}}],"collection":[{"href":"https:\/\/blog.laviny.sk\/index.php?rest_route=\/wp\/v2\/posts"}],"about":[{"href":"https:\/\/blog.laviny.sk\/index.php?rest_route=\/wp\/v2\/types\/post"}],"author":[{"embeddable":true,"href":"https:\/\/blog.laviny.sk\/index.php?rest_route=\/wp\/v2\/users\/1"}],"replies":[{"embeddable":true,"href":"https:\/\/blog.laviny.sk\/index.php?rest_route=%2Fwp%2Fv2%2Fcomments&post=7269"}],"version-history":[{"count":4,"href":"https:\/\/blog.laviny.sk\/index.php?rest_route=\/wp\/v2\/posts\/7269\/revisions"}],"predecessor-version":[{"id":7289,"href":"https:\/\/blog.laviny.sk\/index.php?rest_route=\/wp\/v2\/posts\/7269\/revisions\/7289"}],"wp:featuredmedia":[{"embeddable":true,"href":"https:\/\/blog.laviny.sk\/index.php?rest_route=\/wp\/v2\/media\/7275"}],"wp:attachment":[{"href":"https:\/\/blog.laviny.sk\/index.php?rest_route=%2Fwp%2Fv2%2Fmedia&parent=7269"}],"wp:term":[{"taxonomy":"category","embeddable":true,"href":"https:\/\/blog.laviny.sk\/index.php?rest_route=%2Fwp%2Fv2%2Fcategories&post=7269"},{"taxonomy":"post_tag","embeddable":true,"href":"https:\/\/blog.laviny.sk\/index.php?rest_route=%2Fwp%2Fv2%2Ftags&post=7269"}],"curies":[{"name":"wp","href":"https:\/\/api.w.org\/{rel}","templated":true}]}}