{"id":6824,"date":"2019-12-20T14:43:21","date_gmt":"2019-12-20T13:43:21","guid":{"rendered":"https:\/\/blog.laviny.sk\/?p=6824"},"modified":"2019-12-21T07:21:10","modified_gmt":"2019-12-21T06:21:10","slug":"od-jesene-do-jari-alebo-pocasie-sneh-a-snehova-pokryvka-od-soboty-14-12-2019-do-piatku-20-12-2019","status":"publish","type":"post","link":"https:\/\/blog.laviny.sk\/?p=6824","title":{"rendered":"Od jesene do jari, alebo po\u010dasie, sneh a snehov\u00e1 pokr\u00fdvka od soboty 14.12.2019 do piatku 20.12.2019"},"content":{"rendered":"\n<p>V&nbsp;sobotu 14.12.2019 to v&nbsp;na\u0161ich hor\u00e1ch vyzeralo e\u0161te\nako prelom jesene a&nbsp;zimy. Siln\u00e9 severoz\u00e1padn\u00e9 pr\u00fadenie, ktor\u00e9 prinieslo siln\u00fd\nvietor a&nbsp;zr\u00e1\u017eky usilovne pren\u00e1\u0161ali sneh na severov\u00fdchodn\u00e9 expoz\u00edcie\npohor\u00ed. Najv\u00e4\u010d\u0161ie \u00fahrny zr\u00e1\u017eok sme zaznamenali vo Ve\u013ekej Fatre a&nbsp;N\u00edzkych\nTatr\u00e1ch. Stupe\u0148 lav\u00ednov\u00e9ho nebezpe\u010denstva preto st\u00fapol aj v&nbsp;t\u00fdchto\npohoriach na mierne (2. stupe\u0148 z&nbsp;5-dielnej medzin\u00e1rodnej stupnice).<\/p>\n\n\n\n<p>To si bohu\u017eia\u013e vy\u017eiadalo svoju da\u0148 a&nbsp;v&nbsp;sobotu 14.12.2019 sme zaznamenali <a href=\"https:\/\/blog.laviny.sk\/?p=6775\">prv\u00fa lav\u00ednov\u00fa nehodu tejto sez\u00f3ny<\/a>. V&nbsp;nede\u013eu (15.12.2019) sa prich\u00e1dzaj\u00faci tropick\u00fd vzduch prejavil ve\u013emi siln\u00fdm f\u00e9nom, ktor\u00fd pochopite\u013ene f\u00fakal z&nbsp;juhu, a&nbsp;r\u00fdchlos\u0165 vetra v&nbsp;tento de\u0148 dosahovala na vrchole Chopku 35m\/s (126 km\/h). <\/p>\n\n\n\n<figure class=\"wp-block-image size-large\"><img loading=\"lazy\" decoding=\"async\" width=\"1024\" height=\"470\" data-attachment-id=\"6825\" data-permalink=\"https:\/\/blog.laviny.sk\/?attachment_id=6825#main\" data-orig-file=\"https:\/\/blog.laviny.sk\/wp-content\/uploads\/2019\/12\/2019_12_15_19-Nizke_Tatry_Chopok_rychlost_vetra_v_narazoch.jpg\" data-orig-size=\"1504,690\" data-comments-opened=\"1\" data-image-meta=\"{&quot;aperture&quot;:&quot;0&quot;,&quot;credit&quot;:&quot;&quot;,&quot;camera&quot;:&quot;&quot;,&quot;caption&quot;:&quot;&quot;,&quot;created_timestamp&quot;:&quot;0&quot;,&quot;copyright&quot;:&quot;&quot;,&quot;focal_length&quot;:&quot;0&quot;,&quot;iso&quot;:&quot;0&quot;,&quot;shutter_speed&quot;:&quot;0&quot;,&quot;title&quot;:&quot;&quot;,&quot;orientation&quot;:&quot;0&quot;}\" data-image-title=\"2019_12_15-19 Nizke_Tatry_Chopok_rychlost_vetra_v_narazoch\" data-image-description=\"&lt;p&gt;2019_12_15-19 N\u00edzke Tatry Chopok r\u00fdchlos\u0165 vetra v n\u00e1razoch[zdroj:SHMU]&lt;\/p&gt;\n\" data-image-caption=\"&lt;p&gt;2019_12_15-19 N\u00edzke Tatry Chopok r\u00fdchlos\u0165 vetra v n\u00e1razoch[zdroj:SHMU]&lt;\/p&gt;\n\" data-large-file=\"https:\/\/blog.laviny.sk\/wp-content\/uploads\/2019\/12\/2019_12_15_19-Nizke_Tatry_Chopok_rychlost_vetra_v_narazoch-1024x470.jpg\" src=\"https:\/\/blog.laviny.sk\/wp-content\/uploads\/2019\/12\/2019_12_15_19-Nizke_Tatry_Chopok_rychlost_vetra_v_narazoch-1024x470.jpg\" alt=\"2019_12_15_19 N\u00edzke Tatry Chopok r\u00fdchlos\u0165 vetra v n\u00e1razoch[zdroj:SHMU]\" class=\"wp-image-6825\" srcset=\"https:\/\/blog.laviny.sk\/wp-content\/uploads\/2019\/12\/2019_12_15_19-Nizke_Tatry_Chopok_rychlost_vetra_v_narazoch-1024x470.jpg 1024w, https:\/\/blog.laviny.sk\/wp-content\/uploads\/2019\/12\/2019_12_15_19-Nizke_Tatry_Chopok_rychlost_vetra_v_narazoch-300x138.jpg 300w, https:\/\/blog.laviny.sk\/wp-content\/uploads\/2019\/12\/2019_12_15_19-Nizke_Tatry_Chopok_rychlost_vetra_v_narazoch-768x352.jpg 768w, https:\/\/blog.laviny.sk\/wp-content\/uploads\/2019\/12\/2019_12_15_19-Nizke_Tatry_Chopok_rychlost_vetra_v_narazoch.jpg 1504w\" sizes=\"auto, (max-width: 1024px) 100vw, 1024px\" \/><figcaption>2019_12_15-19 N\u00edzke Tatry Chopok r\u00fdchlos\u0165 vetra v n\u00e1razoch v m\/s [zdroj:SHMU]<\/figcaption><\/figure>\n\n\n\n<p>Postupne sa za\u010dalo oteplova\u0165, a&nbsp;u\u017e nasleduj\u00faci de\u0148\n(pondelok 16.12.2019) st\u00fapla teplota tak v\u00fdrazne, \u017ee v&nbsp;priebehu d\u0148a\nneklesla pod bod mrazu ani v&nbsp;najvy\u0161\u0161\u00edch poloh\u00e1ch. \u010eal\u0161ie dni pr\u00edlev\ntropick\u00e9ho vzduchu pokra\u010doval, \u010do dokonca sp\u00f4sobilo plusov\u00e9 teploty\nv&nbsp;najvy\u0161\u0161\u00edch poloh\u00e1ch aj po\u010das celej noci. V&nbsp;hor\u00e1ch zavl\u00e1dla siln\u00e1\ninverzia a&nbsp;po\u010dasie sk\u00f4r pripom\u00ednalo jar ako jese\u0148.<\/p>\n\n\n\n<figure class=\"wp-block-image size-large\"><img loading=\"lazy\" decoding=\"async\" width=\"1024\" height=\"467\" data-attachment-id=\"6826\" data-permalink=\"https:\/\/blog.laviny.sk\/?attachment_id=6826#main\" data-orig-file=\"https:\/\/blog.laviny.sk\/wp-content\/uploads\/2019\/12\/2019_12_15_19-Vysoke_Tatry_Ladove_pleso_teplota.jpg\" data-orig-size=\"1510,688\" data-comments-opened=\"1\" data-image-meta=\"{&quot;aperture&quot;:&quot;0&quot;,&quot;credit&quot;:&quot;&quot;,&quot;camera&quot;:&quot;&quot;,&quot;caption&quot;:&quot;&quot;,&quot;created_timestamp&quot;:&quot;0&quot;,&quot;copyright&quot;:&quot;&quot;,&quot;focal_length&quot;:&quot;0&quot;,&quot;iso&quot;:&quot;0&quot;,&quot;shutter_speed&quot;:&quot;0&quot;,&quot;title&quot;:&quot;&quot;,&quot;orientation&quot;:&quot;0&quot;}\" data-image-title=\"2019_12_15_19 Vysoke_Tatry_Ladove_pleso_teplota\" data-image-description=\"&lt;p&gt;2019_12_15-19 Vysok\u00e9 Tatry priebeh tepl\u00f4t v \u00b0C na \u013dadovom plese&lt;\/p&gt;\n\" data-image-caption=\"&lt;p&gt;2019_12_15-19 Vysok\u00e9 Tatry priebeh tepl\u00f4t v \u00b0C na \u013dadovom plese&lt;\/p&gt;\n\" data-large-file=\"https:\/\/blog.laviny.sk\/wp-content\/uploads\/2019\/12\/2019_12_15_19-Vysoke_Tatry_Ladove_pleso_teplota-1024x467.jpg\" src=\"https:\/\/blog.laviny.sk\/wp-content\/uploads\/2019\/12\/2019_12_15_19-Vysoke_Tatry_Ladove_pleso_teplota-1024x467.jpg\" alt=\"2019_12_15-19 Vysok\u00e9 Tatry priebeh tepl\u00f4t v \u00b0C na \u013dadovom plese\" class=\"wp-image-6826\" srcset=\"https:\/\/blog.laviny.sk\/wp-content\/uploads\/2019\/12\/2019_12_15_19-Vysoke_Tatry_Ladove_pleso_teplota-1024x467.jpg 1024w, https:\/\/blog.laviny.sk\/wp-content\/uploads\/2019\/12\/2019_12_15_19-Vysoke_Tatry_Ladove_pleso_teplota-300x137.jpg 300w, https:\/\/blog.laviny.sk\/wp-content\/uploads\/2019\/12\/2019_12_15_19-Vysoke_Tatry_Ladove_pleso_teplota-768x350.jpg 768w, https:\/\/blog.laviny.sk\/wp-content\/uploads\/2019\/12\/2019_12_15_19-Vysoke_Tatry_Ladove_pleso_teplota.jpg 1510w\" sizes=\"auto, (max-width: 1024px) 100vw, 1024px\" \/><figcaption>2019_12_15-19 Vysok\u00e9 Tatry priebeh tepl\u00f4t v \u00b0C na \u013dadovom plese<\/figcaption><\/figure>\n\n\n\n<figure class=\"wp-block-image size-large\"><img loading=\"lazy\" decoding=\"async\" width=\"1024\" height=\"469\" data-attachment-id=\"6827\" data-permalink=\"https:\/\/blog.laviny.sk\/?attachment_id=6827#main\" data-orig-file=\"https:\/\/blog.laviny.sk\/wp-content\/uploads\/2019\/12\/2019_12_15_19-Vysoke_Tatry_Lomnicak_teplota.jpg\" data-orig-size=\"1502,688\" data-comments-opened=\"1\" data-image-meta=\"{&quot;aperture&quot;:&quot;0&quot;,&quot;credit&quot;:&quot;&quot;,&quot;camera&quot;:&quot;&quot;,&quot;caption&quot;:&quot;&quot;,&quot;created_timestamp&quot;:&quot;0&quot;,&quot;copyright&quot;:&quot;&quot;,&quot;focal_length&quot;:&quot;0&quot;,&quot;iso&quot;:&quot;0&quot;,&quot;shutter_speed&quot;:&quot;0&quot;,&quot;title&quot;:&quot;&quot;,&quot;orientation&quot;:&quot;0&quot;}\" data-image-title=\"2019_12_15-19 Vysok\u00e9 Tatry Lomnick\u00fd \u0161t\u00edt priebeh tepl\u00f4t v \u00b0C &amp;#8218;[zdroj:SHMU]\" data-image-description=\"&lt;p&gt;2019_12_15-19 Vysok\u00e9 Tatry Lomnick\u00fd \u0161t\u00edt priebeh tepl\u00f4t v \u00b0C &amp;#8218;[zdroj:SHMU]&lt;\/p&gt;\n\" data-image-caption=\"&lt;p&gt;2019_12_15-19 Vysok\u00e9 Tatry Lomnick\u00fd \u0161t\u00edt priebeh tepl\u00f4t v \u00b0C &amp;#8218;[zdroj:SHMU]&lt;\/p&gt;\n\" data-large-file=\"https:\/\/blog.laviny.sk\/wp-content\/uploads\/2019\/12\/2019_12_15_19-Vysoke_Tatry_Lomnicak_teplota-1024x469.jpg\" src=\"https:\/\/blog.laviny.sk\/wp-content\/uploads\/2019\/12\/2019_12_15_19-Vysoke_Tatry_Lomnicak_teplota-1024x469.jpg\" alt=\"2019_12_15-19 Vysok\u00e9 Tatry priebeh tepl\u00f4t v \u00b0C na Lomnickom \u0161t\u00edte v \u00b0C\" class=\"wp-image-6827\" srcset=\"https:\/\/blog.laviny.sk\/wp-content\/uploads\/2019\/12\/2019_12_15_19-Vysoke_Tatry_Lomnicak_teplota-1024x469.jpg 1024w, https:\/\/blog.laviny.sk\/wp-content\/uploads\/2019\/12\/2019_12_15_19-Vysoke_Tatry_Lomnicak_teplota-300x137.jpg 300w, https:\/\/blog.laviny.sk\/wp-content\/uploads\/2019\/12\/2019_12_15_19-Vysoke_Tatry_Lomnicak_teplota-768x352.jpg 768w, https:\/\/blog.laviny.sk\/wp-content\/uploads\/2019\/12\/2019_12_15_19-Vysoke_Tatry_Lomnicak_teplota.jpg 1502w\" sizes=\"auto, (max-width: 1024px) 100vw, 1024px\" \/><figcaption>2019_12_15-19 Vysok\u00e9 Tatry Lomnick\u00fd \u0161t\u00edt priebeh tepl\u00f4t v \u00b0C &#8218;[zdroj:SHMU]<\/figcaption><\/figure>\n\n\n\n<p>To pozit\u00edvne stabilizovalo snehov\u00fa pokr\u00fdvku, sadala a&nbsp;str\u00e1cala na svojej v\u00fd\u0161ke. Postupne sa \u010diara s&nbsp;trvalou snehovou pokr\u00fdvkou posunula na ju\u017en\u00fdch svahoch a\u017e do 1600 m n.m, \u010do pre dan\u00e9 ro\u010dn\u00e9 obdobie podpriemern\u00fd stav. Stupe\u0148 lav\u00ednov\u00e9ho nebezpe\u010denstva klesol na mal\u00e9 (1. Stupe\u0148 z&nbsp;5-dielnej medzin\u00e1rodnej stupnice), a&nbsp;to len v&nbsp;najvy\u0161\u0161\u00edch poloh\u00e1ch na\u0161ich h\u00f4r. <\/p>\n\n\n\n<figure class=\"wp-block-image size-large\"><img loading=\"lazy\" decoding=\"async\" width=\"1024\" height=\"384\" data-attachment-id=\"6828\" data-permalink=\"https:\/\/blog.laviny.sk\/?attachment_id=6828#main\" data-orig-file=\"https:\/\/blog.laviny.sk\/wp-content\/uploads\/2019\/12\/2019_12_15-18_ZT_Hruba_kopa_porovnanie.jpg\" data-orig-size=\"1280,480\" data-comments-opened=\"1\" data-image-meta=\"{&quot;aperture&quot;:&quot;0&quot;,&quot;credit&quot;:&quot;&quot;,&quot;camera&quot;:&quot;&quot;,&quot;caption&quot;:&quot;&quot;,&quot;created_timestamp&quot;:&quot;0&quot;,&quot;copyright&quot;:&quot;&quot;,&quot;focal_length&quot;:&quot;0&quot;,&quot;iso&quot;:&quot;0&quot;,&quot;shutter_speed&quot;:&quot;0&quot;,&quot;title&quot;:&quot;&quot;,&quot;orientation&quot;:&quot;0&quot;}\" data-image-title=\"2019_12_15-18_Z\u00e1padn\u00e9 Tatry, \u00fabytok snehu na Hrubej Kope od 15.12.2019 po 18.12.2019\" data-image-description=\"&lt;p&gt;2019_12_15-18_Z\u00e1padn\u00e9 Tatry, \u00fabytok snehu na Hrubej Kope od 15.12.2019 po 18.12.2019&lt;\/p&gt;\n\" data-image-caption=\"&lt;p&gt;2019_12_15-18_Z\u00e1padn\u00e9 Tatry, \u00fabytok snehu na Hrubej Kope od 15.12.2019 po 18.12.2019&lt;\/p&gt;\n\" data-large-file=\"https:\/\/blog.laviny.sk\/wp-content\/uploads\/2019\/12\/2019_12_15-18_ZT_Hruba_kopa_porovnanie-1024x384.jpg\" src=\"https:\/\/blog.laviny.sk\/wp-content\/uploads\/2019\/12\/2019_12_15-18_ZT_Hruba_kopa_porovnanie-1024x384.jpg\" alt=\"2019_12_15-18_Z\u00e1padn\u00e9 Tatry, \u00fabytok snehu na Hrubej Kope od 15.12.2019 po 18.12.2019\" class=\"wp-image-6828\" srcset=\"https:\/\/blog.laviny.sk\/wp-content\/uploads\/2019\/12\/2019_12_15-18_ZT_Hruba_kopa_porovnanie-1024x384.jpg 1024w, https:\/\/blog.laviny.sk\/wp-content\/uploads\/2019\/12\/2019_12_15-18_ZT_Hruba_kopa_porovnanie-300x113.jpg 300w, https:\/\/blog.laviny.sk\/wp-content\/uploads\/2019\/12\/2019_12_15-18_ZT_Hruba_kopa_porovnanie-768x288.jpg 768w, https:\/\/blog.laviny.sk\/wp-content\/uploads\/2019\/12\/2019_12_15-18_ZT_Hruba_kopa_porovnanie.jpg 1280w\" sizes=\"auto, (max-width: 1024px) 100vw, 1024px\" \/><figcaption>2019_12_15-18_Z\u00e1padn\u00e9 Tatry, \u00fabytok snehu na Hrubej Kope od 15.12.2019 po 18.12.2019<\/figcaption><\/figure>\n\n\n\n<figure class=\"wp-block-image size-large\"><img loading=\"lazy\" decoding=\"async\" width=\"1024\" height=\"384\" data-attachment-id=\"6829\" data-permalink=\"https:\/\/blog.laviny.sk\/?attachment_id=6829#main\" data-orig-file=\"https:\/\/blog.laviny.sk\/wp-content\/uploads\/2019\/12\/2019_12_16-18_VF_Krizna_porovnanie.jpg\" data-orig-size=\"1280,480\" data-comments-opened=\"1\" data-image-meta=\"{&quot;aperture&quot;:&quot;0&quot;,&quot;credit&quot;:&quot;&quot;,&quot;camera&quot;:&quot;&quot;,&quot;caption&quot;:&quot;&quot;,&quot;created_timestamp&quot;:&quot;0&quot;,&quot;copyright&quot;:&quot;&quot;,&quot;focal_length&quot;:&quot;0&quot;,&quot;iso&quot;:&quot;0&quot;,&quot;shutter_speed&quot;:&quot;0&quot;,&quot;title&quot;:&quot;&quot;,&quot;orientation&quot;:&quot;0&quot;}\" data-image-title=\"2019_12_16-18_Ve\u013ek\u00e1 Fatra, \u00fabytok snehu\" data-image-description=\"&lt;p&gt;2019_12_16-18_Ve\u013ek\u00e1 Fatra, \u00fabytok snehu&lt;\/p&gt;\n\" data-image-caption=\"&lt;p&gt;2019_12_16-18_Ve\u013ek\u00e1 Fatra, \u00fabytok snehu&lt;\/p&gt;\n\" data-large-file=\"https:\/\/blog.laviny.sk\/wp-content\/uploads\/2019\/12\/2019_12_16-18_VF_Krizna_porovnanie-1024x384.jpg\" src=\"https:\/\/blog.laviny.sk\/wp-content\/uploads\/2019\/12\/2019_12_16-18_VF_Krizna_porovnanie-1024x384.jpg\" alt=\"2019_12_16-18_Ve\u013ek\u00e1 Fatra, \u00fabytok snehu na Kr\u00ed\u017enej od 16.12.2019 po 18.12.2019\" class=\"wp-image-6829\" srcset=\"https:\/\/blog.laviny.sk\/wp-content\/uploads\/2019\/12\/2019_12_16-18_VF_Krizna_porovnanie-1024x384.jpg 1024w, https:\/\/blog.laviny.sk\/wp-content\/uploads\/2019\/12\/2019_12_16-18_VF_Krizna_porovnanie-300x113.jpg 300w, https:\/\/blog.laviny.sk\/wp-content\/uploads\/2019\/12\/2019_12_16-18_VF_Krizna_porovnanie-768x288.jpg 768w, https:\/\/blog.laviny.sk\/wp-content\/uploads\/2019\/12\/2019_12_16-18_VF_Krizna_porovnanie.jpg 1280w\" sizes=\"auto, (max-width: 1024px) 100vw, 1024px\" \/><figcaption>2019_12_16-18_Ve\u013ek\u00e1 Fatra, \u00fabytok snehu na Kr\u00ed\u017enej od 16.12.2019 po 18.12.2019<\/figcaption><\/figure>\n\n\n\n<p>V&nbsp;piatok 20.12.2019 prich\u00e1dzaj\u00faci front\u00e1lny syst\u00e9m za\u010dal vytl\u00e1\u010da\u0165 tropick\u00fd vzduch a&nbsp;to prinesie hlavne vo ve\u010dern\u00fdch hodin\u00e1ch&nbsp; ve\u013emi siln\u00fd vietor , ktor\u00fd dosiahne v&nbsp;n\u00e1razoch 30 m\/s (108 m\/s). S\u00favisl\u00e1 snehov\u00e1 pokr\u00fdvka je zhruba od 1800 m n.m. a jej povrch je moment\u00e1lne zmrznut\u00fd a\u017e \u013eadov\u00fd.<\/p>\n\n\n\n<p><strong>V\u00fdhliadky na v\u00edkend :<\/strong><\/p>\n\n\n\n<p>V&nbsp;noci z&nbsp;piatku na sobotu&nbsp; zasiahne na\u0161e horstv\u00e1 front\u00e1lny syst\u00e9m, ktor\u00fd\nprinesie spo\u010diatku d\u00e1\u017e\u010f a&nbsp;postupne snehov\u00e9 zr\u00e1\u017eky. Hranica sne\u017eenia sa\nbude postupne zni\u017eova\u0165. To bude sprev\u00e1dza\u0165 siln\u00fd vietor. Snehov\u00e1 pokr\u00fdvka\nzmrzne a&nbsp;stvrdne, v&nbsp;ni\u017e\u0161\u00edch poloh\u00e1ch sa vytvor\u00ed na skal\u00e1ch a\nchodn\u00edkoch po\u013eadovica, vo vy\u0161\u0161\u00edch poloh\u00e1ch bude ma\u0165 sneh vrchn\u00fa \u013eadov\u00fa zmrznut\u00fa\nvrstvu! Pohyb v&nbsp;horskom ter\u00e9ne bude obtia\u017eny a&nbsp; bez potrebn\u00e9ho vybavenia a&nbsp;sk\u00fasenost\u00ed\nnebezpe\u010dn\u00fd ! Na zmrznut\u00fd star\u00fd sneh a&nbsp;jeho vrchn\u00fa \u013eadov\u00fa vrstvu bude\nv&nbsp;z\u00e1vetern\u00fdch svahoch vietor uklada\u0165 nov\u00fd nepreviazan\u00fd sneh,&nbsp; stupe\u0148 lav\u00ednov\u00e9 nebezpe\u010denstva bude preto\nst\u00fapa\u0165 ! <\/p>\n\n\n\n<p>V\u00edkend preto odpor\u00fa\u010dame str\u00e1vi\u0165 v&nbsp;pokoji domova zdoben\u00edm strom\u010deka, vypekan\u00edm dobr\u00f4t, \u010di pop\u00edjan\u00edm viano\u010dn\u00e9ho pun\u010du. Pr\u00edjemn\u00e9 a&nbsp;bezpe\u010dn\u00e9 pre\u017eitie Vianoc V\u00e1m \u017eelaj\u00fa pracovn\u00edci Strediska lav\u00ednovej prevencie Horskej z\u00e1chrannej slu\u017eby. <\/p>\n\n\n\n<figure class=\"wp-block-gallery aligncenter columns-3 is-cropped wp-block-gallery-1 is-layout-flex wp-block-gallery-is-layout-flex\"><ul class=\"blocks-gallery-grid\"><li class=\"blocks-gallery-item\"><figure><img loading=\"lazy\" decoding=\"async\" width=\"1000\" height=\"669\" data-attachment-id=\"6830\" data-permalink=\"https:\/\/blog.laviny.sk\/?attachment_id=6830#main\" data-orig-file=\"https:\/\/blog.laviny.sk\/wp-content\/uploads\/2019\/12\/2019_12_17_VT_Gerlachovsky_stit.jpg\" data-orig-size=\"1000,669\" data-comments-opened=\"1\" data-image-meta=\"{&quot;aperture&quot;:&quot;5.6&quot;,&quot;credit&quot;:&quot;&quot;,&quot;camera&quot;:&quot;DMC-LX100&quot;,&quot;caption&quot;:&quot;&quot;,&quot;created_timestamp&quot;:&quot;1576681914&quot;,&quot;copyright&quot;:&quot;&quot;,&quot;focal_length&quot;:&quot;22.7&quot;,&quot;iso&quot;:&quot;200&quot;,&quot;shutter_speed&quot;:&quot;0.003125&quot;,&quot;title&quot;:&quot;&quot;,&quot;orientation&quot;:&quot;0&quot;}\" data-image-title=\"2019_12_17 Vysok\u00e9 Tatry Gerlachovsk\u00fd \u0161t\u00edt\" data-image-description=\"&lt;p&gt;2019_12_17 Vysok\u00e9 Tatry Gerlachovsk\u00fd \u0161t\u00edt&lt;\/p&gt;\n\" data-image-caption=\"&lt;p&gt;2019_12_17 Vysok\u00e9 Tatry Gerlachovsk\u00fd \u0161t\u00edt&lt;\/p&gt;\n\" data-large-file=\"https:\/\/blog.laviny.sk\/wp-content\/uploads\/2019\/12\/2019_12_17_VT_Gerlachovsky_stit.jpg\" src=\"https:\/\/blog.laviny.sk\/wp-content\/uploads\/2019\/12\/2019_12_17_VT_Gerlachovsky_stit.jpg\" alt=\"2019_12_17 Vysok\u00e9 Tatry Gerlachovsk\u00fd \u0161t\u00edt\" data-id=\"6830\" data-full-url=\"https:\/\/blog.laviny.sk\/wp-content\/uploads\/2019\/12\/2019_12_17_VT_Gerlachovsky_stit.jpg\" data-link=\"https:\/\/blog.laviny.sk\/?attachment_id=6830#main\" class=\"wp-image-6830\" srcset=\"https:\/\/blog.laviny.sk\/wp-content\/uploads\/2019\/12\/2019_12_17_VT_Gerlachovsky_stit.jpg 1000w, https:\/\/blog.laviny.sk\/wp-content\/uploads\/2019\/12\/2019_12_17_VT_Gerlachovsky_stit-300x201.jpg 300w, https:\/\/blog.laviny.sk\/wp-content\/uploads\/2019\/12\/2019_12_17_VT_Gerlachovsky_stit-768x514.jpg 768w\" sizes=\"auto, (max-width: 1000px) 100vw, 1000px\" \/><figcaption class=\"blocks-gallery-item__caption\">2019_12_17 Vysok\u00e9 Tatry Gerlachovsk\u00fd \u0161t\u00edt<\/figcaption><\/figure><\/li><li class=\"blocks-gallery-item\"><figure><img loading=\"lazy\" decoding=\"async\" width=\"1000\" height=\"669\" data-attachment-id=\"6831\" data-permalink=\"https:\/\/blog.laviny.sk\/?attachment_id=6831#main\" data-orig-file=\"https:\/\/blog.laviny.sk\/wp-content\/uploads\/2019\/12\/2019_12_17_VT_Slavkovsky_stit.jpg\" data-orig-size=\"1000,669\" data-comments-opened=\"1\" data-image-meta=\"{&quot;aperture&quot;:&quot;5.6&quot;,&quot;credit&quot;:&quot;&quot;,&quot;camera&quot;:&quot;DMC-LX100&quot;,&quot;caption&quot;:&quot;&quot;,&quot;created_timestamp&quot;:&quot;1576681911&quot;,&quot;copyright&quot;:&quot;&quot;,&quot;focal_length&quot;:&quot;22.7&quot;,&quot;iso&quot;:&quot;200&quot;,&quot;shutter_speed&quot;:&quot;0.00625&quot;,&quot;title&quot;:&quot;&quot;,&quot;orientation&quot;:&quot;0&quot;}\" data-image-title=\"2019_12_17 Vysok\u00e9 Tatry Slavkovsk\u00fd \u0161t\u00edt\" data-image-description=\"&lt;p&gt;2019_12_17 Vysok\u00e9 Tatry Slavkovsk\u00fd \u0161t\u00edt &lt;\/p&gt;\n\" data-image-caption=\"&lt;p&gt;2019_12_17 Vysok\u00e9 Tatry Slavkovsk\u00fd \u0161t\u00edt &lt;\/p&gt;\n\" data-large-file=\"https:\/\/blog.laviny.sk\/wp-content\/uploads\/2019\/12\/2019_12_17_VT_Slavkovsky_stit.jpg\" src=\"https:\/\/blog.laviny.sk\/wp-content\/uploads\/2019\/12\/2019_12_17_VT_Slavkovsky_stit.jpg\" alt=\"2019_12_17 Vysok\u00e9 Tatry Slavkovsk\u00fd \u0161t\u00edt \" data-id=\"6831\" data-full-url=\"https:\/\/blog.laviny.sk\/wp-content\/uploads\/2019\/12\/2019_12_17_VT_Slavkovsky_stit.jpg\" data-link=\"https:\/\/blog.laviny.sk\/?attachment_id=6831#main\" class=\"wp-image-6831\" srcset=\"https:\/\/blog.laviny.sk\/wp-content\/uploads\/2019\/12\/2019_12_17_VT_Slavkovsky_stit.jpg 1000w, https:\/\/blog.laviny.sk\/wp-content\/uploads\/2019\/12\/2019_12_17_VT_Slavkovsky_stit-300x201.jpg 300w, https:\/\/blog.laviny.sk\/wp-content\/uploads\/2019\/12\/2019_12_17_VT_Slavkovsky_stit-768x514.jpg 768w\" sizes=\"auto, (max-width: 1000px) 100vw, 1000px\" \/><figcaption class=\"blocks-gallery-item__caption\">2019_12_17 Vysok\u00e9 Tatry Slavkovsk\u00fd \u0161t\u00edt <\/figcaption><\/figure><\/li><li class=\"blocks-gallery-item\"><figure><img loading=\"lazy\" decoding=\"async\" width=\"562\" height=\"750\" data-attachment-id=\"6832\" data-permalink=\"https:\/\/blog.laviny.sk\/?attachment_id=6832#main\" data-orig-file=\"https:\/\/blog.laviny.sk\/wp-content\/uploads\/2019\/12\/2019_12_14_Bielovodska_dolina_Lea_Leinwerbergova01.jpg\" data-orig-size=\"562,750\" data-comments-opened=\"1\" data-image-meta=\"{&quot;aperture&quot;:&quot;0&quot;,&quot;credit&quot;:&quot;&quot;,&quot;camera&quot;:&quot;&quot;,&quot;caption&quot;:&quot;&quot;,&quot;created_timestamp&quot;:&quot;0&quot;,&quot;copyright&quot;:&quot;&quot;,&quot;focal_length&quot;:&quot;0&quot;,&quot;iso&quot;:&quot;0&quot;,&quot;shutter_speed&quot;:&quot;0&quot;,&quot;title&quot;:&quot;&quot;,&quot;orientation&quot;:&quot;0&quot;}\" data-image-title=\"2019_12_14_Bielovodsk\u00e1 dolina, foto: Lea Leinwerbergova\" data-image-description=\"&lt;p&gt;2019_12_14_Bielovodsk\u00e1 dolina, foto: Lea Leinwerbergova&lt;\/p&gt;\n\" data-image-caption=\"&lt;p&gt;2019_12_14_Bielovodsk\u00e1 dolina, foto: Lea Leinwerbergova&lt;\/p&gt;\n\" data-large-file=\"https:\/\/blog.laviny.sk\/wp-content\/uploads\/2019\/12\/2019_12_14_Bielovodska_dolina_Lea_Leinwerbergova01.jpg\" src=\"https:\/\/blog.laviny.sk\/wp-content\/uploads\/2019\/12\/2019_12_14_Bielovodska_dolina_Lea_Leinwerbergova01.jpg\" alt=\"2019_12_14_Bielovodsk\u00e1 dolina, foto: Lea Leinwerbergova\" data-id=\"6832\" data-full-url=\"https:\/\/blog.laviny.sk\/wp-content\/uploads\/2019\/12\/2019_12_14_Bielovodska_dolina_Lea_Leinwerbergova01.jpg\" data-link=\"https:\/\/blog.laviny.sk\/?attachment_id=6832#main\" class=\"wp-image-6832\" srcset=\"https:\/\/blog.laviny.sk\/wp-content\/uploads\/2019\/12\/2019_12_14_Bielovodska_dolina_Lea_Leinwerbergova01.jpg 562w, https:\/\/blog.laviny.sk\/wp-content\/uploads\/2019\/12\/2019_12_14_Bielovodska_dolina_Lea_Leinwerbergova01-225x300.jpg 225w\" sizes=\"auto, (max-width: 562px) 100vw, 562px\" \/><figcaption class=\"blocks-gallery-item__caption\">2019_12_14_Bielovodsk\u00e1 dolina, foto: Lea Leinwerbergova<\/figcaption><\/figure><\/li><li class=\"blocks-gallery-item\"><figure><img loading=\"lazy\" decoding=\"async\" width=\"1000\" height=\"750\" data-attachment-id=\"6833\" data-permalink=\"https:\/\/blog.laviny.sk\/?attachment_id=6833#main\" data-orig-file=\"https:\/\/blog.laviny.sk\/wp-content\/uploads\/2019\/12\/2019_12_14_Bielovodska_dolina_Lea_leinwerbergova02.jpg\" data-orig-size=\"1000,750\" data-comments-opened=\"1\" data-image-meta=\"{&quot;aperture&quot;:&quot;0&quot;,&quot;credit&quot;:&quot;&quot;,&quot;camera&quot;:&quot;&quot;,&quot;caption&quot;:&quot;&quot;,&quot;created_timestamp&quot;:&quot;0&quot;,&quot;copyright&quot;:&quot;&quot;,&quot;focal_length&quot;:&quot;0&quot;,&quot;iso&quot;:&quot;0&quot;,&quot;shutter_speed&quot;:&quot;0&quot;,&quot;title&quot;:&quot;&quot;,&quot;orientation&quot;:&quot;0&quot;}\" data-image-title=\"2019_12_14_Bielovodsk\u00e1 dolina, foto: Lea Leinwerbergova\" data-image-description=\"&lt;p&gt;2019_12_14_Bielovodsk\u00e1 dolina, foto: Lea Leinwerbergova&lt;\/p&gt;\n\" data-image-caption=\"&lt;p&gt;2019_12_14_Bielovodsk\u00e1 dolina, foto: Lea Leinwerbergova&lt;\/p&gt;\n\" data-large-file=\"https:\/\/blog.laviny.sk\/wp-content\/uploads\/2019\/12\/2019_12_14_Bielovodska_dolina_Lea_leinwerbergova02.jpg\" src=\"https:\/\/blog.laviny.sk\/wp-content\/uploads\/2019\/12\/2019_12_14_Bielovodska_dolina_Lea_leinwerbergova02.jpg\" alt=\"2019_12_14_Bielovodsk\u00e1 dolina, foto: Lea Leinwerbergova\" data-id=\"6833\" data-full-url=\"https:\/\/blog.laviny.sk\/wp-content\/uploads\/2019\/12\/2019_12_14_Bielovodska_dolina_Lea_leinwerbergova02.jpg\" data-link=\"https:\/\/blog.laviny.sk\/?attachment_id=6833#main\" class=\"wp-image-6833\" srcset=\"https:\/\/blog.laviny.sk\/wp-content\/uploads\/2019\/12\/2019_12_14_Bielovodska_dolina_Lea_leinwerbergova02.jpg 1000w, https:\/\/blog.laviny.sk\/wp-content\/uploads\/2019\/12\/2019_12_14_Bielovodska_dolina_Lea_leinwerbergova02-300x225.jpg 300w, https:\/\/blog.laviny.sk\/wp-content\/uploads\/2019\/12\/2019_12_14_Bielovodska_dolina_Lea_leinwerbergova02-768x576.jpg 768w\" sizes=\"auto, (max-width: 1000px) 100vw, 1000px\" \/><figcaption class=\"blocks-gallery-item__caption\">2019_12_14_Bielovodsk\u00e1 dolina, foto: Lea Leinwerbergova<\/figcaption><\/figure><\/li><li class=\"blocks-gallery-item\"><figure><img loading=\"lazy\" decoding=\"async\" width=\"1000\" height=\"750\" data-attachment-id=\"6834\" data-permalink=\"https:\/\/blog.laviny.sk\/?attachment_id=6834#main\" data-orig-file=\"https:\/\/blog.laviny.sk\/wp-content\/uploads\/2019\/12\/2019_12_14_Bielovodska_dolina_Lea_leinwerbergova03.jpg\" data-orig-size=\"1000,750\" data-comments-opened=\"1\" data-image-meta=\"{&quot;aperture&quot;:&quot;0&quot;,&quot;credit&quot;:&quot;&quot;,&quot;camera&quot;:&quot;&quot;,&quot;caption&quot;:&quot;&quot;,&quot;created_timestamp&quot;:&quot;0&quot;,&quot;copyright&quot;:&quot;&quot;,&quot;focal_length&quot;:&quot;0&quot;,&quot;iso&quot;:&quot;0&quot;,&quot;shutter_speed&quot;:&quot;0&quot;,&quot;title&quot;:&quot;&quot;,&quot;orientation&quot;:&quot;0&quot;}\" data-image-title=\"2019_12_14_Bielovodsk\u00e1 dolina, foto: Lea Leinwerbergova\" data-image-description=\"&lt;p&gt;2019_12_14_Bielovodsk\u00e1 dolina, foto: Lea Leinwerbergova&lt;\/p&gt;\n\" data-image-caption=\"&lt;p&gt;2019_12_14_Bielovodsk\u00e1 dolina, foto: Lea Leinwerbergova&lt;\/p&gt;\n\" data-large-file=\"https:\/\/blog.laviny.sk\/wp-content\/uploads\/2019\/12\/2019_12_14_Bielovodska_dolina_Lea_leinwerbergova03.jpg\" src=\"https:\/\/blog.laviny.sk\/wp-content\/uploads\/2019\/12\/2019_12_14_Bielovodska_dolina_Lea_leinwerbergova03.jpg\" alt=\"2019_12_14_Bielovodsk\u00e1 dolina, foto: Lea Leinwerbergova\" data-id=\"6834\" data-full-url=\"https:\/\/blog.laviny.sk\/wp-content\/uploads\/2019\/12\/2019_12_14_Bielovodska_dolina_Lea_leinwerbergova03.jpg\" data-link=\"https:\/\/blog.laviny.sk\/?attachment_id=6834#main\" class=\"wp-image-6834\" srcset=\"https:\/\/blog.laviny.sk\/wp-content\/uploads\/2019\/12\/2019_12_14_Bielovodska_dolina_Lea_leinwerbergova03.jpg 1000w, https:\/\/blog.laviny.sk\/wp-content\/uploads\/2019\/12\/2019_12_14_Bielovodska_dolina_Lea_leinwerbergova03-300x225.jpg 300w, https:\/\/blog.laviny.sk\/wp-content\/uploads\/2019\/12\/2019_12_14_Bielovodska_dolina_Lea_leinwerbergova03-768x576.jpg 768w\" sizes=\"auto, (max-width: 1000px) 100vw, 1000px\" \/><figcaption class=\"blocks-gallery-item__caption\">2019_12_14_Bielovodsk\u00e1 dolina, foto: Lea Leinwerbergova<\/figcaption><\/figure><\/li><li class=\"blocks-gallery-item\"><figure><img loading=\"lazy\" decoding=\"async\" width=\"1000\" height=\"750\" data-attachment-id=\"6835\" data-permalink=\"https:\/\/blog.laviny.sk\/?attachment_id=6835#main\" data-orig-file=\"https:\/\/blog.laviny.sk\/wp-content\/uploads\/2019\/12\/2019_12_17_VT_VSD_01.jpg\" data-orig-size=\"1000,750\" data-comments-opened=\"1\" data-image-meta=\"{&quot;aperture&quot;:&quot;0&quot;,&quot;credit&quot;:&quot;&quot;,&quot;camera&quot;:&quot;&quot;,&quot;caption&quot;:&quot;&quot;,&quot;created_timestamp&quot;:&quot;0&quot;,&quot;copyright&quot;:&quot;&quot;,&quot;focal_length&quot;:&quot;0&quot;,&quot;iso&quot;:&quot;0&quot;,&quot;shutter_speed&quot;:&quot;0&quot;,&quot;title&quot;:&quot;&quot;,&quot;orientation&quot;:&quot;1&quot;}\" data-image-title=\"2019_12_17 Vysok\u00e9 Tatry Ve\u013ek\u00e1 Studen\u00e1 dolina, foto J\u00e1n Ko\u0159\u00ednek\" data-image-description=\"&lt;p&gt;2019_12_17 Vysok\u00e9 Tatry Ve\u013ek\u00e1 Studen\u00e1 dolina, foto J\u00e1n Ko\u0159\u00ednek&lt;\/p&gt;\n\" data-image-caption=\"&lt;p&gt;2019_12_17 Vysok\u00e9 Tatry Ve\u013ek\u00e1 Studen\u00e1 dolina, foto J\u00e1n Ko\u0159\u00ednek&lt;\/p&gt;\n\" data-large-file=\"https:\/\/blog.laviny.sk\/wp-content\/uploads\/2019\/12\/2019_12_17_VT_VSD_01.jpg\" src=\"https:\/\/blog.laviny.sk\/wp-content\/uploads\/2019\/12\/2019_12_17_VT_VSD_01.jpg\" alt=\"2019_12_17 Vysok\u00e9 Tatry Ve\u013ek\u00e1 Studen\u00e1 dolina, foto J\u00e1n Ko\u0159\u00ednek\" data-id=\"6835\" data-full-url=\"https:\/\/blog.laviny.sk\/wp-content\/uploads\/2019\/12\/2019_12_17_VT_VSD_01.jpg\" data-link=\"https:\/\/blog.laviny.sk\/?attachment_id=6835#main\" class=\"wp-image-6835\" srcset=\"https:\/\/blog.laviny.sk\/wp-content\/uploads\/2019\/12\/2019_12_17_VT_VSD_01.jpg 1000w, https:\/\/blog.laviny.sk\/wp-content\/uploads\/2019\/12\/2019_12_17_VT_VSD_01-300x225.jpg 300w, https:\/\/blog.laviny.sk\/wp-content\/uploads\/2019\/12\/2019_12_17_VT_VSD_01-768x576.jpg 768w\" sizes=\"auto, (max-width: 1000px) 100vw, 1000px\" \/><figcaption class=\"blocks-gallery-item__caption\">2019_12_17 Vysok\u00e9 Tatry Ve\u013ek\u00e1 Studen\u00e1 dolina, foto J\u00e1n Ko\u0159\u00ednek<\/figcaption><\/figure><\/li><li class=\"blocks-gallery-item\"><figure><img loading=\"lazy\" decoding=\"async\" width=\"1000\" height=\"750\" data-attachment-id=\"6836\" data-permalink=\"https:\/\/blog.laviny.sk\/?attachment_id=6836#main\" data-orig-file=\"https:\/\/blog.laviny.sk\/wp-content\/uploads\/2019\/12\/2019_12_17_VT_VSD_02.jpg\" data-orig-size=\"1000,750\" data-comments-opened=\"1\" data-image-meta=\"{&quot;aperture&quot;:&quot;0&quot;,&quot;credit&quot;:&quot;&quot;,&quot;camera&quot;:&quot;&quot;,&quot;caption&quot;:&quot;&quot;,&quot;created_timestamp&quot;:&quot;0&quot;,&quot;copyright&quot;:&quot;&quot;,&quot;focal_length&quot;:&quot;0&quot;,&quot;iso&quot;:&quot;0&quot;,&quot;shutter_speed&quot;:&quot;0&quot;,&quot;title&quot;:&quot;&quot;,&quot;orientation&quot;:&quot;1&quot;}\" data-image-title=\"2019_12_17 Vysok\u00e9 Tatry Ve\u013ek\u00e1 Studen\u00e1 dolina, foto J\u00e1n Ko\u0159\u00ednek\" data-image-description=\"&lt;p&gt;2019_12_17 Vysok\u00e9 Tatry Ve\u013ek\u00e1 Studen\u00e1 dolina, foto J\u00e1n Ko\u0159\u00ednek&lt;\/p&gt;\n\" data-image-caption=\"&lt;p&gt;2019_12_17 Vysok\u00e9 Tatry Ve\u013ek\u00e1 Studen\u00e1 dolina, foto J\u00e1n Ko\u0159\u00ednek&lt;\/p&gt;\n\" data-large-file=\"https:\/\/blog.laviny.sk\/wp-content\/uploads\/2019\/12\/2019_12_17_VT_VSD_02.jpg\" src=\"https:\/\/blog.laviny.sk\/wp-content\/uploads\/2019\/12\/2019_12_17_VT_VSD_02.jpg\" alt=\"2019_12_17 Vysok\u00e9 Tatry Ve\u013ek\u00e1 Studen\u00e1 dolina, foto J\u00e1n Ko\u0159\u00ednek\" data-id=\"6836\" data-full-url=\"https:\/\/blog.laviny.sk\/wp-content\/uploads\/2019\/12\/2019_12_17_VT_VSD_02.jpg\" data-link=\"https:\/\/blog.laviny.sk\/?attachment_id=6836#main\" class=\"wp-image-6836\" srcset=\"https:\/\/blog.laviny.sk\/wp-content\/uploads\/2019\/12\/2019_12_17_VT_VSD_02.jpg 1000w, https:\/\/blog.laviny.sk\/wp-content\/uploads\/2019\/12\/2019_12_17_VT_VSD_02-300x225.jpg 300w, https:\/\/blog.laviny.sk\/wp-content\/uploads\/2019\/12\/2019_12_17_VT_VSD_02-768x576.jpg 768w\" sizes=\"auto, (max-width: 1000px) 100vw, 1000px\" \/><figcaption class=\"blocks-gallery-item__caption\">2019_12_17 Vysok\u00e9 Tatry Ve\u013ek\u00e1 Studen\u00e1 dolina, foto J\u00e1n Ko\u0159\u00ednek<\/figcaption><\/figure><\/li><li class=\"blocks-gallery-item\"><figure><img loading=\"lazy\" decoding=\"async\" width=\"1000\" height=\"750\" data-attachment-id=\"6837\" data-permalink=\"https:\/\/blog.laviny.sk\/?attachment_id=6837#main\" data-orig-file=\"https:\/\/blog.laviny.sk\/wp-content\/uploads\/2019\/12\/2019_12_17_VT_VSD_03.jpg\" data-orig-size=\"1000,750\" data-comments-opened=\"1\" data-image-meta=\"{&quot;aperture&quot;:&quot;0&quot;,&quot;credit&quot;:&quot;&quot;,&quot;camera&quot;:&quot;&quot;,&quot;caption&quot;:&quot;&quot;,&quot;created_timestamp&quot;:&quot;0&quot;,&quot;copyright&quot;:&quot;&quot;,&quot;focal_length&quot;:&quot;0&quot;,&quot;iso&quot;:&quot;0&quot;,&quot;shutter_speed&quot;:&quot;0&quot;,&quot;title&quot;:&quot;&quot;,&quot;orientation&quot;:&quot;1&quot;}\" data-image-title=\"2019_12_17 Vysok\u00e9 Tatry Ve\u013ek\u00e1 Studen\u00e1 dolina, foto J\u00e1n Ko\u0159\u00ednek\" data-image-description=\"&lt;p&gt;2019_12_17 Vysok\u00e9 Tatry Ve\u013ek\u00e1 Studen\u00e1 dolina, foto J\u00e1n Ko\u0159\u00ednek&lt;\/p&gt;\n\" data-image-caption=\"&lt;p&gt;2019_12_17 Vysok\u00e9 Tatry Ve\u013ek\u00e1 Studen\u00e1 dolina, foto J\u00e1n Ko\u0159\u00ednek&lt;\/p&gt;\n\" data-large-file=\"https:\/\/blog.laviny.sk\/wp-content\/uploads\/2019\/12\/2019_12_17_VT_VSD_03.jpg\" src=\"https:\/\/blog.laviny.sk\/wp-content\/uploads\/2019\/12\/2019_12_17_VT_VSD_03.jpg\" alt=\"2019_12_17 Vysok\u00e9 Tatry Ve\u013ek\u00e1 Studen\u00e1 dolina, foto J\u00e1n Ko\u0159\u00ednek\" data-id=\"6837\" data-full-url=\"https:\/\/blog.laviny.sk\/wp-content\/uploads\/2019\/12\/2019_12_17_VT_VSD_03.jpg\" data-link=\"https:\/\/blog.laviny.sk\/?attachment_id=6837#main\" class=\"wp-image-6837\" srcset=\"https:\/\/blog.laviny.sk\/wp-content\/uploads\/2019\/12\/2019_12_17_VT_VSD_03.jpg 1000w, https:\/\/blog.laviny.sk\/wp-content\/uploads\/2019\/12\/2019_12_17_VT_VSD_03-300x225.jpg 300w, https:\/\/blog.laviny.sk\/wp-content\/uploads\/2019\/12\/2019_12_17_VT_VSD_03-768x576.jpg 768w\" sizes=\"auto, (max-width: 1000px) 100vw, 1000px\" \/><figcaption class=\"blocks-gallery-item__caption\">2019_12_17 Vysok\u00e9 Tatry Ve\u013ek\u00e1 Studen\u00e1 dolina, foto J\u00e1n Ko\u0159\u00ednek<\/figcaption><\/figure><\/li><\/ul><\/figure>\n","protected":false},"excerpt":{"rendered":"<p>V&nbsp;sobotu 14.12.2019 to v&nbsp;na\u0161ich hor\u00e1ch vyzeralo e\u0161te ako prelom jesene a&nbsp;zimy. Siln\u00e9 severoz\u00e1padn\u00e9 pr\u00fadenie, ktor\u00e9 prinieslo siln\u00fd vietor a&nbsp;zr\u00e1\u017eky usilovne pren\u00e1\u0161ali sneh na severov\u00fdchodn\u00e9 expoz\u00edcie pohor\u00ed. Najv\u00e4\u010d\u0161ie \u00fahrny zr\u00e1\u017eok sme zaznamenali vo Ve\u013ekej Fatre a&nbsp;N\u00edzkych Tatr\u00e1ch. Stupe\u0148 lav\u00ednov\u00e9ho nebezpe\u010denstva preto st\u00fapol aj v&nbsp;t\u00fdchto pohoriach na mierne (2. stupe\u0148 z&nbsp;5-dielnej medzin\u00e1rodnej stupnice). To si bohu\u017eia\u013e vy\u017eiadalo&hellip;<\/p>\n","protected":false},"author":1,"featured_media":6831,"comment_status":"open","ping_status":"open","sticky":false,"template":"","format":"standard","meta":{"jetpack_post_was_ever_published":false,"_jetpack_newsletter_access":"","_jetpack_dont_email_post_to_subs":false,"_jetpack_newsletter_tier_id":0,"_jetpack_memberships_contains_paywalled_content":false,"_jetpack_memberships_contains_paid_content":false,"footnotes":"","jetpack_publicize_message":"","jetpack_publicize_feature_enabled":true,"jetpack_social_post_already_shared":true,"jetpack_social_options":{"image_generator_settings":{"template":"highway","default_image_id":0,"font":"","enabled":false},"version":2}},"categories":[4],"tags":[24,222,67,68,69,71,79,123,124,314,315,263,192],"class_list":["post-6824","post","type-post","status-publish","format-standard","has-post-thumbnail","hentry","category-pocasie-sneh-a-laviny","tag-december","tag-lad","tag-lavinova-nehoda","tag-lavinova-prevencia","tag-lavinova-situacia","tag-lavinova-zachrana","tag-laviny","tag-pocasie","tag-pocasie-a-laviny","tag-pocasie-december","tag-poladovica","tag-vianoce","tag-vietor"],"jetpack_publicize_connections":[],"jetpack_featured_media_url":"https:\/\/blog.laviny.sk\/wp-content\/uploads\/2019\/12\/2019_12_17_VT_Slavkovsky_stit.jpg","jetpack_sharing_enabled":true,"jetpack_shortlink":"https:\/\/wp.me\/p8DxWh-1M4","jetpack-related-posts":[],"_links":{"self":[{"href":"https:\/\/blog.laviny.sk\/index.php?rest_route=\/wp\/v2\/posts\/6824","targetHints":{"allow":["GET"]}}],"collection":[{"href":"https:\/\/blog.laviny.sk\/index.php?rest_route=\/wp\/v2\/posts"}],"about":[{"href":"https:\/\/blog.laviny.sk\/index.php?rest_route=\/wp\/v2\/types\/post"}],"author":[{"embeddable":true,"href":"https:\/\/blog.laviny.sk\/index.php?rest_route=\/wp\/v2\/users\/1"}],"replies":[{"embeddable":true,"href":"https:\/\/blog.laviny.sk\/index.php?rest_route=%2Fwp%2Fv2%2Fcomments&post=6824"}],"version-history":[{"count":4,"href":"https:\/\/blog.laviny.sk\/index.php?rest_route=\/wp\/v2\/posts\/6824\/revisions"}],"predecessor-version":[{"id":6842,"href":"https:\/\/blog.laviny.sk\/index.php?rest_route=\/wp\/v2\/posts\/6824\/revisions\/6842"}],"wp:featuredmedia":[{"embeddable":true,"href":"https:\/\/blog.laviny.sk\/index.php?rest_route=\/wp\/v2\/media\/6831"}],"wp:attachment":[{"href":"https:\/\/blog.laviny.sk\/index.php?rest_route=%2Fwp%2Fv2%2Fmedia&parent=6824"}],"wp:term":[{"taxonomy":"category","embeddable":true,"href":"https:\/\/blog.laviny.sk\/index.php?rest_route=%2Fwp%2Fv2%2Fcategories&post=6824"},{"taxonomy":"post_tag","embeddable":true,"href":"https:\/\/blog.laviny.sk\/index.php?rest_route=%2Fwp%2Fv2%2Ftags&post=6824"}],"curies":[{"name":"wp","href":"https:\/\/api.w.org\/{rel}","templated":true}]}}