{"id":6285,"date":"2019-02-08T09:50:13","date_gmt":"2019-02-08T08:50:13","guid":{"rendered":"https:\/\/blog.laviny.sk\/?p=6285"},"modified":"2019-02-08T09:50:22","modified_gmt":"2019-02-08T08:50:22","slug":"prve-kapitoly-februara-pocasie-a-sneh-na-horach-2-2-8-2-2019","status":"publish","type":"post","link":"https:\/\/blog.laviny.sk\/?p=6285","title":{"rendered":"Prv\u00e9 kapitoly febru\u00e1ra-                                     po\u010dasie a sneh na hor\u00e1ch 2.2.- 8.2.2019"},"content":{"rendered":"\n<p><\/p>\n\n\n\n<p><em>I. prv\u00fd febru\u00e1rov\u00fd v\u00edkend<\/em><\/p>\n\n\n\n<p>Sobota prekvapila t\u00fdm \u010d\u00edm aj prekvapi\u0165 mala. Oteplenie pri ktorom v priebehu 24 hod\u00edn st\u00fapla rann\u00e1 teplota na Lomnickom \u0161t\u00edte (2 632 m n.m.) z -13,6\u00b0C (6:00 1.2.2019) na -3,8\u00b0C (6:00 2.2.2019). Pre najvy\u0161\u0161ie nadmorsk\u00e9 v\u00fd\u0161ky by ani tak nevadilo, ale utrpeli oblasti pod nulovou izotermou, ktor\u00e1 sa pohybovala okolo 2 100 m n.m. Po\u010das soboty v ni\u017e\u0161\u00edch poloh\u00e1ch prevl\u00e1dali zr\u00e1\u017eky, nad 2 000 m snehov\u00e9. Na hrebe\u0148och f\u00fakal siln\u00fd ju\u017en\u00fd vietor o sile 15-20m\/s, ktor\u00fd previeval sneh na SV a S orientovan\u00e9 svahy, vytv\u00e1ral snehov\u00e9 vank\u00fa\u0161e a doskov\u00fd sneh. Pod 2 000 m n.m. vplyvom da\u017e\u010fa sa snehov\u00fd profil premo\u010dil a o\u0165a\u017eel. V\u00edkendov\u00e1 trojka vo v\u0161etk\u00fdch pohoriach a ich v\u00fd\u0161kach predstavovala probl\u00e9m vo vy\u0161\u0161\u00edch poloh\u00e1ch vetrom previateho snehu a v ni\u017e\u0161\u00edch poloh\u00e1ch bolo probl\u00e9mom oslabenie snehovej pokr\u00fdvky vodou v kvapalnom skupenstve  Premo\u010denie snehovej pokr\u00fdvky bolo sp\u00f4soben\u00e9 topen\u00edm sa snehu a da\u017e\u010fom. Po teplom nede\u013enom r\u00e1ne sa n\u00e1m za\u010dalo na\u0161\u0165astie pomaly od z\u00e1padu ochladzova\u0165 .<\/p>\n\n\n\n<figure class=\"wp-block-image\"><img loading=\"lazy\" decoding=\"async\" width=\"1024\" height=\"460\" data-attachment-id=\"6289\" data-permalink=\"https:\/\/blog.laviny.sk\/?attachment_id=6289#main\" data-orig-file=\"https:\/\/blog.laviny.sk\/wp-content\/uploads\/2019\/02\/Screenshot_2019-02-07-Vista-Data-Vision-1.png\" data-orig-size=\"1727,776\" data-comments-opened=\"1\" data-image-meta=\"{&quot;aperture&quot;:&quot;0&quot;,&quot;credit&quot;:&quot;&quot;,&quot;camera&quot;:&quot;&quot;,&quot;caption&quot;:&quot;&quot;,&quot;created_timestamp&quot;:&quot;0&quot;,&quot;copyright&quot;:&quot;&quot;,&quot;focal_length&quot;:&quot;0&quot;,&quot;iso&quot;:&quot;0&quot;,&quot;shutter_speed&quot;:&quot;0&quot;,&quot;title&quot;:&quot;&quot;,&quot;orientation&quot;:&quot;0&quot;}\" data-image-title=\"Screenshot_2019-02-07 Vista Data Vision\" data-image-description=\"\" data-image-caption=\"\" data-large-file=\"https:\/\/blog.laviny.sk\/wp-content\/uploads\/2019\/02\/Screenshot_2019-02-07-Vista-Data-Vision-1-1024x460.png\" src=\"https:\/\/blog.laviny.sk\/wp-content\/uploads\/2019\/02\/Screenshot_2019-02-07-Vista-Data-Vision-1-1024x460.png\" alt=\"\" class=\"wp-image-6289\" srcset=\"https:\/\/blog.laviny.sk\/wp-content\/uploads\/2019\/02\/Screenshot_2019-02-07-Vista-Data-Vision-1-1024x460.png 1024w, https:\/\/blog.laviny.sk\/wp-content\/uploads\/2019\/02\/Screenshot_2019-02-07-Vista-Data-Vision-1-300x135.png 300w, https:\/\/blog.laviny.sk\/wp-content\/uploads\/2019\/02\/Screenshot_2019-02-07-Vista-Data-Vision-1-768x345.png 768w, https:\/\/blog.laviny.sk\/wp-content\/uploads\/2019\/02\/Screenshot_2019-02-07-Vista-Data-Vision-1.png 1727w\" sizes=\"auto, (max-width: 1024px) 100vw, 1024px\" \/><figcaption><em>v\u00fdvoj tepl\u00f4t AMS Pr\u00edslop 2 142 m n.m. Z\u00e1padn\u00e9 Tatry<\/em><\/figcaption><\/figure>\n\n\n\n<p><em>II. prv\u00fd febru\u00e1rov\u00fd t\u00fd\u017ede\u0148<\/em><\/p>\n\n\n\n<p>Pondelkov\u00e1 situ\u00e1cia po v\u00fdkyvovom v\u00edkende v podobe zr\u00e1\u017eok a n\u00e1sledn\u00e9ho ochladenia sp\u00f4sobila \u010diasto\u010dn\u00e9 stabilizovanie snehovej pokr\u00fdvky. U\u017e pondelkov\u00fdch -10\u00b0C v najvy\u0161\u0161\u00edch poloh\u00e1ch nasved\u010dovalo o tom \u017ee vodou premo\u010den\u00fd sneh p\u00f4soben\u00edm mrazov poriadne stuhne. Vo v\u0161etk\u00fdch poloh\u00e1ch bol povrch snehu r\u00e1no nosn\u00fd, \u010do sa t\u00fdka tvrdosti &#8211; tvrd\u00fd, zamrznut\u00fd a \u013eadov\u00fd. V\u00fdborn\u00e9 podmienky na pe\u0161iu turistiku v ma\u010dk\u00e1ch u\u017e od parkoviska. Rann\u00e9 hmlist\u00e9 po\u010dasie vystriedalo vo v\u00fd\u0161kach slnko, ktor\u00e9 tie\u017e pomohlo k stabiliz\u00e1ci\u00ed snehu. Tak\u00fdto charakter malo po\u010dasie a\u017e do \u0161tvrtka. Studen\u00e9, bezobla\u010dn\u00e9 r\u00e1na, po\u010das obeda jemn\u00e9 natopenie vrchnej vrstvy snehu, poobede zam\u0155zanie &#8222;na bet\u00f3n&#8220;. Tak\u00e9to denno-no\u010dn\u00e9 striedanie tepl\u00f4t m\u00e1 priazniv\u00e9 \u00fa\u010dinky na podmienky \u013eadov\u00e9ho a zimn\u00e9ho mixov\u00e9ho lezenia. V noci zam\u0155za cez de\u0148 natopen\u00e1 voda na povrchu \u013eadop\u00e1dov a v skaln\u00fdch \u0161p\u00e1rach. Sneh v sten\u00e1ch je zhutnen\u00fd, tvrd\u00fd, v \u017e\u013eaboch dostato\u010dne nosn\u00fd, na n\u00e1stupoch taktie\u017e tvrd\u00fd,  de\u0148 sa predl\u017euje &#8211; rados\u0165 pre ka\u017ed\u00e9ho zimn\u00e9ho lezca. Severn\u00fd sektor si vo vy\u0161\u0161\u00edch poloh\u00e1ch na z\u00e1vetern\u00fdch svahoch zachoval svoj tajomn\u00fd charakter s naf\u00fakan\u00fdmi snehov\u00fdmi doskami, \u010dakaj\u00facimi na nepripraven\u00fdch n\u00e1v\u0161tevn\u00edkov. Po\u010das cel\u00e9ho t\u00fd\u017ed\u0148a pretrv\u00e1vaj\u00face mierne lav\u00ednov\u00e9 nebezpe\u010denstvo n\u00e1s ohrozovalo pr\u00e1ve v t\u00fdchto slnkom nedotknut\u00fdch orient\u00e1ci\u00e1ch. Nebezpe\u010dn\u00e9 \u00fatvary v podobe vank\u00fa\u0161ov a dosiek tam \u010d\u00edhaj\u00fa dodnes. Na jasnej ju\u017enej strane sa postupn\u00fdm otep\u013eovan\u00edm v priebehu cel\u00e9ho t\u00fd\u017ed\u0148a pomaly vyskytovali spont\u00e1nne lav\u00edny z mokr\u00e9ho snehu. Vid\u00edme ich hlavne na tr\u00e1vnatom povrchu Belianskych Tatier, Malej a Ve\u013ekej Fatry. <\/p>\n\n\n\n<figure class=\"wp-block-image\"><img loading=\"lazy\" decoding=\"async\" width=\"1024\" height=\"576\" data-attachment-id=\"6292\" data-permalink=\"https:\/\/blog.laviny.sk\/?attachment_id=6292#main\" data-orig-file=\"https:\/\/blog.laviny.sk\/wp-content\/uploads\/2019\/02\/img_20190205_0600_20190205538765.jpg\" data-orig-size=\"1920,1080\" data-comments-opened=\"1\" data-image-meta=\"{&quot;aperture&quot;:&quot;0&quot;,&quot;credit&quot;:&quot;&quot;,&quot;camera&quot;:&quot;&quot;,&quot;caption&quot;:&quot;&quot;,&quot;created_timestamp&quot;:&quot;0&quot;,&quot;copyright&quot;:&quot;&quot;,&quot;focal_length&quot;:&quot;0&quot;,&quot;iso&quot;:&quot;0&quot;,&quot;shutter_speed&quot;:&quot;0&quot;,&quot;title&quot;:&quot;&quot;,&quot;orientation&quot;:&quot;0&quot;}\" data-image-title=\"img_20190205_0600_20190205538765\" data-image-description=\"\" data-image-caption=\"\" data-large-file=\"https:\/\/blog.laviny.sk\/wp-content\/uploads\/2019\/02\/img_20190205_0600_20190205538765-1024x576.jpg\" src=\"https:\/\/blog.laviny.sk\/wp-content\/uploads\/2019\/02\/img_20190205_0600_20190205538765-1024x576.jpg\" alt=\"\" class=\"wp-image-6292\" srcset=\"https:\/\/blog.laviny.sk\/wp-content\/uploads\/2019\/02\/img_20190205_0600_20190205538765-1024x576.jpg 1024w, https:\/\/blog.laviny.sk\/wp-content\/uploads\/2019\/02\/img_20190205_0600_20190205538765-300x169.jpg 300w, https:\/\/blog.laviny.sk\/wp-content\/uploads\/2019\/02\/img_20190205_0600_20190205538765-768x432.jpg 768w, https:\/\/blog.laviny.sk\/wp-content\/uploads\/2019\/02\/img_20190205_0600_20190205538765-460x260.jpg 460w, https:\/\/blog.laviny.sk\/wp-content\/uploads\/2019\/02\/img_20190205_0600_20190205538765.jpg 1920w\" sizes=\"auto, (max-width: 1024px) 100vw, 1024px\" \/><figcaption>magick\u00e9 hmlist\u00e9 r\u00e1no v Tur\u010dianskej kotline, poh\u013ead na hrebe\u0148 Malej Fatry<\/figcaption><\/figure>\n\n\n\n<ul class=\"wp-block-gallery columns-2 is-cropped wp-block-gallery-1 is-layout-flex wp-block-gallery-is-layout-flex\"><li class=\"blocks-gallery-item\"><figure><img loading=\"lazy\" decoding=\"async\" width=\"1024\" height=\"768\" data-attachment-id=\"6290\" data-permalink=\"https:\/\/blog.laviny.sk\/?attachment_id=6290#main\" data-orig-file=\"https:\/\/blog.laviny.sk\/wp-content\/uploads\/2019\/02\/img_20190207_0700_2019020755891.jpg\" data-orig-size=\"1280,960\" data-comments-opened=\"1\" data-image-meta=\"{&quot;aperture&quot;:&quot;0&quot;,&quot;credit&quot;:&quot;&quot;,&quot;camera&quot;:&quot;&quot;,&quot;caption&quot;:&quot;&quot;,&quot;created_timestamp&quot;:&quot;0&quot;,&quot;copyright&quot;:&quot;&quot;,&quot;focal_length&quot;:&quot;0&quot;,&quot;iso&quot;:&quot;0&quot;,&quot;shutter_speed&quot;:&quot;0&quot;,&quot;title&quot;:&quot;&quot;,&quot;orientation&quot;:&quot;0&quot;}\" data-image-title=\"img_20190207_0700_2019020755891\" data-image-description=\"\" data-image-caption=\"\" data-large-file=\"https:\/\/blog.laviny.sk\/wp-content\/uploads\/2019\/02\/img_20190207_0700_2019020755891-1024x768.jpg\" src=\"https:\/\/blog.laviny.sk\/wp-content\/uploads\/2019\/02\/img_20190207_0700_2019020755891-1024x768.jpg\" alt=\"\" data-id=\"6290\" data-link=\"https:\/\/blog.laviny.sk\/?attachment_id=6290#main\" class=\"wp-image-6290\" srcset=\"https:\/\/blog.laviny.sk\/wp-content\/uploads\/2019\/02\/img_20190207_0700_2019020755891-1024x768.jpg 1024w, https:\/\/blog.laviny.sk\/wp-content\/uploads\/2019\/02\/img_20190207_0700_2019020755891-300x225.jpg 300w, https:\/\/blog.laviny.sk\/wp-content\/uploads\/2019\/02\/img_20190207_0700_2019020755891-768x576.jpg 768w, https:\/\/blog.laviny.sk\/wp-content\/uploads\/2019\/02\/img_20190207_0700_2019020755891.jpg 1280w\" sizes=\"auto, (max-width: 1024px) 100vw, 1024px\" \/><figcaption>spont\u00e1nne lav\u00edny z \u0165a\u017ek\u00e9ho snehu Steny Mal\u00e1 Fatra<\/figcaption><\/figure><\/li><li class=\"blocks-gallery-item\"><figure><img loading=\"lazy\" decoding=\"async\" width=\"1024\" height=\"768\" data-attachment-id=\"6291\" data-permalink=\"https:\/\/blog.laviny.sk\/?attachment_id=6291#main\" data-orig-file=\"https:\/\/blog.laviny.sk\/wp-content\/uploads\/2019\/02\/img_20190207_1000_20190207595145.jpg\" data-orig-size=\"2048,1536\" data-comments-opened=\"1\" data-image-meta=\"{&quot;aperture&quot;:&quot;0&quot;,&quot;credit&quot;:&quot;&quot;,&quot;camera&quot;:&quot;&quot;,&quot;caption&quot;:&quot;&quot;,&quot;created_timestamp&quot;:&quot;0&quot;,&quot;copyright&quot;:&quot;&quot;,&quot;focal_length&quot;:&quot;0&quot;,&quot;iso&quot;:&quot;0&quot;,&quot;shutter_speed&quot;:&quot;0&quot;,&quot;title&quot;:&quot;&quot;,&quot;orientation&quot;:&quot;0&quot;}\" data-image-title=\"img_20190207_1000_20190207595145\" data-image-description=\"\" data-image-caption=\"\" data-large-file=\"https:\/\/blog.laviny.sk\/wp-content\/uploads\/2019\/02\/img_20190207_1000_20190207595145-1024x768.jpg\" src=\"https:\/\/blog.laviny.sk\/wp-content\/uploads\/2019\/02\/img_20190207_1000_20190207595145-1024x768.jpg\" alt=\"\" data-id=\"6291\" data-link=\"https:\/\/blog.laviny.sk\/?attachment_id=6291#main\" class=\"wp-image-6291\" srcset=\"https:\/\/blog.laviny.sk\/wp-content\/uploads\/2019\/02\/img_20190207_1000_20190207595145-1024x768.jpg 1024w, https:\/\/blog.laviny.sk\/wp-content\/uploads\/2019\/02\/img_20190207_1000_20190207595145-300x225.jpg 300w, https:\/\/blog.laviny.sk\/wp-content\/uploads\/2019\/02\/img_20190207_1000_20190207595145-768x576.jpg 768w, https:\/\/blog.laviny.sk\/wp-content\/uploads\/2019\/02\/img_20190207_1000_20190207595145.jpg 2048w\" sizes=\"auto, (max-width: 1024px) 100vw, 1024px\" \/><figcaption>spont\u00e1nne lav\u00edny z \u0165a\u017ek\u00e9ho snehu Predn\u00e9 Jatky Belianske Tatry<\/figcaption><\/figure><\/li><\/ul>\n\n\n\n<p><em>III. druh\u00fd febru\u00e1rov\u00fd v\u00edkend<\/em><\/p>\n\n\n\n<p>Po\u010das v\u00edkendu k n\u00e1m po okraji rozsiahlej tlakovej n\u00ed\u017ee za\u010dne pr\u00fadi\u0165 od z\u00e1padu chladnej\u0161\u00ed vzduch. Oproti slne\u010dn\u00e9mu t\u00fd\u017ed\u0148u o\u010dak\u00e1vame narastanie obla\u010dnosti v podobe hmiel v podhor\u00ed a n\u00edzkej obla\u010dnosti po\u010das cel\u00e9ho v\u00edkendu. M\u00f4\u017eeme o\u010dak\u00e1va\u0165 \u017ee slnko, ktor\u00e9 n\u00e1m rozt\u00e1palo povrch snehu na jemn\u00fa ka\u0161u cez v\u00edkend nezapracuje. Ochladenie bude p\u00f4sobi\u0165 na snehov\u00fa pokr\u00fdvku stabiliza\u010dne, no netreba zabudn\u00fa\u0165 pribali\u0165 do batohu do vy\u0161\u0161\u00edch pol\u00f4h st\u00fapacie \u017eelez\u00e1 a \u010dakan, vyh\u00fdba\u0165 sa exponovan\u00fdm svahom s ve\u013ek\u00fdm sklonom a miestam s v\u00e4\u010d\u0161\u00edm mno\u017estvom naf\u00fakan\u00e9ho snehu z posledn\u00fdch sne\u017een\u00ed. <\/p>\n\n\n\n<p> <br><\/p>\n\n\n\n<pre class=\"wp-block-preformatted\"><\/pre>\n\n\n\n<ul class=\"wp-block-gallery columns-3 is-cropped wp-block-gallery-2 is-layout-flex wp-block-gallery-is-layout-flex\"><li class=\"blocks-gallery-item\"><figure><img loading=\"lazy\" decoding=\"async\" width=\"1000\" height=\"750\" data-attachment-id=\"6305\" data-permalink=\"https:\/\/blog.laviny.sk\/?attachment_id=6305#main\" data-orig-file=\"https:\/\/blog.laviny.sk\/wp-content\/uploads\/2019\/02\/Prislop12.jpg\" data-orig-size=\"1000,750\" data-comments-opened=\"1\" data-image-meta=\"{&quot;aperture&quot;:&quot;1.8&quot;,&quot;credit&quot;:&quot;&quot;,&quot;camera&quot;:&quot;iPhone 7&quot;,&quot;caption&quot;:&quot;&quot;,&quot;created_timestamp&quot;:&quot;1549186463&quot;,&quot;copyright&quot;:&quot;&quot;,&quot;focal_length&quot;:&quot;3.99&quot;,&quot;iso&quot;:&quot;20&quot;,&quot;shutter_speed&quot;:&quot;0.00031298904538341&quot;,&quot;title&quot;:&quot;&quot;,&quot;orientation&quot;:&quot;1&quot;}\" data-image-title=\"Prislop12\" data-image-description=\"\" data-image-caption=\"&lt;p&gt;3.2.2019 Poh\u013ead do Ve\u013ekej Zmrzlej doliny, Vysok\u00e9 Tatry&lt;\/p&gt;\n\" data-large-file=\"https:\/\/blog.laviny.sk\/wp-content\/uploads\/2019\/02\/Prislop12.jpg\" src=\"https:\/\/blog.laviny.sk\/wp-content\/uploads\/2019\/02\/Prislop12.jpg\" alt=\"\" data-id=\"6305\" data-link=\"https:\/\/blog.laviny.sk\/?attachment_id=6305#main\" class=\"wp-image-6305\" srcset=\"https:\/\/blog.laviny.sk\/wp-content\/uploads\/2019\/02\/Prislop12.jpg 1000w, https:\/\/blog.laviny.sk\/wp-content\/uploads\/2019\/02\/Prislop12-300x225.jpg 300w, https:\/\/blog.laviny.sk\/wp-content\/uploads\/2019\/02\/Prislop12-768x576.jpg 768w\" sizes=\"auto, (max-width: 1000px) 100vw, 1000px\" \/><figcaption>3.2.2019 Poh\u013ead do Ve\u013ekej Zmrzlej doliny, Vysok\u00e9 Tatry<\/figcaption><\/figure><\/li><li class=\"blocks-gallery-item\"><figure><img loading=\"lazy\" decoding=\"async\" width=\"1000\" height=\"750\" data-attachment-id=\"6304\" data-permalink=\"https:\/\/blog.laviny.sk\/?attachment_id=6304#main\" data-orig-file=\"https:\/\/blog.laviny.sk\/wp-content\/uploads\/2019\/02\/Prislop10.jpg\" data-orig-size=\"1000,750\" data-comments-opened=\"1\" data-image-meta=\"{&quot;aperture&quot;:&quot;1.8&quot;,&quot;credit&quot;:&quot;&quot;,&quot;camera&quot;:&quot;iPhone 7&quot;,&quot;caption&quot;:&quot;&quot;,&quot;created_timestamp&quot;:&quot;1549191790&quot;,&quot;copyright&quot;:&quot;&quot;,&quot;focal_length&quot;:&quot;3.99&quot;,&quot;iso&quot;:&quot;20&quot;,&quot;shutter_speed&quot;:&quot;0.00017699115044248&quot;,&quot;title&quot;:&quot;&quot;,&quot;orientation&quot;:&quot;1&quot;}\" data-image-title=\"Prislop10\" data-image-description=\"\" data-image-caption=\"&lt;p&gt;3.2.2019 Poh\u013ead na Kolov\u00fd \u0161t\u00edt z hlavn\u00e9ho hrebe\u0148a, Vysok\u00e9 Tatry&lt;\/p&gt;\n\" data-large-file=\"https:\/\/blog.laviny.sk\/wp-content\/uploads\/2019\/02\/Prislop10.jpg\" src=\"https:\/\/blog.laviny.sk\/wp-content\/uploads\/2019\/02\/Prislop10.jpg\" alt=\"\" data-id=\"6304\" data-link=\"https:\/\/blog.laviny.sk\/?attachment_id=6304#main\" class=\"wp-image-6304\" srcset=\"https:\/\/blog.laviny.sk\/wp-content\/uploads\/2019\/02\/Prislop10.jpg 1000w, https:\/\/blog.laviny.sk\/wp-content\/uploads\/2019\/02\/Prislop10-300x225.jpg 300w, https:\/\/blog.laviny.sk\/wp-content\/uploads\/2019\/02\/Prislop10-768x576.jpg 768w\" sizes=\"auto, (max-width: 1000px) 100vw, 1000px\" \/><figcaption>3.2.2019 Poh\u013ead na Kolov\u00fd \u0161t\u00edt z hlavn\u00e9ho hrebe\u0148a, Vysok\u00e9 Tatry<\/figcaption><\/figure><\/li><li class=\"blocks-gallery-item\"><figure><img loading=\"lazy\" decoding=\"async\" width=\"1000\" height=\"750\" data-attachment-id=\"6303\" data-permalink=\"https:\/\/blog.laviny.sk\/?attachment_id=6303#main\" data-orig-file=\"https:\/\/blog.laviny.sk\/wp-content\/uploads\/2019\/02\/Prislop11.jpg\" data-orig-size=\"1000,750\" data-comments-opened=\"1\" data-image-meta=\"{&quot;aperture&quot;:&quot;1.8&quot;,&quot;credit&quot;:&quot;&quot;,&quot;camera&quot;:&quot;iPhone 7&quot;,&quot;caption&quot;:&quot;&quot;,&quot;created_timestamp&quot;:&quot;1549191784&quot;,&quot;copyright&quot;:&quot;&quot;,&quot;focal_length&quot;:&quot;3.99&quot;,&quot;iso&quot;:&quot;20&quot;,&quot;shutter_speed&quot;:&quot;0.0002289901534234&quot;,&quot;title&quot;:&quot;&quot;,&quot;orientation&quot;:&quot;1&quot;}\" data-image-title=\"Prislop11\" data-image-description=\"\" data-image-caption=\"&lt;p&gt;3.2.2019 Spont\u00e1nne lav\u00edny v Belianskych Tatr\u00e1ch&lt;\/p&gt;\n\" data-large-file=\"https:\/\/blog.laviny.sk\/wp-content\/uploads\/2019\/02\/Prislop11.jpg\" src=\"https:\/\/blog.laviny.sk\/wp-content\/uploads\/2019\/02\/Prislop11.jpg\" alt=\"\" data-id=\"6303\" data-link=\"https:\/\/blog.laviny.sk\/?attachment_id=6303#main\" class=\"wp-image-6303\" srcset=\"https:\/\/blog.laviny.sk\/wp-content\/uploads\/2019\/02\/Prislop11.jpg 1000w, https:\/\/blog.laviny.sk\/wp-content\/uploads\/2019\/02\/Prislop11-300x225.jpg 300w, https:\/\/blog.laviny.sk\/wp-content\/uploads\/2019\/02\/Prislop11-768x576.jpg 768w\" sizes=\"auto, (max-width: 1000px) 100vw, 1000px\" \/><figcaption>3.2.2019 Spont\u00e1nne lav\u00edny v Belianskych Tatr\u00e1ch<\/figcaption><\/figure><\/li><li class=\"blocks-gallery-item\"><figure><img loading=\"lazy\" decoding=\"async\" width=\"422\" height=\"750\" data-attachment-id=\"6295\" data-permalink=\"https:\/\/blog.laviny.sk\/?attachment_id=6295#main\" data-orig-file=\"https:\/\/blog.laviny.sk\/wp-content\/uploads\/2019\/02\/Prislop13.jpg\" data-orig-size=\"422,750\" data-comments-opened=\"1\" data-image-meta=\"{&quot;aperture&quot;:&quot;0&quot;,&quot;credit&quot;:&quot;&quot;,&quot;camera&quot;:&quot;&quot;,&quot;caption&quot;:&quot;&quot;,&quot;created_timestamp&quot;:&quot;0&quot;,&quot;copyright&quot;:&quot;&quot;,&quot;focal_length&quot;:&quot;0&quot;,&quot;iso&quot;:&quot;0&quot;,&quot;shutter_speed&quot;:&quot;0&quot;,&quot;title&quot;:&quot;&quot;,&quot;orientation&quot;:&quot;0&quot;}\" data-image-title=\"Prislop13\" data-image-description=\"\" data-image-caption=\"&lt;p&gt;4.2.2019 v\u00fd\u0161ka snehu Kosodrevina, N\u00edzke Tatry&lt;\/p&gt;\n\" data-large-file=\"https:\/\/blog.laviny.sk\/wp-content\/uploads\/2019\/02\/Prislop13.jpg\" src=\"https:\/\/blog.laviny.sk\/wp-content\/uploads\/2019\/02\/Prislop13.jpg\" alt=\"\" data-id=\"6295\" data-link=\"https:\/\/blog.laviny.sk\/?attachment_id=6295#main\" class=\"wp-image-6295\" srcset=\"https:\/\/blog.laviny.sk\/wp-content\/uploads\/2019\/02\/Prislop13.jpg 422w, https:\/\/blog.laviny.sk\/wp-content\/uploads\/2019\/02\/Prislop13-169x300.jpg 169w\" sizes=\"auto, (max-width: 422px) 100vw, 422px\" \/><figcaption>4.2.2019 v\u00fd\u0161ka snehu Kosodrevina, N\u00edzke Tatry<\/figcaption><\/figure><\/li><li class=\"blocks-gallery-item\"><figure><img loading=\"lazy\" decoding=\"async\" width=\"562\" height=\"750\" data-attachment-id=\"6302\" data-permalink=\"https:\/\/blog.laviny.sk\/?attachment_id=6302#main\" data-orig-file=\"https:\/\/blog.laviny.sk\/wp-content\/uploads\/2019\/02\/Prislop6.jpg\" data-orig-size=\"562,750\" data-comments-opened=\"1\" data-image-meta=\"{&quot;aperture&quot;:&quot;8.2&quot;,&quot;credit&quot;:&quot;&quot;,&quot;camera&quot;:&quot;COOLPIX W300&quot;,&quot;caption&quot;:&quot;&quot;,&quot;created_timestamp&quot;:&quot;1549367753&quot;,&quot;copyright&quot;:&quot;&quot;,&quot;focal_length&quot;:&quot;4.3&quot;,&quot;iso&quot;:&quot;125&quot;,&quot;shutter_speed&quot;:&quot;0.00125&quot;,&quot;title&quot;:&quot;&quot;,&quot;orientation&quot;:&quot;1&quot;}\" data-image-title=\"Prislop6\" data-image-description=\"\" data-image-caption=\"&lt;p&gt;5.2.2019 Slnkom nasvieten\u00e9 svahy Prostredn\u00e9ho hrotu, Vysok\u00e9 Tatry&lt;\/p&gt;\n\" data-large-file=\"https:\/\/blog.laviny.sk\/wp-content\/uploads\/2019\/02\/Prislop6.jpg\" src=\"https:\/\/blog.laviny.sk\/wp-content\/uploads\/2019\/02\/Prislop6.jpg\" alt=\"\" data-id=\"6302\" data-link=\"https:\/\/blog.laviny.sk\/?attachment_id=6302#main\" class=\"wp-image-6302\" srcset=\"https:\/\/blog.laviny.sk\/wp-content\/uploads\/2019\/02\/Prislop6.jpg 562w, https:\/\/blog.laviny.sk\/wp-content\/uploads\/2019\/02\/Prislop6-225x300.jpg 225w\" sizes=\"auto, (max-width: 562px) 100vw, 562px\" \/><figcaption>5.2.2019 Slnkom nasvieten\u00e9 svahy Prostredn\u00e9ho hrotu, Vysok\u00e9 Tatry<\/figcaption><\/figure><\/li><li class=\"blocks-gallery-item\"><figure><img loading=\"lazy\" decoding=\"async\" width=\"1000\" height=\"750\" data-attachment-id=\"6301\" data-permalink=\"https:\/\/blog.laviny.sk\/?attachment_id=6301#main\" data-orig-file=\"https:\/\/blog.laviny.sk\/wp-content\/uploads\/2019\/02\/Prislop5.jpg\" data-orig-size=\"1000,750\" data-comments-opened=\"1\" data-image-meta=\"{&quot;aperture&quot;:&quot;2.8&quot;,&quot;credit&quot;:&quot;&quot;,&quot;camera&quot;:&quot;COOLPIX W300&quot;,&quot;caption&quot;:&quot;&quot;,&quot;created_timestamp&quot;:&quot;1549369594&quot;,&quot;copyright&quot;:&quot;&quot;,&quot;focal_length&quot;:&quot;4.3&quot;,&quot;iso&quot;:&quot;125&quot;,&quot;shutter_speed&quot;:&quot;0.00066666666666667&quot;,&quot;title&quot;:&quot;&quot;,&quot;orientation&quot;:&quot;1&quot;}\" data-image-title=\"Prislop5\" data-image-description=\"\" data-image-caption=\"&lt;p&gt;5.2.2019 Vybet\u00f3novan\u00fd Kr\u00e1\u013eovsk\u00fd \u017e\u013eab v Sl\u00e1vkovskom &lt;\/p&gt;\n\" data-large-file=\"https:\/\/blog.laviny.sk\/wp-content\/uploads\/2019\/02\/Prislop5.jpg\" src=\"https:\/\/blog.laviny.sk\/wp-content\/uploads\/2019\/02\/Prislop5.jpg\" alt=\"\" data-id=\"6301\" data-link=\"https:\/\/blog.laviny.sk\/?attachment_id=6301#main\" class=\"wp-image-6301\" srcset=\"https:\/\/blog.laviny.sk\/wp-content\/uploads\/2019\/02\/Prislop5.jpg 1000w, https:\/\/blog.laviny.sk\/wp-content\/uploads\/2019\/02\/Prislop5-300x225.jpg 300w, https:\/\/blog.laviny.sk\/wp-content\/uploads\/2019\/02\/Prislop5-768x576.jpg 768w\" sizes=\"auto, (max-width: 1000px) 100vw, 1000px\" \/><figcaption>5.2.2019 Vybet\u00f3novan\u00fd Kr\u00e1\u013eovsk\u00fd \u017e\u013eab v Slavkovskom \u0161t\u00edte, Vysok\u00e9 Tatry<\/figcaption><\/figure><\/li><li class=\"blocks-gallery-item\"><figure><img loading=\"lazy\" decoding=\"async\" width=\"562\" height=\"750\" data-attachment-id=\"6300\" data-permalink=\"https:\/\/blog.laviny.sk\/?attachment_id=6300#main\" data-orig-file=\"https:\/\/blog.laviny.sk\/wp-content\/uploads\/2019\/02\/Prislop9.jpg\" data-orig-size=\"562,750\" data-comments-opened=\"1\" data-image-meta=\"{&quot;aperture&quot;:&quot;2.8&quot;,&quot;credit&quot;:&quot;&quot;,&quot;camera&quot;:&quot;COOLPIX W300&quot;,&quot;caption&quot;:&quot;&quot;,&quot;created_timestamp&quot;:&quot;1549369610&quot;,&quot;copyright&quot;:&quot;&quot;,&quot;focal_length&quot;:&quot;4.3&quot;,&quot;iso&quot;:&quot;125&quot;,&quot;shutter_speed&quot;:&quot;0.0008&quot;,&quot;title&quot;:&quot;&quot;,&quot;orientation&quot;:&quot;0&quot;}\" data-image-title=\"Prislop9\" data-image-description=\"\" data-image-caption=\"&lt;p&gt;5.2.2019 \u0160a\u0161ov \u013ead v Slavkovskom \u0161t\u00edte otepleniu odolal, Vysok\u00e9 Tatry&lt;\/p&gt;\n\" data-large-file=\"https:\/\/blog.laviny.sk\/wp-content\/uploads\/2019\/02\/Prislop9.jpg\" src=\"https:\/\/blog.laviny.sk\/wp-content\/uploads\/2019\/02\/Prislop9.jpg\" alt=\"\" data-id=\"6300\" data-link=\"https:\/\/blog.laviny.sk\/?attachment_id=6300#main\" class=\"wp-image-6300\" srcset=\"https:\/\/blog.laviny.sk\/wp-content\/uploads\/2019\/02\/Prislop9.jpg 562w, https:\/\/blog.laviny.sk\/wp-content\/uploads\/2019\/02\/Prislop9-225x300.jpg 225w\" sizes=\"auto, (max-width: 562px) 100vw, 562px\" \/><figcaption>5.2.2019 \u0160a\u0161ov \u013ead v Slavkovskom \u0161t\u00edte otepleniu odolal, Vysok\u00e9 Tatry<\/figcaption><\/figure><\/li><li class=\"blocks-gallery-item\"><figure><img loading=\"lazy\" decoding=\"async\" width=\"1000\" height=\"750\" data-attachment-id=\"6299\" data-permalink=\"https:\/\/blog.laviny.sk\/?attachment_id=6299#main\" data-orig-file=\"https:\/\/blog.laviny.sk\/wp-content\/uploads\/2019\/02\/Prislop8.jpg\" data-orig-size=\"1000,750\" data-comments-opened=\"1\" data-image-meta=\"{&quot;aperture&quot;:&quot;2.8&quot;,&quot;credit&quot;:&quot;&quot;,&quot;camera&quot;:&quot;COOLPIX W300&quot;,&quot;caption&quot;:&quot;&quot;,&quot;created_timestamp&quot;:&quot;1549372868&quot;,&quot;copyright&quot;:&quot;&quot;,&quot;focal_length&quot;:&quot;4.3&quot;,&quot;iso&quot;:&quot;125&quot;,&quot;shutter_speed&quot;:&quot;0.00125&quot;,&quot;title&quot;:&quot;&quot;,&quot;orientation&quot;:&quot;0&quot;}\" data-image-title=\"Prislop8\" data-image-description=\"\" data-image-caption=\"&lt;p&gt;5.2.2019 Veverkov \u013ead pod n\u00e1porom lezcov, Vysok\u00e9 Tatry&lt;\/p&gt;\n\" data-large-file=\"https:\/\/blog.laviny.sk\/wp-content\/uploads\/2019\/02\/Prislop8.jpg\" src=\"https:\/\/blog.laviny.sk\/wp-content\/uploads\/2019\/02\/Prislop8.jpg\" alt=\"\" data-id=\"6299\" data-link=\"https:\/\/blog.laviny.sk\/?attachment_id=6299#main\" class=\"wp-image-6299\" srcset=\"https:\/\/blog.laviny.sk\/wp-content\/uploads\/2019\/02\/Prislop8.jpg 1000w, https:\/\/blog.laviny.sk\/wp-content\/uploads\/2019\/02\/Prislop8-300x225.jpg 300w, https:\/\/blog.laviny.sk\/wp-content\/uploads\/2019\/02\/Prislop8-768x576.jpg 768w\" sizes=\"auto, (max-width: 1000px) 100vw, 1000px\" \/><figcaption>5.2.2019 Veverkov \u013ead pod n\u00e1porom lezcov, Vysok\u00e9 Tatry<\/figcaption><\/figure><\/li><li class=\"blocks-gallery-item\"><figure><img loading=\"lazy\" decoding=\"async\" width=\"1000\" height=\"750\" data-attachment-id=\"6298\" data-permalink=\"https:\/\/blog.laviny.sk\/?attachment_id=6298#main\" data-orig-file=\"https:\/\/blog.laviny.sk\/wp-content\/uploads\/2019\/02\/Prislop7.jpg\" data-orig-size=\"1000,750\" data-comments-opened=\"1\" data-image-meta=\"{&quot;aperture&quot;:&quot;2.8&quot;,&quot;credit&quot;:&quot;&quot;,&quot;camera&quot;:&quot;COOLPIX W300&quot;,&quot;caption&quot;:&quot;&quot;,&quot;created_timestamp&quot;:&quot;1549373478&quot;,&quot;copyright&quot;:&quot;&quot;,&quot;focal_length&quot;:&quot;4.3&quot;,&quot;iso&quot;:&quot;125&quot;,&quot;shutter_speed&quot;:&quot;0.00125&quot;,&quot;title&quot;:&quot;&quot;,&quot;orientation&quot;:&quot;0&quot;}\" data-image-title=\"Prislop7\" data-image-description=\"\" data-image-caption=\"&lt;p&gt;5.2.2019 Tvrd\u00e9 vrstvy snehu, Ve\u013ek\u00e1 Studen\u00e1 dolina, Vysok\u00e9 Tatry&lt;\/p&gt;\n\" data-large-file=\"https:\/\/blog.laviny.sk\/wp-content\/uploads\/2019\/02\/Prislop7.jpg\" src=\"https:\/\/blog.laviny.sk\/wp-content\/uploads\/2019\/02\/Prislop7.jpg\" alt=\"\" data-id=\"6298\" data-link=\"https:\/\/blog.laviny.sk\/?attachment_id=6298#main\" class=\"wp-image-6298\" srcset=\"https:\/\/blog.laviny.sk\/wp-content\/uploads\/2019\/02\/Prislop7.jpg 1000w, https:\/\/blog.laviny.sk\/wp-content\/uploads\/2019\/02\/Prislop7-300x225.jpg 300w, https:\/\/blog.laviny.sk\/wp-content\/uploads\/2019\/02\/Prislop7-768x576.jpg 768w\" sizes=\"auto, (max-width: 1000px) 100vw, 1000px\" \/><figcaption>5.2.2019 Tvrd\u00e9 vrstvy snehu, Ve\u013ek\u00e1 Studen\u00e1 dolina, Vysok\u00e9 Tatry<\/figcaption><\/figure><\/li><li class=\"blocks-gallery-item\"><figure><img loading=\"lazy\" decoding=\"async\" width=\"1000\" height=\"750\" data-attachment-id=\"6297\" data-permalink=\"https:\/\/blog.laviny.sk\/?attachment_id=6297#main\" data-orig-file=\"https:\/\/blog.laviny.sk\/wp-content\/uploads\/2019\/02\/Prislop3.jpg\" data-orig-size=\"1000,750\" data-comments-opened=\"1\" data-image-meta=\"{&quot;aperture&quot;:&quot;0&quot;,&quot;credit&quot;:&quot;&quot;,&quot;camera&quot;:&quot;&quot;,&quot;caption&quot;:&quot;&quot;,&quot;created_timestamp&quot;:&quot;0&quot;,&quot;copyright&quot;:&quot;&quot;,&quot;focal_length&quot;:&quot;0&quot;,&quot;iso&quot;:&quot;0&quot;,&quot;shutter_speed&quot;:&quot;0&quot;,&quot;title&quot;:&quot;&quot;,&quot;orientation&quot;:&quot;0&quot;}\" data-image-title=\"Prislop3\" data-image-description=\"\" data-image-caption=\"&lt;p&gt;6.2.2019 Tvrdo aj v severe Salat\u00edna, Z\u00e1padn\u00e9 Tatry&lt;\/p&gt;\n\" data-large-file=\"https:\/\/blog.laviny.sk\/wp-content\/uploads\/2019\/02\/Prislop3.jpg\" src=\"https:\/\/blog.laviny.sk\/wp-content\/uploads\/2019\/02\/Prislop3.jpg\" alt=\"\" data-id=\"6297\" data-link=\"https:\/\/blog.laviny.sk\/?attachment_id=6297#main\" class=\"wp-image-6297\" srcset=\"https:\/\/blog.laviny.sk\/wp-content\/uploads\/2019\/02\/Prislop3.jpg 1000w, https:\/\/blog.laviny.sk\/wp-content\/uploads\/2019\/02\/Prislop3-300x225.jpg 300w, https:\/\/blog.laviny.sk\/wp-content\/uploads\/2019\/02\/Prislop3-768x576.jpg 768w\" sizes=\"auto, (max-width: 1000px) 100vw, 1000px\" \/><figcaption>6.2.2019 Tvrdo aj v severe Salat\u00edna, Z\u00e1padn\u00e9 Tatry<\/figcaption><\/figure><\/li><li class=\"blocks-gallery-item\"><figure><img loading=\"lazy\" decoding=\"async\" width=\"1000\" height=\"750\" data-attachment-id=\"6296\" data-permalink=\"https:\/\/blog.laviny.sk\/?attachment_id=6296#main\" data-orig-file=\"https:\/\/blog.laviny.sk\/wp-content\/uploads\/2019\/02\/Prislop4.jpg\" data-orig-size=\"1000,750\" data-comments-opened=\"1\" data-image-meta=\"{&quot;aperture&quot;:&quot;0&quot;,&quot;credit&quot;:&quot;&quot;,&quot;camera&quot;:&quot;&quot;,&quot;caption&quot;:&quot;&quot;,&quot;created_timestamp&quot;:&quot;0&quot;,&quot;copyright&quot;:&quot;&quot;,&quot;focal_length&quot;:&quot;0&quot;,&quot;iso&quot;:&quot;0&quot;,&quot;shutter_speed&quot;:&quot;0&quot;,&quot;title&quot;:&quot;&quot;,&quot;orientation&quot;:&quot;0&quot;}\" data-image-title=\"Prislop4\" data-image-description=\"\" data-image-caption=\"&lt;p&gt;6.2.2019 Z\u00e1padn\u00e9 Tatry&lt;\/p&gt;\n\" data-large-file=\"https:\/\/blog.laviny.sk\/wp-content\/uploads\/2019\/02\/Prislop4.jpg\" src=\"https:\/\/blog.laviny.sk\/wp-content\/uploads\/2019\/02\/Prislop4.jpg\" alt=\"\" data-id=\"6296\" data-link=\"https:\/\/blog.laviny.sk\/?attachment_id=6296#main\" class=\"wp-image-6296\" srcset=\"https:\/\/blog.laviny.sk\/wp-content\/uploads\/2019\/02\/Prislop4.jpg 1000w, https:\/\/blog.laviny.sk\/wp-content\/uploads\/2019\/02\/Prislop4-300x225.jpg 300w, https:\/\/blog.laviny.sk\/wp-content\/uploads\/2019\/02\/Prislop4-768x576.jpg 768w\" sizes=\"auto, (max-width: 1000px) 100vw, 1000px\" \/><figcaption>6.2.2019 Z\u00e1padn\u00e9 Tatry<\/figcaption><\/figure><\/li><li class=\"blocks-gallery-item\"><figure><img loading=\"lazy\" decoding=\"async\" width=\"1000\" height=\"562\" data-attachment-id=\"6294\" data-permalink=\"https:\/\/blog.laviny.sk\/?attachment_id=6294#main\" data-orig-file=\"https:\/\/blog.laviny.sk\/wp-content\/uploads\/2019\/02\/Prislop1.jpg\" data-orig-size=\"1000,562\" data-comments-opened=\"1\" data-image-meta=\"{&quot;aperture&quot;:&quot;0&quot;,&quot;credit&quot;:&quot;&quot;,&quot;camera&quot;:&quot;&quot;,&quot;caption&quot;:&quot;&quot;,&quot;created_timestamp&quot;:&quot;0&quot;,&quot;copyright&quot;:&quot;&quot;,&quot;focal_length&quot;:&quot;0&quot;,&quot;iso&quot;:&quot;0&quot;,&quot;shutter_speed&quot;:&quot;0&quot;,&quot;title&quot;:&quot;&quot;,&quot;orientation&quot;:&quot;0&quot;}\" data-image-title=\"Prislop1\" data-image-description=\"\" data-image-caption=\"&lt;p&gt;7.2.019 Kriv\u00e1\u0148, Vysok\u00e9 Tatry&lt;\/p&gt;\n\" data-large-file=\"https:\/\/blog.laviny.sk\/wp-content\/uploads\/2019\/02\/Prislop1.jpg\" src=\"https:\/\/blog.laviny.sk\/wp-content\/uploads\/2019\/02\/Prislop1.jpg\" alt=\"\" data-id=\"6294\" data-link=\"https:\/\/blog.laviny.sk\/?attachment_id=6294#main\" class=\"wp-image-6294\" srcset=\"https:\/\/blog.laviny.sk\/wp-content\/uploads\/2019\/02\/Prislop1.jpg 1000w, https:\/\/blog.laviny.sk\/wp-content\/uploads\/2019\/02\/Prislop1-300x169.jpg 300w, https:\/\/blog.laviny.sk\/wp-content\/uploads\/2019\/02\/Prislop1-768x432.jpg 768w, https:\/\/blog.laviny.sk\/wp-content\/uploads\/2019\/02\/Prislop1-460x260.jpg 460w\" sizes=\"auto, (max-width: 1000px) 100vw, 1000px\" \/><figcaption>7.2.019 Kriv\u00e1\u0148, Vysok\u00e9 Tatry<\/figcaption><\/figure><\/li><li class=\"blocks-gallery-item\"><figure><img loading=\"lazy\" decoding=\"async\" width=\"422\" height=\"750\" data-attachment-id=\"6293\" data-permalink=\"https:\/\/blog.laviny.sk\/?attachment_id=6293#main\" data-orig-file=\"https:\/\/blog.laviny.sk\/wp-content\/uploads\/2019\/02\/Prislop2.jpg\" data-orig-size=\"422,750\" data-comments-opened=\"1\" data-image-meta=\"{&quot;aperture&quot;:&quot;0&quot;,&quot;credit&quot;:&quot;&quot;,&quot;camera&quot;:&quot;&quot;,&quot;caption&quot;:&quot;&quot;,&quot;created_timestamp&quot;:&quot;0&quot;,&quot;copyright&quot;:&quot;&quot;,&quot;focal_length&quot;:&quot;0&quot;,&quot;iso&quot;:&quot;0&quot;,&quot;shutter_speed&quot;:&quot;0&quot;,&quot;title&quot;:&quot;&quot;,&quot;orientation&quot;:&quot;0&quot;}\" data-image-title=\"Prislop2\" data-image-description=\"\" data-image-caption=\"&lt;p&gt;7.2.2019 St\u00e1le sa vyskytuj\u00face nebezpe\u010dn\u00e9 zrn\u00e1 dutinovej inov\u00e4te&lt;\/p&gt;\n\" data-large-file=\"https:\/\/blog.laviny.sk\/wp-content\/uploads\/2019\/02\/Prislop2.jpg\" src=\"https:\/\/blog.laviny.sk\/wp-content\/uploads\/2019\/02\/Prislop2.jpg\" alt=\"\" data-id=\"6293\" data-link=\"https:\/\/blog.laviny.sk\/?attachment_id=6293#main\" class=\"wp-image-6293\" srcset=\"https:\/\/blog.laviny.sk\/wp-content\/uploads\/2019\/02\/Prislop2.jpg 422w, https:\/\/blog.laviny.sk\/wp-content\/uploads\/2019\/02\/Prislop2-169x300.jpg 169w\" sizes=\"auto, (max-width: 422px) 100vw, 422px\" \/><figcaption>7.2.2019 St\u00e1le sa vyskytuj\u00face nebezpe\u010dn\u00e9 zrn\u00e1 dutinovej inov\u00e4te<\/figcaption><\/figure><\/li><\/ul>\n","protected":false},"excerpt":{"rendered":"<p>I. prv\u00fd febru\u00e1rov\u00fd v\u00edkend Sobota prekvapila t\u00fdm \u010d\u00edm aj prekvapi\u0165 mala. Oteplenie pri ktorom v priebehu 24 hod\u00edn st\u00fapla rann\u00e1 teplota na Lomnickom \u0161t\u00edte (2 632 m n.m.) z -13,6\u00b0C (6:00 1.2.2019) na -3,8\u00b0C (6:00 2.2.2019). Pre najvy\u0161\u0161ie nadmorsk\u00e9 v\u00fd\u0161ky by ani tak nevadilo, ale utrpeli oblasti pod nulovou izotermou, ktor\u00e1 sa pohybovala okolo 2&hellip;<\/p>\n","protected":false},"author":1,"featured_media":6294,"comment_status":"open","ping_status":"open","sticky":false,"template":"","format":"standard","meta":{"jetpack_post_was_ever_published":false,"_jetpack_newsletter_access":"","_jetpack_dont_email_post_to_subs":false,"_jetpack_newsletter_tier_id":0,"_jetpack_memberships_contains_paywalled_content":false,"_jetpack_memberships_contains_paid_content":false,"footnotes":"","jetpack_publicize_message":"","jetpack_publicize_feature_enabled":true,"jetpack_social_post_already_shared":true,"jetpack_social_options":{"image_generator_settings":{"template":"highway","default_image_id":0,"font":"","enabled":false},"version":2}},"categories":[4],"tags":[280,66,230,68,87,105,110,257,155,156,164,171,279,189,190,197,202],"class_list":["post-6285","post","type-post","status-publish","format-standard","has-post-thumbnail","hentry","category-pocasie-sneh-a-laviny","tag-hranatozrnny-sneh","tag-lavina","tag-lavinova-aktivita","tag-lavinova-prevencia","tag-mala-fatra","tag-nizke-tatry","tag-novy-sneh","tag-profil-snehovej-pokryvky","tag-sneh-a-laviny","tag-snehova-pokryvka","tag-stabilita-snehovej-pokryvky","tag-tatry","tag-test-stability-snehovej-porkyvky","tag-velka-fatra","tag-velka-studena-dolina","tag-vysoke-tatry","tag-zapadne-tatry"],"jetpack_publicize_connections":[],"jetpack_featured_media_url":"https:\/\/blog.laviny.sk\/wp-content\/uploads\/2019\/02\/Prislop1.jpg","jetpack_sharing_enabled":true,"jetpack_shortlink":"https:\/\/wp.me\/p8DxWh-1Dn","jetpack-related-posts":[],"_links":{"self":[{"href":"https:\/\/blog.laviny.sk\/index.php?rest_route=\/wp\/v2\/posts\/6285","targetHints":{"allow":["GET"]}}],"collection":[{"href":"https:\/\/blog.laviny.sk\/index.php?rest_route=\/wp\/v2\/posts"}],"about":[{"href":"https:\/\/blog.laviny.sk\/index.php?rest_route=\/wp\/v2\/types\/post"}],"author":[{"embeddable":true,"href":"https:\/\/blog.laviny.sk\/index.php?rest_route=\/wp\/v2\/users\/1"}],"replies":[{"embeddable":true,"href":"https:\/\/blog.laviny.sk\/index.php?rest_route=%2Fwp%2Fv2%2Fcomments&post=6285"}],"version-history":[{"count":4,"href":"https:\/\/blog.laviny.sk\/index.php?rest_route=\/wp\/v2\/posts\/6285\/revisions"}],"predecessor-version":[{"id":6307,"href":"https:\/\/blog.laviny.sk\/index.php?rest_route=\/wp\/v2\/posts\/6285\/revisions\/6307"}],"wp:featuredmedia":[{"embeddable":true,"href":"https:\/\/blog.laviny.sk\/index.php?rest_route=\/wp\/v2\/media\/6294"}],"wp:attachment":[{"href":"https:\/\/blog.laviny.sk\/index.php?rest_route=%2Fwp%2Fv2%2Fmedia&parent=6285"}],"wp:term":[{"taxonomy":"category","embeddable":true,"href":"https:\/\/blog.laviny.sk\/index.php?rest_route=%2Fwp%2Fv2%2Fcategories&post=6285"},{"taxonomy":"post_tag","embeddable":true,"href":"https:\/\/blog.laviny.sk\/index.php?rest_route=%2Fwp%2Fv2%2Ftags&post=6285"}],"curies":[{"name":"wp","href":"https:\/\/api.w.org\/{rel}","templated":true}]}}