{"id":6263,"date":"2019-02-01T13:26:10","date_gmt":"2019-02-01T12:26:10","guid":{"rendered":"https:\/\/blog.laviny.sk\/?p=6263"},"modified":"2019-02-01T14:07:16","modified_gmt":"2019-02-01T13:07:16","slug":"fasiangy-turice-vichrica-pride-alebo-priebeh-pocasia-od-26-1-2019-po-1-2-2019","status":"publish","type":"post","link":"https:\/\/blog.laviny.sk\/?p=6263","title":{"rendered":"Fa\u0161iangy, Turice v\u00edchrica pr\u00edde alebo priebeh po\u010dasia od 26.1.2019 po 1.2.2019"},"content":{"rendered":"<p>Po\u010das minul\u00e9ho t\u00fd\u017ed\u0148a sa n\u00e1m nad horsk\u00fdmi oblas\u0165ami Slovenska uvelebila tlakov\u00e1 v\u00fd\u0161, \u010do prinieslo jasn\u00e9 a\u00a0ve\u013emi chladn\u00e9 po\u010dasie. Po\u010dasie ako z\u00a0poh\u013eadnice prialo zimnej turistike, rastu \u013eadop\u00e1dov, omrzlin\u00e1m na hn\u00e1toch, no a\u00a0aj v\u00a0snehovej pokr\u00fdvke sa udiali veci typick\u00e9 pre ve\u013emi n\u00edzke teploty. Za\u010dala prebieha\u0165 kon\u0161trukt\u00edvna metamorf\u00f3za snehu a\u00a0t\u00fdm p\u00e1dom snehov\u00e9 zrn\u00e1 narastali, tvoril sa hranatozrnn\u00fd sneh, ktor\u00fd rad\u00edme medzi nestabiln\u00e9 snehov\u00e9 vrstvy.<\/p>\n<div id=\"attachment_6264\" style=\"width: 1517px\" class=\"wp-caption aligncenter\"><a href=\"https:\/\/blog.laviny.sk\/wp-content\/uploads\/2019\/02\/priebeh_vetra_chopok.jpg\"><img loading=\"lazy\" decoding=\"async\" aria-describedby=\"caption-attachment-6264\" data-attachment-id=\"6264\" data-permalink=\"https:\/\/blog.laviny.sk\/?attachment_id=6264#main\" data-orig-file=\"https:\/\/blog.laviny.sk\/wp-content\/uploads\/2019\/02\/priebeh_vetra_chopok.jpg\" data-orig-size=\"1507,692\" data-comments-opened=\"1\" data-image-meta=\"{&quot;aperture&quot;:&quot;2.7&quot;,&quot;credit&quot;:&quot;&quot;,&quot;camera&quot;:&quot;GT-S7710&quot;,&quot;caption&quot;:&quot;&quot;,&quot;created_timestamp&quot;:&quot;1511372517&quot;,&quot;copyright&quot;:&quot;&quot;,&quot;focal_length&quot;:&quot;3.43&quot;,&quot;iso&quot;:&quot;50&quot;,&quot;shutter_speed&quot;:&quot;0.01&quot;,&quot;title&quot;:&quot;&quot;,&quot;orientation&quot;:&quot;1&quot;}\" data-image-title=\"priebeh_vetra_chopok\" data-image-description=\"&lt;p&gt;priebeh sily vetra na Chopku v m\/s (zdroj SHMU)&lt;\/p&gt;\n\" data-image-caption=\"&lt;p&gt;priebeh sily vetra na Chopku v m\/s (zdroj SHMU)&lt;\/p&gt;\n\" data-large-file=\"https:\/\/blog.laviny.sk\/wp-content\/uploads\/2019\/02\/priebeh_vetra_chopok-1024x470.jpg\" class=\"size-full wp-image-6264\" src=\"https:\/\/blog.laviny.sk\/wp-content\/uploads\/2019\/02\/priebeh_vetra_chopok.jpg\" alt=\"\" width=\"1507\" height=\"692\" srcset=\"https:\/\/blog.laviny.sk\/wp-content\/uploads\/2019\/02\/priebeh_vetra_chopok.jpg 1507w, https:\/\/blog.laviny.sk\/wp-content\/uploads\/2019\/02\/priebeh_vetra_chopok-300x138.jpg 300w, https:\/\/blog.laviny.sk\/wp-content\/uploads\/2019\/02\/priebeh_vetra_chopok-768x353.jpg 768w, https:\/\/blog.laviny.sk\/wp-content\/uploads\/2019\/02\/priebeh_vetra_chopok-1024x470.jpg 1024w\" sizes=\"auto, (max-width: 1507px) 100vw, 1507px\" \/><\/a><p id=\"caption-attachment-6264\" class=\"wp-caption-text\">priebeh sily vetra na Chopku v m\/s (zdroj SHMU)<\/p><\/div>\n<p>Prv\u00e1 tohtoro\u010dn\u00e1 v\u00fdrazn\u00e1 tlakov\u00e1 n\u00ed\u017e si to smerovala nad na\u0161e \u00fazemie z juhoz\u00e1padu a po\u010das nede\u013e\u0148aj\u0161ieho popoludnia priniesla vplyvom v\u00fdmeny tlakov\u00fdch \u00fatvarov siln\u00fd vietor, ktor\u00fd razom previal vo\u013en\u00fd sneh z\u00a0juhu na sever (opa\u010dne ako doposia\u013e). A\u00a0to malo ve\u013ek\u00fd vplyv na lav\u00ednov\u00e9 nebezpe\u010denstvo, zaznamenali sme nieko\u013eko spont\u00e1nnych lav\u00edn, a\u00a0aj p\u00e1r lav\u00ednov\u00fdch neh\u00f4d so \u0161\u0165astn\u00fdm koncom. Pozdravujeme t\u00fdmto \u0161\u0165astlivcov a\u00a0ostatn\u00fdm sk\u00e1ka\u0165 z Veverkov\u00e9ho \u013eadop\u00e1du nedoporu\u010dujeme, nie v\u017edy sa vraj dopad podar\u00ed.<\/p>\n<div id=\"attachment_6265\" style=\"width: 1517px\" class=\"wp-caption aligncenter\"><a href=\"https:\/\/blog.laviny.sk\/wp-content\/uploads\/2019\/02\/prirastok_snehu_koniarky.jpg\"><img loading=\"lazy\" decoding=\"async\" aria-describedby=\"caption-attachment-6265\" data-attachment-id=\"6265\" data-permalink=\"https:\/\/blog.laviny.sk\/?attachment_id=6265#main\" data-orig-file=\"https:\/\/blog.laviny.sk\/wp-content\/uploads\/2019\/02\/prirastok_snehu_koniarky.jpg\" data-orig-size=\"1507,691\" data-comments-opened=\"1\" data-image-meta=\"{&quot;aperture&quot;:&quot;2.7&quot;,&quot;credit&quot;:&quot;&quot;,&quot;camera&quot;:&quot;GT-S7710&quot;,&quot;caption&quot;:&quot;&quot;,&quot;created_timestamp&quot;:&quot;1511372517&quot;,&quot;copyright&quot;:&quot;&quot;,&quot;focal_length&quot;:&quot;3.43&quot;,&quot;iso&quot;:&quot;50&quot;,&quot;shutter_speed&quot;:&quot;0.01&quot;,&quot;title&quot;:&quot;&quot;,&quot;orientation&quot;:&quot;1&quot;}\" data-image-title=\"prirastok_snehu_koniarky\" data-image-description=\"&lt;p&gt;pr\u00edrastok snehu vo Ve\u013ekej Fatre na AMS Koniarky v cm&lt;\/p&gt;\n\" data-image-caption=\"&lt;p&gt;pr\u00edrastok snehu vo Ve\u013ekej Fatre na AMS Koniarky v cm&lt;\/p&gt;\n\" data-large-file=\"https:\/\/blog.laviny.sk\/wp-content\/uploads\/2019\/02\/prirastok_snehu_koniarky-1024x470.jpg\" class=\"size-full wp-image-6265\" src=\"https:\/\/blog.laviny.sk\/wp-content\/uploads\/2019\/02\/prirastok_snehu_koniarky.jpg\" alt=\"\" width=\"1507\" height=\"691\" srcset=\"https:\/\/blog.laviny.sk\/wp-content\/uploads\/2019\/02\/prirastok_snehu_koniarky.jpg 1507w, https:\/\/blog.laviny.sk\/wp-content\/uploads\/2019\/02\/prirastok_snehu_koniarky-300x138.jpg 300w, https:\/\/blog.laviny.sk\/wp-content\/uploads\/2019\/02\/prirastok_snehu_koniarky-768x352.jpg 768w, https:\/\/blog.laviny.sk\/wp-content\/uploads\/2019\/02\/prirastok_snehu_koniarky-1024x470.jpg 1024w\" sizes=\"auto, (max-width: 1507px) 100vw, 1507px\" \/><\/a><p id=\"caption-attachment-6265\" class=\"wp-caption-text\">pr\u00edrastok snehu vo Ve\u013ekej Fatre na AMS Koniarky v cm<\/p><\/div>\n<p>Tlakov\u00e1 n\u00ed\u017e z juhu priniesla v\u00fdrazn\u00e9 zr\u00e1\u017eky, ktor\u00e9 kone\u010dne chytili N\u00edzke Tatry, respekt\u00edve ich S\u00a0a\u00a0SV sektor . Lav\u00ednov\u00e9 nebezpe\u010denstvo st\u00faplo na 3. stupe\u0148 z\u00a05-dielnej medzin\u00e1rodnej stupnice. \u00a0Pr\u00edrastok nov\u00e9ho snehu v\u00a0t\u00fdchto expoz\u00edci\u00e1ch Ve\u013ekej Fatry a\u00a0N\u00edzkych Tatier presahoval 25 cm. V\u00a0priebehu t\u00fd\u017ed\u0148a sa situ\u00e1cia postupne stabilizovala a\u00a0nebezpe\u010dn\u00e9 zostali najvy\u0161\u0161ie \u010dasti Vysok\u00fdch, Z\u00e1padn\u00fdch a\u00a0N\u00edzkych Tatier, kde sa st\u00e1le nach\u00e1dzali naviate dosky.<\/p>\n<p><strong>Aktu\u00e1lna situ\u00e1cia a v\u00fdhliadky na v\u00edkend :<\/strong><\/p>\n<p>Od juhoz\u00e1padu prich\u00e1dza \u00a0v\u00fdrazn\u00fd tepl\u00fd front , ktor\u00fd prinesie u\u017e po\u010das dne\u0161n\u00e9ho popoludnia ve\u013emi siln\u00fd vietor, ktor\u00fd na vrcholoch h\u00f4r dosiahne 40 m\/s (144 km\/h)! Po\u010das zajtraj\u0161ieho d\u0148a sa k\u00a0vetru prid\u00e1 d\u00e1\u017e\u010f a\u017e do vysok\u00fdch pol\u00f4h. Aktu\u00e1lne pretrv\u00e1va vo v\u0161etk\u00fdch horstv\u00e1ch Slovenska tret\u00ed stupe\u0148 (zv\u00fd\u0161en\u00e9) lav\u00ednov\u00e9ho nebezpe\u010denstva z 5-dielnej medzin\u00e1rodnej stupnice. Nebezpe\u010dn\u00e9 s\u00fa hlavne svahy a \u017e\u013eaby S a SV orient\u00e1ci\u00ed. Uvo\u013enenie doskov\u00fdch lav\u00edn, najm\u00e4 v spomenut\u00fdch expoz\u00edci\u00e1ch, je mo\u017en\u00e9 u\u017e pri malom dodato\u010dnom za\u0165a\u017een\u00ed ( ly\u017eovanie, v\u00fdstup ly\u017eiara na ly\u017eiach) obzvl\u00e1\u0161\u0165 na strm\u00fdch svahoch (nad 30\u00b0)! S\u00fa\u010dasne je mo\u017en\u00e9 sp\u00f4sobi\u0165 odtrh aj z ve\u013ekej vzdialenosti vplyvom vysok\u00e9ho pnutia v snehovej pokr\u00fdvke, ktor\u00e9 vytvoril vietor. Stupe\u0148 lav\u00ednov\u00e9ho nebezpe\u010denstva m\u00e1 preto v\u00fdrazne st\u00fapaj\u00faci charakter, po\u010das soboty a\u00a0nede\u013ee o\u010dak\u00e1vame spont\u00e1nne lav\u00edny stredn\u00fdch vo v\u00fdnimo\u010dn\u00fdch pr\u00edpadoch aj ve\u013ek\u00fdch rozmerov a\u00a0to hlavne v\u00a0stredn\u00fdch poloh\u00e1ch.<\/p>\n<p>Na z\u00e1klade t\u00fdchto predpokladov nedoporu\u010dujeme verejnosti po\u010das v\u00edkendu pohyb vo vysokohorskom ter\u00e9ne. Naopak doporu\u010dujeme str\u00e1vi\u0165 v\u00edkend v\u00a0pohodl\u00ed domova, uvari\u0165 si varen\u00e9 v\u00edno, pr\u00edpadne z\u00e1js\u0165 na nezdrav\u00fd \u00a0hamburger, je to men\u0161ie riziko. Po ochladen\u00ed za\u010diatkom t\u00fd\u017ed\u0148a si do batohu bude potrebn\u00e9 pribali\u0165 \u00a0st\u00fapacie \u017eelez\u00e1, nako\u013eko je ve\u013ek\u00e1 pravdepodobnos\u0165 \u00a0po\u013eadovice.<\/p>\n\n\t\t<style type=\"text\/css\">\n\t\t\t#gallery-1 {\n\t\t\t\tmargin: auto;\n\t\t\t}\n\t\t\t#gallery-1 .gallery-item {\n\t\t\t\tfloat: left;\n\t\t\t\tmargin-top: 10px;\n\t\t\t\ttext-align: center;\n\t\t\t\twidth: 33%;\n\t\t\t}\n\t\t\t#gallery-1 img {\n\t\t\t\tborder: 2px solid #cfcfcf;\n\t\t\t}\n\t\t\t#gallery-1 .gallery-caption {\n\t\t\t\tmargin-left: 0;\n\t\t\t}\n\t\t\t\/* see gallery_shortcode() in wp-includes\/media.php *\/\n\t\t<\/style>\n\t\t<div data-carousel-extra='{&quot;blog_id&quot;:1,&quot;permalink&quot;:&quot;https:\/\/blog.laviny.sk\/?p=6263&quot;}' id='gallery-1' class='gallery galleryid-6263 gallery-columns-3 gallery-size-thumbnail'><dl class='gallery-item'>\n\t\t\t<dt class='gallery-icon landscape'>\n\t\t\t\t<a href='https:\/\/blog.laviny.sk\/?attachment_id=6266#main'><img loading=\"lazy\" decoding=\"async\" width=\"150\" height=\"150\" src=\"https:\/\/blog.laviny.sk\/wp-content\/uploads\/2019\/02\/201-01-31_vt_prostredny_hrot_siroka_veza-150x150.jpg\" class=\"attachment-thumbnail size-thumbnail\" alt=\"\" aria-describedby=\"gallery-1-6266\" srcset=\"https:\/\/blog.laviny.sk\/wp-content\/uploads\/2019\/02\/201-01-31_vt_prostredny_hrot_siroka_veza-150x150.jpg 150w, https:\/\/blog.laviny.sk\/wp-content\/uploads\/2019\/02\/201-01-31_vt_prostredny_hrot_siroka_veza-50x50.jpg 50w\" sizes=\"auto, (max-width: 150px) 100vw, 150px\" data-attachment-id=\"6266\" data-permalink=\"https:\/\/blog.laviny.sk\/?attachment_id=6266#main\" data-orig-file=\"https:\/\/blog.laviny.sk\/wp-content\/uploads\/2019\/02\/201-01-31_vt_prostredny_hrot_siroka_veza.jpg\" data-orig-size=\"1000,750\" data-comments-opened=\"1\" data-image-meta=\"{&quot;aperture&quot;:&quot;8.7&quot;,&quot;credit&quot;:&quot;&quot;,&quot;camera&quot;:&quot;COOLPIX W300&quot;,&quot;caption&quot;:&quot;&quot;,&quot;created_timestamp&quot;:&quot;1548928335&quot;,&quot;copyright&quot;:&quot;&quot;,&quot;focal_length&quot;:&quot;9.2&quot;,&quot;iso&quot;:&quot;125&quot;,&quot;shutter_speed&quot;:&quot;0.0025&quot;,&quot;title&quot;:&quot;&quot;,&quot;orientation&quot;:&quot;0&quot;}\" data-image-title=\"201-01-31_vt_prostredny_hrot_siroka_veza\" data-image-description=\"&lt;p&gt;2019-01-31 Vysok\u00e9 Tatry, Prostredn\u00fd hrot&lt;\/p&gt;\n\" data-image-caption=\"&lt;p&gt;2019-01-31 Vysok\u00e9 Tatry, Prostredn\u00fd hrot&lt;\/p&gt;\n\" data-large-file=\"https:\/\/blog.laviny.sk\/wp-content\/uploads\/2019\/02\/201-01-31_vt_prostredny_hrot_siroka_veza.jpg\" \/><\/a>\n\t\t\t<\/dt>\n\t\t\t\t<dd class='wp-caption-text gallery-caption' id='gallery-1-6266'>\n\t\t\t\t2019-01-31 Vysok\u00e9 Tatry, Prostredn\u00fd hrot\n\t\t\t\t<\/dd><\/dl><dl class='gallery-item'>\n\t\t\t<dt class='gallery-icon landscape'>\n\t\t\t\t<a href='https:\/\/blog.laviny.sk\/?attachment_id=6267#main'><img loading=\"lazy\" decoding=\"async\" width=\"150\" height=\"150\" src=\"https:\/\/blog.laviny.sk\/wp-content\/uploads\/2019\/02\/2019-01-30_vf_ams_krizna_dolujeme_stanicu-150x150.jpg\" class=\"attachment-thumbnail size-thumbnail\" alt=\"\" aria-describedby=\"gallery-1-6267\" srcset=\"https:\/\/blog.laviny.sk\/wp-content\/uploads\/2019\/02\/2019-01-30_vf_ams_krizna_dolujeme_stanicu-150x150.jpg 150w, https:\/\/blog.laviny.sk\/wp-content\/uploads\/2019\/02\/2019-01-30_vf_ams_krizna_dolujeme_stanicu-50x50.jpg 50w\" sizes=\"auto, (max-width: 150px) 100vw, 150px\" data-attachment-id=\"6267\" data-permalink=\"https:\/\/blog.laviny.sk\/?attachment_id=6267#main\" data-orig-file=\"https:\/\/blog.laviny.sk\/wp-content\/uploads\/2019\/02\/2019-01-30_vf_ams_krizna_dolujeme_stanicu.jpg\" data-orig-size=\"1000,750\" data-comments-opened=\"1\" data-image-meta=\"{&quot;aperture&quot;:&quot;8.2&quot;,&quot;credit&quot;:&quot;&quot;,&quot;camera&quot;:&quot;COOLPIX W300&quot;,&quot;caption&quot;:&quot;&quot;,&quot;created_timestamp&quot;:&quot;1548851514&quot;,&quot;copyright&quot;:&quot;&quot;,&quot;focal_length&quot;:&quot;4.3&quot;,&quot;iso&quot;:&quot;125&quot;,&quot;shutter_speed&quot;:&quot;0.002&quot;,&quot;title&quot;:&quot;&quot;,&quot;orientation&quot;:&quot;0&quot;}\" data-image-title=\"2019-01-30_vf_ams_krizna_dolujeme_stanicu\" data-image-description=\"&lt;p&gt;2019-01-31 Ve\u013ek\u00e1 Fatra, AMS Kr\u00ed\u017ena, dolovanie stanice&lt;\/p&gt;\n\" data-image-caption=\"&lt;p&gt;2019-01-31 Ve\u013ek\u00e1 Fatra, AMS Kr\u00ed\u017ena, dolovanie stanice&lt;\/p&gt;\n\" data-large-file=\"https:\/\/blog.laviny.sk\/wp-content\/uploads\/2019\/02\/2019-01-30_vf_ams_krizna_dolujeme_stanicu.jpg\" \/><\/a>\n\t\t\t<\/dt>\n\t\t\t\t<dd class='wp-caption-text gallery-caption' id='gallery-1-6267'>\n\t\t\t\t2019-01-31 Ve\u013ek\u00e1 Fatra, AMS Kr\u00ed\u017ena, dolovanie stanice\n\t\t\t\t<\/dd><\/dl><dl class='gallery-item'>\n\t\t\t<dt class='gallery-icon landscape'>\n\t\t\t\t<a href='https:\/\/blog.laviny.sk\/?attachment_id=6268#main'><img loading=\"lazy\" decoding=\"async\" width=\"150\" height=\"150\" src=\"https:\/\/blog.laviny.sk\/wp-content\/uploads\/2019\/02\/2019-01-30_vf_tvrda_praca_banikov_z_slp-150x150.jpg\" class=\"attachment-thumbnail size-thumbnail\" alt=\"\" aria-describedby=\"gallery-1-6268\" srcset=\"https:\/\/blog.laviny.sk\/wp-content\/uploads\/2019\/02\/2019-01-30_vf_tvrda_praca_banikov_z_slp-150x150.jpg 150w, https:\/\/blog.laviny.sk\/wp-content\/uploads\/2019\/02\/2019-01-30_vf_tvrda_praca_banikov_z_slp-50x50.jpg 50w\" sizes=\"auto, (max-width: 150px) 100vw, 150px\" data-attachment-id=\"6268\" data-permalink=\"https:\/\/blog.laviny.sk\/?attachment_id=6268#main\" data-orig-file=\"https:\/\/blog.laviny.sk\/wp-content\/uploads\/2019\/02\/2019-01-30_vf_tvrda_praca_banikov_z_slp.jpg\" data-orig-size=\"1000,750\" data-comments-opened=\"1\" data-image-meta=\"{&quot;aperture&quot;:&quot;2.8&quot;,&quot;credit&quot;:&quot;&quot;,&quot;camera&quot;:&quot;COOLPIX W300&quot;,&quot;caption&quot;:&quot;&quot;,&quot;created_timestamp&quot;:&quot;1548853673&quot;,&quot;copyright&quot;:&quot;&quot;,&quot;focal_length&quot;:&quot;4.3&quot;,&quot;iso&quot;:&quot;125&quot;,&quot;shutter_speed&quot;:&quot;0.001&quot;,&quot;title&quot;:&quot;&quot;,&quot;orientation&quot;:&quot;0&quot;}\" data-image-title=\"2019-01-30_vf_tvrda_praca_banikov_z_slp\" data-image-description=\"&lt;p&gt;2019-01-31 Ve\u013ek\u00e1 Fatra, tvrd\u00e1 pr\u00e1ca ban\u00edkov z SLP si \u010dasto vy\u017eiada svoju da\u0148&lt;\/p&gt;\n\" data-image-caption=\"&lt;p&gt;2019-01-31 Ve\u013ek\u00e1 Fatra, tvrd\u00e1 pr\u00e1ca ban\u00edkov z SLP si \u010dasto vy\u017eiada svoju da\u0148&lt;\/p&gt;\n\" data-large-file=\"https:\/\/blog.laviny.sk\/wp-content\/uploads\/2019\/02\/2019-01-30_vf_tvrda_praca_banikov_z_slp.jpg\" \/><\/a>\n\t\t\t<\/dt>\n\t\t\t\t<dd class='wp-caption-text gallery-caption' id='gallery-1-6268'>\n\t\t\t\t2019-01-31 Ve\u013ek\u00e1 Fatra, tvrd\u00e1 pr\u00e1ca ban\u00edkov z SLP si \u010dasto vy\u017eiada svoju da\u0148\n\t\t\t\t<\/dd><\/dl><br style=\"clear: both\" \/><dl class='gallery-item'>\n\t\t\t<dt class='gallery-icon landscape'>\n\t\t\t\t<a href='https:\/\/blog.laviny.sk\/?attachment_id=6269#main'><img loading=\"lazy\" decoding=\"async\" width=\"150\" height=\"150\" src=\"https:\/\/blog.laviny.sk\/wp-content\/uploads\/2019\/02\/2019-01-31_nt_kliesnova_z_rovnej_hole-150x150.jpg\" class=\"attachment-thumbnail size-thumbnail\" alt=\"\" aria-describedby=\"gallery-1-6269\" srcset=\"https:\/\/blog.laviny.sk\/wp-content\/uploads\/2019\/02\/2019-01-31_nt_kliesnova_z_rovnej_hole-150x150.jpg 150w, https:\/\/blog.laviny.sk\/wp-content\/uploads\/2019\/02\/2019-01-31_nt_kliesnova_z_rovnej_hole-50x50.jpg 50w\" sizes=\"auto, (max-width: 150px) 100vw, 150px\" data-attachment-id=\"6269\" data-permalink=\"https:\/\/blog.laviny.sk\/?attachment_id=6269#main\" data-orig-file=\"https:\/\/blog.laviny.sk\/wp-content\/uploads\/2019\/02\/2019-01-31_nt_kliesnova_z_rovnej_hole.jpg\" data-orig-size=\"1000,562\" data-comments-opened=\"1\" data-image-meta=\"{&quot;aperture&quot;:&quot;0&quot;,&quot;credit&quot;:&quot;&quot;,&quot;camera&quot;:&quot;&quot;,&quot;caption&quot;:&quot;&quot;,&quot;created_timestamp&quot;:&quot;0&quot;,&quot;copyright&quot;:&quot;&quot;,&quot;focal_length&quot;:&quot;0&quot;,&quot;iso&quot;:&quot;0&quot;,&quot;shutter_speed&quot;:&quot;0&quot;,&quot;title&quot;:&quot;&quot;,&quot;orientation&quot;:&quot;0&quot;}\" data-image-title=\"2019-01-31_nt_kliesnova_z_rovnej_hole\" data-image-description=\"&lt;p&gt;2019-01-31 Nizke Tatry, Klies\u0148ov\u00e1 z Rovnej hole pon\u00faka skvel\u00fa ly\u017eova\u010dku&lt;\/p&gt;\n\" data-image-caption=\"&lt;p&gt;2019-01-31 Nizke Tatry, Klies\u0148ov\u00e1 z Rovnej hole pon\u00faka skvel\u00fa ly\u017eova\u010dku&lt;\/p&gt;\n\" data-large-file=\"https:\/\/blog.laviny.sk\/wp-content\/uploads\/2019\/02\/2019-01-31_nt_kliesnova_z_rovnej_hole.jpg\" \/><\/a>\n\t\t\t<\/dt>\n\t\t\t\t<dd class='wp-caption-text gallery-caption' id='gallery-1-6269'>\n\t\t\t\t2019-01-31 Nizke Tatry, Klies\u0148ov\u00e1 z Rovnej hole pon\u00faka skvel\u00fa ly\u017eova\u010dku\n\t\t\t\t<\/dd><\/dl><dl class='gallery-item'>\n\t\t\t<dt class='gallery-icon landscape'>\n\t\t\t\t<a href='https:\/\/blog.laviny.sk\/?attachment_id=6270#main'><img loading=\"lazy\" decoding=\"async\" width=\"150\" height=\"150\" src=\"https:\/\/blog.laviny.sk\/wp-content\/uploads\/2019\/02\/2019-01-31_vt_slavkovky_stit-150x150.jpg\" class=\"attachment-thumbnail size-thumbnail\" alt=\"\" aria-describedby=\"gallery-1-6270\" srcset=\"https:\/\/blog.laviny.sk\/wp-content\/uploads\/2019\/02\/2019-01-31_vt_slavkovky_stit-150x150.jpg 150w, https:\/\/blog.laviny.sk\/wp-content\/uploads\/2019\/02\/2019-01-31_vt_slavkovky_stit-50x50.jpg 50w\" sizes=\"auto, (max-width: 150px) 100vw, 150px\" data-attachment-id=\"6270\" data-permalink=\"https:\/\/blog.laviny.sk\/?attachment_id=6270#main\" data-orig-file=\"https:\/\/blog.laviny.sk\/wp-content\/uploads\/2019\/02\/2019-01-31_vt_slavkovky_stit.jpg\" data-orig-size=\"1000,750\" data-comments-opened=\"1\" data-image-meta=\"{&quot;aperture&quot;:&quot;8.7&quot;,&quot;credit&quot;:&quot;&quot;,&quot;camera&quot;:&quot;COOLPIX W300&quot;,&quot;caption&quot;:&quot;&quot;,&quot;created_timestamp&quot;:&quot;1548928338&quot;,&quot;copyright&quot;:&quot;&quot;,&quot;focal_length&quot;:&quot;9.2&quot;,&quot;iso&quot;:&quot;125&quot;,&quot;shutter_speed&quot;:&quot;0.0025&quot;,&quot;title&quot;:&quot;&quot;,&quot;orientation&quot;:&quot;0&quot;}\" data-image-title=\"2019-01-31_vt_slavkovky_stit\" data-image-description=\"&lt;p&gt;2019-01-31 Vysok\u00e9 Tatry, Slavkovsk\u00fd \u0161t\u00edt&lt;\/p&gt;\n\" data-image-caption=\"&lt;p&gt;2019-01-31 Vysok\u00e9 Tatry, Slavkovsk\u00fd \u0161t\u00edt&lt;\/p&gt;\n\" data-large-file=\"https:\/\/blog.laviny.sk\/wp-content\/uploads\/2019\/02\/2019-01-31_vt_slavkovky_stit.jpg\" \/><\/a>\n\t\t\t<\/dt>\n\t\t\t\t<dd class='wp-caption-text gallery-caption' id='gallery-1-6270'>\n\t\t\t\t2019-01-31 Vysok\u00e9 Tatry, Slavkovsk\u00fd \u0161t\u00edt\n\t\t\t\t<\/dd><\/dl><dl class='gallery-item'>\n\t\t\t<dt class='gallery-icon landscape'>\n\t\t\t\t<a href='https:\/\/blog.laviny.sk\/?attachment_id=6271#main'><img loading=\"lazy\" decoding=\"async\" width=\"150\" height=\"150\" src=\"https:\/\/blog.laviny.sk\/wp-content\/uploads\/2019\/02\/2019-01-31_vt_vareskovy_hreben_gerlach-150x150.jpg\" class=\"attachment-thumbnail size-thumbnail\" alt=\"\" aria-describedby=\"gallery-1-6271\" srcset=\"https:\/\/blog.laviny.sk\/wp-content\/uploads\/2019\/02\/2019-01-31_vt_vareskovy_hreben_gerlach-150x150.jpg 150w, https:\/\/blog.laviny.sk\/wp-content\/uploads\/2019\/02\/2019-01-31_vt_vareskovy_hreben_gerlach-50x50.jpg 50w\" sizes=\"auto, (max-width: 150px) 100vw, 150px\" data-attachment-id=\"6271\" data-permalink=\"https:\/\/blog.laviny.sk\/?attachment_id=6271#main\" data-orig-file=\"https:\/\/blog.laviny.sk\/wp-content\/uploads\/2019\/02\/2019-01-31_vt_vareskovy_hreben_gerlach.jpg\" data-orig-size=\"1000,750\" data-comments-opened=\"1\" data-image-meta=\"{&quot;aperture&quot;:&quot;8.7&quot;,&quot;credit&quot;:&quot;&quot;,&quot;camera&quot;:&quot;COOLPIX W300&quot;,&quot;caption&quot;:&quot;&quot;,&quot;created_timestamp&quot;:&quot;1548928339&quot;,&quot;copyright&quot;:&quot;&quot;,&quot;focal_length&quot;:&quot;9.2&quot;,&quot;iso&quot;:&quot;125&quot;,&quot;shutter_speed&quot;:&quot;0.0025&quot;,&quot;title&quot;:&quot;&quot;,&quot;orientation&quot;:&quot;0&quot;}\" data-image-title=\"2019-01-31_vt_vareskovy_hreben_gerlach\" data-image-description=\"&lt;p&gt;2019-01-31 Vysok\u00e9 Tatry, Vare\u0161kov hrebe\u0148, v pozad\u00ed Gerlach&lt;\/p&gt;\n\" data-image-caption=\"&lt;p&gt;2019-01-31 Vysok\u00e9 Tatry, Vare\u0161kov hrebe\u0148, v pozad\u00ed Gerlach&lt;\/p&gt;\n\" data-large-file=\"https:\/\/blog.laviny.sk\/wp-content\/uploads\/2019\/02\/2019-01-31_vt_vareskovy_hreben_gerlach.jpg\" \/><\/a>\n\t\t\t<\/dt>\n\t\t\t\t<dd class='wp-caption-text gallery-caption' id='gallery-1-6271'>\n\t\t\t\t2019-01-31 Vysok\u00e9 Tatry, Vare\u0161kov hrebe\u0148, v pozad\u00ed Gerlach\n\t\t\t\t<\/dd><\/dl><br style=\"clear: both\" \/><dl class='gallery-item'>\n\t\t\t<dt class='gallery-icon landscape'>\n\t\t\t\t<a href='https:\/\/blog.laviny.sk\/?attachment_id=6272#main'><img loading=\"lazy\" decoding=\"async\" width=\"150\" height=\"150\" src=\"https:\/\/blog.laviny.sk\/wp-content\/uploads\/2019\/02\/2019-01-31-vt_kezmarsky_stit-150x150.jpg\" class=\"attachment-thumbnail size-thumbnail\" alt=\"\" aria-describedby=\"gallery-1-6272\" srcset=\"https:\/\/blog.laviny.sk\/wp-content\/uploads\/2019\/02\/2019-01-31-vt_kezmarsky_stit-150x150.jpg 150w, https:\/\/blog.laviny.sk\/wp-content\/uploads\/2019\/02\/2019-01-31-vt_kezmarsky_stit-50x50.jpg 50w\" sizes=\"auto, (max-width: 150px) 100vw, 150px\" data-attachment-id=\"6272\" data-permalink=\"https:\/\/blog.laviny.sk\/?attachment_id=6272#main\" data-orig-file=\"https:\/\/blog.laviny.sk\/wp-content\/uploads\/2019\/02\/2019-01-31-vt_kezmarsky_stit.jpg\" data-orig-size=\"1000,750\" data-comments-opened=\"1\" data-image-meta=\"{&quot;aperture&quot;:&quot;8.2&quot;,&quot;credit&quot;:&quot;&quot;,&quot;camera&quot;:&quot;COOLPIX W300&quot;,&quot;caption&quot;:&quot;&quot;,&quot;created_timestamp&quot;:&quot;1548929675&quot;,&quot;copyright&quot;:&quot;&quot;,&quot;focal_length&quot;:&quot;4.3&quot;,&quot;iso&quot;:&quot;125&quot;,&quot;shutter_speed&quot;:&quot;0.0015625&quot;,&quot;title&quot;:&quot;&quot;,&quot;orientation&quot;:&quot;0&quot;}\" data-image-title=\"2019-01-31-vt_kezmarsky_stit\" data-image-description=\"&lt;p&gt;2019-01-31 Vysok\u00e9 Tatry, Ke\u017emarsk\u00fd \u0161t\u00edt z juhu&lt;\/p&gt;\n\" data-image-caption=\"&lt;p&gt;2019-01-31 Vysok\u00e9 Tatry, Ke\u017emarsk\u00fd \u0161t\u00edt z juhu&lt;\/p&gt;\n\" data-large-file=\"https:\/\/blog.laviny.sk\/wp-content\/uploads\/2019\/02\/2019-01-31-vt_kezmarsky_stit.jpg\" \/><\/a>\n\t\t\t<\/dt>\n\t\t\t\t<dd class='wp-caption-text gallery-caption' id='gallery-1-6272'>\n\t\t\t\t2019-01-31 Vysok\u00e9 Tatry, Ke\u017emarsk\u00fd \u0161t\u00edt z juhu\n\t\t\t\t<\/dd><\/dl><dl class='gallery-item'>\n\t\t\t<dt class='gallery-icon landscape'>\n\t\t\t\t<a href='https:\/\/blog.laviny.sk\/?attachment_id=6273#main'><img loading=\"lazy\" decoding=\"async\" width=\"150\" height=\"150\" src=\"https:\/\/blog.laviny.sk\/wp-content\/uploads\/2019\/02\/2019-01-31-vt-kartarik-150x150.jpg\" class=\"attachment-thumbnail size-thumbnail\" alt=\"\" aria-describedby=\"gallery-1-6273\" srcset=\"https:\/\/blog.laviny.sk\/wp-content\/uploads\/2019\/02\/2019-01-31-vt-kartarik-150x150.jpg 150w, https:\/\/blog.laviny.sk\/wp-content\/uploads\/2019\/02\/2019-01-31-vt-kartarik-50x50.jpg 50w\" sizes=\"auto, (max-width: 150px) 100vw, 150px\" data-attachment-id=\"6273\" data-permalink=\"https:\/\/blog.laviny.sk\/?attachment_id=6273#main\" data-orig-file=\"https:\/\/blog.laviny.sk\/wp-content\/uploads\/2019\/02\/2019-01-31-vt-kartarik.jpg\" data-orig-size=\"1000,750\" data-comments-opened=\"1\" data-image-meta=\"{&quot;aperture&quot;:&quot;8.2&quot;,&quot;credit&quot;:&quot;&quot;,&quot;camera&quot;:&quot;COOLPIX W300&quot;,&quot;caption&quot;:&quot;&quot;,&quot;created_timestamp&quot;:&quot;1548929559&quot;,&quot;copyright&quot;:&quot;&quot;,&quot;focal_length&quot;:&quot;4.3&quot;,&quot;iso&quot;:&quot;125&quot;,&quot;shutter_speed&quot;:&quot;0.0025&quot;,&quot;title&quot;:&quot;&quot;,&quot;orientation&quot;:&quot;0&quot;}\" data-image-title=\"2019-01-31-vt-kartarik\" data-image-description=\"&lt;p&gt;2019-01-31 Vysok\u00e9 Tatry, Kart\u00e1rik&lt;\/p&gt;\n\" data-image-caption=\"&lt;p&gt;2019-01-31 Vysok\u00e9 Tatry, Kart\u00e1rik&lt;\/p&gt;\n\" data-large-file=\"https:\/\/blog.laviny.sk\/wp-content\/uploads\/2019\/02\/2019-01-31-vt-kartarik.jpg\" \/><\/a>\n\t\t\t<\/dt>\n\t\t\t\t<dd class='wp-caption-text gallery-caption' id='gallery-1-6273'>\n\t\t\t\t2019-01-31 Vysok\u00e9 Tatry, Kart\u00e1rik\n\t\t\t\t<\/dd><\/dl>\n\t\t\t<br style='clear: both' \/>\n\t\t<\/div>\n\n","protected":false},"excerpt":{"rendered":"<p>Po\u010das minul\u00e9ho t\u00fd\u017ed\u0148a sa n\u00e1m nad horsk\u00fdmi oblas\u0165ami Slovenska uvelebila tlakov\u00e1 v\u00fd\u0161, \u010do prinieslo jasn\u00e9 a\u00a0ve\u013emi chladn\u00e9 po\u010dasie. Po\u010dasie ako z\u00a0poh\u013eadnice prialo zimnej turistike, rastu \u013eadop\u00e1dov, omrzlin\u00e1m na hn\u00e1toch, no a\u00a0aj v\u00a0snehovej pokr\u00fdvke sa udiali veci typick\u00e9 pre ve\u013emi n\u00edzke teploty. Za\u010dala prebieha\u0165 kon\u0161trukt\u00edvna metamorf\u00f3za snehu a\u00a0t\u00fdm p\u00e1dom snehov\u00e9 zrn\u00e1 narastali, tvoril sa hranatozrnn\u00fd sneh,&hellip;<\/p>\n","protected":false},"author":1,"featured_media":6267,"comment_status":"open","ping_status":"open","sticky":false,"template":"","format":"standard","meta":{"jetpack_post_was_ever_published":false,"_jetpack_newsletter_access":"","_jetpack_dont_email_post_to_subs":false,"_jetpack_newsletter_tier_id":0,"_jetpack_memberships_contains_paywalled_content":false,"_jetpack_memberships_contains_paid_content":false,"footnotes":"","jetpack_publicize_message":"","jetpack_publicize_feature_enabled":true,"jetpack_social_post_already_shared":true,"jetpack_social_options":{"image_generator_settings":{"template":"highway","default_image_id":0,"font":"","enabled":false},"version":2}},"categories":[4],"tags":[256,274,124,120,290,289,167,189,185,192,197],"class_list":["post-6263","post","type-post","status-publish","format-standard","has-post-thumbnail","hentry","category-pocasie-sneh-a-laviny","tag-doskova-lavina","tag-horska-zachranna-sluzba","tag-pocasie-a-laviny","tag-podmienky","tag-podmiewn","tag-slp","tag-stredisko-lavinovej-prevencie","tag-velka-fatra","tag-vichrica","tag-vietor","tag-vysoke-tatry"],"jetpack_publicize_connections":[],"jetpack_featured_media_url":"https:\/\/blog.laviny.sk\/wp-content\/uploads\/2019\/02\/2019-01-30_vf_ams_krizna_dolujeme_stanicu.jpg","jetpack_sharing_enabled":true,"jetpack_shortlink":"https:\/\/wp.me\/p8DxWh-1D1","jetpack-related-posts":[],"_links":{"self":[{"href":"https:\/\/blog.laviny.sk\/index.php?rest_route=\/wp\/v2\/posts\/6263","targetHints":{"allow":["GET"]}}],"collection":[{"href":"https:\/\/blog.laviny.sk\/index.php?rest_route=\/wp\/v2\/posts"}],"about":[{"href":"https:\/\/blog.laviny.sk\/index.php?rest_route=\/wp\/v2\/types\/post"}],"author":[{"embeddable":true,"href":"https:\/\/blog.laviny.sk\/index.php?rest_route=\/wp\/v2\/users\/1"}],"replies":[{"embeddable":true,"href":"https:\/\/blog.laviny.sk\/index.php?rest_route=%2Fwp%2Fv2%2Fcomments&post=6263"}],"version-history":[{"count":5,"href":"https:\/\/blog.laviny.sk\/index.php?rest_route=\/wp\/v2\/posts\/6263\/revisions"}],"predecessor-version":[{"id":6278,"href":"https:\/\/blog.laviny.sk\/index.php?rest_route=\/wp\/v2\/posts\/6263\/revisions\/6278"}],"wp:featuredmedia":[{"embeddable":true,"href":"https:\/\/blog.laviny.sk\/index.php?rest_route=\/wp\/v2\/media\/6267"}],"wp:attachment":[{"href":"https:\/\/blog.laviny.sk\/index.php?rest_route=%2Fwp%2Fv2%2Fmedia&parent=6263"}],"wp:term":[{"taxonomy":"category","embeddable":true,"href":"https:\/\/blog.laviny.sk\/index.php?rest_route=%2Fwp%2Fv2%2Fcategories&post=6263"},{"taxonomy":"post_tag","embeddable":true,"href":"https:\/\/blog.laviny.sk\/index.php?rest_route=%2Fwp%2Fv2%2Ftags&post=6263"}],"curies":[{"name":"wp","href":"https:\/\/api.w.org\/{rel}","templated":true}]}}