{"id":5731,"date":"2018-02-16T11:17:43","date_gmt":"2018-02-16T10:17:43","guid":{"rendered":"https:\/\/blog.laviny.sk\/?p=5731"},"modified":"2018-02-16T21:42:03","modified_gmt":"2018-02-16T20:42:03","slug":"pocasie-sneh-a-laviny-v-polovici-februara-10-16-2-2018","status":"publish","type":"post","link":"https:\/\/blog.laviny.sk\/?p=5731","title":{"rendered":"Po\u010dasie, sneh a lav\u00edny v polovici febru\u00e1ra (10. &#8211; 16.2.2018)"},"content":{"rendered":"<p>V uplynulom t\u00fd\u017edni prevl\u00e1dalo v slovensk\u00fdch hor\u00e1ch prav\u00e9 zimn\u00e9 po\u010dasie s n\u00edzkymi\u00a0teplotami, \u010do vidno aj grafe teploty zo stanice \u010eurkov\u00e1 v N\u00edzkych Tatr\u00e1ch. V noci \u010dasto klesala teplota pod -10 \u00b0C. Bolo v\u00e4\u010d\u0161inou hmlisto, zamra\u010den\u00e9 so sne\u017een\u00edm. Snehu prib\u00fadalo hlavne vo v\u00fdchodnej \u010dasti Vysok\u00fdch Tatier a\u00a0v Belianskych Tatr\u00e1ch. Sneh padal rovnomerne bez vetra. Napadlo ho do 40 cm. Tak\u017ee tu boli v\u00fdborn\u00e9, relat\u00edvne bezpe\u010dn\u00e9 podmienky na ly\u017eova\u010dku v pra\u0161ane. V ostatn\u00fdch pohoriach bolo nov\u00e9ho prachov\u00e9ho snehu podstatne menej. Celkovo je vo v\u00fd\u0161kach nad 1200 m n.m. snehu celkom dos\u0165. Vo vysok\u00fdch poloh\u00e1ch Tatier a\u017e nad 2 m.<\/p>\n<p><a href=\"https:\/\/blog.laviny.sk\/wp-content\/uploads\/2018\/02\/graf.png\"><img loading=\"lazy\" decoding=\"async\" data-attachment-id=\"5732\" data-permalink=\"https:\/\/blog.laviny.sk\/?attachment_id=5732#main\" data-orig-file=\"https:\/\/blog.laviny.sk\/wp-content\/uploads\/2018\/02\/graf.png\" data-orig-size=\"877,515\" data-comments-opened=\"1\" data-image-meta=\"{&quot;aperture&quot;:&quot;0&quot;,&quot;credit&quot;:&quot;&quot;,&quot;camera&quot;:&quot;&quot;,&quot;caption&quot;:&quot;&quot;,&quot;created_timestamp&quot;:&quot;0&quot;,&quot;copyright&quot;:&quot;&quot;,&quot;focal_length&quot;:&quot;0&quot;,&quot;iso&quot;:&quot;0&quot;,&quot;shutter_speed&quot;:&quot;0&quot;,&quot;title&quot;:&quot;&quot;,&quot;orientation&quot;:&quot;0&quot;}\" data-image-title=\"graf\" data-image-description=\"\" data-image-caption=\"\" data-large-file=\"https:\/\/blog.laviny.sk\/wp-content\/uploads\/2018\/02\/graf.png\" class=\"aligncenter size-full wp-image-5732\" src=\"https:\/\/blog.laviny.sk\/wp-content\/uploads\/2018\/02\/graf.png\" alt=\"\" width=\"877\" height=\"515\" srcset=\"https:\/\/blog.laviny.sk\/wp-content\/uploads\/2018\/02\/graf.png 877w, https:\/\/blog.laviny.sk\/wp-content\/uploads\/2018\/02\/graf-300x176.png 300w, https:\/\/blog.laviny.sk\/wp-content\/uploads\/2018\/02\/graf-768x451.png 768w\" sizes=\"auto, (max-width: 877px) 100vw, 877px\" \/><\/a><\/p>\n<p>Snehov\u00e1 pokr\u00fdvka zo sne\u017eenia z\u00a0minul\u00e9ho t\u00fd\u017ed\u0148a bola uf\u00fakan\u00e1 do snehov\u00fdch dosiek a vank\u00fa\u0161ov, hlavne na severn\u00fdch stran\u00e1ch pohor\u00ed.Teploty dlhodobo pod bodom mrazu umo\u017enili vytvorenie nebezpe\u010dn\u00fdch vrstiev hranatozrnn\u00e9ho snehu. Nebezpe\u010dn\u00fdch svahov v\u0161ak nebolo ve\u013ea preto bola po\u010das cel\u00e9ho t\u00fd\u017ed\u0148a lav\u00ednov\u00e1 2. (mierne nebezpe\u010denstvo) s t\u00fdm \u017ee bolo koncentrovan\u00e9\u00a0v spom\u00ednan\u00fdch severn\u00fdch orient\u00e1ci\u00e1ch. Samovo\u013en\u00e9 lav\u00edny men\u0161\u00edch rozmerov sa objavili pri slne\u010dnom po\u010das\u00ed 11.2. napr. z Lomnick\u00e9ho hrebe\u0148a a potom v\u010dera tie\u017e vo Vysok\u00fdch a Z\u00e1padn\u00fdch Tatr\u00e1ch. Vo Vysok\u00fdch Tatr\u00e1ch jedna tak\u00e1to lav\u00edna zasiahla horolezcov po\u010das\u00a0lezenia \u013eadop\u00e1du naz\u00fdvan\u00e9ho \u201eUho\u013en\u00e9 pr\u00e1zdniny\u201c. Potvrdilo sa \u017ee prv\u00fd slne\u010dn\u00fd de\u0148 po zlom po\u010das\u00ed b\u00fdva zradn\u00fd. V N\u00edzkych Tatr\u00e1ch sa odohrala bohu\u017eia\u013e smrte\u013en\u00e1 nehoda na Ve\u013ekom G\u00e1pli ktor\u00e9 podrobnej\u0161ie popisujeme v \u010fal\u0161om na\u0161om blogu. Dnes sa situ\u00e1cia na hor\u00e1ch zhor\u0161ila a lav\u00ednov\u00e9 nebezpe\u010denstvo st\u00faplo na tret\u00ed stupe\u0148 (zv\u00fd\u0161en\u00e9).<\/p>\n<p>Progn\u00f3za na v\u00edkend.<\/p>\n<p>Dnes (piatok 16.2.) sne\u017e\u00ed a so sne\u017een\u00edm je tendencia lav\u00ednov\u00e9ho nebezpe\u010denstva st\u00fapaj\u00faca. Snehu by nemalo napadn\u00fa\u0165 do 10 cm.\u00a0 V sobotu by malo sne\u017eenie usta\u0165 ale v noci zo soboty na nede\u013eu bude sne\u017ei\u0165 znovu. Teploty bud\u00fa v\u00e4\u010d\u0161inou pod nulou. Iba na podhor\u00ed m\u00f4\u017ee teplota vyst\u00fapi\u0165 nad 0\u00b0C.<\/p>\n<p>&nbsp;<\/p>\n<div id=\"attachment_5739\" style=\"width: 431px\" class=\"wp-caption aligncenter\"><a href=\"https:\/\/blog.laviny.sk\/wp-content\/uploads\/2018\/02\/giphy.gif\"><img loading=\"lazy\" decoding=\"async\" aria-describedby=\"caption-attachment-5739\" data-attachment-id=\"5739\" data-permalink=\"https:\/\/blog.laviny.sk\/?attachment_id=5739#main\" data-orig-file=\"https:\/\/blog.laviny.sk\/wp-content\/uploads\/2018\/02\/giphy.gif\" data-orig-size=\"480,280\" data-comments-opened=\"1\" data-image-meta=\"{&quot;aperture&quot;:&quot;0&quot;,&quot;credit&quot;:&quot;&quot;,&quot;camera&quot;:&quot;&quot;,&quot;caption&quot;:&quot;&quot;,&quot;created_timestamp&quot;:&quot;0&quot;,&quot;copyright&quot;:&quot;&quot;,&quot;focal_length&quot;:&quot;0&quot;,&quot;iso&quot;:&quot;0&quot;,&quot;shutter_speed&quot;:&quot;0&quot;,&quot;title&quot;:&quot;&quot;,&quot;orientation&quot;:&quot;0&quot;}\" data-image-title=\"giphy\" data-image-description=\"\" data-image-caption=\"\" data-large-file=\"https:\/\/blog.laviny.sk\/wp-content\/uploads\/2018\/02\/giphy.gif\" class=\"wp-image-5739 \" src=\"https:\/\/blog.laviny.sk\/wp-content\/uploads\/2018\/02\/giphy.gif\" alt=\"\" width=\"425\" height=\"253\" \/><\/a><p id=\"caption-attachment-5739\" class=\"wp-caption-text\">2018-02-11 Vysok\u00e9 Tatry &#8211; Lav\u00edna z Lomnick\u00e9ho hrebe\u0148a autor: Igor Marhevsk\u00fd<\/p><\/div>\n\n\t\t<style type=\"text\/css\">\n\t\t\t#gallery-1 {\n\t\t\t\tmargin: auto;\n\t\t\t}\n\t\t\t#gallery-1 .gallery-item {\n\t\t\t\tfloat: left;\n\t\t\t\tmargin-top: 10px;\n\t\t\t\ttext-align: center;\n\t\t\t\twidth: 33%;\n\t\t\t}\n\t\t\t#gallery-1 img {\n\t\t\t\tborder: 2px solid #cfcfcf;\n\t\t\t}\n\t\t\t#gallery-1 .gallery-caption {\n\t\t\t\tmargin-left: 0;\n\t\t\t}\n\t\t\t\/* see gallery_shortcode() in wp-includes\/media.php *\/\n\t\t<\/style>\n\t\t<div data-carousel-extra='{&quot;blog_id&quot;:1,&quot;permalink&quot;:&quot;https:\/\/blog.laviny.sk\/?p=5731&quot;}' id='gallery-1' class='gallery galleryid-5731 gallery-columns-3 gallery-size-thumbnail'><dl class='gallery-item'>\n\t\t\t<dt class='gallery-icon landscape'>\n\t\t\t\t<a href='https:\/\/blog.laviny.sk\/?attachment_id=5749#main'><img loading=\"lazy\" decoding=\"async\" width=\"150\" height=\"150\" src=\"https:\/\/blog.laviny.sk\/wp-content\/uploads\/2018\/02\/Image4-3-150x150.jpg\" class=\"attachment-thumbnail size-thumbnail\" alt=\"\" aria-describedby=\"gallery-1-5749\" srcset=\"https:\/\/blog.laviny.sk\/wp-content\/uploads\/2018\/02\/Image4-3-150x150.jpg 150w, https:\/\/blog.laviny.sk\/wp-content\/uploads\/2018\/02\/Image4-3-50x50.jpg 50w\" sizes=\"auto, (max-width: 150px) 100vw, 150px\" data-attachment-id=\"5749\" data-permalink=\"https:\/\/blog.laviny.sk\/?attachment_id=5749#main\" data-orig-file=\"https:\/\/blog.laviny.sk\/wp-content\/uploads\/2018\/02\/Image4-3.jpg\" data-orig-size=\"1000,750\" data-comments-opened=\"1\" data-image-meta=\"{&quot;aperture&quot;:&quot;2.2&quot;,&quot;credit&quot;:&quot;&quot;,&quot;camera&quot;:&quot;iPhone 6&quot;,&quot;caption&quot;:&quot;&quot;,&quot;created_timestamp&quot;:&quot;1518345386&quot;,&quot;copyright&quot;:&quot;&quot;,&quot;focal_length&quot;:&quot;4.15&quot;,&quot;iso&quot;:&quot;32&quot;,&quot;shutter_speed&quot;:&quot;0.00017699115044248&quot;,&quot;title&quot;:&quot;&quot;,&quot;orientation&quot;:&quot;1&quot;}\" data-image-title=\"Image4\" data-image-description=\"\" data-image-caption=\"&lt;p&gt;2018-02-11 Belianske Tatry pod Havranom&lt;\/p&gt;\n\" data-large-file=\"https:\/\/blog.laviny.sk\/wp-content\/uploads\/2018\/02\/Image4-3.jpg\" \/><\/a>\n\t\t\t<\/dt>\n\t\t\t\t<dd class='wp-caption-text gallery-caption' id='gallery-1-5749'>\n\t\t\t\t2018-02-11 Belianske Tatry pod Havranom\n\t\t\t\t<\/dd><\/dl><dl class='gallery-item'>\n\t\t\t<dt class='gallery-icon landscape'>\n\t\t\t\t<a href='https:\/\/blog.laviny.sk\/?attachment_id=5746#main'><img loading=\"lazy\" decoding=\"async\" width=\"150\" height=\"150\" src=\"https:\/\/blog.laviny.sk\/wp-content\/uploads\/2018\/02\/Image1-3-150x150.jpg\" class=\"attachment-thumbnail size-thumbnail\" alt=\"\" aria-describedby=\"gallery-1-5746\" srcset=\"https:\/\/blog.laviny.sk\/wp-content\/uploads\/2018\/02\/Image1-3-150x150.jpg 150w, https:\/\/blog.laviny.sk\/wp-content\/uploads\/2018\/02\/Image1-3-50x50.jpg 50w\" sizes=\"auto, (max-width: 150px) 100vw, 150px\" data-attachment-id=\"5746\" data-permalink=\"https:\/\/blog.laviny.sk\/?attachment_id=5746#main\" data-orig-file=\"https:\/\/blog.laviny.sk\/wp-content\/uploads\/2018\/02\/Image1-3.jpg\" data-orig-size=\"1000,750\" data-comments-opened=\"1\" data-image-meta=\"{&quot;aperture&quot;:&quot;1.9&quot;,&quot;credit&quot;:&quot;&quot;,&quot;camera&quot;:&quot;SM-A310F&quot;,&quot;caption&quot;:&quot;&quot;,&quot;created_timestamp&quot;:&quot;1518691523&quot;,&quot;copyright&quot;:&quot;&quot;,&quot;focal_length&quot;:&quot;3.7&quot;,&quot;iso&quot;:&quot;40&quot;,&quot;shutter_speed&quot;:&quot;0.00014100394811055&quot;,&quot;title&quot;:&quot;&quot;,&quot;orientation&quot;:&quot;1&quot;}\" data-image-title=\"Image1\" data-image-description=\"\" data-image-caption=\"&lt;p&gt;2018-02-15 na hrebeni Ve\u013ekej Kamenistej&lt;\/p&gt;\n\" data-large-file=\"https:\/\/blog.laviny.sk\/wp-content\/uploads\/2018\/02\/Image1-3.jpg\" \/><\/a>\n\t\t\t<\/dt>\n\t\t\t\t<dd class='wp-caption-text gallery-caption' id='gallery-1-5746'>\n\t\t\t\t2018-02-15 na hrebeni Ve\u013ekej Kamenistej\n\t\t\t\t<\/dd><\/dl><dl class='gallery-item'>\n\t\t\t<dt class='gallery-icon landscape'>\n\t\t\t\t<a href='https:\/\/blog.laviny.sk\/?attachment_id=5747#main'><img loading=\"lazy\" decoding=\"async\" width=\"150\" height=\"150\" src=\"https:\/\/blog.laviny.sk\/wp-content\/uploads\/2018\/02\/Image2-3-150x150.jpg\" class=\"attachment-thumbnail size-thumbnail\" alt=\"\" aria-describedby=\"gallery-1-5747\" srcset=\"https:\/\/blog.laviny.sk\/wp-content\/uploads\/2018\/02\/Image2-3-150x150.jpg 150w, https:\/\/blog.laviny.sk\/wp-content\/uploads\/2018\/02\/Image2-3-50x50.jpg 50w\" sizes=\"auto, (max-width: 150px) 100vw, 150px\" data-attachment-id=\"5747\" data-permalink=\"https:\/\/blog.laviny.sk\/?attachment_id=5747#main\" data-orig-file=\"https:\/\/blog.laviny.sk\/wp-content\/uploads\/2018\/02\/Image2-3.jpg\" data-orig-size=\"1000,750\" data-comments-opened=\"1\" data-image-meta=\"{&quot;aperture&quot;:&quot;1.9&quot;,&quot;credit&quot;:&quot;&quot;,&quot;camera&quot;:&quot;SM-A310F&quot;,&quot;caption&quot;:&quot;&quot;,&quot;created_timestamp&quot;:&quot;1518692362&quot;,&quot;copyright&quot;:&quot;&quot;,&quot;focal_length&quot;:&quot;3.7&quot;,&quot;iso&quot;:&quot;40&quot;,&quot;shutter_speed&quot;:&quot;0.00010900370612601&quot;,&quot;title&quot;:&quot;&quot;,&quot;orientation&quot;:&quot;1&quot;}\" data-image-title=\"Image2\" data-image-description=\"\" data-image-caption=\"&lt;p&gt;2018-02-15 Poh\u013ead na \u010cerven\u00e9 vrchy z hrebe\u0148a Ve\u013ekej Kamenistej&lt;\/p&gt;\n\" data-large-file=\"https:\/\/blog.laviny.sk\/wp-content\/uploads\/2018\/02\/Image2-3.jpg\" \/><\/a>\n\t\t\t<\/dt>\n\t\t\t\t<dd class='wp-caption-text gallery-caption' id='gallery-1-5747'>\n\t\t\t\t2018-02-15 Poh\u013ead na \u010cerven\u00e9 vrchy z hrebe\u0148a Ve\u013ekej Kamenistej\n\t\t\t\t<\/dd><\/dl><br style=\"clear: both\" \/><dl class='gallery-item'>\n\t\t\t<dt class='gallery-icon landscape'>\n\t\t\t\t<a href='https:\/\/blog.laviny.sk\/?attachment_id=5748#main'><img loading=\"lazy\" decoding=\"async\" width=\"150\" height=\"150\" src=\"https:\/\/blog.laviny.sk\/wp-content\/uploads\/2018\/02\/Image3-3-150x150.jpg\" class=\"attachment-thumbnail size-thumbnail\" alt=\"\" aria-describedby=\"gallery-1-5748\" srcset=\"https:\/\/blog.laviny.sk\/wp-content\/uploads\/2018\/02\/Image3-3-150x150.jpg 150w, https:\/\/blog.laviny.sk\/wp-content\/uploads\/2018\/02\/Image3-3-50x50.jpg 50w\" sizes=\"auto, (max-width: 150px) 100vw, 150px\" data-attachment-id=\"5748\" data-permalink=\"https:\/\/blog.laviny.sk\/?attachment_id=5748#main\" data-orig-file=\"https:\/\/blog.laviny.sk\/wp-content\/uploads\/2018\/02\/Image3-3.jpg\" data-orig-size=\"1000,750\" data-comments-opened=\"1\" data-image-meta=\"{&quot;aperture&quot;:&quot;1.9&quot;,&quot;credit&quot;:&quot;&quot;,&quot;camera&quot;:&quot;SM-A310F&quot;,&quot;caption&quot;:&quot;&quot;,&quot;created_timestamp&quot;:&quot;1518694904&quot;,&quot;copyright&quot;:&quot;&quot;,&quot;focal_length&quot;:&quot;3.7&quot;,&quot;iso&quot;:&quot;40&quot;,&quot;shutter_speed&quot;:&quot;0.00013900472616069&quot;,&quot;title&quot;:&quot;&quot;,&quot;orientation&quot;:&quot;1&quot;}\" data-image-title=\"Image3\" data-image-description=\"\" data-image-caption=\"&lt;p&gt;2018-02-15 Poh\u013ead na v\u00fdchod z hrebe\u0148a Ve\u013ekej Kamenistej&lt;\/p&gt;\n\" data-large-file=\"https:\/\/blog.laviny.sk\/wp-content\/uploads\/2018\/02\/Image3-3.jpg\" \/><\/a>\n\t\t\t<\/dt>\n\t\t\t\t<dd class='wp-caption-text gallery-caption' id='gallery-1-5748'>\n\t\t\t\t2018-02-15 Poh\u013ead na v\u00fdchod z hrebe\u0148a Ve\u013ekej Kamenistej\n\t\t\t\t<\/dd><\/dl><dl class='gallery-item'>\n\t\t\t<dt class='gallery-icon landscape'>\n\t\t\t\t<a href='https:\/\/blog.laviny.sk\/?attachment_id=5750#main'><img loading=\"lazy\" decoding=\"async\" width=\"150\" height=\"150\" src=\"https:\/\/blog.laviny.sk\/wp-content\/uploads\/2018\/02\/Image5-2-150x150.jpg\" class=\"attachment-thumbnail size-thumbnail\" alt=\"\" aria-describedby=\"gallery-1-5750\" srcset=\"https:\/\/blog.laviny.sk\/wp-content\/uploads\/2018\/02\/Image5-2-150x150.jpg 150w, https:\/\/blog.laviny.sk\/wp-content\/uploads\/2018\/02\/Image5-2-50x50.jpg 50w\" sizes=\"auto, (max-width: 150px) 100vw, 150px\" data-attachment-id=\"5750\" data-permalink=\"https:\/\/blog.laviny.sk\/?attachment_id=5750#main\" data-orig-file=\"https:\/\/blog.laviny.sk\/wp-content\/uploads\/2018\/02\/Image5-2.jpg\" data-orig-size=\"1000,645\" data-comments-opened=\"1\" data-image-meta=\"{&quot;aperture&quot;:&quot;2.2&quot;,&quot;credit&quot;:&quot;&quot;,&quot;camera&quot;:&quot;iPhone SE&quot;,&quot;caption&quot;:&quot;&quot;,&quot;created_timestamp&quot;:&quot;1518704666&quot;,&quot;copyright&quot;:&quot;&quot;,&quot;focal_length&quot;:&quot;4.15&quot;,&quot;iso&quot;:&quot;25&quot;,&quot;shutter_speed&quot;:&quot;0.00037693177534866&quot;,&quot;title&quot;:&quot;&quot;,&quot;orientation&quot;:&quot;0&quot;}\" data-image-title=\"Image5\" data-image-description=\"\" data-image-caption=\"&lt;p&gt;2018-02-15 N\u00edzke Tatry v Dere\u0161och autor: Jakub Mikul\u00e1\u0161&lt;\/p&gt;\n\" data-large-file=\"https:\/\/blog.laviny.sk\/wp-content\/uploads\/2018\/02\/Image5-2.jpg\" \/><\/a>\n\t\t\t<\/dt>\n\t\t\t\t<dd class='wp-caption-text gallery-caption' id='gallery-1-5750'>\n\t\t\t\t2018-02-15 N\u00edzke Tatry v Dere\u0161och autor: Jakub Mikul\u00e1\u0161\n\t\t\t\t<\/dd><\/dl><dl class='gallery-item'>\n\t\t\t<dt class='gallery-icon landscape'>\n\t\t\t\t<a href='https:\/\/blog.laviny.sk\/?attachment_id=5753#main'><img loading=\"lazy\" decoding=\"async\" width=\"150\" height=\"150\" src=\"https:\/\/blog.laviny.sk\/wp-content\/uploads\/2018\/02\/Image8-2-150x150.jpg\" class=\"attachment-thumbnail size-thumbnail\" alt=\"\" aria-describedby=\"gallery-1-5753\" srcset=\"https:\/\/blog.laviny.sk\/wp-content\/uploads\/2018\/02\/Image8-2-150x150.jpg 150w, https:\/\/blog.laviny.sk\/wp-content\/uploads\/2018\/02\/Image8-2-50x50.jpg 50w\" sizes=\"auto, (max-width: 150px) 100vw, 150px\" data-attachment-id=\"5753\" data-permalink=\"https:\/\/blog.laviny.sk\/?attachment_id=5753#main\" data-orig-file=\"https:\/\/blog.laviny.sk\/wp-content\/uploads\/2018\/02\/Image8-2.jpg\" data-orig-size=\"1000,669\" data-comments-opened=\"1\" data-image-meta=\"{&quot;aperture&quot;:&quot;5.6&quot;,&quot;credit&quot;:&quot;&quot;,&quot;camera&quot;:&quot;DMC-LX100&quot;,&quot;caption&quot;:&quot;&quot;,&quot;created_timestamp&quot;:&quot;1518696468&quot;,&quot;copyright&quot;:&quot;&quot;,&quot;focal_length&quot;:&quot;10.9&quot;,&quot;iso&quot;:&quot;200&quot;,&quot;shutter_speed&quot;:&quot;0.00015625&quot;,&quot;title&quot;:&quot;&quot;,&quot;orientation&quot;:&quot;1&quot;}\" data-image-title=\"Image8\" data-image-description=\"\" data-image-caption=\"&lt;p&gt;2018-02-15 Mal\u00e1 Fatra, z Mal\u00e9ho Kriv\u00e1\u0148a&lt;\/p&gt;\n\" data-large-file=\"https:\/\/blog.laviny.sk\/wp-content\/uploads\/2018\/02\/Image8-2.jpg\" \/><\/a>\n\t\t\t<\/dt>\n\t\t\t\t<dd class='wp-caption-text gallery-caption' id='gallery-1-5753'>\n\t\t\t\t2018-02-15 Mal\u00e1 Fatra, z Mal\u00e9ho Kriv\u00e1\u0148a\n\t\t\t\t<\/dd><\/dl><br style=\"clear: both\" \/><dl class='gallery-item'>\n\t\t\t<dt class='gallery-icon landscape'>\n\t\t\t\t<a href='https:\/\/blog.laviny.sk\/?attachment_id=5754#main'><img loading=\"lazy\" decoding=\"async\" width=\"150\" height=\"150\" src=\"https:\/\/blog.laviny.sk\/wp-content\/uploads\/2018\/02\/Image9-2-150x150.jpg\" class=\"attachment-thumbnail size-thumbnail\" alt=\"\" aria-describedby=\"gallery-1-5754\" srcset=\"https:\/\/blog.laviny.sk\/wp-content\/uploads\/2018\/02\/Image9-2-150x150.jpg 150w, https:\/\/blog.laviny.sk\/wp-content\/uploads\/2018\/02\/Image9-2-50x50.jpg 50w\" sizes=\"auto, (max-width: 150px) 100vw, 150px\" data-attachment-id=\"5754\" data-permalink=\"https:\/\/blog.laviny.sk\/?attachment_id=5754#main\" data-orig-file=\"https:\/\/blog.laviny.sk\/wp-content\/uploads\/2018\/02\/Image9-2.jpg\" data-orig-size=\"1000,669\" data-comments-opened=\"1\" data-image-meta=\"{&quot;aperture&quot;:&quot;5.6&quot;,&quot;credit&quot;:&quot;&quot;,&quot;camera&quot;:&quot;DMC-LX100&quot;,&quot;caption&quot;:&quot;&quot;,&quot;created_timestamp&quot;:&quot;1518697283&quot;,&quot;copyright&quot;:&quot;&quot;,&quot;focal_length&quot;:&quot;10.9&quot;,&quot;iso&quot;:&quot;200&quot;,&quot;shutter_speed&quot;:&quot;0.0001&quot;,&quot;title&quot;:&quot;&quot;,&quot;orientation&quot;:&quot;1&quot;}\" data-image-title=\"Image9\" data-image-description=\"\" data-image-caption=\"&lt;p&gt;2018-02-15 Mal\u00e1 Fatra, z Mal\u00e9ho Kriv\u00e1\u0148a&lt;\/p&gt;\n\" data-large-file=\"https:\/\/blog.laviny.sk\/wp-content\/uploads\/2018\/02\/Image9-2.jpg\" \/><\/a>\n\t\t\t<\/dt>\n\t\t\t\t<dd class='wp-caption-text gallery-caption' id='gallery-1-5754'>\n\t\t\t\t2018-02-15 Mal\u00e1 Fatra, z Mal\u00e9ho Kriv\u00e1\u0148a\n\t\t\t\t<\/dd><\/dl><dl class='gallery-item'>\n\t\t\t<dt class='gallery-icon landscape'>\n\t\t\t\t<a href='https:\/\/blog.laviny.sk\/?attachment_id=5755#main'><img loading=\"lazy\" decoding=\"async\" width=\"150\" height=\"150\" src=\"https:\/\/blog.laviny.sk\/wp-content\/uploads\/2018\/02\/P1010148-150x150.jpg\" class=\"attachment-thumbnail size-thumbnail\" alt=\"\" aria-describedby=\"gallery-1-5755\" srcset=\"https:\/\/blog.laviny.sk\/wp-content\/uploads\/2018\/02\/P1010148-150x150.jpg 150w, https:\/\/blog.laviny.sk\/wp-content\/uploads\/2018\/02\/P1010148-50x50.jpg 50w\" sizes=\"auto, (max-width: 150px) 100vw, 150px\" data-attachment-id=\"5755\" data-permalink=\"https:\/\/blog.laviny.sk\/?attachment_id=5755#main\" data-orig-file=\"https:\/\/blog.laviny.sk\/wp-content\/uploads\/2018\/02\/P1010148-scaled.jpg\" data-orig-size=\"2560,1440\" data-comments-opened=\"1\" data-image-meta=\"{&quot;aperture&quot;:&quot;11&quot;,&quot;credit&quot;:&quot;&quot;,&quot;camera&quot;:&quot;E-M5&quot;,&quot;caption&quot;:&quot;OLYMPUS DIGITAL CAMERA&quot;,&quot;created_timestamp&quot;:&quot;-62169984000&quot;,&quot;copyright&quot;:&quot;&quot;,&quot;focal_length&quot;:&quot;12&quot;,&quot;iso&quot;:&quot;200&quot;,&quot;shutter_speed&quot;:&quot;0.00125&quot;,&quot;title&quot;:&quot;OLYMPUS DIGITAL CAMERA&quot;,&quot;orientation&quot;:&quot;1&quot;}\" data-image-title=\"OLYMPUS DIGITAL CAMERA\" data-image-description=\"\" data-image-caption=\"&lt;p&gt;2018-02-15 Banikov a Pr\u00edslop v Z\u00e1padn\u00fdch Tatr\u00e1ch autor: Michal Sieklik&lt;\/p&gt;\n\" data-large-file=\"https:\/\/blog.laviny.sk\/wp-content\/uploads\/2018\/02\/P1010148-1024x576.jpg\" \/><\/a>\n\t\t\t<\/dt>\n\t\t\t\t<dd class='wp-caption-text gallery-caption' id='gallery-1-5755'>\n\t\t\t\t2018-02-15 Banikov a Pr\u00edslop v Z\u00e1padn\u00fdch Tatr\u00e1ch autor: Michal Sieklik\n\t\t\t\t<\/dd><\/dl>\n\t\t\t<br style='clear: both' \/>\n\t\t<\/div>\n\n","protected":false},"excerpt":{"rendered":"<p>V uplynulom t\u00fd\u017edni prevl\u00e1dalo v slovensk\u00fdch hor\u00e1ch prav\u00e9 zimn\u00e9 po\u010dasie s n\u00edzkymi\u00a0teplotami, \u010do vidno aj grafe teploty zo stanice \u010eurkov\u00e1 v N\u00edzkych Tatr\u00e1ch. V noci \u010dasto klesala teplota pod -10 \u00b0C. Bolo v\u00e4\u010d\u0161inou hmlisto, zamra\u010den\u00e9 so sne\u017een\u00edm. Snehu prib\u00fadalo hlavne vo v\u00fdchodnej \u010dasti Vysok\u00fdch Tatier a\u00a0v Belianskych Tatr\u00e1ch. Sneh padal rovnomerne bez vetra. Napadlo ho&hellip;<\/p>\n","protected":false},"author":1,"featured_media":5755,"comment_status":"open","ping_status":"open","sticky":false,"template":"","format":"standard","meta":{"jetpack_post_was_ever_published":false,"_jetpack_newsletter_access":"","_jetpack_dont_email_post_to_subs":false,"_jetpack_newsletter_tier_id":0,"_jetpack_memberships_contains_paywalled_content":false,"_jetpack_memberships_contains_paid_content":false,"footnotes":"","jetpack_publicize_message":"","jetpack_publicize_feature_enabled":true,"jetpack_social_post_already_shared":true,"jetpack_social_options":{"image_generator_settings":{"template":"highway","default_image_id":0,"font":"","enabled":false},"version":2}},"categories":[4],"tags":[230,68,79,105,123,154],"class_list":["post-5731","post","type-post","status-publish","format-standard","has-post-thumbnail","hentry","category-pocasie-sneh-a-laviny","tag-lavinova-aktivita","tag-lavinova-prevencia","tag-laviny","tag-nizke-tatry","tag-pocasie","tag-sneh"],"jetpack_publicize_connections":[],"jetpack_featured_media_url":"https:\/\/blog.laviny.sk\/wp-content\/uploads\/2018\/02\/P1010148-scaled.jpg","jetpack_sharing_enabled":true,"jetpack_shortlink":"https:\/\/wp.me\/p8DxWh-1ur","jetpack-related-posts":[],"_links":{"self":[{"href":"https:\/\/blog.laviny.sk\/index.php?rest_route=\/wp\/v2\/posts\/5731","targetHints":{"allow":["GET"]}}],"collection":[{"href":"https:\/\/blog.laviny.sk\/index.php?rest_route=\/wp\/v2\/posts"}],"about":[{"href":"https:\/\/blog.laviny.sk\/index.php?rest_route=\/wp\/v2\/types\/post"}],"author":[{"embeddable":true,"href":"https:\/\/blog.laviny.sk\/index.php?rest_route=\/wp\/v2\/users\/1"}],"replies":[{"embeddable":true,"href":"https:\/\/blog.laviny.sk\/index.php?rest_route=%2Fwp%2Fv2%2Fcomments&post=5731"}],"version-history":[{"count":3,"href":"https:\/\/blog.laviny.sk\/index.php?rest_route=\/wp\/v2\/posts\/5731\/revisions"}],"predecessor-version":[{"id":5756,"href":"https:\/\/blog.laviny.sk\/index.php?rest_route=\/wp\/v2\/posts\/5731\/revisions\/5756"}],"wp:featuredmedia":[{"embeddable":true,"href":"https:\/\/blog.laviny.sk\/index.php?rest_route=\/wp\/v2\/media\/5755"}],"wp:attachment":[{"href":"https:\/\/blog.laviny.sk\/index.php?rest_route=%2Fwp%2Fv2%2Fmedia&parent=5731"}],"wp:term":[{"taxonomy":"category","embeddable":true,"href":"https:\/\/blog.laviny.sk\/index.php?rest_route=%2Fwp%2Fv2%2Fcategories&post=5731"},{"taxonomy":"post_tag","embeddable":true,"href":"https:\/\/blog.laviny.sk\/index.php?rest_route=%2Fwp%2Fv2%2Ftags&post=5731"}],"curies":[{"name":"wp","href":"https:\/\/api.w.org\/{rel}","templated":true}]}}