{"id":5239,"date":"2017-05-05T14:39:36","date_gmt":"2017-05-05T12:39:36","guid":{"rendered":"https:\/\/blog.laviny.sk\/?p=5239"},"modified":"2017-05-05T14:39:36","modified_gmt":"2017-05-05T12:39:36","slug":"jar-na-horach-pocasie-sneh-a-laviny-od-29-4-do-5-5-2017","status":"publish","type":"post","link":"https:\/\/blog.laviny.sk\/?p=5239","title":{"rendered":"Jar na hor\u00e1ch (po\u010dasie, sneh a lav\u00edny od 29.4 do 5.5.2017)"},"content":{"rendered":"<p style=\"text-align: left;\">Cez v\u00edkend 29. &#8211; 30.4. pri\u0161lo do slovensk\u00fdch h\u00f4r ochladenie. V sobotu a v nede\u013eu bol sneh v\u00e4\u010d\u0161inou tvrd\u00fd a zmrznut\u00fd, v\u00fdnimkou nebola ani nepr\u00edjemn\u00e1 k\u00f4ra. Oteplenie nastalo od pondelka 1.5. Pondelok bol ide\u00e1lnym d\u0148om na pohyb v\u00a0hor\u00e1ch, bolo slne\u010dn\u00e9 po\u010dasie, no v\u00a0noci e\u0161te mrzlo a\u00a0snehu vo vysok\u00fdch poloh\u00e1ch bolo e\u0161te st\u00e1le dos\u0165. Lav\u00ednov\u00e1 situ\u00e1cia bola tie\u017e stabiln\u00e1. Boli teda v\u00fdborn\u00e9 podmienky na ly\u017eovanie \u0165a\u017ek\u00fdch, exponovan\u00fdch ter\u00e9nov v\u00a0Tatr\u00e1ch (napr. juhoz\u00e1padnej steny Ke\u017emar\u00e1ku do Cmitera po piatich rokoch). V\u00a0priebehu t\u00fd\u017ed\u0148a sa po\u010dasie zhor\u0161ilo a\u00a0panovalo premenliv\u00e9, poloobla\u010dn\u00e9 a\u017e obla\u010dn\u00e9 po\u010dasie s\u00a0da\u017e\u010fom a\u00a0b\u00farkami aj v\u00a0o\u00a0vysok\u00fdch horsk\u00fdch poloh\u00e1ch nad 2000 mn.m.<\/p>\n<div id=\"attachment_5242\" style=\"width: 1010px\" class=\"wp-caption alignnone\"><img loading=\"lazy\" decoding=\"async\" aria-describedby=\"caption-attachment-5242\" data-attachment-id=\"5242\" data-permalink=\"https:\/\/blog.laviny.sk\/?attachment_id=5242#main\" data-orig-file=\"https:\/\/blog.laviny.sk\/wp-content\/uploads\/2017\/05\/Image04.jpg\" data-orig-size=\"1000,697\" data-comments-opened=\"1\" data-image-meta=\"{&quot;aperture&quot;:&quot;0&quot;,&quot;credit&quot;:&quot;&quot;,&quot;camera&quot;:&quot;&quot;,&quot;caption&quot;:&quot;&quot;,&quot;created_timestamp&quot;:&quot;0&quot;,&quot;copyright&quot;:&quot;&quot;,&quot;focal_length&quot;:&quot;0&quot;,&quot;iso&quot;:&quot;0&quot;,&quot;shutter_speed&quot;:&quot;0&quot;,&quot;title&quot;:&quot;&quot;,&quot;orientation&quot;:&quot;0&quot;}\" data-image-title=\"Image04\" data-image-description=\"\" data-image-caption=\"&lt;p&gt;2017-05-05 Teplota vzduchu na Bielom plese vo Vysok\u00fdch Tatr\u00e1ch&lt;\/p&gt;\n\" data-large-file=\"https:\/\/blog.laviny.sk\/wp-content\/uploads\/2017\/05\/Image04.jpg\" class=\"size-full wp-image-5242\" src=\"https:\/\/blog.laviny.sk\/wp-content\/uploads\/2017\/05\/Image04.jpg\" alt=\"\" width=\"1000\" height=\"697\" srcset=\"https:\/\/blog.laviny.sk\/wp-content\/uploads\/2017\/05\/Image04.jpg 1000w, https:\/\/blog.laviny.sk\/wp-content\/uploads\/2017\/05\/Image04-300x209.jpg 300w, https:\/\/blog.laviny.sk\/wp-content\/uploads\/2017\/05\/Image04-768x535.jpg 768w\" sizes=\"auto, (max-width: 1000px) 100vw, 1000px\" \/><p id=\"caption-attachment-5242\" class=\"wp-caption-text\">2017-05-05 Teplota vzduchu na Bielom plese vo Vysok\u00fdch Tatr\u00e1ch<\/p><\/div>\n<p>Snehu postupne ub\u00fada a\u00a0s\u00favisl\u00e1 pokr\u00fdvka sa nach\u00e1dza v\u00e4\u010d\u0161inou u\u017e\u00a0iba nad 1600 m n.m. Napr\u00edklad na stanici pod Salat\u00ednom v\u00a0Z\u00e1padn\u00fdch Tatr\u00e1ch klesla snehov\u00e1 pokr\u00fdvka za posledn\u00e9 dva t\u00fd\u017edne o\u00a0viac ako 1m.<\/p>\n<div id=\"attachment_5241\" style=\"width: 1010px\" class=\"wp-caption aligncenter\"><img loading=\"lazy\" decoding=\"async\" aria-describedby=\"caption-attachment-5241\" data-attachment-id=\"5241\" data-permalink=\"https:\/\/blog.laviny.sk\/?attachment_id=5241#main\" data-orig-file=\"https:\/\/blog.laviny.sk\/wp-content\/uploads\/2017\/05\/Image05.jpg\" data-orig-size=\"1000,687\" data-comments-opened=\"1\" data-image-meta=\"{&quot;aperture&quot;:&quot;0&quot;,&quot;credit&quot;:&quot;&quot;,&quot;camera&quot;:&quot;&quot;,&quot;caption&quot;:&quot;&quot;,&quot;created_timestamp&quot;:&quot;0&quot;,&quot;copyright&quot;:&quot;&quot;,&quot;focal_length&quot;:&quot;0&quot;,&quot;iso&quot;:&quot;0&quot;,&quot;shutter_speed&quot;:&quot;0&quot;,&quot;title&quot;:&quot;&quot;,&quot;orientation&quot;:&quot;0&quot;}\" data-image-title=\"Image05\" data-image-description=\"\" data-image-caption=\"\" data-large-file=\"https:\/\/blog.laviny.sk\/wp-content\/uploads\/2017\/05\/Image05.jpg\" class=\"wp-image-5241 size-full\" src=\"https:\/\/blog.laviny.sk\/wp-content\/uploads\/2017\/05\/Image05.jpg\" alt=\"\" width=\"1000\" height=\"687\" srcset=\"https:\/\/blog.laviny.sk\/wp-content\/uploads\/2017\/05\/Image05.jpg 1000w, https:\/\/blog.laviny.sk\/wp-content\/uploads\/2017\/05\/Image05-300x206.jpg 300w, https:\/\/blog.laviny.sk\/wp-content\/uploads\/2017\/05\/Image05-768x528.jpg 768w\" sizes=\"auto, (max-width: 1000px) 100vw, 1000px\" \/><p id=\"caption-attachment-5241\" class=\"wp-caption-text\">2017-05-05 V\u00fd\u0161ka snehu na AMS pod Salat\u00ednom v Z\u00e1padn\u00fdch Tatr\u00e1ch<\/p><\/div>\n<p>Relat\u00edvne ve\u013ek\u00e9 mno\u017estvo snehu je st\u00e1le vo Vysok\u00fdch Tatr\u00e1ch nad 2000 m n.m. Napr\u00edklad na stanici pri Vy\u0161nom \u017dabom plese je st\u00e1le 156 cm snehu. Sneh je ale v\u00e4\u010d\u0161inou premo\u010den\u00fd v\u00a0celom profile. Snehov\u00e1 pokr\u00fdvka je z\u00a0h\u013eadiska lav\u00ednov\u00e9ho nebezpe\u010denstva stabiln\u00e1 a\u00a0preto plat\u00ed v\u00a0N\u00edzkych, Z\u00e1padn\u00fdch a\u00a0Vysok\u00fdch Tatr\u00e1ch mal\u00e9 lav\u00ednov\u00e9 nebezpe\u010denstvo (1. Stupe\u0148) nad 1600 m n.m. a\u00a0vo Fatr\u00e1ch s\u00fa u\u017e iba posledn\u00e9 mal\u00e9 pozostatky snehu preto je tu lav\u00ednov\u00e1 0, teda lav\u00ednov\u00e9 nebezpe\u010denstvo nehroz\u00ed. Po\u010das t\u00fd\u017ed\u0148a sme nezaznamenali \u017eiadnu v\u00fdraznej\u0161iu lav\u00ednov\u00fa aktivitu.<\/p>\n<p><strong>Vyhliadky na v\u00edkend 6.5.2017 a\u00a07.5.2017 :<\/strong><\/p>\n<p>Cez v\u00edkend n\u00e1s \u010dak\u00e1 premenliv\u00e9, tepl\u00e9 po\u010dasie s kladn\u00fdmi teplotami aj v najvy\u0161\u0161\u00edch horsk\u00fdch poloh\u00e1ch. Snehov\u00e1 pokr\u00fdvka je stabilizovan\u00e1, preto by sa lav\u00ednov\u00e9 nebezpe\u010denstvo nemalo zvy\u0161ova\u0165. Pr\u00edjemn\u00fd a\u00a0bezpe\u010dn\u00fd v\u00edkend V\u00e1m \u017eelaj\u00fa pracovn\u00edci Strediska lav\u00ednovej prevencie Horskej z\u00e1chrannej slu\u017eby.<\/p>\n\n\t\t<style type=\"text\/css\">\n\t\t\t#gallery-1 {\n\t\t\t\tmargin: auto;\n\t\t\t}\n\t\t\t#gallery-1 .gallery-item {\n\t\t\t\tfloat: left;\n\t\t\t\tmargin-top: 10px;\n\t\t\t\ttext-align: center;\n\t\t\t\twidth: 33%;\n\t\t\t}\n\t\t\t#gallery-1 img {\n\t\t\t\tborder: 2px solid #cfcfcf;\n\t\t\t}\n\t\t\t#gallery-1 .gallery-caption {\n\t\t\t\tmargin-left: 0;\n\t\t\t}\n\t\t\t\/* see gallery_shortcode() in wp-includes\/media.php *\/\n\t\t<\/style>\n\t\t<div data-carousel-extra='{&quot;blog_id&quot;:1,&quot;permalink&quot;:&quot;https:\/\/blog.laviny.sk\/?p=5239&quot;}' id='gallery-1' class='gallery galleryid-5239 gallery-columns-3 gallery-size-thumbnail'><dl class='gallery-item'>\n\t\t\t<dt class='gallery-icon landscape'>\n\t\t\t\t<a href='https:\/\/blog.laviny.sk\/?attachment_id=5245#main'><img loading=\"lazy\" decoding=\"async\" width=\"150\" height=\"150\" src=\"https:\/\/blog.laviny.sk\/wp-content\/uploads\/2017\/05\/IMG_0016-e1493987345563-150x150.jpg\" class=\"attachment-thumbnail size-thumbnail\" alt=\"\" aria-describedby=\"gallery-1-5245\" srcset=\"https:\/\/blog.laviny.sk\/wp-content\/uploads\/2017\/05\/IMG_0016-e1493987345563-150x150.jpg 150w, https:\/\/blog.laviny.sk\/wp-content\/uploads\/2017\/05\/IMG_0016-e1493987345563-50x50.jpg 50w\" sizes=\"auto, (max-width: 150px) 100vw, 150px\" data-attachment-id=\"5245\" data-permalink=\"https:\/\/blog.laviny.sk\/?attachment_id=5245#main\" data-orig-file=\"https:\/\/blog.laviny.sk\/wp-content\/uploads\/2017\/05\/IMG_0016-e1493987345563-scaled.jpg\" data-orig-size=\"2560,1920\" data-comments-opened=\"1\" data-image-meta=\"{&quot;aperture&quot;:&quot;0&quot;,&quot;credit&quot;:&quot;&quot;,&quot;camera&quot;:&quot;&quot;,&quot;caption&quot;:&quot;&quot;,&quot;created_timestamp&quot;:&quot;0&quot;,&quot;copyright&quot;:&quot;&quot;,&quot;focal_length&quot;:&quot;0&quot;,&quot;iso&quot;:&quot;0&quot;,&quot;shutter_speed&quot;:&quot;0&quot;,&quot;title&quot;:&quot;&quot;,&quot;orientation&quot;:&quot;0&quot;}\" data-image-title=\"IMG_0016\" data-image-description=\"\" data-image-caption=\"&lt;p&gt;2017-04-29 V Malej Studenej doline zdroj: D. Lajda&lt;\/p&gt;\n\" data-large-file=\"https:\/\/blog.laviny.sk\/wp-content\/uploads\/2017\/05\/IMG_0016-e1493987345563-1024x768.jpg\" \/><\/a>\n\t\t\t<\/dt>\n\t\t\t\t<dd class='wp-caption-text gallery-caption' id='gallery-1-5245'>\n\t\t\t\t2017-04-29 V Malej Studenej doline zdroj: D. Lajda\n\t\t\t\t<\/dd><\/dl><dl class='gallery-item'>\n\t\t\t<dt class='gallery-icon landscape'>\n\t\t\t\t<a href='https:\/\/blog.laviny.sk\/?attachment_id=5246#main'><img loading=\"lazy\" decoding=\"async\" width=\"150\" height=\"150\" src=\"https:\/\/blog.laviny.sk\/wp-content\/uploads\/2017\/05\/IMG_0031-150x150.jpg\" class=\"attachment-thumbnail size-thumbnail\" alt=\"\" aria-describedby=\"gallery-1-5246\" srcset=\"https:\/\/blog.laviny.sk\/wp-content\/uploads\/2017\/05\/IMG_0031-150x150.jpg 150w, https:\/\/blog.laviny.sk\/wp-content\/uploads\/2017\/05\/IMG_0031-50x50.jpg 50w\" sizes=\"auto, (max-width: 150px) 100vw, 150px\" data-attachment-id=\"5246\" data-permalink=\"https:\/\/blog.laviny.sk\/?attachment_id=5246#main\" data-orig-file=\"https:\/\/blog.laviny.sk\/wp-content\/uploads\/2017\/05\/IMG_0031-scaled.jpg\" data-orig-size=\"2560,1920\" data-comments-opened=\"1\" data-image-meta=\"{&quot;aperture&quot;:&quot;2.4&quot;,&quot;credit&quot;:&quot;&quot;,&quot;camera&quot;:&quot;iPhone 5&quot;,&quot;caption&quot;:&quot;&quot;,&quot;created_timestamp&quot;:&quot;1493554603&quot;,&quot;copyright&quot;:&quot;&quot;,&quot;focal_length&quot;:&quot;4.12&quot;,&quot;iso&quot;:&quot;50&quot;,&quot;shutter_speed&quot;:&quot;0.0001660026560425&quot;,&quot;title&quot;:&quot;&quot;,&quot;orientation&quot;:&quot;1&quot;}\" data-image-title=\"IMG_0031\" data-image-description=\"\" data-image-caption=\"&lt;p&gt;2017-04-30 v\u00fd\u0161\u013eap do Zadnej \u013dadovej \u0161k\u00e1ry zdroj: D. Lajda&lt;\/p&gt;\n\" data-large-file=\"https:\/\/blog.laviny.sk\/wp-content\/uploads\/2017\/05\/IMG_0031-1024x768.jpg\" \/><\/a>\n\t\t\t<\/dt>\n\t\t\t\t<dd class='wp-caption-text gallery-caption' id='gallery-1-5246'>\n\t\t\t\t2017-04-30 v\u00fd\u0161\u013eap do Zadnej \u013dadovej \u0161k\u00e1ry zdroj: D. Lajda\n\t\t\t\t<\/dd><\/dl><dl class='gallery-item'>\n\t\t\t<dt class='gallery-icon landscape'>\n\t\t\t\t<a href='https:\/\/blog.laviny.sk\/?attachment_id=5247#main'><img loading=\"lazy\" decoding=\"async\" width=\"150\" height=\"150\" src=\"https:\/\/blog.laviny.sk\/wp-content\/uploads\/2017\/05\/Image01-150x150.jpg\" class=\"attachment-thumbnail size-thumbnail\" alt=\"\" aria-describedby=\"gallery-1-5247\" srcset=\"https:\/\/blog.laviny.sk\/wp-content\/uploads\/2017\/05\/Image01-150x150.jpg 150w, https:\/\/blog.laviny.sk\/wp-content\/uploads\/2017\/05\/Image01-50x50.jpg 50w\" sizes=\"auto, (max-width: 150px) 100vw, 150px\" data-attachment-id=\"5247\" data-permalink=\"https:\/\/blog.laviny.sk\/?attachment_id=5247#main\" data-orig-file=\"https:\/\/blog.laviny.sk\/wp-content\/uploads\/2017\/05\/Image01.jpg\" data-orig-size=\"1000,600\" data-comments-opened=\"1\" data-image-meta=\"{&quot;aperture&quot;:&quot;2.6&quot;,&quot;credit&quot;:&quot;&quot;,&quot;camera&quot;:&quot;GT-S7580&quot;,&quot;caption&quot;:&quot;&quot;,&quot;created_timestamp&quot;:&quot;1493631872&quot;,&quot;copyright&quot;:&quot;&quot;,&quot;focal_length&quot;:&quot;3.54&quot;,&quot;iso&quot;:&quot;50&quot;,&quot;shutter_speed&quot;:&quot;0.0002375296912114&quot;,&quot;title&quot;:&quot;&quot;,&quot;orientation&quot;:&quot;1&quot;}\" data-image-title=\"Image01\" data-image-description=\"\" data-image-caption=\"&lt;p&gt;2017-05-01 Hrebe\u0148 N\u00edzkych Tatier z Chopku na z\u00e1pad&lt;\/p&gt;\n\" data-large-file=\"https:\/\/blog.laviny.sk\/wp-content\/uploads\/2017\/05\/Image01.jpg\" \/><\/a>\n\t\t\t<\/dt>\n\t\t\t\t<dd class='wp-caption-text gallery-caption' id='gallery-1-5247'>\n\t\t\t\t2017-05-01 Hrebe\u0148 N\u00edzkych Tatier z Chopku na z\u00e1pad\n\t\t\t\t<\/dd><\/dl><br style=\"clear: both\" \/><dl class='gallery-item'>\n\t\t\t<dt class='gallery-icon landscape'>\n\t\t\t\t<a href='https:\/\/blog.laviny.sk\/?attachment_id=5248#main'><img loading=\"lazy\" decoding=\"async\" width=\"150\" height=\"150\" src=\"https:\/\/blog.laviny.sk\/wp-content\/uploads\/2017\/05\/Image02-150x150.jpg\" class=\"attachment-thumbnail size-thumbnail\" alt=\"\" aria-describedby=\"gallery-1-5248\" srcset=\"https:\/\/blog.laviny.sk\/wp-content\/uploads\/2017\/05\/Image02-150x150.jpg 150w, https:\/\/blog.laviny.sk\/wp-content\/uploads\/2017\/05\/Image02-50x50.jpg 50w\" sizes=\"auto, (max-width: 150px) 100vw, 150px\" data-attachment-id=\"5248\" data-permalink=\"https:\/\/blog.laviny.sk\/?attachment_id=5248#main\" data-orig-file=\"https:\/\/blog.laviny.sk\/wp-content\/uploads\/2017\/05\/Image02.jpg\" data-orig-size=\"1000,600\" data-comments-opened=\"1\" data-image-meta=\"{&quot;aperture&quot;:&quot;2.6&quot;,&quot;credit&quot;:&quot;&quot;,&quot;camera&quot;:&quot;GT-S7580&quot;,&quot;caption&quot;:&quot;&quot;,&quot;created_timestamp&quot;:&quot;1493638890&quot;,&quot;copyright&quot;:&quot;&quot;,&quot;focal_length&quot;:&quot;3.54&quot;,&quot;iso&quot;:&quot;50&quot;,&quot;shutter_speed&quot;:&quot;0.00034002040122407&quot;,&quot;title&quot;:&quot;&quot;,&quot;orientation&quot;:&quot;1&quot;}\" data-image-title=\"Image02\" data-image-description=\"\" data-image-caption=\"&lt;p&gt;2017-05-01 Hrebe\u0148 N\u00edzkych Tatier z Chopku na v\u00fdchod&lt;\/p&gt;\n\" data-large-file=\"https:\/\/blog.laviny.sk\/wp-content\/uploads\/2017\/05\/Image02.jpg\" \/><\/a>\n\t\t\t<\/dt>\n\t\t\t\t<dd class='wp-caption-text gallery-caption' id='gallery-1-5248'>\n\t\t\t\t2017-05-01 Hrebe\u0148 N\u00edzkych Tatier z Chopku na v\u00fdchod\n\t\t\t\t<\/dd><\/dl><dl class='gallery-item'>\n\t\t\t<dt class='gallery-icon landscape'>\n\t\t\t\t<a href='https:\/\/blog.laviny.sk\/?attachment_id=5249#main'><img loading=\"lazy\" decoding=\"async\" width=\"150\" height=\"150\" src=\"https:\/\/blog.laviny.sk\/wp-content\/uploads\/2017\/05\/Image03-150x150.jpg\" class=\"attachment-thumbnail size-thumbnail\" alt=\"\" aria-describedby=\"gallery-1-5249\" srcset=\"https:\/\/blog.laviny.sk\/wp-content\/uploads\/2017\/05\/Image03-150x150.jpg 150w, https:\/\/blog.laviny.sk\/wp-content\/uploads\/2017\/05\/Image03-50x50.jpg 50w\" sizes=\"auto, (max-width: 150px) 100vw, 150px\" data-attachment-id=\"5249\" data-permalink=\"https:\/\/blog.laviny.sk\/?attachment_id=5249#main\" data-orig-file=\"https:\/\/blog.laviny.sk\/wp-content\/uploads\/2017\/05\/Image03.jpg\" data-orig-size=\"1000,600\" data-comments-opened=\"1\" data-image-meta=\"{&quot;aperture&quot;:&quot;2.6&quot;,&quot;credit&quot;:&quot;&quot;,&quot;camera&quot;:&quot;GT-S7580&quot;,&quot;caption&quot;:&quot;&quot;,&quot;created_timestamp&quot;:&quot;1493638897&quot;,&quot;copyright&quot;:&quot;&quot;,&quot;focal_length&quot;:&quot;3.54&quot;,&quot;iso&quot;:&quot;50&quot;,&quot;shutter_speed&quot;:&quot;0.00049261083743842&quot;,&quot;title&quot;:&quot;&quot;,&quot;orientation&quot;:&quot;1&quot;}\" data-image-title=\"Image03\" data-image-description=\"\" data-image-caption=\"&lt;p&gt;2017-05-01 poh\u013ead na Z\u00e1padn\u00e9 Tatry z Chopku&lt;\/p&gt;\n\" data-large-file=\"https:\/\/blog.laviny.sk\/wp-content\/uploads\/2017\/05\/Image03.jpg\" \/><\/a>\n\t\t\t<\/dt>\n\t\t\t\t<dd class='wp-caption-text gallery-caption' id='gallery-1-5249'>\n\t\t\t\t2017-05-01 poh\u013ead na Z\u00e1padn\u00e9 Tatry z Chopku\n\t\t\t\t<\/dd><\/dl><dl class='gallery-item'>\n\t\t\t<dt class='gallery-icon landscape'>\n\t\t\t\t<a href='https:\/\/blog.laviny.sk\/?attachment_id=5250#main'><img loading=\"lazy\" decoding=\"async\" width=\"150\" height=\"150\" src=\"https:\/\/blog.laviny.sk\/wp-content\/uploads\/2017\/05\/img_20170505_1000_20170505273284-150x150.jpg\" class=\"attachment-thumbnail size-thumbnail\" alt=\"\" aria-describedby=\"gallery-1-5250\" srcset=\"https:\/\/blog.laviny.sk\/wp-content\/uploads\/2017\/05\/img_20170505_1000_20170505273284-150x150.jpg 150w, https:\/\/blog.laviny.sk\/wp-content\/uploads\/2017\/05\/img_20170505_1000_20170505273284-50x50.jpg 50w\" sizes=\"auto, (max-width: 150px) 100vw, 150px\" data-attachment-id=\"5250\" data-permalink=\"https:\/\/blog.laviny.sk\/?attachment_id=5250#main\" data-orig-file=\"https:\/\/blog.laviny.sk\/wp-content\/uploads\/2017\/05\/img_20170505_1000_20170505273284.jpg\" data-orig-size=\"2048,1536\" data-comments-opened=\"1\" data-image-meta=\"{&quot;aperture&quot;:&quot;0&quot;,&quot;credit&quot;:&quot;&quot;,&quot;camera&quot;:&quot;&quot;,&quot;caption&quot;:&quot;&quot;,&quot;created_timestamp&quot;:&quot;0&quot;,&quot;copyright&quot;:&quot;&quot;,&quot;focal_length&quot;:&quot;0&quot;,&quot;iso&quot;:&quot;0&quot;,&quot;shutter_speed&quot;:&quot;0&quot;,&quot;title&quot;:&quot;&quot;,&quot;orientation&quot;:&quot;0&quot;}\" data-image-title=\"img_20170505_1000_20170505273284\" data-image-description=\"\" data-image-caption=\"&lt;p&gt;2017-05-05 Plosk\u00e1 bez snehu&lt;\/p&gt;\n\" data-large-file=\"https:\/\/blog.laviny.sk\/wp-content\/uploads\/2017\/05\/img_20170505_1000_20170505273284-1024x768.jpg\" \/><\/a>\n\t\t\t<\/dt>\n\t\t\t\t<dd class='wp-caption-text gallery-caption' id='gallery-1-5250'>\n\t\t\t\t2017-05-05 Plosk\u00e1 bez snehu\n\t\t\t\t<\/dd><\/dl><br style=\"clear: both\" \/><dl class='gallery-item'>\n\t\t\t<dt class='gallery-icon landscape'>\n\t\t\t\t<a href='https:\/\/blog.laviny.sk\/?attachment_id=5251#main'><img loading=\"lazy\" decoding=\"async\" width=\"150\" height=\"150\" src=\"https:\/\/blog.laviny.sk\/wp-content\/uploads\/2017\/05\/img_20170505_1100_20170505146579-150x150.jpg\" class=\"attachment-thumbnail size-thumbnail\" alt=\"\" aria-describedby=\"gallery-1-5251\" srcset=\"https:\/\/blog.laviny.sk\/wp-content\/uploads\/2017\/05\/img_20170505_1100_20170505146579-150x150.jpg 150w, https:\/\/blog.laviny.sk\/wp-content\/uploads\/2017\/05\/img_20170505_1100_20170505146579-50x50.jpg 50w\" sizes=\"auto, (max-width: 150px) 100vw, 150px\" data-attachment-id=\"5251\" data-permalink=\"https:\/\/blog.laviny.sk\/?attachment_id=5251#main\" data-orig-file=\"https:\/\/blog.laviny.sk\/wp-content\/uploads\/2017\/05\/img_20170505_1100_20170505146579.jpg\" data-orig-size=\"640,480\" data-comments-opened=\"1\" data-image-meta=\"{&quot;aperture&quot;:&quot;0&quot;,&quot;credit&quot;:&quot;&quot;,&quot;camera&quot;:&quot;&quot;,&quot;caption&quot;:&quot;&quot;,&quot;created_timestamp&quot;:&quot;0&quot;,&quot;copyright&quot;:&quot;&quot;,&quot;focal_length&quot;:&quot;0&quot;,&quot;iso&quot;:&quot;0&quot;,&quot;shutter_speed&quot;:&quot;0&quot;,&quot;title&quot;:&quot;&quot;,&quot;orientation&quot;:&quot;0&quot;}\" data-image-title=\"img_20170505_1100_20170505146579\" data-image-description=\"\" data-image-caption=\"&lt;p&gt;2017-05-05 Sever Salat\u00edna e\u0161te pod snehom&lt;\/p&gt;\n\" data-large-file=\"https:\/\/blog.laviny.sk\/wp-content\/uploads\/2017\/05\/img_20170505_1100_20170505146579.jpg\" \/><\/a>\n\t\t\t<\/dt>\n\t\t\t\t<dd class='wp-caption-text gallery-caption' id='gallery-1-5251'>\n\t\t\t\t2017-05-05 Sever Salat\u00edna e\u0161te pod snehom\n\t\t\t\t<\/dd><\/dl><dl class='gallery-item'>\n\t\t\t<dt class='gallery-icon landscape'>\n\t\t\t\t<a href='https:\/\/blog.laviny.sk\/?attachment_id=5252#main'><img loading=\"lazy\" decoding=\"async\" width=\"150\" height=\"150\" src=\"https:\/\/blog.laviny.sk\/wp-content\/uploads\/2017\/05\/img_20170505_1100_20170505213448-150x150.jpg\" class=\"attachment-thumbnail size-thumbnail\" alt=\"\" aria-describedby=\"gallery-1-5252\" srcset=\"https:\/\/blog.laviny.sk\/wp-content\/uploads\/2017\/05\/img_20170505_1100_20170505213448-150x150.jpg 150w, https:\/\/blog.laviny.sk\/wp-content\/uploads\/2017\/05\/img_20170505_1100_20170505213448-50x50.jpg 50w\" sizes=\"auto, (max-width: 150px) 100vw, 150px\" data-attachment-id=\"5252\" data-permalink=\"https:\/\/blog.laviny.sk\/?attachment_id=5252#main\" data-orig-file=\"https:\/\/blog.laviny.sk\/wp-content\/uploads\/2017\/05\/img_20170505_1100_20170505213448.jpg\" data-orig-size=\"1280,960\" data-comments-opened=\"1\" data-image-meta=\"{&quot;aperture&quot;:&quot;0&quot;,&quot;credit&quot;:&quot;&quot;,&quot;camera&quot;:&quot;&quot;,&quot;caption&quot;:&quot;&quot;,&quot;created_timestamp&quot;:&quot;0&quot;,&quot;copyright&quot;:&quot;&quot;,&quot;focal_length&quot;:&quot;0&quot;,&quot;iso&quot;:&quot;0&quot;,&quot;shutter_speed&quot;:&quot;0&quot;,&quot;title&quot;:&quot;&quot;,&quot;orientation&quot;:&quot;0&quot;}\" data-image-title=\"img_20170505_1100_20170505213448\" data-image-description=\"\" data-image-caption=\"&lt;p&gt;2017-05-05 V Mal\u00e1 Fatra takmer roztopen\u00e1&lt;\/p&gt;\n\" data-large-file=\"https:\/\/blog.laviny.sk\/wp-content\/uploads\/2017\/05\/img_20170505_1100_20170505213448-1024x768.jpg\" \/><\/a>\n\t\t\t<\/dt>\n\t\t\t\t<dd class='wp-caption-text gallery-caption' id='gallery-1-5252'>\n\t\t\t\t2017-05-05 V Mal\u00e1 Fatra takmer roztopen\u00e1\n\t\t\t\t<\/dd><\/dl><dl class='gallery-item'>\n\t\t\t<dt class='gallery-icon landscape'>\n\t\t\t\t<a href='https:\/\/blog.laviny.sk\/?attachment_id=5253#main'><img loading=\"lazy\" decoding=\"async\" width=\"150\" height=\"150\" src=\"https:\/\/blog.laviny.sk\/wp-content\/uploads\/2017\/05\/img_20170505_1100_20170505215061-150x150.jpg\" class=\"attachment-thumbnail size-thumbnail\" alt=\"\" aria-describedby=\"gallery-1-5253\" srcset=\"https:\/\/blog.laviny.sk\/wp-content\/uploads\/2017\/05\/img_20170505_1100_20170505215061-150x150.jpg 150w, https:\/\/blog.laviny.sk\/wp-content\/uploads\/2017\/05\/img_20170505_1100_20170505215061-50x50.jpg 50w\" sizes=\"auto, (max-width: 150px) 100vw, 150px\" data-attachment-id=\"5253\" data-permalink=\"https:\/\/blog.laviny.sk\/?attachment_id=5253#main\" data-orig-file=\"https:\/\/blog.laviny.sk\/wp-content\/uploads\/2017\/05\/img_20170505_1100_20170505215061.jpg\" data-orig-size=\"1280,960\" data-comments-opened=\"1\" data-image-meta=\"{&quot;aperture&quot;:&quot;0&quot;,&quot;credit&quot;:&quot;&quot;,&quot;camera&quot;:&quot;&quot;,&quot;caption&quot;:&quot;&quot;,&quot;created_timestamp&quot;:&quot;0&quot;,&quot;copyright&quot;:&quot;&quot;,&quot;focal_length&quot;:&quot;0&quot;,&quot;iso&quot;:&quot;0&quot;,&quot;shutter_speed&quot;:&quot;0&quot;,&quot;title&quot;:&quot;&quot;,&quot;orientation&quot;:&quot;0&quot;}\" data-image-title=\"img_20170505_1100_20170505215061\" data-image-description=\"\" data-image-caption=\"&lt;p&gt;2017-05-05 Vo Vysok\u00fdch Tatr\u00e1ch je e\u0161te snehu dos\u0165&lt;\/p&gt;\n\" data-large-file=\"https:\/\/blog.laviny.sk\/wp-content\/uploads\/2017\/05\/img_20170505_1100_20170505215061-1024x768.jpg\" \/><\/a>\n\t\t\t<\/dt>\n\t\t\t\t<dd class='wp-caption-text gallery-caption' id='gallery-1-5253'>\n\t\t\t\t2017-05-05 Vo Vysok\u00fdch Tatr\u00e1ch je e\u0161te snehu dos\u0165\n\t\t\t\t<\/dd><\/dl><br style=\"clear: both\" \/>\n\t\t<\/div>\n\n","protected":false},"excerpt":{"rendered":"<p>Cez v\u00edkend 29. &#8211; 30.4. pri\u0161lo do slovensk\u00fdch h\u00f4r ochladenie. V sobotu a v nede\u013eu bol sneh v\u00e4\u010d\u0161inou tvrd\u00fd a zmrznut\u00fd, v\u00fdnimkou nebola ani nepr\u00edjemn\u00e1 k\u00f4ra. Oteplenie nastalo od pondelka 1.5. Pondelok bol ide\u00e1lnym d\u0148om na pohyb v\u00a0hor\u00e1ch, bolo slne\u010dn\u00e9 po\u010dasie, no v\u00a0noci e\u0161te mrzlo a\u00a0snehu vo vysok\u00fdch poloh\u00e1ch bolo e\u0161te st\u00e1le dos\u0165. Lav\u00ednov\u00e1 situ\u00e1cia&hellip;<\/p>\n","protected":false},"author":1,"featured_media":5245,"comment_status":"open","ping_status":"open","sticky":false,"template":"","format":"standard","meta":{"jetpack_post_was_ever_published":false,"_jetpack_newsletter_access":"","_jetpack_dont_email_post_to_subs":false,"_jetpack_newsletter_tier_id":0,"_jetpack_memberships_contains_paywalled_content":false,"_jetpack_memberships_contains_paid_content":false,"footnotes":"","jetpack_publicize_message":"","jetpack_publicize_feature_enabled":true,"jetpack_social_post_already_shared":true,"jetpack_social_options":{"image_generator_settings":{"template":"highway","default_image_id":0,"font":"","enabled":false},"version":2}},"categories":[4],"tags":[21,79,123,155],"class_list":["post-5239","post","type-post","status-publish","format-standard","has-post-thumbnail","hentry","category-pocasie-sneh-a-laviny","tag-chopok","tag-laviny","tag-pocasie","tag-sneh-a-laviny"],"jetpack_publicize_connections":[],"jetpack_featured_media_url":"https:\/\/blog.laviny.sk\/wp-content\/uploads\/2017\/05\/IMG_0016-e1493987345563-scaled.jpg","jetpack_sharing_enabled":true,"jetpack_shortlink":"https:\/\/wp.me\/p8DxWh-1mv","jetpack-related-posts":[],"_links":{"self":[{"href":"https:\/\/blog.laviny.sk\/index.php?rest_route=\/wp\/v2\/posts\/5239","targetHints":{"allow":["GET"]}}],"collection":[{"href":"https:\/\/blog.laviny.sk\/index.php?rest_route=\/wp\/v2\/posts"}],"about":[{"href":"https:\/\/blog.laviny.sk\/index.php?rest_route=\/wp\/v2\/types\/post"}],"author":[{"embeddable":true,"href":"https:\/\/blog.laviny.sk\/index.php?rest_route=\/wp\/v2\/users\/1"}],"replies":[{"embeddable":true,"href":"https:\/\/blog.laviny.sk\/index.php?rest_route=%2Fwp%2Fv2%2Fcomments&post=5239"}],"version-history":[{"count":3,"href":"https:\/\/blog.laviny.sk\/index.php?rest_route=\/wp\/v2\/posts\/5239\/revisions"}],"predecessor-version":[{"id":5254,"href":"https:\/\/blog.laviny.sk\/index.php?rest_route=\/wp\/v2\/posts\/5239\/revisions\/5254"}],"wp:featuredmedia":[{"embeddable":true,"href":"https:\/\/blog.laviny.sk\/index.php?rest_route=\/wp\/v2\/media\/5245"}],"wp:attachment":[{"href":"https:\/\/blog.laviny.sk\/index.php?rest_route=%2Fwp%2Fv2%2Fmedia&parent=5239"}],"wp:term":[{"taxonomy":"category","embeddable":true,"href":"https:\/\/blog.laviny.sk\/index.php?rest_route=%2Fwp%2Fv2%2Fcategories&post=5239"},{"taxonomy":"post_tag","embeddable":true,"href":"https:\/\/blog.laviny.sk\/index.php?rest_route=%2Fwp%2Fv2%2Ftags&post=5239"}],"curies":[{"name":"wp","href":"https:\/\/api.w.org\/{rel}","templated":true}]}}