{"id":4684,"date":"2017-03-10T14:42:05","date_gmt":"2017-03-10T13:42:05","guid":{"rendered":"https:\/\/slphzs.wordpress.com\/?p=4684"},"modified":"2017-04-19T13:06:05","modified_gmt":"2017-04-19T11:06:05","slug":"pocasie-sneh-laviny-od-4-3-do-10-3-2017","status":"publish","type":"post","link":"https:\/\/blog.laviny.sk\/?p=4684","title":{"rendered":"Po\u010dasie, sneh, lav\u00edny od 4.3. do 10.3.2017"},"content":{"rendered":"<p>Po ve\u013emi teplom v\u00edkende, v\u00a0noci z\u00a0nedele na pondelok kone\u010dne posne\u017eilo. Sne\u017eenie zasiahlo hlavne N\u00edzke Tatry,\u00a0Ve\u013ek\u00fa a\u00a0Mal\u00fa Fatru. Napadlo tam a\u017e okolo 35 cm nov\u00e9ho snehu, hlavne na ju\u017en\u00fdch stran\u00e1ch pohor\u00ed. Vo Vysok\u00fdch a\u00a0Z\u00e1padn\u00fdch Tatr\u00e1ch pripadlo okolo 15 a\u017e 20 cm snehu. Sneh padal pri slabom vetre a preto bol rozmiesten\u00fd rovnomerne. Hne\u010f v\u00a0pondelok v\u00a0priebehu d\u0148a pri\u0161lo mierne oteplenie a\u00a0sneh sa premo\u010dil. Prachov\u00fd charakter snehu vydr\u017eal iba vo vysok\u00fdch poloh\u00e1ch nad 1700 m n.m. Nasleduj\u00face dni sa striedali kladn\u00e9 teploty cez de\u0148 a\u00a0z\u00e1porn\u00e9 v\u00a0noci. Toto striedanie snehov\u00fa pokr\u00fdvku stabilizovalo. Teploty ale pozvo\u013ena klesali. Cel\u00fd t\u00fd\u017ede\u0148 prevl\u00e1dalo obla\u010dn\u00e9 po\u010dasie so snehov\u00fdmi preh\u00e1nkami a\u00a0slab\u00fdm vetrom. Vo \u0161tvrtok sa u\u017e objavil aj silnej\u0161\u00ed vietor, ktor\u00fd vysok\u00fdch poloh\u00e1ch uf\u00fakal posledn\u00fd prachov\u00fd sneh do tvrd\u00fdch dosiek a\u00a0vank\u00fa\u0161ov.<\/p>\n<p>\u010co sa t\u00fdka lav\u00ednovej situ\u00e1cie, hne\u010f v\u00a0pondelok sme zaznamenali splazy a\u00a0men\u0161ie lav\u00ednky v\u00a0Jasnej v\u00a0N\u00edzkych Tatr\u00e1ch a\u00a0pri O\u0161tiepkovej Mulde v\u00a0Malej Fatre. V\u00a0utorok padla vo Ve\u013ekej Fatre z\u00a0Ve\u013ekej Ram\u017einej z\u00e1kladov\u00e1 lav\u00edna v\u00e4\u010d\u0161\u00edch rozmerov. V\u00a0priebehu t\u00fd\u017ed\u0148a potom lav\u00ednov\u00e1 aktivita klesala.<\/p>\n<div id=\"attachment_4691\" style=\"width: 710px\" class=\"wp-caption aligncenter\"><img loading=\"lazy\" decoding=\"async\" aria-describedby=\"caption-attachment-4691\" data-attachment-id=\"4691\" data-permalink=\"https:\/\/blog.laviny.sk\/?attachment_id=4691#main\" data-orig-file=\"https:\/\/blog.laviny.sk\/wp-content\/uploads\/2017\/03\/image071.jpg\" data-orig-size=\"1000,562\" data-comments-opened=\"0\" data-image-meta=\"{&quot;aperture&quot;:&quot;0&quot;,&quot;credit&quot;:&quot;&quot;,&quot;camera&quot;:&quot;&quot;,&quot;caption&quot;:&quot;&quot;,&quot;created_timestamp&quot;:&quot;0&quot;,&quot;copyright&quot;:&quot;&quot;,&quot;focal_length&quot;:&quot;0&quot;,&quot;iso&quot;:&quot;0&quot;,&quot;shutter_speed&quot;:&quot;0&quot;,&quot;title&quot;:&quot;&quot;,&quot;orientation&quot;:&quot;0&quot;}\" data-image-title=\"Image07\" data-image-description=\"\" data-image-caption=\"\" data-large-file=\"https:\/\/blog.laviny.sk\/wp-content\/uploads\/2017\/03\/image071.jpg\" class=\"wp-image-4691 size-full\" src=\"https:\/\/192.168.10.134\/wp-content\/uploads\/2017\/03\/image071.jpg\" alt=\"Lav\u00edna z Ram\u017einej\" width=\"700\" height=\"393\" srcset=\"https:\/\/blog.laviny.sk\/wp-content\/uploads\/2017\/03\/image071.jpg 1000w, https:\/\/blog.laviny.sk\/wp-content\/uploads\/2017\/03\/image071-300x169.jpg 300w, https:\/\/blog.laviny.sk\/wp-content\/uploads\/2017\/03\/image071-768x432.jpg 768w\" sizes=\"auto, (max-width: 700px) 100vw, 700px\" \/><p id=\"caption-attachment-4691\" class=\"wp-caption-text\">Lav\u00edna z Ram\u017einej. zdroj: Zdeno z Ve\u013ekej Fatry<\/p><\/div>\n<p>Po\u010das v\u00edkendu o\u010dak\u00e1vame mierne ochladenie, poloobla\u010dn\u00e9 a\u017e obla\u010dn\u00e9 po\u010dasie so snehov\u00fdmi preh\u00e1nkami hlavne vo Vysok\u00fdch Tatr\u00e1ch. Na sobotn\u00e9 predpoludnie je pre Vysok\u00e9 Tatry vydan\u00e1 v\u00fdstraha 1.stup\u0148a pred siln\u00fdm vetrom, ktor\u00fd m\u00f4\u017ee dosahova\u0165 r\u00fdchlos\u0165 25 a\u017e 32 m\/s. V s\u00fa\u010dasnosti je vo v\u0161etk\u00fdch pohoriach vyhl\u00e1sen\u00fd 2. stupe\u0148 lav\u00ednov\u00e9ho nebezpe\u010denstva (mierne), po\u010das v\u00edkendu by sa lav\u00ednov\u00e1 situ\u00e1cia nemala ve\u013emi meni\u0165, preto\u017ee neo\u010dak\u00e1vame \u017eiadne ve\u013ek\u00e9 zmeny v teplot\u00e1ch ani v\u00fd\u0161ke snehu. Prajeme v\u00e1m pr\u00edjemn\u00fd a bezpe\u010dn\u00fd v\u00edkend na hor\u00e1ch.<\/p>\n\n\t\t<style type=\"text\/css\">\n\t\t\t#gallery-1 {\n\t\t\t\tmargin: auto;\n\t\t\t}\n\t\t\t#gallery-1 .gallery-item {\n\t\t\t\tfloat: left;\n\t\t\t\tmargin-top: 10px;\n\t\t\t\ttext-align: center;\n\t\t\t\twidth: 33%;\n\t\t\t}\n\t\t\t#gallery-1 img {\n\t\t\t\tborder: 2px solid #cfcfcf;\n\t\t\t}\n\t\t\t#gallery-1 .gallery-caption {\n\t\t\t\tmargin-left: 0;\n\t\t\t}\n\t\t\t\/* see gallery_shortcode() in wp-includes\/media.php *\/\n\t\t<\/style>\n\t\t<div data-carousel-extra='{&quot;blog_id&quot;:1,&quot;permalink&quot;:&quot;https:\/\/blog.laviny.sk\/?p=4684&quot;}' id='gallery-1' class='gallery galleryid-4684 gallery-columns-3 gallery-size-thumbnail'><dl class='gallery-item'>\n\t\t\t<dt class='gallery-icon landscape'>\n\t\t\t\t<a href='https:\/\/blog.laviny.sk\/?attachment_id=4693#main'><img loading=\"lazy\" decoding=\"async\" width=\"150\" height=\"150\" src=\"https:\/\/blog.laviny.sk\/wp-content\/uploads\/2017\/03\/image091-150x150.jpg\" class=\"attachment-thumbnail size-thumbnail\" alt=\"\" aria-describedby=\"gallery-1-4693\" srcset=\"https:\/\/blog.laviny.sk\/wp-content\/uploads\/2017\/03\/image091-150x150.jpg 150w, https:\/\/blog.laviny.sk\/wp-content\/uploads\/2017\/03\/image091-50x50.jpg 50w\" sizes=\"auto, (max-width: 150px) 100vw, 150px\" data-attachment-id=\"4693\" data-permalink=\"https:\/\/blog.laviny.sk\/?attachment_id=4693#main\" data-orig-file=\"https:\/\/blog.laviny.sk\/wp-content\/uploads\/2017\/03\/image091.jpg\" data-orig-size=\"1000,562\" data-comments-opened=\"0\" data-image-meta=\"{&quot;aperture&quot;:&quot;0&quot;,&quot;credit&quot;:&quot;&quot;,&quot;camera&quot;:&quot;&quot;,&quot;caption&quot;:&quot;&quot;,&quot;created_timestamp&quot;:&quot;0&quot;,&quot;copyright&quot;:&quot;&quot;,&quot;focal_length&quot;:&quot;0&quot;,&quot;iso&quot;:&quot;0&quot;,&quot;shutter_speed&quot;:&quot;0&quot;,&quot;title&quot;:&quot;&quot;,&quot;orientation&quot;:&quot;0&quot;}\" data-image-title=\"Image09\" data-image-description=\"\" data-image-caption=\"&lt;p&gt;2017-03-07 N\u00e1nos lav\u00edny v Ram\u017einej zdroj: Zdeno z Ve\u013ekej Fatry&lt;\/p&gt;\n\" data-large-file=\"https:\/\/blog.laviny.sk\/wp-content\/uploads\/2017\/03\/image091.jpg\" \/><\/a>\n\t\t\t<\/dt>\n\t\t\t\t<dd class='wp-caption-text gallery-caption' id='gallery-1-4693'>\n\t\t\t\t2017-03-07 N\u00e1nos lav\u00edny v Ram\u017einej zdroj: Zdeno z Ve\u013ekej Fatry\n\t\t\t\t<\/dd><\/dl><dl class='gallery-item'>\n\t\t\t<dt class='gallery-icon landscape'>\n\t\t\t\t<a href='https:\/\/blog.laviny.sk\/?attachment_id=4692#main'><img loading=\"lazy\" decoding=\"async\" width=\"150\" height=\"150\" src=\"https:\/\/blog.laviny.sk\/wp-content\/uploads\/2017\/03\/image081-150x150.jpg\" class=\"attachment-thumbnail size-thumbnail\" alt=\"\" aria-describedby=\"gallery-1-4692\" srcset=\"https:\/\/blog.laviny.sk\/wp-content\/uploads\/2017\/03\/image081-150x150.jpg 150w, https:\/\/blog.laviny.sk\/wp-content\/uploads\/2017\/03\/image081-50x50.jpg 50w\" sizes=\"auto, (max-width: 150px) 100vw, 150px\" data-attachment-id=\"4692\" data-permalink=\"https:\/\/blog.laviny.sk\/?attachment_id=4692#main\" data-orig-file=\"https:\/\/blog.laviny.sk\/wp-content\/uploads\/2017\/03\/image081.jpg\" data-orig-size=\"1000,562\" data-comments-opened=\"0\" data-image-meta=\"{&quot;aperture&quot;:&quot;0&quot;,&quot;credit&quot;:&quot;&quot;,&quot;camera&quot;:&quot;&quot;,&quot;caption&quot;:&quot;&quot;,&quot;created_timestamp&quot;:&quot;0&quot;,&quot;copyright&quot;:&quot;&quot;,&quot;focal_length&quot;:&quot;0&quot;,&quot;iso&quot;:&quot;0&quot;,&quot;shutter_speed&quot;:&quot;0&quot;,&quot;title&quot;:&quot;&quot;,&quot;orientation&quot;:&quot;0&quot;}\" data-image-title=\"Image08\" data-image-description=\"\" data-image-caption=\"&lt;p&gt;2017-03-07 Dr\u00e1ha lav\u00edny v Ram\u017einej zdroj: Zdeno z Ve\u013ekej Fatry&lt;\/p&gt;\n\" data-large-file=\"https:\/\/blog.laviny.sk\/wp-content\/uploads\/2017\/03\/image081.jpg\" \/><\/a>\n\t\t\t<\/dt>\n\t\t\t\t<dd class='wp-caption-text gallery-caption' id='gallery-1-4692'>\n\t\t\t\t2017-03-07 Dr\u00e1ha lav\u00edny v Ram\u017einej zdroj: Zdeno z Ve\u013ekej Fatry\n\t\t\t\t<\/dd><\/dl><dl class='gallery-item'>\n\t\t\t<dt class='gallery-icon landscape'>\n\t\t\t\t<a href='https:\/\/blog.laviny.sk\/?attachment_id=4690#main'><img loading=\"lazy\" decoding=\"async\" width=\"150\" height=\"150\" src=\"https:\/\/blog.laviny.sk\/wp-content\/uploads\/2017\/03\/image061-150x150.jpg\" class=\"attachment-thumbnail size-thumbnail\" alt=\"\" aria-describedby=\"gallery-1-4690\" srcset=\"https:\/\/blog.laviny.sk\/wp-content\/uploads\/2017\/03\/image061-150x150.jpg 150w, https:\/\/blog.laviny.sk\/wp-content\/uploads\/2017\/03\/image061-50x50.jpg 50w\" sizes=\"auto, (max-width: 150px) 100vw, 150px\" data-attachment-id=\"4690\" data-permalink=\"https:\/\/blog.laviny.sk\/?attachment_id=4690#main\" data-orig-file=\"https:\/\/blog.laviny.sk\/wp-content\/uploads\/2017\/03\/image061.jpg\" data-orig-size=\"1000,562\" data-comments-opened=\"0\" data-image-meta=\"{&quot;aperture&quot;:&quot;1.9&quot;,&quot;credit&quot;:&quot;&quot;,&quot;camera&quot;:&quot;SAMSUNG-SM-G890A&quot;,&quot;caption&quot;:&quot;&quot;,&quot;created_timestamp&quot;:&quot;1488970932&quot;,&quot;copyright&quot;:&quot;&quot;,&quot;focal_length&quot;:&quot;4.3&quot;,&quot;iso&quot;:&quot;40&quot;,&quot;shutter_speed&quot;:&quot;0.00022977941176471&quot;,&quot;title&quot;:&quot;&quot;,&quot;orientation&quot;:&quot;1&quot;}\" data-image-title=\"Image06\" data-image-description=\"\" data-image-caption=\"&lt;p&gt;2017-03-08 Pri AMS Pod \u010eurkovou, poh\u013ead na v\u00fdchod&lt;\/p&gt;\n\" data-large-file=\"https:\/\/blog.laviny.sk\/wp-content\/uploads\/2017\/03\/image061.jpg\" \/><\/a>\n\t\t\t<\/dt>\n\t\t\t\t<dd class='wp-caption-text gallery-caption' id='gallery-1-4690'>\n\t\t\t\t2017-03-08 Pri AMS Pod \u010eurkovou, poh\u013ead na v\u00fdchod\n\t\t\t\t<\/dd><\/dl><br style=\"clear: both\" \/><dl class='gallery-item'>\n\t\t\t<dt class='gallery-icon landscape'>\n\t\t\t\t<a href='https:\/\/blog.laviny.sk\/?attachment_id=4689#main'><img loading=\"lazy\" decoding=\"async\" width=\"150\" height=\"150\" src=\"https:\/\/blog.laviny.sk\/wp-content\/uploads\/2017\/03\/image051-150x150.jpg\" class=\"attachment-thumbnail size-thumbnail\" alt=\"\" aria-describedby=\"gallery-1-4689\" srcset=\"https:\/\/blog.laviny.sk\/wp-content\/uploads\/2017\/03\/image051-150x150.jpg 150w, https:\/\/blog.laviny.sk\/wp-content\/uploads\/2017\/03\/image051-50x50.jpg 50w\" sizes=\"auto, (max-width: 150px) 100vw, 150px\" data-attachment-id=\"4689\" data-permalink=\"https:\/\/blog.laviny.sk\/?attachment_id=4689#main\" data-orig-file=\"https:\/\/blog.laviny.sk\/wp-content\/uploads\/2017\/03\/image051.jpg\" data-orig-size=\"1000,562\" data-comments-opened=\"0\" data-image-meta=\"{&quot;aperture&quot;:&quot;1.9&quot;,&quot;credit&quot;:&quot;&quot;,&quot;camera&quot;:&quot;SAMSUNG-SM-G890A&quot;,&quot;caption&quot;:&quot;&quot;,&quot;created_timestamp&quot;:&quot;1488894541&quot;,&quot;copyright&quot;:&quot;&quot;,&quot;focal_length&quot;:&quot;4.3&quot;,&quot;iso&quot;:&quot;40&quot;,&quot;shutter_speed&quot;:&quot;0.00052854122621564&quot;,&quot;title&quot;:&quot;&quot;,&quot;orientation&quot;:&quot;1&quot;}\" data-image-title=\"Image05\" data-image-description=\"\" data-image-caption=\"&lt;p&gt;2017-03-07 V Ra\u010dkovej doline pri kolibe pod Klinom&lt;\/p&gt;\n\" data-large-file=\"https:\/\/blog.laviny.sk\/wp-content\/uploads\/2017\/03\/image051.jpg\" \/><\/a>\n\t\t\t<\/dt>\n\t\t\t\t<dd class='wp-caption-text gallery-caption' id='gallery-1-4689'>\n\t\t\t\t2017-03-07 V Ra\u010dkovej doline pri kolibe pod Klinom\n\t\t\t\t<\/dd><\/dl><dl class='gallery-item'>\n\t\t\t<dt class='gallery-icon landscape'>\n\t\t\t\t<a href='https:\/\/blog.laviny.sk\/?attachment_id=4688#main'><img loading=\"lazy\" decoding=\"async\" width=\"150\" height=\"150\" src=\"https:\/\/blog.laviny.sk\/wp-content\/uploads\/2017\/03\/image041-150x150.jpg\" class=\"attachment-thumbnail size-thumbnail\" alt=\"\" aria-describedby=\"gallery-1-4688\" srcset=\"https:\/\/blog.laviny.sk\/wp-content\/uploads\/2017\/03\/image041-150x150.jpg 150w, https:\/\/blog.laviny.sk\/wp-content\/uploads\/2017\/03\/image041-50x50.jpg 50w\" sizes=\"auto, (max-width: 150px) 100vw, 150px\" data-attachment-id=\"4688\" data-permalink=\"https:\/\/blog.laviny.sk\/?attachment_id=4688#main\" data-orig-file=\"https:\/\/blog.laviny.sk\/wp-content\/uploads\/2017\/03\/image041.jpg\" data-orig-size=\"1000,562\" data-comments-opened=\"0\" data-image-meta=\"{&quot;aperture&quot;:&quot;1.9&quot;,&quot;credit&quot;:&quot;&quot;,&quot;camera&quot;:&quot;SAMSUNG-SM-G890A&quot;,&quot;caption&quot;:&quot;&quot;,&quot;created_timestamp&quot;:&quot;1488887904&quot;,&quot;copyright&quot;:&quot;&quot;,&quot;focal_length&quot;:&quot;4.3&quot;,&quot;iso&quot;:&quot;40&quot;,&quot;shutter_speed&quot;:&quot;0.00033512064343164&quot;,&quot;title&quot;:&quot;&quot;,&quot;orientation&quot;:&quot;1&quot;}\" data-image-title=\"Image04\" data-image-description=\"\" data-image-caption=\"&lt;p&gt;2017-03-07 Poh\u013ead na svern\u00fa stranu Z\u00e1padn\u00fdch Tatier z Ve\u013ekej Kamenistej&lt;\/p&gt;\n\" data-large-file=\"https:\/\/blog.laviny.sk\/wp-content\/uploads\/2017\/03\/image041.jpg\" \/><\/a>\n\t\t\t<\/dt>\n\t\t\t\t<dd class='wp-caption-text gallery-caption' id='gallery-1-4688'>\n\t\t\t\t2017-03-07 Poh\u013ead na svern\u00fa stranu Z\u00e1padn\u00fdch Tatier z Ve\u013ekej Kamenistej\n\t\t\t\t<\/dd><\/dl><dl class='gallery-item'>\n\t\t\t<dt class='gallery-icon portrait'>\n\t\t\t\t<a href='https:\/\/blog.laviny.sk\/?attachment_id=4687#main'><img loading=\"lazy\" decoding=\"async\" width=\"150\" height=\"150\" src=\"https:\/\/blog.laviny.sk\/wp-content\/uploads\/2017\/03\/image031-150x150.jpg\" class=\"attachment-thumbnail size-thumbnail\" alt=\"\" aria-describedby=\"gallery-1-4687\" srcset=\"https:\/\/blog.laviny.sk\/wp-content\/uploads\/2017\/03\/image031-150x150.jpg 150w, https:\/\/blog.laviny.sk\/wp-content\/uploads\/2017\/03\/image031-50x50.jpg 50w\" sizes=\"auto, (max-width: 150px) 100vw, 150px\" data-attachment-id=\"4687\" data-permalink=\"https:\/\/blog.laviny.sk\/?attachment_id=4687#main\" data-orig-file=\"https:\/\/blog.laviny.sk\/wp-content\/uploads\/2017\/03\/image031.jpg\" data-orig-size=\"1000,1778\" data-comments-opened=\"0\" data-image-meta=\"{&quot;aperture&quot;:&quot;2.2&quot;,&quot;credit&quot;:&quot;&quot;,&quot;camera&quot;:&quot;SM-G900F&quot;,&quot;caption&quot;:&quot;&quot;,&quot;created_timestamp&quot;:&quot;1488804354&quot;,&quot;copyright&quot;:&quot;&quot;,&quot;focal_length&quot;:&quot;4.8&quot;,&quot;iso&quot;:&quot;40&quot;,&quot;shutter_speed&quot;:&quot;0.00046641791044776&quot;,&quot;title&quot;:&quot;&quot;,&quot;orientation&quot;:&quot;1&quot;}\" data-image-title=\"Image03\" data-image-description=\"\" data-image-caption=\"&lt;p&gt;2017-03-06 Splazy v O\u0161tiepkovej Mulde v Malej Fatre&lt;\/p&gt;\n\" data-large-file=\"https:\/\/blog.laviny.sk\/wp-content\/uploads\/2017\/03\/image031-576x1024.jpg\" \/><\/a>\n\t\t\t<\/dt>\n\t\t\t\t<dd class='wp-caption-text gallery-caption' id='gallery-1-4687'>\n\t\t\t\t2017-03-06 Splazy v O\u0161tiepkovej Mulde v Malej Fatre\n\t\t\t\t<\/dd><\/dl><br style=\"clear: both\" \/><dl class='gallery-item'>\n\t\t\t<dt class='gallery-icon landscape'>\n\t\t\t\t<a href='https:\/\/blog.laviny.sk\/?attachment_id=4686#main'><img loading=\"lazy\" decoding=\"async\" width=\"150\" height=\"150\" src=\"https:\/\/blog.laviny.sk\/wp-content\/uploads\/2017\/03\/image021-150x150.jpg\" class=\"attachment-thumbnail size-thumbnail\" alt=\"\" aria-describedby=\"gallery-1-4686\" srcset=\"https:\/\/blog.laviny.sk\/wp-content\/uploads\/2017\/03\/image021-150x150.jpg 150w, https:\/\/blog.laviny.sk\/wp-content\/uploads\/2017\/03\/image021-50x50.jpg 50w\" sizes=\"auto, (max-width: 150px) 100vw, 150px\" data-attachment-id=\"4686\" data-permalink=\"https:\/\/blog.laviny.sk\/?attachment_id=4686#main\" data-orig-file=\"https:\/\/blog.laviny.sk\/wp-content\/uploads\/2017\/03\/image021.jpg\" data-orig-size=\"1000,750\" data-comments-opened=\"0\" data-image-meta=\"{&quot;aperture&quot;:&quot;2.2&quot;,&quot;credit&quot;:&quot;&quot;,&quot;camera&quot;:&quot;SM-G388F&quot;,&quot;caption&quot;:&quot;&quot;,&quot;created_timestamp&quot;:&quot;1488800327&quot;,&quot;copyright&quot;:&quot;&quot;,&quot;focal_length&quot;:&quot;3.31&quot;,&quot;iso&quot;:&quot;50&quot;,&quot;shutter_speed&quot;:&quot;0.000244140625&quot;,&quot;title&quot;:&quot;&quot;,&quot;orientation&quot;:&quot;1&quot;}\" data-image-title=\"Image02\" data-image-description=\"\" data-image-caption=\"&lt;p&gt;2017-03-06 Pod Chopkom v N\u00edzkych Tatr\u00e1ch&lt;\/p&gt;\n\" data-large-file=\"https:\/\/blog.laviny.sk\/wp-content\/uploads\/2017\/03\/image021.jpg\" \/><\/a>\n\t\t\t<\/dt>\n\t\t\t\t<dd class='wp-caption-text gallery-caption' id='gallery-1-4686'>\n\t\t\t\t2017-03-06 Pod Chopkom v N\u00edzkych Tatr\u00e1ch\n\t\t\t\t<\/dd><\/dl><dl class='gallery-item'>\n\t\t\t<dt class='gallery-icon landscape'>\n\t\t\t\t<a href='https:\/\/blog.laviny.sk\/?attachment_id=4685#main'><img loading=\"lazy\" decoding=\"async\" width=\"150\" height=\"150\" src=\"https:\/\/blog.laviny.sk\/wp-content\/uploads\/2017\/03\/image011-150x150.jpg\" class=\"attachment-thumbnail size-thumbnail\" alt=\"\" aria-describedby=\"gallery-1-4685\" srcset=\"https:\/\/blog.laviny.sk\/wp-content\/uploads\/2017\/03\/image011-150x150.jpg 150w, https:\/\/blog.laviny.sk\/wp-content\/uploads\/2017\/03\/image011-50x50.jpg 50w\" sizes=\"auto, (max-width: 150px) 100vw, 150px\" data-attachment-id=\"4685\" data-permalink=\"https:\/\/blog.laviny.sk\/?attachment_id=4685#main\" data-orig-file=\"https:\/\/blog.laviny.sk\/wp-content\/uploads\/2017\/03\/image011.jpg\" data-orig-size=\"1000,750\" data-comments-opened=\"0\" data-image-meta=\"{&quot;aperture&quot;:&quot;2.2&quot;,&quot;credit&quot;:&quot;&quot;,&quot;camera&quot;:&quot;SM-G388F&quot;,&quot;caption&quot;:&quot;&quot;,&quot;created_timestamp&quot;:&quot;1488797059&quot;,&quot;copyright&quot;:&quot;&quot;,&quot;focal_length&quot;:&quot;3.31&quot;,&quot;iso&quot;:&quot;50&quot;,&quot;shutter_speed&quot;:&quot;0.00013732491073881&quot;,&quot;title&quot;:&quot;&quot;,&quot;orientation&quot;:&quot;1&quot;}\" data-image-title=\"Image01\" data-image-description=\"\" data-image-caption=\"&lt;p&gt;2017-03-06 Poh\u013ead z Chopku na Z\u00e1pad&lt;\/p&gt;\n\" data-large-file=\"https:\/\/blog.laviny.sk\/wp-content\/uploads\/2017\/03\/image011.jpg\" \/><\/a>\n\t\t\t<\/dt>\n\t\t\t\t<dd class='wp-caption-text gallery-caption' id='gallery-1-4685'>\n\t\t\t\t2017-03-06 Poh\u013ead z Chopku na Z\u00e1pad\n\t\t\t\t<\/dd><\/dl>\n\t\t\t<br style='clear: both' \/>\n\t\t<\/div>\n\n<p>&nbsp;<\/p>\n","protected":false},"excerpt":{"rendered":"<p>Po ve\u013emi teplom v\u00edkende, v\u00a0noci z\u00a0nedele na pondelok kone\u010dne posne\u017eilo. Sne\u017eenie zasiahlo hlavne N\u00edzke Tatry,\u00a0Ve\u013ek\u00fa a\u00a0Mal\u00fa Fatru. Napadlo tam a\u017e okolo 35 cm nov\u00e9ho snehu, hlavne na ju\u017en\u00fdch stran\u00e1ch pohor\u00ed. Vo Vysok\u00fdch a\u00a0Z\u00e1padn\u00fdch Tatr\u00e1ch pripadlo okolo 15 a\u017e 20 cm snehu. Sneh padal pri slabom vetre a preto bol rozmiesten\u00fd rovnomerne. Hne\u010f v\u00a0pondelok v\u00a0priebehu d\u0148a&hellip;<\/p>\n","protected":false},"author":1,"featured_media":4691,"comment_status":"closed","ping_status":"closed","sticky":false,"template":"","format":"standard","meta":{"jetpack_post_was_ever_published":false,"_jetpack_newsletter_access":"","_jetpack_dont_email_post_to_subs":false,"_jetpack_newsletter_tier_id":0,"_jetpack_memberships_contains_paywalled_content":false,"_jetpack_memberships_contains_paid_content":false,"footnotes":"","jetpack_publicize_message":"","jetpack_publicize_feature_enabled":true,"jetpack_social_post_already_shared":false,"jetpack_social_options":{"image_generator_settings":{"template":"highway","default_image_id":0,"font":"","enabled":false},"version":2}},"categories":[4],"tags":[46,62,66,123,132,154,155,156,189],"class_list":["post-4684","post","type-post","status-publish","format-standard","has-post-thumbnail","hentry","category-pocasie-sneh-a-laviny","tag-hzs","tag-krizna","tag-lavina","tag-pocasie","tag-priebeh-pocasia","tag-sneh","tag-sneh-a-laviny","tag-snehova-pokryvka","tag-velka-fatra"],"jetpack_publicize_connections":[],"jetpack_featured_media_url":"https:\/\/blog.laviny.sk\/wp-content\/uploads\/2017\/03\/image071.jpg","jetpack_sharing_enabled":true,"jetpack_shortlink":"https:\/\/wp.me\/p8DxWh-1dy","jetpack-related-posts":[],"_links":{"self":[{"href":"https:\/\/blog.laviny.sk\/index.php?rest_route=\/wp\/v2\/posts\/4684","targetHints":{"allow":["GET"]}}],"collection":[{"href":"https:\/\/blog.laviny.sk\/index.php?rest_route=\/wp\/v2\/posts"}],"about":[{"href":"https:\/\/blog.laviny.sk\/index.php?rest_route=\/wp\/v2\/types\/post"}],"author":[{"embeddable":true,"href":"https:\/\/blog.laviny.sk\/index.php?rest_route=\/wp\/v2\/users\/1"}],"replies":[{"embeddable":true,"href":"https:\/\/blog.laviny.sk\/index.php?rest_route=%2Fwp%2Fv2%2Fcomments&post=4684"}],"version-history":[{"count":1,"href":"https:\/\/blog.laviny.sk\/index.php?rest_route=\/wp\/v2\/posts\/4684\/revisions"}],"predecessor-version":[{"id":4971,"href":"https:\/\/blog.laviny.sk\/index.php?rest_route=\/wp\/v2\/posts\/4684\/revisions\/4971"}],"wp:featuredmedia":[{"embeddable":true,"href":"https:\/\/blog.laviny.sk\/index.php?rest_route=\/wp\/v2\/media\/4691"}],"wp:attachment":[{"href":"https:\/\/blog.laviny.sk\/index.php?rest_route=%2Fwp%2Fv2%2Fmedia&parent=4684"}],"wp:term":[{"taxonomy":"category","embeddable":true,"href":"https:\/\/blog.laviny.sk\/index.php?rest_route=%2Fwp%2Fv2%2Fcategories&post=4684"},{"taxonomy":"post_tag","embeddable":true,"href":"https:\/\/blog.laviny.sk\/index.php?rest_route=%2Fwp%2Fv2%2Ftags&post=4684"}],"curies":[{"name":"wp","href":"https:\/\/api.w.org\/{rel}","templated":true}]}}