{"id":410,"date":"2013-04-12T08:46:40","date_gmt":"2013-04-12T07:46:40","guid":{"rendered":"http:\/\/slphzs.wordpress.com\/?p=410"},"modified":"2017-04-19T14:54:32","modified_gmt":"2017-04-19T12:54:32","slug":"priebeh-pocasia-od-8-do-12-aprila-2013","status":"publish","type":"post","link":"https:\/\/blog.laviny.sk\/?p=410","title":{"rendered":"Priebeh po\u010dasia od 8. do 12. apr\u00edla 2013"},"content":{"rendered":"<p style=\"text-align: justify;\">Za\u010diatok t\u00fd\u017ed\u0148a sa niesol v\u00a0znamen\u00ed pekn\u00e9ho slne\u010dn\u00e9ho po\u010dasia. V\u00a0najvy\u0161\u0161\u00edch poloh\u00e1ch sa s\u00edce rann\u00e9 teploty pohybovali okolo \u2013 10 \u00ba C, ale v\u010faka slnku bolo cez de\u0148 pr\u00edjemne teplo. Vietor f\u00fakal severn\u00fd ale len mierny. Nesk\u00f4r v \u00a0priebehu t\u00fd\u017ed\u0148a sa zamra\u010dilo, na podhor\u00ed sp\u0155chlo a\u00a0na hor\u00e1ch pripadlo za cel\u00fd t\u00fd\u017ede\u0148 celkovo 8 cm nov\u00e9ho snehu. Teploty sa u\u017e pomaly ale isto bl\u00ed\u017eia k\u00a0jarn\u00e9mu norm\u00e1lu aj ke\u010f e\u0161te v\u00a0najvy\u0161\u0161\u00edch poloh\u00e1ch je celodenn\u00fd mr\u00e1z. Vplyvom striedania no\u010dn\u00fdch \u2013 z\u00e1porn\u00fdch a\u00a0denn\u00fdch \u2013 kladn\u00fdch tepl\u00f4t sa snehov\u00e1 pokr\u00fdvka stabilizovala.<\/p>\n<p style=\"text-align: justify;\">Lok\u00e1lne sa v najvy\u0161\u0161\u00edch poloh\u00e1ch Vysok\u00fdch Tatier, najm\u00e4 na\u00a0 ich severn\u00fdch tienist\u00fdch svahoch\u00a0 m\u00f4\u017eu vyskytova\u0165 menej stabiln\u00e9 dosky a\u00a0vank\u00fa\u0161e. Na ne pozor. Sneh sa v\u00a0priebehu d\u0148a men\u00ed. R\u00e1no je tvrd\u00fd, nosn\u00fd pripadne je k\u00f4ra. Po\u010das d\u0148a m\u00e4kne a\u00a0ka\u0161ovatie. V\u00a0ni\u017e\u0161\u00edch poloh\u00e1ch a\u00a0na slnkom osvieten\u00fdch svahoch m\u00f4\u017ee by\u0165 premo\u010den\u00fd a\u017e po zem. Zvl\u00e1\u0161\u0165 treba by\u0165 opatrn\u00fd na takto nasvieten\u00fdch strm\u00fdch svahoch. Zv\u00fd\u0161en\u00fa opatrnos\u0165 treba dba\u0165 pri pohybe bl\u00edzko prevejov.<\/p>\n<p style=\"text-align: justify;\">Tento rok s\u00fa v\u00fdnimo\u010dn\u00e9 ve\u013ek\u00e9 a\u00a0pri oteplen\u00ed sa m\u00f4\u017eu vyda\u0165 na r\u00fdchlu cestu do doliny strh\u00e1vaj\u00fac so sebou v\u0161etko \u010do im stoj\u00ed v\u00a0ceste. Lav\u00ednov\u00e1 aktivita po\u010das uplynul\u00e9ho t\u00fd\u017ed\u0148a bolo len minim\u00e1lna. Zaznamenali sme nieko\u013eko splazov a\u00a0men\u0161\u00edch lav\u00edn. Cez v\u00edkend by malo by\u0165 po\u010dasie premenliv\u00e9. Vyskytn\u00fa sa lok\u00e1lne zr\u00e1\u017eky a\u00a0preh\u00e1nky (od nadmorskej v\u00fd\u0161ky cca 2000m snehov\u00e9). Slnko by malo zasvieti\u0165 najm\u00e4 v\u00a0nede\u013eu. \u010co sa t\u00fdka snehovej pokr\u00fdvky, tak v\u00a0pr\u00edpade dlh\u0161ie trvaj\u00facich zr\u00e1\u017eok a\u00a0oteplenia, m\u00f4\u017eu by\u0165 svahy pod 2000 m n. m. celkom nebezpe\u010dn\u00e9. Sneh v\u00a0t\u00fdchto poloh\u00e1ch bude pravdepodobne v\u00fdrazne premo\u010den\u00fd a\u00a0na strm\u00fdch svahoch aj nestabiln\u00fd. Tendencia lav\u00ednov\u00e9ho nebezpe\u010denstva je na v\u00edkend mierne st\u00fapaj\u00faca.<\/p>\n\n\t\t<style type=\"text\/css\">\n\t\t\t#gallery-1 {\n\t\t\t\tmargin: auto;\n\t\t\t}\n\t\t\t#gallery-1 .gallery-item {\n\t\t\t\tfloat: left;\n\t\t\t\tmargin-top: 10px;\n\t\t\t\ttext-align: center;\n\t\t\t\twidth: 33%;\n\t\t\t}\n\t\t\t#gallery-1 img {\n\t\t\t\tborder: 2px solid #cfcfcf;\n\t\t\t}\n\t\t\t#gallery-1 .gallery-caption {\n\t\t\t\tmargin-left: 0;\n\t\t\t}\n\t\t\t\/* see gallery_shortcode() in wp-includes\/media.php *\/\n\t\t<\/style>\n\t\t<div data-carousel-extra='{&quot;blog_id&quot;:1,&quot;permalink&quot;:&quot;https:\/\/blog.laviny.sk\/?p=410&quot;}' id='gallery-1' class='gallery galleryid-410 gallery-columns-3 gallery-size-large'><dl class='gallery-item'>\n\t\t\t<dt class='gallery-icon landscape'>\n\t\t\t\t<a href='https:\/\/blog.laviny.sk\/?attachment_id=411#main'><img loading=\"lazy\" decoding=\"async\" width=\"700\" height=\"525\" src=\"https:\/\/blog.laviny.sk\/wp-content\/uploads\/2014\/11\/2013-04-08-13-12-24-1024x768.jpg\" class=\"attachment-large size-large\" alt=\"\" srcset=\"https:\/\/blog.laviny.sk\/wp-content\/uploads\/2014\/11\/2013-04-08-13-12-24-1024x768.jpg 1024w, https:\/\/blog.laviny.sk\/wp-content\/uploads\/2014\/11\/2013-04-08-13-12-24-300x225.jpg 300w, https:\/\/blog.laviny.sk\/wp-content\/uploads\/2014\/11\/2013-04-08-13-12-24-768x576.jpg 768w, https:\/\/blog.laviny.sk\/wp-content\/uploads\/2014\/11\/2013-04-08-13-12-24-1536x1152.jpg 1536w, https:\/\/blog.laviny.sk\/wp-content\/uploads\/2014\/11\/2013-04-08-13-12-24.jpg 1600w\" sizes=\"auto, (max-width: 700px) 100vw, 700px\" data-attachment-id=\"411\" data-permalink=\"https:\/\/blog.laviny.sk\/?attachment_id=411#main\" data-orig-file=\"https:\/\/blog.laviny.sk\/wp-content\/uploads\/2014\/11\/2013-04-08-13-12-24.jpg\" data-orig-size=\"1600,1200\" data-comments-opened=\"0\" data-image-meta=\"{&quot;aperture&quot;:&quot;0&quot;,&quot;credit&quot;:&quot;&quot;,&quot;camera&quot;:&quot;&quot;,&quot;caption&quot;:&quot;&quot;,&quot;created_timestamp&quot;:&quot;0&quot;,&quot;copyright&quot;:&quot;&quot;,&quot;focal_length&quot;:&quot;0&quot;,&quot;iso&quot;:&quot;0&quot;,&quot;shutter_speed&quot;:&quot;0&quot;,&quot;title&quot;:&quot;&quot;,&quot;orientation&quot;:&quot;0&quot;}\" data-image-title=\"Zverovka, apr\u00edl 2013\" data-image-description=\"\" data-image-caption=\"\" data-large-file=\"https:\/\/blog.laviny.sk\/wp-content\/uploads\/2014\/11\/2013-04-08-13-12-24-1024x768.jpg\" \/><\/a>\n\t\t\t<\/dt><\/dl><dl class='gallery-item'>\n\t\t\t<dt class='gallery-icon landscape'>\n\t\t\t\t<a href='https:\/\/blog.laviny.sk\/?attachment_id=412#main'><img loading=\"lazy\" decoding=\"async\" width=\"700\" height=\"525\" src=\"https:\/\/blog.laviny.sk\/wp-content\/uploads\/2014\/11\/imgp1667-1024x768.jpg\" class=\"attachment-large size-large\" alt=\"\" srcset=\"https:\/\/blog.laviny.sk\/wp-content\/uploads\/2014\/11\/imgp1667-1024x768.jpg 1024w, https:\/\/blog.laviny.sk\/wp-content\/uploads\/2014\/11\/imgp1667-300x225.jpg 300w, https:\/\/blog.laviny.sk\/wp-content\/uploads\/2014\/11\/imgp1667-768x576.jpg 768w, https:\/\/blog.laviny.sk\/wp-content\/uploads\/2014\/11\/imgp1667-1536x1152.jpg 1536w, https:\/\/blog.laviny.sk\/wp-content\/uploads\/2014\/11\/imgp1667.jpg 1600w\" sizes=\"auto, (max-width: 700px) 100vw, 700px\" data-attachment-id=\"412\" data-permalink=\"https:\/\/blog.laviny.sk\/?attachment_id=412#main\" data-orig-file=\"https:\/\/blog.laviny.sk\/wp-content\/uploads\/2014\/11\/imgp1667.jpg\" data-orig-size=\"1600,1200\" data-comments-opened=\"0\" data-image-meta=\"{&quot;aperture&quot;:&quot;0&quot;,&quot;credit&quot;:&quot;&quot;,&quot;camera&quot;:&quot;&quot;,&quot;caption&quot;:&quot;&quot;,&quot;created_timestamp&quot;:&quot;0&quot;,&quot;copyright&quot;:&quot;&quot;,&quot;focal_length&quot;:&quot;0&quot;,&quot;iso&quot;:&quot;0&quot;,&quot;shutter_speed&quot;:&quot;0&quot;,&quot;title&quot;:&quot;&quot;,&quot;orientation&quot;:&quot;0&quot;}\" data-image-title=\"AMS pod Hrubou kopou\" data-image-description=\"\" data-image-caption=\"\" data-large-file=\"https:\/\/blog.laviny.sk\/wp-content\/uploads\/2014\/11\/imgp1667-1024x768.jpg\" \/><\/a>\n\t\t\t<\/dt><\/dl><dl class='gallery-item'>\n\t\t\t<dt class='gallery-icon landscape'>\n\t\t\t\t<a href='https:\/\/blog.laviny.sk\/?attachment_id=413#main'><img loading=\"lazy\" decoding=\"async\" width=\"700\" height=\"525\" src=\"https:\/\/blog.laviny.sk\/wp-content\/uploads\/2014\/11\/imgp1677-1024x768.jpg\" class=\"attachment-large size-large\" alt=\"\" srcset=\"https:\/\/blog.laviny.sk\/wp-content\/uploads\/2014\/11\/imgp1677-1024x768.jpg 1024w, https:\/\/blog.laviny.sk\/wp-content\/uploads\/2014\/11\/imgp1677-300x225.jpg 300w, https:\/\/blog.laviny.sk\/wp-content\/uploads\/2014\/11\/imgp1677-768x576.jpg 768w, https:\/\/blog.laviny.sk\/wp-content\/uploads\/2014\/11\/imgp1677-1536x1152.jpg 1536w, https:\/\/blog.laviny.sk\/wp-content\/uploads\/2014\/11\/imgp1677.jpg 1600w\" sizes=\"auto, (max-width: 700px) 100vw, 700px\" data-attachment-id=\"413\" data-permalink=\"https:\/\/blog.laviny.sk\/?attachment_id=413#main\" data-orig-file=\"https:\/\/blog.laviny.sk\/wp-content\/uploads\/2014\/11\/imgp1677.jpg\" data-orig-size=\"1600,1200\" data-comments-opened=\"0\" data-image-meta=\"{&quot;aperture&quot;:&quot;0&quot;,&quot;credit&quot;:&quot;&quot;,&quot;camera&quot;:&quot;&quot;,&quot;caption&quot;:&quot;&quot;,&quot;created_timestamp&quot;:&quot;0&quot;,&quot;copyright&quot;:&quot;&quot;,&quot;focal_length&quot;:&quot;0&quot;,&quot;iso&quot;:&quot;0&quot;,&quot;shutter_speed&quot;:&quot;0&quot;,&quot;title&quot;:&quot;&quot;,&quot;orientation&quot;:&quot;0&quot;}\" data-image-title=\"Snehov\u00fd profil pod Hrubou kopou\" data-image-description=\"\" data-image-caption=\"\" data-large-file=\"https:\/\/blog.laviny.sk\/wp-content\/uploads\/2014\/11\/imgp1677-1024x768.jpg\" \/><\/a>\n\t\t\t<\/dt><\/dl><br style=\"clear: both\" \/>\n\t\t<\/div>\n\n","protected":false},"excerpt":{"rendered":"<p>Za\u010diatok t\u00fd\u017ed\u0148a sa niesol v\u00a0znamen\u00ed pekn\u00e9ho slne\u010dn\u00e9ho po\u010dasia. V\u00a0najvy\u0161\u0161\u00edch poloh\u00e1ch sa s\u00edce rann\u00e9 teploty pohybovali okolo \u2013 10 \u00ba C, ale v\u010faka slnku bolo cez de\u0148 pr\u00edjemne teplo. Vietor f\u00fakal severn\u00fd ale len mierny. Nesk\u00f4r v \u00a0priebehu t\u00fd\u017ed\u0148a sa zamra\u010dilo, na podhor\u00ed sp\u0155chlo a\u00a0na hor\u00e1ch pripadlo za cel\u00fd t\u00fd\u017ede\u0148 celkovo 8 cm nov\u00e9ho snehu. Teploty&hellip;<\/p>\n","protected":false},"author":1,"featured_media":412,"comment_status":"closed","ping_status":"closed","sticky":false,"template":"","format":"standard","meta":{"jetpack_post_was_ever_published":false,"_jetpack_newsletter_access":"","_jetpack_dont_email_post_to_subs":false,"_jetpack_newsletter_tier_id":0,"_jetpack_memberships_contains_paywalled_content":false,"_jetpack_memberships_contains_paid_content":false,"footnotes":"","jetpack_publicize_message":"","jetpack_publicize_feature_enabled":true,"jetpack_social_post_already_shared":true,"jetpack_social_options":{"image_generator_settings":{"template":"highway","default_image_id":0,"font":"","enabled":false},"version":2}},"categories":[4],"tags":[8,123,154,202,214],"class_list":["post-410","post","type-post","status-publish","format-standard","has-post-thumbnail","hentry","category-pocasie-sneh-a-laviny","tag-ams","tag-pocasie","tag-sneh","tag-zapadne-tatry","tag-ziarska-dolina"],"jetpack_publicize_connections":[],"jetpack_featured_media_url":"https:\/\/blog.laviny.sk\/wp-content\/uploads\/2014\/11\/imgp1667.jpg","jetpack_sharing_enabled":true,"jetpack_shortlink":"https:\/\/wp.me\/p8DxWh-6C","jetpack-related-posts":[],"_links":{"self":[{"href":"https:\/\/blog.laviny.sk\/index.php?rest_route=\/wp\/v2\/posts\/410","targetHints":{"allow":["GET"]}}],"collection":[{"href":"https:\/\/blog.laviny.sk\/index.php?rest_route=\/wp\/v2\/posts"}],"about":[{"href":"https:\/\/blog.laviny.sk\/index.php?rest_route=\/wp\/v2\/types\/post"}],"author":[{"embeddable":true,"href":"https:\/\/blog.laviny.sk\/index.php?rest_route=\/wp\/v2\/users\/1"}],"replies":[{"embeddable":true,"href":"https:\/\/blog.laviny.sk\/index.php?rest_route=%2Fwp%2Fv2%2Fcomments&post=410"}],"version-history":[{"count":1,"href":"https:\/\/blog.laviny.sk\/index.php?rest_route=\/wp\/v2\/posts\/410\/revisions"}],"predecessor-version":[{"id":5155,"href":"https:\/\/blog.laviny.sk\/index.php?rest_route=\/wp\/v2\/posts\/410\/revisions\/5155"}],"wp:featuredmedia":[{"embeddable":true,"href":"https:\/\/blog.laviny.sk\/index.php?rest_route=\/wp\/v2\/media\/412"}],"wp:attachment":[{"href":"https:\/\/blog.laviny.sk\/index.php?rest_route=%2Fwp%2Fv2%2Fmedia&parent=410"}],"wp:term":[{"taxonomy":"category","embeddable":true,"href":"https:\/\/blog.laviny.sk\/index.php?rest_route=%2Fwp%2Fv2%2Fcategories&post=410"},{"taxonomy":"post_tag","embeddable":true,"href":"https:\/\/blog.laviny.sk\/index.php?rest_route=%2Fwp%2Fv2%2Ftags&post=410"}],"curies":[{"name":"wp","href":"https:\/\/api.w.org\/{rel}","templated":true}]}}