{"id":402,"date":"2013-04-05T22:10:00","date_gmt":"2013-04-05T21:10:00","guid":{"rendered":"http:\/\/slphzs.wordpress.com\/?p=402"},"modified":"2017-04-19T14:55:24","modified_gmt":"2017-04-19T12:55:24","slug":"priebeh-pocasia-od-29-marca-do-5-aprila-2013","status":"publish","type":"post","link":"https:\/\/blog.laviny.sk\/?p=402","title":{"rendered":"Priebeh po\u010dasia od 29. marca do 5. apr\u00edla 2013"},"content":{"rendered":"<p style=\"text-align: justify;\">Po\u010das pred\u013a\u017een\u00e9ho ve\u013ekono\u010dn\u00e9ho v\u00edkendu (29.3. a\u017e 1.4.) bolo v\u00e4\u010d\u0161inou zamra\u010den\u00e9 so zr\u00e1\u017ekami, na za\u010diatku e\u0161te snehov\u00fdmi, ktor\u00e9 postupne pri oteplen\u00ed zo soboty na nede\u013eu pre\u0161li do da\u017e\u010fov\u00fdch. Z nedele na pondelok sa op\u00e4\u0165 ochladilo a znova za\u010dalo sne\u017ei\u0165. Za t\u00fato peri\u00f3du sne\u017eenia napadlo od 20 do 60 cm. F\u00fakal preva\u017ene mierny a\u017e dos\u0165 \u010derstv\u00fd vietor ju\u017en\u00fdch a z\u00e1padn\u00fdch smerov, ktor\u00fd sneh poprevieval na z\u00e1vetern\u00e9 strany (preva\u017ene severn\u00e9 a severov\u00fdchodn\u00e9). Vplyvom vetra je snehov\u00e1 pokr\u00fdvka rozlo\u017een\u00e1 ve\u013emi nerovnomerne. Miestami je sneh vyf\u00fakan\u00fd a\u017e na tvrd\u00fd podklad. Inde sa zasa vytvorili snehov\u00e9 z\u00e1veje, dosky a vank\u00fa\u0161e. Vplyvom spom\u00ednan\u00e9ho oteplenia a da\u017e\u010fa a n\u00e1sledn\u00e9ho ochladenia sa snehov\u00e1 pokr\u00fdvka \u010diasto\u010dne stabilizovala (<a href=\"http:\/\/www.laviny.sk\/novinky\/snehove-profily-a-testy-stability-od-1-do-5-aprila-2013\/\" target=\"_blank\">Snehov\u00e9 profily a testy stability od 1. do 5. apr\u00edla 2013<\/a>). V najvy\u0161\u0161\u00edch poloh\u00e1ch Tatier sa na jej povrchu nach\u00e1dza 10 a\u017e 30 cm nov\u00e9ho such\u00e9ho snehu, ktor\u00fd je na ojedinel\u00fdch strm\u00fdch svahoch len \u010diasto\u010dne previazan\u00fd s podkladom. S\u00favisl\u00e1 snehov\u00e1 pokr\u00fdvka je vo v\u0161etk\u00fdch poloh\u00e1ch, od podhoria a\u017e po hrebene a postupne sad\u00e1. Na hrebe\u0148och s\u00fa ve\u013ek\u00e9 nebezpe\u010dn\u00e9 preveje.<\/p>\n\n\t\t<style type=\"text\/css\">\n\t\t\t#gallery-1 {\n\t\t\t\tmargin: auto;\n\t\t\t}\n\t\t\t#gallery-1 .gallery-item {\n\t\t\t\tfloat: left;\n\t\t\t\tmargin-top: 10px;\n\t\t\t\ttext-align: center;\n\t\t\t\twidth: 33%;\n\t\t\t}\n\t\t\t#gallery-1 img {\n\t\t\t\tborder: 2px solid #cfcfcf;\n\t\t\t}\n\t\t\t#gallery-1 .gallery-caption {\n\t\t\t\tmargin-left: 0;\n\t\t\t}\n\t\t\t\/* see gallery_shortcode() in wp-includes\/media.php *\/\n\t\t<\/style>\n\t\t<div data-carousel-extra='{&quot;blog_id&quot;:1,&quot;permalink&quot;:&quot;https:\/\/blog.laviny.sk\/?p=402&quot;}' id='gallery-1' class='gallery galleryid-402 gallery-columns-3 gallery-size-large'><dl class='gallery-item'>\n\t\t\t<dt class='gallery-icon landscape'>\n\t\t\t\t<a href='https:\/\/blog.laviny.sk\/?attachment_id=404#main'><img loading=\"lazy\" decoding=\"async\" width=\"700\" height=\"525\" src=\"https:\/\/blog.laviny.sk\/wp-content\/uploads\/2014\/11\/abe72-p1260641-1024x768.jpg\" class=\"attachment-large size-large\" alt=\"\" srcset=\"https:\/\/blog.laviny.sk\/wp-content\/uploads\/2014\/11\/abe72-p1260641-1024x768.jpg 1024w, https:\/\/blog.laviny.sk\/wp-content\/uploads\/2014\/11\/abe72-p1260641-300x225.jpg 300w, https:\/\/blog.laviny.sk\/wp-content\/uploads\/2014\/11\/abe72-p1260641-768x576.jpg 768w, https:\/\/blog.laviny.sk\/wp-content\/uploads\/2014\/11\/abe72-p1260641-1536x1152.jpg 1536w, https:\/\/blog.laviny.sk\/wp-content\/uploads\/2014\/11\/abe72-p1260641.jpg 1600w\" sizes=\"auto, (max-width: 700px) 100vw, 700px\" data-attachment-id=\"404\" data-permalink=\"https:\/\/blog.laviny.sk\/?attachment_id=404#main\" data-orig-file=\"https:\/\/blog.laviny.sk\/wp-content\/uploads\/2014\/11\/abe72-p1260641.jpg\" data-orig-size=\"1600,1200\" data-comments-opened=\"0\" data-image-meta=\"{&quot;aperture&quot;:&quot;0&quot;,&quot;credit&quot;:&quot;&quot;,&quot;camera&quot;:&quot;&quot;,&quot;caption&quot;:&quot;&quot;,&quot;created_timestamp&quot;:&quot;0&quot;,&quot;copyright&quot;:&quot;&quot;,&quot;focal_length&quot;:&quot;0&quot;,&quot;iso&quot;:&quot;0&quot;,&quot;shutter_speed&quot;:&quot;0&quot;,&quot;title&quot;:&quot;&quot;,&quot;orientation&quot;:&quot;0&quot;}\" data-image-title=\"Nebezpe\u010dn\u00e9 preveje na hrebeni N\u00edzkych Tatier, 2.4.2013\" data-image-description=\"\" data-image-caption=\"\" data-large-file=\"https:\/\/blog.laviny.sk\/wp-content\/uploads\/2014\/11\/abe72-p1260641-1024x768.jpg\" \/><\/a>\n\t\t\t<\/dt><\/dl><dl class='gallery-item'>\n\t\t\t<dt class='gallery-icon landscape'>\n\t\t\t\t<a href='https:\/\/blog.laviny.sk\/?attachment_id=406#main'><img loading=\"lazy\" decoding=\"async\" width=\"700\" height=\"525\" src=\"https:\/\/blog.laviny.sk\/wp-content\/uploads\/2014\/11\/11283-choc1.png\" class=\"attachment-large size-large\" alt=\"\" srcset=\"https:\/\/blog.laviny.sk\/wp-content\/uploads\/2014\/11\/11283-choc1.png 960w, https:\/\/blog.laviny.sk\/wp-content\/uploads\/2014\/11\/11283-choc1-300x225.png 300w, https:\/\/blog.laviny.sk\/wp-content\/uploads\/2014\/11\/11283-choc1-768x576.png 768w\" sizes=\"auto, (max-width: 700px) 100vw, 700px\" data-attachment-id=\"406\" data-permalink=\"https:\/\/blog.laviny.sk\/?attachment_id=406#main\" data-orig-file=\"https:\/\/blog.laviny.sk\/wp-content\/uploads\/2014\/11\/11283-choc1.png\" data-orig-size=\"960,720\" data-comments-opened=\"0\" data-image-meta=\"{&quot;aperture&quot;:&quot;0&quot;,&quot;credit&quot;:&quot;&quot;,&quot;camera&quot;:&quot;&quot;,&quot;caption&quot;:&quot;&quot;,&quot;created_timestamp&quot;:&quot;0&quot;,&quot;copyright&quot;:&quot;&quot;,&quot;focal_length&quot;:&quot;0&quot;,&quot;iso&quot;:&quot;0&quot;,&quot;shutter_speed&quot;:&quot;0&quot;,&quot;title&quot;:&quot;&quot;,&quot;orientation&quot;:&quot;0&quot;}\" data-image-title=\"Odtrhy men\u0161\u00edch lav\u00edn na tr\u00e1vnatom podklade\" data-image-description=\"\" data-image-caption=\"\" data-large-file=\"https:\/\/blog.laviny.sk\/wp-content\/uploads\/2014\/11\/11283-choc1.png\" \/><\/a>\n\t\t\t<\/dt><\/dl>\n\t\t\t<br style='clear: both' \/>\n\t\t<\/div>\n\n<p style=\"text-align: justify;\">Po\u010das v\u00edkendu predpoklad\u00e1me, \u017ee bude spo\u010diatku zamra\u010den\u00e9 a ob\u010dasn\u00e9 sne\u017eenie, okolo cca 700 m d\u00e1\u017e\u010f, d\u00e1\u017e\u010f so snehom. V priebehu soboty by mali zr\u00e1\u017eky ust\u00e1va\u0165 a obla\u010dnos\u0165 by sa mala tie\u017e \u010diasto\u010dne zmen\u0161ova\u0165. Vo vysok\u00fdch poloh\u00e1ch v sobotu k ve\u010deru b&amp; malo by\u0165 u\u017e poloobla\u010dno. F\u00faka\u0165 bude preva\u017ene severn\u00fd vietor 3 a\u017e 7 m\/s, vo vysok\u00fdch poloh\u00e1ch z\u00e1padn\u00fd s r\u00fdchlos\u0165ou 6 a\u017e 11 m\/s (do 40 km\/hod.). Teplota vzduchu v nadmorskej v\u00fd\u0161ke 1500 m vyst\u00fapi na -3\u00b0 C. V nede\u013eu by malo by\u0165 obla\u010dno, miestami a\u017e poloobla\u010dno, ojedinele so snehov\u00fdmi preh\u00e1nkami.<br \/>\n<b><i>Lav\u00ednov\u00e1 aktivita<\/i><\/b><br \/>\nPo\u010das sviatkov bolo v na\u0161ich hor\u00e1ch zv\u00fd\u0161en\u00e9 lav\u00ednov\u00e9 nebezpe\u010denstvo, t.j. 3. stupe\u0148 z 5-dielnej medzin\u00e1rodnej stupnice. V piatok 29. marca v popolud\u0148aj\u0161\u00edch hodin\u00e1ch\u00a0 si pri zjazde zpod vrcholu Ve\u013ek\u00e9ho Cho\u010da dvaja skialpinisti odtrhli doskov\u00fa lav\u00ednu. D\u013a\u017eka jej dr\u00e1hy bola asi 300 m. Na\u0161\u0165astie skon\u010dili bez zranen\u00ed na jej povrchu.<\/p>\n<p style=\"text-align: justify;\">V nede\u013eu 31. marca spadla lav\u00edna aj na atypickom svahu vo Ve\u013ekom Sokoli v Slovenskom raji. Zasiahla a \u00faplne zasypala \u010desk\u00fa turistku, ktor\u00fa z lav\u00edny vyslobodili jej kolegovia. Turistke lav\u00edna sp\u00f4sobila viacpo\u010detn\u00e9\u00a0 poranenia hlavy, rebier,\u00a0 panvy alebo bedrov\u00e9ho k\u013abu.<\/p>\n<p>V priebehu t\u00fd\u017ed\u0148a sa snehov\u00e1 pokr\u00fdvka postupne stabilizovala a lav\u00ednov\u00e9 nebezpe\u010denstvo v na\u0161ich hor\u00e1ch kleslo na 2. stupe\u0148 medzin\u00e1rodnej stupnice. Predpoklad\u00e1me, \u017ee aj cez nasleduj\u00faci v\u00edkend bude mierne lav\u00ednov\u00e9 nebezpe\u010denstvo. Snehov\u00e1 pokr\u00fdvka je na ojedinel\u00fdch strm\u00fdch svahoch (svahy nad 30 st.) len mierne spevnen\u00e1. Nov\u00fd nesadnut\u00fd sneh z poslednej peri\u00f3dy sne\u017eenia je previevan\u00fd na z\u00e1vetern\u00e9 svahy, kde s\u00fa vytvoren\u00e9 nestabiln\u00e9 snehov\u00e9 dosky a vank\u00fa\u0161e. Ich uvo\u013enenie je mo\u017en\u00e9 hlavne pri ve\u013ekom dodato\u010dnom za\u0165a\u017een\u00ed obzvl\u00e1\u0161\u0165 na uveden\u00fdch strm\u00fdch svahoch. Mo\u017en\u00e9 je uvo\u013enenie spont\u00e1nnych splazov a mal\u00fdch lav\u00edn. Na hrebe\u0148och sa nach\u00e1dzaj\u00fa nebezpe\u010dn\u00e9 ve\u013ek\u00e9 preveje. Pohyb vo vysokohorskom ter\u00e9ne si aj tak vy\u017eaduje znalos\u0165 pos\u00fadenia lok\u00e1lnej lav\u00ednovej situ\u00e1cie. Tendencia lav\u00ednov\u00e9ho nebezpe\u010denstva m\u00f4\u017ee by\u0165 pri intenz\u00edvnej\u0161\u00edch zr\u00e1\u017ekach mierne st\u00fapaj\u00faca.<\/p>\n<p>Foto: Arch\u00edv SLP<br \/>\nMilan Lizuch<\/p>\n<p style=\"text-align: justify;\">\n","protected":false},"excerpt":{"rendered":"<p>Po\u010das pred\u013a\u017een\u00e9ho ve\u013ekono\u010dn\u00e9ho v\u00edkendu (29.3. a\u017e 1.4.) bolo v\u00e4\u010d\u0161inou zamra\u010den\u00e9 so zr\u00e1\u017ekami, na za\u010diatku e\u0161te snehov\u00fdmi, ktor\u00e9 postupne pri oteplen\u00ed zo soboty na nede\u013eu pre\u0161li do da\u017e\u010fov\u00fdch. Z nedele na pondelok sa op\u00e4\u0165 ochladilo a znova za\u010dalo sne\u017ei\u0165. Za t\u00fato peri\u00f3du sne\u017eenia napadlo od 20 do 60 cm. F\u00fakal preva\u017ene mierny a\u017e dos\u0165 \u010derstv\u00fd vietor&hellip;<\/p>\n","protected":false},"author":1,"featured_media":406,"comment_status":"closed","ping_status":"closed","sticky":false,"template":"","format":"standard","meta":{"jetpack_post_was_ever_published":false,"_jetpack_newsletter_access":"","_jetpack_dont_email_post_to_subs":false,"_jetpack_newsletter_tier_id":0,"_jetpack_memberships_contains_paywalled_content":false,"_jetpack_memberships_contains_paid_content":false,"footnotes":"","jetpack_publicize_message":"","jetpack_publicize_feature_enabled":true,"jetpack_social_post_already_shared":true,"jetpack_social_options":{"image_generator_settings":{"template":"highway","default_image_id":0,"font":"","enabled":false},"version":2}},"categories":[4],"tags":[105,123,154],"class_list":["post-402","post","type-post","status-publish","format-standard","has-post-thumbnail","hentry","category-pocasie-sneh-a-laviny","tag-nizke-tatry","tag-pocasie","tag-sneh"],"jetpack_publicize_connections":[],"jetpack_featured_media_url":"https:\/\/blog.laviny.sk\/wp-content\/uploads\/2014\/11\/11283-choc1.png","jetpack_sharing_enabled":true,"jetpack_shortlink":"https:\/\/wp.me\/p8DxWh-6u","jetpack-related-posts":[],"_links":{"self":[{"href":"https:\/\/blog.laviny.sk\/index.php?rest_route=\/wp\/v2\/posts\/402","targetHints":{"allow":["GET"]}}],"collection":[{"href":"https:\/\/blog.laviny.sk\/index.php?rest_route=\/wp\/v2\/posts"}],"about":[{"href":"https:\/\/blog.laviny.sk\/index.php?rest_route=\/wp\/v2\/types\/post"}],"author":[{"embeddable":true,"href":"https:\/\/blog.laviny.sk\/index.php?rest_route=\/wp\/v2\/users\/1"}],"replies":[{"embeddable":true,"href":"https:\/\/blog.laviny.sk\/index.php?rest_route=%2Fwp%2Fv2%2Fcomments&post=402"}],"version-history":[{"count":1,"href":"https:\/\/blog.laviny.sk\/index.php?rest_route=\/wp\/v2\/posts\/402\/revisions"}],"predecessor-version":[{"id":5157,"href":"https:\/\/blog.laviny.sk\/index.php?rest_route=\/wp\/v2\/posts\/402\/revisions\/5157"}],"wp:featuredmedia":[{"embeddable":true,"href":"https:\/\/blog.laviny.sk\/index.php?rest_route=\/wp\/v2\/media\/406"}],"wp:attachment":[{"href":"https:\/\/blog.laviny.sk\/index.php?rest_route=%2Fwp%2Fv2%2Fmedia&parent=402"}],"wp:term":[{"taxonomy":"category","embeddable":true,"href":"https:\/\/blog.laviny.sk\/index.php?rest_route=%2Fwp%2Fv2%2Fcategories&post=402"},{"taxonomy":"post_tag","embeddable":true,"href":"https:\/\/blog.laviny.sk\/index.php?rest_route=%2Fwp%2Fv2%2Ftags&post=402"}],"curies":[{"name":"wp","href":"https:\/\/api.w.org\/{rel}","templated":true}]}}