{"id":391,"date":"2013-03-29T22:01:45","date_gmt":"2013-03-29T21:01:45","guid":{"rendered":"http:\/\/slphzs.wordpress.com\/?p=391"},"modified":"2017-04-19T14:55:47","modified_gmt":"2017-04-19T12:55:47","slug":"priebeh-pocasia-od-26-do-29-marca-2013","status":"publish","type":"post","link":"https:\/\/blog.laviny.sk\/?p=391","title":{"rendered":"Priebeh po\u010dasia od 26. do 29. marca 2013"},"content":{"rendered":"<p style=\"text-align: justify;\">Po nie ve\u013emi \u0161\u0165astlivom t\u00fd\u017edni, kedy si 3 lav\u00edny vy\u017eiadali 4 \u013eudsk\u00e9 obete nastalo obdobie relat\u00edvneho k\u013eudu. Na za\u010diatku t\u00fd\u017ed\u0148a prevl\u00e1dalo na hor\u00e1ch premenliv\u00e9 po\u010dasie. Miestami sne\u017eilo, padali drobn\u00e9 kr\u00fapky, alebo bola hmla a\u00a0zamra\u010den\u00e9. V\u00a0strede t\u00fd\u017ed\u0148a sa po\u010dasie vylep\u0161ilo a\u00a0vo \u0161tvrtok sa uk\u00e1zalo slnko. Po\u010das tohto obdobia napadlo na niektor\u00fdch miestach do 30 cm nov\u00e9ho prachov\u00e9ho snehu. Najm\u00e4 na severe Tatier. Zo za\u010diatku sneh padal bez p\u00f4sobenia vetra ale koncom t\u00fd\u017ed\u0148a sa n\u00e1m celkom rozf\u00fakalo a\u00a0na hrebe\u0148och n\u00e1razy vetra dosahovali silu slab\u0161ej v\u00edchrice. Prv\u00e9 dni v\u00a0t\u00fd\u017edni f\u00fakal vietor najm\u00e4 z\u00a0v\u00fdchodu a\u00a0severov\u00fdchodu. V\u00a0noci z\u00a0piatka na \u0161tvrtok sa oto\u010dil a\u00a0r\u00e1no f\u00fakal preva\u017ene z\u00a0juhu. Iba vo Vysok\u00fdch Tatr\u00e1ch preva\u017eoval severn\u00fd vietor. O\u010dak\u00e1va sa \u017ee aj ten sa v\u00a0priebehu piatka oto\u010d\u00ed a\u00a0bude f\u00faka\u0165 z\u00a0juhu. \u010co sa t\u00fdka stability snehovej pokr\u00fdvky, d\u00e1 sa predpoklada\u0165 \u017ee na svahoch zo severnou orient\u00e1ciou sa bud\u00fa vyskytova\u0165 menej stabiln\u00e9 dosky a\u00a0vank\u00fa\u0161e. Tieto \u00fatvary nie s\u00fa dostato\u010dne previazan\u00e9 s\u00a0podkladom a u\u017e pri malom za\u0165a\u017een\u00ed sa\u00a0 m\u00f4\u017eu por\u00fa\u010da\u0165 do doliny. Tak\u017ee na ne pozor.<\/p>\n<div style=\"width: 711px\" class=\"wp-caption aligncenter\"><a href=\"https:\/\/192.168.10.134\/wp-content\/uploads\/2014\/11\/1b6d7-imgp1598.jpg\"><img loading=\"lazy\" decoding=\"async\" class=\"\" src=\"https:\/\/192.168.10.134\/wp-content\/uploads\/2014\/11\/1b6d7-imgp1598.jpg\" alt=\"\" width=\"701\" height=\"528\" \/><\/a><p class=\"wp-caption-text\">Zasne\u017een\u00e9 svahy pod Chopokom<\/p><\/div>\n<p style=\"text-align: justify;\">Teploty po\u010das t\u00fd\u017ed\u0148a na toto ro\u010dn\u00e9 obdobie boli vcelku n\u00edzke. Nezriedka klesli a\u017e pod -10\u00baC. Chlad sp\u00f4sobil to, \u017ee v\u00a0predch\u00e1dzaj\u00facom obdob\u00ed vytvoren\u00e9 nestabiln\u00e9 \u00fatvary ostali zakonzervovan\u00e9 na svojom mieste. Preto si treba d\u00e1va\u0165 pozor aj na tvrd\u00e9 snehov\u00e9 dosky na svahoch ju\u017en\u00fdch a\u00a0z\u00e1padn\u00fdch orient\u00e1ci\u00ed. Moment\u00e1lne vo v\u0161etk\u00fdch pohoriach na Slovensku plat\u00ed zv\u00fd\u0161en\u00fd stupe\u0148 lav\u00ednov\u00e9ho nebezpe\u010denstva. Treba by\u0165 opatrn\u00fd na v\u00e4\u010d\u0161ine strm\u00fdch svahoch, kde u\u017e pri malom za\u0165a\u017een\u00ed sa m\u00f4\u017ee sta\u0165, \u017ee si odtrhnete lav\u00ednu. Taktie\u017e spont\u00e1nne lav\u00edny nebud\u00fa ojedinel\u00fd \u00fakaz. Dnes (Piatok 29. 3. 2013) padlo nieko\u013eko samovo\u013en\u00fdch lav\u00edn z\u00a0Nemeck\u00e9ho rebr\u00edka vo Vysok\u00fdch Tatr\u00e1ch. Pri prechode hrebe\u0148ov\u00fdmi partiami treba by\u0165 ve\u013emi opatrn\u00fd a\u00a0vyh\u00fdba\u0165 sa prevejom.<\/p>\n<div style=\"width: 711px\" class=\"wp-caption aligncenter\"><a href=\"https:\/\/192.168.10.134\/wp-content\/uploads\/2014\/11\/672dd-imgp1602.jpg\"><img loading=\"lazy\" decoding=\"async\" class=\"\" src=\"https:\/\/192.168.10.134\/wp-content\/uploads\/2014\/11\/672dd-imgp1602.jpg\" alt=\"\" width=\"701\" height=\"528\" \/><\/a><p class=\"wp-caption-text\">Ku koncu t\u00fd\u017ed\u0148a sa nasunula obla\u010dnos\u0165 z juhu<\/p><\/div>\n<p style=\"text-align: justify;\">Cez v\u00edkend sa o\u010dak\u00e1vaj\u00fa \u010fal\u0161ie snehov\u00e9 zr\u00e1\u017eky. M\u00e1 by\u0165 zamra\u010den\u00e9 hmlisto a\u00a0f\u00faka\u0165 prudk\u00fd vietor ju\u017en\u00fdch smerov. Nie \u00fapln\u00e9 ide\u00e1lne po\u010dasie na pohyb vo vysokohorskom ter\u00e9ne v\u00a0hor\u00e1ch. Odpor\u00fa\u010dame iba sk\u00fasen\u00fdm<\/p>\n<p style=\"text-align: justify;\">Kolekt\u00edv pracovn\u00edkov Strediska lav\u00ednovej prevencie V\u00e1m v\u0161etk\u00fdm praje pr\u00edjemn\u00e9 pre\u017eitie Ve\u013ekono\u010dn\u00fdch sviatkov a\u00a0ve\u013ek\u00e9 mno\u017estvo radosti z\u00a0bezpe\u010dn\u00e9ho pohybu na hor\u00e1ch.<\/p>\n<p style=\"text-align: justify;\">\n","protected":false},"excerpt":{"rendered":"<p>Po nie ve\u013emi \u0161\u0165astlivom t\u00fd\u017edni, kedy si 3 lav\u00edny vy\u017eiadali 4 \u013eudsk\u00e9 obete nastalo obdobie relat\u00edvneho k\u013eudu. Na za\u010diatku t\u00fd\u017ed\u0148a prevl\u00e1dalo na hor\u00e1ch premenliv\u00e9 po\u010dasie. Miestami sne\u017eilo, padali drobn\u00e9 kr\u00fapky, alebo bola hmla a\u00a0zamra\u010den\u00e9. V\u00a0strede t\u00fd\u017ed\u0148a sa po\u010dasie vylep\u0161ilo a\u00a0vo \u0161tvrtok sa uk\u00e1zalo slnko. Po\u010das tohto obdobia napadlo na niektor\u00fdch miestach do 30 cm nov\u00e9ho&hellip;<\/p>\n","protected":false},"author":1,"featured_media":393,"comment_status":"closed","ping_status":"closed","sticky":false,"template":"","format":"standard","meta":{"jetpack_post_was_ever_published":false,"_jetpack_newsletter_access":"","_jetpack_dont_email_post_to_subs":false,"_jetpack_newsletter_tier_id":0,"_jetpack_memberships_contains_paywalled_content":false,"_jetpack_memberships_contains_paid_content":false,"footnotes":"","jetpack_publicize_message":"","jetpack_publicize_feature_enabled":true,"jetpack_social_post_already_shared":true,"jetpack_social_options":{"image_generator_settings":{"template":"highway","default_image_id":0,"font":"","enabled":false},"version":2}},"categories":[4],"tags":[105,123,154],"class_list":["post-391","post","type-post","status-publish","format-standard","has-post-thumbnail","hentry","category-pocasie-sneh-a-laviny","tag-nizke-tatry","tag-pocasie","tag-sneh"],"jetpack_publicize_connections":[],"jetpack_featured_media_url":"https:\/\/blog.laviny.sk\/wp-content\/uploads\/2014\/11\/1b6d7-imgp1598.jpg","jetpack_sharing_enabled":true,"jetpack_shortlink":"https:\/\/wp.me\/p8DxWh-6j","jetpack-related-posts":[],"_links":{"self":[{"href":"https:\/\/blog.laviny.sk\/index.php?rest_route=\/wp\/v2\/posts\/391","targetHints":{"allow":["GET"]}}],"collection":[{"href":"https:\/\/blog.laviny.sk\/index.php?rest_route=\/wp\/v2\/posts"}],"about":[{"href":"https:\/\/blog.laviny.sk\/index.php?rest_route=\/wp\/v2\/types\/post"}],"author":[{"embeddable":true,"href":"https:\/\/blog.laviny.sk\/index.php?rest_route=\/wp\/v2\/users\/1"}],"replies":[{"embeddable":true,"href":"https:\/\/blog.laviny.sk\/index.php?rest_route=%2Fwp%2Fv2%2Fcomments&post=391"}],"version-history":[{"count":1,"href":"https:\/\/blog.laviny.sk\/index.php?rest_route=\/wp\/v2\/posts\/391\/revisions"}],"predecessor-version":[{"id":5158,"href":"https:\/\/blog.laviny.sk\/index.php?rest_route=\/wp\/v2\/posts\/391\/revisions\/5158"}],"wp:featuredmedia":[{"embeddable":true,"href":"https:\/\/blog.laviny.sk\/index.php?rest_route=\/wp\/v2\/media\/393"}],"wp:attachment":[{"href":"https:\/\/blog.laviny.sk\/index.php?rest_route=%2Fwp%2Fv2%2Fmedia&parent=391"}],"wp:term":[{"taxonomy":"category","embeddable":true,"href":"https:\/\/blog.laviny.sk\/index.php?rest_route=%2Fwp%2Fv2%2Fcategories&post=391"},{"taxonomy":"post_tag","embeddable":true,"href":"https:\/\/blog.laviny.sk\/index.php?rest_route=%2Fwp%2Fv2%2Ftags&post=391"}],"curies":[{"name":"wp","href":"https:\/\/api.w.org\/{rel}","templated":true}]}}