{"id":370,"date":"2013-03-22T21:43:19","date_gmt":"2013-03-22T20:43:19","guid":{"rendered":"http:\/\/slphzs.wordpress.com\/?p=370"},"modified":"2017-04-19T14:53:44","modified_gmt":"2017-04-19T12:53:44","slug":"lavinove-nestastie-vodopad-skok-22-marca-2013","status":"publish","type":"post","link":"https:\/\/blog.laviny.sk\/?p=370","title":{"rendered":"Lav\u00ednov\u00e9 ne\u0161\u0165astie &#8211; vodop\u00e1d Skok, 22. marca 2013"},"content":{"rendered":"<p style=\"text-align: justify;\">V piatok 22. marca, bol tesne pred 14. hodinou nahl\u00e1sen\u00fd p\u00e1d lav\u00edny v oblasti vodop\u00e1du Skok v Mlynickej doline vo Vysok\u00fdch Tatr\u00e1ch. Lav\u00edna strhla dvoch slovensk\u00fdch horolezcov, pri\u010dom jedn\u00e9ho zasypala \u010diasto\u010dne a bol schopn\u00fd nehodu nahl\u00e1si\u0165 pomocou telef\u00f3nu.<\/p>\n<div style=\"width: 710px\" class=\"wp-caption aligncenter\"><a href=\"https:\/\/192.168.10.134\/wp-content\/uploads\/2014\/11\/481b0-schema1_4.png\"><img loading=\"lazy\" decoding=\"async\" class=\"\" src=\"https:\/\/192.168.10.134\/wp-content\/uploads\/2014\/11\/481b0-schema1_4.png\" alt=\"Pribli\u017en\u00fd n\u00e1\u010drt lav\u00ednovej dr\u00e1hy a polohy zasypan\u00fdch horolezcov\" width=\"700\" height=\"527\" \/><\/a><p class=\"wp-caption-text\">Pribli\u017en\u00fd n\u00e1\u010drt lav\u00ednovej dr\u00e1hy a polohy zasypan\u00fdch horolezcov<\/p><\/div>\n<p style=\"text-align: justify;\">Lav\u00ednu si mechanicky uvo\u013enili pri zostupe po vylezen\u00ed \u013eadop\u00e1du. T\u00e1 ich strhla cez \u013eadop\u00e1d, a pri dopade uvo\u013enila pod \u013eadom e\u0161te sekund\u00e1rnu lav\u00ednu. Jedn\u00e9ho zasypala \u00faplne, druh\u00e9ho \u010diasto\u010dne &#8211; tr\u010dala mu iba hlava a jedna ruka. Z n\u00e1nosu sa v\u0161ak\u00a0 nemohol svojpomocne vyslobodi\u0165. Svojho spolulezca nikde nevidel a ani nepo\u010dul. R\u00fdchlo ozn\u00e1mil nehodu sa opera\u010dn\u00e9 stredisko HZS. Po \u010dase sa mu podarilo vytiahn\u00fa\u0165 lav\u00ednov\u00fd pr\u00edstroj a zistil \u017ee kamar\u00e1t je od neho do 13 m. Medzit\u00fdm u\u017e k miestu nehody prilieta doktor VZZS a z\u00e1chran\u00e1r &#8211; psovod HZS. Druh\u00fd, \u00faplne zasypan\u00fd bol lokalizovan\u00fd vo ve\u013emi r\u00fdchlom \u010dase, jednak\u00a0 pomocou lav\u00ednov\u00e9ho pr\u00edstroja a aj pomocou psa. Z\u00e1chran\u00e1ri ho okam\u017eite vykopali a za\u010dali s resuscit\u00e1ciou. Medzit\u00fdm na lav\u00ednu prileteli \u010fal\u0161\u00ed dvaja z\u00e1chran\u00e1ri. Pri vykop\u00e1van\u00ed nebola v snehu pri tv\u00e1ri zisten\u00e1 d\u00fdchacia dutina. Zasypan\u00fd bol pod snehom cca 40 min\u00fat.. Z\u00e1chran\u00e1ri postihnut\u00e9ho o\u017eivovali viac ako 1 hodinu, no i napriek obrovskej snahe bolo o\u017eivovanie ne\u00faspe\u0161n\u00e9. Druh\u00fd postihnut\u00fd bol okrem \u013eahk\u00fdch omrzl\u00edn bez zranen\u00ed a bol vrtu\u013en\u00edkom transportovan\u00fd do popradskej nemocnice.<\/p>\n<div style=\"width: 710px\" class=\"wp-caption aligncenter\"><a href=\"https:\/\/192.168.10.134\/wp-content\/uploads\/2014\/11\/1fb29-schema1_5.png\"><img loading=\"lazy\" decoding=\"async\" class=\"\" src=\"https:\/\/192.168.10.134\/wp-content\/uploads\/2014\/11\/1fb29-schema1_5.png\" alt=\"Pribli\u017en\u00fd n\u00e1\u010drt lav\u00ednov\u00e9ho n\u00e1nosu a polohy zasypan\u00fdch horolezcov\" width=\"700\" height=\"527\" \/><\/a><p class=\"wp-caption-text\">Pribli\u017en\u00fd n\u00e1\u010drt lav\u00ednov\u00e9ho n\u00e1nosu a polohy zasypan\u00fdch horolezcov<\/p><\/div>\n<p style=\"text-align: justify;\">Obaja horolezci mali lav\u00ednov\u00e9 pr\u00edstroje a sna\u017eili sa minimalizova\u0165 riziko. Pri zostupe zvolili rozostupy a i\u0161li po okraji svahu, tesne na hranou sk\u00e1l a \u013eadop\u00e1du. No ani to nesta\u010dilo a v kone\u010dnom d\u00f4sledku si, samozrejme nechcene, uvo\u013enili lav\u00ednu. Vo Vysok\u00fdch Tatr\u00e1ch bolo v dan\u00fd de\u0148 vyhl\u00e1sene zv\u00fd\u0161en\u00e9 lav\u00ednov\u00e9 nebezpe\u010denstvo, 3. stupe\u0148. Lav\u00ednov\u00e1 situ\u00e1cia bola ve\u013emi nebezpe\u010dn\u00e1 a hlavne z\u00e1kern\u00e1. Siln\u00fd vietor uf\u00fakal sneh do striedavo m\u00e4kk\u00fdch a tvrd\u00fdch dosiek, ktor\u00e9 boli \u010dasto nosn\u00e9 a na prv\u00fd poh\u013ead bezpe\u010dn\u00e9. Ich stabilita na tvrdom, \u010dasto z\u013eadovatenom podklade bola v\u0161ak n\u00edzka.<\/p>\n","protected":false},"excerpt":{"rendered":"<p>V piatok 22. marca, bol tesne pred 14. hodinou nahl\u00e1sen\u00fd p\u00e1d lav\u00edny v oblasti vodop\u00e1du Skok v Mlynickej doline vo Vysok\u00fdch Tatr\u00e1ch. Lav\u00edna strhla dvoch slovensk\u00fdch horolezcov, pri\u010dom jedn\u00e9ho zasypala \u010diasto\u010dne a bol schopn\u00fd nehodu nahl\u00e1si\u0165 pomocou telef\u00f3nu. Lav\u00ednu si mechanicky uvo\u013enili pri zostupe po vylezen\u00ed \u013eadop\u00e1du. T\u00e1 ich strhla cez \u013eadop\u00e1d, a pri dopade&hellip;<\/p>\n","protected":false},"author":1,"featured_media":372,"comment_status":"closed","ping_status":"closed","sticky":false,"template":"","format":"standard","meta":{"jetpack_post_was_ever_published":false,"_jetpack_newsletter_access":"","_jetpack_dont_email_post_to_subs":false,"_jetpack_newsletter_tier_id":0,"_jetpack_memberships_contains_paywalled_content":false,"_jetpack_memberships_contains_paid_content":false,"footnotes":"","jetpack_publicize_message":"","jetpack_publicize_feature_enabled":true,"jetpack_social_post_already_shared":true,"jetpack_social_options":{"image_generator_settings":{"template":"highway","default_image_id":0,"font":"","enabled":false},"version":2}},"categories":[2],"tags":[67,97,195,197],"class_list":["post-370","post","type-post","status-publish","format-standard","has-post-thumbnail","hentry","category-lavinove-nehody","tag-lavinova-nehoda","tag-mlynicka-dolina","tag-vodopad-skok","tag-vysoke-tatry"],"jetpack_publicize_connections":[],"jetpack_featured_media_url":"https:\/\/blog.laviny.sk\/wp-content\/uploads\/2014\/11\/481b0-schema1_4.png","jetpack_sharing_enabled":true,"jetpack_shortlink":"https:\/\/wp.me\/p8DxWh-5Y","jetpack-related-posts":[],"_links":{"self":[{"href":"https:\/\/blog.laviny.sk\/index.php?rest_route=\/wp\/v2\/posts\/370","targetHints":{"allow":["GET"]}}],"collection":[{"href":"https:\/\/blog.laviny.sk\/index.php?rest_route=\/wp\/v2\/posts"}],"about":[{"href":"https:\/\/blog.laviny.sk\/index.php?rest_route=\/wp\/v2\/types\/post"}],"author":[{"embeddable":true,"href":"https:\/\/blog.laviny.sk\/index.php?rest_route=\/wp\/v2\/users\/1"}],"replies":[{"embeddable":true,"href":"https:\/\/blog.laviny.sk\/index.php?rest_route=%2Fwp%2Fv2%2Fcomments&post=370"}],"version-history":[{"count":1,"href":"https:\/\/blog.laviny.sk\/index.php?rest_route=\/wp\/v2\/posts\/370\/revisions"}],"predecessor-version":[{"id":5153,"href":"https:\/\/blog.laviny.sk\/index.php?rest_route=\/wp\/v2\/posts\/370\/revisions\/5153"}],"wp:featuredmedia":[{"embeddable":true,"href":"https:\/\/blog.laviny.sk\/index.php?rest_route=\/wp\/v2\/media\/372"}],"wp:attachment":[{"href":"https:\/\/blog.laviny.sk\/index.php?rest_route=%2Fwp%2Fv2%2Fmedia&parent=370"}],"wp:term":[{"taxonomy":"category","embeddable":true,"href":"https:\/\/blog.laviny.sk\/index.php?rest_route=%2Fwp%2Fv2%2Fcategories&post=370"},{"taxonomy":"post_tag","embeddable":true,"href":"https:\/\/blog.laviny.sk\/index.php?rest_route=%2Fwp%2Fv2%2Ftags&post=370"}],"curies":[{"name":"wp","href":"https:\/\/api.w.org\/{rel}","templated":true}]}}