{"id":3432,"date":"2016-04-01T13:20:41","date_gmt":"2016-04-01T12:20:41","guid":{"rendered":"https:\/\/slphzs.wordpress.com\/?p=3432"},"modified":"2017-04-19T13:27:31","modified_gmt":"2017-04-19T11:27:31","slug":"priebeh-pocasia-od-27-marca-do-1-aprila-2016-prichod-jari-na-horach","status":"publish","type":"post","link":"https:\/\/blog.laviny.sk\/?p=3432","title":{"rendered":"Priebeh po\u010dasia od 27. marca do 1. apr\u00edla 2016 &#8211; pr\u00edchod jari na hor\u00e1ch"},"content":{"rendered":"<p style=\"text-align: justify;\">Uplynul\u00fd t\u00fd\u017ede\u0148 sa niesol v znamen\u00ed v\u00fdrazn\u00e9ho oteplenia a pr\u00edchodu jari u\u017e aj na hory. Najm\u00e4 v z\u00e1vere t\u00fd\u017ed\u0148a (\u0161tvrtok a piatok) bol tento pr\u00edchod razantn\u00fd a badate\u013en\u00fd. V\u00fd\u0161ka snehovej pokr\u00fdvky v\u00fdrazne klesla u\u017e aj vo vy\u0161\u0161\u00edch poloh\u00e1ch a v poloh\u00e1ch pod 1500 m n. m. je u\u017e na mnoh\u00fdch miestach dokonca nes\u00favisl\u00e1.\u00a0Teplota vzduchu zo stredy na \u0161tvrtok u\u017e dokonca v mnoh\u00fdch poloh\u00e1ch nad 2000 m n. m. neklesla pod 0\u00b0C. Takmer cel\u00fd t\u00fd\u017ede\u0148 f\u00fakal vo vrcholov\u00fdch a hrebe\u0148ov\u00fdch parti\u00e1ch siln\u00fd n\u00e1razov\u00fd vietor, preva\u017ene z\u00e1padn\u00fdch smerov, s\u00a0r\u00fdchlos\u0165ou dosahuj\u00facou 95 km\/hod.<\/p>\n<p style=\"text-align: justify;\"><span class=\"embed-youtube\" style=\"text-align:center; display: block;\"><iframe loading=\"lazy\" class=\"youtube-player\" width=\"1020\" height=\"555\" src=\"https:\/\/www.youtube.com\/embed\/GW_moeQvZeI?version=3&#038;rel=1&#038;showsearch=0&#038;showinfo=1&#038;iv_load_policy=1&#038;fs=1&#038;hl=sk-SK&#038;autohide=2&#038;wmode=transparent\" allowfullscreen=\"true\" style=\"border:0;\" sandbox=\"allow-scripts allow-same-origin allow-popups allow-presentation allow-popups-to-escape-sandbox\"><\/iframe><\/span><\/p>\n<p style=\"text-align: justify;\">V\u00fdrazn\u00e9 oteplenie sa podp\u00edsalo aj pod zv\u00fd\u0161en\u00fa lav\u00ednov\u00fa aktivitu. U\u017e v nede\u013eu (27. marca) sme zaznamenali lav\u00ednov\u00fa nehodu pod sedlom Parichvost v Z\u00e1padn\u00fdch Tatr\u00e1ch a taktie\u017e v\u00e4\u010d\u0161iu lav\u00ednu v Batizovskom \u017e\u013eabe. Ke\u010f\u017ee bolo opr\u00e1vnen\u00e9 podozrenie, \u017ee t\u00e1to lav\u00edna strhla dvoch vystupuj\u00facich horolezcov, bola preh\u013eadan\u00e1 pomocou lav\u00ednov\u00fdch psov. Viac info o tejto lav\u00edne n\u00e1jdete tu (<a href=\"https:\/\/slphzs.wordpress.com\/2016\/03\/29\/lavina-v-batizovskom-zlabe\/\" target=\"_blank\">Lav\u00edna v Batizovskom \u017e\u013eabe<\/a>). Najviac lav\u00edn z vlhk\u00e9ho a\u017e mokr\u00e9ho snehu sme v\u0161ak zaznamenali najm\u00e4 vo \u0161tvrtok (31. marca) v polud\u0148aj\u0161\u00edch a popolud\u0148aj\u0161\u00edch hodin\u00e1ch. Najm\u00e4 v \u017e\u013eaboch s v\u00e4\u010d\u0161ou zbernou plochou dosahovali uvo\u013enen\u00e9 lav\u00edny v\u00e4\u010d\u0161ie rozmery.\u00a0Z tohto d\u00f4vodu lav\u00ednov\u00e9 nebezpe\u010denstvo v Z\u00e1padn\u00fdch a Vysok\u00fdch Tatr\u00e1ch po\u010das d\u0148a st\u00fapa na 3. stupe\u0148 (zv\u00fd\u0161en\u00e9) z 5-dielnej stupnice. Samovo\u013en\u00e9 splazy a lav\u00edny mal\u00fdch aj v\u00e4\u010d\u0161\u00edch rozmerov boli pozorovan\u00e9 takmer vo v\u0161etk\u00fdch strm\u0161\u00edch osvieten\u00fdch svahoch.\u00a0Ke\u010f\u017ee oteplenie je v\u00fdrazn\u00e9, lav\u00edny z vlhk\u00e9ho snehu m\u00f4\u017eeme o\u010dak\u00e1va\u0165 aj na severn\u00fdch, tienist\u00fdch svahoch. Vo Fatr\u00e1ch je snehov\u00e1 pokr\u00fdvka na mnoh\u00fdch miestach u\u017e iba nes\u00favisl\u00e1 a snehu je podstatne menej ako v Tatr\u00e1ch. Pri pretrv\u00e1vaj\u00facom oteplen\u00ed v\u0161ak taktie\u017e m\u00f4\u017eeme o\u010dak\u00e1va\u0165 najm\u00e4 na tr\u00e1vnat\u00fdch svahoch samovo\u013en\u00e9 splazy a men\u0161ie lav\u00edny z mokr\u00e9ho snehu. Ojedinele sa m\u00f4\u017eu vyskytn\u00fa\u0165 aj men\u0161ie z\u00e1kladov\u00e9 lav\u00edny. Lav\u00ednov\u00e9 nebezpe\u010denstvo je v\u0161ak ve\u013emi lok\u00e1lne.<\/p>\n\n\t\t<style type=\"text\/css\">\n\t\t\t#gallery-1 {\n\t\t\t\tmargin: auto;\n\t\t\t}\n\t\t\t#gallery-1 .gallery-item {\n\t\t\t\tfloat: left;\n\t\t\t\tmargin-top: 10px;\n\t\t\t\ttext-align: center;\n\t\t\t\twidth: 33%;\n\t\t\t}\n\t\t\t#gallery-1 img {\n\t\t\t\tborder: 2px solid #cfcfcf;\n\t\t\t}\n\t\t\t#gallery-1 .gallery-caption {\n\t\t\t\tmargin-left: 0;\n\t\t\t}\n\t\t\t\/* see gallery_shortcode() in wp-includes\/media.php *\/\n\t\t<\/style>\n\t\t<div data-carousel-extra='{&quot;blog_id&quot;:1,&quot;permalink&quot;:&quot;https:\/\/blog.laviny.sk\/?p=3432&quot;}' id='gallery-1' class='gallery galleryid-3432 gallery-columns-3 gallery-size-large'><dl class='gallery-item'>\n\t\t\t<dt class='gallery-icon landscape'>\n\t\t\t\t<a href='https:\/\/blog.laviny.sk\/?attachment_id=3451#main'><img loading=\"lazy\" decoding=\"async\" width=\"700\" height=\"467\" src=\"https:\/\/blog.laviny.sk\/wp-content\/uploads\/2016\/04\/img_6418.jpg\" class=\"attachment-large size-large\" alt=\"\" aria-describedby=\"gallery-1-3451\" srcset=\"https:\/\/blog.laviny.sk\/wp-content\/uploads\/2016\/04\/img_6418.jpg 1000w, https:\/\/blog.laviny.sk\/wp-content\/uploads\/2016\/04\/img_6418-300x200.jpg 300w, https:\/\/blog.laviny.sk\/wp-content\/uploads\/2016\/04\/img_6418-768x512.jpg 768w\" sizes=\"auto, (max-width: 700px) 100vw, 700px\" data-attachment-id=\"3451\" data-permalink=\"https:\/\/blog.laviny.sk\/?attachment_id=3451#main\" data-orig-file=\"https:\/\/blog.laviny.sk\/wp-content\/uploads\/2016\/04\/img_6418.jpg\" data-orig-size=\"1000,667\" data-comments-opened=\"0\" data-image-meta=\"{&quot;aperture&quot;:&quot;8&quot;,&quot;credit&quot;:&quot;&quot;,&quot;camera&quot;:&quot;Canon EOS 1000D&quot;,&quot;caption&quot;:&quot;&quot;,&quot;created_timestamp&quot;:&quot;1459342139&quot;,&quot;copyright&quot;:&quot;&quot;,&quot;focal_length&quot;:&quot;18&quot;,&quot;iso&quot;:&quot;200&quot;,&quot;shutter_speed&quot;:&quot;0.005&quot;,&quot;title&quot;:&quot;&quot;,&quot;orientation&quot;:&quot;1&quot;}\" data-image-title=\"IMG_6418\" data-image-description=\"\" data-image-caption=\"&lt;p&gt;V snehovom profile preva\u017euj\u00fa vlhk\u00e9 vrstvy snehu preroben\u00e9ho firnovaten\u00edm, Salat\u00edn, Z\u00e1padn\u00e9 Tatry, 30. marec 2016&lt;\/p&gt;\n\" data-large-file=\"https:\/\/blog.laviny.sk\/wp-content\/uploads\/2016\/04\/img_6418.jpg\" \/><\/a>\n\t\t\t<\/dt>\n\t\t\t\t<dd class='wp-caption-text gallery-caption' id='gallery-1-3451'>\n\t\t\t\tV snehovom profile preva\u017euj\u00fa vlhk\u00e9 vrstvy snehu preroben\u00e9ho firnovaten\u00edm, Salat\u00edn, Z\u00e1padn\u00e9 Tatry, 30. marec 2016\n\t\t\t\t<\/dd><\/dl><dl class='gallery-item'>\n\t\t\t<dt class='gallery-icon landscape'>\n\t\t\t\t<a href='https:\/\/blog.laviny.sk\/?attachment_id=3454#main'><img loading=\"lazy\" decoding=\"async\" width=\"700\" height=\"467\" src=\"https:\/\/blog.laviny.sk\/wp-content\/uploads\/2016\/04\/img_6425.jpg\" class=\"attachment-large size-large\" alt=\"\" aria-describedby=\"gallery-1-3454\" srcset=\"https:\/\/blog.laviny.sk\/wp-content\/uploads\/2016\/04\/img_6425.jpg 1000w, https:\/\/blog.laviny.sk\/wp-content\/uploads\/2016\/04\/img_6425-300x200.jpg 300w, https:\/\/blog.laviny.sk\/wp-content\/uploads\/2016\/04\/img_6425-768x512.jpg 768w\" sizes=\"auto, (max-width: 700px) 100vw, 700px\" data-attachment-id=\"3454\" data-permalink=\"https:\/\/blog.laviny.sk\/?attachment_id=3454#main\" data-orig-file=\"https:\/\/blog.laviny.sk\/wp-content\/uploads\/2016\/04\/img_6425.jpg\" data-orig-size=\"1000,667\" data-comments-opened=\"0\" data-image-meta=\"{&quot;aperture&quot;:&quot;16&quot;,&quot;credit&quot;:&quot;&quot;,&quot;camera&quot;:&quot;Canon EOS 1000D&quot;,&quot;caption&quot;:&quot;&quot;,&quot;created_timestamp&quot;:&quot;1459344787&quot;,&quot;copyright&quot;:&quot;&quot;,&quot;focal_length&quot;:&quot;55&quot;,&quot;iso&quot;:&quot;200&quot;,&quot;shutter_speed&quot;:&quot;0.002&quot;,&quot;title&quot;:&quot;&quot;,&quot;orientation&quot;:&quot;1&quot;}\" data-image-title=\"IMG_6425\" data-image-description=\"\" data-image-caption=\"&lt;p&gt;V\u00e4\u010d\u0161ina \u017e\u013eabov a sediel je rozly\u017eovan\u00e1, Salat\u00edn, Z\u00e1padn\u00e9 Tatry, 30. marec 2016&lt;\/p&gt;\n\" data-large-file=\"https:\/\/blog.laviny.sk\/wp-content\/uploads\/2016\/04\/img_6425.jpg\" \/><\/a>\n\t\t\t<\/dt>\n\t\t\t\t<dd class='wp-caption-text gallery-caption' id='gallery-1-3454'>\n\t\t\t\tV\u00e4\u010d\u0161ina \u017e\u013eabov a sediel je rozly\u017eovan\u00e1, Salat\u00edn, Z\u00e1padn\u00e9 Tatry, 30. marec 2016\n\t\t\t\t<\/dd><\/dl><dl class='gallery-item'>\n\t\t\t<dt class='gallery-icon landscape'>\n\t\t\t\t<a href='https:\/\/blog.laviny.sk\/?attachment_id=3449#main'><img loading=\"lazy\" decoding=\"async\" width=\"700\" height=\"467\" src=\"https:\/\/blog.laviny.sk\/wp-content\/uploads\/2016\/04\/img_6407.jpg\" class=\"attachment-large size-large\" alt=\"\" aria-describedby=\"gallery-1-3449\" srcset=\"https:\/\/blog.laviny.sk\/wp-content\/uploads\/2016\/04\/img_6407.jpg 1000w, https:\/\/blog.laviny.sk\/wp-content\/uploads\/2016\/04\/img_6407-300x200.jpg 300w, https:\/\/blog.laviny.sk\/wp-content\/uploads\/2016\/04\/img_6407-768x512.jpg 768w\" sizes=\"auto, (max-width: 700px) 100vw, 700px\" data-attachment-id=\"3449\" data-permalink=\"https:\/\/blog.laviny.sk\/?attachment_id=3449#main\" data-orig-file=\"https:\/\/blog.laviny.sk\/wp-content\/uploads\/2016\/04\/img_6407.jpg\" data-orig-size=\"1000,667\" data-comments-opened=\"0\" data-image-meta=\"{&quot;aperture&quot;:&quot;16&quot;,&quot;credit&quot;:&quot;&quot;,&quot;camera&quot;:&quot;Canon EOS 1000D&quot;,&quot;caption&quot;:&quot;&quot;,&quot;created_timestamp&quot;:&quot;1459337393&quot;,&quot;copyright&quot;:&quot;&quot;,&quot;focal_length&quot;:&quot;21&quot;,&quot;iso&quot;:&quot;200&quot;,&quot;shutter_speed&quot;:&quot;0.00125&quot;,&quot;title&quot;:&quot;&quot;,&quot;orientation&quot;:&quot;1&quot;}\" data-image-title=\"IMG_6407\" data-image-description=\"\" data-image-caption=\"&lt;p&gt;Salat\u00edn, Z\u00e1padn\u00e9 Tatry, 30. marec 2016&lt;\/p&gt;\n\" data-large-file=\"https:\/\/blog.laviny.sk\/wp-content\/uploads\/2016\/04\/img_6407.jpg\" \/><\/a>\n\t\t\t<\/dt>\n\t\t\t\t<dd class='wp-caption-text gallery-caption' id='gallery-1-3449'>\n\t\t\t\tSalat\u00edn, Z\u00e1padn\u00e9 Tatry, 30. marec 2016\n\t\t\t\t<\/dd><\/dl><br style=\"clear: both\" \/><dl class='gallery-item'>\n\t\t\t<dt class='gallery-icon landscape'>\n\t\t\t\t<a href='https:\/\/blog.laviny.sk\/?attachment_id=3450#main'><img loading=\"lazy\" decoding=\"async\" width=\"700\" height=\"467\" src=\"https:\/\/blog.laviny.sk\/wp-content\/uploads\/2016\/04\/img_6411.jpg\" class=\"attachment-large size-large\" alt=\"\" aria-describedby=\"gallery-1-3450\" srcset=\"https:\/\/blog.laviny.sk\/wp-content\/uploads\/2016\/04\/img_6411.jpg 1000w, https:\/\/blog.laviny.sk\/wp-content\/uploads\/2016\/04\/img_6411-300x200.jpg 300w, https:\/\/blog.laviny.sk\/wp-content\/uploads\/2016\/04\/img_6411-768x512.jpg 768w\" sizes=\"auto, (max-width: 700px) 100vw, 700px\" data-attachment-id=\"3450\" data-permalink=\"https:\/\/blog.laviny.sk\/?attachment_id=3450#main\" data-orig-file=\"https:\/\/blog.laviny.sk\/wp-content\/uploads\/2016\/04\/img_6411.jpg\" data-orig-size=\"1000,667\" data-comments-opened=\"0\" data-image-meta=\"{&quot;aperture&quot;:&quot;14&quot;,&quot;credit&quot;:&quot;&quot;,&quot;camera&quot;:&quot;Canon EOS 1000D&quot;,&quot;caption&quot;:&quot;&quot;,&quot;created_timestamp&quot;:&quot;1459337420&quot;,&quot;copyright&quot;:&quot;&quot;,&quot;focal_length&quot;:&quot;38&quot;,&quot;iso&quot;:&quot;200&quot;,&quot;shutter_speed&quot;:&quot;0.0025&quot;,&quot;title&quot;:&quot;&quot;,&quot;orientation&quot;:&quot;1&quot;}\" data-image-title=\"IMG_6411\" data-image-description=\"\" data-image-caption=\"&lt;p&gt;Zvy\u0161ky snehu na Osobitej (1 687 m n. m.), Z\u00e1padn\u00e9 Tatry, 30. marec 2016&lt;\/p&gt;\n\" data-large-file=\"https:\/\/blog.laviny.sk\/wp-content\/uploads\/2016\/04\/img_6411.jpg\" \/><\/a>\n\t\t\t<\/dt>\n\t\t\t\t<dd class='wp-caption-text gallery-caption' id='gallery-1-3450'>\n\t\t\t\tZvy\u0161ky snehu na Osobitej (1 687 m n. m.), Z\u00e1padn\u00e9 Tatry, 30. marec 2016\n\t\t\t\t<\/dd><\/dl><dl class='gallery-item'>\n\t\t\t<dt class='gallery-icon landscape'>\n\t\t\t\t<a href='https:\/\/blog.laviny.sk\/?attachment_id=3442#main'><img loading=\"lazy\" decoding=\"async\" width=\"700\" height=\"525\" src=\"https:\/\/blog.laviny.sk\/wp-content\/uploads\/2016\/04\/1-vec4bekc3a1-kamenistc3a1.jpg\" class=\"attachment-large size-large\" alt=\"\" aria-describedby=\"gallery-1-3442\" srcset=\"https:\/\/blog.laviny.sk\/wp-content\/uploads\/2016\/04\/1-vec4bekc3a1-kamenistc3a1.jpg 1000w, https:\/\/blog.laviny.sk\/wp-content\/uploads\/2016\/04\/1-vec4bekc3a1-kamenistc3a1-300x225.jpg 300w, https:\/\/blog.laviny.sk\/wp-content\/uploads\/2016\/04\/1-vec4bekc3a1-kamenistc3a1-768x576.jpg 768w\" sizes=\"auto, (max-width: 700px) 100vw, 700px\" data-attachment-id=\"3442\" data-permalink=\"https:\/\/blog.laviny.sk\/?attachment_id=3442#main\" data-orig-file=\"https:\/\/blog.laviny.sk\/wp-content\/uploads\/2016\/04\/1-vec4bekc3a1-kamenistc3a1.jpg\" data-orig-size=\"1000,750\" data-comments-opened=\"0\" data-image-meta=\"{&quot;aperture&quot;:&quot;18&quot;,&quot;credit&quot;:&quot;&quot;,&quot;camera&quot;:&quot;DSC-W380&quot;,&quot;caption&quot;:&quot;&quot;,&quot;created_timestamp&quot;:&quot;1459418378&quot;,&quot;copyright&quot;:&quot;&quot;,&quot;focal_length&quot;:&quot;21.25&quot;,&quot;iso&quot;:&quot;80&quot;,&quot;shutter_speed&quot;:&quot;0.008&quot;,&quot;title&quot;:&quot;&quot;,&quot;orientation&quot;:&quot;1&quot;}\" data-image-title=\"1 Ve\u013ek\u00e1 Kamenist\u00e1\" data-image-description=\"\" data-image-caption=\"&lt;p&gt;Samovo\u013en\u00e9 splazy a mal\u00e9 lav\u00edny na svahoch Ve\u013ekej Kamenistej, Z\u00e1padn\u00e9 Tatry, 30. marec 2016&lt;\/p&gt;\n\" data-large-file=\"https:\/\/blog.laviny.sk\/wp-content\/uploads\/2016\/04\/1-vec4bekc3a1-kamenistc3a1.jpg\" \/><\/a>\n\t\t\t<\/dt>\n\t\t\t\t<dd class='wp-caption-text gallery-caption' id='gallery-1-3442'>\n\t\t\t\tSamovo\u013en\u00e9 splazy a mal\u00e9 lav\u00edny na svahoch Ve\u013ekej Kamenistej, Z\u00e1padn\u00e9 Tatry, 30. marec 2016\n\t\t\t\t<\/dd><\/dl><dl class='gallery-item'>\n\t\t\t<dt class='gallery-icon landscape'>\n\t\t\t\t<a href='https:\/\/blog.laviny.sk\/?attachment_id=3444#main'><img loading=\"lazy\" decoding=\"async\" width=\"700\" height=\"525\" src=\"https:\/\/blog.laviny.sk\/wp-content\/uploads\/2016\/04\/3-hrebec588-hrubc3b4.jpg\" class=\"attachment-large size-large\" alt=\"\" aria-describedby=\"gallery-1-3444\" srcset=\"https:\/\/blog.laviny.sk\/wp-content\/uploads\/2016\/04\/3-hrebec588-hrubc3b4.jpg 1000w, https:\/\/blog.laviny.sk\/wp-content\/uploads\/2016\/04\/3-hrebec588-hrubc3b4-300x225.jpg 300w, https:\/\/blog.laviny.sk\/wp-content\/uploads\/2016\/04\/3-hrebec588-hrubc3b4-768x576.jpg 768w\" sizes=\"auto, (max-width: 700px) 100vw, 700px\" data-attachment-id=\"3444\" data-permalink=\"https:\/\/blog.laviny.sk\/?attachment_id=3444#main\" data-orig-file=\"https:\/\/blog.laviny.sk\/wp-content\/uploads\/2016\/04\/3-hrebec588-hrubc3b4.jpg\" data-orig-size=\"1000,750\" data-comments-opened=\"0\" data-image-meta=\"{&quot;aperture&quot;:&quot;13&quot;,&quot;credit&quot;:&quot;&quot;,&quot;camera&quot;:&quot;DSC-W380&quot;,&quot;caption&quot;:&quot;&quot;,&quot;created_timestamp&quot;:&quot;1459420347&quot;,&quot;copyright&quot;:&quot;&quot;,&quot;focal_length&quot;:&quot;13.02&quot;,&quot;iso&quot;:&quot;80&quot;,&quot;shutter_speed&quot;:&quot;0.00625&quot;,&quot;title&quot;:&quot;&quot;,&quot;orientation&quot;:&quot;1&quot;}\" data-image-title=\"3 hrebe\u0148 Hrub\u00f4\" data-image-description=\"\" data-image-caption=\"&lt;p&gt;Mas\u00edv Hrub\u00f4, Z\u00e1padn\u00e9 Tatry, 30. marec 2016&lt;\/p&gt;\n\" data-large-file=\"https:\/\/blog.laviny.sk\/wp-content\/uploads\/2016\/04\/3-hrebec588-hrubc3b4.jpg\" \/><\/a>\n\t\t\t<\/dt>\n\t\t\t\t<dd class='wp-caption-text gallery-caption' id='gallery-1-3444'>\n\t\t\t\tMas\u00edv Hrub\u00f4, Z\u00e1padn\u00e9 Tatry, 30. marec 2016\n\t\t\t\t<\/dd><\/dl><br style=\"clear: both\" \/><dl class='gallery-item'>\n\t\t\t<dt class='gallery-icon landscape'>\n\t\t\t\t<a href='https:\/\/blog.laviny.sk\/?attachment_id=3445#main'><img loading=\"lazy\" decoding=\"async\" width=\"700\" height=\"525\" src=\"https:\/\/blog.laviny.sk\/wp-content\/uploads\/2016\/04\/4-pod-hrebec588om-sa-to-trhc3a1.jpg\" class=\"attachment-large size-large\" alt=\"\" aria-describedby=\"gallery-1-3445\" srcset=\"https:\/\/blog.laviny.sk\/wp-content\/uploads\/2016\/04\/4-pod-hrebec588om-sa-to-trhc3a1.jpg 1000w, https:\/\/blog.laviny.sk\/wp-content\/uploads\/2016\/04\/4-pod-hrebec588om-sa-to-trhc3a1-300x225.jpg 300w, https:\/\/blog.laviny.sk\/wp-content\/uploads\/2016\/04\/4-pod-hrebec588om-sa-to-trhc3a1-768x576.jpg 768w\" sizes=\"auto, (max-width: 700px) 100vw, 700px\" data-attachment-id=\"3445\" data-permalink=\"https:\/\/blog.laviny.sk\/?attachment_id=3445#main\" data-orig-file=\"https:\/\/blog.laviny.sk\/wp-content\/uploads\/2016\/04\/4-pod-hrebec588om-sa-to-trhc3a1.jpg\" data-orig-size=\"1000,750\" data-comments-opened=\"0\" data-image-meta=\"{&quot;aperture&quot;:&quot;18&quot;,&quot;credit&quot;:&quot;&quot;,&quot;camera&quot;:&quot;DSC-W380&quot;,&quot;caption&quot;:&quot;&quot;,&quot;created_timestamp&quot;:&quot;1459421277&quot;,&quot;copyright&quot;:&quot;&quot;,&quot;focal_length&quot;:&quot;21.25&quot;,&quot;iso&quot;:&quot;80&quot;,&quot;shutter_speed&quot;:&quot;0.005&quot;,&quot;title&quot;:&quot;&quot;,&quot;orientation&quot;:&quot;1&quot;}\" data-image-title=\"4 pod hrebe\u0148om sa to trh\u00e1\" data-image-description=\"\" data-image-caption=\"&lt;p&gt;Sneh sa samovo\u013ene uvo\u013enuje pod snehov\u00fdmi prevejmi, Z\u00e1padn\u00e9 Tatry, 30. marec 2016&lt;\/p&gt;\n\" data-large-file=\"https:\/\/blog.laviny.sk\/wp-content\/uploads\/2016\/04\/4-pod-hrebec588om-sa-to-trhc3a1.jpg\" \/><\/a>\n\t\t\t<\/dt>\n\t\t\t\t<dd class='wp-caption-text gallery-caption' id='gallery-1-3445'>\n\t\t\t\tSneh sa samovo\u013ene uvo\u013enuje pod snehov\u00fdmi prevejmi, Z\u00e1padn\u00e9 Tatry, 30. marec 2016\n\t\t\t\t<\/dd><\/dl><dl class='gallery-item'>\n\t\t\t<dt class='gallery-icon landscape'>\n\t\t\t\t<a href='https:\/\/blog.laviny.sk\/?attachment_id=3446#main'><img loading=\"lazy\" decoding=\"async\" width=\"700\" height=\"525\" src=\"https:\/\/blog.laviny.sk\/wp-content\/uploads\/2016\/04\/5.jpg\" class=\"attachment-large size-large\" alt=\"\" srcset=\"https:\/\/blog.laviny.sk\/wp-content\/uploads\/2016\/04\/5.jpg 1000w, https:\/\/blog.laviny.sk\/wp-content\/uploads\/2016\/04\/5-300x225.jpg 300w, https:\/\/blog.laviny.sk\/wp-content\/uploads\/2016\/04\/5-768x576.jpg 768w\" sizes=\"auto, (max-width: 700px) 100vw, 700px\" data-attachment-id=\"3446\" data-permalink=\"https:\/\/blog.laviny.sk\/?attachment_id=3446#main\" data-orig-file=\"https:\/\/blog.laviny.sk\/wp-content\/uploads\/2016\/04\/5.jpg\" data-orig-size=\"1000,750\" data-comments-opened=\"0\" data-image-meta=\"{&quot;aperture&quot;:&quot;7.1&quot;,&quot;credit&quot;:&quot;&quot;,&quot;camera&quot;:&quot;DSC-W380&quot;,&quot;caption&quot;:&quot;&quot;,&quot;created_timestamp&quot;:&quot;1459422169&quot;,&quot;copyright&quot;:&quot;&quot;,&quot;focal_length&quot;:&quot;5.11&quot;,&quot;iso&quot;:&quot;80&quot;,&quot;shutter_speed&quot;:&quot;0.0025&quot;,&quot;title&quot;:&quot;&quot;,&quot;orientation&quot;:&quot;1&quot;}\" data-image-title=\"5\" data-image-description=\"\" data-image-caption=\"\" data-large-file=\"https:\/\/blog.laviny.sk\/wp-content\/uploads\/2016\/04\/5.jpg\" \/><\/a>\n\t\t\t<\/dt><\/dl><dl class='gallery-item'>\n\t\t\t<dt class='gallery-icon landscape'>\n\t\t\t\t<a href='https:\/\/blog.laviny.sk\/?attachment_id=3447#main'><img loading=\"lazy\" decoding=\"async\" width=\"700\" height=\"525\" src=\"https:\/\/blog.laviny.sk\/wp-content\/uploads\/2016\/04\/6-c48dervenc3a9-vrchy.jpg\" class=\"attachment-large size-large\" alt=\"\" aria-describedby=\"gallery-1-3447\" srcset=\"https:\/\/blog.laviny.sk\/wp-content\/uploads\/2016\/04\/6-c48dervenc3a9-vrchy.jpg 1000w, https:\/\/blog.laviny.sk\/wp-content\/uploads\/2016\/04\/6-c48dervenc3a9-vrchy-300x225.jpg 300w, https:\/\/blog.laviny.sk\/wp-content\/uploads\/2016\/04\/6-c48dervenc3a9-vrchy-768x576.jpg 768w\" sizes=\"auto, (max-width: 700px) 100vw, 700px\" data-attachment-id=\"3447\" data-permalink=\"https:\/\/blog.laviny.sk\/?attachment_id=3447#main\" data-orig-file=\"https:\/\/blog.laviny.sk\/wp-content\/uploads\/2016\/04\/6-c48dervenc3a9-vrchy.jpg\" data-orig-size=\"1000,750\" data-comments-opened=\"0\" data-image-meta=\"{&quot;aperture&quot;:&quot;9&quot;,&quot;credit&quot;:&quot;&quot;,&quot;camera&quot;:&quot;DSC-W380&quot;,&quot;caption&quot;:&quot;&quot;,&quot;created_timestamp&quot;:&quot;1459422756&quot;,&quot;copyright&quot;:&quot;&quot;,&quot;focal_length&quot;:&quot;7.97&quot;,&quot;iso&quot;:&quot;80&quot;,&quot;shutter_speed&quot;:&quot;0.002&quot;,&quot;title&quot;:&quot;&quot;,&quot;orientation&quot;:&quot;1&quot;}\" data-image-title=\"6 \u010derven\u00e9 vrchy\" data-image-description=\"\" data-image-caption=\"&lt;p&gt;\u010cerven\u00e9 vrchy, Z\u00e1padn\u00e9 Tatry, 30. marec 2016&lt;\/p&gt;\n\" data-large-file=\"https:\/\/blog.laviny.sk\/wp-content\/uploads\/2016\/04\/6-c48dervenc3a9-vrchy.jpg\" \/><\/a>\n\t\t\t<\/dt>\n\t\t\t\t<dd class='wp-caption-text gallery-caption' id='gallery-1-3447'>\n\t\t\t\t\u010cerven\u00e9 vrchy, Z\u00e1padn\u00e9 Tatry, 30. marec 2016\n\t\t\t\t<\/dd><\/dl><br style=\"clear: both\" \/>\n\t\t<\/div>\n\n<div id=\"attachment_3434\" style=\"width: 3019px\" class=\"wp-caption aligncenter\"><a href=\"https:\/\/192.168.10.134\/wp-content\/uploads\/2016\/04\/teplota.png\"><img loading=\"lazy\" decoding=\"async\" aria-describedby=\"caption-attachment-3434\" data-attachment-id=\"3434\" data-permalink=\"https:\/\/blog.laviny.sk\/?attachment_id=3434#main\" data-orig-file=\"https:\/\/blog.laviny.sk\/wp-content\/uploads\/2016\/04\/teplota.png\" data-orig-size=\"3009,707\" data-comments-opened=\"0\" data-image-meta=\"{&quot;aperture&quot;:&quot;0&quot;,&quot;credit&quot;:&quot;&quot;,&quot;camera&quot;:&quot;&quot;,&quot;caption&quot;:&quot;&quot;,&quot;created_timestamp&quot;:&quot;0&quot;,&quot;copyright&quot;:&quot;&quot;,&quot;focal_length&quot;:&quot;0&quot;,&quot;iso&quot;:&quot;0&quot;,&quot;shutter_speed&quot;:&quot;0&quot;,&quot;title&quot;:&quot;&quot;,&quot;orientation&quot;:&quot;0&quot;}\" data-image-title=\"Priebeh teploty vzduchu na Lomnickom \u0161t\u00edte a Sliezskom dome\" data-image-description=\"\" data-image-caption=\"\" data-large-file=\"https:\/\/blog.laviny.sk\/wp-content\/uploads\/2016\/04\/teplota-1024x241.png\" class=\"wp-image-3434 size-full\" src=\"https:\/\/192.168.10.134\/wp-content\/uploads\/2016\/04\/teplota.png\" alt=\"Priebeh teploty vzduchu na Lomnickom \u0161t\u00edte a Sliezskom dome\" width=\"3009\" height=\"707\" srcset=\"https:\/\/blog.laviny.sk\/wp-content\/uploads\/2016\/04\/teplota.png 3009w, https:\/\/blog.laviny.sk\/wp-content\/uploads\/2016\/04\/teplota-300x70.png 300w, https:\/\/blog.laviny.sk\/wp-content\/uploads\/2016\/04\/teplota-1024x241.png 1024w, https:\/\/blog.laviny.sk\/wp-content\/uploads\/2016\/04\/teplota-768x180.png 768w, https:\/\/blog.laviny.sk\/wp-content\/uploads\/2016\/04\/teplota-1536x361.png 1536w, https:\/\/blog.laviny.sk\/wp-content\/uploads\/2016\/04\/teplota-2048x481.png 2048w\" sizes=\"auto, (max-width: 3009px) 100vw, 3009px\" \/><\/a><p id=\"caption-attachment-3434\" class=\"wp-caption-text\">Priebeh teploty vzduchu na Lomnickom \u0161t\u00edte a Sliezskom dome.<\/p><\/div>\n<h4><strong>Predpove\u010f po\u010dasia a tendencia lav\u00ednov\u00e9ho nebezpe\u010denstva na v\u00edkend<\/strong><\/h4>\n<p style=\"text-align: justify;\">V sobotu bude preva\u017ene jasno a\u017e polojasno, cez de\u0148 iba mal\u00e1 kopovit\u00e1 obla\u010dnos\u0165,\u00a0na podhor\u00ed miestami hmlisto. V sobotu o\u010dak\u00e1vame mierne ochladenie, ktor\u00e9 v\u0161ak iba mierne oddiali \u010fal\u0161iu vlnu oteplenia, ktor\u00e1 sa prejav\u00ed u\u017e v nede\u013eu. V sobotu v\u0161ak bude snehov\u00e1 pokr\u00fdvka preva\u017ene tvrd\u00e1 a zmrznut\u00e1. Treba si d\u00e1va\u0165 pozor na po\u0161myknutie a nezabudn\u00fa\u0165 pribali\u0165 ma\u010dky. Vietor sa postupne ut\u00ed\u0161i a v nede\u013eu by malo prevl\u00e1da\u0165 slne\u010dn\u00e9 a bezvetern\u00e9 po\u010dasie. Tendencia lav\u00ednov\u00e9ho nebezpe\u010dentva je pri\u00a0oteplen\u00ed po\u010das d\u0148a st\u00fapaj\u00faca (najm\u00e4 v nede\u013eu), av\u0161ak intenzita lav\u00ednovej aktivity po\u010das v\u00edkendu by mala by\u0165 u\u017e ni\u017e\u0161ia.<\/p>\n<div id=\"attachment_3435\" style=\"width: 3033px\" class=\"wp-caption aligncenter\"><a href=\"https:\/\/192.168.10.134\/wp-content\/uploads\/2016\/04\/vyska-snehu.png\"><img loading=\"lazy\" decoding=\"async\" aria-describedby=\"caption-attachment-3435\" data-attachment-id=\"3435\" data-permalink=\"https:\/\/blog.laviny.sk\/?attachment_id=3435#main\" data-orig-file=\"https:\/\/blog.laviny.sk\/wp-content\/uploads\/2016\/04\/vyska-snehu.png\" data-orig-size=\"3023,2124\" data-comments-opened=\"0\" data-image-meta=\"{&quot;aperture&quot;:&quot;0&quot;,&quot;credit&quot;:&quot;&quot;,&quot;camera&quot;:&quot;&quot;,&quot;caption&quot;:&quot;&quot;,&quot;created_timestamp&quot;:&quot;0&quot;,&quot;copyright&quot;:&quot;&quot;,&quot;focal_length&quot;:&quot;0&quot;,&quot;iso&quot;:&quot;0&quot;,&quot;shutter_speed&quot;:&quot;0&quot;,&quot;title&quot;:&quot;&quot;,&quot;orientation&quot;:&quot;0&quot;}\" data-image-title=\"v\u00fd\u0161ka snehovej pokr\u00fdvky v\u00fdrazne poklesla vo v\u0161etk\u00fdch pohoriach\" data-image-description=\"\" data-image-caption=\"\" data-large-file=\"https:\/\/blog.laviny.sk\/wp-content\/uploads\/2016\/04\/vyska-snehu-1024x719.png\" class=\"wp-image-3435 size-full\" src=\"https:\/\/192.168.10.134\/wp-content\/uploads\/2016\/04\/vyska-snehu.png\" alt=\"v\u00fd\u0161ka snehovej pokr\u00fdvky v\u00fdrazne poklesla vo v\u0161etk\u00fdch pohoriach\" width=\"3023\" height=\"2124\" srcset=\"https:\/\/blog.laviny.sk\/wp-content\/uploads\/2016\/04\/vyska-snehu.png 3023w, https:\/\/blog.laviny.sk\/wp-content\/uploads\/2016\/04\/vyska-snehu-300x211.png 300w, https:\/\/blog.laviny.sk\/wp-content\/uploads\/2016\/04\/vyska-snehu-1024x719.png 1024w, https:\/\/blog.laviny.sk\/wp-content\/uploads\/2016\/04\/vyska-snehu-768x540.png 768w, https:\/\/blog.laviny.sk\/wp-content\/uploads\/2016\/04\/vyska-snehu-1536x1079.png 1536w, https:\/\/blog.laviny.sk\/wp-content\/uploads\/2016\/04\/vyska-snehu-2048x1439.png 2048w\" sizes=\"auto, (max-width: 3023px) 100vw, 3023px\" \/><\/a><p id=\"caption-attachment-3435\" class=\"wp-caption-text\">V\u00fd\u0161ka snehovej pokr\u00fdvky po\u010das posledn\u00fdch dn\u00ed v\u00fdrazne poklesla vo v\u0161etk\u00fdch pohoriach.<\/p><\/div>\n\n\t\t<style type=\"text\/css\">\n\t\t\t#gallery-2 {\n\t\t\t\tmargin: auto;\n\t\t\t}\n\t\t\t#gallery-2 .gallery-item {\n\t\t\t\tfloat: left;\n\t\t\t\tmargin-top: 10px;\n\t\t\t\ttext-align: center;\n\t\t\t\twidth: 33%;\n\t\t\t}\n\t\t\t#gallery-2 img {\n\t\t\t\tborder: 2px solid #cfcfcf;\n\t\t\t}\n\t\t\t#gallery-2 .gallery-caption {\n\t\t\t\tmargin-left: 0;\n\t\t\t}\n\t\t\t\/* see gallery_shortcode() in wp-includes\/media.php *\/\n\t\t<\/style>\n\t\t<div data-carousel-extra='{&quot;blog_id&quot;:1,&quot;permalink&quot;:&quot;https:\/\/blog.laviny.sk\/?p=3432&quot;}' id='gallery-2' class='gallery galleryid-3432 gallery-columns-3 gallery-size-full'><dl class='gallery-item'>\n\t\t\t<dt class='gallery-icon landscape'>\n\t\t\t\t<a href='https:\/\/blog.laviny.sk\/?attachment_id=3459#main'><img loading=\"lazy\" decoding=\"async\" width=\"640\" height=\"480\" src=\"https:\/\/blog.laviny.sk\/wp-content\/uploads\/2016\/04\/img_20160401_1000_20160401338902-e1459512421457.jpg\" class=\"attachment-full size-full\" alt=\"\" aria-describedby=\"gallery-2-3459\" srcset=\"https:\/\/blog.laviny.sk\/wp-content\/uploads\/2016\/04\/img_20160401_1000_20160401338902-e1459512421457.jpg 640w, https:\/\/blog.laviny.sk\/wp-content\/uploads\/2016\/04\/img_20160401_1000_20160401338902-e1459512421457-300x225.jpg 300w\" sizes=\"auto, (max-width: 640px) 100vw, 640px\" data-attachment-id=\"3459\" data-permalink=\"https:\/\/blog.laviny.sk\/?attachment_id=3459#main\" data-orig-file=\"https:\/\/blog.laviny.sk\/wp-content\/uploads\/2016\/04\/img_20160401_1000_20160401338902-e1459512421457.jpg\" data-orig-size=\"640,480\" data-comments-opened=\"0\" data-image-meta=\"{&quot;aperture&quot;:&quot;0&quot;,&quot;credit&quot;:&quot;&quot;,&quot;camera&quot;:&quot;&quot;,&quot;caption&quot;:&quot;&quot;,&quot;created_timestamp&quot;:&quot;0&quot;,&quot;copyright&quot;:&quot;&quot;,&quot;focal_length&quot;:&quot;0&quot;,&quot;iso&quot;:&quot;0&quot;,&quot;shutter_speed&quot;:&quot;0&quot;,&quot;title&quot;:&quot;&quot;,&quot;orientation&quot;:&quot;0&quot;}\" data-image-title=\"img_20160401_1000_20160401338902\" data-image-description=\"\" data-image-caption=\"&lt;p&gt;Samovo\u013en\u00e9 splazy na svahoch Bystrej, Z\u00e1padn\u00e9 Tatry, 30. marec 2014&lt;\/p&gt;\n\" data-large-file=\"https:\/\/blog.laviny.sk\/wp-content\/uploads\/2016\/04\/img_20160401_1000_20160401338902-e1459512421457.jpg\" \/><\/a>\n\t\t\t<\/dt>\n\t\t\t\t<dd class='wp-caption-text gallery-caption' id='gallery-2-3459'>\n\t\t\t\tSamovo\u013en\u00e9 splazy na svahoch Bystrej, Z\u00e1padn\u00e9 Tatry, 30. marec 2014\n\t\t\t\t<\/dd><\/dl><dl class='gallery-item'>\n\t\t\t<dt class='gallery-icon landscape'>\n\t\t\t\t<a href='https:\/\/blog.laviny.sk\/?attachment_id=3460#main'><img loading=\"lazy\" decoding=\"async\" width=\"640\" height=\"480\" src=\"https:\/\/blog.laviny.sk\/wp-content\/uploads\/2016\/04\/img_20160401_1000_20160401496666.jpg\" class=\"attachment-full size-full\" alt=\"\" aria-describedby=\"gallery-2-3460\" srcset=\"https:\/\/blog.laviny.sk\/wp-content\/uploads\/2016\/04\/img_20160401_1000_20160401496666.jpg 640w, https:\/\/blog.laviny.sk\/wp-content\/uploads\/2016\/04\/img_20160401_1000_20160401496666-300x225.jpg 300w\" sizes=\"auto, (max-width: 640px) 100vw, 640px\" data-attachment-id=\"3460\" data-permalink=\"https:\/\/blog.laviny.sk\/?attachment_id=3460#main\" data-orig-file=\"https:\/\/blog.laviny.sk\/wp-content\/uploads\/2016\/04\/img_20160401_1000_20160401496666.jpg\" data-orig-size=\"640,480\" data-comments-opened=\"0\" data-image-meta=\"{&quot;aperture&quot;:&quot;0&quot;,&quot;credit&quot;:&quot;&quot;,&quot;camera&quot;:&quot;&quot;,&quot;caption&quot;:&quot;&quot;,&quot;created_timestamp&quot;:&quot;0&quot;,&quot;copyright&quot;:&quot;&quot;,&quot;focal_length&quot;:&quot;0&quot;,&quot;iso&quot;:&quot;0&quot;,&quot;shutter_speed&quot;:&quot;0&quot;,&quot;title&quot;:&quot;&quot;,&quot;orientation&quot;:&quot;0&quot;}\" data-image-title=\"img_20160401_1000_20160401496666\" data-image-description=\"\" data-image-caption=\"&lt;p&gt;Samovo\u013en\u00e9 splazy na svahoch Salat\u00edna, Z\u00e1padn\u00e9 Tatry, 30. marec 2014&lt;\/p&gt;\n\" data-large-file=\"https:\/\/blog.laviny.sk\/wp-content\/uploads\/2016\/04\/img_20160401_1000_20160401496666.jpg\" \/><\/a>\n\t\t\t<\/dt>\n\t\t\t\t<dd class='wp-caption-text gallery-caption' id='gallery-2-3460'>\n\t\t\t\tSamovo\u013en\u00e9 splazy na svahoch Salat\u00edna, Z\u00e1padn\u00e9 Tatry, 30. marec 2014\n\t\t\t\t<\/dd><\/dl><dl class='gallery-item'>\n\t\t\t<dt class='gallery-icon landscape'>\n\t\t\t\t<a href='https:\/\/blog.laviny.sk\/?attachment_id=3462#main'><img loading=\"lazy\" decoding=\"async\" width=\"2048\" height=\"1536\" src=\"https:\/\/blog.laviny.sk\/wp-content\/uploads\/2016\/04\/ploska.gif\" class=\"attachment-full size-full\" alt=\"\" aria-describedby=\"gallery-2-3462\" data-attachment-id=\"3462\" data-permalink=\"https:\/\/blog.laviny.sk\/?attachment_id=3462#main\" data-orig-file=\"https:\/\/blog.laviny.sk\/wp-content\/uploads\/2016\/04\/ploska.gif\" data-orig-size=\"2048,1536\" data-comments-opened=\"0\" data-image-meta=\"{&quot;aperture&quot;:&quot;0&quot;,&quot;credit&quot;:&quot;&quot;,&quot;camera&quot;:&quot;&quot;,&quot;caption&quot;:&quot;&quot;,&quot;created_timestamp&quot;:&quot;0&quot;,&quot;copyright&quot;:&quot;&quot;,&quot;focal_length&quot;:&quot;0&quot;,&quot;iso&quot;:&quot;0&quot;,&quot;shutter_speed&quot;:&quot;0&quot;,&quot;title&quot;:&quot;&quot;,&quot;orientation&quot;:&quot;0&quot;}\" data-image-title=\"ploska\" data-image-description=\"\" data-image-caption=\"&lt;p&gt;\u00dabytok snehovej pokr\u00fdvky na Ploskej po\u010das posledn\u00fdch 3 dn\u00ed, Ve\u013ek\u00e1 Fatra, 1. apr\u00edl 2016&lt;\/p&gt;\n\" data-large-file=\"https:\/\/blog.laviny.sk\/wp-content\/uploads\/2016\/04\/ploska-1024x768.gif\" \/><\/a>\n\t\t\t<\/dt>\n\t\t\t\t<dd class='wp-caption-text gallery-caption' id='gallery-2-3462'>\n\t\t\t\t\u00dabytok snehovej pokr\u00fdvky na Ploskej po\u010das posledn\u00fdch 3 dn\u00ed, Ve\u013ek\u00e1 Fatra, 1. apr\u00edl 2016\n\t\t\t\t<\/dd><\/dl><br style=\"clear: both\" \/><dl class='gallery-item'>\n\t\t\t<dt class='gallery-icon landscape'>\n\t\t\t\t<a href='https:\/\/blog.laviny.sk\/?attachment_id=3465#main'><img loading=\"lazy\" decoding=\"async\" width=\"1000\" height=\"750\" src=\"https:\/\/blog.laviny.sk\/wp-content\/uploads\/2016\/04\/img_0014.jpg\" class=\"attachment-full size-full\" alt=\"\" aria-describedby=\"gallery-2-3465\" srcset=\"https:\/\/blog.laviny.sk\/wp-content\/uploads\/2016\/04\/img_0014.jpg 1000w, https:\/\/blog.laviny.sk\/wp-content\/uploads\/2016\/04\/img_0014-300x225.jpg 300w, https:\/\/blog.laviny.sk\/wp-content\/uploads\/2016\/04\/img_0014-768x576.jpg 768w\" sizes=\"auto, (max-width: 1000px) 100vw, 1000px\" data-attachment-id=\"3465\" data-permalink=\"https:\/\/blog.laviny.sk\/?attachment_id=3465#main\" data-orig-file=\"https:\/\/blog.laviny.sk\/wp-content\/uploads\/2016\/04\/img_0014.jpg\" data-orig-size=\"1000,750\" data-comments-opened=\"0\" data-image-meta=\"{&quot;aperture&quot;:&quot;4&quot;,&quot;credit&quot;:&quot;&quot;,&quot;camera&quot;:&quot;Canon PowerShot G15&quot;,&quot;caption&quot;:&quot;&quot;,&quot;created_timestamp&quot;:&quot;1459601366&quot;,&quot;copyright&quot;:&quot;&quot;,&quot;focal_length&quot;:&quot;30.5&quot;,&quot;iso&quot;:&quot;80&quot;,&quot;shutter_speed&quot;:&quot;0.0005&quot;,&quot;title&quot;:&quot;&quot;,&quot;orientation&quot;:&quot;1&quot;}\" data-image-title=\"IMG_0014\" data-image-description=\"\" data-image-caption=\"&lt;p&gt;Splazy a mal\u00e9 lav\u00edny z mokr\u00e9ho snehu pod Salat\u00ednom, Z\u00e1padn\u00e9 Tatry, 2. apr\u00edl 2016&lt;\/p&gt;\n\" data-large-file=\"https:\/\/blog.laviny.sk\/wp-content\/uploads\/2016\/04\/img_0014.jpg\" \/><\/a>\n\t\t\t<\/dt>\n\t\t\t\t<dd class='wp-caption-text gallery-caption' id='gallery-2-3465'>\n\t\t\t\tSplazy a mal\u00e9 lav\u00edny z mokr\u00e9ho snehu pod Salat\u00ednom, Z\u00e1padn\u00e9 Tatry, 2. apr\u00edl 2016\n\t\t\t\t<\/dd><\/dl><dl class='gallery-item'>\n\t\t\t<dt class='gallery-icon landscape'>\n\t\t\t\t<a href='https:\/\/blog.laviny.sk\/?attachment_id=3466#main'><img loading=\"lazy\" decoding=\"async\" width=\"1000\" height=\"750\" src=\"https:\/\/blog.laviny.sk\/wp-content\/uploads\/2016\/04\/img_0042.jpg\" class=\"attachment-full size-full\" alt=\"\" aria-describedby=\"gallery-2-3466\" srcset=\"https:\/\/blog.laviny.sk\/wp-content\/uploads\/2016\/04\/img_0042.jpg 1000w, https:\/\/blog.laviny.sk\/wp-content\/uploads\/2016\/04\/img_0042-300x225.jpg 300w, https:\/\/blog.laviny.sk\/wp-content\/uploads\/2016\/04\/img_0042-768x576.jpg 768w\" sizes=\"auto, (max-width: 1000px) 100vw, 1000px\" data-attachment-id=\"3466\" data-permalink=\"https:\/\/blog.laviny.sk\/?attachment_id=3466#main\" data-orig-file=\"https:\/\/blog.laviny.sk\/wp-content\/uploads\/2016\/04\/img_0042.jpg\" data-orig-size=\"1000,750\" data-comments-opened=\"0\" data-image-meta=\"{&quot;aperture&quot;:&quot;3.5&quot;,&quot;credit&quot;:&quot;&quot;,&quot;camera&quot;:&quot;Canon PowerShot G15&quot;,&quot;caption&quot;:&quot;&quot;,&quot;created_timestamp&quot;:&quot;1459607222&quot;,&quot;copyright&quot;:&quot;&quot;,&quot;focal_length&quot;:&quot;6.1&quot;,&quot;iso&quot;:&quot;80&quot;,&quot;shutter_speed&quot;:&quot;0.0005&quot;,&quot;title&quot;:&quot;&quot;,&quot;orientation&quot;:&quot;1&quot;}\" data-image-title=\"IMG_0042\" data-image-description=\"\" data-image-caption=\"&lt;p&gt;Splazy a mal\u00e9 lav\u00edny z mokr\u00e9ho snehu pod Salat\u00ednom, Z\u00e1padn\u00e9 Tatry, 2. apr\u00edl 2016&lt;\/p&gt;\n\" data-large-file=\"https:\/\/blog.laviny.sk\/wp-content\/uploads\/2016\/04\/img_0042.jpg\" \/><\/a>\n\t\t\t<\/dt>\n\t\t\t\t<dd class='wp-caption-text gallery-caption' id='gallery-2-3466'>\n\t\t\t\tSplazy a mal\u00e9 lav\u00edny z mokr\u00e9ho snehu pod Salat\u00ednom, Z\u00e1padn\u00e9 Tatry, 2. apr\u00edl 2016\n\t\t\t\t<\/dd><\/dl><dl class='gallery-item'>\n\t\t\t<dt class='gallery-icon landscape'>\n\t\t\t\t<a href='https:\/\/blog.laviny.sk\/?attachment_id=3467#main'><img loading=\"lazy\" decoding=\"async\" width=\"1000\" height=\"750\" src=\"https:\/\/blog.laviny.sk\/wp-content\/uploads\/2016\/04\/img_0057.jpg\" class=\"attachment-full size-full\" alt=\"\" aria-describedby=\"gallery-2-3467\" srcset=\"https:\/\/blog.laviny.sk\/wp-content\/uploads\/2016\/04\/img_0057.jpg 1000w, https:\/\/blog.laviny.sk\/wp-content\/uploads\/2016\/04\/img_0057-300x225.jpg 300w, https:\/\/blog.laviny.sk\/wp-content\/uploads\/2016\/04\/img_0057-768x576.jpg 768w\" sizes=\"auto, (max-width: 1000px) 100vw, 1000px\" data-attachment-id=\"3467\" data-permalink=\"https:\/\/blog.laviny.sk\/?attachment_id=3467#main\" data-orig-file=\"https:\/\/blog.laviny.sk\/wp-content\/uploads\/2016\/04\/img_0057.jpg\" data-orig-size=\"1000,750\" data-comments-opened=\"0\" data-image-meta=\"{&quot;aperture&quot;:&quot;3.5&quot;,&quot;credit&quot;:&quot;&quot;,&quot;camera&quot;:&quot;Canon PowerShot G15&quot;,&quot;caption&quot;:&quot;&quot;,&quot;created_timestamp&quot;:&quot;1459611799&quot;,&quot;copyright&quot;:&quot;&quot;,&quot;focal_length&quot;:&quot;30.5&quot;,&quot;iso&quot;:&quot;80&quot;,&quot;shutter_speed&quot;:&quot;0.0005&quot;,&quot;title&quot;:&quot;&quot;,&quot;orientation&quot;:&quot;1&quot;}\" data-image-title=\"IMG_0057\" data-image-description=\"\" data-image-caption=\"&lt;p&gt;Splazy a mal\u00e9 lav\u00edny z mokr\u00e9ho snehu v z\u00e1vere Bobroveckej doliny, Z\u00e1padn\u00e9 Tatry, 2. apr\u00edl 2016&lt;\/p&gt;\n\" data-large-file=\"https:\/\/blog.laviny.sk\/wp-content\/uploads\/2016\/04\/img_0057.jpg\" \/><\/a>\n\t\t\t<\/dt>\n\t\t\t\t<dd class='wp-caption-text gallery-caption' id='gallery-2-3467'>\n\t\t\t\tSplazy a mal\u00e9 lav\u00edny z mokr\u00e9ho snehu v z\u00e1vere Bobroveckej doliny, Z\u00e1padn\u00e9 Tatry, 2. apr\u00edl 2016\n\t\t\t\t<\/dd><\/dl><br style=\"clear: both\" \/><dl class='gallery-item'>\n\t\t\t<dt class='gallery-icon landscape'>\n\t\t\t\t<a href='https:\/\/blog.laviny.sk\/?attachment_id=3468#main'><img loading=\"lazy\" decoding=\"async\" width=\"1000\" height=\"750\" src=\"https:\/\/blog.laviny.sk\/wp-content\/uploads\/2016\/04\/img_0063.jpg\" class=\"attachment-full size-full\" alt=\"\" aria-describedby=\"gallery-2-3468\" srcset=\"https:\/\/blog.laviny.sk\/wp-content\/uploads\/2016\/04\/img_0063.jpg 1000w, https:\/\/blog.laviny.sk\/wp-content\/uploads\/2016\/04\/img_0063-300x225.jpg 300w, https:\/\/blog.laviny.sk\/wp-content\/uploads\/2016\/04\/img_0063-768x576.jpg 768w\" sizes=\"auto, (max-width: 1000px) 100vw, 1000px\" data-attachment-id=\"3468\" data-permalink=\"https:\/\/blog.laviny.sk\/?attachment_id=3468#main\" data-orig-file=\"https:\/\/blog.laviny.sk\/wp-content\/uploads\/2016\/04\/img_0063.jpg\" data-orig-size=\"1000,750\" data-comments-opened=\"0\" data-image-meta=\"{&quot;aperture&quot;:&quot;2.5&quot;,&quot;credit&quot;:&quot;&quot;,&quot;camera&quot;:&quot;Canon PowerShot G15&quot;,&quot;caption&quot;:&quot;&quot;,&quot;created_timestamp&quot;:&quot;1459613134&quot;,&quot;copyright&quot;:&quot;&quot;,&quot;focal_length&quot;:&quot;14.148&quot;,&quot;iso&quot;:&quot;80&quot;,&quot;shutter_speed&quot;:&quot;0.000625&quot;,&quot;title&quot;:&quot;&quot;,&quot;orientation&quot;:&quot;1&quot;}\" data-image-title=\"IMG_0063\" data-image-description=\"\" data-image-caption=\"&lt;p&gt;Splazy a mal\u00e9 lav\u00edny z mokr\u00e9ho snehu pod Salat\u00ednom, Z\u00e1padn\u00e9 Tatry, 2. apr\u00edl 2016&lt;\/p&gt;\n\" data-large-file=\"https:\/\/blog.laviny.sk\/wp-content\/uploads\/2016\/04\/img_0063.jpg\" \/><\/a>\n\t\t\t<\/dt>\n\t\t\t\t<dd class='wp-caption-text gallery-caption' id='gallery-2-3468'>\n\t\t\t\tSplazy a mal\u00e9 lav\u00edny z mokr\u00e9ho snehu pod Salat\u00ednom, Z\u00e1padn\u00e9 Tatry, 2. apr\u00edl 2016\n\t\t\t\t<\/dd><\/dl><dl class='gallery-item'>\n\t\t\t<dt class='gallery-icon landscape'>\n\t\t\t\t<a href='https:\/\/blog.laviny.sk\/?attachment_id=3469#main'><img loading=\"lazy\" decoding=\"async\" width=\"1000\" height=\"562\" src=\"https:\/\/blog.laviny.sk\/wp-content\/uploads\/2016\/04\/img_20160401_094713.jpg\" class=\"attachment-full size-full\" alt=\"\" aria-describedby=\"gallery-2-3469\" srcset=\"https:\/\/blog.laviny.sk\/wp-content\/uploads\/2016\/04\/img_20160401_094713.jpg 1000w, https:\/\/blog.laviny.sk\/wp-content\/uploads\/2016\/04\/img_20160401_094713-300x169.jpg 300w, https:\/\/blog.laviny.sk\/wp-content\/uploads\/2016\/04\/img_20160401_094713-768x432.jpg 768w, https:\/\/blog.laviny.sk\/wp-content\/uploads\/2016\/04\/img_20160401_094713-460x260.jpg 460w\" sizes=\"auto, (max-width: 1000px) 100vw, 1000px\" data-attachment-id=\"3469\" data-permalink=\"https:\/\/blog.laviny.sk\/?attachment_id=3469#main\" data-orig-file=\"https:\/\/blog.laviny.sk\/wp-content\/uploads\/2016\/04\/img_20160401_094713.jpg\" data-orig-size=\"1000,562\" data-comments-opened=\"0\" data-image-meta=\"{&quot;aperture&quot;:&quot;2.2&quot;,&quot;credit&quot;:&quot;&quot;,&quot;camera&quot;:&quot;Lenovo X2-EU&quot;,&quot;caption&quot;:&quot;&quot;,&quot;created_timestamp&quot;:&quot;1459504034&quot;,&quot;copyright&quot;:&quot;&quot;,&quot;focal_length&quot;:&quot;3.5&quot;,&quot;iso&quot;:&quot;111&quot;,&quot;shutter_speed&quot;:&quot;0.000323&quot;,&quot;title&quot;:&quot;&quot;,&quot;orientation&quot;:&quot;1&quot;}\" data-image-title=\"IMG_20160401_094713\" data-image-description=\"\" data-image-caption=\"&lt;p&gt;Splazy a mal\u00e9 lav\u00edny z mokr\u00e9ho snehu v Smutnej doline, Z\u00e1padn\u00e9 Tatry, 1. apr\u00edl 2016&lt;\/p&gt;\n\" data-large-file=\"https:\/\/blog.laviny.sk\/wp-content\/uploads\/2016\/04\/img_20160401_094713.jpg\" \/><\/a>\n\t\t\t<\/dt>\n\t\t\t\t<dd class='wp-caption-text gallery-caption' id='gallery-2-3469'>\n\t\t\t\tSplazy a mal\u00e9 lav\u00edny z mokr\u00e9ho snehu v Smutnej doline, Z\u00e1padn\u00e9 Tatry, 1. apr\u00edl 2016\n\t\t\t\t<\/dd><\/dl><dl class='gallery-item'>\n\t\t\t<dt class='gallery-icon landscape'>\n\t\t\t\t<a href='https:\/\/blog.laviny.sk\/?attachment_id=3470#main'><img loading=\"lazy\" decoding=\"async\" width=\"1000\" height=\"562\" src=\"https:\/\/blog.laviny.sk\/wp-content\/uploads\/2016\/04\/img_20160401_111438.jpg\" class=\"attachment-full size-full\" alt=\"\" aria-describedby=\"gallery-2-3470\" srcset=\"https:\/\/blog.laviny.sk\/wp-content\/uploads\/2016\/04\/img_20160401_111438.jpg 1000w, https:\/\/blog.laviny.sk\/wp-content\/uploads\/2016\/04\/img_20160401_111438-300x169.jpg 300w, https:\/\/blog.laviny.sk\/wp-content\/uploads\/2016\/04\/img_20160401_111438-768x432.jpg 768w, https:\/\/blog.laviny.sk\/wp-content\/uploads\/2016\/04\/img_20160401_111438-460x260.jpg 460w\" sizes=\"auto, (max-width: 1000px) 100vw, 1000px\" data-attachment-id=\"3470\" data-permalink=\"https:\/\/blog.laviny.sk\/?attachment_id=3470#main\" data-orig-file=\"https:\/\/blog.laviny.sk\/wp-content\/uploads\/2016\/04\/img_20160401_111438.jpg\" data-orig-size=\"1000,562\" data-comments-opened=\"0\" data-image-meta=\"{&quot;aperture&quot;:&quot;2.2&quot;,&quot;credit&quot;:&quot;&quot;,&quot;camera&quot;:&quot;Lenovo X2-EU&quot;,&quot;caption&quot;:&quot;&quot;,&quot;created_timestamp&quot;:&quot;1459509279&quot;,&quot;copyright&quot;:&quot;&quot;,&quot;focal_length&quot;:&quot;3.5&quot;,&quot;iso&quot;:&quot;111&quot;,&quot;shutter_speed&quot;:&quot;0.000323&quot;,&quot;title&quot;:&quot;&quot;,&quot;orientation&quot;:&quot;1&quot;}\" data-image-title=\"IMG_20160401_111438\" data-image-description=\"\" data-image-caption=\"&lt;p&gt;Splazy a mal\u00e9 lav\u00edny z mokr\u00e9ho snehu v Smutnej doline, Z\u00e1padn\u00e9 Tatry, 1. apr\u00edl 2016&lt;\/p&gt;\n\" data-large-file=\"https:\/\/blog.laviny.sk\/wp-content\/uploads\/2016\/04\/img_20160401_111438.jpg\" \/><\/a>\n\t\t\t<\/dt>\n\t\t\t\t<dd class='wp-caption-text gallery-caption' id='gallery-2-3470'>\n\t\t\t\tSplazy a mal\u00e9 lav\u00edny z mokr\u00e9ho snehu v Smutnej doline, Z\u00e1padn\u00e9 Tatry, 1. apr\u00edl 2016\n\t\t\t\t<\/dd><\/dl><br style=\"clear: both\" \/>\n\t\t<\/div>\n\n<p>&nbsp;<\/p>\n","protected":false},"excerpt":{"rendered":"<p>Uplynul\u00fd t\u00fd\u017ede\u0148 sa niesol v znamen\u00ed v\u00fdrazn\u00e9ho oteplenia a pr\u00edchodu jari u\u017e aj na hory. Najm\u00e4 v z\u00e1vere t\u00fd\u017ed\u0148a (\u0161tvrtok a piatok) bol tento pr\u00edchod razantn\u00fd a badate\u013en\u00fd. V\u00fd\u0161ka snehovej pokr\u00fdvky v\u00fdrazne klesla u\u017e aj vo vy\u0161\u0161\u00edch poloh\u00e1ch a v poloh\u00e1ch pod 1500 m n. m. je u\u017e na mnoh\u00fdch miestach dokonca nes\u00favisl\u00e1.\u00a0Teplota vzduchu zo&hellip;<\/p>\n","protected":false},"author":1,"featured_media":3466,"comment_status":"closed","ping_status":"closed","sticky":false,"template":"","format":"standard","meta":{"jetpack_post_was_ever_published":false,"_jetpack_newsletter_access":"","_jetpack_dont_email_post_to_subs":false,"_jetpack_newsletter_tier_id":0,"_jetpack_memberships_contains_paywalled_content":false,"_jetpack_memberships_contains_paid_content":false,"footnotes":"","jetpack_publicize_message":"","jetpack_publicize_feature_enabled":true,"jetpack_social_post_already_shared":false,"jetpack_social_options":{"image_generator_settings":{"template":"highway","default_image_id":0,"font":"","enabled":false},"version":2}},"categories":[4],"tags":[54,79,99,116,132],"class_list":["post-3432","post","type-post","status-publish","format-standard","has-post-thumbnail","hentry","category-pocasie-sneh-a-laviny","tag-jar","tag-laviny","tag-mokre-laviny","tag-oteplenie","tag-priebeh-pocasia"],"jetpack_publicize_connections":[],"jetpack_featured_media_url":"https:\/\/blog.laviny.sk\/wp-content\/uploads\/2016\/04\/img_0042.jpg","jetpack_sharing_enabled":true,"jetpack_shortlink":"https:\/\/wp.me\/p8DxWh-Tm","jetpack-related-posts":[],"_links":{"self":[{"href":"https:\/\/blog.laviny.sk\/index.php?rest_route=\/wp\/v2\/posts\/3432","targetHints":{"allow":["GET"]}}],"collection":[{"href":"https:\/\/blog.laviny.sk\/index.php?rest_route=\/wp\/v2\/posts"}],"about":[{"href":"https:\/\/blog.laviny.sk\/index.php?rest_route=\/wp\/v2\/types\/post"}],"author":[{"embeddable":true,"href":"https:\/\/blog.laviny.sk\/index.php?rest_route=\/wp\/v2\/users\/1"}],"replies":[{"embeddable":true,"href":"https:\/\/blog.laviny.sk\/index.php?rest_route=%2Fwp%2Fv2%2Fcomments&post=3432"}],"version-history":[{"count":1,"href":"https:\/\/blog.laviny.sk\/index.php?rest_route=\/wp\/v2\/posts\/3432\/revisions"}],"predecessor-version":[{"id":5002,"href":"https:\/\/blog.laviny.sk\/index.php?rest_route=\/wp\/v2\/posts\/3432\/revisions\/5002"}],"wp:featuredmedia":[{"embeddable":true,"href":"https:\/\/blog.laviny.sk\/index.php?rest_route=\/wp\/v2\/media\/3466"}],"wp:attachment":[{"href":"https:\/\/blog.laviny.sk\/index.php?rest_route=%2Fwp%2Fv2%2Fmedia&parent=3432"}],"wp:term":[{"taxonomy":"category","embeddable":true,"href":"https:\/\/blog.laviny.sk\/index.php?rest_route=%2Fwp%2Fv2%2Fcategories&post=3432"},{"taxonomy":"post_tag","embeddable":true,"href":"https:\/\/blog.laviny.sk\/index.php?rest_route=%2Fwp%2Fv2%2Ftags&post=3432"}],"curies":[{"name":"wp","href":"https:\/\/api.w.org\/{rel}","templated":true}]}}