{"id":3291,"date":"2016-03-18T08:39:47","date_gmt":"2016-03-18T07:39:47","guid":{"rendered":"https:\/\/slphzs.wordpress.com\/?p=3291"},"modified":"2017-04-19T13:40:39","modified_gmt":"2017-04-19T11:40:39","slug":"priebeh-pocasia-od-12-do-18-marca-2016","status":"publish","type":"post","link":"https:\/\/blog.laviny.sk\/?p=3291","title":{"rendered":"Priebeh po\u010dasia od 12. do 18. marca 2016"},"content":{"rendered":"<p style=\"text-align: justify;\">V\u00edkend 12. a 13. marca 2016 bol na hor\u00e1ch spo\u010diatku zamra\u010den\u00fd, pri\u010dom sa na mnoh\u00fdch miestach vyskytovala hmla. Postupne sa ale obla\u010dnos\u0165 pri preva\u017ene severov\u00fdchodnom pr\u00faden\u00ed za\u010dala rozpad\u00e1va\u0165a v pondelok bolo takmer v\u0161ade kr\u00e1sne a slne\u010dno. V utorok a v stredu sa v na\u0161ich hor\u00e1ch rozsne\u017eilo a postupne za dva dni nasne\u017eilo od 15 do 30\u00a0cm v Tatr\u00e1ch, vo Fatr\u00e1ch a N\u00edzkych Tatr\u00e1ch do 15 cm.<\/p>\n\n\t\t<style type=\"text\/css\">\n\t\t\t#gallery-1 {\n\t\t\t\tmargin: auto;\n\t\t\t}\n\t\t\t#gallery-1 .gallery-item {\n\t\t\t\tfloat: left;\n\t\t\t\tmargin-top: 10px;\n\t\t\t\ttext-align: center;\n\t\t\t\twidth: 25%;\n\t\t\t}\n\t\t\t#gallery-1 img {\n\t\t\t\tborder: 2px solid #cfcfcf;\n\t\t\t}\n\t\t\t#gallery-1 .gallery-caption {\n\t\t\t\tmargin-left: 0;\n\t\t\t}\n\t\t\t\/* see gallery_shortcode() in wp-includes\/media.php *\/\n\t\t<\/style>\n\t\t<div data-carousel-extra='{&quot;blog_id&quot;:1,&quot;permalink&quot;:&quot;https:\/\/blog.laviny.sk\/?p=3291&quot;}' id='gallery-1' class='gallery galleryid-3291 gallery-columns-4 gallery-size-thumbnail'><dl class='gallery-item'>\n\t\t\t<dt class='gallery-icon landscape'>\n\t\t\t\t<a href='https:\/\/blog.laviny.sk\/?attachment_id=3301#main'><img loading=\"lazy\" decoding=\"async\" width=\"150\" height=\"150\" src=\"https:\/\/blog.laviny.sk\/wp-content\/uploads\/2016\/03\/20160316_073217-150x150.jpg\" class=\"attachment-thumbnail size-thumbnail\" alt=\"\" aria-describedby=\"gallery-1-3301\" srcset=\"https:\/\/blog.laviny.sk\/wp-content\/uploads\/2016\/03\/20160316_073217-150x150.jpg 150w, https:\/\/blog.laviny.sk\/wp-content\/uploads\/2016\/03\/20160316_073217-50x50.jpg 50w\" sizes=\"auto, (max-width: 150px) 100vw, 150px\" data-attachment-id=\"3301\" data-permalink=\"https:\/\/blog.laviny.sk\/?attachment_id=3301#main\" data-orig-file=\"https:\/\/blog.laviny.sk\/wp-content\/uploads\/2016\/03\/20160316_073217.jpg\" data-orig-size=\"1000,562\" data-comments-opened=\"0\" data-image-meta=\"{&quot;aperture&quot;:&quot;2.6&quot;,&quot;credit&quot;:&quot;&quot;,&quot;camera&quot;:&quot;GT-I9195&quot;,&quot;caption&quot;:&quot;&quot;,&quot;created_timestamp&quot;:&quot;1458113537&quot;,&quot;copyright&quot;:&quot;&quot;,&quot;focal_length&quot;:&quot;3.7&quot;,&quot;iso&quot;:&quot;64&quot;,&quot;shutter_speed&quot;:&quot;0.00020325203252033&quot;,&quot;title&quot;:&quot;&quot;,&quot;orientation&quot;:&quot;1&quot;}\" data-image-title=\"20160316_073217\" data-image-description=\"\" data-image-caption=\"&lt;p&gt;Vysok\u00e9 Tatry, 16.3.16 &amp;#8211; \u010cerven\u00e1 dolinka &amp;#8211; Nerovnomerne rozlo\u017een\u00e1 snehov\u00e1 pokr\u00fdvka&lt;\/p&gt;\n\" data-large-file=\"https:\/\/blog.laviny.sk\/wp-content\/uploads\/2016\/03\/20160316_073217.jpg\" \/><\/a>\n\t\t\t<\/dt>\n\t\t\t\t<dd class='wp-caption-text gallery-caption' id='gallery-1-3301'>\n\t\t\t\tVysok\u00e9 Tatry, 16.3.16 &#8211; \u010cerven\u00e1 dolinka &#8211; Nerovnomerne rozlo\u017een\u00e1 snehov\u00e1 pokr\u00fdvka\n\t\t\t\t<\/dd><\/dl><dl class='gallery-item'>\n\t\t\t<dt class='gallery-icon landscape'>\n\t\t\t\t<a href='https:\/\/blog.laviny.sk\/?attachment_id=3303#main'><img loading=\"lazy\" decoding=\"async\" width=\"150\" height=\"150\" src=\"https:\/\/blog.laviny.sk\/wp-content\/uploads\/2016\/03\/durkova_20160316_1159-150x150.jpg\" class=\"attachment-thumbnail size-thumbnail\" alt=\"\" aria-describedby=\"gallery-1-3303\" srcset=\"https:\/\/blog.laviny.sk\/wp-content\/uploads\/2016\/03\/durkova_20160316_1159-150x150.jpg 150w, https:\/\/blog.laviny.sk\/wp-content\/uploads\/2016\/03\/durkova_20160316_1159-50x50.jpg 50w\" sizes=\"auto, (max-width: 150px) 100vw, 150px\" data-attachment-id=\"3303\" data-permalink=\"https:\/\/blog.laviny.sk\/?attachment_id=3303#main\" data-orig-file=\"https:\/\/blog.laviny.sk\/wp-content\/uploads\/2016\/03\/durkova_20160316_1159.jpg\" data-orig-size=\"1280,720\" data-comments-opened=\"0\" data-image-meta=\"{&quot;aperture&quot;:&quot;0&quot;,&quot;credit&quot;:&quot;&quot;,&quot;camera&quot;:&quot;&quot;,&quot;caption&quot;:&quot;&quot;,&quot;created_timestamp&quot;:&quot;0&quot;,&quot;copyright&quot;:&quot;&quot;,&quot;focal_length&quot;:&quot;0&quot;,&quot;iso&quot;:&quot;0&quot;,&quot;shutter_speed&quot;:&quot;0&quot;,&quot;title&quot;:&quot;&quot;,&quot;orientation&quot;:&quot;0&quot;}\" data-image-title=\"Durkova_20160316_1159\" data-image-description=\"\" data-image-caption=\"&lt;p&gt;AMS \u010eurkov\u00e1 v N\u00edzkych Tatr\u00e1ch&lt;\/p&gt;\n\" data-large-file=\"https:\/\/blog.laviny.sk\/wp-content\/uploads\/2016\/03\/durkova_20160316_1159-1024x576.jpg\" \/><\/a>\n\t\t\t<\/dt>\n\t\t\t\t<dd class='wp-caption-text gallery-caption' id='gallery-1-3303'>\n\t\t\t\tAMS \u010eurkov\u00e1 v N\u00edzkych Tatr\u00e1ch\n\t\t\t\t<\/dd><\/dl><dl class='gallery-item'>\n\t\t\t<dt class='gallery-icon landscape'>\n\t\t\t\t<a href='https:\/\/blog.laviny.sk\/?attachment_id=3304#main'><img loading=\"lazy\" decoding=\"async\" width=\"150\" height=\"150\" src=\"https:\/\/blog.laviny.sk\/wp-content\/uploads\/2016\/03\/durkova_20160317_0959-150x150.jpg\" class=\"attachment-thumbnail size-thumbnail\" alt=\"\" aria-describedby=\"gallery-1-3304\" srcset=\"https:\/\/blog.laviny.sk\/wp-content\/uploads\/2016\/03\/durkova_20160317_0959-150x150.jpg 150w, https:\/\/blog.laviny.sk\/wp-content\/uploads\/2016\/03\/durkova_20160317_0959-50x50.jpg 50w\" sizes=\"auto, (max-width: 150px) 100vw, 150px\" data-attachment-id=\"3304\" data-permalink=\"https:\/\/blog.laviny.sk\/?attachment_id=3304#main\" data-orig-file=\"https:\/\/blog.laviny.sk\/wp-content\/uploads\/2016\/03\/durkova_20160317_0959.jpg\" data-orig-size=\"1280,720\" data-comments-opened=\"0\" data-image-meta=\"{&quot;aperture&quot;:&quot;0&quot;,&quot;credit&quot;:&quot;&quot;,&quot;camera&quot;:&quot;&quot;,&quot;caption&quot;:&quot;&quot;,&quot;created_timestamp&quot;:&quot;0&quot;,&quot;copyright&quot;:&quot;&quot;,&quot;focal_length&quot;:&quot;0&quot;,&quot;iso&quot;:&quot;0&quot;,&quot;shutter_speed&quot;:&quot;0&quot;,&quot;title&quot;:&quot;&quot;,&quot;orientation&quot;:&quot;0&quot;}\" data-image-title=\"Durkova_20160317_0959\" data-image-description=\"\" data-image-caption=\"&lt;p&gt;AMS \u010eurkov\u00e1 v N\u00edzkych Tatr\u00e1ch&lt;\/p&gt;\n\" data-large-file=\"https:\/\/blog.laviny.sk\/wp-content\/uploads\/2016\/03\/durkova_20160317_0959-1024x576.jpg\" \/><\/a>\n\t\t\t<\/dt>\n\t\t\t\t<dd class='wp-caption-text gallery-caption' id='gallery-1-3304'>\n\t\t\t\tAMS \u010eurkov\u00e1 v N\u00edzkych Tatr\u00e1ch\n\t\t\t\t<\/dd><\/dl><dl class='gallery-item'>\n\t\t\t<dt class='gallery-icon landscape'>\n\t\t\t\t<a href='https:\/\/blog.laviny.sk\/?attachment_id=3305#main'><img loading=\"lazy\" decoding=\"async\" width=\"150\" height=\"150\" src=\"https:\/\/blog.laviny.sk\/wp-content\/uploads\/2016\/03\/koniarky_20160317_0500-150x150.jpg\" class=\"attachment-thumbnail size-thumbnail\" alt=\"\" aria-describedby=\"gallery-1-3305\" srcset=\"https:\/\/blog.laviny.sk\/wp-content\/uploads\/2016\/03\/koniarky_20160317_0500-150x150.jpg 150w, https:\/\/blog.laviny.sk\/wp-content\/uploads\/2016\/03\/koniarky_20160317_0500-50x50.jpg 50w\" sizes=\"auto, (max-width: 150px) 100vw, 150px\" data-attachment-id=\"3305\" data-permalink=\"https:\/\/blog.laviny.sk\/?attachment_id=3305#main\" data-orig-file=\"https:\/\/blog.laviny.sk\/wp-content\/uploads\/2016\/03\/koniarky_20160317_0500.jpg\" data-orig-size=\"2048,1536\" data-comments-opened=\"0\" data-image-meta=\"{&quot;aperture&quot;:&quot;0&quot;,&quot;credit&quot;:&quot;&quot;,&quot;camera&quot;:&quot;&quot;,&quot;caption&quot;:&quot;&quot;,&quot;created_timestamp&quot;:&quot;0&quot;,&quot;copyright&quot;:&quot;&quot;,&quot;focal_length&quot;:&quot;0&quot;,&quot;iso&quot;:&quot;0&quot;,&quot;shutter_speed&quot;:&quot;0&quot;,&quot;title&quot;:&quot;&quot;,&quot;orientation&quot;:&quot;0&quot;}\" data-image-title=\"Koniarky_20160317_0500\" data-image-description=\"\" data-image-caption=\"&lt;p&gt;AMS Koniarky vo Ve\u013ekej Fatre&lt;\/p&gt;\n\" data-large-file=\"https:\/\/blog.laviny.sk\/wp-content\/uploads\/2016\/03\/koniarky_20160317_0500-1024x768.jpg\" \/><\/a>\n\t\t\t<\/dt>\n\t\t\t\t<dd class='wp-caption-text gallery-caption' id='gallery-1-3305'>\n\t\t\t\tAMS Koniarky vo Ve\u013ekej Fatre\n\t\t\t\t<\/dd><\/dl><br style=\"clear: both\" \/><dl class='gallery-item'>\n\t\t\t<dt class='gallery-icon landscape'>\n\t\t\t\t<a href='https:\/\/blog.laviny.sk\/?attachment_id=3306#main'><img loading=\"lazy\" decoding=\"async\" width=\"150\" height=\"150\" src=\"https:\/\/blog.laviny.sk\/wp-content\/uploads\/2016\/03\/martinky_20160316_1000-150x150.jpg\" class=\"attachment-thumbnail size-thumbnail\" alt=\"\" aria-describedby=\"gallery-1-3306\" srcset=\"https:\/\/blog.laviny.sk\/wp-content\/uploads\/2016\/03\/martinky_20160316_1000-150x150.jpg 150w, https:\/\/blog.laviny.sk\/wp-content\/uploads\/2016\/03\/martinky_20160316_1000-50x50.jpg 50w\" sizes=\"auto, (max-width: 150px) 100vw, 150px\" data-attachment-id=\"3306\" data-permalink=\"https:\/\/blog.laviny.sk\/?attachment_id=3306#main\" data-orig-file=\"https:\/\/blog.laviny.sk\/wp-content\/uploads\/2016\/03\/martinky_20160316_1000.jpg\" data-orig-size=\"1920,1080\" data-comments-opened=\"0\" data-image-meta=\"{&quot;aperture&quot;:&quot;0&quot;,&quot;credit&quot;:&quot;&quot;,&quot;camera&quot;:&quot;&quot;,&quot;caption&quot;:&quot;&quot;,&quot;created_timestamp&quot;:&quot;0&quot;,&quot;copyright&quot;:&quot;&quot;,&quot;focal_length&quot;:&quot;0&quot;,&quot;iso&quot;:&quot;0&quot;,&quot;shutter_speed&quot;:&quot;0&quot;,&quot;title&quot;:&quot;&quot;,&quot;orientation&quot;:&quot;0&quot;}\" data-image-title=\"Martinky_20160316_1000\" data-image-description=\"\" data-image-caption=\"&lt;p&gt;AMS Martinsk\u00e9 hole v Malej Fatre&lt;\/p&gt;\n\" data-large-file=\"https:\/\/blog.laviny.sk\/wp-content\/uploads\/2016\/03\/martinky_20160316_1000-1024x576.jpg\" \/><\/a>\n\t\t\t<\/dt>\n\t\t\t\t<dd class='wp-caption-text gallery-caption' id='gallery-1-3306'>\n\t\t\t\tAMS Martinsk\u00e9 hole v Malej Fatre\n\t\t\t\t<\/dd><\/dl><dl class='gallery-item'>\n\t\t\t<dt class='gallery-icon landscape'>\n\t\t\t\t<a href='https:\/\/blog.laviny.sk\/?attachment_id=3307#main'><img loading=\"lazy\" decoding=\"async\" width=\"150\" height=\"150\" src=\"https:\/\/blog.laviny.sk\/wp-content\/uploads\/2016\/03\/martinky_20160317_0000-150x150.jpg\" class=\"attachment-thumbnail size-thumbnail\" alt=\"\" aria-describedby=\"gallery-1-3307\" srcset=\"https:\/\/blog.laviny.sk\/wp-content\/uploads\/2016\/03\/martinky_20160317_0000-150x150.jpg 150w, https:\/\/blog.laviny.sk\/wp-content\/uploads\/2016\/03\/martinky_20160317_0000-50x50.jpg 50w\" sizes=\"auto, (max-width: 150px) 100vw, 150px\" data-attachment-id=\"3307\" data-permalink=\"https:\/\/blog.laviny.sk\/?attachment_id=3307#main\" data-orig-file=\"https:\/\/blog.laviny.sk\/wp-content\/uploads\/2016\/03\/martinky_20160317_0000.jpg\" data-orig-size=\"1920,1080\" data-comments-opened=\"0\" data-image-meta=\"{&quot;aperture&quot;:&quot;0&quot;,&quot;credit&quot;:&quot;&quot;,&quot;camera&quot;:&quot;&quot;,&quot;caption&quot;:&quot;&quot;,&quot;created_timestamp&quot;:&quot;0&quot;,&quot;copyright&quot;:&quot;&quot;,&quot;focal_length&quot;:&quot;0&quot;,&quot;iso&quot;:&quot;0&quot;,&quot;shutter_speed&quot;:&quot;0&quot;,&quot;title&quot;:&quot;&quot;,&quot;orientation&quot;:&quot;0&quot;}\" data-image-title=\"Martinky_20160317_0000\" data-image-description=\"\" data-image-caption=\"&lt;p&gt;AMS Martinsk\u00e9 hole v Malej Fatre&lt;\/p&gt;\n\" data-large-file=\"https:\/\/blog.laviny.sk\/wp-content\/uploads\/2016\/03\/martinky_20160317_0000-1024x576.jpg\" \/><\/a>\n\t\t\t<\/dt>\n\t\t\t\t<dd class='wp-caption-text gallery-caption' id='gallery-1-3307'>\n\t\t\t\tAMS Martinsk\u00e9 hole v Malej Fatre\n\t\t\t\t<\/dd><\/dl><dl class='gallery-item'>\n\t\t\t<dt class='gallery-icon landscape'>\n\t\t\t\t<a href='https:\/\/blog.laviny.sk\/?attachment_id=3308#main'><img loading=\"lazy\" decoding=\"async\" width=\"150\" height=\"150\" src=\"https:\/\/blog.laviny.sk\/wp-content\/uploads\/2016\/03\/martinky_20160317_0800-150x150.jpg\" class=\"attachment-thumbnail size-thumbnail\" alt=\"\" aria-describedby=\"gallery-1-3308\" srcset=\"https:\/\/blog.laviny.sk\/wp-content\/uploads\/2016\/03\/martinky_20160317_0800-150x150.jpg 150w, https:\/\/blog.laviny.sk\/wp-content\/uploads\/2016\/03\/martinky_20160317_0800-50x50.jpg 50w\" sizes=\"auto, (max-width: 150px) 100vw, 150px\" data-attachment-id=\"3308\" data-permalink=\"https:\/\/blog.laviny.sk\/?attachment_id=3308#main\" data-orig-file=\"https:\/\/blog.laviny.sk\/wp-content\/uploads\/2016\/03\/martinky_20160317_0800.jpg\" data-orig-size=\"1920,1080\" data-comments-opened=\"0\" data-image-meta=\"{&quot;aperture&quot;:&quot;0&quot;,&quot;credit&quot;:&quot;&quot;,&quot;camera&quot;:&quot;&quot;,&quot;caption&quot;:&quot;&quot;,&quot;created_timestamp&quot;:&quot;0&quot;,&quot;copyright&quot;:&quot;&quot;,&quot;focal_length&quot;:&quot;0&quot;,&quot;iso&quot;:&quot;0&quot;,&quot;shutter_speed&quot;:&quot;0&quot;,&quot;title&quot;:&quot;&quot;,&quot;orientation&quot;:&quot;0&quot;}\" data-image-title=\"Martinky_20160317_0800\" data-image-description=\"\" data-image-caption=\"&lt;p&gt;AMS Martinsk\u00e9 hole v Malej Fatre&lt;\/p&gt;\n\" data-large-file=\"https:\/\/blog.laviny.sk\/wp-content\/uploads\/2016\/03\/martinky_20160317_0800-1024x576.jpg\" \/><\/a>\n\t\t\t<\/dt>\n\t\t\t\t<dd class='wp-caption-text gallery-caption' id='gallery-1-3308'>\n\t\t\t\tAMS Martinsk\u00e9 hole v Malej Fatre\n\t\t\t\t<\/dd><\/dl><dl class='gallery-item'>\n\t\t\t<dt class='gallery-icon landscape'>\n\t\t\t\t<a href='https:\/\/blog.laviny.sk\/?attachment_id=3309#main'><img loading=\"lazy\" decoding=\"async\" width=\"150\" height=\"150\" src=\"https:\/\/blog.laviny.sk\/wp-content\/uploads\/2016\/03\/sliezsky_20160316_1600-150x150.jpg\" class=\"attachment-thumbnail size-thumbnail\" alt=\"\" aria-describedby=\"gallery-1-3309\" srcset=\"https:\/\/blog.laviny.sk\/wp-content\/uploads\/2016\/03\/sliezsky_20160316_1600-150x150.jpg 150w, https:\/\/blog.laviny.sk\/wp-content\/uploads\/2016\/03\/sliezsky_20160316_1600-50x50.jpg 50w\" sizes=\"auto, (max-width: 150px) 100vw, 150px\" data-attachment-id=\"3309\" data-permalink=\"https:\/\/blog.laviny.sk\/?attachment_id=3309#main\" data-orig-file=\"https:\/\/blog.laviny.sk\/wp-content\/uploads\/2016\/03\/sliezsky_20160316_1600.jpg\" data-orig-size=\"2048,1536\" data-comments-opened=\"0\" data-image-meta=\"{&quot;aperture&quot;:&quot;0&quot;,&quot;credit&quot;:&quot;&quot;,&quot;camera&quot;:&quot;&quot;,&quot;caption&quot;:&quot;&quot;,&quot;created_timestamp&quot;:&quot;0&quot;,&quot;copyright&quot;:&quot;&quot;,&quot;focal_length&quot;:&quot;0&quot;,&quot;iso&quot;:&quot;0&quot;,&quot;shutter_speed&quot;:&quot;0&quot;,&quot;title&quot;:&quot;&quot;,&quot;orientation&quot;:&quot;0&quot;}\" data-image-title=\"Sliezsky_20160316_1600\" data-image-description=\"\" data-image-caption=\"&lt;p&gt;AMS Sliezsky dom vo Vysok\u00fdch Tatr\u00e1ch&lt;\/p&gt;\n\" data-large-file=\"https:\/\/blog.laviny.sk\/wp-content\/uploads\/2016\/03\/sliezsky_20160316_1600-1024x768.jpg\" \/><\/a>\n\t\t\t<\/dt>\n\t\t\t\t<dd class='wp-caption-text gallery-caption' id='gallery-1-3309'>\n\t\t\t\tAMS Sliezsky dom vo Vysok\u00fdch Tatr\u00e1ch\n\t\t\t\t<\/dd><\/dl><br style=\"clear: both\" \/><dl class='gallery-item'>\n\t\t\t<dt class='gallery-icon landscape'>\n\t\t\t\t<a href='https:\/\/blog.laviny.sk\/?attachment_id=3310#main'><img loading=\"lazy\" decoding=\"async\" width=\"150\" height=\"150\" src=\"https:\/\/blog.laviny.sk\/wp-content\/uploads\/2016\/03\/sliezsky_20160317_0900-150x150.jpg\" class=\"attachment-thumbnail size-thumbnail\" alt=\"\" aria-describedby=\"gallery-1-3310\" srcset=\"https:\/\/blog.laviny.sk\/wp-content\/uploads\/2016\/03\/sliezsky_20160317_0900-150x150.jpg 150w, https:\/\/blog.laviny.sk\/wp-content\/uploads\/2016\/03\/sliezsky_20160317_0900-50x50.jpg 50w\" sizes=\"auto, (max-width: 150px) 100vw, 150px\" data-attachment-id=\"3310\" data-permalink=\"https:\/\/blog.laviny.sk\/?attachment_id=3310#main\" data-orig-file=\"https:\/\/blog.laviny.sk\/wp-content\/uploads\/2016\/03\/sliezsky_20160317_0900.jpg\" data-orig-size=\"2048,1536\" data-comments-opened=\"0\" data-image-meta=\"{&quot;aperture&quot;:&quot;0&quot;,&quot;credit&quot;:&quot;&quot;,&quot;camera&quot;:&quot;&quot;,&quot;caption&quot;:&quot;&quot;,&quot;created_timestamp&quot;:&quot;0&quot;,&quot;copyright&quot;:&quot;&quot;,&quot;focal_length&quot;:&quot;0&quot;,&quot;iso&quot;:&quot;0&quot;,&quot;shutter_speed&quot;:&quot;0&quot;,&quot;title&quot;:&quot;&quot;,&quot;orientation&quot;:&quot;0&quot;}\" data-image-title=\"Sliezsky_20160317_0900\" data-image-description=\"\" data-image-caption=\"&lt;p&gt;AMS Sliezsky dom vo Vysok\u00fdch Tatr\u00e1ch&lt;\/p&gt;\n\" data-large-file=\"https:\/\/blog.laviny.sk\/wp-content\/uploads\/2016\/03\/sliezsky_20160317_0900-1024x768.jpg\" \/><\/a>\n\t\t\t<\/dt>\n\t\t\t\t<dd class='wp-caption-text gallery-caption' id='gallery-1-3310'>\n\t\t\t\tAMS Sliezsky dom vo Vysok\u00fdch Tatr\u00e1ch\n\t\t\t\t<\/dd><\/dl><dl class='gallery-item'>\n\t\t\t<dt class='gallery-icon landscape'>\n\t\t\t\t<a href='https:\/\/blog.laviny.sk\/?attachment_id=3311#main'><img loading=\"lazy\" decoding=\"async\" width=\"150\" height=\"150\" src=\"https:\/\/blog.laviny.sk\/wp-content\/uploads\/2016\/03\/zabie_20160316_1200-150x150.jpg\" class=\"attachment-thumbnail size-thumbnail\" alt=\"\" aria-describedby=\"gallery-1-3311\" srcset=\"https:\/\/blog.laviny.sk\/wp-content\/uploads\/2016\/03\/zabie_20160316_1200-150x150.jpg 150w, https:\/\/blog.laviny.sk\/wp-content\/uploads\/2016\/03\/zabie_20160316_1200-50x50.jpg 50w\" sizes=\"auto, (max-width: 150px) 100vw, 150px\" data-attachment-id=\"3311\" data-permalink=\"https:\/\/blog.laviny.sk\/?attachment_id=3311#main\" data-orig-file=\"https:\/\/blog.laviny.sk\/wp-content\/uploads\/2016\/03\/zabie_20160316_1200.jpg\" data-orig-size=\"1280,960\" data-comments-opened=\"0\" data-image-meta=\"{&quot;aperture&quot;:&quot;0&quot;,&quot;credit&quot;:&quot;&quot;,&quot;camera&quot;:&quot;&quot;,&quot;caption&quot;:&quot;&quot;,&quot;created_timestamp&quot;:&quot;0&quot;,&quot;copyright&quot;:&quot;&quot;,&quot;focal_length&quot;:&quot;0&quot;,&quot;iso&quot;:&quot;0&quot;,&quot;shutter_speed&quot;:&quot;0&quot;,&quot;title&quot;:&quot;&quot;,&quot;orientation&quot;:&quot;0&quot;}\" data-image-title=\"Zabie_20160316_1200\" data-image-description=\"\" data-image-caption=\"&lt;p&gt;AMS Vy\u0161n\u00e9 \u017dabie pleso vo Vysok\u00fdch Tatr\u00e1ch&lt;\/p&gt;\n\" data-large-file=\"https:\/\/blog.laviny.sk\/wp-content\/uploads\/2016\/03\/zabie_20160316_1200-1024x768.jpg\" \/><\/a>\n\t\t\t<\/dt>\n\t\t\t\t<dd class='wp-caption-text gallery-caption' id='gallery-1-3311'>\n\t\t\t\tAMS Vy\u0161n\u00e9 \u017dabie pleso vo Vysok\u00fdch Tatr\u00e1ch\n\t\t\t\t<\/dd><\/dl><dl class='gallery-item'>\n\t\t\t<dt class='gallery-icon landscape'>\n\t\t\t\t<a href='https:\/\/blog.laviny.sk\/?attachment_id=3312#main'><img loading=\"lazy\" decoding=\"async\" width=\"150\" height=\"150\" src=\"https:\/\/blog.laviny.sk\/wp-content\/uploads\/2016\/03\/zabie_20160317_1000-150x150.jpg\" class=\"attachment-thumbnail size-thumbnail\" alt=\"\" aria-describedby=\"gallery-1-3312\" srcset=\"https:\/\/blog.laviny.sk\/wp-content\/uploads\/2016\/03\/zabie_20160317_1000-150x150.jpg 150w, https:\/\/blog.laviny.sk\/wp-content\/uploads\/2016\/03\/zabie_20160317_1000-50x50.jpg 50w\" sizes=\"auto, (max-width: 150px) 100vw, 150px\" data-attachment-id=\"3312\" data-permalink=\"https:\/\/blog.laviny.sk\/?attachment_id=3312#main\" data-orig-file=\"https:\/\/blog.laviny.sk\/wp-content\/uploads\/2016\/03\/zabie_20160317_1000.jpg\" data-orig-size=\"1280,960\" data-comments-opened=\"0\" data-image-meta=\"{&quot;aperture&quot;:&quot;0&quot;,&quot;credit&quot;:&quot;&quot;,&quot;camera&quot;:&quot;&quot;,&quot;caption&quot;:&quot;&quot;,&quot;created_timestamp&quot;:&quot;0&quot;,&quot;copyright&quot;:&quot;&quot;,&quot;focal_length&quot;:&quot;0&quot;,&quot;iso&quot;:&quot;0&quot;,&quot;shutter_speed&quot;:&quot;0&quot;,&quot;title&quot;:&quot;&quot;,&quot;orientation&quot;:&quot;0&quot;}\" data-image-title=\"Zabie_20160317_1000\" data-image-description=\"\" data-image-caption=\"&lt;p&gt;AMS Vy\u0161n\u00e9 \u017dabie pleso vo Vysok\u00fdch Tatr\u00e1ch&lt;\/p&gt;\n\" data-large-file=\"https:\/\/blog.laviny.sk\/wp-content\/uploads\/2016\/03\/zabie_20160317_1000-1024x768.jpg\" \/><\/a>\n\t\t\t<\/dt>\n\t\t\t\t<dd class='wp-caption-text gallery-caption' id='gallery-1-3312'>\n\t\t\t\tAMS Vy\u0161n\u00e9 \u017dabie pleso vo Vysok\u00fdch Tatr\u00e1ch\n\t\t\t\t<\/dd><\/dl><dl class='gallery-item'>\n\t\t\t<dt class='gallery-icon landscape'>\n\t\t\t\t<a href='https:\/\/blog.laviny.sk\/?attachment_id=3302#main'><img loading=\"lazy\" decoding=\"async\" width=\"150\" height=\"150\" src=\"https:\/\/blog.laviny.sk\/wp-content\/uploads\/2016\/03\/dsc_0076-150x150.jpg\" class=\"attachment-thumbnail size-thumbnail\" alt=\"\" aria-describedby=\"gallery-1-3302\" srcset=\"https:\/\/blog.laviny.sk\/wp-content\/uploads\/2016\/03\/dsc_0076-150x150.jpg 150w, https:\/\/blog.laviny.sk\/wp-content\/uploads\/2016\/03\/dsc_0076-50x50.jpg 50w\" sizes=\"auto, (max-width: 150px) 100vw, 150px\" data-attachment-id=\"3302\" data-permalink=\"https:\/\/blog.laviny.sk\/?attachment_id=3302#main\" data-orig-file=\"https:\/\/blog.laviny.sk\/wp-content\/uploads\/2016\/03\/dsc_0076.jpg\" data-orig-size=\"1000,669\" data-comments-opened=\"0\" data-image-meta=\"{&quot;aperture&quot;:&quot;8&quot;,&quot;credit&quot;:&quot;&quot;,&quot;camera&quot;:&quot;NIKON D80&quot;,&quot;caption&quot;:&quot;&quot;,&quot;created_timestamp&quot;:&quot;1458222184&quot;,&quot;copyright&quot;:&quot;&quot;,&quot;focal_length&quot;:&quot;18&quot;,&quot;iso&quot;:&quot;100&quot;,&quot;shutter_speed&quot;:&quot;0.004&quot;,&quot;title&quot;:&quot;&quot;,&quot;orientation&quot;:&quot;1&quot;}\" data-image-title=\"DSC_0076\" data-image-description=\"\" data-image-caption=\"&lt;p&gt;Z\u00e1padn\u00e9 Tatry, 17.3.16 &amp;#8211; Poh\u013ead zo \u017diarskeho sedla&lt;\/p&gt;\n\" data-large-file=\"https:\/\/blog.laviny.sk\/wp-content\/uploads\/2016\/03\/dsc_0076.jpg\" \/><\/a>\n\t\t\t<\/dt>\n\t\t\t\t<dd class='wp-caption-text gallery-caption' id='gallery-1-3302'>\n\t\t\t\tZ\u00e1padn\u00e9 Tatry, 17.3.16 &#8211; Poh\u013ead zo \u017diarskeho sedla\n\t\t\t\t<\/dd><\/dl><br style=\"clear: both\" \/>\n\t\t<\/div>\n\n<p style=\"text-align: justify;\">Nov\u00fd sneh bol previevan\u00fd a ukladan\u00fd v ter\u00e9ne ve\u013emi nerovnomerne. N\u00edzke teploty neumo\u017enili jeho spojenie so starou tvrdou a premrznutou pokr\u00fdvkou. Preto sa na mnoh\u00fdch miestach v Tatr\u00e1ch vytvorili nebezpe\u010dn\u00e9 vank\u00fa\u0161e a dosky. Stabilita snehovej pokr\u00fdvky klesla a uvo\u013enenie lav\u00edn bolo mo\u017en\u00e9 u\u017e pri jej malom dodato\u010dnom za\u0165a\u017een\u00ed. Pri oteplen\u00ed v priebehu d\u0148a \u00a0sa uvo\u013enili \u00a0spont\u00e1nne splazy a mal\u00e9 lav\u00edny. Ojedinele sa vyskytli aj stredne ve\u013ek\u00e9 lav\u00edny (napr. 16.3.2016 okolo 10. hod. spadla spont\u00e1nna lav\u00edna z Medenej doliny a\u017e cez \u013eadop\u00e1d).<\/p>\n<p><span class=\"embed-youtube\" style=\"text-align:center; display: block;\"><iframe loading=\"lazy\" class=\"youtube-player\" width=\"700\" height=\"394\" src=\"https:\/\/www.youtube.com\/embed\/l4RjvV0-X0U?version=3&#038;rel=1&#038;showsearch=0&#038;showinfo=1&#038;iv_load_policy=1&#038;fs=1&#038;hl=sk-SK&#038;autohide=2&#038;wmode=transparent\" allowfullscreen=\"true\" style=\"border:0;\" sandbox=\"allow-scripts allow-same-origin allow-popups allow-presentation allow-popups-to-escape-sandbox\"><\/iframe><\/span><\/p>\n\n\t\t<style type=\"text\/css\">\n\t\t\t#gallery-2 {\n\t\t\t\tmargin: auto;\n\t\t\t}\n\t\t\t#gallery-2 .gallery-item {\n\t\t\t\tfloat: left;\n\t\t\t\tmargin-top: 10px;\n\t\t\t\ttext-align: center;\n\t\t\t\twidth: 33%;\n\t\t\t}\n\t\t\t#gallery-2 img {\n\t\t\t\tborder: 2px solid #cfcfcf;\n\t\t\t}\n\t\t\t#gallery-2 .gallery-caption {\n\t\t\t\tmargin-left: 0;\n\t\t\t}\n\t\t\t\/* see gallery_shortcode() in wp-includes\/media.php *\/\n\t\t<\/style>\n\t\t<div data-carousel-extra='{&quot;blog_id&quot;:1,&quot;permalink&quot;:&quot;https:\/\/blog.laviny.sk\/?p=3291&quot;}' id='gallery-2' class='gallery galleryid-3291 gallery-columns-3 gallery-size-thumbnail'><dl class='gallery-item'>\n\t\t\t<dt class='gallery-icon landscape'>\n\t\t\t\t<a href='https:\/\/blog.laviny.sk\/?attachment_id=3300#main'><img loading=\"lazy\" decoding=\"async\" width=\"150\" height=\"150\" src=\"https:\/\/blog.laviny.sk\/wp-content\/uploads\/2016\/03\/imgp4115-150x150.jpg\" class=\"attachment-thumbnail size-thumbnail\" alt=\"\" aria-describedby=\"gallery-2-3300\" srcset=\"https:\/\/blog.laviny.sk\/wp-content\/uploads\/2016\/03\/imgp4115-150x150.jpg 150w, https:\/\/blog.laviny.sk\/wp-content\/uploads\/2016\/03\/imgp4115-50x50.jpg 50w\" sizes=\"auto, (max-width: 150px) 100vw, 150px\" data-attachment-id=\"3300\" data-permalink=\"https:\/\/blog.laviny.sk\/?attachment_id=3300#main\" data-orig-file=\"https:\/\/blog.laviny.sk\/wp-content\/uploads\/2016\/03\/imgp4115.jpg\" data-orig-size=\"1000,750\" data-comments-opened=\"0\" data-image-meta=\"{&quot;aperture&quot;:&quot;6.6&quot;,&quot;credit&quot;:&quot;&quot;,&quot;camera&quot;:&quot;PENTAX Optio WG-2&quot;,&quot;caption&quot;:&quot;&quot;,&quot;created_timestamp&quot;:&quot;1458218413&quot;,&quot;copyright&quot;:&quot;&quot;,&quot;focal_length&quot;:&quot;25&quot;,&quot;iso&quot;:&quot;125&quot;,&quot;shutter_speed&quot;:&quot;0.002&quot;,&quot;title&quot;:&quot;&quot;,&quot;orientation&quot;:&quot;1&quot;}\" data-image-title=\"IMGP4115\" data-image-description=\"\" data-image-caption=\"&lt;p&gt;Z\u00e1padn\u00e9 Tatry, 17.3.16 &amp;#8211; Nebezpe\u010dn\u00e9 preveje zo severu v  oblasti Ban\u00edkova&lt;\/p&gt;\n\" data-large-file=\"https:\/\/blog.laviny.sk\/wp-content\/uploads\/2016\/03\/imgp4115.jpg\" \/><\/a>\n\t\t\t<\/dt>\n\t\t\t\t<dd class='wp-caption-text gallery-caption' id='gallery-2-3300'>\n\t\t\t\tZ\u00e1padn\u00e9 Tatry, 17.3.16 &#8211; Nebezpe\u010dn\u00e9 preveje zo severu v  oblasti Ban\u00edkova\n\t\t\t\t<\/dd><\/dl><dl class='gallery-item'>\n\t\t\t<dt class='gallery-icon landscape'>\n\t\t\t\t<a href='https:\/\/blog.laviny.sk\/?attachment_id=3299#main'><img loading=\"lazy\" decoding=\"async\" width=\"150\" height=\"150\" src=\"https:\/\/blog.laviny.sk\/wp-content\/uploads\/2016\/03\/imgp4114-150x150.jpg\" class=\"attachment-thumbnail size-thumbnail\" alt=\"\" aria-describedby=\"gallery-2-3299\" srcset=\"https:\/\/blog.laviny.sk\/wp-content\/uploads\/2016\/03\/imgp4114-150x150.jpg 150w, https:\/\/blog.laviny.sk\/wp-content\/uploads\/2016\/03\/imgp4114-50x50.jpg 50w\" sizes=\"auto, (max-width: 150px) 100vw, 150px\" data-attachment-id=\"3299\" data-permalink=\"https:\/\/blog.laviny.sk\/?attachment_id=3299#main\" data-orig-file=\"https:\/\/blog.laviny.sk\/wp-content\/uploads\/2016\/03\/imgp4114.jpg\" data-orig-size=\"1000,750\" data-comments-opened=\"0\" data-image-meta=\"{&quot;aperture&quot;:&quot;4.2&quot;,&quot;credit&quot;:&quot;&quot;,&quot;camera&quot;:&quot;PENTAX Optio WG-2&quot;,&quot;caption&quot;:&quot;&quot;,&quot;created_timestamp&quot;:&quot;1458218406&quot;,&quot;copyright&quot;:&quot;&quot;,&quot;focal_length&quot;:&quot;5&quot;,&quot;iso&quot;:&quot;125&quot;,&quot;shutter_speed&quot;:&quot;0.0005&quot;,&quot;title&quot;:&quot;&quot;,&quot;orientation&quot;:&quot;1&quot;}\" data-image-title=\"IMGP4114\" data-image-description=\"\" data-image-caption=\"&lt;p&gt;Z\u00e1padn\u00e9 Tatry, 17.3.2016 &amp;#8211; Splazy na severe v oblasti Ban\u00edkova&lt;\/p&gt;\n\" data-large-file=\"https:\/\/blog.laviny.sk\/wp-content\/uploads\/2016\/03\/imgp4114.jpg\" \/><\/a>\n\t\t\t<\/dt>\n\t\t\t\t<dd class='wp-caption-text gallery-caption' id='gallery-2-3299'>\n\t\t\t\tZ\u00e1padn\u00e9 Tatry, 17.3.2016 &#8211; Splazy na severe v oblasti Ban\u00edkova\n\t\t\t\t<\/dd><\/dl><dl class='gallery-item'>\n\t\t\t<dt class='gallery-icon landscape'>\n\t\t\t\t<a href='https:\/\/blog.laviny.sk\/?attachment_id=3298#main'><img loading=\"lazy\" decoding=\"async\" width=\"150\" height=\"150\" src=\"https:\/\/blog.laviny.sk\/wp-content\/uploads\/2016\/03\/lavinamedena-150x150.jpg\" class=\"attachment-thumbnail size-thumbnail\" alt=\"\" aria-describedby=\"gallery-2-3298\" srcset=\"https:\/\/blog.laviny.sk\/wp-content\/uploads\/2016\/03\/lavinamedena-150x150.jpg 150w, https:\/\/blog.laviny.sk\/wp-content\/uploads\/2016\/03\/lavinamedena-50x50.jpg 50w\" sizes=\"auto, (max-width: 150px) 100vw, 150px\" data-attachment-id=\"3298\" data-permalink=\"https:\/\/blog.laviny.sk\/?attachment_id=3298#main\" data-orig-file=\"https:\/\/blog.laviny.sk\/wp-content\/uploads\/2016\/03\/lavinamedena.jpg\" data-orig-size=\"1000,750\" data-comments-opened=\"0\" data-image-meta=\"{&quot;aperture&quot;:&quot;0&quot;,&quot;credit&quot;:&quot;&quot;,&quot;camera&quot;:&quot;&quot;,&quot;caption&quot;:&quot;&quot;,&quot;created_timestamp&quot;:&quot;0&quot;,&quot;copyright&quot;:&quot;&quot;,&quot;focal_length&quot;:&quot;0&quot;,&quot;iso&quot;:&quot;0&quot;,&quot;shutter_speed&quot;:&quot;0&quot;,&quot;title&quot;:&quot;&quot;,&quot;orientation&quot;:&quot;0&quot;}\" data-image-title=\"LavinaMedena\" data-image-description=\"\" data-image-caption=\"&lt;p&gt;Vysok\u00e9 Tatry, 16.3.16 okolo 10. hod. &amp;#8211; Spont\u00e1nna lav\u00edna z Medenej doliny.&lt;\/p&gt;\n\" data-large-file=\"https:\/\/blog.laviny.sk\/wp-content\/uploads\/2016\/03\/lavinamedena.jpg\" \/><\/a>\n\t\t\t<\/dt>\n\t\t\t\t<dd class='wp-caption-text gallery-caption' id='gallery-2-3298'>\n\t\t\t\tVysok\u00e9 Tatry, 16.3.16 okolo 10. hod. &#8211; Spont\u00e1nna lav\u00edna z Medenej doliny.\n\t\t\t\t<\/dd><\/dl><br style=\"clear: both\" \/>\n\t\t<\/div>\n\n<p style=\"text-align: justify;\">Vo \u0161tvrtok\u00a017.3.2016 sa op\u00e4\u0165 vy\u010dasilo a na hor\u00e1ch bol kr\u00e1sny slne\u010dn\u00fd de\u0148.\u00a0V piatok s\u00edce postupne pribudne obla\u010dnosti, ale no\u010dn\u00e9 z\u00e1porn\u00e9 a denn\u00e9 kladn\u00e9 teploty vzduchu \u010diasto\u010dne stabilizovali snehov\u00fa pokr\u00fdvku a lav\u00ednov\u00e1 aktivita ustala. Teraz\u00a0je <strong>vo Vysok\u00fdch, Z\u00e1padn\u00fdch a N\u00edzkych Tatr\u00e1ch od nadmorskej v\u00fd\u0161ky 1600 m mierne lav\u00ednov\u00e9 nebetpe\u010denstvo<\/strong>, t.j. 2. stupe\u0148 z 5-dielnej medzin\u00e1rodnej stupnice. Snehov\u00e1 pokr\u00fdvka je e\u0161te aj tak na niektor\u00fdch strm\u00fdch svahoch len mierne spevnen\u00e1. Na z\u00e1vetriach, pod n\u00e1stupmi do stien a v ter\u00e9nnych depresi\u00e1ch najvy\u0161\u0161\u00edch pol\u00f4h sa e\u0161te nach\u00e1dzaj\u00fa nebezpe\u010dn\u00e9 preveje, dosky a vank\u00fa\u0161e, ktor\u00e9 nie s\u00fa st\u00e1le dostato\u010dne previazan\u00e9 so starou tvrdou snehovou pokr\u00fdvkou. Rozmiestenie t\u00fdchto nebezpe\u010dn\u00fdch \u00fatvarov je nepravideln\u00e9 a k uvo\u013eneniu lav\u00edn na nich m\u00f4\u017ee d\u00f4js\u0165 u\u017e pri malom dodato\u010dnom za\u0165a\u017een\u00ed snehovej pokr\u00fdvky a tie\u017e pri o\u0165a\u017een\u00ed snehovej pokr\u00fdvkyv polud\u0148aj\u0161\u00edch hodin\u00e1ch. Mo\u017en\u00e9 s\u00fa mal\u00e9 ale aj stredne ve\u013ek\u00e9 spont\u00e1nne lav\u00edny z vo\u013en\u00e9ho a previateho snehu a tie\u017e je mo\u017en\u00e9 uvo\u013enenie spont\u00e1nnych splazov a mal\u00fdch lav\u00edn na slnkom osvieten\u00fdch svahoch.<br \/>\n<strong>Vo Fatr\u00e1ch<\/strong> na\u010falej trv\u00e1 <strong>mal\u00e9 lav\u00ednov\u00e9 nebezpe\u010denstvo<\/strong>, t.j. 1. stupe\u0148 z 5-dielnej stupnice. Aj ke\u010f je vo v\u0161eobecnosti snehov\u00e1 pokr\u00fdvka dobre spevnen\u00e1 a stabiln\u00e1, lav\u00ednov\u00e9 nebezpe\u010denstvo je lok\u00e1lne a uvo\u013enenie lav\u00edn je mo\u017en\u00e9 hlavne pri ve\u013ekom dodato\u010dnom za\u0165a\u017een\u00ed snehovej pokr\u00fdvky. Mo\u017en\u00e9 je tie\u017e uvo\u013enenie spont\u00e1nnych splazov a mal\u00fdch lav\u00edn hlavne v popolud\u0148aj\u0161\u00edch hodin\u00e1ch.\u00a0Tendencia lav\u00ednov\u00e9ho nebezpe\u010denstva: v\u00a0priebehu d\u0148a <strong>st\u00fapaj\u00faca<\/strong>.<\/p>\n<p style=\"text-align: justify;\">Po\u010das posledn\u00e9ho zimn\u00e9ho v\u00edkendu predpoklad\u00e1me, \u017ee na hor\u00e1ch bude\u00a0v\u00a0noci obla\u010dno a\u017e zamra\u010den\u00e9, na mnoh\u00fdch miestach sne\u017eenie alebo snehov\u00e9\u00a0preh\u00e1nky. Cez de\u0148 preva\u017ene obla\u010dno a miestami slab\u00e9 sne\u017eenie, najm\u00e4 dopoludnia. F\u00faka\u0165 bude preva\u017ene severn\u00fd vietor na podhor\u00ed do 5 m\/s, v stredn\u00fdch poloh\u00e1ch 4 a\u017e 9 m\/s (do 33 km\/hod.),\u00a0vo vysok\u00fdch poloh\u00e1ch 8 a\u017e 14 m\/s (do 50 km\/hod.). Teplota vzduchu v nadmorskej v\u00fd\u0161ke 1500 m sa v noci bude pohybova\u0165 okolo -4\u00b0 C, v priebehu d\u0148a vyst\u00fapi na 2\u00b0 C.<\/p>\n","protected":false},"excerpt":{"rendered":"<p>V\u00edkend 12. a 13. marca 2016 bol na hor\u00e1ch spo\u010diatku zamra\u010den\u00fd, pri\u010dom sa na mnoh\u00fdch miestach vyskytovala hmla. Postupne sa ale obla\u010dnos\u0165 pri preva\u017ene severov\u00fdchodnom pr\u00faden\u00ed za\u010dala rozpad\u00e1va\u0165a v pondelok bolo takmer v\u0161ade kr\u00e1sne a slne\u010dno. V utorok a v stredu sa v na\u0161ich hor\u00e1ch rozsne\u017eilo a postupne za dva dni nasne\u017eilo od 15 do&hellip;<\/p>\n","protected":false},"author":1,"featured_media":3302,"comment_status":"closed","ping_status":"closed","sticky":false,"template":"","format":"video","meta":{"jetpack_post_was_ever_published":false,"_jetpack_newsletter_access":"","_jetpack_dont_email_post_to_subs":false,"_jetpack_newsletter_tier_id":0,"_jetpack_memberships_contains_paywalled_content":false,"_jetpack_memberships_contains_paid_content":false,"footnotes":"","jetpack_publicize_message":"","jetpack_publicize_feature_enabled":true,"jetpack_social_post_already_shared":false,"jetpack_social_options":{"image_generator_settings":{"template":"highway","default_image_id":0,"font":"","enabled":false},"version":2}},"categories":[4],"tags":[106,124,154,156,163,171,196],"class_list":["post-3291","post","type-post","status-publish","format-video","has-post-thumbnail","hentry","category-pocasie-sneh-a-laviny","tag-nebezpecenstvo","tag-pocasie-a-laviny","tag-sneh","tag-snehova-pokryvka","tag-stabilita","tag-tatry","tag-volny-sneh","post_format-post-format-video"],"jetpack_publicize_connections":[],"jetpack_featured_media_url":"https:\/\/blog.laviny.sk\/wp-content\/uploads\/2016\/03\/dsc_0076.jpg","jetpack_sharing_enabled":true,"jetpack_shortlink":"https:\/\/wp.me\/p8DxWh-R5","jetpack-related-posts":[],"_links":{"self":[{"href":"https:\/\/blog.laviny.sk\/index.php?rest_route=\/wp\/v2\/posts\/3291","targetHints":{"allow":["GET"]}}],"collection":[{"href":"https:\/\/blog.laviny.sk\/index.php?rest_route=\/wp\/v2\/posts"}],"about":[{"href":"https:\/\/blog.laviny.sk\/index.php?rest_route=\/wp\/v2\/types\/post"}],"author":[{"embeddable":true,"href":"https:\/\/blog.laviny.sk\/index.php?rest_route=\/wp\/v2\/users\/1"}],"replies":[{"embeddable":true,"href":"https:\/\/blog.laviny.sk\/index.php?rest_route=%2Fwp%2Fv2%2Fcomments&post=3291"}],"version-history":[{"count":1,"href":"https:\/\/blog.laviny.sk\/index.php?rest_route=\/wp\/v2\/posts\/3291\/revisions"}],"predecessor-version":[{"id":5006,"href":"https:\/\/blog.laviny.sk\/index.php?rest_route=\/wp\/v2\/posts\/3291\/revisions\/5006"}],"wp:featuredmedia":[{"embeddable":true,"href":"https:\/\/blog.laviny.sk\/index.php?rest_route=\/wp\/v2\/media\/3302"}],"wp:attachment":[{"href":"https:\/\/blog.laviny.sk\/index.php?rest_route=%2Fwp%2Fv2%2Fmedia&parent=3291"}],"wp:term":[{"taxonomy":"category","embeddable":true,"href":"https:\/\/blog.laviny.sk\/index.php?rest_route=%2Fwp%2Fv2%2Fcategories&post=3291"},{"taxonomy":"post_tag","embeddable":true,"href":"https:\/\/blog.laviny.sk\/index.php?rest_route=%2Fwp%2Fv2%2Ftags&post=3291"}],"curies":[{"name":"wp","href":"https:\/\/api.w.org\/{rel}","templated":true}]}}