{"id":2681,"date":"2016-01-22T15:50:18","date_gmt":"2016-01-22T14:50:18","guid":{"rendered":"https:\/\/slphzs.wordpress.com\/?p=2681"},"modified":"2017-04-19T13:50:49","modified_gmt":"2017-04-19T11:50:49","slug":"mrazivy-tyzden-na-horach-16-22-januar","status":"publish","type":"post","link":"https:\/\/blog.laviny.sk\/?p=2681","title":{"rendered":"Mraziv\u00fd t\u00fd\u017ede\u0148 na hor\u00e1ch (16. &#8211; 22. janu\u00e1r)"},"content":{"rendered":"<p style=\"text-align: justify;\">Uplynul\u00fd t\u00fd\u017ede\u0148 sa niesol v naozaj mraziv\u00fdch teplot\u00e1ch. Druh\u00fd vp\u00e1d studen\u00e9ho\u00a0arktick\u00e9ho vzduchu t\u00fato zimu navy\u0161e priniesol aj slab\u00e9 snehov\u00e9 zr\u00e1\u017eky. Tie sp\u00f4sobili \u010fal\u0161ie ochladenie, \u010do malo za n\u00e1sledok \u017ee vo \u0161tvrtok r\u00e1no (21. janu\u00e1ra, 6:20 hod.) sme zaznamenali minim\u00e1lnu tohtoro\u010dn\u00fa teplotu na Lomnickom \u0161t\u00edte: <strong>-22.5\u00b0C.<\/strong> Po\u010das t\u00fd\u017ed\u0148a prevl\u00e1dalo vo vysok\u00fdch poloh\u00e1ch Tatier preva\u017ene jasn\u00e9, slne\u010dn\u00e9 a mraziv\u00e9 po\u010dasie. V\u00fddatnej\u0161ie sne\u017eenie sme zaznamenali a\u017e vo \u0161tvrtok. Pr\u00edrastky nov\u00e9ho prachov\u00e9ho snehu sa pohybovali do 10 cm.<\/p>\n\n\t\t<style type=\"text\/css\">\n\t\t\t#gallery-1 {\n\t\t\t\tmargin: auto;\n\t\t\t}\n\t\t\t#gallery-1 .gallery-item {\n\t\t\t\tfloat: left;\n\t\t\t\tmargin-top: 10px;\n\t\t\t\ttext-align: center;\n\t\t\t\twidth: 25%;\n\t\t\t}\n\t\t\t#gallery-1 img {\n\t\t\t\tborder: 2px solid #cfcfcf;\n\t\t\t}\n\t\t\t#gallery-1 .gallery-caption {\n\t\t\t\tmargin-left: 0;\n\t\t\t}\n\t\t\t\/* see gallery_shortcode() in wp-includes\/media.php *\/\n\t\t<\/style>\n\t\t<div data-carousel-extra='{&quot;blog_id&quot;:1,&quot;permalink&quot;:&quot;https:\/\/blog.laviny.sk\/?p=2681&quot;}' id='gallery-1' class='gallery galleryid-2681 gallery-columns-4 gallery-size-medium'><dl class='gallery-item'>\n\t\t\t<dt class='gallery-icon landscape'>\n\t\t\t\t<a href='https:\/\/blog.laviny.sk\/wp-content\/uploads\/2016\/01\/img_5958.jpg'><img loading=\"lazy\" decoding=\"async\" width=\"300\" height=\"200\" src=\"https:\/\/blog.laviny.sk\/wp-content\/uploads\/2016\/01\/img_5958-300x200.jpg\" class=\"attachment-medium size-medium\" alt=\"\" aria-describedby=\"gallery-1-2780\" srcset=\"https:\/\/blog.laviny.sk\/wp-content\/uploads\/2016\/01\/img_5958-300x200.jpg 300w, https:\/\/blog.laviny.sk\/wp-content\/uploads\/2016\/01\/img_5958-768x512.jpg 768w, https:\/\/blog.laviny.sk\/wp-content\/uploads\/2016\/01\/img_5958.jpg 1000w\" sizes=\"auto, (max-width: 300px) 100vw, 300px\" data-attachment-id=\"2780\" data-permalink=\"https:\/\/blog.laviny.sk\/?attachment_id=2780#main\" data-orig-file=\"https:\/\/blog.laviny.sk\/wp-content\/uploads\/2016\/01\/img_5958.jpg\" data-orig-size=\"1000,667\" data-comments-opened=\"0\" data-image-meta=\"{&quot;aperture&quot;:&quot;18&quot;,&quot;credit&quot;:&quot;&quot;,&quot;camera&quot;:&quot;Canon EOS 1000D&quot;,&quot;caption&quot;:&quot;&quot;,&quot;created_timestamp&quot;:&quot;1453461772&quot;,&quot;copyright&quot;:&quot;&quot;,&quot;focal_length&quot;:&quot;27&quot;,&quot;iso&quot;:&quot;200&quot;,&quot;shutter_speed&quot;:&quot;0.002&quot;,&quot;title&quot;:&quot;&quot;,&quot;orientation&quot;:&quot;1&quot;}\" data-image-title=\"IMG_5958\" data-image-description=\"\" data-image-caption=\"&lt;p&gt;Baranie sedlo a Baranie rohy, Vysok\u00e9 Tatry, 22. janu\u00e1r 2016&lt;\/p&gt;\n\" data-large-file=\"https:\/\/blog.laviny.sk\/wp-content\/uploads\/2016\/01\/img_5958.jpg\" \/><\/a>\n\t\t\t<\/dt>\n\t\t\t\t<dd class='wp-caption-text gallery-caption' id='gallery-1-2780'>\n\t\t\t\tBaranie sedlo a Baranie rohy, Vysok\u00e9 Tatry, 22. janu\u00e1r 2016\n\t\t\t\t<\/dd><\/dl><dl class='gallery-item'>\n\t\t\t<dt class='gallery-icon landscape'>\n\t\t\t\t<a href='https:\/\/blog.laviny.sk\/wp-content\/uploads\/2016\/01\/img_5975.jpg'><img loading=\"lazy\" decoding=\"async\" width=\"300\" height=\"200\" src=\"https:\/\/blog.laviny.sk\/wp-content\/uploads\/2016\/01\/img_5975-300x200.jpg\" class=\"attachment-medium size-medium\" alt=\"\" aria-describedby=\"gallery-1-2781\" srcset=\"https:\/\/blog.laviny.sk\/wp-content\/uploads\/2016\/01\/img_5975-300x200.jpg 300w, https:\/\/blog.laviny.sk\/wp-content\/uploads\/2016\/01\/img_5975-768x512.jpg 768w, https:\/\/blog.laviny.sk\/wp-content\/uploads\/2016\/01\/img_5975.jpg 1000w\" sizes=\"auto, (max-width: 300px) 100vw, 300px\" data-attachment-id=\"2781\" data-permalink=\"https:\/\/blog.laviny.sk\/?attachment_id=2781#main\" data-orig-file=\"https:\/\/blog.laviny.sk\/wp-content\/uploads\/2016\/01\/img_5975.jpg\" data-orig-size=\"1000,667\" data-comments-opened=\"0\" data-image-meta=\"{&quot;aperture&quot;:&quot;18&quot;,&quot;credit&quot;:&quot;&quot;,&quot;camera&quot;:&quot;Canon EOS 1000D&quot;,&quot;caption&quot;:&quot;&quot;,&quot;created_timestamp&quot;:&quot;1453462211&quot;,&quot;copyright&quot;:&quot;&quot;,&quot;focal_length&quot;:&quot;38&quot;,&quot;iso&quot;:&quot;200&quot;,&quot;shutter_speed&quot;:&quot;0.0015625&quot;,&quot;title&quot;:&quot;&quot;,&quot;orientation&quot;:&quot;1&quot;}\" data-image-title=\"IMG_5975\" data-image-description=\"\" data-image-caption=\"&lt;p&gt;O\u0161arpance, Dr\u010d\u00ed \u0161t\u00edt a Vysok\u00e1, Vysok\u00e9 Tatry, 22. janu\u00e1r 2016&lt;\/p&gt;\n\" data-large-file=\"https:\/\/blog.laviny.sk\/wp-content\/uploads\/2016\/01\/img_5975.jpg\" \/><\/a>\n\t\t\t<\/dt>\n\t\t\t\t<dd class='wp-caption-text gallery-caption' id='gallery-1-2781'>\n\t\t\t\tO\u0161arpance, Dr\u010d\u00ed \u0161t\u00edt a Vysok\u00e1, Vysok\u00e9 Tatry, 22. janu\u00e1r 2016\n\t\t\t\t<\/dd><\/dl><dl class='gallery-item'>\n\t\t\t<dt class='gallery-icon landscape'>\n\t\t\t\t<a href='https:\/\/blog.laviny.sk\/wp-content\/uploads\/2016\/01\/img_5944.jpg'><img loading=\"lazy\" decoding=\"async\" width=\"300\" height=\"200\" src=\"https:\/\/blog.laviny.sk\/wp-content\/uploads\/2016\/01\/img_5944-300x200.jpg\" class=\"attachment-medium size-medium\" alt=\"\" aria-describedby=\"gallery-1-2778\" srcset=\"https:\/\/blog.laviny.sk\/wp-content\/uploads\/2016\/01\/img_5944-300x200.jpg 300w, https:\/\/blog.laviny.sk\/wp-content\/uploads\/2016\/01\/img_5944-768x512.jpg 768w, https:\/\/blog.laviny.sk\/wp-content\/uploads\/2016\/01\/img_5944.jpg 1000w\" sizes=\"auto, (max-width: 300px) 100vw, 300px\" data-attachment-id=\"2778\" data-permalink=\"https:\/\/blog.laviny.sk\/?attachment_id=2778#main\" data-orig-file=\"https:\/\/blog.laviny.sk\/wp-content\/uploads\/2016\/01\/img_5944.jpg\" data-orig-size=\"1000,667\" data-comments-opened=\"0\" data-image-meta=\"{&quot;aperture&quot;:&quot;13&quot;,&quot;credit&quot;:&quot;&quot;,&quot;camera&quot;:&quot;Canon EOS 1000D&quot;,&quot;caption&quot;:&quot;&quot;,&quot;created_timestamp&quot;:&quot;1453461432&quot;,&quot;copyright&quot;:&quot;&quot;,&quot;focal_length&quot;:&quot;24&quot;,&quot;iso&quot;:&quot;200&quot;,&quot;shutter_speed&quot;:&quot;0.0025&quot;,&quot;title&quot;:&quot;&quot;,&quot;orientation&quot;:&quot;1&quot;}\" data-image-title=\"IMG_5944\" data-image-description=\"\" data-image-caption=\"&lt;p&gt;V spodn\u00fdch parti\u00e1ch dol\u00edn je snehu m\u00e1lo, Mengusovsk\u00e1 dolina, Vysok\u00e9 Tatry, 22. janu\u00e1r 2016&lt;\/p&gt;\n\" data-large-file=\"https:\/\/blog.laviny.sk\/wp-content\/uploads\/2016\/01\/img_5944.jpg\" \/><\/a>\n\t\t\t<\/dt>\n\t\t\t\t<dd class='wp-caption-text gallery-caption' id='gallery-1-2778'>\n\t\t\t\tV spodn\u00fdch parti\u00e1ch dol\u00edn je snehu m\u00e1lo, Mengusovsk\u00e1 dolina, Vysok\u00e9 Tatry, 22. janu\u00e1r 2016\n\t\t\t\t<\/dd><\/dl><dl class='gallery-item'>\n\t\t\t<dt class='gallery-icon landscape'>\n\t\t\t\t<a href='https:\/\/blog.laviny.sk\/wp-content\/uploads\/2016\/01\/img_5961.jpg'><img loading=\"lazy\" decoding=\"async\" width=\"300\" height=\"200\" src=\"https:\/\/blog.laviny.sk\/wp-content\/uploads\/2016\/01\/img_5961-300x200.jpg\" class=\"attachment-medium size-medium\" alt=\"\" aria-describedby=\"gallery-1-2776\" srcset=\"https:\/\/blog.laviny.sk\/wp-content\/uploads\/2016\/01\/img_5961-300x200.jpg 300w, https:\/\/blog.laviny.sk\/wp-content\/uploads\/2016\/01\/img_5961-768x512.jpg 768w, https:\/\/blog.laviny.sk\/wp-content\/uploads\/2016\/01\/img_5961.jpg 1000w\" sizes=\"auto, (max-width: 300px) 100vw, 300px\" data-attachment-id=\"2776\" data-permalink=\"https:\/\/blog.laviny.sk\/?attachment_id=2776#main\" data-orig-file=\"https:\/\/blog.laviny.sk\/wp-content\/uploads\/2016\/01\/img_5961.jpg\" data-orig-size=\"1000,667\" data-comments-opened=\"0\" data-image-meta=\"{&quot;aperture&quot;:&quot;18&quot;,&quot;credit&quot;:&quot;&quot;,&quot;camera&quot;:&quot;Canon EOS 1000D&quot;,&quot;caption&quot;:&quot;&quot;,&quot;created_timestamp&quot;:&quot;1453461832&quot;,&quot;copyright&quot;:&quot;&quot;,&quot;focal_length&quot;:&quot;28&quot;,&quot;iso&quot;:&quot;200&quot;,&quot;shutter_speed&quot;:&quot;0.0015625&quot;,&quot;title&quot;:&quot;&quot;,&quot;orientation&quot;:&quot;1&quot;}\" data-image-title=\"IMG_5961\" data-image-description=\"\" data-image-caption=\"&lt;p&gt;Trasu na ly\u017eovanie treba d\u00f4kladne vybera\u0165, Vysok\u00e9 Tatry, 22. janu\u00e1r 2016&lt;\/p&gt;\n\" data-large-file=\"https:\/\/blog.laviny.sk\/wp-content\/uploads\/2016\/01\/img_5961.jpg\" \/><\/a>\n\t\t\t<\/dt>\n\t\t\t\t<dd class='wp-caption-text gallery-caption' id='gallery-1-2776'>\n\t\t\t\tTrasu na ly\u017eovanie treba d\u00f4kladne vybera\u0165, Vysok\u00e9 Tatry, 22. janu\u00e1r 2016\n\t\t\t\t<\/dd><\/dl><br style=\"clear: both\" \/><dl class='gallery-item'>\n\t\t\t<dt class='gallery-icon landscape'>\n\t\t\t\t<a href='https:\/\/blog.laviny.sk\/wp-content\/uploads\/2016\/01\/img_5994.jpg'><img loading=\"lazy\" decoding=\"async\" width=\"300\" height=\"200\" src=\"https:\/\/blog.laviny.sk\/wp-content\/uploads\/2016\/01\/img_5994-300x200.jpg\" class=\"attachment-medium size-medium\" alt=\"\" aria-describedby=\"gallery-1-2777\" srcset=\"https:\/\/blog.laviny.sk\/wp-content\/uploads\/2016\/01\/img_5994-300x200.jpg 300w, https:\/\/blog.laviny.sk\/wp-content\/uploads\/2016\/01\/img_5994-768x512.jpg 768w, https:\/\/blog.laviny.sk\/wp-content\/uploads\/2016\/01\/img_5994.jpg 1000w\" sizes=\"auto, (max-width: 300px) 100vw, 300px\" data-attachment-id=\"2777\" data-permalink=\"https:\/\/blog.laviny.sk\/?attachment_id=2777#main\" data-orig-file=\"https:\/\/blog.laviny.sk\/wp-content\/uploads\/2016\/01\/img_5994.jpg\" data-orig-size=\"1000,667\" data-comments-opened=\"0\" data-image-meta=\"{&quot;aperture&quot;:&quot;18&quot;,&quot;credit&quot;:&quot;&quot;,&quot;camera&quot;:&quot;Canon EOS 1000D&quot;,&quot;caption&quot;:&quot;&quot;,&quot;created_timestamp&quot;:&quot;1453465511&quot;,&quot;copyright&quot;:&quot;&quot;,&quot;focal_length&quot;:&quot;55&quot;,&quot;iso&quot;:&quot;200&quot;,&quot;shutter_speed&quot;:&quot;0.002&quot;,&quot;title&quot;:&quot;&quot;,&quot;orientation&quot;:&quot;1&quot;}\" data-image-title=\"IMG_5994\" data-image-description=\"\" data-image-caption=\"&lt;p&gt;Hrub\u00e1 kopa a Tri kopy, \u017diarska dolina, Z\u00e1padn\u00e9 Tatry, 22. janu\u00e1r 2016&lt;\/p&gt;\n\" data-large-file=\"https:\/\/blog.laviny.sk\/wp-content\/uploads\/2016\/01\/img_5994.jpg\" \/><\/a>\n\t\t\t<\/dt>\n\t\t\t\t<dd class='wp-caption-text gallery-caption' id='gallery-1-2777'>\n\t\t\t\tHrub\u00e1 kopa a Tri kopy, \u017diarska dolina, Z\u00e1padn\u00e9 Tatry, 22. janu\u00e1r 2016\n\t\t\t\t<\/dd><\/dl><dl class='gallery-item'>\n\t\t\t<dt class='gallery-icon landscape'>\n\t\t\t\t<a href='https:\/\/blog.laviny.sk\/wp-content\/uploads\/2016\/01\/img_5995.jpg'><img loading=\"lazy\" decoding=\"async\" width=\"300\" height=\"200\" src=\"https:\/\/blog.laviny.sk\/wp-content\/uploads\/2016\/01\/img_5995-300x200.jpg\" class=\"attachment-medium size-medium\" alt=\"\" aria-describedby=\"gallery-1-2779\" srcset=\"https:\/\/blog.laviny.sk\/wp-content\/uploads\/2016\/01\/img_5995-300x200.jpg 300w, https:\/\/blog.laviny.sk\/wp-content\/uploads\/2016\/01\/img_5995-768x512.jpg 768w, https:\/\/blog.laviny.sk\/wp-content\/uploads\/2016\/01\/img_5995.jpg 1000w\" sizes=\"auto, (max-width: 300px) 100vw, 300px\" data-attachment-id=\"2779\" data-permalink=\"https:\/\/blog.laviny.sk\/?attachment_id=2779#main\" data-orig-file=\"https:\/\/blog.laviny.sk\/wp-content\/uploads\/2016\/01\/img_5995.jpg\" data-orig-size=\"1000,667\" data-comments-opened=\"0\" data-image-meta=\"{&quot;aperture&quot;:&quot;16&quot;,&quot;credit&quot;:&quot;&quot;,&quot;camera&quot;:&quot;Canon EOS 1000D&quot;,&quot;caption&quot;:&quot;&quot;,&quot;created_timestamp&quot;:&quot;1453465514&quot;,&quot;copyright&quot;:&quot;&quot;,&quot;focal_length&quot;:&quot;55&quot;,&quot;iso&quot;:&quot;200&quot;,&quot;shutter_speed&quot;:&quot;0.002&quot;,&quot;title&quot;:&quot;&quot;,&quot;orientation&quot;:&quot;1&quot;}\" data-image-title=\"IMG_5995\" data-image-description=\"\" data-image-caption=\"&lt;p&gt;Smutn\u00e9 sedlo, \u017diarska dolina, 22. janu\u00e1r 2016&lt;\/p&gt;\n\" data-large-file=\"https:\/\/blog.laviny.sk\/wp-content\/uploads\/2016\/01\/img_5995.jpg\" \/><\/a>\n\t\t\t<\/dt>\n\t\t\t\t<dd class='wp-caption-text gallery-caption' id='gallery-1-2779'>\n\t\t\t\tSmutn\u00e9 sedlo, \u017diarska dolina, 22. janu\u00e1r 2016\n\t\t\t\t<\/dd><\/dl><dl class='gallery-item'>\n\t\t\t<dt class='gallery-icon landscape'>\n\t\t\t\t<a href='https:\/\/blog.laviny.sk\/wp-content\/uploads\/2016\/01\/img_6035.jpg'><img loading=\"lazy\" decoding=\"async\" width=\"300\" height=\"200\" src=\"https:\/\/blog.laviny.sk\/wp-content\/uploads\/2016\/01\/img_6035-300x200.jpg\" class=\"attachment-medium size-medium\" alt=\"\" aria-describedby=\"gallery-1-2775\" srcset=\"https:\/\/blog.laviny.sk\/wp-content\/uploads\/2016\/01\/img_6035-300x200.jpg 300w, https:\/\/blog.laviny.sk\/wp-content\/uploads\/2016\/01\/img_6035-768x512.jpg 768w, https:\/\/blog.laviny.sk\/wp-content\/uploads\/2016\/01\/img_6035.jpg 1000w\" sizes=\"auto, (max-width: 300px) 100vw, 300px\" data-attachment-id=\"2775\" data-permalink=\"https:\/\/blog.laviny.sk\/?attachment_id=2775#main\" data-orig-file=\"https:\/\/blog.laviny.sk\/wp-content\/uploads\/2016\/01\/img_6035.jpg\" data-orig-size=\"1000,667\" data-comments-opened=\"0\" data-image-meta=\"{&quot;aperture&quot;:&quot;18&quot;,&quot;credit&quot;:&quot;&quot;,&quot;camera&quot;:&quot;Canon EOS 1000D&quot;,&quot;caption&quot;:&quot;&quot;,&quot;created_timestamp&quot;:&quot;1453467327&quot;,&quot;copyright&quot;:&quot;&quot;,&quot;focal_length&quot;:&quot;53&quot;,&quot;iso&quot;:&quot;200&quot;,&quot;shutter_speed&quot;:&quot;0.0015625&quot;,&quot;title&quot;:&quot;&quot;,&quot;orientation&quot;:&quot;1&quot;}\" data-image-title=\"IMG_6035\" data-image-description=\"\" data-image-caption=\"&lt;p&gt;Klin, Ra\u010dkova dolina, Z\u00e1padn\u00e9 Tatry, 22. janu\u00e1r 2016&lt;\/p&gt;\n\" data-large-file=\"https:\/\/blog.laviny.sk\/wp-content\/uploads\/2016\/01\/img_6035.jpg\" \/><\/a>\n\t\t\t<\/dt>\n\t\t\t\t<dd class='wp-caption-text gallery-caption' id='gallery-1-2775'>\n\t\t\t\tKlin, Ra\u010dkova dolina, Z\u00e1padn\u00e9 Tatry, 22. janu\u00e1r 2016\n\t\t\t\t<\/dd><\/dl>\n\t\t\t<br style='clear: both' \/>\n\t\t<\/div>\n\n<p style=\"text-align: justify;\">Po\u010das posledn\u00e9ho v\u00edkendu (16. &#8211; 17. janu\u00e1r) sme zaznamenali doteraz najv\u00e4\u010d\u0161iu lav\u00ednov\u00fa aktivitu. V nede\u013eu bolo pre Z\u00e1padn\u00e9 a Vysok\u00e9 Tatry vyhl\u00e1sen\u00e9 zv\u00fd\u0161en\u00e9 lav\u00ednov\u00e9 nebezpe\u010denstvo, teda \u00a03. stupe\u0148 z 5-dielnej medzin\u00e1rodnej stupnice. Peri\u00f3da sne\u017eenia, ktor\u00e1 bez v\u00fdraznej\u0161ieho preru\u0161enia trvala skoro t\u00fd\u017ede\u0148, priniesla 30 &#8211; 60 cm nov\u00e9ho prachov\u00e9ho snehu. Po\u010das nedele sme zaznamenali viacero spont\u00e1nnych, aj mechanicky uvo\u013enen\u00fdch lav\u00edn. Jedna z najv\u00e4\u010d\u0161\u00edch sa uvo\u013enila zo svahov Pr\u00edslopu v \u017diarskej doline a zasiahla aj \u00fadoln\u00fa pr\u00edstupov\u00fa cestu.<\/p>\n<div id=\"attachment_2715\" style=\"width: 1711px\" class=\"wp-caption aligncenter\"><a href=\"https:\/\/192.168.10.134\/wp-content\/uploads\/2016\/01\/graf-teplota.png\"><img loading=\"lazy\" decoding=\"async\" aria-describedby=\"caption-attachment-2715\" data-attachment-id=\"2715\" data-permalink=\"https:\/\/blog.laviny.sk\/?attachment_id=2715#main\" data-orig-file=\"https:\/\/blog.laviny.sk\/wp-content\/uploads\/2016\/01\/graf-teplota.png\" data-orig-size=\"1701,769\" data-comments-opened=\"0\" data-image-meta=\"{&quot;aperture&quot;:&quot;0&quot;,&quot;credit&quot;:&quot;&quot;,&quot;camera&quot;:&quot;&quot;,&quot;caption&quot;:&quot;&quot;,&quot;created_timestamp&quot;:&quot;0&quot;,&quot;copyright&quot;:&quot;&quot;,&quot;focal_length&quot;:&quot;0&quot;,&quot;iso&quot;:&quot;0&quot;,&quot;shutter_speed&quot;:&quot;0&quot;,&quot;title&quot;:&quot;&quot;,&quot;orientation&quot;:&quot;0&quot;}\" data-image-title=\"graf teplota\" data-image-description=\"\" data-image-caption=\"&lt;p&gt;Teplota vzduchu na Lomnickom \u0161t\u00edte, zdroj: upraven\u00e9 pod\u013ea SHM\u00da&lt;\/p&gt;\n\" data-large-file=\"https:\/\/blog.laviny.sk\/wp-content\/uploads\/2016\/01\/graf-teplota-1024x463.png\" class=\"wp-image-2715 size-full\" src=\"https:\/\/192.168.10.134\/wp-content\/uploads\/2016\/01\/graf-teplota.png\" alt=\"graf teplota\" width=\"1701\" height=\"769\" srcset=\"https:\/\/blog.laviny.sk\/wp-content\/uploads\/2016\/01\/graf-teplota.png 1701w, https:\/\/blog.laviny.sk\/wp-content\/uploads\/2016\/01\/graf-teplota-300x136.png 300w, https:\/\/blog.laviny.sk\/wp-content\/uploads\/2016\/01\/graf-teplota-1024x463.png 1024w, https:\/\/blog.laviny.sk\/wp-content\/uploads\/2016\/01\/graf-teplota-768x347.png 768w, https:\/\/blog.laviny.sk\/wp-content\/uploads\/2016\/01\/graf-teplota-1536x694.png 1536w\" sizes=\"auto, (max-width: 1701px) 100vw, 1701px\" \/><\/a><p id=\"caption-attachment-2715\" class=\"wp-caption-text\">Teplota vzduchu na Lomnickom \u0161t\u00edte, zdroj: upraven\u00e9 pod\u013ea SHM\u00da<\/p><\/div>\n<p style=\"text-align: justify;\">Celkov\u00e1 v\u00fd\u0161ka snehu je podpriemern\u00e1. Lav\u00ednov\u00e9 nebezpe\u010denstvo tak m\u00f4\u017ee by\u0165 ve\u013emi zradn\u00e9.\u00a0Vo Vysok\u00fdch, N\u00edzkych a Z\u00e1padn\u00fdch Tatr\u00e1ch st\u00e1le trv\u00e1 mierne lav\u00ednov\u00e9 nebezpe\u010denstvo, teda 2. stupe\u0148 z 5-dielnej medzin\u00e1rodnej stupnice. T\u00fdka sa to najm\u00e4 strm\u00fdch svahov vo vy\u0161\u0161\u00edch poloh\u00e1ch (nad 1500 m n. m.). Obzvl\u00e1\u0161\u0165 nebezpe\u010dn\u00e9 s\u00fa severn\u00e9 n\u00e1vetria v Z\u00e1padn\u00fdch a Vysok\u00fdch Tatr\u00e1ch. V\u00fdrazne n\u00edzke teploty a celodenn\u00e9 mrazy neumo\u017e\u0148uj\u00fa dostato\u010dn\u00fa stabiliz\u00e1ciu snehovej pokr\u00fdvky. Sneh z poslednej peri\u00f3dy sne\u017eenia je v t\u00fdchto lokalit\u00e1ch sformovan\u00fd do tvrd\u00fdch dosiek, ktor\u00e9 nie s\u00fa dostato\u010dne previazan\u00e9 s podkladovou vrstvou tvrd\u00e9ho, z\u013eadovatel\u00e9ho snehu. Obzvl\u00e1\u0161\u0165 nebezpe\u010dn\u00e9 m\u00f4\u017eu by\u0165 najm\u00e4 strm\u00e9 n\u00e1stupy pod skaln\u00e9 steny. Uvo\u013enenie doskov\u00fdch lav\u00edn na tak\u00fdchto strm\u00fdch miestach je mo\u017en\u00e9 u\u017e aj pri malom dodato\u010dnom za\u0165a\u017een\u00ed. Nov\u00fd vo\u013en\u00fd prachov\u00fd sneh z posledn\u00e9ho sne\u017eenia sa navy\u0161e ulo\u017eil\u00a0relat\u00edvne rovnomerne a poprikr\u00fdval tak vizu\u00e1lne znaky nestability snehovej pokr\u00fdvky.<\/p>\n\n\t\t<style type=\"text\/css\">\n\t\t\t#gallery-2 {\n\t\t\t\tmargin: auto;\n\t\t\t}\n\t\t\t#gallery-2 .gallery-item {\n\t\t\t\tfloat: left;\n\t\t\t\tmargin-top: 10px;\n\t\t\t\ttext-align: center;\n\t\t\t\twidth: 20%;\n\t\t\t}\n\t\t\t#gallery-2 img {\n\t\t\t\tborder: 2px solid #cfcfcf;\n\t\t\t}\n\t\t\t#gallery-2 .gallery-caption {\n\t\t\t\tmargin-left: 0;\n\t\t\t}\n\t\t\t\/* see gallery_shortcode() in wp-includes\/media.php *\/\n\t\t<\/style>\n\t\t<div data-carousel-extra='{&quot;blog_id&quot;:1,&quot;permalink&quot;:&quot;https:\/\/blog.laviny.sk\/?p=2681&quot;}' id='gallery-2' class='gallery galleryid-2681 gallery-columns-5 gallery-size-medium'><dl class='gallery-item'>\n\t\t\t<dt class='gallery-icon portrait'>\n\t\t\t\t<a href='https:\/\/blog.laviny.sk\/wp-content\/uploads\/2016\/01\/2016-01-19-vf-zvolen.png'><img loading=\"lazy\" decoding=\"async\" width=\"212\" height=\"300\" src=\"https:\/\/blog.laviny.sk\/wp-content\/uploads\/2016\/01\/2016-01-19-vf-zvolen-212x300.png\" class=\"attachment-medium size-medium\" alt=\"\" srcset=\"https:\/\/blog.laviny.sk\/wp-content\/uploads\/2016\/01\/2016-01-19-vf-zvolen-212x300.png 212w, https:\/\/blog.laviny.sk\/wp-content\/uploads\/2016\/01\/2016-01-19-vf-zvolen-724x1024.png 724w, https:\/\/blog.laviny.sk\/wp-content\/uploads\/2016\/01\/2016-01-19-vf-zvolen-768x1087.png 768w, https:\/\/blog.laviny.sk\/wp-content\/uploads\/2016\/01\/2016-01-19-vf-zvolen.png 1058w\" sizes=\"auto, (max-width: 212px) 100vw, 212px\" data-attachment-id=\"2767\" data-permalink=\"https:\/\/blog.laviny.sk\/?attachment_id=2767#main\" data-orig-file=\"https:\/\/blog.laviny.sk\/wp-content\/uploads\/2016\/01\/2016-01-19-vf-zvolen.png\" data-orig-size=\"1058,1497\" data-comments-opened=\"0\" data-image-meta=\"{&quot;aperture&quot;:&quot;0&quot;,&quot;credit&quot;:&quot;&quot;,&quot;camera&quot;:&quot;&quot;,&quot;caption&quot;:&quot;&quot;,&quot;created_timestamp&quot;:&quot;0&quot;,&quot;copyright&quot;:&quot;&quot;,&quot;focal_length&quot;:&quot;0&quot;,&quot;iso&quot;:&quot;0&quot;,&quot;shutter_speed&quot;:&quot;0&quot;,&quot;title&quot;:&quot;&quot;,&quot;orientation&quot;:&quot;0&quot;}\" data-image-title=\"2016-01-19 VF Zvolen\" data-image-description=\"\" data-image-caption=\"\" data-large-file=\"https:\/\/blog.laviny.sk\/wp-content\/uploads\/2016\/01\/2016-01-19-vf-zvolen-724x1024.png\" \/><\/a>\n\t\t\t<\/dt><\/dl><dl class='gallery-item'>\n\t\t\t<dt class='gallery-icon portrait'>\n\t\t\t\t<a href='https:\/\/blog.laviny.sk\/wp-content\/uploads\/2016\/01\/2016-01-19-zt-nohavica.png'><img loading=\"lazy\" decoding=\"async\" width=\"212\" height=\"300\" src=\"https:\/\/blog.laviny.sk\/wp-content\/uploads\/2016\/01\/2016-01-19-zt-nohavica-212x300.png\" class=\"attachment-medium size-medium\" alt=\"\" srcset=\"https:\/\/blog.laviny.sk\/wp-content\/uploads\/2016\/01\/2016-01-19-zt-nohavica-212x300.png 212w, https:\/\/blog.laviny.sk\/wp-content\/uploads\/2016\/01\/2016-01-19-zt-nohavica-724x1024.png 724w, https:\/\/blog.laviny.sk\/wp-content\/uploads\/2016\/01\/2016-01-19-zt-nohavica-768x1087.png 768w, https:\/\/blog.laviny.sk\/wp-content\/uploads\/2016\/01\/2016-01-19-zt-nohavica.png 1058w\" sizes=\"auto, (max-width: 212px) 100vw, 212px\" data-attachment-id=\"2768\" data-permalink=\"https:\/\/blog.laviny.sk\/?attachment_id=2768#main\" data-orig-file=\"https:\/\/blog.laviny.sk\/wp-content\/uploads\/2016\/01\/2016-01-19-zt-nohavica.png\" data-orig-size=\"1058,1497\" data-comments-opened=\"0\" data-image-meta=\"{&quot;aperture&quot;:&quot;0&quot;,&quot;credit&quot;:&quot;&quot;,&quot;camera&quot;:&quot;&quot;,&quot;caption&quot;:&quot;&quot;,&quot;created_timestamp&quot;:&quot;0&quot;,&quot;copyright&quot;:&quot;&quot;,&quot;focal_length&quot;:&quot;0&quot;,&quot;iso&quot;:&quot;0&quot;,&quot;shutter_speed&quot;:&quot;0&quot;,&quot;title&quot;:&quot;&quot;,&quot;orientation&quot;:&quot;0&quot;}\" data-image-title=\"2016-01-19 ZT Nohavica\" data-image-description=\"\" data-image-caption=\"\" data-large-file=\"https:\/\/blog.laviny.sk\/wp-content\/uploads\/2016\/01\/2016-01-19-zt-nohavica-724x1024.png\" \/><\/a>\n\t\t\t<\/dt><\/dl><dl class='gallery-item'>\n\t\t\t<dt class='gallery-icon portrait'>\n\t\t\t\t<a href='https:\/\/blog.laviny.sk\/wp-content\/uploads\/2016\/01\/2016-01-20-zt-smutna-dolina.png'><img loading=\"lazy\" decoding=\"async\" width=\"212\" height=\"300\" src=\"https:\/\/blog.laviny.sk\/wp-content\/uploads\/2016\/01\/2016-01-20-zt-smutna-dolina-212x300.png\" class=\"attachment-medium size-medium\" alt=\"\" srcset=\"https:\/\/blog.laviny.sk\/wp-content\/uploads\/2016\/01\/2016-01-20-zt-smutna-dolina-212x300.png 212w, https:\/\/blog.laviny.sk\/wp-content\/uploads\/2016\/01\/2016-01-20-zt-smutna-dolina-724x1024.png 724w, https:\/\/blog.laviny.sk\/wp-content\/uploads\/2016\/01\/2016-01-20-zt-smutna-dolina-768x1087.png 768w, https:\/\/blog.laviny.sk\/wp-content\/uploads\/2016\/01\/2016-01-20-zt-smutna-dolina.png 1058w\" sizes=\"auto, (max-width: 212px) 100vw, 212px\" data-attachment-id=\"2769\" data-permalink=\"https:\/\/blog.laviny.sk\/?attachment_id=2769#main\" data-orig-file=\"https:\/\/blog.laviny.sk\/wp-content\/uploads\/2016\/01\/2016-01-20-zt-smutna-dolina.png\" data-orig-size=\"1058,1497\" data-comments-opened=\"0\" data-image-meta=\"{&quot;aperture&quot;:&quot;0&quot;,&quot;credit&quot;:&quot;&quot;,&quot;camera&quot;:&quot;&quot;,&quot;caption&quot;:&quot;&quot;,&quot;created_timestamp&quot;:&quot;0&quot;,&quot;copyright&quot;:&quot;&quot;,&quot;focal_length&quot;:&quot;0&quot;,&quot;iso&quot;:&quot;0&quot;,&quot;shutter_speed&quot;:&quot;0&quot;,&quot;title&quot;:&quot;&quot;,&quot;orientation&quot;:&quot;0&quot;}\" data-image-title=\"2016-01-20 ZT Smutna dolina\" data-image-description=\"\" data-image-caption=\"\" data-large-file=\"https:\/\/blog.laviny.sk\/wp-content\/uploads\/2016\/01\/2016-01-20-zt-smutna-dolina-724x1024.png\" \/><\/a>\n\t\t\t<\/dt><\/dl><dl class='gallery-item'>\n\t\t\t<dt class='gallery-icon portrait'>\n\t\t\t\t<a href='https:\/\/blog.laviny.sk\/wp-content\/uploads\/2016\/01\/2016-01-22-zt-brestovc3a1.png'><img loading=\"lazy\" decoding=\"async\" width=\"212\" height=\"300\" src=\"https:\/\/blog.laviny.sk\/wp-content\/uploads\/2016\/01\/2016-01-22-zt-brestovc3a1-212x300.png\" class=\"attachment-medium size-medium\" alt=\"\" srcset=\"https:\/\/blog.laviny.sk\/wp-content\/uploads\/2016\/01\/2016-01-22-zt-brestovc3a1-212x300.png 212w, https:\/\/blog.laviny.sk\/wp-content\/uploads\/2016\/01\/2016-01-22-zt-brestovc3a1-724x1024.png 724w, https:\/\/blog.laviny.sk\/wp-content\/uploads\/2016\/01\/2016-01-22-zt-brestovc3a1-768x1087.png 768w, https:\/\/blog.laviny.sk\/wp-content\/uploads\/2016\/01\/2016-01-22-zt-brestovc3a1.png 1058w\" sizes=\"auto, (max-width: 212px) 100vw, 212px\" data-attachment-id=\"2770\" data-permalink=\"https:\/\/blog.laviny.sk\/?attachment_id=2770#main\" data-orig-file=\"https:\/\/blog.laviny.sk\/wp-content\/uploads\/2016\/01\/2016-01-22-zt-brestovc3a1.png\" data-orig-size=\"1058,1497\" data-comments-opened=\"0\" data-image-meta=\"{&quot;aperture&quot;:&quot;0&quot;,&quot;credit&quot;:&quot;&quot;,&quot;camera&quot;:&quot;&quot;,&quot;caption&quot;:&quot;&quot;,&quot;created_timestamp&quot;:&quot;0&quot;,&quot;copyright&quot;:&quot;&quot;,&quot;focal_length&quot;:&quot;0&quot;,&quot;iso&quot;:&quot;0&quot;,&quot;shutter_speed&quot;:&quot;0&quot;,&quot;title&quot;:&quot;&quot;,&quot;orientation&quot;:&quot;0&quot;}\" data-image-title=\"2016-01-22 ZT Brestov\u00e1\" data-image-description=\"\" data-image-caption=\"\" data-large-file=\"https:\/\/blog.laviny.sk\/wp-content\/uploads\/2016\/01\/2016-01-22-zt-brestovc3a1-724x1024.png\" \/><\/a>\n\t\t\t<\/dt><\/dl><dl class='gallery-item'>\n\t\t\t<dt class='gallery-icon portrait'>\n\t\t\t\t<a href='https:\/\/blog.laviny.sk\/wp-content\/uploads\/2016\/01\/2016-01-22-mf-steny.png'><img loading=\"lazy\" decoding=\"async\" width=\"212\" height=\"300\" src=\"https:\/\/blog.laviny.sk\/wp-content\/uploads\/2016\/01\/2016-01-22-mf-steny-212x300.png\" class=\"attachment-medium size-medium\" alt=\"\" srcset=\"https:\/\/blog.laviny.sk\/wp-content\/uploads\/2016\/01\/2016-01-22-mf-steny-212x300.png 212w, https:\/\/blog.laviny.sk\/wp-content\/uploads\/2016\/01\/2016-01-22-mf-steny-724x1024.png 724w, https:\/\/blog.laviny.sk\/wp-content\/uploads\/2016\/01\/2016-01-22-mf-steny-768x1087.png 768w, https:\/\/blog.laviny.sk\/wp-content\/uploads\/2016\/01\/2016-01-22-mf-steny.png 1058w\" sizes=\"auto, (max-width: 212px) 100vw, 212px\" data-attachment-id=\"2783\" data-permalink=\"https:\/\/blog.laviny.sk\/?attachment_id=2783#main\" data-orig-file=\"https:\/\/blog.laviny.sk\/wp-content\/uploads\/2016\/01\/2016-01-22-mf-steny.png\" data-orig-size=\"1058,1497\" data-comments-opened=\"0\" data-image-meta=\"{&quot;aperture&quot;:&quot;0&quot;,&quot;credit&quot;:&quot;&quot;,&quot;camera&quot;:&quot;&quot;,&quot;caption&quot;:&quot;&quot;,&quot;created_timestamp&quot;:&quot;0&quot;,&quot;copyright&quot;:&quot;&quot;,&quot;focal_length&quot;:&quot;0&quot;,&quot;iso&quot;:&quot;0&quot;,&quot;shutter_speed&quot;:&quot;0&quot;,&quot;title&quot;:&quot;&quot;,&quot;orientation&quot;:&quot;0&quot;}\" data-image-title=\"2016-01-22 MF Steny\" data-image-description=\"\" data-image-caption=\"\" data-large-file=\"https:\/\/blog.laviny.sk\/wp-content\/uploads\/2016\/01\/2016-01-22-mf-steny-724x1024.png\" \/><\/a>\n\t\t\t<\/dt><\/dl><br style=\"clear: both\" \/>\n\t\t<\/div>\n\n<p style=\"text-align: justify;\">Podstatne viac snehu sa nach\u00e1dza na z\u00e1vetern\u00fdch &#8211; ju\u017en\u00fdch, juhov\u00fdchodn\u00fdch a v\u00fdchodn\u00fdch svahoch a v \u017e\u013eaboch. Vo\u013en\u00fd prachov\u00fd sneh v t\u00fdchto miestach sa v\u0161ak tie\u017e strieda s tvrd\u0161ou, vetrom ubitou k\u00f4rou. Lav\u00ednov\u00e9 nebezpe\u010denstvo tak nadob\u00fada v\u00fdrazne lok\u00e1lny charakter. Pohyb vo vysokohorskom ter\u00e9ne si vy\u017eaduje d\u00f4kladn\u00e9 zhodnotenie a otestovanie stability snehovej pokr\u00fdvky<\/p>\n\n\t\t<style type=\"text\/css\">\n\t\t\t#gallery-3 {\n\t\t\t\tmargin: auto;\n\t\t\t}\n\t\t\t#gallery-3 .gallery-item {\n\t\t\t\tfloat: left;\n\t\t\t\tmargin-top: 10px;\n\t\t\t\ttext-align: center;\n\t\t\t\twidth: 33%;\n\t\t\t}\n\t\t\t#gallery-3 img {\n\t\t\t\tborder: 2px solid #cfcfcf;\n\t\t\t}\n\t\t\t#gallery-3 .gallery-caption {\n\t\t\t\tmargin-left: 0;\n\t\t\t}\n\t\t\t\/* see gallery_shortcode() in wp-includes\/media.php *\/\n\t\t<\/style>\n\t\t<div data-carousel-extra='{&quot;blog_id&quot;:1,&quot;permalink&quot;:&quot;https:\/\/blog.laviny.sk\/?p=2681&quot;}' id='gallery-3' class='gallery galleryid-2681 gallery-columns-3 gallery-size-thumbnail'><dl class='gallery-item'>\n\t\t\t<dt class='gallery-icon landscape'>\n\t\t\t\t<a href='https:\/\/blog.laviny.sk\/wp-content\/uploads\/2016\/01\/img_20160120_100832.jpg'><img loading=\"lazy\" decoding=\"async\" width=\"150\" height=\"150\" src=\"https:\/\/blog.laviny.sk\/wp-content\/uploads\/2016\/01\/img_20160120_100832-150x150.jpg\" class=\"attachment-thumbnail size-thumbnail\" alt=\"\" aria-describedby=\"gallery-3-2689\" srcset=\"https:\/\/blog.laviny.sk\/wp-content\/uploads\/2016\/01\/img_20160120_100832-150x150.jpg 150w, https:\/\/blog.laviny.sk\/wp-content\/uploads\/2016\/01\/img_20160120_100832-50x50.jpg 50w\" sizes=\"auto, (max-width: 150px) 100vw, 150px\" data-attachment-id=\"2689\" data-permalink=\"https:\/\/blog.laviny.sk\/?attachment_id=2689#main\" data-orig-file=\"https:\/\/blog.laviny.sk\/wp-content\/uploads\/2016\/01\/img_20160120_100832.jpg\" data-orig-size=\"1000,562\" data-comments-opened=\"0\" data-image-meta=\"{&quot;aperture&quot;:&quot;2.4&quot;,&quot;credit&quot;:&quot;&quot;,&quot;camera&quot;:&quot;BlackBerry Q5&quot;,&quot;caption&quot;:&quot;&quot;,&quot;created_timestamp&quot;:&quot;1453284511&quot;,&quot;copyright&quot;:&quot;&quot;,&quot;focal_length&quot;:&quot;3&quot;,&quot;iso&quot;:&quot;44&quot;,&quot;shutter_speed&quot;:&quot;0.000546&quot;,&quot;title&quot;:&quot;&quot;,&quot;orientation&quot;:&quot;1&quot;}\" data-image-title=\"IMG_20160120_100832\" data-image-description=\"\" data-image-caption=\"&lt;p&gt;Nebezpe\u010dn\u00e9 tvrd\u00e9 snehov\u00e9 dosky sa sformovali najm\u00e4 na severn\u00fdch n\u00e1vetriach Z\u00e1padn\u00fdch Tatier, Smutn\u00e1 dolina, Z\u00e1padn\u00e9 Tatry, 20. janu\u00e1r 2016&lt;\/p&gt;\n\" data-large-file=\"https:\/\/blog.laviny.sk\/wp-content\/uploads\/2016\/01\/img_20160120_100832.jpg\" \/><\/a>\n\t\t\t<\/dt>\n\t\t\t\t<dd class='wp-caption-text gallery-caption' id='gallery-3-2689'>\n\t\t\t\tNebezpe\u010dn\u00e9 tvrd\u00e9 snehov\u00e9 dosky sa sformovali najm\u00e4 na severn\u00fdch n\u00e1vetriach Z\u00e1padn\u00fdch Tatier, Smutn\u00e1 dolina, Z\u00e1padn\u00e9 Tatry, 20. janu\u00e1r 2016\n\t\t\t\t<\/dd><\/dl><dl class='gallery-item'>\n\t\t\t<dt class='gallery-icon landscape'>\n\t\t\t\t<a href='https:\/\/blog.laviny.sk\/wp-content\/uploads\/2016\/01\/image-c0a5dfa6d01f3500e81b8dd483029f1ce57a6bce6c2aa95fae8df5e004366695-v.jpg'><img loading=\"lazy\" decoding=\"async\" width=\"150\" height=\"150\" src=\"https:\/\/blog.laviny.sk\/wp-content\/uploads\/2016\/01\/image-c0a5dfa6d01f3500e81b8dd483029f1ce57a6bce6c2aa95fae8df5e004366695-v-150x150.jpg\" class=\"attachment-thumbnail size-thumbnail\" alt=\"\" aria-describedby=\"gallery-3-2691\" srcset=\"https:\/\/blog.laviny.sk\/wp-content\/uploads\/2016\/01\/image-c0a5dfa6d01f3500e81b8dd483029f1ce57a6bce6c2aa95fae8df5e004366695-v-150x150.jpg 150w, https:\/\/blog.laviny.sk\/wp-content\/uploads\/2016\/01\/image-c0a5dfa6d01f3500e81b8dd483029f1ce57a6bce6c2aa95fae8df5e004366695-v-50x50.jpg 50w\" sizes=\"auto, (max-width: 150px) 100vw, 150px\" data-attachment-id=\"2691\" data-permalink=\"https:\/\/blog.laviny.sk\/?attachment_id=2691#main\" data-orig-file=\"https:\/\/blog.laviny.sk\/wp-content\/uploads\/2016\/01\/image-c0a5dfa6d01f3500e81b8dd483029f1ce57a6bce6c2aa95fae8df5e004366695-v.jpg\" data-orig-size=\"1000,750\" data-comments-opened=\"0\" data-image-meta=\"{&quot;aperture&quot;:&quot;0&quot;,&quot;credit&quot;:&quot;&quot;,&quot;camera&quot;:&quot;&quot;,&quot;caption&quot;:&quot;&quot;,&quot;created_timestamp&quot;:&quot;0&quot;,&quot;copyright&quot;:&quot;&quot;,&quot;focal_length&quot;:&quot;0&quot;,&quot;iso&quot;:&quot;0&quot;,&quot;shutter_speed&quot;:&quot;0&quot;,&quot;title&quot;:&quot;&quot;,&quot;orientation&quot;:&quot;1&quot;}\" data-image-title=\"image-c0a5dfa6d01f3500e81b8dd483029f1ce57a6bce6c2aa95fae8df5e004366695-V\" data-image-description=\"\" data-image-caption=\"&lt;p&gt;Doskov\u00e9 lav\u00edny sa uvo\u013e\u0148ovali aj prenosom nap\u00e4tia na \u010fia\u013eku, Smutn\u00e1 dolina, Z\u00e1padn\u00e9 Tatry, 20. janu\u00e1r 2016&lt;\/p&gt;\n\" data-large-file=\"https:\/\/blog.laviny.sk\/wp-content\/uploads\/2016\/01\/image-c0a5dfa6d01f3500e81b8dd483029f1ce57a6bce6c2aa95fae8df5e004366695-v.jpg\" \/><\/a>\n\t\t\t<\/dt>\n\t\t\t\t<dd class='wp-caption-text gallery-caption' id='gallery-3-2691'>\n\t\t\t\tDoskov\u00e9 lav\u00edny sa uvo\u013e\u0148ovali aj prenosom nap\u00e4tia na \u010fia\u013eku, Smutn\u00e1 dolina, Z\u00e1padn\u00e9 Tatry, 20. janu\u00e1r 2016\n\t\t\t\t<\/dd><\/dl><dl class='gallery-item'>\n\t\t\t<dt class='gallery-icon landscape'>\n\t\t\t\t<a href='https:\/\/blog.laviny.sk\/wp-content\/uploads\/2016\/01\/dsc_0028.jpg'><img loading=\"lazy\" decoding=\"async\" width=\"150\" height=\"150\" src=\"https:\/\/blog.laviny.sk\/wp-content\/uploads\/2016\/01\/dsc_0028-150x150.jpg\" class=\"attachment-thumbnail size-thumbnail\" alt=\"\" aria-describedby=\"gallery-3-2688\" srcset=\"https:\/\/blog.laviny.sk\/wp-content\/uploads\/2016\/01\/dsc_0028-150x150.jpg 150w, https:\/\/blog.laviny.sk\/wp-content\/uploads\/2016\/01\/dsc_0028-50x50.jpg 50w\" sizes=\"auto, (max-width: 150px) 100vw, 150px\" data-attachment-id=\"2688\" data-permalink=\"https:\/\/blog.laviny.sk\/?attachment_id=2688#main\" data-orig-file=\"https:\/\/blog.laviny.sk\/wp-content\/uploads\/2016\/01\/dsc_0028.jpg\" data-orig-size=\"1000,669\" data-comments-opened=\"0\" data-image-meta=\"{&quot;aperture&quot;:&quot;7.1&quot;,&quot;credit&quot;:&quot;&quot;,&quot;camera&quot;:&quot;NIKON D80&quot;,&quot;caption&quot;:&quot;&quot;,&quot;created_timestamp&quot;:&quot;1453197752&quot;,&quot;copyright&quot;:&quot;&quot;,&quot;focal_length&quot;:&quot;18&quot;,&quot;iso&quot;:&quot;100&quot;,&quot;shutter_speed&quot;:&quot;0.005&quot;,&quot;title&quot;:&quot;&quot;,&quot;orientation&quot;:&quot;1&quot;}\" data-image-title=\"DSC_0028\" data-image-description=\"\" data-image-caption=\"&lt;p&gt;Lav\u00edna na strmom JZ svahu Nohav\u00edc, \u017diarskej doline, Z\u00e1padn\u00e9 Tatry, 19. janu\u00e1r 2016&lt;\/p&gt;\n\" data-large-file=\"https:\/\/blog.laviny.sk\/wp-content\/uploads\/2016\/01\/dsc_0028.jpg\" \/><\/a>\n\t\t\t<\/dt>\n\t\t\t\t<dd class='wp-caption-text gallery-caption' id='gallery-3-2688'>\n\t\t\t\tLav\u00edna na strmom JZ svahu Nohav\u00edc, \u017diarskej doline, Z\u00e1padn\u00e9 Tatry, 19. janu\u00e1r 2016\n\t\t\t\t<\/dd><\/dl><br style=\"clear: both\" \/><dl class='gallery-item'>\n\t\t\t<dt class='gallery-icon landscape'>\n\t\t\t\t<a href='https:\/\/blog.laviny.sk\/wp-content\/uploads\/2016\/01\/image-118d6b1d57715fd4d8b4819fc014d937b8d7c8114e48063e0f90e80c62fc9921-v.jpg'><img loading=\"lazy\" decoding=\"async\" width=\"150\" height=\"150\" src=\"https:\/\/blog.laviny.sk\/wp-content\/uploads\/2016\/01\/image-118d6b1d57715fd4d8b4819fc014d937b8d7c8114e48063e0f90e80c62fc9921-v-150x150.jpg\" class=\"attachment-thumbnail size-thumbnail\" alt=\"\" aria-describedby=\"gallery-3-2693\" srcset=\"https:\/\/blog.laviny.sk\/wp-content\/uploads\/2016\/01\/image-118d6b1d57715fd4d8b4819fc014d937b8d7c8114e48063e0f90e80c62fc9921-v-150x150.jpg 150w, https:\/\/blog.laviny.sk\/wp-content\/uploads\/2016\/01\/image-118d6b1d57715fd4d8b4819fc014d937b8d7c8114e48063e0f90e80c62fc9921-v-50x50.jpg 50w\" sizes=\"auto, (max-width: 150px) 100vw, 150px\" data-attachment-id=\"2693\" data-permalink=\"https:\/\/blog.laviny.sk\/?attachment_id=2693#main\" data-orig-file=\"https:\/\/blog.laviny.sk\/wp-content\/uploads\/2016\/01\/image-118d6b1d57715fd4d8b4819fc014d937b8d7c8114e48063e0f90e80c62fc9921-v.jpg\" data-orig-size=\"1000,750\" data-comments-opened=\"0\" data-image-meta=\"{&quot;aperture&quot;:&quot;0&quot;,&quot;credit&quot;:&quot;&quot;,&quot;camera&quot;:&quot;&quot;,&quot;caption&quot;:&quot;&quot;,&quot;created_timestamp&quot;:&quot;0&quot;,&quot;copyright&quot;:&quot;&quot;,&quot;focal_length&quot;:&quot;0&quot;,&quot;iso&quot;:&quot;0&quot;,&quot;shutter_speed&quot;:&quot;0&quot;,&quot;title&quot;:&quot;&quot;,&quot;orientation&quot;:&quot;1&quot;}\" data-image-title=\"image-118d6b1d57715fd4d8b4819fc014d937b8d7c8114e48063e0f90e80c62fc9921-V\" data-image-description=\"\" data-image-caption=\"&lt;p&gt;Nebezpe\u010dn\u00e9 tvrd\u00e9 snehov\u00e9 dosky sa uvo\u013e\u0148ovali u\u017e pri malom dodato\u010dnom za\u0165a\u017een\u00ed, Smutn\u00e1 dolina, Z\u00e1padn\u00e9 Tatry, 20. janu\u00e1r 2016&lt;\/p&gt;\n\" data-large-file=\"https:\/\/blog.laviny.sk\/wp-content\/uploads\/2016\/01\/image-118d6b1d57715fd4d8b4819fc014d937b8d7c8114e48063e0f90e80c62fc9921-v.jpg\" \/><\/a>\n\t\t\t<\/dt>\n\t\t\t\t<dd class='wp-caption-text gallery-caption' id='gallery-3-2693'>\n\t\t\t\tNebezpe\u010dn\u00e9 tvrd\u00e9 snehov\u00e9 dosky sa uvo\u013e\u0148ovali u\u017e pri malom dodato\u010dnom za\u0165a\u017een\u00ed, Smutn\u00e1 dolina, Z\u00e1padn\u00e9 Tatry, 20. janu\u00e1r 2016\n\t\t\t\t<\/dd><\/dl><dl class='gallery-item'>\n\t\t\t<dt class='gallery-icon landscape'>\n\t\t\t\t<a href='https:\/\/blog.laviny.sk\/wp-content\/uploads\/2016\/01\/imgp37265.jpg'><img loading=\"lazy\" decoding=\"async\" width=\"150\" height=\"150\" src=\"https:\/\/blog.laviny.sk\/wp-content\/uploads\/2016\/01\/imgp37265-150x150.jpg\" class=\"attachment-thumbnail size-thumbnail\" alt=\"\" aria-describedby=\"gallery-3-2684\" srcset=\"https:\/\/blog.laviny.sk\/wp-content\/uploads\/2016\/01\/imgp37265-150x150.jpg 150w, https:\/\/blog.laviny.sk\/wp-content\/uploads\/2016\/01\/imgp37265-50x50.jpg 50w\" sizes=\"auto, (max-width: 150px) 100vw, 150px\" data-attachment-id=\"2684\" data-permalink=\"https:\/\/blog.laviny.sk\/?attachment_id=2684#main\" data-orig-file=\"https:\/\/blog.laviny.sk\/wp-content\/uploads\/2016\/01\/imgp37265.jpg\" data-orig-size=\"1000,669\" data-comments-opened=\"0\" data-image-meta=\"{&quot;aperture&quot;:&quot;5.6&quot;,&quot;credit&quot;:&quot;&quot;,&quot;camera&quot;:&quot;NIKON D80&quot;,&quot;caption&quot;:&quot;&quot;,&quot;created_timestamp&quot;:&quot;1453202104&quot;,&quot;copyright&quot;:&quot;&quot;,&quot;focal_length&quot;:&quot;70&quot;,&quot;iso&quot;:&quot;100&quot;,&quot;shutter_speed&quot;:&quot;0.0025&quot;,&quot;title&quot;:&quot;&quot;,&quot;orientation&quot;:&quot;1&quot;}\" data-image-title=\"IMGP37265\" data-image-description=\"\" data-image-caption=\"&lt;p&gt;\u017d\u013eab na Hrub\u00fa kopu, \u017diarska dolina, Z\u00e1padn\u00e9 Tatry, 19. janu\u00e1r 2016&lt;\/p&gt;\n\" data-large-file=\"https:\/\/blog.laviny.sk\/wp-content\/uploads\/2016\/01\/imgp37265.jpg\" \/><\/a>\n\t\t\t<\/dt>\n\t\t\t\t<dd class='wp-caption-text gallery-caption' id='gallery-3-2684'>\n\t\t\t\t\u017d\u013eab na Hrub\u00fa kopu, \u017diarska dolina, Z\u00e1padn\u00e9 Tatry, 19. janu\u00e1r 2016\n\t\t\t\t<\/dd><\/dl><dl class='gallery-item'>\n\t\t\t<dt class='gallery-icon landscape'>\n\t\t\t\t<a href='https:\/\/blog.laviny.sk\/wp-content\/uploads\/2016\/01\/dsc_0034.jpg'><img loading=\"lazy\" decoding=\"async\" width=\"150\" height=\"150\" src=\"https:\/\/blog.laviny.sk\/wp-content\/uploads\/2016\/01\/dsc_0034-150x150.jpg\" class=\"attachment-thumbnail size-thumbnail\" alt=\"\" aria-describedby=\"gallery-3-2683\" srcset=\"https:\/\/blog.laviny.sk\/wp-content\/uploads\/2016\/01\/dsc_0034-150x150.jpg 150w, https:\/\/blog.laviny.sk\/wp-content\/uploads\/2016\/01\/dsc_0034-50x50.jpg 50w\" sizes=\"auto, (max-width: 150px) 100vw, 150px\" data-attachment-id=\"2683\" data-permalink=\"https:\/\/blog.laviny.sk\/?attachment_id=2683#main\" data-orig-file=\"https:\/\/blog.laviny.sk\/wp-content\/uploads\/2016\/01\/dsc_0034.jpg\" data-orig-size=\"1000,669\" data-comments-opened=\"0\" data-image-meta=\"{&quot;aperture&quot;:&quot;7.1&quot;,&quot;credit&quot;:&quot;&quot;,&quot;camera&quot;:&quot;NIKON D80&quot;,&quot;caption&quot;:&quot;&quot;,&quot;created_timestamp&quot;:&quot;1453198391&quot;,&quot;copyright&quot;:&quot;&quot;,&quot;focal_length&quot;:&quot;18&quot;,&quot;iso&quot;:&quot;100&quot;,&quot;shutter_speed&quot;:&quot;0.005&quot;,&quot;title&quot;:&quot;&quot;,&quot;orientation&quot;:&quot;1&quot;}\" data-image-title=\"DSC_0034\" data-image-description=\"\" data-image-caption=\"&lt;p&gt;Cestou do Smutn\u00e9ho sedla, \u017diarska dolina, Z\u00e1padn\u00e9 Tatry, 19. janu\u00e1r 2016&lt;\/p&gt;\n\" data-large-file=\"https:\/\/blog.laviny.sk\/wp-content\/uploads\/2016\/01\/dsc_0034.jpg\" \/><\/a>\n\t\t\t<\/dt>\n\t\t\t\t<dd class='wp-caption-text gallery-caption' id='gallery-3-2683'>\n\t\t\t\tCestou do Smutn\u00e9ho sedla, \u017diarska dolina, Z\u00e1padn\u00e9 Tatry, 19. janu\u00e1r 2016\n\t\t\t\t<\/dd><\/dl><br style=\"clear: both\" \/><dl class='gallery-item'>\n\t\t\t<dt class='gallery-icon landscape'>\n\t\t\t\t<a href='https:\/\/blog.laviny.sk\/wp-content\/uploads\/2016\/01\/image-5cf8150fd4dba5777511dde9680050effa6299457477193e0014177ee0b6ceb5-v.jpg'><img loading=\"lazy\" decoding=\"async\" width=\"150\" height=\"150\" src=\"https:\/\/blog.laviny.sk\/wp-content\/uploads\/2016\/01\/image-5cf8150fd4dba5777511dde9680050effa6299457477193e0014177ee0b6ceb5-v-150x150.jpg\" class=\"attachment-thumbnail size-thumbnail\" alt=\"\" aria-describedby=\"gallery-3-2694\" srcset=\"https:\/\/blog.laviny.sk\/wp-content\/uploads\/2016\/01\/image-5cf8150fd4dba5777511dde9680050effa6299457477193e0014177ee0b6ceb5-v-150x150.jpg 150w, https:\/\/blog.laviny.sk\/wp-content\/uploads\/2016\/01\/image-5cf8150fd4dba5777511dde9680050effa6299457477193e0014177ee0b6ceb5-v-50x50.jpg 50w\" sizes=\"auto, (max-width: 150px) 100vw, 150px\" data-attachment-id=\"2694\" data-permalink=\"https:\/\/blog.laviny.sk\/?attachment_id=2694#main\" data-orig-file=\"https:\/\/blog.laviny.sk\/wp-content\/uploads\/2016\/01\/image-5cf8150fd4dba5777511dde9680050effa6299457477193e0014177ee0b6ceb5-v.jpg\" data-orig-size=\"1000,750\" data-comments-opened=\"0\" data-image-meta=\"{&quot;aperture&quot;:&quot;0&quot;,&quot;credit&quot;:&quot;&quot;,&quot;camera&quot;:&quot;&quot;,&quot;caption&quot;:&quot;&quot;,&quot;created_timestamp&quot;:&quot;0&quot;,&quot;copyright&quot;:&quot;&quot;,&quot;focal_length&quot;:&quot;0&quot;,&quot;iso&quot;:&quot;0&quot;,&quot;shutter_speed&quot;:&quot;0&quot;,&quot;title&quot;:&quot;&quot;,&quot;orientation&quot;:&quot;1&quot;}\" data-image-title=\"image-5cf8150fd4dba5777511dde9680050effa6299457477193e0014177ee0b6ceb5-V\" data-image-description=\"\" data-image-caption=\"&lt;p&gt;Nebezpe\u010dn\u00e9 tvrd\u00e9 snehov\u00e9 dosky sa uvo\u013e\u0148ovali u\u017e pri malom dodato\u010dnom za\u0165a\u017een\u00ed, Smutn\u00e1 dolina, Z\u00e1padn\u00e9 Tatry, 20. janu\u00e1r 2016&lt;\/p&gt;\n\" data-large-file=\"https:\/\/blog.laviny.sk\/wp-content\/uploads\/2016\/01\/image-5cf8150fd4dba5777511dde9680050effa6299457477193e0014177ee0b6ceb5-v.jpg\" \/><\/a>\n\t\t\t<\/dt>\n\t\t\t\t<dd class='wp-caption-text gallery-caption' id='gallery-3-2694'>\n\t\t\t\tNebezpe\u010dn\u00e9 tvrd\u00e9 snehov\u00e9 dosky sa uvo\u013e\u0148ovali u\u017e pri malom dodato\u010dnom za\u0165a\u017een\u00ed, Smutn\u00e1 dolina, Z\u00e1padn\u00e9 Tatry, 20. janu\u00e1r 2016\n\t\t\t\t<\/dd><\/dl><dl class='gallery-item'>\n\t\t\t<dt class='gallery-icon landscape'>\n\t\t\t\t<a href='https:\/\/blog.laviny.sk\/wp-content\/uploads\/2016\/01\/img_20160120_095720.jpg'><img loading=\"lazy\" decoding=\"async\" width=\"150\" height=\"150\" src=\"https:\/\/blog.laviny.sk\/wp-content\/uploads\/2016\/01\/img_20160120_095720-150x150.jpg\" class=\"attachment-thumbnail size-thumbnail\" alt=\"\" aria-describedby=\"gallery-3-2685\" srcset=\"https:\/\/blog.laviny.sk\/wp-content\/uploads\/2016\/01\/img_20160120_095720-150x150.jpg 150w, https:\/\/blog.laviny.sk\/wp-content\/uploads\/2016\/01\/img_20160120_095720-50x50.jpg 50w\" sizes=\"auto, (max-width: 150px) 100vw, 150px\" data-attachment-id=\"2685\" data-permalink=\"https:\/\/blog.laviny.sk\/?attachment_id=2685#main\" data-orig-file=\"https:\/\/blog.laviny.sk\/wp-content\/uploads\/2016\/01\/img_20160120_095720.jpg\" data-orig-size=\"1000,562\" data-comments-opened=\"0\" data-image-meta=\"{&quot;aperture&quot;:&quot;2.4&quot;,&quot;credit&quot;:&quot;&quot;,&quot;camera&quot;:&quot;BlackBerry Q5&quot;,&quot;caption&quot;:&quot;&quot;,&quot;created_timestamp&quot;:&quot;1453283840&quot;,&quot;copyright&quot;:&quot;&quot;,&quot;focal_length&quot;:&quot;3&quot;,&quot;iso&quot;:&quot;44&quot;,&quot;shutter_speed&quot;:&quot;0.000563&quot;,&quot;title&quot;:&quot;&quot;,&quot;orientation&quot;:&quot;1&quot;}\" data-image-title=\"IMG_20160120_095720\" data-image-description=\"\" data-image-caption=\"&lt;p&gt;Doskov\u00e9 lav\u00edny sa uvo\u013e\u0148ovali aj prenosom nap\u00e4tia na \u010fia\u013eku, Smutn\u00e1 dolina, Z\u00e1padn\u00e9 Tatry, 20. janu\u00e1r 2016&lt;\/p&gt;\n\" data-large-file=\"https:\/\/blog.laviny.sk\/wp-content\/uploads\/2016\/01\/img_20160120_095720.jpg\" \/><\/a>\n\t\t\t<\/dt>\n\t\t\t\t<dd class='wp-caption-text gallery-caption' id='gallery-3-2685'>\n\t\t\t\tDoskov\u00e9 lav\u00edny sa uvo\u013e\u0148ovali aj prenosom nap\u00e4tia na \u010fia\u013eku, Smutn\u00e1 dolina, Z\u00e1padn\u00e9 Tatry, 20. janu\u00e1r 2016\n\t\t\t\t<\/dd><\/dl>\n\t\t\t<br style='clear: both' \/>\n\t\t<\/div>\n\n<p style=\"text-align: justify;\">Malej a Ve\u013ekej Fatre m\u00e1 lav\u00ednov\u00e9 nebezpe\u010denstvo taktie\u017e v\u00fdrazne lok\u00e1lny charakter. Mierne lav\u00ednov\u00e9 nebezpe\u010denstvo sa t\u00fdka strm\u00fdch svahov s v\u00fdchodnou a\u017e ju\u017enou orient\u00e1ciou, kde sa sneh z poslednej peri\u00f3dy sne\u017eenia ulo\u017eil vo forme snehov\u00fdch vank\u00fa\u0161ov a dosiek. Nebezpe\u010dn\u00e9 s\u00fa najm\u00e4 strm\u00e9 lokality bezprostredne pod prevejmi na hrebe\u0148och. Lav\u00edny v\u00e4\u010d\u0161\u00edch rozmerov sa v\u0161ak nepredpokladaj\u00fa.<\/p>\n\n\t\t<style type=\"text\/css\">\n\t\t\t#gallery-4 {\n\t\t\t\tmargin: auto;\n\t\t\t}\n\t\t\t#gallery-4 .gallery-item {\n\t\t\t\tfloat: left;\n\t\t\t\tmargin-top: 10px;\n\t\t\t\ttext-align: center;\n\t\t\t\twidth: 33%;\n\t\t\t}\n\t\t\t#gallery-4 img {\n\t\t\t\tborder: 2px solid #cfcfcf;\n\t\t\t}\n\t\t\t#gallery-4 .gallery-caption {\n\t\t\t\tmargin-left: 0;\n\t\t\t}\n\t\t\t\/* see gallery_shortcode() in wp-includes\/media.php *\/\n\t\t<\/style>\n\t\t<div data-carousel-extra='{&quot;blog_id&quot;:1,&quot;permalink&quot;:&quot;https:\/\/blog.laviny.sk\/?p=2681&quot;}' id='gallery-4' class='gallery galleryid-2681 gallery-columns-3 gallery-size-thumbnail'><dl class='gallery-item'>\n\t\t\t<dt class='gallery-icon landscape'>\n\t\t\t\t<a href='https:\/\/blog.laviny.sk\/?attachment_id=2701#main'><img loading=\"lazy\" decoding=\"async\" width=\"150\" height=\"150\" src=\"https:\/\/blog.laviny.sk\/wp-content\/uploads\/2016\/01\/imgp3726-150x150.jpg\" class=\"attachment-thumbnail size-thumbnail\" alt=\"\" aria-describedby=\"gallery-4-2701\" srcset=\"https:\/\/blog.laviny.sk\/wp-content\/uploads\/2016\/01\/imgp3726-150x150.jpg 150w, https:\/\/blog.laviny.sk\/wp-content\/uploads\/2016\/01\/imgp3726-50x50.jpg 50w\" sizes=\"auto, (max-width: 150px) 100vw, 150px\" data-attachment-id=\"2701\" data-permalink=\"https:\/\/blog.laviny.sk\/?attachment_id=2701#main\" data-orig-file=\"https:\/\/blog.laviny.sk\/wp-content\/uploads\/2016\/01\/imgp3726.jpg\" data-orig-size=\"1000,750\" data-comments-opened=\"0\" data-image-meta=\"{&quot;aperture&quot;:&quot;4.2&quot;,&quot;credit&quot;:&quot;&quot;,&quot;camera&quot;:&quot;PENTAX Optio WG-2&quot;,&quot;caption&quot;:&quot;&quot;,&quot;created_timestamp&quot;:&quot;1453388976&quot;,&quot;copyright&quot;:&quot;&quot;,&quot;focal_length&quot;:&quot;5&quot;,&quot;iso&quot;:&quot;125&quot;,&quot;shutter_speed&quot;:&quot;0.00066666666666667&quot;,&quot;title&quot;:&quot;&quot;,&quot;orientation&quot;:&quot;1&quot;}\" data-image-title=\"IMGP3726\" data-image-description=\"\" data-image-caption=\"&lt;p&gt;M\u00e1lo stabiln\u00e9 preveje v hrebe\u0148ov\u00fdch parti\u00e1ch Ve\u013ekej Fatry, 18. janu\u00e1r 2016&lt;\/p&gt;\n\" data-large-file=\"https:\/\/blog.laviny.sk\/wp-content\/uploads\/2016\/01\/imgp3726.jpg\" \/><\/a>\n\t\t\t<\/dt>\n\t\t\t\t<dd class='wp-caption-text gallery-caption' id='gallery-4-2701'>\n\t\t\t\tM\u00e1lo stabiln\u00e9 preveje v hrebe\u0148ov\u00fdch parti\u00e1ch Ve\u013ekej Fatry, 18. janu\u00e1r 2016\n\t\t\t\t<\/dd><\/dl><dl class='gallery-item'>\n\t\t\t<dt class='gallery-icon landscape'>\n\t\t\t\t<a href='https:\/\/blog.laviny.sk\/?attachment_id=2700#main'><img loading=\"lazy\" decoding=\"async\" width=\"150\" height=\"150\" src=\"https:\/\/blog.laviny.sk\/wp-content\/uploads\/2016\/01\/20160118_110241-150x150.jpg\" class=\"attachment-thumbnail size-thumbnail\" alt=\"\" aria-describedby=\"gallery-4-2700\" srcset=\"https:\/\/blog.laviny.sk\/wp-content\/uploads\/2016\/01\/20160118_110241-150x150.jpg 150w, https:\/\/blog.laviny.sk\/wp-content\/uploads\/2016\/01\/20160118_110241-50x50.jpg 50w\" sizes=\"auto, (max-width: 150px) 100vw, 150px\" data-attachment-id=\"2700\" data-permalink=\"https:\/\/blog.laviny.sk\/?attachment_id=2700#main\" data-orig-file=\"https:\/\/blog.laviny.sk\/wp-content\/uploads\/2016\/01\/20160118_110241.jpg\" data-orig-size=\"1000,750\" data-comments-opened=\"0\" data-image-meta=\"{&quot;aperture&quot;:&quot;2.2&quot;,&quot;credit&quot;:&quot;&quot;,&quot;camera&quot;:&quot;SM-G388F&quot;,&quot;caption&quot;:&quot;&quot;,&quot;created_timestamp&quot;:&quot;1453114961&quot;,&quot;copyright&quot;:&quot;&quot;,&quot;focal_length&quot;:&quot;3.3000030517578&quot;,&quot;iso&quot;:&quot;50&quot;,&quot;shutter_speed&quot;:&quot;0.00021362956633198&quot;,&quot;title&quot;:&quot;&quot;,&quot;orientation&quot;:&quot;1&quot;}\" data-image-title=\"20160118_110241\" data-image-description=\"\" data-image-caption=\"&lt;p&gt;Snehov\u00e9 podmienky na Smrekovici, Ve\u013ek\u00e1 Fatra, 18. janu\u00e1r 2016&lt;\/p&gt;\n\" data-large-file=\"https:\/\/blog.laviny.sk\/wp-content\/uploads\/2016\/01\/20160118_110241.jpg\" \/><\/a>\n\t\t\t<\/dt>\n\t\t\t\t<dd class='wp-caption-text gallery-caption' id='gallery-4-2700'>\n\t\t\t\tSnehov\u00e9 podmienky na Smrekovici, Ve\u013ek\u00e1 Fatra, 18. janu\u00e1r 2016\n\t\t\t\t<\/dd><\/dl><dl class='gallery-item'>\n\t\t\t<dt class='gallery-icon landscape'>\n\t\t\t\t<a href='https:\/\/blog.laviny.sk\/?attachment_id=2699#main'><img loading=\"lazy\" decoding=\"async\" width=\"150\" height=\"150\" src=\"https:\/\/blog.laviny.sk\/wp-content\/uploads\/2016\/01\/20160118_154154-150x150.jpg\" class=\"attachment-thumbnail size-thumbnail\" alt=\"\" aria-describedby=\"gallery-4-2699\" srcset=\"https:\/\/blog.laviny.sk\/wp-content\/uploads\/2016\/01\/20160118_154154-150x150.jpg 150w, https:\/\/blog.laviny.sk\/wp-content\/uploads\/2016\/01\/20160118_154154-50x50.jpg 50w\" sizes=\"auto, (max-width: 150px) 100vw, 150px\" data-attachment-id=\"2699\" data-permalink=\"https:\/\/blog.laviny.sk\/?attachment_id=2699#main\" data-orig-file=\"https:\/\/blog.laviny.sk\/wp-content\/uploads\/2016\/01\/20160118_154154.jpg\" data-orig-size=\"1000,750\" data-comments-opened=\"0\" data-image-meta=\"{&quot;aperture&quot;:&quot;2.2&quot;,&quot;credit&quot;:&quot;&quot;,&quot;camera&quot;:&quot;SM-G388F&quot;,&quot;caption&quot;:&quot;&quot;,&quot;created_timestamp&quot;:&quot;1453131714&quot;,&quot;copyright&quot;:&quot;&quot;,&quot;focal_length&quot;:&quot;3.3000030517578&quot;,&quot;iso&quot;:&quot;50&quot;,&quot;shutter_speed&quot;:&quot;0.0023041474654378&quot;,&quot;title&quot;:&quot;&quot;,&quot;orientation&quot;:&quot;1&quot;}\" data-image-title=\"20160118_154154\" data-image-description=\"\" data-image-caption=\"&lt;p&gt;Snehov\u00e9 podmienky pod Koniarkami, Ve\u013ek\u00e1 Fatra, 18. janu\u00e1r 2016&lt;\/p&gt;\n\" data-large-file=\"https:\/\/blog.laviny.sk\/wp-content\/uploads\/2016\/01\/20160118_154154.jpg\" \/><\/a>\n\t\t\t<\/dt>\n\t\t\t\t<dd class='wp-caption-text gallery-caption' id='gallery-4-2699'>\n\t\t\t\tSnehov\u00e9 podmienky pod Koniarkami, Ve\u013ek\u00e1 Fatra, 18. janu\u00e1r 2016\n\t\t\t\t<\/dd><\/dl><br style=\"clear: both\" \/><dl class='gallery-item'>\n\t\t\t<dt class='gallery-icon landscape'>\n\t\t\t\t<a href='https:\/\/blog.laviny.sk\/?attachment_id=2698#main'><img loading=\"lazy\" decoding=\"async\" width=\"150\" height=\"150\" src=\"https:\/\/blog.laviny.sk\/wp-content\/uploads\/2016\/01\/20160118_153521-150x150.jpg\" class=\"attachment-thumbnail size-thumbnail\" alt=\"\" aria-describedby=\"gallery-4-2698\" srcset=\"https:\/\/blog.laviny.sk\/wp-content\/uploads\/2016\/01\/20160118_153521-150x150.jpg 150w, https:\/\/blog.laviny.sk\/wp-content\/uploads\/2016\/01\/20160118_153521-50x50.jpg 50w\" sizes=\"auto, (max-width: 150px) 100vw, 150px\" data-attachment-id=\"2698\" data-permalink=\"https:\/\/blog.laviny.sk\/?attachment_id=2698#main\" data-orig-file=\"https:\/\/blog.laviny.sk\/wp-content\/uploads\/2016\/01\/20160118_153521.jpg\" data-orig-size=\"1000,750\" data-comments-opened=\"0\" data-image-meta=\"{&quot;aperture&quot;:&quot;2.2&quot;,&quot;credit&quot;:&quot;&quot;,&quot;camera&quot;:&quot;SM-G388F&quot;,&quot;caption&quot;:&quot;&quot;,&quot;created_timestamp&quot;:&quot;1453131321&quot;,&quot;copyright&quot;:&quot;&quot;,&quot;focal_length&quot;:&quot;3.3000030517578&quot;,&quot;iso&quot;:&quot;50&quot;,&quot;shutter_speed&quot;:&quot;0.0026455026455026&quot;,&quot;title&quot;:&quot;&quot;,&quot;orientation&quot;:&quot;1&quot;}\" data-image-title=\"20160118_153521\" data-image-description=\"\" data-image-caption=\"&lt;p&gt;Snehov\u00e9 podmienky pod Koniarkami, Ve\u013ek\u00e1 Fatra, 18. janu\u00e1r 2016&lt;\/p&gt;\n\" data-large-file=\"https:\/\/blog.laviny.sk\/wp-content\/uploads\/2016\/01\/20160118_153521.jpg\" \/><\/a>\n\t\t\t<\/dt>\n\t\t\t\t<dd class='wp-caption-text gallery-caption' id='gallery-4-2698'>\n\t\t\t\tSnehov\u00e9 podmienky pod Koniarkami, Ve\u013ek\u00e1 Fatra, 18. janu\u00e1r 2016\n\t\t\t\t<\/dd><\/dl><dl class='gallery-item'>\n\t\t\t<dt class='gallery-icon landscape'>\n\t\t\t\t<a href='https:\/\/blog.laviny.sk\/?attachment_id=2697#main'><img loading=\"lazy\" decoding=\"async\" width=\"150\" height=\"150\" src=\"https:\/\/blog.laviny.sk\/wp-content\/uploads\/2016\/01\/imgp3730-150x150.jpg\" class=\"attachment-thumbnail size-thumbnail\" alt=\"\" aria-describedby=\"gallery-4-2697\" srcset=\"https:\/\/blog.laviny.sk\/wp-content\/uploads\/2016\/01\/imgp3730-150x150.jpg 150w, https:\/\/blog.laviny.sk\/wp-content\/uploads\/2016\/01\/imgp3730-50x50.jpg 50w\" sizes=\"auto, (max-width: 150px) 100vw, 150px\" data-attachment-id=\"2697\" data-permalink=\"https:\/\/blog.laviny.sk\/?attachment_id=2697#main\" data-orig-file=\"https:\/\/blog.laviny.sk\/wp-content\/uploads\/2016\/01\/imgp3730.jpg\" data-orig-size=\"1000,750\" data-comments-opened=\"0\" data-image-meta=\"{&quot;aperture&quot;:&quot;6.6&quot;,&quot;credit&quot;:&quot;&quot;,&quot;camera&quot;:&quot;PENTAX Optio WG-2&quot;,&quot;caption&quot;:&quot;&quot;,&quot;created_timestamp&quot;:&quot;1453389078&quot;,&quot;copyright&quot;:&quot;&quot;,&quot;focal_length&quot;:&quot;25&quot;,&quot;iso&quot;:&quot;125&quot;,&quot;shutter_speed&quot;:&quot;0.00125&quot;,&quot;title&quot;:&quot;&quot;,&quot;orientation&quot;:&quot;1&quot;}\" data-image-title=\"IMGP3730\" data-image-description=\"\" data-image-caption=\"&lt;p&gt;M\u00e1lo stabiln\u00e9 preveje v hrebe\u0148ov\u00fdch parti\u00e1ch Ve\u013ekej Fatry, 18. janu\u00e1r 2016&lt;\/p&gt;\n\" data-large-file=\"https:\/\/blog.laviny.sk\/wp-content\/uploads\/2016\/01\/imgp3730.jpg\" \/><\/a>\n\t\t\t<\/dt>\n\t\t\t\t<dd class='wp-caption-text gallery-caption' id='gallery-4-2697'>\n\t\t\t\tM\u00e1lo stabiln\u00e9 preveje v hrebe\u0148ov\u00fdch parti\u00e1ch Ve\u013ekej Fatry, 18. janu\u00e1r 2016\n\t\t\t\t<\/dd><\/dl><dl class='gallery-item'>\n\t\t\t<dt class='gallery-icon landscape'>\n\t\t\t\t<a href='https:\/\/blog.laviny.sk\/?attachment_id=2696#main'><img loading=\"lazy\" decoding=\"async\" width=\"150\" height=\"150\" src=\"https:\/\/blog.laviny.sk\/wp-content\/uploads\/2016\/01\/lavina-zvolen-nakres-150x150.jpg\" class=\"attachment-thumbnail size-thumbnail\" alt=\"\" aria-describedby=\"gallery-4-2696\" srcset=\"https:\/\/blog.laviny.sk\/wp-content\/uploads\/2016\/01\/lavina-zvolen-nakres-150x150.jpg 150w, https:\/\/blog.laviny.sk\/wp-content\/uploads\/2016\/01\/lavina-zvolen-nakres-50x50.jpg 50w\" sizes=\"auto, (max-width: 150px) 100vw, 150px\" data-attachment-id=\"2696\" data-permalink=\"https:\/\/blog.laviny.sk\/?attachment_id=2696#main\" data-orig-file=\"https:\/\/blog.laviny.sk\/wp-content\/uploads\/2016\/01\/lavina-zvolen-nakres.jpg\" data-orig-size=\"1000,750\" data-comments-opened=\"0\" data-image-meta=\"{&quot;aperture&quot;:&quot;0&quot;,&quot;credit&quot;:&quot;&quot;,&quot;camera&quot;:&quot;&quot;,&quot;caption&quot;:&quot;&quot;,&quot;created_timestamp&quot;:&quot;0&quot;,&quot;copyright&quot;:&quot;&quot;,&quot;focal_length&quot;:&quot;0&quot;,&quot;iso&quot;:&quot;0&quot;,&quot;shutter_speed&quot;:&quot;0&quot;,&quot;title&quot;:&quot;&quot;,&quot;orientation&quot;:&quot;0&quot;}\" data-image-title=\"lavina Zvolen nakres\" data-image-description=\"\" data-image-caption=\"&lt;p&gt;Mal\u00e1 doskov\u00e1 kav\u00edna na ju\u017enom svahu Zvolena nad Donovalmi sa uvo\u013enila po tom, ako pod prevej naly\u017eoval skialpinista, Ve\u013ek\u00e1 Fatra, 18. janu\u00e1r 2016&lt;\/p&gt;\n\" data-large-file=\"https:\/\/blog.laviny.sk\/wp-content\/uploads\/2016\/01\/lavina-zvolen-nakres.jpg\" \/><\/a>\n\t\t\t<\/dt>\n\t\t\t\t<dd class='wp-caption-text gallery-caption' id='gallery-4-2696'>\n\t\t\t\tMal\u00e1 doskov\u00e1 kav\u00edna na ju\u017enom svahu Zvolena nad Donovalmi sa uvo\u013enila po tom, ako pod prevej naly\u017eoval skialpinista, Ve\u013ek\u00e1 Fatra, 18. janu\u00e1r 2016\n\t\t\t\t<\/dd><\/dl><br style=\"clear: both\" \/><dl class='gallery-item'>\n\t\t\t<dt class='gallery-icon landscape'>\n\t\t\t\t<a href='https:\/\/blog.laviny.sk\/?attachment_id=2692#main'><img loading=\"lazy\" decoding=\"async\" width=\"150\" height=\"150\" src=\"https:\/\/blog.laviny.sk\/wp-content\/uploads\/2016\/01\/20160118_111342-150x150.jpg\" class=\"attachment-thumbnail size-thumbnail\" alt=\"\" aria-describedby=\"gallery-4-2692\" srcset=\"https:\/\/blog.laviny.sk\/wp-content\/uploads\/2016\/01\/20160118_111342-150x150.jpg 150w, https:\/\/blog.laviny.sk\/wp-content\/uploads\/2016\/01\/20160118_111342-50x50.jpg 50w\" sizes=\"auto, (max-width: 150px) 100vw, 150px\" data-attachment-id=\"2692\" data-permalink=\"https:\/\/blog.laviny.sk\/?attachment_id=2692#main\" data-orig-file=\"https:\/\/blog.laviny.sk\/wp-content\/uploads\/2016\/01\/20160118_111342.jpg\" data-orig-size=\"1000,562\" data-comments-opened=\"0\" data-image-meta=\"{&quot;aperture&quot;:&quot;2.4&quot;,&quot;credit&quot;:&quot;&quot;,&quot;camera&quot;:&quot;LG-D620&quot;,&quot;caption&quot;:&quot;&quot;,&quot;created_timestamp&quot;:&quot;1453115622&quot;,&quot;copyright&quot;:&quot;&quot;,&quot;focal_length&quot;:&quot;3.97&quot;,&quot;iso&quot;:&quot;100&quot;,&quot;shutter_speed&quot;:&quot;0.00018001800180018&quot;,&quot;title&quot;:&quot;&quot;,&quot;orientation&quot;:&quot;1&quot;}\" data-image-title=\"20160118_111342\" data-image-description=\"\" data-image-caption=\"&lt;p&gt;AMS na Smrekovici obalen\u00e1 n\u00e1mrazou, Ve\u013ek\u00e1 Fatra, 18. janu\u00e1r 2016&lt;\/p&gt;\n\" data-large-file=\"https:\/\/blog.laviny.sk\/wp-content\/uploads\/2016\/01\/20160118_111342.jpg\" \/><\/a>\n\t\t\t<\/dt>\n\t\t\t\t<dd class='wp-caption-text gallery-caption' id='gallery-4-2692'>\n\t\t\t\tAMS na Smrekovici obalen\u00e1 n\u00e1mrazou, Ve\u013ek\u00e1 Fatra, 18. janu\u00e1r 2016\n\t\t\t\t<\/dd><\/dl><dl class='gallery-item'>\n\t\t\t<dt class='gallery-icon landscape'>\n\t\t\t\t<a href='https:\/\/blog.laviny.sk\/?attachment_id=2690#main'><img loading=\"lazy\" decoding=\"async\" width=\"150\" height=\"150\" src=\"https:\/\/blog.laviny.sk\/wp-content\/uploads\/2016\/01\/20160118_155000-150x150.jpg\" class=\"attachment-thumbnail size-thumbnail\" alt=\"\" aria-describedby=\"gallery-4-2690\" srcset=\"https:\/\/blog.laviny.sk\/wp-content\/uploads\/2016\/01\/20160118_155000-150x150.jpg 150w, https:\/\/blog.laviny.sk\/wp-content\/uploads\/2016\/01\/20160118_155000-50x50.jpg 50w\" sizes=\"auto, (max-width: 150px) 100vw, 150px\" data-attachment-id=\"2690\" data-permalink=\"https:\/\/blog.laviny.sk\/?attachment_id=2690#main\" data-orig-file=\"https:\/\/blog.laviny.sk\/wp-content\/uploads\/2016\/01\/20160118_155000.jpg\" data-orig-size=\"1000,527\" data-comments-opened=\"0\" data-image-meta=\"{&quot;aperture&quot;:&quot;2.2&quot;,&quot;credit&quot;:&quot;&quot;,&quot;camera&quot;:&quot;SM-G388F&quot;,&quot;caption&quot;:&quot;&quot;,&quot;created_timestamp&quot;:&quot;1453132200&quot;,&quot;copyright&quot;:&quot;&quot;,&quot;focal_length&quot;:&quot;3.3000030517578&quot;,&quot;iso&quot;:&quot;50&quot;,&quot;shutter_speed&quot;:&quot;0.0027027027027027&quot;,&quot;title&quot;:&quot;&quot;,&quot;orientation&quot;:&quot;1&quot;}\" data-image-title=\"20160118_155000\" data-image-description=\"\" data-image-caption=\"&lt;p&gt;Snehov\u00e9 podmienky na Bori\u0161ove, Ve\u013ek\u00e1 Fatra, 18. janu\u00e1r 2016&lt;\/p&gt;\n\" data-large-file=\"https:\/\/blog.laviny.sk\/wp-content\/uploads\/2016\/01\/20160118_155000.jpg\" \/><\/a>\n\t\t\t<\/dt>\n\t\t\t\t<dd class='wp-caption-text gallery-caption' id='gallery-4-2690'>\n\t\t\t\tSnehov\u00e9 podmienky na Bori\u0161ove, Ve\u013ek\u00e1 Fatra, 18. janu\u00e1r 2016\n\t\t\t\t<\/dd><\/dl><dl class='gallery-item'>\n\t\t\t<dt class='gallery-icon landscape'>\n\t\t\t\t<a href='https:\/\/blog.laviny.sk\/?attachment_id=2687#main'><img loading=\"lazy\" decoding=\"async\" width=\"150\" height=\"150\" src=\"https:\/\/blog.laviny.sk\/wp-content\/uploads\/2016\/01\/20160118_161218-150x150.jpg\" class=\"attachment-thumbnail size-thumbnail\" alt=\"\" aria-describedby=\"gallery-4-2687\" srcset=\"https:\/\/blog.laviny.sk\/wp-content\/uploads\/2016\/01\/20160118_161218-150x150.jpg 150w, https:\/\/blog.laviny.sk\/wp-content\/uploads\/2016\/01\/20160118_161218-50x50.jpg 50w\" sizes=\"auto, (max-width: 150px) 100vw, 150px\" data-attachment-id=\"2687\" data-permalink=\"https:\/\/blog.laviny.sk\/?attachment_id=2687#main\" data-orig-file=\"https:\/\/blog.laviny.sk\/wp-content\/uploads\/2016\/01\/20160118_161218.jpg\" data-orig-size=\"1000,562\" data-comments-opened=\"0\" data-image-meta=\"{&quot;aperture&quot;:&quot;2.4&quot;,&quot;credit&quot;:&quot;&quot;,&quot;camera&quot;:&quot;LG-D620&quot;,&quot;caption&quot;:&quot;&quot;,&quot;created_timestamp&quot;:&quot;1453133538&quot;,&quot;copyright&quot;:&quot;&quot;,&quot;focal_length&quot;:&quot;3.97&quot;,&quot;iso&quot;:&quot;100&quot;,&quot;shutter_speed&quot;:&quot;0.0080645161290323&quot;,&quot;title&quot;:&quot;&quot;,&quot;orientation&quot;:&quot;1&quot;}\" data-image-title=\"20160118_161218\" data-image-description=\"\" data-image-caption=\"&lt;p&gt;AMS na Koniarkach, Ve\u013ek\u00e1 Fatra, 18. janu\u00e1r 2016&lt;\/p&gt;\n\" data-large-file=\"https:\/\/blog.laviny.sk\/wp-content\/uploads\/2016\/01\/20160118_161218.jpg\" \/><\/a>\n\t\t\t<\/dt>\n\t\t\t\t<dd class='wp-caption-text gallery-caption' id='gallery-4-2687'>\n\t\t\t\tAMS na Koniarkach, Ve\u013ek\u00e1 Fatra, 18. janu\u00e1r 2016\n\t\t\t\t<\/dd><\/dl><br style=\"clear: both\" \/><dl class='gallery-item'>\n\t\t\t<dt class='gallery-icon landscape'>\n\t\t\t\t<a href='https:\/\/blog.laviny.sk\/?attachment_id=2686#main'><img loading=\"lazy\" decoding=\"async\" width=\"150\" height=\"150\" src=\"https:\/\/blog.laviny.sk\/wp-content\/uploads\/2016\/01\/20160119_124921-150x150.jpg\" class=\"attachment-thumbnail size-thumbnail\" alt=\"\" aria-describedby=\"gallery-4-2686\" srcset=\"https:\/\/blog.laviny.sk\/wp-content\/uploads\/2016\/01\/20160119_124921-150x150.jpg 150w, https:\/\/blog.laviny.sk\/wp-content\/uploads\/2016\/01\/20160119_124921-50x50.jpg 50w\" sizes=\"auto, (max-width: 150px) 100vw, 150px\" data-attachment-id=\"2686\" data-permalink=\"https:\/\/blog.laviny.sk\/?attachment_id=2686#main\" data-orig-file=\"https:\/\/blog.laviny.sk\/wp-content\/uploads\/2016\/01\/20160119_124921.jpg\" data-orig-size=\"1000,750\" data-comments-opened=\"0\" data-image-meta=\"{&quot;aperture&quot;:&quot;2.7&quot;,&quot;credit&quot;:&quot;&quot;,&quot;camera&quot;:&quot;GT-S7710&quot;,&quot;caption&quot;:&quot;&quot;,&quot;created_timestamp&quot;:&quot;1453207760&quot;,&quot;copyright&quot;:&quot;&quot;,&quot;focal_length&quot;:&quot;3.43&quot;,&quot;iso&quot;:&quot;50&quot;,&quot;shutter_speed&quot;:&quot;0.000573&quot;,&quot;title&quot;:&quot;&quot;,&quot;orientation&quot;:&quot;1&quot;}\" data-image-title=\"20160119_124921\" data-image-description=\"\" data-image-caption=\"&lt;p&gt;Mal\u00e1 doskov\u00e1 kav\u00edna na ju\u017enom svahu Zvolena nad Donovalmi sa uvo\u013enila po tom, ako pod prevej naly\u017eoval skialpinista, Ve\u013ek\u00e1 Fatra, 18. janu\u00e1r 2016&lt;\/p&gt;\n\" data-large-file=\"https:\/\/blog.laviny.sk\/wp-content\/uploads\/2016\/01\/20160119_124921.jpg\" \/><\/a>\n\t\t\t<\/dt>\n\t\t\t\t<dd class='wp-caption-text gallery-caption' id='gallery-4-2686'>\n\t\t\t\tMal\u00e1 doskov\u00e1 kav\u00edna na ju\u017enom svahu Zvolena nad Donovalmi sa uvo\u013enila po tom, ako pod prevej naly\u017eoval skialpinista, Ve\u013ek\u00e1 Fatra, 18. janu\u00e1r 2016\n\t\t\t\t<\/dd><\/dl>\n\t\t\t<br style='clear: both' \/>\n\t\t<\/div>\n\n<p style=\"text-align: justify;\"><strong>Vyhliadka na v\u00edkend:<\/strong><\/p>\n<p style=\"text-align: justify;\">V sobotu by e\u0161te malo prevl\u00e1da\u0165 jasn\u00e9 a\u017e polojasn\u00e9 po\u010dasie. Od z\u00e1padu v\u0161ak bude obla\u010dnos\u0165 postupne prib\u00fada\u0165 a v nede\u013eu u\u017e o\u010dak\u00e1vame obla\u010dn\u00e9 a\u017e zamra\u010den\u00e9 po\u010dasie, na viacer\u00fdch miestach spojen\u00e9 aj so sne\u017een\u00edm. Siln\u00e9 mrazy by mali kone\u010dne povoli\u0165 a s pr\u00edchodom frontu by sa malo otepli\u0165. Teplota vzduchu vo vy\u0161\u0161\u00edch poloh\u00e1ch by v\u0161ak na\u010falej nemala st\u00fapnu\u0165 nad -10\u00b0C.<\/p>\n","protected":false},"excerpt":{"rendered":"<p>Uplynul\u00fd t\u00fd\u017ede\u0148 sa niesol v naozaj mraziv\u00fdch teplot\u00e1ch. Druh\u00fd vp\u00e1d studen\u00e9ho\u00a0arktick\u00e9ho vzduchu t\u00fato zimu navy\u0161e priniesol aj slab\u00e9 snehov\u00e9 zr\u00e1\u017eky. Tie sp\u00f4sobili \u010fal\u0161ie ochladenie, \u010do malo za n\u00e1sledok \u017ee vo \u0161tvrtok r\u00e1no (21. janu\u00e1ra, 6:20 hod.) sme zaznamenali minim\u00e1lnu tohtoro\u010dn\u00fa teplotu na Lomnickom \u0161t\u00edte: -22.5\u00b0C. Po\u010das t\u00fd\u017ed\u0148a prevl\u00e1dalo vo vysok\u00fdch poloh\u00e1ch Tatier preva\u017ene jasn\u00e9, slne\u010dn\u00e9&hellip;<\/p>\n","protected":false},"author":1,"featured_media":2693,"comment_status":"closed","ping_status":"closed","sticky":false,"template":"","format":"standard","meta":{"jetpack_post_was_ever_published":false,"_jetpack_newsletter_access":"","_jetpack_dont_email_post_to_subs":false,"_jetpack_newsletter_tier_id":0,"_jetpack_memberships_contains_paywalled_content":false,"_jetpack_memberships_contains_paid_content":false,"footnotes":"","jetpack_publicize_message":"","jetpack_publicize_feature_enabled":true,"jetpack_social_post_already_shared":false,"jetpack_social_options":{"image_generator_settings":{"template":"highway","default_image_id":0,"font":"","enabled":false},"version":2}},"categories":[4],"tags":[79,123,154,157,197,202,214],"class_list":["post-2681","post","type-post","status-publish","format-standard","has-post-thumbnail","hentry","category-pocasie-sneh-a-laviny","tag-laviny","tag-pocasie","tag-sneh","tag-snezenie","tag-vysoke-tatry","tag-zapadne-tatry","tag-ziarska-dolina"],"jetpack_publicize_connections":[],"jetpack_featured_media_url":"https:\/\/blog.laviny.sk\/wp-content\/uploads\/2016\/01\/image-118d6b1d57715fd4d8b4819fc014d937b8d7c8114e48063e0f90e80c62fc9921-v.jpg","jetpack_sharing_enabled":true,"jetpack_shortlink":"https:\/\/wp.me\/p8DxWh-Hf","jetpack-related-posts":[],"_links":{"self":[{"href":"https:\/\/blog.laviny.sk\/index.php?rest_route=\/wp\/v2\/posts\/2681","targetHints":{"allow":["GET"]}}],"collection":[{"href":"https:\/\/blog.laviny.sk\/index.php?rest_route=\/wp\/v2\/posts"}],"about":[{"href":"https:\/\/blog.laviny.sk\/index.php?rest_route=\/wp\/v2\/types\/post"}],"author":[{"embeddable":true,"href":"https:\/\/blog.laviny.sk\/index.php?rest_route=\/wp\/v2\/users\/1"}],"replies":[{"embeddable":true,"href":"https:\/\/blog.laviny.sk\/index.php?rest_route=%2Fwp%2Fv2%2Fcomments&post=2681"}],"version-history":[{"count":1,"href":"https:\/\/blog.laviny.sk\/index.php?rest_route=\/wp\/v2\/posts\/2681\/revisions"}],"predecessor-version":[{"id":5022,"href":"https:\/\/blog.laviny.sk\/index.php?rest_route=\/wp\/v2\/posts\/2681\/revisions\/5022"}],"wp:featuredmedia":[{"embeddable":true,"href":"https:\/\/blog.laviny.sk\/index.php?rest_route=\/wp\/v2\/media\/2693"}],"wp:attachment":[{"href":"https:\/\/blog.laviny.sk\/index.php?rest_route=%2Fwp%2Fv2%2Fmedia&parent=2681"}],"wp:term":[{"taxonomy":"category","embeddable":true,"href":"https:\/\/blog.laviny.sk\/index.php?rest_route=%2Fwp%2Fv2%2Fcategories&post=2681"},{"taxonomy":"post_tag","embeddable":true,"href":"https:\/\/blog.laviny.sk\/index.php?rest_route=%2Fwp%2Fv2%2Ftags&post=2681"}],"curies":[{"name":"wp","href":"https:\/\/api.w.org\/{rel}","templated":true}]}}