{"id":1676,"date":"2015-04-03T14:24:38","date_gmt":"2015-04-03T13:24:38","guid":{"rendered":"https:\/\/slphzs.wordpress.com\/?p=1676"},"modified":"2017-04-19T14:05:13","modified_gmt":"2017-04-19T12:05:13","slug":"priebeh-pocasia-a-vyvoj-snehovej-pokryvky-od-28-marca-do-3-aprila-2015","status":"publish","type":"post","link":"https:\/\/blog.laviny.sk\/?p=1676","title":{"rendered":"Zv\u00fd\u0161en\u00e9 lav\u00ednov\u00e9 nebezpe\u010denstvo na hor\u00e1ch a priebeh po\u010dasia od 28. marca do 3. apr\u00edla 2015"},"content":{"rendered":"<h3><strong>N\u00e1vrat zimy do slovensk\u00fdch h\u00f4r<\/strong><\/h3>\n<p style=\"text-align: justify;\">Uplynul\u00fd t\u00fd\u017ede\u0148 sa niesol v znamen\u00ed razantn\u00e9ho n\u00e1vratu zimy do na\u0161ich h\u00f4r. A dokonca nie len do h\u00f4r. Aj \u00a0v ni\u017e\u0161\u00edch nadmorsk\u00fdch v\u00fd\u0161kach sa rap\u00eddne ochladilo a siln\u00fd front zo severoz\u00e1padu priniesol intenz\u00edvne sne\u017eenie. Po\u010das v\u00edkendu (28. &#8211; 29. marec 2015) prevl\u00e1dalo na hor\u00e1ch e\u0161te relat\u00edvne pekn\u00e9 jarn\u00e9 po\u010dasie s minim\u00e1lnymi no\u010dn\u00fdmi teplotami na \u00farovni -8\u00b0C. U\u017e v pondelok v\u0161ak za\u010dal na\u0161e \u00fazemie ovplyv\u0148ova\u0165 menej v\u00fdrazn\u00fd front, ktor\u00fd sa v ni\u017e\u0161\u00edch poloh\u00e1ch prejavil iba mrholen\u00edm, pr\u00edpadne da\u017e\u010fom, av\u0161ak vo vy\u0161\u0161\u00edch poloh\u00e1ch prech\u00e1dzal tento d\u00e1\u017e\u010f do slab\u00e9ho sne\u017eenia. V utorok r\u00e1no sme zaznamenali v priemere do 5 cm nov\u00e9ho snehu. Prechodne sa aj vyjasnilo, ale u\u017e v popolud\u0148aj\u0161\u00edch hodin\u00e1ch sa za\u010dalo prejavova\u0165 intenz\u00edvne severoz\u00e1padn\u00e9 pr\u00fadenie. V\u00fdrazne sa ochladilo a na hor\u00e1ch za\u010dalo intenz\u00edvne sne\u017ei\u0165. Do toho za\u010dal f\u00faka\u0165 mimoriadne siln\u00fd vietor z\u00e1padn\u00fdch a\u017e severoz\u00e1padn\u00fdch smerov. Najv\u00e4\u010d\u0161ie n\u00e1razy sme zaznamenali v utorok popoludn\u00ed a ve\u010der. Na Chopku dosiahol maxim\u00e1lny n\u00e1raz vetra silu <strong>34 m\/s<\/strong> (122 km\/hod) a na Lomnickom \u0161t\u00edte dokonca a\u017e <strong>42 m\/s<\/strong> (151 km\/hod). V stredu r\u00e1no sme zaznamenali 10 a\u017e 25 cm nov\u00e9ho snehu. Siln\u00fd vietor v\u0161ak v\u00e4\u010d\u0161inu tohto snehu pref\u00fakal na z\u00e1vetern\u00e9 svahy \u00a0a do ni\u017e\u0161\u00edch pol\u00f4h. Vo Vysok\u00fdch, Z\u00e1padn\u00fdch a N\u00edzkych Tatr\u00e1ch sa pribli\u017ene od nadmorskej v\u00fd\u0161ky 1600 m vytvorili podmienky na zv\u00fd\u0161en\u00e9 lav\u00ednov\u00e9 nebezpe\u010denstvo (3. stupe\u0148). Sne\u017ei\u0165 neprest\u00e1valo ani po\u010das d\u0148a a do \u0161tvrtkov\u00e9ho r\u00e1na sme zaznamenali \u010fal\u0161\u00edch 5 a\u017e 20 cm nov\u00e9ho snehu. Zv\u00fd\u0161en\u00e9 lav\u00ednov\u00e9 nebezpe\u010denstvo sa tak vytvorilo u\u017e aj vo Ve\u013ekej Fatre, pribli\u017ene od nadmorskej v\u00fd\u0161ky 1200 m n. m.<\/p>\n\n\t\t<style type=\"text\/css\">\n\t\t\t#gallery-1 {\n\t\t\t\tmargin: auto;\n\t\t\t}\n\t\t\t#gallery-1 .gallery-item {\n\t\t\t\tfloat: left;\n\t\t\t\tmargin-top: 10px;\n\t\t\t\ttext-align: center;\n\t\t\t\twidth: 33%;\n\t\t\t}\n\t\t\t#gallery-1 img {\n\t\t\t\tborder: 2px solid #cfcfcf;\n\t\t\t}\n\t\t\t#gallery-1 .gallery-caption {\n\t\t\t\tmargin-left: 0;\n\t\t\t}\n\t\t\t\/* see gallery_shortcode() in wp-includes\/media.php *\/\n\t\t<\/style>\n\t\t<div data-carousel-extra='{&quot;blog_id&quot;:1,&quot;permalink&quot;:&quot;https:\/\/blog.laviny.sk\/?p=1676&quot;}' id='gallery-1' class='gallery galleryid-1676 gallery-columns-3 gallery-size-large'><dl class='gallery-item'>\n\t\t\t<dt class='gallery-icon landscape'>\n\t\t\t\t<a href='https:\/\/blog.laviny.sk\/?attachment_id=1689#main'><img loading=\"lazy\" decoding=\"async\" width=\"700\" height=\"525\" src=\"https:\/\/blog.laviny.sk\/wp-content\/uploads\/2015\/04\/20150329_0920051.jpg\" class=\"attachment-large size-large\" alt=\"\" srcset=\"https:\/\/blog.laviny.sk\/wp-content\/uploads\/2015\/04\/20150329_0920051.jpg 1000w, https:\/\/blog.laviny.sk\/wp-content\/uploads\/2015\/04\/20150329_0920051-300x225.jpg 300w, https:\/\/blog.laviny.sk\/wp-content\/uploads\/2015\/04\/20150329_0920051-768x576.jpg 768w\" sizes=\"auto, (max-width: 700px) 100vw, 700px\" data-attachment-id=\"1689\" data-permalink=\"https:\/\/blog.laviny.sk\/?attachment_id=1689#main\" data-orig-file=\"https:\/\/blog.laviny.sk\/wp-content\/uploads\/2015\/04\/20150329_0920051.jpg\" data-orig-size=\"1000,750\" data-comments-opened=\"0\" data-image-meta=\"{&quot;aperture&quot;:&quot;2.7&quot;,&quot;credit&quot;:&quot;&quot;,&quot;camera&quot;:&quot;GT-S7710&quot;,&quot;caption&quot;:&quot;&quot;,&quot;created_timestamp&quot;:&quot;1427620805&quot;,&quot;copyright&quot;:&quot;&quot;,&quot;focal_length&quot;:&quot;3.43&quot;,&quot;iso&quot;:&quot;50&quot;,&quot;shutter_speed&quot;:&quot;0.001412&quot;,&quot;title&quot;:&quot;&quot;,&quot;orientation&quot;:&quot;1&quot;}\" data-image-title=\"Na severn\u00fdch svahoch sa vo vysokohorskom ter\u00e9ne st\u00e1le nach\u00e1dza nepreroben\u00fd sneh a v snehovej pokr\u00fdvke sa nach\u00e1dzaj\u00fa m\u00e1lo stabiln\u00e9 druhy snehu (v tomto pr\u00edpade v\u00fdrazn\u00e1 vrstva snehov\u00fdch kr\u00fapok), Vysok\u00e9 Tatry, 29. marec 2015\" data-image-description=\"&lt;p&gt;Na severn\u00fdch svahoch sa vo vysokohorskom ter\u00e9ne st\u00e1le nach\u00e1dza nepreroben\u00fd sneh a v snehovej pokr\u00fdvke sa nach\u00e1dzaj\u00fa m\u00e1lo stabiln\u00e9 druhy snehu (v tomto pr\u00edpade v\u00fdrazn\u00e1 vrstva snehov\u00fdch kr\u00fapok), Vysok\u00e9 Tatry, 29. marec 2015&lt;\/p&gt;\n\" data-image-caption=\"\" data-large-file=\"https:\/\/blog.laviny.sk\/wp-content\/uploads\/2015\/04\/20150329_0920051.jpg\" \/><\/a>\n\t\t\t<\/dt><\/dl><dl class='gallery-item'>\n\t\t\t<dt class='gallery-icon landscape'>\n\t\t\t\t<a href='https:\/\/blog.laviny.sk\/?attachment_id=1690#main'><img loading=\"lazy\" decoding=\"async\" width=\"700\" height=\"525\" src=\"https:\/\/blog.laviny.sk\/wp-content\/uploads\/2015\/04\/20150329_0920141.jpg\" class=\"attachment-large size-large\" alt=\"\" srcset=\"https:\/\/blog.laviny.sk\/wp-content\/uploads\/2015\/04\/20150329_0920141.jpg 1000w, https:\/\/blog.laviny.sk\/wp-content\/uploads\/2015\/04\/20150329_0920141-300x225.jpg 300w, https:\/\/blog.laviny.sk\/wp-content\/uploads\/2015\/04\/20150329_0920141-768x576.jpg 768w\" sizes=\"auto, (max-width: 700px) 100vw, 700px\" data-attachment-id=\"1690\" data-permalink=\"https:\/\/blog.laviny.sk\/?attachment_id=1690#main\" data-orig-file=\"https:\/\/blog.laviny.sk\/wp-content\/uploads\/2015\/04\/20150329_0920141.jpg\" data-orig-size=\"1000,750\" data-comments-opened=\"0\" data-image-meta=\"{&quot;aperture&quot;:&quot;2.7&quot;,&quot;credit&quot;:&quot;&quot;,&quot;camera&quot;:&quot;GT-S7710&quot;,&quot;caption&quot;:&quot;&quot;,&quot;created_timestamp&quot;:&quot;1427620814&quot;,&quot;copyright&quot;:&quot;&quot;,&quot;focal_length&quot;:&quot;3.43&quot;,&quot;iso&quot;:&quot;50&quot;,&quot;shutter_speed&quot;:&quot;0.002061&quot;,&quot;title&quot;:&quot;&quot;,&quot;orientation&quot;:&quot;1&quot;}\" data-image-title=\"Na severn\u00fdch svahoch sa vo vysokohorskom ter\u00e9ne st\u00e1le nach\u00e1dza nepreroben\u00fd sneh a v snehovej pokr\u00fdvke sa nach\u00e1dzaj\u00fa m\u00e1lo stabiln\u00e9 druhy snehu (v tomto pr\u00edpade v\u00fdrazn\u00e1 vrstva snehov\u00fdch kr\u00fapok), Vysok\u00e9 Tatry, 29. marec 2015\" data-image-description=\"&lt;p&gt;Na severn\u00fdch svahoch sa vo vysokohorskom ter\u00e9ne st\u00e1le nach\u00e1dza nepreroben\u00fd sneh a v snehovej pokr\u00fdvke sa nach\u00e1dzaj\u00fa m\u00e1lo stabiln\u00e9 druhy snehu (v tomto pr\u00edpade v\u00fdrazn\u00e1 vrstva snehov\u00fdch kr\u00fapok), Vysok\u00e9 Tatry, 29. marec 2015&lt;\/p&gt;\n\" data-image-caption=\"\" data-large-file=\"https:\/\/blog.laviny.sk\/wp-content\/uploads\/2015\/04\/20150329_0920141.jpg\" \/><\/a>\n\t\t\t<\/dt><\/dl><dl class='gallery-item'>\n\t\t\t<dt class='gallery-icon landscape'>\n\t\t\t\t<a href='https:\/\/blog.laviny.sk\/?attachment_id=1692#main'><img loading=\"lazy\" decoding=\"async\" width=\"700\" height=\"463\" src=\"https:\/\/blog.laviny.sk\/wp-content\/uploads\/2015\/04\/imgp65771.jpg\" class=\"attachment-large size-large\" alt=\"\" srcset=\"https:\/\/blog.laviny.sk\/wp-content\/uploads\/2015\/04\/imgp65771.jpg 1000w, https:\/\/blog.laviny.sk\/wp-content\/uploads\/2015\/04\/imgp65771-300x199.jpg 300w, https:\/\/blog.laviny.sk\/wp-content\/uploads\/2015\/04\/imgp65771-768x508.jpg 768w\" sizes=\"auto, (max-width: 700px) 100vw, 700px\" data-attachment-id=\"1692\" data-permalink=\"https:\/\/blog.laviny.sk\/?attachment_id=1692#main\" data-orig-file=\"https:\/\/blog.laviny.sk\/wp-content\/uploads\/2015\/04\/imgp65771.jpg\" data-orig-size=\"1000,662\" data-comments-opened=\"0\" data-image-meta=\"{&quot;aperture&quot;:&quot;8&quot;,&quot;credit&quot;:&quot;&quot;,&quot;camera&quot;:&quot;PENTAX K-5 II&quot;,&quot;caption&quot;:&quot;&quot;,&quot;created_timestamp&quot;:&quot;1427977089&quot;,&quot;copyright&quot;:&quot;&quot;,&quot;focal_length&quot;:&quot;18&quot;,&quot;iso&quot;:&quot;200&quot;,&quot;shutter_speed&quot;:&quot;0.002&quot;,&quot;title&quot;:&quot;&quot;,&quot;orientation&quot;:&quot;1&quot;}\" data-image-title=\"Nov\u00fd sneh v okol\u00ed \u017diarskej chaty, 2. apr\u00edl 2015\" data-image-description=\"&lt;p&gt;Nov\u00fd sneh v okol\u00ed \u017diarskej chaty, 2. apr\u00edl 2015&lt;\/p&gt;\n\" data-image-caption=\"\" data-large-file=\"https:\/\/blog.laviny.sk\/wp-content\/uploads\/2015\/04\/imgp65771.jpg\" \/><\/a>\n\t\t\t<\/dt><\/dl><br style=\"clear: both\" \/><dl class='gallery-item'>\n\t\t\t<dt class='gallery-icon landscape'>\n\t\t\t\t<a href='https:\/\/blog.laviny.sk\/?attachment_id=1693#main'><img loading=\"lazy\" decoding=\"async\" width=\"700\" height=\"463\" src=\"https:\/\/blog.laviny.sk\/wp-content\/uploads\/2015\/04\/imgp65791.jpg\" class=\"attachment-large size-large\" alt=\"\" srcset=\"https:\/\/blog.laviny.sk\/wp-content\/uploads\/2015\/04\/imgp65791.jpg 1000w, https:\/\/blog.laviny.sk\/wp-content\/uploads\/2015\/04\/imgp65791-300x199.jpg 300w, https:\/\/blog.laviny.sk\/wp-content\/uploads\/2015\/04\/imgp65791-768x508.jpg 768w\" sizes=\"auto, (max-width: 700px) 100vw, 700px\" data-attachment-id=\"1693\" data-permalink=\"https:\/\/blog.laviny.sk\/?attachment_id=1693#main\" data-orig-file=\"https:\/\/blog.laviny.sk\/wp-content\/uploads\/2015\/04\/imgp65791.jpg\" data-orig-size=\"1000,662\" data-comments-opened=\"0\" data-image-meta=\"{&quot;aperture&quot;:&quot;8&quot;,&quot;credit&quot;:&quot;&quot;,&quot;camera&quot;:&quot;PENTAX K-5 II&quot;,&quot;caption&quot;:&quot;&quot;,&quot;created_timestamp&quot;:&quot;1427977098&quot;,&quot;copyright&quot;:&quot;&quot;,&quot;focal_length&quot;:&quot;18&quot;,&quot;iso&quot;:&quot;200&quot;,&quot;shutter_speed&quot;:&quot;0.002&quot;,&quot;title&quot;:&quot;&quot;,&quot;orientation&quot;:&quot;1&quot;}\" data-image-title=\"Nov\u00fd sneh na ceste v \u017diarskej doline vytv\u00e1ral miestami hlbok\u00e9 z\u00e1veje, 2. apr\u00edl 2015\" data-image-description=\"&lt;p&gt;Nov\u00fd sneh na ceste v \u017diarskej doline vytv\u00e1ral miestami hlbok\u00e9 z\u00e1veje, 2. apr\u00edl 2015&lt;\/p&gt;\n\" data-image-caption=\"\" data-large-file=\"https:\/\/blog.laviny.sk\/wp-content\/uploads\/2015\/04\/imgp65791.jpg\" \/><\/a>\n\t\t\t<\/dt><\/dl><dl class='gallery-item'>\n\t\t\t<dt class='gallery-icon landscape'>\n\t\t\t\t<a href='https:\/\/blog.laviny.sk\/?attachment_id=1694#main'><img loading=\"lazy\" decoding=\"async\" width=\"700\" height=\"463\" src=\"https:\/\/blog.laviny.sk\/wp-content\/uploads\/2015\/04\/imgp65861.jpg\" class=\"attachment-large size-large\" alt=\"\" srcset=\"https:\/\/blog.laviny.sk\/wp-content\/uploads\/2015\/04\/imgp65861.jpg 1000w, https:\/\/blog.laviny.sk\/wp-content\/uploads\/2015\/04\/imgp65861-300x199.jpg 300w, https:\/\/blog.laviny.sk\/wp-content\/uploads\/2015\/04\/imgp65861-768x508.jpg 768w\" sizes=\"auto, (max-width: 700px) 100vw, 700px\" data-attachment-id=\"1694\" data-permalink=\"https:\/\/blog.laviny.sk\/?attachment_id=1694#main\" data-orig-file=\"https:\/\/blog.laviny.sk\/wp-content\/uploads\/2015\/04\/imgp65861.jpg\" data-orig-size=\"1000,662\" data-comments-opened=\"0\" data-image-meta=\"{&quot;aperture&quot;:&quot;10&quot;,&quot;credit&quot;:&quot;&quot;,&quot;camera&quot;:&quot;PENTAX K-5 II&quot;,&quot;caption&quot;:&quot;&quot;,&quot;created_timestamp&quot;:&quot;1427977171&quot;,&quot;copyright&quot;:&quot;&quot;,&quot;focal_length&quot;:&quot;36&quot;,&quot;iso&quot;:&quot;200&quot;,&quot;shutter_speed&quot;:&quot;0.002&quot;,&quot;title&quot;:&quot;&quot;,&quot;orientation&quot;:&quot;1&quot;}\" data-image-title=\"Svahy Pr\u00edslopu sa op\u00e4\u0165 zabeleli, \u017diarska dolina, 2. apr\u00edl 2015\" data-image-description=\"&lt;p&gt;Svahy Pr\u00edslopu sa op\u00e4\u0165 zabeleli, \u017diarska dolina, 2. apr\u00edl 2015&lt;\/p&gt;\n\" data-image-caption=\"\" data-large-file=\"https:\/\/blog.laviny.sk\/wp-content\/uploads\/2015\/04\/imgp65861.jpg\" \/><\/a>\n\t\t\t<\/dt><\/dl><dl class='gallery-item'>\n\t\t\t<dt class='gallery-icon portrait'>\n\t\t\t\t<a href='https:\/\/blog.laviny.sk\/?attachment_id=1691#main'><img loading=\"lazy\" decoding=\"async\" width=\"700\" height=\"763\" src=\"https:\/\/blog.laviny.sk\/wp-content\/uploads\/2015\/04\/img_50111-939x1024.jpg\" class=\"attachment-large size-large\" alt=\"\" srcset=\"https:\/\/blog.laviny.sk\/wp-content\/uploads\/2015\/04\/img_50111-939x1024.jpg 939w, https:\/\/blog.laviny.sk\/wp-content\/uploads\/2015\/04\/img_50111-275x300.jpg 275w, https:\/\/blog.laviny.sk\/wp-content\/uploads\/2015\/04\/img_50111-768x837.jpg 768w, https:\/\/blog.laviny.sk\/wp-content\/uploads\/2015\/04\/img_50111.jpg 1000w\" sizes=\"auto, (max-width: 700px) 100vw, 700px\" data-attachment-id=\"1691\" data-permalink=\"https:\/\/blog.laviny.sk\/?attachment_id=1691#main\" data-orig-file=\"https:\/\/blog.laviny.sk\/wp-content\/uploads\/2015\/04\/img_50111.jpg\" data-orig-size=\"1000,1090\" data-comments-opened=\"0\" data-image-meta=\"{&quot;aperture&quot;:&quot;2.4&quot;,&quot;credit&quot;:&quot;&quot;,&quot;camera&quot;:&quot;iPhone 4S&quot;,&quot;caption&quot;:&quot;&quot;,&quot;created_timestamp&quot;:&quot;1427960655&quot;,&quot;copyright&quot;:&quot;&quot;,&quot;focal_length&quot;:&quot;4.28&quot;,&quot;iso&quot;:&quot;50&quot;,&quot;shutter_speed&quot;:&quot;0.00010800302408467&quot;,&quot;title&quot;:&quot;&quot;,&quot;orientation&quot;:&quot;1&quot;}\" data-image-title=\"Stredne ve\u013ek\u00e1 spont\u00e1nna lav\u00edna z Cmitera pod Lomnick\u00fdm \u0161t\u00edtom len potvrdzovala 3. stupe\u0148 lav\u00ednov\u00e9ho nebezpe\u010denstva, Vysok\u00e9 Tatry, 2. apr\u00edl 2015\" data-image-description=\"&lt;p&gt;Stredne ve\u013ek\u00e1 spont\u00e1nna lav\u00edna z Cmitera pod Lomnick\u00fdm \u0161t\u00edtom len potvrdzovala 3. stupe\u0148 lav\u00ednov\u00e9ho nebezpe\u010denstva, Vysok\u00e9 Tatry, 2. apr\u00edl 2015&lt;\/p&gt;\n\" data-image-caption=\"\" data-large-file=\"https:\/\/blog.laviny.sk\/wp-content\/uploads\/2015\/04\/img_50111-939x1024.jpg\" \/><\/a>\n\t\t\t<\/dt><\/dl><br style=\"clear: both\" \/>\n\t\t<\/div>\n\n<p>Sila tohto severoz\u00e1padn\u00e9ho pr\u00fadenia sa v\u0161ak naplno prejavila najm\u00e4 v noci zo \u0161tvrtka na piatok. Siln\u00fd z\u00e1padn\u00fd a\u017e severoz\u00e1padn\u00fd vietor dosahoval vo vrcholov\u00fdch parti\u00e1ch Vysok\u00fdch Tatier v n\u00e1razoch op\u00e4\u0165 silu v\u00edchrice (maxim\u00e1lny n\u00e1raz <strong>38 m\/s<\/strong> &#8211; 137 km\/hod). Intenzita sne\u017eenia bola navy\u0161e tie\u017e mimoriadne siln\u00e1. V piatok r\u00e1no tak na mnoh\u00fdch miestach v Tatr\u00e1ch aj vo Fatr\u00e1ch pribudlo 10 a\u017e 40 cm nov\u00e9ho, resp. pref\u00fakan\u00e9ho snehu. \u00dahrn nov\u00e9ho snehu za posledn\u00fa peri\u00f3du sne\u017eenia tak dosiahol miestami viac ako 70 cm. Na mnoh\u00fdch z\u00e1vetern\u00fdch svahoch a v \u017e\u013eaboch preva\u017ene s v\u00fdchodnou, severov\u00fdchodnou a severoz\u00e1padnou orient\u00e1ciou v\u0161ak v\u00fd\u0161ka nov\u00e9ho a pref\u00fakan\u00e9ho snehu presahuje 1 m. Ve\u013ea naf\u00fakan\u00e9ho snehu sa nach\u00e1dza aj na hornej hranici lesa a na podhor\u00ed. Vo v\u0161etk\u00fdch pohoriach je tak od piatku r\u00e1na vyhl\u00e1sen\u00e9 zv\u00fd\u0161en\u00e9 lav\u00ednov\u00e9 nebezpe\u010denstvo,\u00a0teda 3. stupe\u0148 z p\u00e4\u0165dielnej medzin\u00e1rodnej stupnice. Pri predpokladanom sne\u017een\u00ed je tendencia lav\u00ednov\u00e9ho nebezpe\u010denstva dokonca st\u00e1le st\u00fapaj\u00faca.\u00a0Ke\u010f\u017ee novo napadnut\u00fd a pref\u00fakan\u00fd sneh nie je dostato\u010dne prepojen\u00fd s tvrdou podkladovou vrstvou, uvo\u013enenie lav\u00edn je mo\u017en\u00e9 u\u017e pri malom dodato\u010dnom za\u0165a\u017een\u00ed snehovej pokr\u00fdvky. Na\u00a0v\u00e4\u010d\u0161ine strm\u00fdch svahov je tak snehov\u00e1 pokr\u00fdvka iba slabo spevnen\u00e9 a mo\u017en\u00fd je v\u00fdskyt aj stredne ve\u013ek\u00fdch spont\u00e1nnych lav\u00edn.<\/p>\n<p>Odpor\u00fa\u010dame dobre zv\u00e1\u017ei\u0165 pohyb vo vysokohorskom ter\u00e9ne !!!<\/p>\n\n\t\t<style type=\"text\/css\">\n\t\t\t#gallery-2 {\n\t\t\t\tmargin: auto;\n\t\t\t}\n\t\t\t#gallery-2 .gallery-item {\n\t\t\t\tfloat: left;\n\t\t\t\tmargin-top: 10px;\n\t\t\t\ttext-align: center;\n\t\t\t\twidth: 33%;\n\t\t\t}\n\t\t\t#gallery-2 img {\n\t\t\t\tborder: 2px solid #cfcfcf;\n\t\t\t}\n\t\t\t#gallery-2 .gallery-caption {\n\t\t\t\tmargin-left: 0;\n\t\t\t}\n\t\t\t\/* see gallery_shortcode() in wp-includes\/media.php *\/\n\t\t<\/style>\n\t\t<div data-carousel-extra='{&quot;blog_id&quot;:1,&quot;permalink&quot;:&quot;https:\/\/blog.laviny.sk\/?p=1676&quot;}' id='gallery-2' class='gallery galleryid-1676 gallery-columns-3 gallery-size-large'><dl class='gallery-item'>\n\t\t\t<dt class='gallery-icon landscape'>\n\t\t\t\t<a href='https:\/\/blog.laviny.sk\/?attachment_id=1685#main'><img loading=\"lazy\" decoding=\"async\" width=\"700\" height=\"369\" src=\"https:\/\/blog.laviny.sk\/wp-content\/uploads\/2015\/04\/kasprov-vrch-1024x540.png\" class=\"attachment-large size-large\" alt=\"\" srcset=\"https:\/\/blog.laviny.sk\/wp-content\/uploads\/2015\/04\/kasprov-vrch-1024x540.png 1024w, https:\/\/blog.laviny.sk\/wp-content\/uploads\/2015\/04\/kasprov-vrch-300x158.png 300w, https:\/\/blog.laviny.sk\/wp-content\/uploads\/2015\/04\/kasprov-vrch-768x405.png 768w, https:\/\/blog.laviny.sk\/wp-content\/uploads\/2015\/04\/kasprov-vrch.png 1320w\" sizes=\"auto, (max-width: 700px) 100vw, 700px\" data-attachment-id=\"1685\" data-permalink=\"https:\/\/blog.laviny.sk\/?attachment_id=1685#main\" data-orig-file=\"https:\/\/blog.laviny.sk\/wp-content\/uploads\/2015\/04\/kasprov-vrch.png\" data-orig-size=\"1320,696\" data-comments-opened=\"0\" data-image-meta=\"{&quot;aperture&quot;:&quot;0&quot;,&quot;credit&quot;:&quot;&quot;,&quot;camera&quot;:&quot;&quot;,&quot;caption&quot;:&quot;&quot;,&quot;created_timestamp&quot;:&quot;0&quot;,&quot;copyright&quot;:&quot;&quot;,&quot;focal_length&quot;:&quot;0&quot;,&quot;iso&quot;:&quot;0&quot;,&quot;shutter_speed&quot;:&quot;0&quot;,&quot;title&quot;:&quot;&quot;,&quot;orientation&quot;:&quot;0&quot;}\" data-image-title=\"Nov\u00fd sneh, celkov\u00e1 v\u00fd\u0161ka snehovej pokr\u00fdvky a teplota vzduchu na Kasprovom vrchu (PL) . Zdroj: upraven\u00e9 pod\u013ea d\u00e1t IMGU\" data-image-description=\"&lt;p&gt;Nov\u00fd sneh, celkov\u00e1 v\u00fd\u0161ka snehovej pokr\u00fdvky a teplota vzduchu na Kasprovom vrchu (PL) . Zdroj: upraven\u00e9 pod\u013ea d\u00e1t IMGU&lt;\/p&gt;\n\" data-image-caption=\"\" data-large-file=\"https:\/\/blog.laviny.sk\/wp-content\/uploads\/2015\/04\/kasprov-vrch-1024x540.png\" \/><\/a>\n\t\t\t<\/dt><\/dl><dl class='gallery-item'>\n\t\t\t<dt class='gallery-icon landscape'>\n\t\t\t\t<a href='https:\/\/blog.laviny.sk\/?attachment_id=1688#main'><img loading=\"lazy\" decoding=\"async\" width=\"700\" height=\"371\" src=\"https:\/\/blog.laviny.sk\/wp-content\/uploads\/2015\/04\/strbske-1024x542.png\" class=\"attachment-large size-large\" alt=\"\" srcset=\"https:\/\/blog.laviny.sk\/wp-content\/uploads\/2015\/04\/strbske-1024x542.png 1024w, https:\/\/blog.laviny.sk\/wp-content\/uploads\/2015\/04\/strbske-300x159.png 300w, https:\/\/blog.laviny.sk\/wp-content\/uploads\/2015\/04\/strbske-768x407.png 768w, https:\/\/blog.laviny.sk\/wp-content\/uploads\/2015\/04\/strbske.png 1314w\" sizes=\"auto, (max-width: 700px) 100vw, 700px\" data-attachment-id=\"1688\" data-permalink=\"https:\/\/blog.laviny.sk\/?attachment_id=1688#main\" data-orig-file=\"https:\/\/blog.laviny.sk\/wp-content\/uploads\/2015\/04\/strbske.png\" data-orig-size=\"1314,696\" data-comments-opened=\"0\" data-image-meta=\"{&quot;aperture&quot;:&quot;0&quot;,&quot;credit&quot;:&quot;&quot;,&quot;camera&quot;:&quot;&quot;,&quot;caption&quot;:&quot;&quot;,&quot;created_timestamp&quot;:&quot;0&quot;,&quot;copyright&quot;:&quot;&quot;,&quot;focal_length&quot;:&quot;0&quot;,&quot;iso&quot;:&quot;0&quot;,&quot;shutter_speed&quot;:&quot;0&quot;,&quot;title&quot;:&quot;&quot;,&quot;orientation&quot;:&quot;0&quot;}\" data-image-title=\"Nov\u00fd sneh, celkov\u00e1 v\u00fd\u0161ka snehovej pokr\u00fdvky a teplota vzduchu na \u0160trbskom plese . Zdroj: upraven\u00e9 pod\u013ea d\u00e1t SHMU\" data-image-description=\"&lt;p&gt;Nov\u00fd sneh, celkov\u00e1 v\u00fd\u0161ka snehovej pokr\u00fdvky a teplota vzduchu na \u0160trbskom plese . Zdroj: upraven\u00e9 pod\u013ea d\u00e1t SHMU&lt;\/p&gt;\n\" data-image-caption=\"\" data-large-file=\"https:\/\/blog.laviny.sk\/wp-content\/uploads\/2015\/04\/strbske-1024x542.png\" \/><\/a>\n\t\t\t<\/dt><\/dl><dl class='gallery-item'>\n\t\t\t<dt class='gallery-icon landscape'>\n\t\t\t\t<a href='https:\/\/blog.laviny.sk\/?attachment_id=1687#main'><img loading=\"lazy\" decoding=\"async\" width=\"700\" height=\"370\" src=\"https:\/\/blog.laviny.sk\/wp-content\/uploads\/2015\/04\/magurka-1024x541.png\" class=\"attachment-large size-large\" alt=\"\" srcset=\"https:\/\/blog.laviny.sk\/wp-content\/uploads\/2015\/04\/magurka-1024x541.png 1024w, https:\/\/blog.laviny.sk\/wp-content\/uploads\/2015\/04\/magurka-300x158.png 300w, https:\/\/blog.laviny.sk\/wp-content\/uploads\/2015\/04\/magurka-768x406.png 768w, https:\/\/blog.laviny.sk\/wp-content\/uploads\/2015\/04\/magurka.png 1318w\" sizes=\"auto, (max-width: 700px) 100vw, 700px\" data-attachment-id=\"1687\" data-permalink=\"https:\/\/blog.laviny.sk\/?attachment_id=1687#main\" data-orig-file=\"https:\/\/blog.laviny.sk\/wp-content\/uploads\/2015\/04\/magurka.png\" data-orig-size=\"1318,696\" data-comments-opened=\"0\" data-image-meta=\"{&quot;aperture&quot;:&quot;0&quot;,&quot;credit&quot;:&quot;&quot;,&quot;camera&quot;:&quot;&quot;,&quot;caption&quot;:&quot;&quot;,&quot;created_timestamp&quot;:&quot;0&quot;,&quot;copyright&quot;:&quot;&quot;,&quot;focal_length&quot;:&quot;0&quot;,&quot;iso&quot;:&quot;0&quot;,&quot;shutter_speed&quot;:&quot;0&quot;,&quot;title&quot;:&quot;&quot;,&quot;orientation&quot;:&quot;0&quot;}\" data-image-title=\"Nov\u00fd sneh, celkov\u00e1 v\u00fd\u0161ka snehovej pokr\u00fdvky a teplota vzduchu na Magurke. Zdroj: SLP HZS\" data-image-description=\"&lt;p&gt;Nov\u00fd sneh, celkov\u00e1 v\u00fd\u0161ka snehovej pokr\u00fdvky a teplota vzduchu na Magurke. Zdroj: SLP HZS&lt;\/p&gt;\n\" data-image-caption=\"\" data-large-file=\"https:\/\/blog.laviny.sk\/wp-content\/uploads\/2015\/04\/magurka-1024x541.png\" \/><\/a>\n\t\t\t<\/dt><\/dl><br style=\"clear: both\" \/>\n\t\t<\/div>\n\n\n\t\t<style type=\"text\/css\">\n\t\t\t#gallery-3 {\n\t\t\t\tmargin: auto;\n\t\t\t}\n\t\t\t#gallery-3 .gallery-item {\n\t\t\t\tfloat: left;\n\t\t\t\tmargin-top: 10px;\n\t\t\t\ttext-align: center;\n\t\t\t\twidth: 50%;\n\t\t\t}\n\t\t\t#gallery-3 img {\n\t\t\t\tborder: 2px solid #cfcfcf;\n\t\t\t}\n\t\t\t#gallery-3 .gallery-caption {\n\t\t\t\tmargin-left: 0;\n\t\t\t}\n\t\t\t\/* see gallery_shortcode() in wp-includes\/media.php *\/\n\t\t<\/style>\n\t\t<div data-carousel-extra='{&quot;blog_id&quot;:1,&quot;permalink&quot;:&quot;https:\/\/blog.laviny.sk\/?p=1676&quot;}' id='gallery-3' class='gallery galleryid-1676 gallery-columns-2 gallery-size-large'><dl class='gallery-item'>\n\t\t\t<dt class='gallery-icon landscape'>\n\t\t\t\t<a href='https:\/\/blog.laviny.sk\/?attachment_id=1686#main'><img loading=\"lazy\" decoding=\"async\" width=\"700\" height=\"235\" src=\"https:\/\/blog.laviny.sk\/wp-content\/uploads\/2015\/04\/lomnicak-1024x344.png\" class=\"attachment-large size-large\" alt=\"\" srcset=\"https:\/\/blog.laviny.sk\/wp-content\/uploads\/2015\/04\/lomnicak-1024x344.png 1024w, https:\/\/blog.laviny.sk\/wp-content\/uploads\/2015\/04\/lomnicak-300x101.png 300w, https:\/\/blog.laviny.sk\/wp-content\/uploads\/2015\/04\/lomnicak-768x258.png 768w, https:\/\/blog.laviny.sk\/wp-content\/uploads\/2015\/04\/lomnicak-1536x516.png 1536w, https:\/\/blog.laviny.sk\/wp-content\/uploads\/2015\/04\/lomnicak-2048x688.png 2048w\" sizes=\"auto, (max-width: 700px) 100vw, 700px\" data-attachment-id=\"1686\" data-permalink=\"https:\/\/blog.laviny.sk\/?attachment_id=1686#main\" data-orig-file=\"https:\/\/blog.laviny.sk\/wp-content\/uploads\/2015\/04\/lomnicak.png\" data-orig-size=\"2072,696\" data-comments-opened=\"0\" data-image-meta=\"{&quot;aperture&quot;:&quot;0&quot;,&quot;credit&quot;:&quot;&quot;,&quot;camera&quot;:&quot;&quot;,&quot;caption&quot;:&quot;&quot;,&quot;created_timestamp&quot;:&quot;0&quot;,&quot;copyright&quot;:&quot;&quot;,&quot;focal_length&quot;:&quot;0&quot;,&quot;iso&quot;:&quot;0&quot;,&quot;shutter_speed&quot;:&quot;0&quot;,&quot;title&quot;:&quot;&quot;,&quot;orientation&quot;:&quot;0&quot;}\" data-image-title=\"Nov\u00fd sneh, celkov\u00e1 v\u00fd\u0161ka snehovej pokr\u00fdvky, teplota vzduchu a prevl\u00e1daj\u00faci smer a sila vetra na Lomnickom \u0161t\u00edte. Zdroj: upraven\u00e9 pod\u013ea d\u00e1t SHMU\" data-image-description=\"&lt;p&gt;Nov\u00fd sneh, celkov\u00e1 v\u00fd\u0161ka snehovej pokr\u00fdvky, teplota vzduchu a prevl\u00e1daj\u00faci smer a sila vetra na Lomnickom \u0161t\u00edte. Zdroj: upraven\u00e9 pod\u013ea d\u00e1t SHMU&lt;\/p&gt;\n\" data-image-caption=\"\" data-large-file=\"https:\/\/blog.laviny.sk\/wp-content\/uploads\/2015\/04\/lomnicak-1024x344.png\" \/><\/a>\n\t\t\t<\/dt><\/dl><dl class='gallery-item'>\n\t\t\t<dt class='gallery-icon landscape'>\n\t\t\t\t<a href='https:\/\/blog.laviny.sk\/?attachment_id=1680#main'><img loading=\"lazy\" decoding=\"async\" width=\"700\" height=\"235\" src=\"https:\/\/blog.laviny.sk\/wp-content\/uploads\/2015\/04\/chopok-1024x344.png\" class=\"attachment-large size-large\" alt=\"\" srcset=\"https:\/\/blog.laviny.sk\/wp-content\/uploads\/2015\/04\/chopok-1024x344.png 1024w, https:\/\/blog.laviny.sk\/wp-content\/uploads\/2015\/04\/chopok-300x101.png 300w, https:\/\/blog.laviny.sk\/wp-content\/uploads\/2015\/04\/chopok-768x258.png 768w, https:\/\/blog.laviny.sk\/wp-content\/uploads\/2015\/04\/chopok-1536x516.png 1536w, https:\/\/blog.laviny.sk\/wp-content\/uploads\/2015\/04\/chopok-2048x688.png 2048w\" sizes=\"auto, (max-width: 700px) 100vw, 700px\" data-attachment-id=\"1680\" data-permalink=\"https:\/\/blog.laviny.sk\/?attachment_id=1680#main\" data-orig-file=\"https:\/\/blog.laviny.sk\/wp-content\/uploads\/2015\/04\/chopok.png\" data-orig-size=\"2072,696\" data-comments-opened=\"0\" data-image-meta=\"{&quot;aperture&quot;:&quot;0&quot;,&quot;credit&quot;:&quot;&quot;,&quot;camera&quot;:&quot;&quot;,&quot;caption&quot;:&quot;&quot;,&quot;created_timestamp&quot;:&quot;0&quot;,&quot;copyright&quot;:&quot;&quot;,&quot;focal_length&quot;:&quot;0&quot;,&quot;iso&quot;:&quot;0&quot;,&quot;shutter_speed&quot;:&quot;0&quot;,&quot;title&quot;:&quot;&quot;,&quot;orientation&quot;:&quot;0&quot;}\" data-image-title=\"Nov\u00fd sneh, celkov\u00e1 v\u00fd\u0161ka snehovej pokr\u00fdvky, teplota vzduchu a prevl\u00e1daj\u00faci smer a sila vetra na Chopku. Zdroj: upraven\u00e9 pod\u013ea d\u00e1t SHMU\" data-image-description=\"&lt;p&gt;Nov\u00fd sneh, celkov\u00e1 v\u00fd\u0161ka snehovej pokr\u00fdvky, teplota vzduchu a prevl\u00e1daj\u00faci smer a sila vetra na Chopku. Zdroj: upraven\u00e9 pod\u013ea d\u00e1t SHMU&lt;\/p&gt;\n\" data-image-caption=\"\" data-large-file=\"https:\/\/blog.laviny.sk\/wp-content\/uploads\/2015\/04\/chopok-1024x344.png\" \/><\/a>\n\t\t\t<\/dt><\/dl><br style=\"clear: both\" \/>\n\t\t<\/div>\n\n<h3 style=\"text-align: justify;\"><a href=\"https:\/\/192.168.10.134\/wp-content\/uploads\/2015\/04\/eaws.png\"><img loading=\"lazy\" decoding=\"async\" data-attachment-id=\"1702\" data-permalink=\"https:\/\/blog.laviny.sk\/?attachment_id=1702#main\" data-orig-file=\"https:\/\/blog.laviny.sk\/wp-content\/uploads\/2015\/04\/eaws.png\" data-orig-size=\"1671,590\" data-comments-opened=\"0\" data-image-meta=\"{&quot;aperture&quot;:&quot;0&quot;,&quot;credit&quot;:&quot;&quot;,&quot;camera&quot;:&quot;&quot;,&quot;caption&quot;:&quot;&quot;,&quot;created_timestamp&quot;:&quot;0&quot;,&quot;copyright&quot;:&quot;&quot;,&quot;focal_length&quot;:&quot;0&quot;,&quot;iso&quot;:&quot;0&quot;,&quot;shutter_speed&quot;:&quot;0&quot;,&quot;title&quot;:&quot;&quot;,&quot;orientation&quot;:&quot;0&quot;}\" data-image-title=\"aktu\u00e1lny stupe\u0148 lav\u00ednov\u00e9ho nebezpe\u010denstva v Alp\u00e1ch, v horsk\u00fdch oblastiach Slovenska a \u010cR, Zdroj: upraven\u00e9 pod\u013ea v\u00fdstupov SnowSafe a EAWS\" data-image-description=\"&lt;p&gt;aktu\u00e1lny stupe\u0148 lav\u00ednov\u00e9ho nebezpe\u010denstva v Alp\u00e1ch, v horsk\u00fdch oblastiach Slovenska a \u010cR, Zdroj: upraven\u00e9 pod\u013ea v\u00fdstupov SnowSafe a EAWS&lt;\/p&gt;\n\" data-image-caption=\"\" data-large-file=\"https:\/\/blog.laviny.sk\/wp-content\/uploads\/2015\/04\/eaws-1024x362.png\" class=\"aligncenter wp-image-1702 size-full\" src=\"https:\/\/192.168.10.134\/wp-content\/uploads\/2015\/04\/eaws.png\" alt=\"aktu\u00e1lny stupe\u0148 lav\u00ednov\u00e9ho nebezpe\u010denstva v Alp\u00e1ch, v horsk\u00fdch oblastiach Slovenska a \u010cR, Zdroj: upraven\u00e9 pod\u013ea v\u00fdstupov SnowSafe a EAWS\" width=\"1671\" height=\"590\" srcset=\"https:\/\/blog.laviny.sk\/wp-content\/uploads\/2015\/04\/eaws.png 1671w, https:\/\/blog.laviny.sk\/wp-content\/uploads\/2015\/04\/eaws-300x106.png 300w, https:\/\/blog.laviny.sk\/wp-content\/uploads\/2015\/04\/eaws-1024x362.png 1024w, https:\/\/blog.laviny.sk\/wp-content\/uploads\/2015\/04\/eaws-768x271.png 768w, https:\/\/blog.laviny.sk\/wp-content\/uploads\/2015\/04\/eaws-1536x542.png 1536w\" sizes=\"auto, (max-width: 1671px) 100vw, 1671px\" \/><\/a><\/h3>\n<h3 style=\"text-align: justify;\"><strong>Predpove\u010f po\u010dasia na v\u00edkend:<\/strong><\/h3>\n<p style=\"text-align: justify;\">Do na\u0161ej oblasti bude st\u00e1le od severoz\u00e1padu pr\u00fadi\u0165 studen\u00fd vzduch. Neotepl\u00ed sa, teploty vzduchu bud\u00fa na podobnej \u00farovni ako po\u010das piatku. V stredn\u00fdch poloh\u00e1ch (do 1500 m n. m.) m\u00f4\u017eeme o\u010dak\u00e1va\u0165 teplotu vzduchu okolo -6\u00b0C, v najvy\u0161\u0161\u00edch poloh\u00e1ch Vysok\u00fdch Tatier teplota klesne a\u017e na -14\u00b0C. Bude premenliv\u00e1, preva\u017ene v\u0161ak ve\u013ek\u00e1 obla\u010dnos\u0165 a st\u00e1le m\u00f4\u017eeme o\u010dak\u00e1va\u0165 sne\u017eenie alebo snehov\u00e9 preh\u00e1nky. Ich intenzita by v\u0161ak u\u017e mala by\u0165 men\u0161ia. Toto sne\u017eenie by u\u017e navy\u0161e nemalo by\u0165 sprev\u00e1dzan\u00e9 siln\u00fdm vetrom. F\u00faka\u0165 bude iba slab\u00fd a\u017e mierny premenliv\u00fd vietor, vo vy\u0161\u0161\u00edch poloh\u00e1ch v\u0161ak preva\u017ene severoz\u00e1padn\u00fd s r\u00fdchlos\u0165ou do 25 km\/hod. Podobn\u00e9 po\u010dasie m\u00f4\u017eeme o\u010dak\u00e1va\u0165 aj po\u010das Ve\u013ekono\u010dnej nedele. Na severn\u00fdch n\u00e1vetriach Tatier v\u0161ak m\u00f4\u017ee ma\u0165 sne\u017eenie aj trvalej\u0161\u00ed charakter.<\/p>\n","protected":false},"excerpt":{"rendered":"<p>N\u00e1vrat zimy do slovensk\u00fdch h\u00f4r Uplynul\u00fd t\u00fd\u017ede\u0148 sa niesol v znamen\u00ed razantn\u00e9ho n\u00e1vratu zimy do na\u0161ich h\u00f4r. A dokonca nie len do h\u00f4r. Aj \u00a0v ni\u017e\u0161\u00edch nadmorsk\u00fdch v\u00fd\u0161kach sa rap\u00eddne ochladilo a siln\u00fd front zo severoz\u00e1padu priniesol intenz\u00edvne sne\u017eenie. Po\u010das v\u00edkendu (28. &#8211; 29. marec 2015) prevl\u00e1dalo na hor\u00e1ch e\u0161te relat\u00edvne pekn\u00e9 jarn\u00e9 po\u010dasie s&hellip;<\/p>\n","protected":false},"author":1,"featured_media":1704,"comment_status":"closed","ping_status":"closed","sticky":false,"template":"","format":"standard","meta":{"jetpack_post_was_ever_published":false,"_jetpack_newsletter_access":"","_jetpack_dont_email_post_to_subs":false,"_jetpack_newsletter_tier_id":0,"_jetpack_memberships_contains_paywalled_content":false,"_jetpack_memberships_contains_paid_content":false,"footnotes":"","jetpack_publicize_message":"","jetpack_publicize_feature_enabled":true,"jetpack_social_post_already_shared":true,"jetpack_social_options":{"image_generator_settings":{"template":"highway","default_image_id":0,"font":"","enabled":false},"version":2}},"categories":[4],"tags":[10,157,161,192],"class_list":["post-1676","post","type-post","status-publish","format-standard","has-post-thumbnail","hentry","category-pocasie-sneh-a-laviny","tag-april","tag-snezenie","tag-spontanne-laviny","tag-vietor"],"jetpack_publicize_connections":[],"jetpack_featured_media_url":"https:\/\/blog.laviny.sk\/wp-content\/uploads\/2015\/04\/titulka.png","jetpack_sharing_enabled":true,"jetpack_shortlink":"https:\/\/wp.me\/p8DxWh-r2","jetpack-related-posts":[],"_links":{"self":[{"href":"https:\/\/blog.laviny.sk\/index.php?rest_route=\/wp\/v2\/posts\/1676","targetHints":{"allow":["GET"]}}],"collection":[{"href":"https:\/\/blog.laviny.sk\/index.php?rest_route=\/wp\/v2\/posts"}],"about":[{"href":"https:\/\/blog.laviny.sk\/index.php?rest_route=\/wp\/v2\/types\/post"}],"author":[{"embeddable":true,"href":"https:\/\/blog.laviny.sk\/index.php?rest_route=\/wp\/v2\/users\/1"}],"replies":[{"embeddable":true,"href":"https:\/\/blog.laviny.sk\/index.php?rest_route=%2Fwp%2Fv2%2Fcomments&post=1676"}],"version-history":[{"count":1,"href":"https:\/\/blog.laviny.sk\/index.php?rest_route=\/wp\/v2\/posts\/1676\/revisions"}],"predecessor-version":[{"id":5049,"href":"https:\/\/blog.laviny.sk\/index.php?rest_route=\/wp\/v2\/posts\/1676\/revisions\/5049"}],"wp:featuredmedia":[{"embeddable":true,"href":"https:\/\/blog.laviny.sk\/index.php?rest_route=\/wp\/v2\/media\/1704"}],"wp:attachment":[{"href":"https:\/\/blog.laviny.sk\/index.php?rest_route=%2Fwp%2Fv2%2Fmedia&parent=1676"}],"wp:term":[{"taxonomy":"category","embeddable":true,"href":"https:\/\/blog.laviny.sk\/index.php?rest_route=%2Fwp%2Fv2%2Fcategories&post=1676"},{"taxonomy":"post_tag","embeddable":true,"href":"https:\/\/blog.laviny.sk\/index.php?rest_route=%2Fwp%2Fv2%2Ftags&post=1676"}],"curies":[{"name":"wp","href":"https:\/\/api.w.org\/{rel}","templated":true}]}}