{"id":1628,"date":"2015-03-13T10:47:34","date_gmt":"2015-03-13T09:47:34","guid":{"rendered":"https:\/\/slphzs.wordpress.com\/?p=1628"},"modified":"2017-04-19T14:09:09","modified_gmt":"2017-04-19T12:09:09","slug":"priebeh-pocasia-a-snehovych-podmienok-7-13-marca-2015","status":"publish","type":"post","link":"https:\/\/blog.laviny.sk\/?p=1628","title":{"rendered":"Priebeh po\u010dasia a snehov\u00fdch podmienok  7 &#8211; 13. marca 2015"},"content":{"rendered":"<p>Po\u010das v\u00edkendu a\u00a0prv\u00e9 dva dni v\u00a0t\u00fd\u017edni ovplyv\u0148oval po\u010dasie na Slovensku mohutn\u00fd p\u00e1s tlakovej v\u00fd\u0161e. Prevl\u00e1dalo slne\u010dn\u00e9 po\u010dasie s\u00a0typick\u00fdm jarn\u00fdm priebehom. V\u00fdrazne sa oteplilo, teplota vzduchu nad r\u00e1nom klesala len na -4 a\u017e 0\u00b0C a\u00a0cez de\u0148 vystupovala na +5 a\u017e +10\u00b0C, v\u00a0najvy\u0161\u0161\u00edch poloh\u00e1ch Tatier -1 a\u017e 5\u00b0C. Pr\u00edjemn\u00e9 jarn\u00e9 po\u010dasie umoc\u0148oval len slab\u00fd vietor.<\/p>\n<p>Po\u010das stredy 11.3 sa situ\u00e1cia za\u010dala r\u00fdchlo meni\u0165. Od severov\u00fdchodu sa nas\u00favala obla\u010dnos\u0165 a vlh\u0161\u00ed studen\u00fd vzduch so zr\u00e1\u017ekami. Popoludn\u00ed v\u00a0Tatr\u00e1ch u\u017e slabo sne\u017eilo. Sne\u017eenie pokra\u010dovalo aj v\u00a0nasleduj\u00facich d\u0148och (\u0161tvrtok\/piatok) ale s\u00a0r\u00f4znou intenzitou v\u00a0priestore. Jednozna\u010dne najviac snehu pripadlo na severnej strane Tatier (VT,ZT,BT), za dva dni spolu 30 \u2013 50 cm nov\u00e9ho snehu! V\u00a0ostatn\u00fdch pohoriach 5 \u2013 15 cm a\u00a0vo Ve\u013ekej Fatre dokonca len do 5 cm \u2013 tam to sne\u017eenie od severu takmer v\u00f4bec nedo\u0161lo.<\/p>\n<p>Po v\u00edkende, kedy bolo zaznamenan\u00fdch nieko\u013eko lav\u00edn, sa lav\u00ednov\u00e1 situ\u00e1cia stabilizovala, prevl\u00e1dalo mierne lav\u00ednov\u00e9 nebezpe\u010denstvo (2.stupe\u0148). Vplyvom sne\u017eenia sa situ\u00e1cia od \u0161tvrtka 12.3 op\u00e4\u0165 zhor\u0161ila, kritickou sa stala na severe Tatier a\u00a0vo vrcholov\u00fdch parti\u00e1ch ju\u017enej strany. Lav\u00ednov\u00e9 nebezpe\u010denstvo st\u00faplo na ZV\u00dd\u0160EN\u00c9, 3.stupe\u0148. V\u00a0ostatn\u00fdch pohoriach, kde nov\u00e9ho snehu pripadlo podstatne menej, ostalo mierne lav\u00ednov\u00e9 nebezpe\u010denstvo.<\/p>\n<p>Snehov\u00e1 pokr\u00fdvka je na exponovan\u00fdch miestach vyf\u00fakan\u00e1 na star\u00fd z\u013eadovaten\u00fd povrch, a\u00a0naopak na z\u00e1vetern\u00fdch stran\u00e1ch (najm\u00e4 Tatier) sa nach\u00e1dzaj\u00fa rozsiahle snehov\u00e9 dosky, vank\u00fa\u0161e a\u00a0preveje. Vy\u0161ka snehovej pokr\u00fdvky sa pohybuje vo Fatr\u00e1ch od 20 do 100 cm, v\u00a0N\u00edzkych Tatr\u00e1ch 30 a\u017e 140 cm a\u00a0v\u00a0Tatr\u00e1ch 55 a\u017e 200 cm, je v\u0161ak priestorovo ve\u013emi variabiln\u00e1.<\/p>\n\n\t\t<style type=\"text\/css\">\n\t\t\t#gallery-1 {\n\t\t\t\tmargin: auto;\n\t\t\t}\n\t\t\t#gallery-1 .gallery-item {\n\t\t\t\tfloat: left;\n\t\t\t\tmargin-top: 10px;\n\t\t\t\ttext-align: center;\n\t\t\t\twidth: 33%;\n\t\t\t}\n\t\t\t#gallery-1 img {\n\t\t\t\tborder: 2px solid #cfcfcf;\n\t\t\t}\n\t\t\t#gallery-1 .gallery-caption {\n\t\t\t\tmargin-left: 0;\n\t\t\t}\n\t\t\t\/* see gallery_shortcode() in wp-includes\/media.php *\/\n\t\t<\/style>\n\t\t<div data-carousel-extra='{&quot;blog_id&quot;:1,&quot;permalink&quot;:&quot;https:\/\/blog.laviny.sk\/?p=1628&quot;}' id='gallery-1' class='gallery galleryid-1628 gallery-columns-3 gallery-size-medium'><dl class='gallery-item'>\n\t\t\t<dt class='gallery-icon landscape'>\n\t\t\t\t<a href='https:\/\/blog.laviny.sk\/?attachment_id=1635#main'><img loading=\"lazy\" decoding=\"async\" width=\"300\" height=\"225\" src=\"https:\/\/blog.laviny.sk\/wp-content\/uploads\/2015\/03\/20150309_130427_resized1-300x225.jpg\" class=\"attachment-medium size-medium\" alt=\"\" aria-describedby=\"gallery-1-1635\" srcset=\"https:\/\/blog.laviny.sk\/wp-content\/uploads\/2015\/03\/20150309_130427_resized1-300x225.jpg 300w, https:\/\/blog.laviny.sk\/wp-content\/uploads\/2015\/03\/20150309_130427_resized1-768x576.jpg 768w, https:\/\/blog.laviny.sk\/wp-content\/uploads\/2015\/03\/20150309_130427_resized1.jpg 1000w\" sizes=\"auto, (max-width: 300px) 100vw, 300px\" data-attachment-id=\"1635\" data-permalink=\"https:\/\/blog.laviny.sk\/?attachment_id=1635#main\" data-orig-file=\"https:\/\/blog.laviny.sk\/wp-content\/uploads\/2015\/03\/20150309_130427_resized1.jpg\" data-orig-size=\"1000,750\" data-comments-opened=\"0\" data-image-meta=\"{&quot;aperture&quot;:&quot;0&quot;,&quot;credit&quot;:&quot;&quot;,&quot;camera&quot;:&quot;&quot;,&quot;caption&quot;:&quot;&quot;,&quot;created_timestamp&quot;:&quot;0&quot;,&quot;copyright&quot;:&quot;&quot;,&quot;focal_length&quot;:&quot;0&quot;,&quot;iso&quot;:&quot;0&quot;,&quot;shutter_speed&quot;:&quot;0&quot;,&quot;title&quot;:&quot;&quot;,&quot;orientation&quot;:&quot;0&quot;}\" data-image-title=\"20150309_130427_resized\" data-image-description=\"\" data-image-caption=\"&lt;p&gt;Kombinovan\u00e1 lav\u00edna (povrchov\u00e1 + z\u00e1kladov\u00e1) z Pr\u00edslopu v \u017diarskej doline, spadla pravdepodobne 8.3.2015&lt;\/p&gt;\n\" data-large-file=\"https:\/\/blog.laviny.sk\/wp-content\/uploads\/2015\/03\/20150309_130427_resized1.jpg\" \/><\/a>\n\t\t\t<\/dt>\n\t\t\t\t<dd class='wp-caption-text gallery-caption' id='gallery-1-1635'>\n\t\t\t\tKombinovan\u00e1 lav\u00edna (povrchov\u00e1 + z\u00e1kladov\u00e1) z Pr\u00edslopu v \u017diarskej doline, spadla pravdepodobne 8.3.2015\n\t\t\t\t<\/dd><\/dl><dl class='gallery-item'>\n\t\t\t<dt class='gallery-icon landscape'>\n\t\t\t\t<a href='https:\/\/blog.laviny.sk\/?attachment_id=1629#main'><img loading=\"lazy\" decoding=\"async\" width=\"300\" height=\"225\" src=\"https:\/\/blog.laviny.sk\/wp-content\/uploads\/2015\/03\/167_20150310_1059-300x225.jpg\" class=\"attachment-medium size-medium\" alt=\"\" aria-describedby=\"gallery-1-1629\" srcset=\"https:\/\/blog.laviny.sk\/wp-content\/uploads\/2015\/03\/167_20150310_1059-300x225.jpg 300w, https:\/\/blog.laviny.sk\/wp-content\/uploads\/2015\/03\/167_20150310_1059-768x576.jpg 768w, https:\/\/blog.laviny.sk\/wp-content\/uploads\/2015\/03\/167_20150310_1059.jpg 1000w\" sizes=\"auto, (max-width: 300px) 100vw, 300px\" data-attachment-id=\"1629\" data-permalink=\"https:\/\/blog.laviny.sk\/?attachment_id=1629#main\" data-orig-file=\"https:\/\/blog.laviny.sk\/wp-content\/uploads\/2015\/03\/167_20150310_1059.jpg\" data-orig-size=\"1000,750\" data-comments-opened=\"0\" data-image-meta=\"{&quot;aperture&quot;:&quot;0&quot;,&quot;credit&quot;:&quot;&quot;,&quot;camera&quot;:&quot;&quot;,&quot;caption&quot;:&quot;&quot;,&quot;created_timestamp&quot;:&quot;0&quot;,&quot;copyright&quot;:&quot;&quot;,&quot;focal_length&quot;:&quot;0&quot;,&quot;iso&quot;:&quot;0&quot;,&quot;shutter_speed&quot;:&quot;0&quot;,&quot;title&quot;:&quot;&quot;,&quot;orientation&quot;:&quot;0&quot;}\" data-image-title=\"167_20150310_1059\" data-image-description=\"\" data-image-caption=\"&lt;p&gt;Poh\u013ead na svahy Stien v Malej Fatre, 10.3.2015&lt;\/p&gt;\n\" data-large-file=\"https:\/\/blog.laviny.sk\/wp-content\/uploads\/2015\/03\/167_20150310_1059.jpg\" \/><\/a>\n\t\t\t<\/dt>\n\t\t\t\t<dd class='wp-caption-text gallery-caption' id='gallery-1-1629'>\n\t\t\t\tPoh\u013ead na svahy Stien v Malej Fatre, 10.3.2015\n\t\t\t\t<\/dd><\/dl><dl class='gallery-item'>\n\t\t\t<dt class='gallery-icon landscape'>\n\t\t\t\t<a href='https:\/\/blog.laviny.sk\/?attachment_id=1630#main'><img loading=\"lazy\" decoding=\"async\" width=\"300\" height=\"225\" src=\"https:\/\/blog.laviny.sk\/wp-content\/uploads\/2015\/03\/171_20150310_1259-300x225.jpg\" class=\"attachment-medium size-medium\" alt=\"\" aria-describedby=\"gallery-1-1630\" srcset=\"https:\/\/blog.laviny.sk\/wp-content\/uploads\/2015\/03\/171_20150310_1259-300x225.jpg 300w, https:\/\/blog.laviny.sk\/wp-content\/uploads\/2015\/03\/171_20150310_1259-768x576.jpg 768w, https:\/\/blog.laviny.sk\/wp-content\/uploads\/2015\/03\/171_20150310_1259.jpg 1000w\" sizes=\"auto, (max-width: 300px) 100vw, 300px\" data-attachment-id=\"1630\" data-permalink=\"https:\/\/blog.laviny.sk\/?attachment_id=1630#main\" data-orig-file=\"https:\/\/blog.laviny.sk\/wp-content\/uploads\/2015\/03\/171_20150310_1259.jpg\" data-orig-size=\"1000,750\" data-comments-opened=\"0\" data-image-meta=\"{&quot;aperture&quot;:&quot;0&quot;,&quot;credit&quot;:&quot;&quot;,&quot;camera&quot;:&quot;&quot;,&quot;caption&quot;:&quot;&quot;,&quot;created_timestamp&quot;:&quot;0&quot;,&quot;copyright&quot;:&quot;&quot;,&quot;focal_length&quot;:&quot;0&quot;,&quot;iso&quot;:&quot;0&quot;,&quot;shutter_speed&quot;:&quot;0&quot;,&quot;title&quot;:&quot;&quot;,&quot;orientation&quot;:&quot;0&quot;}\" data-image-title=\"171_20150310_1259\" data-image-description=\"\" data-image-caption=\"&lt;p&gt;Ve\u013ek\u00e1 Ram\u017ein\u00e1 a \u00daplaz vo Ve\u013ekej Fatre, 10.3.2015&lt;\/p&gt;\n\" data-large-file=\"https:\/\/blog.laviny.sk\/wp-content\/uploads\/2015\/03\/171_20150310_1259.jpg\" \/><\/a>\n\t\t\t<\/dt>\n\t\t\t\t<dd class='wp-caption-text gallery-caption' id='gallery-1-1630'>\n\t\t\t\tVe\u013ek\u00e1 Ram\u017ein\u00e1 a \u00daplaz vo Ve\u013ekej Fatre, 10.3.2015\n\t\t\t\t<\/dd><\/dl><br style=\"clear: both\" \/><dl class='gallery-item'>\n\t\t\t<dt class='gallery-icon landscape'>\n\t\t\t\t<a href='https:\/\/blog.laviny.sk\/?attachment_id=1631#main'><img loading=\"lazy\" decoding=\"async\" width=\"300\" height=\"225\" src=\"https:\/\/blog.laviny.sk\/wp-content\/uploads\/2015\/03\/172_20150310_1259-300x225.jpg\" class=\"attachment-medium size-medium\" alt=\"\" aria-describedby=\"gallery-1-1631\" srcset=\"https:\/\/blog.laviny.sk\/wp-content\/uploads\/2015\/03\/172_20150310_1259-300x225.jpg 300w, https:\/\/blog.laviny.sk\/wp-content\/uploads\/2015\/03\/172_20150310_1259-768x576.jpg 768w, https:\/\/blog.laviny.sk\/wp-content\/uploads\/2015\/03\/172_20150310_1259.jpg 1000w\" sizes=\"auto, (max-width: 300px) 100vw, 300px\" data-attachment-id=\"1631\" data-permalink=\"https:\/\/blog.laviny.sk\/?attachment_id=1631#main\" data-orig-file=\"https:\/\/blog.laviny.sk\/wp-content\/uploads\/2015\/03\/172_20150310_1259.jpg\" data-orig-size=\"1000,750\" data-comments-opened=\"0\" data-image-meta=\"{&quot;aperture&quot;:&quot;0&quot;,&quot;credit&quot;:&quot;&quot;,&quot;camera&quot;:&quot;&quot;,&quot;caption&quot;:&quot;&quot;,&quot;created_timestamp&quot;:&quot;0&quot;,&quot;copyright&quot;:&quot;&quot;,&quot;focal_length&quot;:&quot;0&quot;,&quot;iso&quot;:&quot;0&quot;,&quot;shutter_speed&quot;:&quot;0&quot;,&quot;title&quot;:&quot;&quot;,&quot;orientation&quot;:&quot;0&quot;}\" data-image-title=\"172_20150310_1259\" data-image-description=\"\" data-image-caption=\"&lt;p&gt;Skalka z \u00fatu\u013ene pod \u010eurkovou, N\u00edzke Tatry 10.3.2015&lt;\/p&gt;\n\" data-large-file=\"https:\/\/blog.laviny.sk\/wp-content\/uploads\/2015\/03\/172_20150310_1259.jpg\" \/><\/a>\n\t\t\t<\/dt>\n\t\t\t\t<dd class='wp-caption-text gallery-caption' id='gallery-1-1631'>\n\t\t\t\tSkalka z \u00fatu\u013ene pod \u010eurkovou, N\u00edzke Tatry 10.3.2015\n\t\t\t\t<\/dd><\/dl>\n\t\t\t<br style='clear: both' \/>\n\t\t<\/div>\n\n","protected":false},"excerpt":{"rendered":"<p>Po\u010das v\u00edkendu a\u00a0prv\u00e9 dva dni v\u00a0t\u00fd\u017edni ovplyv\u0148oval po\u010dasie na Slovensku mohutn\u00fd p\u00e1s tlakovej v\u00fd\u0161e. Prevl\u00e1dalo slne\u010dn\u00e9 po\u010dasie s\u00a0typick\u00fdm jarn\u00fdm priebehom. V\u00fdrazne sa oteplilo, teplota vzduchu nad r\u00e1nom klesala len na -4 a\u017e 0\u00b0C a\u00a0cez de\u0148 vystupovala na +5 a\u017e +10\u00b0C, v\u00a0najvy\u0161\u0161\u00edch poloh\u00e1ch Tatier -1 a\u017e 5\u00b0C. Pr\u00edjemn\u00e9 jarn\u00e9 po\u010dasie umoc\u0148oval len slab\u00fd vietor. Po\u010das stredy&hellip;<\/p>\n","protected":false},"author":1,"featured_media":1635,"comment_status":"closed","ping_status":"closed","sticky":false,"template":"","format":"standard","meta":{"jetpack_post_was_ever_published":false,"_jetpack_newsletter_access":"","_jetpack_dont_email_post_to_subs":false,"_jetpack_newsletter_tier_id":0,"_jetpack_memberships_contains_paywalled_content":false,"_jetpack_memberships_contains_paid_content":false,"footnotes":"","jetpack_publicize_message":"","jetpack_publicize_feature_enabled":true,"jetpack_social_post_already_shared":true,"jetpack_social_options":{"image_generator_settings":{"template":"highway","default_image_id":0,"font":"","enabled":false},"version":2}},"categories":[4],"tags":[8,220,66,123,126,136,149,156,166],"class_list":["post-1628","post","type-post","status-publish","format-standard","has-post-thumbnail","hentry","category-pocasie-sneh-a-laviny","tag-ams","tag-durkova","tag-lavina","tag-pocasie","tag-prislop","tag-ramzina","tag-skalka","tag-snehova-pokryvka","tag-steny"],"jetpack_publicize_connections":[],"jetpack_featured_media_url":"https:\/\/blog.laviny.sk\/wp-content\/uploads\/2015\/03\/20150309_130427_resized1.jpg","jetpack_sharing_enabled":true,"jetpack_shortlink":"https:\/\/wp.me\/p8DxWh-qg","jetpack-related-posts":[],"_links":{"self":[{"href":"https:\/\/blog.laviny.sk\/index.php?rest_route=\/wp\/v2\/posts\/1628","targetHints":{"allow":["GET"]}}],"collection":[{"href":"https:\/\/blog.laviny.sk\/index.php?rest_route=\/wp\/v2\/posts"}],"about":[{"href":"https:\/\/blog.laviny.sk\/index.php?rest_route=\/wp\/v2\/types\/post"}],"author":[{"embeddable":true,"href":"https:\/\/blog.laviny.sk\/index.php?rest_route=\/wp\/v2\/users\/1"}],"replies":[{"embeddable":true,"href":"https:\/\/blog.laviny.sk\/index.php?rest_route=%2Fwp%2Fv2%2Fcomments&post=1628"}],"version-history":[{"count":1,"href":"https:\/\/blog.laviny.sk\/index.php?rest_route=\/wp\/v2\/posts\/1628\/revisions"}],"predecessor-version":[{"id":5053,"href":"https:\/\/blog.laviny.sk\/index.php?rest_route=\/wp\/v2\/posts\/1628\/revisions\/5053"}],"wp:featuredmedia":[{"embeddable":true,"href":"https:\/\/blog.laviny.sk\/index.php?rest_route=\/wp\/v2\/media\/1635"}],"wp:attachment":[{"href":"https:\/\/blog.laviny.sk\/index.php?rest_route=%2Fwp%2Fv2%2Fmedia&parent=1628"}],"wp:term":[{"taxonomy":"category","embeddable":true,"href":"https:\/\/blog.laviny.sk\/index.php?rest_route=%2Fwp%2Fv2%2Fcategories&post=1628"},{"taxonomy":"post_tag","embeddable":true,"href":"https:\/\/blog.laviny.sk\/index.php?rest_route=%2Fwp%2Fv2%2Ftags&post=1628"}],"curies":[{"name":"wp","href":"https:\/\/api.w.org\/{rel}","templated":true}]}}