{"id":1585,"date":"2015-02-27T13:16:42","date_gmt":"2015-02-27T12:16:42","guid":{"rendered":"https:\/\/slphzs.wordpress.com\/?p=1585"},"modified":"2017-04-19T14:10:06","modified_gmt":"2017-04-19T12:10:06","slug":"priebeh-pocasia-a-snehovych-podmienok-koncom-februara-21-27-2","status":"publish","type":"post","link":"https:\/\/blog.laviny.sk\/?p=1585","title":{"rendered":"Priebeh po\u010dasia a snehov\u00fdch podmienok koncom febru\u00e1ra (21-27.2)"},"content":{"rendered":"<p>Po\u010das v\u00edkendu 21\/22 skon\u010dilo obdobie relat\u00edvne kraj\u0161ieho slne\u010dn\u00e9ho po\u010dasia. Len v\u00a0porovnan\u00ed s\u00a0predch\u00e1dzaj\u00facim t\u00fd\u017ed\u0148om f\u00fakal cez v\u00edkend ve\u013emi siln\u00fd vietor, v\u00a0N\u00edzkych Tatr\u00e1ch dosahoval a\u017e silu v\u00edchrice (&gt;21 m\/s). V\u00a0nede\u013eu popoludn\u00ed za\u010dalo po\u010dasie na Slovensku ovplyv\u0148ova\u0165 front\u00e1lne rozhranie, ktor\u00e9 prinieslo od juhu a\u00a0v\u00fdchodu ve\u013emi vlhk\u00fd vzduch a\u00a0samozrejme aj zr\u00e1\u017eky. Tie boli snehov\u00e9 spo\u010diatku iba vo vysok\u00fdch poloh\u00e1ch, v\u00a0pondelok pr\u0161alo \/ mrholilo a\u017e do v\u00fd\u0161ky 1700 m.<\/p>\n<p>Cel\u00fd nasleduj\u00faci t\u00fd\u017ede\u0148 bol takmer bez zmeny. Prevl\u00e1dalo zamra\u010den\u00e9 hmlist\u00e9 po\u010dasie so zr\u00e1\u017ekami, hranica sne\u017eenia oscilovala v rozp\u00e4t\u00ed od 1000 m do 1600 m. Celkovo pripadlo 10 \u2013 25 cm snehu, najviac po\u010das stredy (25.2) a\u00a0hlavne na severe Tatier. Sneh padal v\u00e4\u010d\u0161inou len za slab\u00e9ho a\u017e mierneho vetra a\u00a0bol vlhk\u00fd, \u010d\u00edm nevznikli takmer \u017eiadne snehov\u00e9 dosky. Priazniv\u00e1 teplota vzduchu -5 a\u017e -1\u00b0C mala za n\u00e1sledok r\u00fdchlu stabiliz\u00e1ciu a\u00a0previazanie nov\u00e9ho snehu so star\u0161\u00edm tvrd\u00fdm podkladom.<\/p>\n<p>Charakteru po\u010dasia odpovedalo aj lav\u00ednov\u00e9 nebezpe\u010denstvo. Zr\u00e1na prevl\u00e1dalo mal\u00e9 \u2013 1.stupe\u0148, popoludn\u00ed pri oteplen\u00ed \u2013 mierne, 2.stupe\u0148.<\/p>\n<p>Fotiek je vzh\u013eadom na dlhotrvaj\u00face hmlist\u00e9 po\u010dasie pomenej&#8230; \u00a0 \ud83d\ude42<\/p>\n\n\t\t<style type=\"text\/css\">\n\t\t\t#gallery-1 {\n\t\t\t\tmargin: auto;\n\t\t\t}\n\t\t\t#gallery-1 .gallery-item {\n\t\t\t\tfloat: left;\n\t\t\t\tmargin-top: 10px;\n\t\t\t\ttext-align: center;\n\t\t\t\twidth: 50%;\n\t\t\t}\n\t\t\t#gallery-1 img {\n\t\t\t\tborder: 2px solid #cfcfcf;\n\t\t\t}\n\t\t\t#gallery-1 .gallery-caption {\n\t\t\t\tmargin-left: 0;\n\t\t\t}\n\t\t\t\/* see gallery_shortcode() in wp-includes\/media.php *\/\n\t\t<\/style>\n\t\t<div data-carousel-extra='{&quot;blog_id&quot;:1,&quot;permalink&quot;:&quot;https:\/\/blog.laviny.sk\/?p=1585&quot;}' id='gallery-1' class='gallery galleryid-1585 gallery-columns-2 gallery-size-medium'><dl class='gallery-item'>\n\t\t\t<dt class='gallery-icon landscape'>\n\t\t\t\t<a href='https:\/\/blog.laviny.sk\/?attachment_id=1591#main'><img loading=\"lazy\" decoding=\"async\" width=\"300\" height=\"225\" src=\"https:\/\/blog.laviny.sk\/wp-content\/uploads\/2015\/02\/krizna_20150222_09591-300x225.jpg\" class=\"attachment-medium size-medium\" alt=\"\" aria-describedby=\"gallery-1-1591\" srcset=\"https:\/\/blog.laviny.sk\/wp-content\/uploads\/2015\/02\/krizna_20150222_09591-300x225.jpg 300w, https:\/\/blog.laviny.sk\/wp-content\/uploads\/2015\/02\/krizna_20150222_09591-768x576.jpg 768w, https:\/\/blog.laviny.sk\/wp-content\/uploads\/2015\/02\/krizna_20150222_09591.jpg 1000w\" sizes=\"auto, (max-width: 300px) 100vw, 300px\" data-attachment-id=\"1591\" data-permalink=\"https:\/\/blog.laviny.sk\/?attachment_id=1591#main\" data-orig-file=\"https:\/\/blog.laviny.sk\/wp-content\/uploads\/2015\/02\/krizna_20150222_09591.jpg\" data-orig-size=\"1000,750\" data-comments-opened=\"0\" data-image-meta=\"{&quot;aperture&quot;:&quot;0&quot;,&quot;credit&quot;:&quot;&quot;,&quot;camera&quot;:&quot;&quot;,&quot;caption&quot;:&quot;&quot;,&quot;created_timestamp&quot;:&quot;0&quot;,&quot;copyright&quot;:&quot;&quot;,&quot;focal_length&quot;:&quot;0&quot;,&quot;iso&quot;:&quot;0&quot;,&quot;shutter_speed&quot;:&quot;0&quot;,&quot;title&quot;:&quot;&quot;,&quot;orientation&quot;:&quot;0&quot;}\" data-image-title=\"Krizna_20150222_0959\" data-image-description=\"\" data-image-caption=\"&lt;p&gt;Poh\u013ead z Kr\u00ed\u017enej do Ve\u013ekej Ram\u017einej, posledn\u00fd pekn\u00fd de\u0148 22. febru\u00e1ra 2015&lt;\/p&gt;\n\" data-large-file=\"https:\/\/blog.laviny.sk\/wp-content\/uploads\/2015\/02\/krizna_20150222_09591.jpg\" \/><\/a>\n\t\t\t<\/dt>\n\t\t\t\t<dd class='wp-caption-text gallery-caption' id='gallery-1-1591'>\n\t\t\t\tPoh\u013ead z Kr\u00ed\u017enej do Ve\u013ekej Ram\u017einej, posledn\u00fd pekn\u00fd de\u0148 22. febru\u00e1ra 2015\n\t\t\t\t<\/dd><\/dl><dl class='gallery-item'>\n\t\t\t<dt class='gallery-icon landscape'>\n\t\t\t\t<a href='https:\/\/blog.laviny.sk\/?attachment_id=1592#main'><img loading=\"lazy\" decoding=\"async\" width=\"300\" height=\"225\" src=\"https:\/\/blog.laviny.sk\/wp-content\/uploads\/2015\/02\/krizna_20150223_09591-300x225.jpg\" class=\"attachment-medium size-medium\" alt=\"\" aria-describedby=\"gallery-1-1592\" srcset=\"https:\/\/blog.laviny.sk\/wp-content\/uploads\/2015\/02\/krizna_20150223_09591-300x225.jpg 300w, https:\/\/blog.laviny.sk\/wp-content\/uploads\/2015\/02\/krizna_20150223_09591-768x576.jpg 768w, https:\/\/blog.laviny.sk\/wp-content\/uploads\/2015\/02\/krizna_20150223_09591.jpg 1000w\" sizes=\"auto, (max-width: 300px) 100vw, 300px\" data-attachment-id=\"1592\" data-permalink=\"https:\/\/blog.laviny.sk\/?attachment_id=1592#main\" data-orig-file=\"https:\/\/blog.laviny.sk\/wp-content\/uploads\/2015\/02\/krizna_20150223_09591.jpg\" data-orig-size=\"1000,750\" data-comments-opened=\"0\" data-image-meta=\"{&quot;aperture&quot;:&quot;0&quot;,&quot;credit&quot;:&quot;&quot;,&quot;camera&quot;:&quot;&quot;,&quot;caption&quot;:&quot;&quot;,&quot;created_timestamp&quot;:&quot;0&quot;,&quot;copyright&quot;:&quot;&quot;,&quot;focal_length&quot;:&quot;0&quot;,&quot;iso&quot;:&quot;0&quot;,&quot;shutter_speed&quot;:&quot;0&quot;,&quot;title&quot;:&quot;&quot;,&quot;orientation&quot;:&quot;0&quot;}\" data-image-title=\"Krizna_20150223_0959\" data-image-description=\"\" data-image-caption=\"&lt;p&gt;Poh\u013ead z Kr\u00ed\u017enej po cel\u00fd t\u00fd\u017ede\u0148 (23.-27. febru\u00e1ra 2015)&lt;\/p&gt;\n\" data-large-file=\"https:\/\/blog.laviny.sk\/wp-content\/uploads\/2015\/02\/krizna_20150223_09591.jpg\" \/><\/a>\n\t\t\t<\/dt>\n\t\t\t\t<dd class='wp-caption-text gallery-caption' id='gallery-1-1592'>\n\t\t\t\tPoh\u013ead z Kr\u00ed\u017enej po cel\u00fd t\u00fd\u017ede\u0148 (23.-27. febru\u00e1ra 2015)\n\t\t\t\t<\/dd><\/dl><br style=\"clear: both\" \/><dl class='gallery-item'>\n\t\t\t<dt class='gallery-icon landscape'>\n\t\t\t\t<a href='https:\/\/blog.laviny.sk\/?attachment_id=1593#main'><img loading=\"lazy\" decoding=\"async\" width=\"300\" height=\"225\" src=\"https:\/\/blog.laviny.sk\/wp-content\/uploads\/2015\/02\/zobrak_20150221_09591-300x225.jpg\" class=\"attachment-medium size-medium\" alt=\"\" aria-describedby=\"gallery-1-1593\" srcset=\"https:\/\/blog.laviny.sk\/wp-content\/uploads\/2015\/02\/zobrak_20150221_09591-300x225.jpg 300w, https:\/\/blog.laviny.sk\/wp-content\/uploads\/2015\/02\/zobrak_20150221_09591-768x576.jpg 768w, https:\/\/blog.laviny.sk\/wp-content\/uploads\/2015\/02\/zobrak_20150221_09591.jpg 1000w\" sizes=\"auto, (max-width: 300px) 100vw, 300px\" data-attachment-id=\"1593\" data-permalink=\"https:\/\/blog.laviny.sk\/?attachment_id=1593#main\" data-orig-file=\"https:\/\/blog.laviny.sk\/wp-content\/uploads\/2015\/02\/zobrak_20150221_09591.jpg\" data-orig-size=\"1000,750\" data-comments-opened=\"0\" data-image-meta=\"{&quot;aperture&quot;:&quot;0&quot;,&quot;credit&quot;:&quot;&quot;,&quot;camera&quot;:&quot;&quot;,&quot;caption&quot;:&quot;&quot;,&quot;created_timestamp&quot;:&quot;0&quot;,&quot;copyright&quot;:&quot;&quot;,&quot;focal_length&quot;:&quot;0&quot;,&quot;iso&quot;:&quot;0&quot;,&quot;shutter_speed&quot;:&quot;0&quot;,&quot;title&quot;:&quot;&quot;,&quot;orientation&quot;:&quot;0&quot;}\" data-image-title=\"Zobrak_20150221_0959\" data-image-description=\"\" data-image-caption=\"&lt;p&gt;Slne\u010dn\u00e1 sobota v Malej Fatre&lt;\/p&gt;\n\" data-large-file=\"https:\/\/blog.laviny.sk\/wp-content\/uploads\/2015\/02\/zobrak_20150221_09591.jpg\" \/><\/a>\n\t\t\t<\/dt>\n\t\t\t\t<dd class='wp-caption-text gallery-caption' id='gallery-1-1593'>\n\t\t\t\tSlne\u010dn\u00e1 sobota v Malej Fatre\n\t\t\t\t<\/dd><\/dl><dl class='gallery-item'>\n\t\t\t<dt class='gallery-icon landscape'>\n\t\t\t\t<a href='https:\/\/blog.laviny.sk\/?attachment_id=1594#main'><img loading=\"lazy\" decoding=\"async\" width=\"300\" height=\"225\" src=\"https:\/\/blog.laviny.sk\/wp-content\/uploads\/2015\/02\/zobrak_20150222_10591-300x225.jpg\" class=\"attachment-medium size-medium\" alt=\"\" aria-describedby=\"gallery-1-1594\" srcset=\"https:\/\/blog.laviny.sk\/wp-content\/uploads\/2015\/02\/zobrak_20150222_10591-300x225.jpg 300w, https:\/\/blog.laviny.sk\/wp-content\/uploads\/2015\/02\/zobrak_20150222_10591-768x576.jpg 768w, https:\/\/blog.laviny.sk\/wp-content\/uploads\/2015\/02\/zobrak_20150222_10591.jpg 1000w\" sizes=\"auto, (max-width: 300px) 100vw, 300px\" data-attachment-id=\"1594\" data-permalink=\"https:\/\/blog.laviny.sk\/?attachment_id=1594#main\" data-orig-file=\"https:\/\/blog.laviny.sk\/wp-content\/uploads\/2015\/02\/zobrak_20150222_10591.jpg\" data-orig-size=\"1000,750\" data-comments-opened=\"0\" data-image-meta=\"{&quot;aperture&quot;:&quot;0&quot;,&quot;credit&quot;:&quot;&quot;,&quot;camera&quot;:&quot;&quot;,&quot;caption&quot;:&quot;&quot;,&quot;created_timestamp&quot;:&quot;0&quot;,&quot;copyright&quot;:&quot;&quot;,&quot;focal_length&quot;:&quot;0&quot;,&quot;iso&quot;:&quot;0&quot;,&quot;shutter_speed&quot;:&quot;0&quot;,&quot;title&quot;:&quot;&quot;,&quot;orientation&quot;:&quot;0&quot;}\" data-image-title=\"Zobrak_20150222_1059\" data-image-description=\"\" data-image-caption=\"&lt;p&gt;Posledn\u00fd pekn\u00fd de\u0148 v Malej Fatre, potom u\u017e len hmla (nedela 22.2)&lt;\/p&gt;\n\" data-large-file=\"https:\/\/blog.laviny.sk\/wp-content\/uploads\/2015\/02\/zobrak_20150222_10591.jpg\" \/><\/a>\n\t\t\t<\/dt>\n\t\t\t\t<dd class='wp-caption-text gallery-caption' id='gallery-1-1594'>\n\t\t\t\tPosledn\u00fd pekn\u00fd de\u0148 v Malej Fatre, potom u\u017e len hmla (nedela 22.2)\n\t\t\t\t<\/dd><\/dl><br style=\"clear: both\" \/><dl class='gallery-item'>\n\t\t\t<dt class='gallery-icon landscape'>\n\t\t\t\t<a href='https:\/\/blog.laviny.sk\/?attachment_id=1597#main'><img loading=\"lazy\" decoding=\"async\" width=\"300\" height=\"225\" src=\"https:\/\/blog.laviny.sk\/wp-content\/uploads\/2015\/02\/durkova_20150221_1159-300x225.jpg\" class=\"attachment-medium size-medium\" alt=\"\" aria-describedby=\"gallery-1-1597\" srcset=\"https:\/\/blog.laviny.sk\/wp-content\/uploads\/2015\/02\/durkova_20150221_1159-300x225.jpg 300w, https:\/\/blog.laviny.sk\/wp-content\/uploads\/2015\/02\/durkova_20150221_1159-768x576.jpg 768w, https:\/\/blog.laviny.sk\/wp-content\/uploads\/2015\/02\/durkova_20150221_1159.jpg 1000w\" sizes=\"auto, (max-width: 300px) 100vw, 300px\" data-attachment-id=\"1597\" data-permalink=\"https:\/\/blog.laviny.sk\/?attachment_id=1597#main\" data-orig-file=\"https:\/\/blog.laviny.sk\/wp-content\/uploads\/2015\/02\/durkova_20150221_1159.jpg\" data-orig-size=\"1000,750\" data-comments-opened=\"0\" data-image-meta=\"{&quot;aperture&quot;:&quot;0&quot;,&quot;credit&quot;:&quot;&quot;,&quot;camera&quot;:&quot;&quot;,&quot;caption&quot;:&quot;&quot;,&quot;created_timestamp&quot;:&quot;0&quot;,&quot;copyright&quot;:&quot;&quot;,&quot;focal_length&quot;:&quot;0&quot;,&quot;iso&quot;:&quot;0&quot;,&quot;shutter_speed&quot;:&quot;0&quot;,&quot;title&quot;:&quot;&quot;,&quot;orientation&quot;:&quot;0&quot;}\" data-image-title=\"Durkova_20150221_1159\" data-image-description=\"\" data-image-caption=\"&lt;p&gt;Slne\u010dn\u00e1 sobota v N\u00edzkych Tatr\u00e1ch, pr\u00edjemn\u00fd pocit ru\u0161il ve\u013emi siln\u00fd vietor&lt;\/p&gt;\n\" data-large-file=\"https:\/\/blog.laviny.sk\/wp-content\/uploads\/2015\/02\/durkova_20150221_1159.jpg\" \/><\/a>\n\t\t\t<\/dt>\n\t\t\t\t<dd class='wp-caption-text gallery-caption' id='gallery-1-1597'>\n\t\t\t\tSlne\u010dn\u00e1 sobota v N\u00edzkych Tatr\u00e1ch, pr\u00edjemn\u00fd pocit ru\u0161il ve\u013emi siln\u00fd vietor\n\t\t\t\t<\/dd><\/dl><dl class='gallery-item'>\n\t\t\t<dt class='gallery-icon landscape'>\n\t\t\t\t<a href='https:\/\/blog.laviny.sk\/?attachment_id=1598#main'><img loading=\"lazy\" decoding=\"async\" width=\"300\" height=\"225\" src=\"https:\/\/blog.laviny.sk\/wp-content\/uploads\/2015\/02\/lp_20150222_0902-300x225.jpg\" class=\"attachment-medium size-medium\" alt=\"\" aria-describedby=\"gallery-1-1598\" srcset=\"https:\/\/blog.laviny.sk\/wp-content\/uploads\/2015\/02\/lp_20150222_0902-300x225.jpg 300w, https:\/\/blog.laviny.sk\/wp-content\/uploads\/2015\/02\/lp_20150222_0902-768x576.jpg 768w, https:\/\/blog.laviny.sk\/wp-content\/uploads\/2015\/02\/lp_20150222_0902.jpg 1000w\" sizes=\"auto, (max-width: 300px) 100vw, 300px\" data-attachment-id=\"1598\" data-permalink=\"https:\/\/blog.laviny.sk\/?attachment_id=1598#main\" data-orig-file=\"https:\/\/blog.laviny.sk\/wp-content\/uploads\/2015\/02\/lp_20150222_0902.jpg\" data-orig-size=\"1000,750\" data-comments-opened=\"0\" data-image-meta=\"{&quot;aperture&quot;:&quot;0&quot;,&quot;credit&quot;:&quot;&quot;,&quot;camera&quot;:&quot;&quot;,&quot;caption&quot;:&quot;&quot;,&quot;created_timestamp&quot;:&quot;0&quot;,&quot;copyright&quot;:&quot;&quot;,&quot;focal_length&quot;:&quot;0&quot;,&quot;iso&quot;:&quot;0&quot;,&quot;shutter_speed&quot;:&quot;0&quot;,&quot;title&quot;:&quot;&quot;,&quot;orientation&quot;:&quot;0&quot;}\" data-image-title=\"LP_20150222_0902\" data-image-description=\"\" data-image-caption=\"&lt;p&gt;webcam AMS \u013dadov\u00e9 pleso, nedela 22.2.&lt;\/p&gt;\n\" data-large-file=\"https:\/\/blog.laviny.sk\/wp-content\/uploads\/2015\/02\/lp_20150222_0902.jpg\" \/><\/a>\n\t\t\t<\/dt>\n\t\t\t\t<dd class='wp-caption-text gallery-caption' id='gallery-1-1598'>\n\t\t\t\twebcam AMS \u013dadov\u00e9 pleso, nedela 22.2.\n\t\t\t\t<\/dd><\/dl><br style=\"clear: both\" \/>\n\t\t<\/div>\n\n","protected":false},"excerpt":{"rendered":"<p>Po\u010das v\u00edkendu 21\/22 skon\u010dilo obdobie relat\u00edvne kraj\u0161ieho slne\u010dn\u00e9ho po\u010dasia. Len v\u00a0porovnan\u00ed s\u00a0predch\u00e1dzaj\u00facim t\u00fd\u017ed\u0148om f\u00fakal cez v\u00edkend ve\u013emi siln\u00fd vietor, v\u00a0N\u00edzkych Tatr\u00e1ch dosahoval a\u017e silu v\u00edchrice (&gt;21 m\/s). V\u00a0nede\u013eu popoludn\u00ed za\u010dalo po\u010dasie na Slovensku ovplyv\u0148ova\u0165 front\u00e1lne rozhranie, ktor\u00e9 prinieslo od juhu a\u00a0v\u00fdchodu ve\u013emi vlhk\u00fd vzduch a\u00a0samozrejme aj zr\u00e1\u017eky. Tie boli snehov\u00e9 spo\u010diatku iba vo vysok\u00fdch poloh\u00e1ch,&hellip;<\/p>\n","protected":false},"author":1,"featured_media":1593,"comment_status":"closed","ping_status":"closed","sticky":false,"template":"","format":"standard","meta":{"jetpack_post_was_ever_published":false,"_jetpack_newsletter_access":"","_jetpack_dont_email_post_to_subs":false,"_jetpack_newsletter_tier_id":0,"_jetpack_memberships_contains_paywalled_content":false,"_jetpack_memberships_contains_paid_content":false,"footnotes":"","jetpack_publicize_message":"","jetpack_publicize_feature_enabled":true,"jetpack_social_post_already_shared":false,"jetpack_social_options":{"image_generator_settings":{"template":"highway","default_image_id":0,"font":"","enabled":false},"version":2}},"categories":[4],"tags":[33,123,154],"class_list":["post-1585","post","type-post","status-publish","format-standard","has-post-thumbnail","hentry","category-pocasie-sneh-a-laviny","tag-februar","tag-pocasie","tag-sneh"],"jetpack_publicize_connections":[],"jetpack_featured_media_url":"https:\/\/blog.laviny.sk\/wp-content\/uploads\/2015\/02\/zobrak_20150221_09591.jpg","jetpack_sharing_enabled":true,"jetpack_shortlink":"https:\/\/wp.me\/p8DxWh-pz","jetpack-related-posts":[],"_links":{"self":[{"href":"https:\/\/blog.laviny.sk\/index.php?rest_route=\/wp\/v2\/posts\/1585","targetHints":{"allow":["GET"]}}],"collection":[{"href":"https:\/\/blog.laviny.sk\/index.php?rest_route=\/wp\/v2\/posts"}],"about":[{"href":"https:\/\/blog.laviny.sk\/index.php?rest_route=\/wp\/v2\/types\/post"}],"author":[{"embeddable":true,"href":"https:\/\/blog.laviny.sk\/index.php?rest_route=\/wp\/v2\/users\/1"}],"replies":[{"embeddable":true,"href":"https:\/\/blog.laviny.sk\/index.php?rest_route=%2Fwp%2Fv2%2Fcomments&post=1585"}],"version-history":[{"count":1,"href":"https:\/\/blog.laviny.sk\/index.php?rest_route=\/wp\/v2\/posts\/1585\/revisions"}],"predecessor-version":[{"id":5055,"href":"https:\/\/blog.laviny.sk\/index.php?rest_route=\/wp\/v2\/posts\/1585\/revisions\/5055"}],"wp:featuredmedia":[{"embeddable":true,"href":"https:\/\/blog.laviny.sk\/index.php?rest_route=\/wp\/v2\/media\/1593"}],"wp:attachment":[{"href":"https:\/\/blog.laviny.sk\/index.php?rest_route=%2Fwp%2Fv2%2Fmedia&parent=1585"}],"wp:term":[{"taxonomy":"category","embeddable":true,"href":"https:\/\/blog.laviny.sk\/index.php?rest_route=%2Fwp%2Fv2%2Fcategories&post=1585"},{"taxonomy":"post_tag","embeddable":true,"href":"https:\/\/blog.laviny.sk\/index.php?rest_route=%2Fwp%2Fv2%2Ftags&post=1585"}],"curies":[{"name":"wp","href":"https:\/\/api.w.org\/{rel}","templated":true}]}}