{"id":1562,"date":"2015-02-20T14:54:33","date_gmt":"2015-02-20T13:54:33","guid":{"rendered":"https:\/\/slphzs.wordpress.com\/?p=1562"},"modified":"2017-04-19T14:09:35","modified_gmt":"2017-04-19T12:09:35","slug":"priebeh-pocasia-a-vyvoj-snehovej-pokryvky-od-valentina-po-liviu","status":"publish","type":"post","link":"https:\/\/blog.laviny.sk\/?p=1562","title":{"rendered":"Priebeh po\u010dasia a v\u00fdvoj snehovej pokr\u00fdvky od Valent\u00edna po L\u00edviu"},"content":{"rendered":"<div id=\"attachment_1563\" style=\"width: 710px\" class=\"wp-caption aligncenter\"><img loading=\"lazy\" decoding=\"async\" aria-describedby=\"caption-attachment-1563\" data-attachment-id=\"1563\" data-permalink=\"https:\/\/blog.laviny.sk\/?attachment_id=1563#main\" data-orig-file=\"https:\/\/blog.laviny.sk\/wp-content\/uploads\/2015\/02\/zc3a1ver-kamenistej-doliny-s-pohc4beadom-do-pyc5a1nc3a9ho-sedla-scaled.jpg\" data-orig-size=\"2560,1707\" data-comments-opened=\"0\" data-image-meta=\"{&quot;aperture&quot;:&quot;8&quot;,&quot;credit&quot;:&quot;&quot;,&quot;camera&quot;:&quot;PENTAX K-5 II&quot;,&quot;caption&quot;:&quot;&quot;,&quot;created_timestamp&quot;:&quot;1424005902&quot;,&quot;copyright&quot;:&quot;&quot;,&quot;focal_length&quot;:&quot;18&quot;,&quot;iso&quot;:&quot;100&quot;,&quot;shutter_speed&quot;:&quot;0.00125&quot;,&quot;title&quot;:&quot;&quot;,&quot;orientation&quot;:&quot;1&quot;}\" data-image-title=\"Z\u00e1ver Kamenistej doliny s poh\u013eadom do Py\u0161n\u00e9ho sedla\" data-image-description=\"\" data-image-caption=\"\" data-large-file=\"https:\/\/blog.laviny.sk\/wp-content\/uploads\/2015\/02\/zc3a1ver-kamenistej-doliny-s-pohc4beadom-do-pyc5a1nc3a9ho-sedla-1024x683.jpg\" class=\"wp-image-1563 size-large\" src=\"https:\/\/192.168.10.134\/wp-content\/uploads\/2015\/02\/zc3a1ver-kamenistej-doliny-s-pohc4beadom-do-pyc5a1nc3a9ho-sedla.jpg?w=700\" alt=\"\" width=\"700\" height=\"467\" \/><p id=\"caption-attachment-1563\" class=\"wp-caption-text\">Z\u00e1ver Kamenistej doliny s poh\u013eadom do Py\u0161n\u00e9ho sedla<\/p><\/div>\n<p>Od Valent\u00edna a\u017e po L\u00edviu m\u00f4\u017eeme situ\u00e1ciu pop\u00edsa\u0165 prostrednictvom mnoh\u00fdch fotografi\u00ed z arch\u00edvu Strediska lav\u00ednovej prevencie, kedy v\u00fdrazn\u00e1 a trvaj\u00faca tlakov\u00e1 v\u00fd\u0161 priniesla jasn\u00e9 dni, striedanie denn\u00fdch plusov\u00fdch tepl\u00f4t a no\u010dn\u00fdch mrazov, \u010do znamenalo v\u00fdznamn\u00fa stabiliz\u00e1ciu snehovej pokr\u00fdvky, na mnoh\u00fdch miestach vo forme tvrd\u00e9ho zmrznut\u00e9ho snehu a\u017e \u013eadu. Vo Vysok\u00fdch Tatr\u00e1ch s\u00fa naf\u00fakan\u00e9 najm\u00e4 juhov\u00fdchodn\u00e9 a v\u00fdchodn\u00e9 orient\u00e1cie. Pri prejazdoch z tienist\u00fdch \u010dast\u00ed do slne\u010dn\u00fdch s v\u00fdraznou, nie v\u0161ade nosnou k\u00f4rou, m\u00f4\u017eeme kon\u0161tatova\u0165, \u017ee v hor\u00e1ch m\u00e1me jarn\u00e9 podmienky av\u0161ak bez firnov\u00fdch snehov. Faktom je, \u017ee najv\u00e4\u010d\u0161ie mno\u017estvo snehovej pokr\u00fdvky je oblasti skialpinistick\u00e9ho are\u00e1lu \u017diarska dolina, kde sme aj minul\u00fd t\u00fd\u017ede\u0148 zaznamenali v\u00fdrazn\u00fa lav\u00ednov\u00fa aktivitu vo forme viac menej samovo\u013en\u00fdch ve\u013ek\u00fdch lav\u00edn.<\/p>\n<div id=\"attachment_1565\" style=\"width: 710px\" class=\"wp-caption aligncenter\"><img loading=\"lazy\" decoding=\"async\" aria-describedby=\"caption-attachment-1565\" data-attachment-id=\"1565\" data-permalink=\"https:\/\/blog.laviny.sk\/?attachment_id=1565#main\" data-orig-file=\"https:\/\/blog.laviny.sk\/wp-content\/uploads\/2015\/02\/automatickc3a1-meteorologickc3a1-stanica-zc3a1padnc3a9-tatry-scaled.jpg\" data-orig-size=\"2560,1707\" data-comments-opened=\"0\" data-image-meta=\"{&quot;aperture&quot;:&quot;7.1&quot;,&quot;credit&quot;:&quot;&quot;,&quot;camera&quot;:&quot;PENTAX K-5 II&quot;,&quot;caption&quot;:&quot;&quot;,&quot;created_timestamp&quot;:&quot;1424270684&quot;,&quot;copyright&quot;:&quot;&quot;,&quot;focal_length&quot;:&quot;18&quot;,&quot;iso&quot;:&quot;100&quot;,&quot;shutter_speed&quot;:&quot;0.004&quot;,&quot;title&quot;:&quot;&quot;,&quot;orientation&quot;:&quot;1&quot;}\" data-image-title=\"Automatick\u00e1 meteorologick\u00e1 stanica. Z\u00e1padn\u00e9 Tatry\" data-image-description=\"\" data-image-caption=\"\" data-large-file=\"https:\/\/blog.laviny.sk\/wp-content\/uploads\/2015\/02\/automatickc3a1-meteorologickc3a1-stanica-zc3a1padnc3a9-tatry-1024x683.jpg\" class=\"wp-image-1565 size-large\" src=\"https:\/\/192.168.10.134\/wp-content\/uploads\/2015\/02\/automatickc3a1-meteorologickc3a1-stanica-zc3a1padnc3a9-tatry.jpg?w=700\" alt=\"\" width=\"700\" height=\"467\" \/><p id=\"caption-attachment-1565\" class=\"wp-caption-text\">Automatick\u00e1 meteorologick\u00e1 stanica. Z\u00e1padn\u00e9 Tatry<\/p><\/div>\n<div id=\"attachment_1566\" style=\"width: 710px\" class=\"wp-caption aligncenter\"><img loading=\"lazy\" decoding=\"async\" aria-describedby=\"caption-attachment-1566\" data-attachment-id=\"1566\" data-permalink=\"https:\/\/blog.laviny.sk\/?attachment_id=1566#main\" data-orig-file=\"https:\/\/blog.laviny.sk\/wp-content\/uploads\/2015\/02\/dominantnc3bd-klin-a-nafc3bakanc3a9-dosky-v-jeho-vc3bdchodnej-orientc3a1cii-scaled.jpg\" data-orig-size=\"2560,1707\" data-comments-opened=\"0\" data-image-meta=\"{&quot;aperture&quot;:&quot;9&quot;,&quot;credit&quot;:&quot;&quot;,&quot;camera&quot;:&quot;PENTAX K-5 II&quot;,&quot;caption&quot;:&quot;&quot;,&quot;created_timestamp&quot;:&quot;1424012024&quot;,&quot;copyright&quot;:&quot;&quot;,&quot;focal_length&quot;:&quot;24&quot;,&quot;iso&quot;:&quot;100&quot;,&quot;shutter_speed&quot;:&quot;0.002&quot;,&quot;title&quot;:&quot;&quot;,&quot;orientation&quot;:&quot;1&quot;}\" data-image-title=\"Dominantn\u00fd Klin a naf\u00fakan\u00e9 dosky v jeho v\u00fdchodnej orient\u00e1cii\" data-image-description=\"\" data-image-caption=\"\" data-large-file=\"https:\/\/blog.laviny.sk\/wp-content\/uploads\/2015\/02\/dominantnc3bd-klin-a-nafc3bakanc3a9-dosky-v-jeho-vc3bdchodnej-orientc3a1cii-1024x683.jpg\" class=\"wp-image-1566 size-large\" src=\"https:\/\/192.168.10.134\/wp-content\/uploads\/2015\/02\/dominantnc3bd-klin-a-nafc3bakanc3a9-dosky-v-jeho-vc3bdchodnej-orientc3a1cii.jpg?w=700\" alt=\"\" width=\"700\" height=\"467\" \/><p id=\"caption-attachment-1566\" class=\"wp-caption-text\">Dominantn\u00fd Klin a naf\u00fakan\u00e9 dosky v jeho v\u00fdchodnej orient\u00e1cii<\/p><\/div>\n<div id=\"attachment_1567\" style=\"width: 710px\" class=\"wp-caption aligncenter\"><img loading=\"lazy\" decoding=\"async\" aria-describedby=\"caption-attachment-1567\" data-attachment-id=\"1567\" data-permalink=\"https:\/\/blog.laviny.sk\/?attachment_id=1567#main\" data-orig-file=\"https:\/\/blog.laviny.sk\/wp-content\/uploads\/2015\/02\/holc3bd-vrch-a-masc3adv-grec5a1ova-bez-snehu-scaled.jpg\" data-orig-size=\"2560,1707\" data-comments-opened=\"0\" data-image-meta=\"{&quot;aperture&quot;:&quot;8&quot;,&quot;credit&quot;:&quot;&quot;,&quot;camera&quot;:&quot;PENTAX K-5 II&quot;,&quot;caption&quot;:&quot;&quot;,&quot;created_timestamp&quot;:&quot;1424004094&quot;,&quot;copyright&quot;:&quot;&quot;,&quot;focal_length&quot;:&quot;18&quot;,&quot;iso&quot;:&quot;100&quot;,&quot;shutter_speed&quot;:&quot;0.0015625&quot;,&quot;title&quot;:&quot;&quot;,&quot;orientation&quot;:&quot;1&quot;}\" data-image-title=\"Hol\u00fd vrch  a mas\u00edv Gre\u0161ova bez snehu\" data-image-description=\"\" data-image-caption=\"\" data-large-file=\"https:\/\/blog.laviny.sk\/wp-content\/uploads\/2015\/02\/holc3bd-vrch-a-masc3adv-grec5a1ova-bez-snehu-1024x683.jpg\" class=\"wp-image-1567 size-large\" src=\"https:\/\/192.168.10.134\/wp-content\/uploads\/2015\/02\/holc3bd-vrch-a-masc3adv-grec5a1ova-bez-snehu.jpg?w=700\" alt=\"\" width=\"700\" height=\"467\" \/><p id=\"caption-attachment-1567\" class=\"wp-caption-text\">Hol\u00fd vrch a mas\u00edv Gre\u0161ova &#8222;bez snehu&#8220;, nede\u013ea 15.2.2015<\/p><\/div>\n<div id=\"attachment_1568\" style=\"width: 710px\" class=\"wp-caption aligncenter\"><img loading=\"lazy\" decoding=\"async\" aria-describedby=\"caption-attachment-1568\" data-attachment-id=\"1568\" data-permalink=\"https:\/\/blog.laviny.sk\/?attachment_id=1568#main\" data-orig-file=\"https:\/\/blog.laviny.sk\/wp-content\/uploads\/2015\/02\/jec5beovc3a1-nic5benc3a1-bystrc3a1-a-bystrc3a1-2248-m-v-zc3a1vere-bystrej-doliny-scaled.jpg\" data-orig-size=\"2560,1707\" data-comments-opened=\"0\" data-image-meta=\"{&quot;aperture&quot;:&quot;8&quot;,&quot;credit&quot;:&quot;&quot;,&quot;camera&quot;:&quot;PENTAX K-5 II&quot;,&quot;caption&quot;:&quot;&quot;,&quot;created_timestamp&quot;:&quot;1424006490&quot;,&quot;copyright&quot;:&quot;&quot;,&quot;focal_length&quot;:&quot;18&quot;,&quot;iso&quot;:&quot;100&quot;,&quot;shutter_speed&quot;:&quot;0.00125&quot;,&quot;title&quot;:&quot;&quot;,&quot;orientation&quot;:&quot;1&quot;}\" data-image-title=\"Je\u017eov\u00e1, Ni\u017en\u00e1 Bystr\u00e1 a Bystr\u00e1 (2248 m) v z\u00e1vere Bystrej doliny\" data-image-description=\"\" data-image-caption=\"\" data-large-file=\"https:\/\/blog.laviny.sk\/wp-content\/uploads\/2015\/02\/jec5beovc3a1-nic5benc3a1-bystrc3a1-a-bystrc3a1-2248-m-v-zc3a1vere-bystrej-doliny-1024x683.jpg\" class=\"wp-image-1568 size-large\" src=\"https:\/\/192.168.10.134\/wp-content\/uploads\/2015\/02\/jec5beovc3a1-nic5benc3a1-bystrc3a1-a-bystrc3a1-2248-m-v-zc3a1vere-bystrej-doliny.jpg?w=700\" alt=\"\" width=\"700\" height=\"467\" \/><p id=\"caption-attachment-1568\" class=\"wp-caption-text\">Je\u017eov\u00e1, Ni\u017en\u00e1 Bystr\u00e1 a Bystr\u00e1 (2248 m) v z\u00e1vere Bystrej doliny<\/p><\/div>\n<div id=\"attachment_1569\" style=\"width: 689px\" class=\"wp-caption aligncenter\"><img loading=\"lazy\" decoding=\"async\" aria-describedby=\"caption-attachment-1569\" data-attachment-id=\"1569\" data-permalink=\"https:\/\/blog.laviny.sk\/?attachment_id=1569#main\" data-orig-file=\"https:\/\/blog.laviny.sk\/wp-content\/uploads\/2015\/02\/kamenistc3a1-bez-snehu-scaled.jpg\" data-orig-size=\"1707,2560\" data-comments-opened=\"0\" data-image-meta=\"{&quot;aperture&quot;:&quot;8&quot;,&quot;credit&quot;:&quot;&quot;,&quot;camera&quot;:&quot;PENTAX K-5 II&quot;,&quot;caption&quot;:&quot;&quot;,&quot;created_timestamp&quot;:&quot;1424011954&quot;,&quot;copyright&quot;:&quot;&quot;,&quot;focal_length&quot;:&quot;18&quot;,&quot;iso&quot;:&quot;100&quot;,&quot;shutter_speed&quot;:&quot;0.0015625&quot;,&quot;title&quot;:&quot;&quot;,&quot;orientation&quot;:&quot;1&quot;}\" data-image-title=\"Kamenist\u00e1 bez snehu\" data-image-description=\"\" data-image-caption=\"\" data-large-file=\"https:\/\/blog.laviny.sk\/wp-content\/uploads\/2015\/02\/kamenistc3a1-bez-snehu-683x1024.jpg\" class=\"wp-image-1569 size-large\" src=\"https:\/\/192.168.10.134\/wp-content\/uploads\/2015\/02\/kamenistc3a1-bez-snehu.jpg?w=683\" alt=\"\" width=\"683\" height=\"1024\" \/><p id=\"caption-attachment-1569\" class=\"wp-caption-text\">Ve\u013ek\u00e1 Kamenist\u00e1 bez snehu<\/p><\/div>\n<div id=\"attachment_1570\" style=\"width: 710px\" class=\"wp-caption aligncenter\"><img loading=\"lazy\" decoding=\"async\" aria-describedby=\"caption-attachment-1570\" data-attachment-id=\"1570\" data-permalink=\"https:\/\/blog.laviny.sk\/?attachment_id=1570#main\" data-orig-file=\"https:\/\/blog.laviny.sk\/wp-content\/uploads\/2015\/02\/liptovskc3a9-krc3adc5bene-a-krivc3a1c588ske-vec5bee-vrhajc3bace-poludc588ajc5a1c3ad-tiec588-do-nefcerky-v-nedec4beu-15-2-2015-scaled.jpg\" data-orig-size=\"2560,1707\" data-comments-opened=\"0\" data-image-meta=\"{&quot;aperture&quot;:&quot;10&quot;,&quot;credit&quot;:&quot;&quot;,&quot;camera&quot;:&quot;PENTAX K-5 II&quot;,&quot;caption&quot;:&quot;&quot;,&quot;created_timestamp&quot;:&quot;1424005965&quot;,&quot;copyright&quot;:&quot;&quot;,&quot;focal_length&quot;:&quot;60&quot;,&quot;iso&quot;:&quot;100&quot;,&quot;shutter_speed&quot;:&quot;0.0025&quot;,&quot;title&quot;:&quot;&quot;,&quot;orientation&quot;:&quot;1&quot;}\" data-image-title=\"Liptovsk\u00e9 Kr\u00ed\u017ene a  Kriv\u00e1\u0148ske ve\u017ee vrhaj\u00face polud\u0148aj\u0161\u00ed tie\u0148 do Nefcerky v nede\u013eu 15.2.2015\" data-image-description=\"\" data-image-caption=\"\" data-large-file=\"https:\/\/blog.laviny.sk\/wp-content\/uploads\/2015\/02\/liptovskc3a9-krc3adc5bene-a-krivc3a1c588ske-vec5bee-vrhajc3bace-poludc588ajc5a1c3ad-tiec588-do-nefcerky-v-nedec4beu-15-2-2015-1024x683.jpg\" class=\"wp-image-1570 size-large\" src=\"https:\/\/192.168.10.134\/wp-content\/uploads\/2015\/02\/liptovskc3a9-krc3adc5bene-a-krivc3a1c588ske-vec5bee-vrhajc3bace-poludc588ajc5a1c3ad-tiec588-do-nefcerky-v-nedec4beu-15-2-2015.jpg?w=700\" alt=\"\" width=\"700\" height=\"467\" \/><p id=\"caption-attachment-1570\" class=\"wp-caption-text\">Liptovsk\u00e9 Kr\u00ed\u017ene a Kriv\u00e1\u0148ske ve\u017ee vrhaj\u00face polud\u0148aj\u0161\u00ed tie\u0148 do Nefcerky v nede\u013eu 15.2.2015<\/p><\/div>\n<div id=\"attachment_1572\" style=\"width: 710px\" class=\"wp-caption aligncenter\"><img loading=\"lazy\" decoding=\"async\" aria-describedby=\"caption-attachment-1572\" data-attachment-id=\"1572\" data-permalink=\"https:\/\/blog.laviny.sk\/?attachment_id=1572#main\" data-orig-file=\"https:\/\/blog.laviny.sk\/wp-content\/uploads\/2015\/02\/kolega-lavinc3a1r-z-poc4beskc3a9ho-topru-na-spoloc48dnom-terc3a9nnom-dni-v-c5beiarskej-doline-scaled.jpg\" data-orig-size=\"2560,1707\" data-comments-opened=\"0\" data-image-meta=\"{&quot;aperture&quot;:&quot;14&quot;,&quot;credit&quot;:&quot;&quot;,&quot;camera&quot;:&quot;PENTAX K-5 II&quot;,&quot;caption&quot;:&quot;&quot;,&quot;created_timestamp&quot;:&quot;1424259335&quot;,&quot;copyright&quot;:&quot;&quot;,&quot;focal_length&quot;:&quot;18&quot;,&quot;iso&quot;:&quot;100&quot;,&quot;shutter_speed&quot;:&quot;0.00625&quot;,&quot;title&quot;:&quot;&quot;,&quot;orientation&quot;:&quot;1&quot;}\" data-image-title=\"Kolega lavin\u00e1r z po\u013esk\u00e9ho TOPRu na spolo\u010dnom ter\u00e9nnom dni v \u017diarskej doline\" data-image-description=\"\" data-image-caption=\"\" data-large-file=\"https:\/\/blog.laviny.sk\/wp-content\/uploads\/2015\/02\/kolega-lavinc3a1r-z-poc4beskc3a9ho-topru-na-spoloc48dnom-terc3a9nnom-dni-v-c5beiarskej-doline-1024x683.jpg\" class=\"wp-image-1572 size-large\" src=\"https:\/\/192.168.10.134\/wp-content\/uploads\/2015\/02\/kolega-lavinc3a1r-z-poc4beskc3a9ho-topru-na-spoloc48dnom-terc3a9nnom-dni-v-c5beiarskej-doline.jpg?w=700\" alt=\"\" width=\"700\" height=\"467\" \/><p id=\"caption-attachment-1572\" class=\"wp-caption-text\">Kolega lavin\u00e1r z po\u013esk\u00e9ho TOPRu na spolo\u010dnom ter\u00e9nnom dni v \u017diarskej doline<\/p><\/div>\n<div id=\"attachment_1578\" style=\"width: 689px\" class=\"wp-caption aligncenter\"><img loading=\"lazy\" decoding=\"async\" aria-describedby=\"caption-attachment-1578\" data-attachment-id=\"1578\" data-permalink=\"https:\/\/blog.laviny.sk\/?attachment_id=1578#main\" data-orig-file=\"https:\/\/blog.laviny.sk\/wp-content\/uploads\/2015\/02\/tienistc3bd-kubo-scaled.jpg\" data-orig-size=\"1707,2560\" data-comments-opened=\"0\" data-image-meta=\"{&quot;aperture&quot;:&quot;20&quot;,&quot;credit&quot;:&quot;&quot;,&quot;camera&quot;:&quot;PENTAX K-5 II&quot;,&quot;caption&quot;:&quot;&quot;,&quot;created_timestamp&quot;:&quot;1424263314&quot;,&quot;copyright&quot;:&quot;&quot;,&quot;focal_length&quot;:&quot;18&quot;,&quot;iso&quot;:&quot;100&quot;,&quot;shutter_speed&quot;:&quot;0.005&quot;,&quot;title&quot;:&quot;&quot;,&quot;orientation&quot;:&quot;1&quot;}\" data-image-title=\"Tienist\u00fd Kubo\" data-image-description=\"\" data-image-caption=\"\" data-large-file=\"https:\/\/blog.laviny.sk\/wp-content\/uploads\/2015\/02\/tienistc3bd-kubo-683x1024.jpg\" class=\"wp-image-1578 size-large\" src=\"https:\/\/192.168.10.134\/wp-content\/uploads\/2015\/02\/tienistc3bd-kubo.jpg?w=683\" alt=\"\" width=\"683\" height=\"1024\" \/><p id=\"caption-attachment-1578\" class=\"wp-caption-text\">Tienist\u00fd Kubo<\/p><\/div>\n<div id=\"attachment_1573\" style=\"width: 710px\" class=\"wp-caption aligncenter\"><img loading=\"lazy\" decoding=\"async\" aria-describedby=\"caption-attachment-1573\" data-attachment-id=\"1573\" data-permalink=\"https:\/\/blog.laviny.sk\/?attachment_id=1573#main\" data-orig-file=\"https:\/\/blog.laviny.sk\/wp-content\/uploads\/2015\/02\/spoloc48dnc3a9-terc3a9nne-pozorovanie-slp-a-kolegov-z-poc4beskc3a9ho-topru-v-masc3adve-prc3adslopu-scaled.jpg\" data-orig-size=\"2560,1707\" data-comments-opened=\"0\" data-image-meta=\"{&quot;aperture&quot;:&quot;18&quot;,&quot;credit&quot;:&quot;&quot;,&quot;camera&quot;:&quot;PENTAX K-5 II&quot;,&quot;caption&quot;:&quot;&quot;,&quot;created_timestamp&quot;:&quot;1424261038&quot;,&quot;copyright&quot;:&quot;&quot;,&quot;focal_length&quot;:&quot;18&quot;,&quot;iso&quot;:&quot;100&quot;,&quot;shutter_speed&quot;:&quot;0.005&quot;,&quot;title&quot;:&quot;&quot;,&quot;orientation&quot;:&quot;1&quot;}\" data-image-title=\"Spolo\u010dn\u00e9 ter\u00e9nne pozorovanie SLP a kolegov z po\u013esk\u00e9ho TOPRu v mas\u00edve Pr\u00edslopu\" data-image-description=\"\" data-image-caption=\"\" data-large-file=\"https:\/\/blog.laviny.sk\/wp-content\/uploads\/2015\/02\/spoloc48dnc3a9-terc3a9nne-pozorovanie-slp-a-kolegov-z-poc4beskc3a9ho-topru-v-masc3adve-prc3adslopu-1024x683.jpg\" class=\"wp-image-1573 size-large\" src=\"https:\/\/192.168.10.134\/wp-content\/uploads\/2015\/02\/spoloc48dnc3a9-terc3a9nne-pozorovanie-slp-a-kolegov-z-poc4beskc3a9ho-topru-v-masc3adve-prc3adslopu.jpg?w=700\" alt=\"\" width=\"700\" height=\"467\" \/><p id=\"caption-attachment-1573\" class=\"wp-caption-text\">Spolo\u010dn\u00e9 ter\u00e9nne pozorovanie SLP HZS a kolegov z po\u013esk\u00e9ho TOPRu v mas\u00edve Pr\u00edslopu<\/p><\/div>\n<div id=\"attachment_1575\" style=\"width: 710px\" class=\"wp-caption aligncenter\"><img loading=\"lazy\" decoding=\"async\" aria-describedby=\"caption-attachment-1575\" data-attachment-id=\"1575\" data-permalink=\"https:\/\/blog.laviny.sk\/?attachment_id=1575#main\" data-orig-file=\"https:\/\/blog.laviny.sk\/wp-content\/uploads\/2015\/02\/pohc4bead-do-ludc3a1rovej-doliny-ponad-kamzc3adc48diu-vec5beu-scaled.jpg\" data-orig-size=\"2560,1707\" data-comments-opened=\"0\" data-image-meta=\"{&quot;aperture&quot;:&quot;8&quot;,&quot;credit&quot;:&quot;&quot;,&quot;camera&quot;:&quot;PENTAX K-5 II&quot;,&quot;caption&quot;:&quot;&quot;,&quot;created_timestamp&quot;:&quot;1424091907&quot;,&quot;copyright&quot;:&quot;&quot;,&quot;focal_length&quot;:&quot;18&quot;,&quot;iso&quot;:&quot;100&quot;,&quot;shutter_speed&quot;:&quot;0.002&quot;,&quot;title&quot;:&quot;&quot;,&quot;orientation&quot;:&quot;1&quot;}\" data-image-title=\"Poh\u013ead do Lud\u00e1rovej doliny ponad Kamz\u00ed\u010diu ve\u017eu\" data-image-description=\"\" data-image-caption=\"\" data-large-file=\"https:\/\/blog.laviny.sk\/wp-content\/uploads\/2015\/02\/pohc4bead-do-ludc3a1rovej-doliny-ponad-kamzc3adc48diu-vec5beu-1024x683.jpg\" class=\"wp-image-1575 size-large\" src=\"https:\/\/192.168.10.134\/wp-content\/uploads\/2015\/02\/pohc4bead-do-ludc3a1rovej-doliny-ponad-kamzc3adc48diu-vec5beu.jpg?w=700\" alt=\"\" width=\"700\" height=\"467\" \/><p id=\"caption-attachment-1575\" class=\"wp-caption-text\">Poh\u013ead do Bystrej doliny ponad Kamz\u00ed\u010diu ve\u017eu<\/p><\/div>\n<div id=\"attachment_1576\" style=\"width: 710px\" class=\"wp-caption aligncenter\"><img loading=\"lazy\" decoding=\"async\" aria-describedby=\"caption-attachment-1576\" data-attachment-id=\"1576\" data-permalink=\"https:\/\/blog.laviny.sk\/?attachment_id=1576#main\" data-orig-file=\"https:\/\/blog.laviny.sk\/wp-content\/uploads\/2015\/02\/svahy-sinnej-choc48da-a-lyc5beiarskeho-strediska-kubc3adnska-hoc4bea-dlhc3bdm-sklom-z-c48fumbiera-scaled.jpg\" data-orig-size=\"2560,1707\" data-comments-opened=\"0\" data-image-meta=\"{&quot;aperture&quot;:&quot;8&quot;,&quot;credit&quot;:&quot;&quot;,&quot;camera&quot;:&quot;PENTAX K-5 II&quot;,&quot;caption&quot;:&quot;&quot;,&quot;created_timestamp&quot;:&quot;1424091817&quot;,&quot;copyright&quot;:&quot;&quot;,&quot;focal_length&quot;:&quot;135&quot;,&quot;iso&quot;:&quot;100&quot;,&quot;shutter_speed&quot;:&quot;0.0025&quot;,&quot;title&quot;:&quot;&quot;,&quot;orientation&quot;:&quot;1&quot;}\" data-image-title=\"Svahy Sinnej, Cho\u010da a ly\u017eiarskeho strediska Kub\u00ednska ho\u013ea dlh\u00fdm sklom z \u010eumbiera\" data-image-description=\"\" data-image-caption=\"\" data-large-file=\"https:\/\/blog.laviny.sk\/wp-content\/uploads\/2015\/02\/svahy-sinnej-choc48da-a-lyc5beiarskeho-strediska-kubc3adnska-hoc4bea-dlhc3bdm-sklom-z-c48fumbiera-1024x683.jpg\" class=\"wp-image-1576 size-large\" src=\"https:\/\/192.168.10.134\/wp-content\/uploads\/2015\/02\/svahy-sinnej-choc48da-a-lyc5beiarskeho-strediska-kubc3adnska-hoc4bea-dlhc3bdm-sklom-z-c48fumbiera.jpg?w=700\" alt=\"\" width=\"700\" height=\"467\" \/><p id=\"caption-attachment-1576\" class=\"wp-caption-text\">Svahy Sinnej, Cho\u010da a ly\u017eiarskeho strediska Kub\u00ednska ho\u013ea dlh\u00fdm sklom z \u010eumbiera<\/p><\/div>\n<div id=\"attachment_1577\" style=\"width: 710px\" class=\"wp-caption aligncenter\"><img loading=\"lazy\" decoding=\"async\" aria-describedby=\"caption-attachment-1577\" data-attachment-id=\"1577\" data-permalink=\"https:\/\/blog.laviny.sk\/?attachment_id=1577#main\" data-orig-file=\"https:\/\/blog.laviny.sk\/wp-content\/uploads\/2015\/02\/svahy-vec4bekc3a9ho-gc3a1pc4bea-c3baplne-bez-snehovej-pokrc3bdvky-scaled.jpg\" data-orig-size=\"2560,1707\" data-comments-opened=\"0\" data-image-meta=\"{&quot;aperture&quot;:&quot;8&quot;,&quot;credit&quot;:&quot;&quot;,&quot;camera&quot;:&quot;PENTAX K-5 II&quot;,&quot;caption&quot;:&quot;&quot;,&quot;created_timestamp&quot;:&quot;1424090973&quot;,&quot;copyright&quot;:&quot;&quot;,&quot;focal_length&quot;:&quot;18&quot;,&quot;iso&quot;:&quot;100&quot;,&quot;shutter_speed&quot;:&quot;0.00125&quot;,&quot;title&quot;:&quot;&quot;,&quot;orientation&quot;:&quot;1&quot;}\" data-image-title=\"Svahy Ve\u013ek\u00e9ho G\u00e1p\u013ea \u00faplne bez snehovej pokr\u00fdvky\" data-image-description=\"\" data-image-caption=\"\" data-large-file=\"https:\/\/blog.laviny.sk\/wp-content\/uploads\/2015\/02\/svahy-vec4bekc3a9ho-gc3a1pc4bea-c3baplne-bez-snehovej-pokrc3bdvky-1024x683.jpg\" class=\"wp-image-1577 size-large\" src=\"https:\/\/192.168.10.134\/wp-content\/uploads\/2015\/02\/svahy-vec4bekc3a9ho-gc3a1pc4bea-c3baplne-bez-snehovej-pokrc3bdvky.jpg?w=700\" alt=\"\" width=\"700\" height=\"467\" \/><p id=\"caption-attachment-1577\" class=\"wp-caption-text\">Svahy Ve\u013ek\u00e9ho G\u00e1p\u013ea \u00faplne bez snehovej pokr\u00fdvky<\/p><\/div>\n<div id=\"attachment_1580\" style=\"width: 710px\" class=\"wp-caption aligncenter\"><img loading=\"lazy\" decoding=\"async\" aria-describedby=\"caption-attachment-1580\" data-attachment-id=\"1580\" data-permalink=\"https:\/\/blog.laviny.sk\/?attachment_id=1580#main\" data-orig-file=\"https:\/\/blog.laviny.sk\/wp-content\/uploads\/2015\/02\/snapshot_20150220_1442421.png\" data-orig-size=\"1503,898\" data-comments-opened=\"0\" data-image-meta=\"{&quot;aperture&quot;:&quot;0&quot;,&quot;credit&quot;:&quot;&quot;,&quot;camera&quot;:&quot;&quot;,&quot;caption&quot;:&quot;&quot;,&quot;created_timestamp&quot;:&quot;0&quot;,&quot;copyright&quot;:&quot;&quot;,&quot;focal_length&quot;:&quot;0&quot;,&quot;iso&quot;:&quot;0&quot;,&quot;shutter_speed&quot;:&quot;0&quot;,&quot;title&quot;:&quot;&quot;,&quot;orientation&quot;:&quot;0&quot;}\" data-image-title=\"snapshot_20150220_144242\" data-image-description=\"\" data-image-caption=\"\" data-large-file=\"https:\/\/blog.laviny.sk\/wp-content\/uploads\/2015\/02\/snapshot_20150220_1442421-1024x612.png\" class=\"wp-image-1580 size-large\" src=\"https:\/\/192.168.10.134\/wp-content\/uploads\/2015\/02\/snapshot_20150220_1442421.png?w=700\" alt=\"\" width=\"700\" height=\"418\" srcset=\"https:\/\/blog.laviny.sk\/wp-content\/uploads\/2015\/02\/snapshot_20150220_1442421.png 1503w, https:\/\/blog.laviny.sk\/wp-content\/uploads\/2015\/02\/snapshot_20150220_1442421-300x179.png 300w, https:\/\/blog.laviny.sk\/wp-content\/uploads\/2015\/02\/snapshot_20150220_1442421-1024x612.png 1024w, https:\/\/blog.laviny.sk\/wp-content\/uploads\/2015\/02\/snapshot_20150220_1442421-768x459.png 768w\" sizes=\"auto, (max-width: 700px) 100vw, 700px\" \/><p id=\"caption-attachment-1580\" class=\"wp-caption-text\">Teplotn\u00fd graf zo \u0160trbsk\u00e9ho plesa, kde vidno striedanie no\u010dn\u00fdch a denn\u00fdch tepl\u00f4t, \u010do v\u00fdrazne prispelo k stabiliz\u00e1cii snehovej pokr\u00fdvky.\u00a0\u00a0\u00a0 <em>Zdroj d\u00e1t: <strong>SHM\u00da<\/strong><\/em><\/p><\/div>\n<p><strong>Lav\u00ednov\u00e1 situ\u00e1cia d\u0148a 20.2.2015:\u00a0<\/strong><\/p>\n<p>Vo v\u0161etk\u00fdch pohoriach na Slovensku je v dopolud\u0148aj\u0161\u00edch hodin\u00e1ch MAL\u00c9 lav\u00ednov\u00e9 nebezpe\u010denstvo, t.j. 1. stupe\u0148 z 5-dielnej medzin\u00e1rodnej stupnice, popoludn\u00ed v\u0161ak st\u00fapne na MIERNE, t.j. 2. stupe\u0148. Snehov\u00e1 pokr\u00fdvka je v\u0161eobecne dobre spevnen\u00e1 a stabiln\u00e1. Uvo\u013enenie lav\u00edn je mo\u017en\u00e9 hlavne pri ve\u013ekom dodato\u010dnom za\u0165a\u017een\u00ed na ojedinel\u00fdch ploch\u00e1ch vo ve\u013emi strmom, extr\u00e9mnom ter\u00e9ne. V priebehu d\u0148a sa pri oteplen\u00ed m\u00f4\u017eu na slnkom osvieten\u00fdch svahoch uvo\u013eni\u0165 spont\u00e1nne splazy a mal\u00e9 lav\u00edny z vlhk\u00e9ho a mokr\u00e9ho snehu. Ve\u013ek\u00e9 spont\u00e1nne lav\u00edny sa nepredpokladaj\u00fa. Hlavne v \u00a0juhov\u00fdchodn\u00fdch a v\u00fdchodn\u00fdch \u017e\u013eaboch sa m\u00f4\u017eu nach\u00e1dza\u0165 e\u0161te st\u00e1le nebezpe\u010dn\u00e9 snehov\u00e9 vank\u00fa\u0161e z previateho snehu z predch\u00e1dzaj\u00facej periody sne\u017eenia o v\u00fd\u0161ke aj viac ako 0.5 m hlavne v Z\u00e1padn\u00fdch a Vysok\u00fdch Tatr\u00e1ch.<\/p>\n<p><strong>Po\u010dasie a snehov\u00e1 pokr\u00fdvka d\u0148a 20.2.2015<\/strong><\/p>\n<p>Dnes r\u00e1no bolo na hor\u00e1ch poloobla\u010dno, oteplenie trv\u00e1. \u00a0R\u00e1no sa teplota vzduchu na hrebe\u0148och pohybovala v rozp\u00e4t\u00ed od -2,5 \u00b0C \u00a0na Lomnickom \u0161t\u00edte do -0,1\u00b0C (AMS \u010eurkov\u00e1), najchladnej\u0161ie bolo dnes r\u00e1no na Podbanskom, -10\u00b0C. Na hrebe\u0148och f\u00fakal mierny a\u017e \u010derstv\u00fd vietor juhoz\u00e1padn\u00fdch smerov s r\u00fdchlos\u0165ou do 25 km\/hod. Za posledn\u00fdch 24 hod\u00edn nov\u00fd sneh nepripadol. Na mnoh\u00fdch miestach sa na svahoch nach\u00e1dzaj\u00fa nebezpe\u010dn\u00e9 snehov\u00e9 dosky a vank\u00fa\u0161e. Striedanie no\u010dn\u00fdch z\u00e1porn\u00fdch tepl\u00f4t vzduchu a denn\u00fdch kladn\u00fdch \u00a0stabilizovalo snehov\u00fa \u00a0pokr\u00fdvku, ktor\u00e1 najm\u00e4 v hrebe\u0148ov\u00fdch parti\u00e1ch vykazuje formu \u013eadu po\u010das cel\u00e9ho d\u0148a. Snehov\u00e1 pokr\u00fdvka v\u0161ak m\u00f4\u017ee okolo poludnia o\u0165a\u017eieva\u0165, sneh najm\u00e4 na ju\u017en\u00fdch orient\u00e1ciach m\u00f4\u017ee vykazova\u0165 zn\u00e1mky odm\u00e4ku v celom v\u00fd\u0161kovom profile N\u00edzkych Tatier a Fatier. St\u00e1le v\u0161ak plat\u00ed, \u017ee povrch snehovej pokr\u00fdvky je z r\u00e1na zmrznut\u00fd, na severn\u00fdch svahoch s k\u00f4rou r\u00f4znych kval\u00edt pod ktorou sa m\u00f4\u017eu nach\u00e1dza\u0165 nestabiln\u00e9 formy snehu typick\u00e9 pre tienist\u00e9 severn\u00e9 svahy.<\/p>\n<p><strong>Predpove\u010f po\u010dasia na v\u00edkend:<\/strong><\/p>\n<p>Preva\u017ene polojasno, prechodne a\u017e obla\u010dno, na podhor\u00ed s rann\u00fdmi hmlami. Postupne veterno a v priebehu noci zo soboty na nede\u013eu kulmin\u00e1cia vetra, kotr\u00fd m\u00f4\u017ee kr\u00e1tkodobo v n\u00e1razoch dosahova\u0165 r\u00fdchlos\u0165 120 km\/h, \u010do pod\u013ea Beaufortovej stupnice znamen\u00e1 mohutn\u00fa v\u00edchricu a\u017e ork\u00e1n! Teplota vo v\u00fd\u0161ke 1500 m, 1 a\u017e -3\u00b0C. V nede\u013eu preva\u017ene ve\u013ek\u00e1 obla\u010dnos\u0165 a miestami sne\u017eenie.<\/p>\n<p>Opakujem, st\u00e1le plat\u00ed, \u017ee snehov\u00e1 pokr\u00fdvka je zr\u00e1na zmrznut\u00e1 a pohyb vo vysohorskom prostred\u00ed si vy\u017eaduje potrebn\u00fd technick\u00fd materi\u00e1l, tz. st\u00fapacie \u017eelez\u00e1, pali\u010dky, horolezeck\u00fd \u010dakan a prilbu! Lav\u00ednov\u00e1 situ\u00e1cia m\u00e1 st\u00e1le lok\u00e1lny charakter a situ\u00e1cia si vy\u017eaduje schopnos\u0165 pos\u00fadenia stability snehovej pokr\u00fdvky, najm\u00e4 v tienist\u00fdch svahoch severnej orient\u00e1cie, pri prechode naf\u00fakan\u00fdch dosiek a aj rozmerovo mal\u00fdch ter\u00e9nnych depresi\u00ed a pasc\u00ed! Nezabudnite, aj stupe\u0148 \u010d. 1. je stupe\u0148 lav\u00ednov\u00e9ho nebezpe\u010denstva!<\/p>\n","protected":false},"excerpt":{"rendered":"<p>Od Valent\u00edna a\u017e po L\u00edviu m\u00f4\u017eeme situ\u00e1ciu pop\u00edsa\u0165 prostrednictvom mnoh\u00fdch fotografi\u00ed z arch\u00edvu Strediska lav\u00ednovej prevencie, kedy v\u00fdrazn\u00e1 a trvaj\u00faca tlakov\u00e1 v\u00fd\u0161 priniesla jasn\u00e9 dni, striedanie denn\u00fdch plusov\u00fdch tepl\u00f4t a no\u010dn\u00fdch mrazov, \u010do znamenalo v\u00fdznamn\u00fa stabiliz\u00e1ciu snehovej pokr\u00fdvky, na mnoh\u00fdch miestach vo forme tvrd\u00e9ho zmrznut\u00e9ho snehu a\u017e \u013eadu. Vo Vysok\u00fdch Tatr\u00e1ch s\u00fa naf\u00fakan\u00e9 najm\u00e4 juhov\u00fdchodn\u00e9&hellip;<\/p>\n","protected":false},"author":1,"featured_media":1573,"comment_status":"closed","ping_status":"closed","sticky":false,"template":"","format":"standard","meta":{"jetpack_post_was_ever_published":false,"_jetpack_newsletter_access":"","_jetpack_dont_email_post_to_subs":false,"_jetpack_newsletter_tier_id":0,"_jetpack_memberships_contains_paywalled_content":false,"_jetpack_memberships_contains_paid_content":false,"footnotes":"","jetpack_publicize_message":"","jetpack_publicize_feature_enabled":true,"jetpack_social_post_already_shared":false,"jetpack_social_options":{"image_generator_settings":{"template":"highway","default_image_id":0,"font":"","enabled":false},"version":2}},"categories":[4],"tags":[79,123,154],"class_list":["post-1562","post","type-post","status-publish","format-standard","has-post-thumbnail","hentry","category-pocasie-sneh-a-laviny","tag-laviny","tag-pocasie","tag-sneh"],"jetpack_publicize_connections":[],"jetpack_featured_media_url":"https:\/\/blog.laviny.sk\/wp-content\/uploads\/2015\/02\/spoloc48dnc3a9-terc3a9nne-pozorovanie-slp-a-kolegov-z-poc4beskc3a9ho-topru-v-masc3adve-prc3adslopu-scaled.jpg","jetpack_sharing_enabled":true,"jetpack_shortlink":"https:\/\/wp.me\/p8DxWh-pc","jetpack-related-posts":[],"_links":{"self":[{"href":"https:\/\/blog.laviny.sk\/index.php?rest_route=\/wp\/v2\/posts\/1562","targetHints":{"allow":["GET"]}}],"collection":[{"href":"https:\/\/blog.laviny.sk\/index.php?rest_route=\/wp\/v2\/posts"}],"about":[{"href":"https:\/\/blog.laviny.sk\/index.php?rest_route=\/wp\/v2\/types\/post"}],"author":[{"embeddable":true,"href":"https:\/\/blog.laviny.sk\/index.php?rest_route=\/wp\/v2\/users\/1"}],"replies":[{"embeddable":true,"href":"https:\/\/blog.laviny.sk\/index.php?rest_route=%2Fwp%2Fv2%2Fcomments&post=1562"}],"version-history":[{"count":1,"href":"https:\/\/blog.laviny.sk\/index.php?rest_route=\/wp\/v2\/posts\/1562\/revisions"}],"predecessor-version":[{"id":5054,"href":"https:\/\/blog.laviny.sk\/index.php?rest_route=\/wp\/v2\/posts\/1562\/revisions\/5054"}],"wp:featuredmedia":[{"embeddable":true,"href":"https:\/\/blog.laviny.sk\/index.php?rest_route=\/wp\/v2\/media\/1573"}],"wp:attachment":[{"href":"https:\/\/blog.laviny.sk\/index.php?rest_route=%2Fwp%2Fv2%2Fmedia&parent=1562"}],"wp:term":[{"taxonomy":"category","embeddable":true,"href":"https:\/\/blog.laviny.sk\/index.php?rest_route=%2Fwp%2Fv2%2Fcategories&post=1562"},{"taxonomy":"post_tag","embeddable":true,"href":"https:\/\/blog.laviny.sk\/index.php?rest_route=%2Fwp%2Fv2%2Ftags&post=1562"}],"curies":[{"name":"wp","href":"https:\/\/api.w.org\/{rel}","templated":true}]}}