{"id":1392,"date":"2015-01-22T13:22:36","date_gmt":"2015-01-22T12:22:36","guid":{"rendered":"https:\/\/slphzs.wordpress.com\/?p=1392"},"modified":"2017-04-19T14:15:40","modified_gmt":"2017-04-19T12:15:40","slug":"priebeh-pocasia-od-17-do-23-januara-2015","status":"publish","type":"post","link":"https:\/\/blog.laviny.sk\/?p=1392","title":{"rendered":"Priebeh po\u010dasia od 17. do 23. janu\u00e1ra 2015"},"content":{"rendered":"<p><em><strong>Vetern\u00fd v\u00edkend<\/strong><\/em><\/p>\n<p style=\"text-align: justify;\">V\u00edkend 17. a 18. janu\u00e1ra 2015 bolo na hor\u00e1ch pri poloobla\u010dnom a\u017e zamra\u010denom po\u010das\u00ed hlavne v sobotu ve\u013emi veterno. Nov\u00e9ho snehu takmer nepribudlo, iba p\u00e1r cm v najvy\u0161\u0161\u00edch poloh\u00e1ch Tatier. Najveternej\u0161ie bolo na severe. Na Lomnickom \u0161t\u00edte namerali n\u00e1raz vetra o r\u00fdchlosti a\u017e 46,5 m\/s (167,4 km\/hod.) a na Kasprovom vrchu 39 m\/s (140,4 km\/hod.).<\/p>\n<p><strong>Miesto\u00a0\u00a0\u00a0\u00a0\u00a0\u00a0\u00a0\u00a0\u00a0\u00a0\u00a0\u00a0\u00a0\u00a0\u00a0\u00a0\u00a0\u00a0\u00a0\u00a0\u00a0\u00a0 D\u00e1tum\u00a0\u00a0\u00a0\u00a0\u00a0\u00a0\u00a0\u00a0\u00a0\u00a0\u00a0 \u010cas\u00a0\u00a0\u00a0\u00a0\u00a0\u00a0\u00a0\u00a0\u00a0\u00a0\u00a0\u00a0 \u00a0 \u00a0 \u00a0 \u00a0\u00a0\u00a0\u00a0\u00a0\u00a0\u00a0\u00a0\u00a0\u00a0 R\u00fdchlos\u0165 <\/strong><br \/>\n<strong>\u00a0\u00a0\u00a0\u00a0\u00a0\u00a0\u00a0\u00a0\u00a0\u00a0\u00a0\u00a0\u00a0\u00a0\u00a0\u00a0\u00a0\u00a0\u00a0\u00a0\u00a0\u00a0\u00a0\u00a0\u00a0\u00a0\u00a0\u00a0\u00a0\u00a0\u00a0\u00a0\u00a0\u00a0\u00a0\u00a0\u00a0\u00a0\u00a0\u00a0\u00a0\u00a0\u00a0\u00a0\u00a0\u00a0\u00a0\u00a0\u00a0\u00a0\u00a0\u00a0\u00a0\u00a0\u00a0\u00a0\u00a0\u00a0\u00a0\u00a0\u00a0\u00a0\u00a0\u00a0\u00a0\u00a0\u00a0\u00a0\u00a0\u00a0\u00a0\u00a0\u00a0\u00a0\u00a0\u00a0\u00a0\u00a0\u00a0\u00a0\u00a0\u00a0\u00a0\u00a0 m\/s\u00a0\u00a0\u00a0\u00a0\u00a0\u00a0\u00a0\u00a0\u00a0\u00a0 km\/hod<\/strong><br \/>\nLomnick\u00fd \u0161t\u00edt\u00a0\u00a0\u00a0\u00a0\u00a0\u00a0\u00a0\u00a0\u00a0\u00a0\u00a0\u00a0 17.1.2015\u00a0\u00a0\u00a0\u00a0\u00a0\u00a0 Medzi 4. a 5. hod.\u00a0\u00a0\u00a0 <strong>46,5<\/strong>\u00a0\u00a0\u00a0\u00a0\u00a0\u00a0\u00a0\u00a0\u00a0\u00a0 <strong>167,4<\/strong><br \/>\nKasprov vrch\u00a0\u00a0\u00a0\u00a0\u00a0\u00a0\u00a0\u00a0\u00a0\u00a0\u00a0\u00a0\u00a0 17.1.2015\u00a0\u00a0\u00a0\u00a0\u00a0\u00a0 Okolo 4. hod.\u00a0\u00a0\u00a0\u00a0\u00a0\u00a0\u00a0\u00a0\u00a0\u00a0 <strong>39<\/strong>\u00a0\u00a0\u00a0\u00a0\u00a0\u00a0\u00a0\u00a0\u00a0\u00a0\u00a0\u00a0\u00a0<strong> 140,4<\/strong><br \/>\nChopok\u00a0\u00a0\u00a0\u00a0\u00a0\u00a0\u00a0\u00a0\u00a0\u00a0\u00a0\u00a0\u00a0\u00a0\u00a0\u00a0\u00a0\u00a0\u00a0\u00a0 17.1.2015\u00a0\u00a0\u00a0\u00a0\u00a0\u00a0 Okolo 7,30 hod.\u00a0\u00a0\u00a0\u00a0\u00a0\u00a0\u00a0 <strong>32,5<\/strong>\u00a0\u00a0\u00a0\u00a0\u00a0\u00a0\u00a0\u00a0\u00a0\u00a0 <strong>117<\/strong><br \/>\nKasprov vrch\u00a0\u00a0\u00a0\u00a0\u00a0\u00a0\u00a0\u00a0\u00a0\u00a0\u00a0\u00a0\u00a0 18.1.2015\u00a0\u00a0\u00a0\u00a0\u00a0\u00a0 Po polnoci \u00a0 \u00a0 \u00a0 \u00a0 \u00a0 \u00a0 \u00a0 <strong>28<\/strong>\u00a0\u00a0\u00a0\u00a0\u00a0\u00a0\u00a0\u00a0\u00a0\u00a0\u00a0\u00a0\u00a0 <strong>100,8<\/strong><br \/>\nLomnick\u00fd \u0161t\u00edt\u00a0\u00a0\u00a0\u00a0\u00a0\u00a0\u00a0\u00a0\u00a0\u00a0\u00a0\u00a0 18.1.2015\u00a0\u00a0\u00a0\u00a0\u00a0\u00a0 Okolo 4. hod.\u00a0\u00a0\u00a0\u00a0\u00a0\u00a0\u00a0\u00a0\u00a0<strong> 31,5<\/strong>\u00a0\u00a0\u00a0\u00a0\u00a0\u00a0\u00a0\u00a0\u00a0\u00a0\u00a0 <strong>113,4<\/strong><\/p>\n<p style=\"text-align: justify;\">Vietor obmedzoval pohyb os\u00f4b v horsk\u00fdch oblastiach a tie\u017e aj prev\u00e1dzku osobn\u00fdch horsk\u00fdch dopravn\u00fdch zariaden\u00ed. V priebehu nedele sa vietor za\u010dal uti\u0161ova\u0165.<\/p>\n<p><em><strong>&#8222;Po\u010dasie ako cez kopir\u00e1k&#8220;<\/strong><\/em><\/p>\n<p style=\"text-align: justify;\">Od pondelka (19.1.) do stredy (21.1.) bolo po\u010dasie rovnak\u00e9 &#8211; z r\u00e1na zamra\u010den\u00e9, na mnoh\u00fdch miestach s hmlou, teplotami r\u00e1no od -9\u00b0 do -1\u00b0 C, pri\u010dom na mnoh\u00fdch miestach sa v priebehu d\u0148a obla\u010dnos\u0165 roztrhala. Teploty vzduchu v nadmorskej v\u00fd\u0161ke 1500 m sa pohybovali okolo 0\u00b0 C alebo aj nad bodom mrazu. Nov\u00fd sneh napadol len v stredu, aj to len p\u00e1r cm v Tatr\u00e1ch nad r\u00e1nom. F\u00fakal u\u017e len slab\u00fd a\u017e mierny vietor s r\u00fdchlos\u0165ou maxim\u00e1lne do 30 km\/hod.preva\u017ene ju\u017en\u00fdch, len miestami z\u00e1padn\u00fdch smerov.<\/p>\n\n\t\t<style type=\"text\/css\">\n\t\t\t#gallery-1 {\n\t\t\t\tmargin: auto;\n\t\t\t}\n\t\t\t#gallery-1 .gallery-item {\n\t\t\t\tfloat: left;\n\t\t\t\tmargin-top: 10px;\n\t\t\t\ttext-align: center;\n\t\t\t\twidth: 33%;\n\t\t\t}\n\t\t\t#gallery-1 img {\n\t\t\t\tborder: 2px solid #cfcfcf;\n\t\t\t}\n\t\t\t#gallery-1 .gallery-caption {\n\t\t\t\tmargin-left: 0;\n\t\t\t}\n\t\t\t\/* see gallery_shortcode() in wp-includes\/media.php *\/\n\t\t<\/style>\n\t\t<div data-carousel-extra='{&quot;blog_id&quot;:1,&quot;permalink&quot;:&quot;https:\/\/blog.laviny.sk\/?p=1392&quot;}' id='gallery-1' class='gallery galleryid-1392 gallery-columns-3 gallery-size-medium'><dl class='gallery-item'>\n\t\t\t<dt class='gallery-icon landscape'>\n\t\t\t\t<a href='https:\/\/blog.laviny.sk\/?attachment_id=1405#main'><img loading=\"lazy\" decoding=\"async\" width=\"300\" height=\"169\" src=\"https:\/\/blog.laviny.sk\/wp-content\/uploads\/2015\/01\/pohlad-zo-salatc3adna-na-zc3a1pad-300x169.jpg\" class=\"attachment-medium size-medium\" alt=\"\" aria-describedby=\"gallery-1-1405\" srcset=\"https:\/\/blog.laviny.sk\/wp-content\/uploads\/2015\/01\/pohlad-zo-salatc3adna-na-zc3a1pad-300x169.jpg 300w, https:\/\/blog.laviny.sk\/wp-content\/uploads\/2015\/01\/pohlad-zo-salatc3adna-na-zc3a1pad-768x432.jpg 768w, https:\/\/blog.laviny.sk\/wp-content\/uploads\/2015\/01\/pohlad-zo-salatc3adna-na-zc3a1pad-460x260.jpg 460w, https:\/\/blog.laviny.sk\/wp-content\/uploads\/2015\/01\/pohlad-zo-salatc3adna-na-zc3a1pad.jpg 1000w\" sizes=\"auto, (max-width: 300px) 100vw, 300px\" data-attachment-id=\"1405\" data-permalink=\"https:\/\/blog.laviny.sk\/?attachment_id=1405#main\" data-orig-file=\"https:\/\/blog.laviny.sk\/wp-content\/uploads\/2015\/01\/pohlad-zo-salatc3adna-na-zc3a1pad.jpg\" data-orig-size=\"1000,562\" data-comments-opened=\"0\" data-image-meta=\"{&quot;aperture&quot;:&quot;2.6&quot;,&quot;credit&quot;:&quot;&quot;,&quot;camera&quot;:&quot;GT-I9195&quot;,&quot;caption&quot;:&quot;&quot;,&quot;created_timestamp&quot;:&quot;1421665280&quot;,&quot;copyright&quot;:&quot;&quot;,&quot;focal_length&quot;:&quot;3.7&quot;,&quot;iso&quot;:&quot;50&quot;,&quot;shutter_speed&quot;:&quot;0.00022867596615596&quot;,&quot;title&quot;:&quot;&quot;,&quot;orientation&quot;:&quot;1&quot;}\" data-image-title=\"Pohlad zo Salat\u00edna na Z\u00e1pad\" data-image-description=\"\" data-image-caption=\"&lt;p&gt;19.1.2015, Z\u00e1padn\u00e9 Tatry &amp;#8211; Na Salat\u00edne &amp;#8211; poh\u013ead na N\u00edzke Tatry a Liptovsk\u00fa kotlinu&lt;\/p&gt;\n\" data-large-file=\"https:\/\/blog.laviny.sk\/wp-content\/uploads\/2015\/01\/pohlad-zo-salatc3adna-na-zc3a1pad.jpg\" \/><\/a>\n\t\t\t<\/dt>\n\t\t\t\t<dd class='wp-caption-text gallery-caption' id='gallery-1-1405'>\n\t\t\t\t19.1.2015, Z\u00e1padn\u00e9 Tatry &#8211; Na Salat\u00edne &#8211; poh\u013ead na N\u00edzke Tatry a Liptovsk\u00fa kotlinu\n\t\t\t\t<\/dd><\/dl><dl class='gallery-item'>\n\t\t\t<dt class='gallery-icon landscape'>\n\t\t\t\t<a href='https:\/\/blog.laviny.sk\/?attachment_id=1400#main'><img loading=\"lazy\" decoding=\"async\" width=\"300\" height=\"169\" src=\"https:\/\/blog.laviny.sk\/wp-content\/uploads\/2015\/01\/banc3adkov-a-prc3adslop-300x169.jpg\" class=\"attachment-medium size-medium\" alt=\"\" aria-describedby=\"gallery-1-1400\" srcset=\"https:\/\/blog.laviny.sk\/wp-content\/uploads\/2015\/01\/banc3adkov-a-prc3adslop-300x169.jpg 300w, https:\/\/blog.laviny.sk\/wp-content\/uploads\/2015\/01\/banc3adkov-a-prc3adslop-768x432.jpg 768w, https:\/\/blog.laviny.sk\/wp-content\/uploads\/2015\/01\/banc3adkov-a-prc3adslop-460x260.jpg 460w, https:\/\/blog.laviny.sk\/wp-content\/uploads\/2015\/01\/banc3adkov-a-prc3adslop.jpg 1000w\" sizes=\"auto, (max-width: 300px) 100vw, 300px\" data-attachment-id=\"1400\" data-permalink=\"https:\/\/blog.laviny.sk\/?attachment_id=1400#main\" data-orig-file=\"https:\/\/blog.laviny.sk\/wp-content\/uploads\/2015\/01\/banc3adkov-a-prc3adslop.jpg\" data-orig-size=\"1000,562\" data-comments-opened=\"0\" data-image-meta=\"{&quot;aperture&quot;:&quot;2.6&quot;,&quot;credit&quot;:&quot;&quot;,&quot;camera&quot;:&quot;GT-I9195&quot;,&quot;caption&quot;:&quot;&quot;,&quot;created_timestamp&quot;:&quot;1421673037&quot;,&quot;copyright&quot;:&quot;&quot;,&quot;focal_length&quot;:&quot;3.7&quot;,&quot;iso&quot;:&quot;50&quot;,&quot;shutter_speed&quot;:&quot;0.00016515276630884&quot;,&quot;title&quot;:&quot;&quot;,&quot;orientation&quot;:&quot;1&quot;}\" data-image-title=\"Ban\u00edkov a Pr\u00edslop\" data-image-description=\"\" data-image-caption=\"&lt;p&gt;19.1.2015, Z\u00e1padn\u00e9 Tatry &amp;#8211; Ban\u00edkov a Pr\u00edslop&lt;\/p&gt;\n\" data-large-file=\"https:\/\/blog.laviny.sk\/wp-content\/uploads\/2015\/01\/banc3adkov-a-prc3adslop.jpg\" \/><\/a>\n\t\t\t<\/dt>\n\t\t\t\t<dd class='wp-caption-text gallery-caption' id='gallery-1-1400'>\n\t\t\t\t19.1.2015, Z\u00e1padn\u00e9 Tatry &#8211; Ban\u00edkov a Pr\u00edslop\n\t\t\t\t<\/dd><\/dl><dl class='gallery-item'>\n\t\t\t<dt class='gallery-icon landscape'>\n\t\t\t\t<a href='https:\/\/blog.laviny.sk\/?attachment_id=1403#main'><img loading=\"lazy\" decoding=\"async\" width=\"300\" height=\"200\" src=\"https:\/\/blog.laviny.sk\/wp-content\/uploads\/2015\/01\/imgp4080-300x200.jpg\" class=\"attachment-medium size-medium\" alt=\"\" aria-describedby=\"gallery-1-1403\" srcset=\"https:\/\/blog.laviny.sk\/wp-content\/uploads\/2015\/01\/imgp4080-300x200.jpg 300w, https:\/\/blog.laviny.sk\/wp-content\/uploads\/2015\/01\/imgp4080-768x512.jpg 768w, https:\/\/blog.laviny.sk\/wp-content\/uploads\/2015\/01\/imgp4080.jpg 1000w\" sizes=\"auto, (max-width: 300px) 100vw, 300px\" data-attachment-id=\"1403\" data-permalink=\"https:\/\/blog.laviny.sk\/?attachment_id=1403#main\" data-orig-file=\"https:\/\/blog.laviny.sk\/wp-content\/uploads\/2015\/01\/imgp4080.jpg\" data-orig-size=\"1000,667\" data-comments-opened=\"0\" data-image-meta=\"{&quot;aperture&quot;:&quot;8&quot;,&quot;credit&quot;:&quot;&quot;,&quot;camera&quot;:&quot;PENTAX K-5 II&quot;,&quot;caption&quot;:&quot;&quot;,&quot;created_timestamp&quot;:&quot;1421674261&quot;,&quot;copyright&quot;:&quot;&quot;,&quot;focal_length&quot;:&quot;18&quot;,&quot;iso&quot;:&quot;400&quot;,&quot;shutter_speed&quot;:&quot;0.00125&quot;,&quot;title&quot;:&quot;&quot;,&quot;orientation&quot;:&quot;1&quot;}\" data-image-title=\"IMGP4080\" data-image-description=\"\" data-image-caption=\"&lt;p&gt;19.1.2015, N\u00edzke Tatry, Meteorologick\u00fd \u017e\u013eab pod Chopkom&lt;\/p&gt;\n\" data-large-file=\"https:\/\/blog.laviny.sk\/wp-content\/uploads\/2015\/01\/imgp4080.jpg\" \/><\/a>\n\t\t\t<\/dt>\n\t\t\t\t<dd class='wp-caption-text gallery-caption' id='gallery-1-1403'>\n\t\t\t\t19.1.2015, N\u00edzke Tatry, Meteorologick\u00fd \u017e\u013eab pod Chopkom\n\t\t\t\t<\/dd><\/dl><br style=\"clear: both\" \/>\n\t\t<\/div>\n\n<p style=\"text-align: justify;\">V noci zo stredy na \u0161tvrtok (22.1.) za\u010dalo sne\u017ei\u0165 a v najvy\u0161\u0161\u00edch poloh\u00e1ch Tatier napadlo do 5 cm snehu. V piatok r\u00e1no bolo na hor\u00e1ch v\u00e4\u010d\u0161inou poloobla\u010dno, miestami zamra\u010den\u00e9 n\u00edzkou obla\u010dnos\u0165ou alebo hmlou. Teplota vzduchu pohybovala v rozp\u00e4t\u00ed od -8\u00b0 C do 0\u00b0 C. F\u00fakal len slab\u00fd a\u017e mierny vietor preva\u017ene z\u00e1padn\u00fdch smerov s r\u00fdchlos\u0165ou do 20 km\/hod. Za posledn\u00fdch 24 hod\u00edn v najvy\u0161\u0161\u00edch poloh\u00e1ch Tatier napadlo do 10 cm nov\u00e9ho snehu, za posledn\u00e9 dva dni do 15 cm.<\/p>\n\n\t\t<style type=\"text\/css\">\n\t\t\t#gallery-2 {\n\t\t\t\tmargin: auto;\n\t\t\t}\n\t\t\t#gallery-2 .gallery-item {\n\t\t\t\tfloat: left;\n\t\t\t\tmargin-top: 10px;\n\t\t\t\ttext-align: center;\n\t\t\t\twidth: 50%;\n\t\t\t}\n\t\t\t#gallery-2 img {\n\t\t\t\tborder: 2px solid #cfcfcf;\n\t\t\t}\n\t\t\t#gallery-2 .gallery-caption {\n\t\t\t\tmargin-left: 0;\n\t\t\t}\n\t\t\t\/* see gallery_shortcode() in wp-includes\/media.php *\/\n\t\t<\/style>\n\t\t<div data-carousel-extra='{&quot;blog_id&quot;:1,&quot;permalink&quot;:&quot;https:\/\/blog.laviny.sk\/?p=1392&quot;}' id='gallery-2' class='gallery galleryid-1392 gallery-columns-2 gallery-size-medium'><dl class='gallery-item'>\n\t\t\t<dt class='gallery-icon portrait'>\n\t\t\t\t<a href='https:\/\/blog.laviny.sk\/?attachment_id=1399#main'><img loading=\"lazy\" decoding=\"async\" width=\"212\" height=\"300\" src=\"https:\/\/blog.laviny.sk\/wp-content\/uploads\/2015\/01\/2015-01-19-nt-kosodrevina-212x300.png\" class=\"attachment-medium size-medium\" alt=\"\" aria-describedby=\"gallery-2-1399\" srcset=\"https:\/\/blog.laviny.sk\/wp-content\/uploads\/2015\/01\/2015-01-19-nt-kosodrevina-212x300.png 212w, https:\/\/blog.laviny.sk\/wp-content\/uploads\/2015\/01\/2015-01-19-nt-kosodrevina-724x1024.png 724w, https:\/\/blog.laviny.sk\/wp-content\/uploads\/2015\/01\/2015-01-19-nt-kosodrevina-768x1087.png 768w, https:\/\/blog.laviny.sk\/wp-content\/uploads\/2015\/01\/2015-01-19-nt-kosodrevina.png 1058w\" sizes=\"auto, (max-width: 212px) 100vw, 212px\" data-attachment-id=\"1399\" data-permalink=\"https:\/\/blog.laviny.sk\/?attachment_id=1399#main\" data-orig-file=\"https:\/\/blog.laviny.sk\/wp-content\/uploads\/2015\/01\/2015-01-19-nt-kosodrevina.png\" data-orig-size=\"1058,1497\" data-comments-opened=\"0\" data-image-meta=\"{&quot;aperture&quot;:&quot;0&quot;,&quot;credit&quot;:&quot;&quot;,&quot;camera&quot;:&quot;&quot;,&quot;caption&quot;:&quot;&quot;,&quot;created_timestamp&quot;:&quot;0&quot;,&quot;copyright&quot;:&quot;&quot;,&quot;focal_length&quot;:&quot;0&quot;,&quot;iso&quot;:&quot;0&quot;,&quot;shutter_speed&quot;:&quot;0&quot;,&quot;title&quot;:&quot;&quot;,&quot;orientation&quot;:&quot;0&quot;}\" data-image-title=\"2015-01-19 NT Kosodrevina\" data-image-description=\"\" data-image-caption=\"&lt;p&gt;19.1.2015, N\u00edzke Tatry, Kosodrevina &amp;#8211; Prezent\u00e1cia profilu snehovej pokr\u00fdvky&lt;\/p&gt;\n\" data-large-file=\"https:\/\/blog.laviny.sk\/wp-content\/uploads\/2015\/01\/2015-01-19-nt-kosodrevina-724x1024.png\" \/><\/a>\n\t\t\t<\/dt>\n\t\t\t\t<dd class='wp-caption-text gallery-caption' id='gallery-2-1399'>\n\t\t\t\t19.1.2015, N\u00edzke Tatry, Kosodrevina &#8211; Prezent\u00e1cia profilu snehovej pokr\u00fdvky\n\t\t\t\t<\/dd><\/dl><dl class='gallery-item'>\n\t\t\t<dt class='gallery-icon portrait'>\n\t\t\t\t<a href='https:\/\/blog.laviny.sk\/?attachment_id=1402#main'><img loading=\"lazy\" decoding=\"async\" width=\"200\" height=\"300\" src=\"https:\/\/blog.laviny.sk\/wp-content\/uploads\/2015\/01\/imgp4074-200x300.jpg\" class=\"attachment-medium size-medium\" alt=\"\" aria-describedby=\"gallery-2-1402\" srcset=\"https:\/\/blog.laviny.sk\/wp-content\/uploads\/2015\/01\/imgp4074-200x300.jpg 200w, https:\/\/blog.laviny.sk\/wp-content\/uploads\/2015\/01\/imgp4074-683x1024.jpg 683w, https:\/\/blog.laviny.sk\/wp-content\/uploads\/2015\/01\/imgp4074-768x1152.jpg 768w, https:\/\/blog.laviny.sk\/wp-content\/uploads\/2015\/01\/imgp4074.jpg 1000w\" sizes=\"auto, (max-width: 200px) 100vw, 200px\" data-attachment-id=\"1402\" data-permalink=\"https:\/\/blog.laviny.sk\/?attachment_id=1402#main\" data-orig-file=\"https:\/\/blog.laviny.sk\/wp-content\/uploads\/2015\/01\/imgp4074.jpg\" data-orig-size=\"1000,1500\" data-comments-opened=\"0\" data-image-meta=\"{&quot;aperture&quot;:&quot;11&quot;,&quot;credit&quot;:&quot;&quot;,&quot;camera&quot;:&quot;PENTAX K-5 II&quot;,&quot;caption&quot;:&quot;&quot;,&quot;created_timestamp&quot;:&quot;1421669460&quot;,&quot;copyright&quot;:&quot;&quot;,&quot;focal_length&quot;:&quot;40&quot;,&quot;iso&quot;:&quot;400&quot;,&quot;shutter_speed&quot;:&quot;0.001&quot;,&quot;title&quot;:&quot;&quot;,&quot;orientation&quot;:&quot;1&quot;}\" data-image-title=\"IMGP4074\" data-image-description=\"\" data-image-caption=\"&lt;p&gt;19.1.2015, N\u00edzke Tatry, Kosodrevina &amp;#8211; Profil snehovej pokr\u00fdvky&lt;\/p&gt;\n\" data-large-file=\"https:\/\/blog.laviny.sk\/wp-content\/uploads\/2015\/01\/imgp4074-683x1024.jpg\" \/><\/a>\n\t\t\t<\/dt>\n\t\t\t\t<dd class='wp-caption-text gallery-caption' id='gallery-2-1402'>\n\t\t\t\t19.1.2015, N\u00edzke Tatry, Kosodrevina &#8211; Profil snehovej pokr\u00fdvky\n\t\t\t\t<\/dd><\/dl><br style=\"clear: both\" \/>\n\t\t<\/div>\n\n<p><em><strong>Snehov\u00e1 pokr\u00fdvka<\/strong><\/em><\/p>\n<p style=\"text-align: justify;\">Snehov\u00e1 pokr\u00fdvka je vplyvom vetra nerovnomerne rozlo\u017een\u00e1. Na mnoh\u00fdch preva\u017ene severne orientovan\u00fdch svahoch je sneh vyf\u00fakan\u00fd a\u017e na tvrd\u00fd podklad. Exponovan\u00e9 miesta (hrebene a rebr\u00e1) s\u00fa sf\u00fakane a\u017e na skalu alebo tr\u00e1vu. Pr\u00e1ve naopak je tomu na ju\u017ene a v\u00fdchodne orientovan\u00fdch svahoch, kde je na tvrdom podklade previate v\u00e4\u010d\u0161ie mno\u017estvo snehu z predch\u00e1dzaj\u00facej periody sne\u017eenia, na ktorom sa nach\u00e1dza e\u0161te nepreviazan\u00fd nov\u00fd sneh. Na tak\u00fdchto svahoch je v\u00fd\u0161ka snehovej pokr\u00fdvky podstatne v\u00e4\u010d\u0161ia, dosahuje miestami viac ako 150 cm. V ni\u017e\u0161\u00edch a stredn\u00fdch poloh\u00e1ch sa vyskytuje k\u00f4ra, pripadne je povrch snehu zmrznut\u00fd. V priebehu d\u0148a vplyvom oteplenia bude sneh v t\u00fdchto poloh\u00e1ch vlhn\u00fa\u0165 a\u017e ka\u0161ovatie\u0165.<\/p>\n<p><em><strong>Predpove\u010f po\u010dasia na piatok a v\u00edkend<\/strong><\/em><\/p>\n<p>V piatok m\u00e1 by\u0165 na hor\u00e1ch obla\u010dno a\u017e zamra\u010den\u00e9 a miestami slab\u00e9 sne\u017eenie, v poloh\u00e1ch pod 1200 m d\u00e1\u017e\u010f. V noci na sobotu u\u017e na mnoh\u00fdch miestach sne\u017eenie. F\u00faka\u0165 bude preva\u017ene severn\u00fd vietor 2 a\u017e 6 m\/s, od stredn\u00fdch pol\u00f4h preva\u017ene v\u00fdchodn\u00fd vietor 7 a\u017e 12 m\/s. Teplota vzduchu v piatok v nadmorskej v\u00fd\u0161ke 1500 m sa bude pohybova\u0165 okolo 1\u00b0 C.<\/p>\n<p>V sobotu o\u010dak\u00e1vame na hor\u00e1ch ochladenie. M\u00e1 sa zamra\u010di\u0165 a m\u00e1 sne\u017ei\u0165. Na podhor\u00ed bude f\u00faka\u0165 severov\u00fdchodn\u00fd vietor 3 a\u017e 6 m\/s, v stredn\u00fdch poloh\u00e1ch v\u00fdchodn\u00fd vietor 4 a\u017e 7 m\/s, vo vysok\u00fdch poloh\u00e1ch juhov\u00fdchodn\u00fd vietor 5 a\u017e 8 m\/s. Teplota vzduchu v piatok v nadmorskej v\u00fd\u0161ke 1500 m sa bude pohybova\u0165 okolo 1\u00b0 C. V nede\u013eu m\u00e1 by\u0165 podobne ako v sobotu, len zr\u00e1\u017eky maj\u00fa by\u0165 menej intenz\u00edvne.<\/p>\n<p><em><strong>Lav\u00ednov\u00e1 situ\u00e1cia<\/strong><\/em><\/p>\n<p>Vo Vysok\u00fdch a Z\u00e1padn\u00fdch Tatr\u00e1ch od nadmorskej v\u00fd\u0161ky 1700 m na\u010falej trv\u00e1 mierne lav\u00ednov\u00e9 nebezpe\u010denstvo, t.j. 2. stupe\u0148 z 5-dielnej medzin\u00e1rodnej stupnice. Vo Fatr\u00e1ch a v N\u00edzkych Tatr\u00e1ch je mal\u00e9 lav\u00ednov\u00e9 nebezpe\u010denstvo, teda 1. stupe\u0148 z medzin\u00e1rodnej stupnice. Snehov\u00e1 pokr\u00fdvka je v\u0161eobecne dobre spevnen\u00e1 a na mnoh\u00fdch miestach je tvrd\u00e1 a\u017e \u013eadov\u00e1. Nov\u00fd sneh z predch\u00e1dzaj\u00facej periody sne\u017eenia je preva\u017ene dobre zviazan\u00fd so star\u00fdm podkladom, ale vplyvom vetra ve\u013emi nerovnomerne rozmiestnen\u00fd. Vietor previal vo\u013en\u00fd sneh hlavne na svahy ju\u017en\u00fdch a v\u00fdchodn\u00fdch orient\u00e1ci\u00ed, kde sa lok\u00e1lne m\u00f4\u017eu vyskytova\u0165 menej stabilne snehov\u00e9 dosky a vank\u00fa\u0161e. Uvo\u013enenie lav\u00edn je mo\u017ene hlavne pri ve\u013ekom dodato\u010dnom za\u0165a\u017een\u00ed najm\u00e4 na extr\u00e9mne strm\u00fdch svahoch (nad 40\u00b0). Ve\u013ek\u00e9 spont\u00e1nne lav\u00edny sa nepredpokladaj\u00fa. Lok\u00e1lne m\u00f4\u017ee by\u0165 lav\u00ednov\u00e9 nebezpe\u010denstvo vy\u0161\u0161ie, preto je nutn\u00e9 spr\u00e1vne vyhodnoti\u0165 miestne podmienky.<\/p>\n<p><strong>Tendencia lav\u00ednov\u00e9ho nebezpe\u010denstva pri o\u010dak\u00e1vanom sne\u017een\u00ed bude st\u00fapaj\u00faca. <\/strong><\/p>\n\n\t\t<style type=\"text\/css\">\n\t\t\t#gallery-3 {\n\t\t\t\tmargin: auto;\n\t\t\t}\n\t\t\t#gallery-3 .gallery-item {\n\t\t\t\tfloat: left;\n\t\t\t\tmargin-top: 10px;\n\t\t\t\ttext-align: center;\n\t\t\t\twidth: 50%;\n\t\t\t}\n\t\t\t#gallery-3 img {\n\t\t\t\tborder: 2px solid #cfcfcf;\n\t\t\t}\n\t\t\t#gallery-3 .gallery-caption {\n\t\t\t\tmargin-left: 0;\n\t\t\t}\n\t\t\t\/* see gallery_shortcode() in wp-includes\/media.php *\/\n\t\t<\/style>\n\t\t<div data-carousel-extra='{&quot;blog_id&quot;:1,&quot;permalink&quot;:&quot;https:\/\/blog.laviny.sk\/?p=1392&quot;}' id='gallery-3' class='gallery galleryid-1392 gallery-columns-2 gallery-size-medium'><dl class='gallery-item'>\n\t\t\t<dt class='gallery-icon landscape'>\n\t\t\t\t<a href='https:\/\/blog.laviny.sk\/?attachment_id=1401#main'><img loading=\"lazy\" decoding=\"async\" width=\"300\" height=\"225\" src=\"https:\/\/blog.laviny.sk\/wp-content\/uploads\/2015\/01\/img_0093-300x225.jpg\" class=\"attachment-medium size-medium\" alt=\"\" aria-describedby=\"gallery-3-1401\" srcset=\"https:\/\/blog.laviny.sk\/wp-content\/uploads\/2015\/01\/img_0093-300x225.jpg 300w, https:\/\/blog.laviny.sk\/wp-content\/uploads\/2015\/01\/img_0093-768x576.jpg 768w, https:\/\/blog.laviny.sk\/wp-content\/uploads\/2015\/01\/img_0093.jpg 1000w\" sizes=\"auto, (max-width: 300px) 100vw, 300px\" data-attachment-id=\"1401\" data-permalink=\"https:\/\/blog.laviny.sk\/?attachment_id=1401#main\" data-orig-file=\"https:\/\/blog.laviny.sk\/wp-content\/uploads\/2015\/01\/img_0093.jpg\" data-orig-size=\"1000,750\" data-comments-opened=\"0\" data-image-meta=\"{&quot;aperture&quot;:&quot;4&quot;,&quot;credit&quot;:&quot;&quot;,&quot;camera&quot;:&quot;Canon PowerShot G12&quot;,&quot;caption&quot;:&quot;&quot;,&quot;created_timestamp&quot;:&quot;1421413236&quot;,&quot;copyright&quot;:&quot;&quot;,&quot;focal_length&quot;:&quot;6.1&quot;,&quot;iso&quot;:&quot;125&quot;,&quot;shutter_speed&quot;:&quot;0.016666666666667&quot;,&quot;title&quot;:&quot;&quot;,&quot;orientation&quot;:&quot;1&quot;}\" data-image-title=\"IMG_0093\" data-image-description=\"\" data-image-caption=\"&lt;p&gt;Nov\u00e1 informa\u010dn\u00e1 tabu\u013ea o lav\u00ednovom nebezpe\u010denstve na Chate pri Zelenom plese&lt;\/p&gt;\n\" data-large-file=\"https:\/\/blog.laviny.sk\/wp-content\/uploads\/2015\/01\/img_0093.jpg\" \/><\/a>\n\t\t\t<\/dt>\n\t\t\t\t<dd class='wp-caption-text gallery-caption' id='gallery-3-1401'>\n\t\t\t\tNov\u00e1 informa\u010dn\u00e1 tabu\u013ea o lav\u00ednovom nebezpe\u010denstve na Chate pri Zelenom plese\n\t\t\t\t<\/dd><\/dl><dl class='gallery-item'>\n\t\t\t<dt class='gallery-icon landscape'>\n\t\t\t\t<a href='https:\/\/blog.laviny.sk\/?attachment_id=1404#main'><img loading=\"lazy\" decoding=\"async\" width=\"300\" height=\"225\" src=\"https:\/\/blog.laviny.sk\/wp-content\/uploads\/2015\/01\/p1300494-300x225.jpg\" class=\"attachment-medium size-medium\" alt=\"\" aria-describedby=\"gallery-3-1404\" srcset=\"https:\/\/blog.laviny.sk\/wp-content\/uploads\/2015\/01\/p1300494-300x225.jpg 300w, https:\/\/blog.laviny.sk\/wp-content\/uploads\/2015\/01\/p1300494-768x576.jpg 768w, https:\/\/blog.laviny.sk\/wp-content\/uploads\/2015\/01\/p1300494.jpg 1000w\" sizes=\"auto, (max-width: 300px) 100vw, 300px\" data-attachment-id=\"1404\" data-permalink=\"https:\/\/blog.laviny.sk\/?attachment_id=1404#main\" data-orig-file=\"https:\/\/blog.laviny.sk\/wp-content\/uploads\/2015\/01\/p1300494.jpg\" data-orig-size=\"1000,750\" data-comments-opened=\"0\" data-image-meta=\"{&quot;aperture&quot;:&quot;5.6&quot;,&quot;credit&quot;:&quot;&quot;,&quot;camera&quot;:&quot;DMC-LZ5&quot;,&quot;caption&quot;:&quot;&quot;,&quot;created_timestamp&quot;:&quot;1421935043&quot;,&quot;copyright&quot;:&quot;&quot;,&quot;focal_length&quot;:&quot;6.1&quot;,&quot;iso&quot;:&quot;80&quot;,&quot;shutter_speed&quot;:&quot;0.00625&quot;,&quot;title&quot;:&quot;&quot;,&quot;orientation&quot;:&quot;1&quot;}\" data-image-title=\"P1300494\" data-image-description=\"\" data-image-caption=\"&lt;p&gt;22.1.2015, Vysok\u00e9 Tatry, Velick\u00e1 dolina, Pod Sop\u013eom &amp;#8211; Uvo\u013enen\u00fd splaz po ve\u013ekom dodato\u010dnom za\u0165a\u017een\u00ed&lt;\/p&gt;\n\" data-large-file=\"https:\/\/blog.laviny.sk\/wp-content\/uploads\/2015\/01\/p1300494.jpg\" \/><\/a>\n\t\t\t<\/dt>\n\t\t\t\t<dd class='wp-caption-text gallery-caption' id='gallery-3-1404'>\n\t\t\t\t22.1.2015, Vysok\u00e9 Tatry, Velick\u00e1 dolina, Pod Sop\u013eom &#8211; Uvo\u013enen\u00fd splaz po ve\u013ekom dodato\u010dnom za\u0165a\u017een\u00ed\n\t\t\t\t<\/dd><\/dl><br style=\"clear: both\" \/>\n\t\t<\/div>\n\n","protected":false},"excerpt":{"rendered":"<p>Vetern\u00fd v\u00edkend V\u00edkend 17. a 18. janu\u00e1ra 2015 bolo na hor\u00e1ch pri poloobla\u010dnom a\u017e zamra\u010denom po\u010das\u00ed hlavne v sobotu ve\u013emi veterno. Nov\u00e9ho snehu takmer nepribudlo, iba p\u00e1r cm v najvy\u0161\u0161\u00edch poloh\u00e1ch Tatier. Najveternej\u0161ie bolo na severe. Na Lomnickom \u0161t\u00edte namerali n\u00e1raz vetra o r\u00fdchlosti a\u017e 46,5 m\/s (167,4 km\/hod.) a na Kasprovom vrchu 39 m\/s&hellip;<\/p>\n","protected":false},"author":1,"featured_media":1405,"comment_status":"closed","ping_status":"closed","sticky":false,"template":"","format":"standard","meta":{"jetpack_post_was_ever_published":false,"_jetpack_newsletter_access":"","_jetpack_dont_email_post_to_subs":false,"_jetpack_newsletter_tier_id":0,"_jetpack_memberships_contains_paywalled_content":false,"_jetpack_memberships_contains_paid_content":false,"footnotes":"","jetpack_publicize_message":"","jetpack_publicize_feature_enabled":true,"jetpack_social_post_already_shared":true,"jetpack_social_options":{"image_generator_settings":{"template":"highway","default_image_id":0,"font":"","enabled":false},"version":2}},"categories":[4],"tags":[79,123,154,156,174,192],"class_list":["post-1392","post","type-post","status-publish","format-standard","has-post-thumbnail","hentry","category-pocasie-sneh-a-laviny","tag-laviny","tag-pocasie","tag-sneh","tag-snehova-pokryvka","tag-teploty-vzduchu","tag-vietor"],"jetpack_publicize_connections":[],"jetpack_featured_media_url":"https:\/\/blog.laviny.sk\/wp-content\/uploads\/2015\/01\/pohlad-zo-salatc3adna-na-zc3a1pad.jpg","jetpack_sharing_enabled":true,"jetpack_shortlink":"https:\/\/wp.me\/p8DxWh-ms","jetpack-related-posts":[],"_links":{"self":[{"href":"https:\/\/blog.laviny.sk\/index.php?rest_route=\/wp\/v2\/posts\/1392","targetHints":{"allow":["GET"]}}],"collection":[{"href":"https:\/\/blog.laviny.sk\/index.php?rest_route=\/wp\/v2\/posts"}],"about":[{"href":"https:\/\/blog.laviny.sk\/index.php?rest_route=\/wp\/v2\/types\/post"}],"author":[{"embeddable":true,"href":"https:\/\/blog.laviny.sk\/index.php?rest_route=\/wp\/v2\/users\/1"}],"replies":[{"embeddable":true,"href":"https:\/\/blog.laviny.sk\/index.php?rest_route=%2Fwp%2Fv2%2Fcomments&post=1392"}],"version-history":[{"count":1,"href":"https:\/\/blog.laviny.sk\/index.php?rest_route=\/wp\/v2\/posts\/1392\/revisions"}],"predecessor-version":[{"id":5065,"href":"https:\/\/blog.laviny.sk\/index.php?rest_route=\/wp\/v2\/posts\/1392\/revisions\/5065"}],"wp:featuredmedia":[{"embeddable":true,"href":"https:\/\/blog.laviny.sk\/index.php?rest_route=\/wp\/v2\/media\/1405"}],"wp:attachment":[{"href":"https:\/\/blog.laviny.sk\/index.php?rest_route=%2Fwp%2Fv2%2Fmedia&parent=1392"}],"wp:term":[{"taxonomy":"category","embeddable":true,"href":"https:\/\/blog.laviny.sk\/index.php?rest_route=%2Fwp%2Fv2%2Fcategories&post=1392"},{"taxonomy":"post_tag","embeddable":true,"href":"https:\/\/blog.laviny.sk\/index.php?rest_route=%2Fwp%2Fv2%2Ftags&post=1392"}],"curies":[{"name":"wp","href":"https:\/\/api.w.org\/{rel}","templated":true}]}}