{"id":13860,"date":"2026-03-13T11:04:41","date_gmt":"2026-03-13T10:04:41","guid":{"rendered":"https:\/\/blog.laviny.sk\/?p=13860"},"modified":"2026-03-13T11:04:44","modified_gmt":"2026-03-13T10:04:44","slug":"priebeh-pocasia-a-vyvoj-snehovej-pokryvky-od-7-3-2026-po-13-3-2026","status":"publish","type":"post","link":"https:\/\/blog.laviny.sk\/?p=13860","title":{"rendered":"Priebeh po\u010dasia a v\u00fdvoj snehovej pokr\u00fdvky od 7.3.2026 po 13.3.2026"},"content":{"rendered":"\n<p>Cez v\u00edkend a do polovice t\u00fd\u017ed\u0148a pretrv\u00e1vala typick\u00e1 jarn\u00e1 situ\u00e1cia, kedy snehov\u00e1 pokr\u00fdvka cez noc stuhla vplyvom n\u00edzkych tepl\u00f4t. Cez de\u0148 jarn\u00e9 marcov\u00e9 slnko, ktor\u00e9ho uhol dopadu l\u00fa\u010dov je u\u017e priamej\u0161\u00ed snehov\u00fa pokr\u00fdvku usilovne nat\u00e1pal a prer\u00e1bal na firn. V grafoch ni\u017e\u0161ie je dobre vidie\u0165 glob\u00e1lne slne\u010dn\u00e9 \u017eiarenie po\u010das za\u010diatku marca aj na S sektoroch u\u017e dosahuje 600 W na m2. <\/p>\n\n\n\n<figure class=\"wp-block-image size-large\"><img loading=\"lazy\" decoding=\"async\" width=\"1024\" height=\"341\" data-attachment-id=\"13865\" data-permalink=\"https:\/\/blog.laviny.sk\/?attachment_id=13865#main\" data-orig-file=\"https:\/\/blog.laviny.sk\/wp-content\/uploads\/2026\/03\/2026_03_06-13_globalko_zamrznute_pleso.jpg\" data-orig-size=\"1702,567\" data-comments-opened=\"1\" data-image-meta=\"{&quot;aperture&quot;:&quot;0&quot;,&quot;credit&quot;:&quot;&quot;,&quot;camera&quot;:&quot;&quot;,&quot;caption&quot;:&quot;&quot;,&quot;created_timestamp&quot;:&quot;0&quot;,&quot;copyright&quot;:&quot;&quot;,&quot;focal_length&quot;:&quot;0&quot;,&quot;iso&quot;:&quot;0&quot;,&quot;shutter_speed&quot;:&quot;0&quot;,&quot;title&quot;:&quot;&quot;,&quot;orientation&quot;:&quot;0&quot;}\" data-image-title=\"2026_03_06-13_globalko_zamrznute_pleso\" data-image-description=\"\" data-image-caption=\"\" data-large-file=\"https:\/\/blog.laviny.sk\/wp-content\/uploads\/2026\/03\/2026_03_06-13_globalko_zamrznute_pleso-1024x341.jpg\" src=\"https:\/\/blog.laviny.sk\/wp-content\/uploads\/2026\/03\/2026_03_06-13_globalko_zamrznute_pleso-1024x341.jpg\" alt=\"\" class=\"wp-image-13865\" srcset=\"https:\/\/blog.laviny.sk\/wp-content\/uploads\/2026\/03\/2026_03_06-13_globalko_zamrznute_pleso-1024x341.jpg 1024w, https:\/\/blog.laviny.sk\/wp-content\/uploads\/2026\/03\/2026_03_06-13_globalko_zamrznute_pleso-300x100.jpg 300w, https:\/\/blog.laviny.sk\/wp-content\/uploads\/2026\/03\/2026_03_06-13_globalko_zamrznute_pleso-768x256.jpg 768w, https:\/\/blog.laviny.sk\/wp-content\/uploads\/2026\/03\/2026_03_06-13_globalko_zamrznute_pleso-1536x512.jpg 1536w, https:\/\/blog.laviny.sk\/wp-content\/uploads\/2026\/03\/2026_03_06-13_globalko_zamrznute_pleso.jpg 1702w\" sizes=\"auto, (max-width: 1024px) 100vw, 1024px\" \/><figcaption class=\"wp-element-caption\"><em>Vysok\u00e9 Tatry, glob\u00e1lne slne\u010dn\u00e9 \u017eiarenie vo W na m2 na AMS Zamrznut\u00e9 pleso v S exponovanej doline vo v\u00fd\u0161ke 2070 m n.m.<\/em><\/figcaption><\/figure>\n\n\n\n<figure class=\"wp-block-image size-large\"><img loading=\"lazy\" decoding=\"async\" width=\"1024\" height=\"346\" data-attachment-id=\"13866\" data-permalink=\"https:\/\/blog.laviny.sk\/?attachment_id=13866#main\" data-orig-file=\"https:\/\/blog.laviny.sk\/wp-content\/uploads\/2026\/03\/2026_03_06-13_globalko_ziarenie.jpg\" data-orig-size=\"1703,576\" data-comments-opened=\"1\" data-image-meta=\"{&quot;aperture&quot;:&quot;0&quot;,&quot;credit&quot;:&quot;&quot;,&quot;camera&quot;:&quot;&quot;,&quot;caption&quot;:&quot;&quot;,&quot;created_timestamp&quot;:&quot;0&quot;,&quot;copyright&quot;:&quot;&quot;,&quot;focal_length&quot;:&quot;0&quot;,&quot;iso&quot;:&quot;0&quot;,&quot;shutter_speed&quot;:&quot;0&quot;,&quot;title&quot;:&quot;&quot;,&quot;orientation&quot;:&quot;0&quot;}\" data-image-title=\"2026_03_06-13_globalko_ziarenie\" data-image-description=\"\" data-image-caption=\"\" data-large-file=\"https:\/\/blog.laviny.sk\/wp-content\/uploads\/2026\/03\/2026_03_06-13_globalko_ziarenie-1024x346.jpg\" src=\"https:\/\/blog.laviny.sk\/wp-content\/uploads\/2026\/03\/2026_03_06-13_globalko_ziarenie-1024x346.jpg\" alt=\"\" class=\"wp-image-13866\" srcset=\"https:\/\/blog.laviny.sk\/wp-content\/uploads\/2026\/03\/2026_03_06-13_globalko_ziarenie-1024x346.jpg 1024w, https:\/\/blog.laviny.sk\/wp-content\/uploads\/2026\/03\/2026_03_06-13_globalko_ziarenie-300x101.jpg 300w, https:\/\/blog.laviny.sk\/wp-content\/uploads\/2026\/03\/2026_03_06-13_globalko_ziarenie-768x260.jpg 768w, https:\/\/blog.laviny.sk\/wp-content\/uploads\/2026\/03\/2026_03_06-13_globalko_ziarenie-1536x520.jpg 1536w, https:\/\/blog.laviny.sk\/wp-content\/uploads\/2026\/03\/2026_03_06-13_globalko_ziarenie.jpg 1703w\" sizes=\"auto, (max-width: 1024px) 100vw, 1024px\" \/><figcaption class=\"wp-element-caption\"><em>Z\u00e1padn\u00e9 Tatry, glob\u00e1lne slne\u010dn\u00e9 \u017eiarenie vo W na m2 na AMS Hol\u00fd vrch vo v\u00fd\u0161ke 1870 m n.m.<\/em><\/figcaption><\/figure>\n\n\n\n<p>Zna\u010dn\u00e1 sila jarn\u00e9ho slnka m\u00e1 na horsk\u00fdch nad\u0161encov r\u00f4zne \u00fa\u010dinky. Na fotovoltaick\u00e9 panely dopadaj\u00face l\u00fa\u010de myse\u013e horala v \u010dase zvy\u0161uj\u00facich sa cien energi\u00ed istotne pote\u0161ia. No v \u010dase zimy s v\u00fdrazne podpriemernou v\u00fd\u0161kou snehovej pokr\u00fdvky je horalom jasn\u00e9, \u017ee s\u00edce bude bronzov\u00e1 ple\u0165, no sneh bude z dol\u00edn mizn\u00fa\u0165, s\u0165a g\u00e1for. V grafoch ni\u017e\u0161ie vidie\u0165 priebeh tepl\u00f4t, ktor\u00e9 dosahovali kladn\u00e9 \u010d\u00edsla aj v najvy\u0161\u0161\u00edch pohoriach na S expoz\u00edci\u00e1ch a vplyv na v\u00fd\u0161ku snehovej pokr\u00fdvky. <\/p>\n\n\n\n<figure class=\"wp-block-image size-large\"><img loading=\"lazy\" decoding=\"async\" width=\"1024\" height=\"368\" data-attachment-id=\"13868\" data-permalink=\"https:\/\/blog.laviny.sk\/?attachment_id=13868#main\" data-orig-file=\"https:\/\/blog.laviny.sk\/wp-content\/uploads\/2026\/03\/2026_03_07-13_priebeh_teplot_zamzbuty_kotol.jpg\" data-orig-size=\"1707,614\" data-comments-opened=\"1\" data-image-meta=\"{&quot;aperture&quot;:&quot;0&quot;,&quot;credit&quot;:&quot;&quot;,&quot;camera&quot;:&quot;&quot;,&quot;caption&quot;:&quot;&quot;,&quot;created_timestamp&quot;:&quot;0&quot;,&quot;copyright&quot;:&quot;&quot;,&quot;focal_length&quot;:&quot;0&quot;,&quot;iso&quot;:&quot;0&quot;,&quot;shutter_speed&quot;:&quot;0&quot;,&quot;title&quot;:&quot;&quot;,&quot;orientation&quot;:&quot;0&quot;}\" data-image-title=\"2026_03_07-13_priebeh_teplot_zamzbuty_kotol\" data-image-description=\"\" data-image-caption=\"\" data-large-file=\"https:\/\/blog.laviny.sk\/wp-content\/uploads\/2026\/03\/2026_03_07-13_priebeh_teplot_zamzbuty_kotol-1024x368.jpg\" src=\"https:\/\/blog.laviny.sk\/wp-content\/uploads\/2026\/03\/2026_03_07-13_priebeh_teplot_zamzbuty_kotol-1024x368.jpg\" alt=\"\" class=\"wp-image-13868\" srcset=\"https:\/\/blog.laviny.sk\/wp-content\/uploads\/2026\/03\/2026_03_07-13_priebeh_teplot_zamzbuty_kotol-1024x368.jpg 1024w, https:\/\/blog.laviny.sk\/wp-content\/uploads\/2026\/03\/2026_03_07-13_priebeh_teplot_zamzbuty_kotol-300x108.jpg 300w, https:\/\/blog.laviny.sk\/wp-content\/uploads\/2026\/03\/2026_03_07-13_priebeh_teplot_zamzbuty_kotol-768x276.jpg 768w, https:\/\/blog.laviny.sk\/wp-content\/uploads\/2026\/03\/2026_03_07-13_priebeh_teplot_zamzbuty_kotol-1536x552.jpg 1536w, https:\/\/blog.laviny.sk\/wp-content\/uploads\/2026\/03\/2026_03_07-13_priebeh_teplot_zamzbuty_kotol.jpg 1707w\" sizes=\"auto, (max-width: 1024px) 100vw, 1024px\" \/><figcaption class=\"wp-element-caption\"><em>Vysok\u00e9 Tatry, priebeh tepl\u00f4t v \u00b0C na AMS Zamrznut\u00e9 pleso vo v\u00fd\u0161ke 2070 m na S expoz\u00edcii<\/em><\/figcaption><\/figure>\n\n\n\n<figure class=\"wp-block-image size-large\"><img loading=\"lazy\" decoding=\"async\" width=\"1024\" height=\"354\" data-attachment-id=\"13869\" data-permalink=\"https:\/\/blog.laviny.sk\/?attachment_id=13869#main\" data-orig-file=\"https:\/\/blog.laviny.sk\/wp-content\/uploads\/2026\/03\/2026_03_06-13_sneh_zamrznute_pleso.jpg\" data-orig-size=\"1694,585\" data-comments-opened=\"1\" data-image-meta=\"{&quot;aperture&quot;:&quot;0&quot;,&quot;credit&quot;:&quot;&quot;,&quot;camera&quot;:&quot;&quot;,&quot;caption&quot;:&quot;&quot;,&quot;created_timestamp&quot;:&quot;0&quot;,&quot;copyright&quot;:&quot;&quot;,&quot;focal_length&quot;:&quot;0&quot;,&quot;iso&quot;:&quot;0&quot;,&quot;shutter_speed&quot;:&quot;0&quot;,&quot;title&quot;:&quot;&quot;,&quot;orientation&quot;:&quot;0&quot;}\" data-image-title=\"2026_03_06-13_sneh_zamrznute_pleso\" data-image-description=\"\" data-image-caption=\"\" data-large-file=\"https:\/\/blog.laviny.sk\/wp-content\/uploads\/2026\/03\/2026_03_06-13_sneh_zamrznute_pleso-1024x354.jpg\" src=\"https:\/\/blog.laviny.sk\/wp-content\/uploads\/2026\/03\/2026_03_06-13_sneh_zamrznute_pleso-1024x354.jpg\" alt=\"\" class=\"wp-image-13869\" srcset=\"https:\/\/blog.laviny.sk\/wp-content\/uploads\/2026\/03\/2026_03_06-13_sneh_zamrznute_pleso-1024x354.jpg 1024w, https:\/\/blog.laviny.sk\/wp-content\/uploads\/2026\/03\/2026_03_06-13_sneh_zamrznute_pleso-300x104.jpg 300w, https:\/\/blog.laviny.sk\/wp-content\/uploads\/2026\/03\/2026_03_06-13_sneh_zamrznute_pleso-768x265.jpg 768w, https:\/\/blog.laviny.sk\/wp-content\/uploads\/2026\/03\/2026_03_06-13_sneh_zamrznute_pleso-1536x530.jpg 1536w, https:\/\/blog.laviny.sk\/wp-content\/uploads\/2026\/03\/2026_03_06-13_sneh_zamrznute_pleso.jpg 1694w\" sizes=\"auto, (max-width: 1024px) 100vw, 1024px\" \/><figcaption class=\"wp-element-caption\"><em>Vysok\u00e9 Tatry, v\u00fdvoj v\u00fd\u0161ky snehovej pokr\u00fdvky v cm na AMS Zamrznut\u00e9 pleso vo v\u00fd\u0161ke 2070 m na S expoz\u00edcii<\/em><\/figcaption><\/figure>\n\n\n\n<figure class=\"wp-block-image size-large\"><img loading=\"lazy\" decoding=\"async\" width=\"1024\" height=\"354\" data-attachment-id=\"13871\" data-permalink=\"https:\/\/blog.laviny.sk\/?attachment_id=13871#main\" data-orig-file=\"https:\/\/blog.laviny.sk\/wp-content\/uploads\/2026\/03\/2026_03_06-13_sneh_zamrznute_pleso-1.jpg\" data-orig-size=\"1694,585\" data-comments-opened=\"1\" data-image-meta=\"{&quot;aperture&quot;:&quot;0&quot;,&quot;credit&quot;:&quot;&quot;,&quot;camera&quot;:&quot;&quot;,&quot;caption&quot;:&quot;&quot;,&quot;created_timestamp&quot;:&quot;0&quot;,&quot;copyright&quot;:&quot;&quot;,&quot;focal_length&quot;:&quot;0&quot;,&quot;iso&quot;:&quot;0&quot;,&quot;shutter_speed&quot;:&quot;0&quot;,&quot;title&quot;:&quot;&quot;,&quot;orientation&quot;:&quot;0&quot;}\" data-image-title=\"2026_03_06-13_sneh_zamrznute_pleso\" data-image-description=\"\" data-image-caption=\"\" data-large-file=\"https:\/\/blog.laviny.sk\/wp-content\/uploads\/2026\/03\/2026_03_06-13_sneh_zamrznute_pleso-1-1024x354.jpg\" src=\"https:\/\/blog.laviny.sk\/wp-content\/uploads\/2026\/03\/2026_03_06-13_sneh_zamrznute_pleso-1-1024x354.jpg\" alt=\"\" class=\"wp-image-13871\" srcset=\"https:\/\/blog.laviny.sk\/wp-content\/uploads\/2026\/03\/2026_03_06-13_sneh_zamrznute_pleso-1-1024x354.jpg 1024w, https:\/\/blog.laviny.sk\/wp-content\/uploads\/2026\/03\/2026_03_06-13_sneh_zamrznute_pleso-1-300x104.jpg 300w, https:\/\/blog.laviny.sk\/wp-content\/uploads\/2026\/03\/2026_03_06-13_sneh_zamrznute_pleso-1-768x265.jpg 768w, https:\/\/blog.laviny.sk\/wp-content\/uploads\/2026\/03\/2026_03_06-13_sneh_zamrznute_pleso-1-1536x530.jpg 1536w, https:\/\/blog.laviny.sk\/wp-content\/uploads\/2026\/03\/2026_03_06-13_sneh_zamrznute_pleso-1.jpg 1694w\" sizes=\"auto, (max-width: 1024px) 100vw, 1024px\" \/><figcaption class=\"wp-element-caption\"><em>Vysok\u00e9 Tatry, v\u00fdvoj v\u00fd\u0161ky snehovej pokr\u00fdvky v cm na AMS Solisko vo v\u00fd\u0161ke 1860 m n.m.<\/em><\/figcaption><\/figure>\n\n\n\n<p>Z grafov je jasn\u00e9, \u017ee po\u010das v\u00edkendu a za\u010diatkom t\u00fd\u017ed\u0148a ovplyv\u0148ovala po\u010dasie v horstv\u00e1ch Slovenska tlakov\u00e1 v\u00fd\u0161. Jasn\u00e9 po\u010dasie, vysok\u00e9 teploty, slab\u00fd vietor &#8211; to bolo kombo vytv\u00e1raj\u00face zo snehu cez de\u0148 \u010dalam\u00e1du. V utorok sa situ\u00e1cia za\u010dala jemne meni\u0165, horstv\u00e1 Slovenska zasiahol rozpadaj\u00faci sa studen\u00fd front, ale ve\u013ea vody nenam\u00fatil. <\/p>\n\n\n\n<figure class=\"wp-block-image size-large\"><img loading=\"lazy\" decoding=\"async\" width=\"1024\" height=\"358\" data-attachment-id=\"13872\" data-permalink=\"https:\/\/blog.laviny.sk\/?attachment_id=13872#main\" data-orig-file=\"https:\/\/blog.laviny.sk\/wp-content\/uploads\/2026\/03\/2026_03_07-13_lomnicak_sila_vetra.jpg\" data-orig-size=\"1700,594\" data-comments-opened=\"1\" data-image-meta=\"{&quot;aperture&quot;:&quot;0&quot;,&quot;credit&quot;:&quot;&quot;,&quot;camera&quot;:&quot;&quot;,&quot;caption&quot;:&quot;&quot;,&quot;created_timestamp&quot;:&quot;0&quot;,&quot;copyright&quot;:&quot;&quot;,&quot;focal_length&quot;:&quot;0&quot;,&quot;iso&quot;:&quot;0&quot;,&quot;shutter_speed&quot;:&quot;0&quot;,&quot;title&quot;:&quot;&quot;,&quot;orientation&quot;:&quot;0&quot;}\" data-image-title=\"2026_03_07-13_lomnicak_sila_vetra\" data-image-description=\"\" data-image-caption=\"\" data-large-file=\"https:\/\/blog.laviny.sk\/wp-content\/uploads\/2026\/03\/2026_03_07-13_lomnicak_sila_vetra-1024x358.jpg\" src=\"https:\/\/blog.laviny.sk\/wp-content\/uploads\/2026\/03\/2026_03_07-13_lomnicak_sila_vetra-1024x358.jpg\" alt=\"\" class=\"wp-image-13872\" srcset=\"https:\/\/blog.laviny.sk\/wp-content\/uploads\/2026\/03\/2026_03_07-13_lomnicak_sila_vetra-1024x358.jpg 1024w, https:\/\/blog.laviny.sk\/wp-content\/uploads\/2026\/03\/2026_03_07-13_lomnicak_sila_vetra-300x105.jpg 300w, https:\/\/blog.laviny.sk\/wp-content\/uploads\/2026\/03\/2026_03_07-13_lomnicak_sila_vetra-768x268.jpg 768w, https:\/\/blog.laviny.sk\/wp-content\/uploads\/2026\/03\/2026_03_07-13_lomnicak_sila_vetra-1536x537.jpg 1536w, https:\/\/blog.laviny.sk\/wp-content\/uploads\/2026\/03\/2026_03_07-13_lomnicak_sila_vetra.jpg 1700w\" sizes=\"auto, (max-width: 1024px) 100vw, 1024px\" \/><figcaption class=\"wp-element-caption\"><em>Vysok\u00e9 Tatry, sila a n\u00e1razy vetra v m\/s na vrchole Lomnick\u00e9ho \u0161t\u00edtu v 2634 m n.m.<\/em>, [zdroj : SHMU]<\/figcaption><\/figure>\n\n\n\n<figure class=\"wp-block-image size-large\"><img loading=\"lazy\" decoding=\"async\" width=\"1024\" height=\"358\" data-attachment-id=\"13873\" data-permalink=\"https:\/\/blog.laviny.sk\/?attachment_id=13873#main\" data-orig-file=\"https:\/\/blog.laviny.sk\/wp-content\/uploads\/2026\/03\/2026_03_06-13_sneh_lomnicak.jpg\" data-orig-size=\"1686,590\" data-comments-opened=\"1\" data-image-meta=\"{&quot;aperture&quot;:&quot;0&quot;,&quot;credit&quot;:&quot;&quot;,&quot;camera&quot;:&quot;&quot;,&quot;caption&quot;:&quot;&quot;,&quot;created_timestamp&quot;:&quot;0&quot;,&quot;copyright&quot;:&quot;&quot;,&quot;focal_length&quot;:&quot;0&quot;,&quot;iso&quot;:&quot;0&quot;,&quot;shutter_speed&quot;:&quot;0&quot;,&quot;title&quot;:&quot;&quot;,&quot;orientation&quot;:&quot;0&quot;}\" data-image-title=\"2026_03_06-13_sneh_lomnicak\" data-image-description=\"\" data-image-caption=\"\" data-large-file=\"https:\/\/blog.laviny.sk\/wp-content\/uploads\/2026\/03\/2026_03_06-13_sneh_lomnicak-1024x358.jpg\" src=\"https:\/\/blog.laviny.sk\/wp-content\/uploads\/2026\/03\/2026_03_06-13_sneh_lomnicak-1024x358.jpg\" alt=\"\" class=\"wp-image-13873\" srcset=\"https:\/\/blog.laviny.sk\/wp-content\/uploads\/2026\/03\/2026_03_06-13_sneh_lomnicak-1024x358.jpg 1024w, https:\/\/blog.laviny.sk\/wp-content\/uploads\/2026\/03\/2026_03_06-13_sneh_lomnicak-300x105.jpg 300w, https:\/\/blog.laviny.sk\/wp-content\/uploads\/2026\/03\/2026_03_06-13_sneh_lomnicak-768x269.jpg 768w, https:\/\/blog.laviny.sk\/wp-content\/uploads\/2026\/03\/2026_03_06-13_sneh_lomnicak-1536x538.jpg 1536w, https:\/\/blog.laviny.sk\/wp-content\/uploads\/2026\/03\/2026_03_06-13_sneh_lomnicak.jpg 1686w\" sizes=\"auto, (max-width: 1024px) 100vw, 1024px\" \/><figcaption class=\"wp-element-caption\"><em>Vysok\u00e9 Tatry, v\u00fdvoj v\u00fd\u0161ky snehovej pokr\u00fdvky v cm na vrchole Lomnick\u00e9ho \u0161t\u00edtu vo v\u00fd\u0161ke 2634 m n.m.<\/em>, <em>[zdroj : SHMU]<\/em><\/figcaption><\/figure>\n\n\n\n<p>Nev\u00fdrazn\u00e9 snehov\u00e9 zr\u00e1\u017eky prinieslo a\u017e \u0161tvrtkov\u00e9 popoludnie, aj to len ve\u013emi lok\u00e1lne a v najvy\u0161\u0161\u00edch poloh\u00e1ch. Stupe\u0148 lav\u00ednov\u00e9ho nebezpe\u010denstva postupne v priebehu t\u00fd\u017ed\u0148a klesol na 1 &#8211; mal\u00e9 lav\u00ednov\u00e9 nebezpe\u010denstvo. <\/p>\n\n\n\n<figure class=\"wp-block-jetpack-image-compare\"><div class=\"juxtapose\" data-mode=\"horizontal\"><img loading=\"lazy\" decoding=\"async\" id=\"13877\" src=\"https:\/\/blog.laviny.sk\/wp-content\/uploads\/2026\/03\/getImage-2.jpg\" alt=\"\" width=\"1280\" height=\"720\" class=\"image-compare__image-before\"\/><img loading=\"lazy\" decoding=\"async\" id=\"13878\" src=\"https:\/\/blog.laviny.sk\/wp-content\/uploads\/2026\/03\/getImage-3.jpg\" alt=\"\" width=\"1280\" height=\"720\" class=\"image-compare__image-after\"\/><\/div><figcaption>Vysok\u00e9 Tatry, Pr\u00edbytok snehu po\u010das jednej hodiny v \u0161tvrtok 12.3.2026 na AMS Zamrznut\u00e9 pleso, 2070 m n.m.<\/figcaption><\/figure>\n\n\n\n<p><strong>Vyhliadky na v\u00edkend:<\/strong><\/p>\n\n\n\n<figure class=\"wp-block-gallery has-nested-images columns-default is-cropped wp-block-gallery-1 is-layout-flex wp-block-gallery-is-layout-flex\">\n<figure class=\"wp-block-image size-large\"><img loading=\"lazy\" decoding=\"async\" width=\"577\" height=\"1024\" data-attachment-id=\"13890\" data-permalink=\"https:\/\/blog.laviny.sk\/?attachment_id=13890#main\" data-orig-file=\"https:\/\/blog.laviny.sk\/wp-content\/uploads\/2026\/03\/2026_03_08_Nizke_Tatry_AMS_Durkova.jpg\" data-orig-size=\"1200,2131\" data-comments-opened=\"1\" data-image-meta=\"{&quot;aperture&quot;:&quot;1.8&quot;,&quot;credit&quot;:&quot;&quot;,&quot;camera&quot;:&quot;SM-S901B&quot;,&quot;caption&quot;:&quot;&quot;,&quot;created_timestamp&quot;:&quot;1772984989&quot;,&quot;copyright&quot;:&quot;&quot;,&quot;focal_length&quot;:&quot;5.4&quot;,&quot;iso&quot;:&quot;50&quot;,&quot;shutter_speed&quot;:&quot;0.000461254&quot;,&quot;title&quot;:&quot;&quot;,&quot;orientation&quot;:&quot;1&quot;}\" data-image-title=\"2026_03_08_Nizke_Tatry_AMS_Durkova\" data-image-description=\"\" data-image-caption=\"\" data-large-file=\"https:\/\/blog.laviny.sk\/wp-content\/uploads\/2026\/03\/2026_03_08_Nizke_Tatry_AMS_Durkova-577x1024.jpg\" data-id=\"13890\" src=\"https:\/\/blog.laviny.sk\/wp-content\/uploads\/2026\/03\/2026_03_08_Nizke_Tatry_AMS_Durkova-577x1024.jpg\" alt=\"2026_03_08 N\u00edzke Tatry AMS \u010eurkov\u00e1\" class=\"wp-image-13890\" srcset=\"https:\/\/blog.laviny.sk\/wp-content\/uploads\/2026\/03\/2026_03_08_Nizke_Tatry_AMS_Durkova-577x1024.jpg 577w, https:\/\/blog.laviny.sk\/wp-content\/uploads\/2026\/03\/2026_03_08_Nizke_Tatry_AMS_Durkova-169x300.jpg 169w, https:\/\/blog.laviny.sk\/wp-content\/uploads\/2026\/03\/2026_03_08_Nizke_Tatry_AMS_Durkova-768x1364.jpg 768w, https:\/\/blog.laviny.sk\/wp-content\/uploads\/2026\/03\/2026_03_08_Nizke_Tatry_AMS_Durkova-865x1536.jpg 865w, https:\/\/blog.laviny.sk\/wp-content\/uploads\/2026\/03\/2026_03_08_Nizke_Tatry_AMS_Durkova-1153x2048.jpg 1153w, https:\/\/blog.laviny.sk\/wp-content\/uploads\/2026\/03\/2026_03_08_Nizke_Tatry_AMS_Durkova.jpg 1200w\" sizes=\"auto, (max-width: 577px) 100vw, 577px\" \/><figcaption class=\"wp-element-caption\"><em>2026_03_08 N\u00edzke Tatry AMS \u010eurkov\u00e1<\/em><\/figcaption><\/figure>\n\n\n\n<figure class=\"wp-block-image size-large\"><img loading=\"lazy\" decoding=\"async\" width=\"1024\" height=\"577\" data-attachment-id=\"13880\" data-permalink=\"https:\/\/blog.laviny.sk\/?attachment_id=13880#main\" data-orig-file=\"https:\/\/blog.laviny.sk\/wp-content\/uploads\/2026\/03\/2026_03_08_Nizke_Tatry_Skalka.jpg\" data-orig-size=\"1200,676\" data-comments-opened=\"1\" data-image-meta=\"{&quot;aperture&quot;:&quot;1.8&quot;,&quot;credit&quot;:&quot;&quot;,&quot;camera&quot;:&quot;SM-S901B&quot;,&quot;caption&quot;:&quot;&quot;,&quot;created_timestamp&quot;:&quot;1772975723&quot;,&quot;copyright&quot;:&quot;&quot;,&quot;focal_length&quot;:&quot;5.4&quot;,&quot;iso&quot;:&quot;50&quot;,&quot;shutter_speed&quot;:&quot;0.000184365&quot;,&quot;title&quot;:&quot;&quot;,&quot;orientation&quot;:&quot;1&quot;}\" data-image-title=\"2026_03_08_Nizke_Tatry_Skalka\" data-image-description=\"\" data-image-caption=\"\" data-large-file=\"https:\/\/blog.laviny.sk\/wp-content\/uploads\/2026\/03\/2026_03_08_Nizke_Tatry_Skalka-1024x577.jpg\" data-id=\"13880\" src=\"https:\/\/blog.laviny.sk\/wp-content\/uploads\/2026\/03\/2026_03_08_Nizke_Tatry_Skalka-1024x577.jpg\" alt=\"2026_03_08 N\u00edzke Tatry Skalka\" class=\"wp-image-13880\" srcset=\"https:\/\/blog.laviny.sk\/wp-content\/uploads\/2026\/03\/2026_03_08_Nizke_Tatry_Skalka-1024x577.jpg 1024w, https:\/\/blog.laviny.sk\/wp-content\/uploads\/2026\/03\/2026_03_08_Nizke_Tatry_Skalka-300x169.jpg 300w, https:\/\/blog.laviny.sk\/wp-content\/uploads\/2026\/03\/2026_03_08_Nizke_Tatry_Skalka-768x433.jpg 768w, https:\/\/blog.laviny.sk\/wp-content\/uploads\/2026\/03\/2026_03_08_Nizke_Tatry_Skalka-460x260.jpg 460w, https:\/\/blog.laviny.sk\/wp-content\/uploads\/2026\/03\/2026_03_08_Nizke_Tatry_Skalka.jpg 1200w\" sizes=\"auto, (max-width: 1024px) 100vw, 1024px\" \/><figcaption class=\"wp-element-caption\"><em>2026_03_08 N\u00edzke Tatry Skalka<\/em><\/figcaption><\/figure>\n\n\n\n<figure class=\"wp-block-image size-large\"><img loading=\"lazy\" decoding=\"async\" width=\"1024\" height=\"576\" data-attachment-id=\"13881\" data-permalink=\"https:\/\/blog.laviny.sk\/?attachment_id=13881#main\" data-orig-file=\"https:\/\/blog.laviny.sk\/wp-content\/uploads\/2026\/03\/2026_03_09_Vysoke_Tatry_furkota.jpg\" data-orig-size=\"1200,675\" data-comments-opened=\"1\" data-image-meta=\"{&quot;aperture&quot;:&quot;1.7&quot;,&quot;credit&quot;:&quot;&quot;,&quot;camera&quot;:&quot;motorola razr 50&quot;,&quot;caption&quot;:&quot;&quot;,&quot;created_timestamp&quot;:&quot;1773055762&quot;,&quot;copyright&quot;:&quot;&quot;,&quot;focal_length&quot;:&quot;4.68&quot;,&quot;iso&quot;:&quot;102&quot;,&quot;shutter_speed&quot;:&quot;0.00019323&quot;,&quot;title&quot;:&quot;&quot;,&quot;orientation&quot;:&quot;1&quot;}\" data-image-title=\"2026_03_09_Vysoke_Tatry_furkota\" data-image-description=\"\" data-image-caption=\"\" data-large-file=\"https:\/\/blog.laviny.sk\/wp-content\/uploads\/2026\/03\/2026_03_09_Vysoke_Tatry_furkota-1024x576.jpg\" data-id=\"13881\" src=\"https:\/\/blog.laviny.sk\/wp-content\/uploads\/2026\/03\/2026_03_09_Vysoke_Tatry_furkota-1024x576.jpg\" alt=\"2026_03_09 Furkotsk\u00e1 dolina\" class=\"wp-image-13881\" srcset=\"https:\/\/blog.laviny.sk\/wp-content\/uploads\/2026\/03\/2026_03_09_Vysoke_Tatry_furkota-1024x576.jpg 1024w, https:\/\/blog.laviny.sk\/wp-content\/uploads\/2026\/03\/2026_03_09_Vysoke_Tatry_furkota-300x169.jpg 300w, https:\/\/blog.laviny.sk\/wp-content\/uploads\/2026\/03\/2026_03_09_Vysoke_Tatry_furkota-768x432.jpg 768w, https:\/\/blog.laviny.sk\/wp-content\/uploads\/2026\/03\/2026_03_09_Vysoke_Tatry_furkota-460x260.jpg 460w, https:\/\/blog.laviny.sk\/wp-content\/uploads\/2026\/03\/2026_03_09_Vysoke_Tatry_furkota.jpg 1200w\" sizes=\"auto, (max-width: 1024px) 100vw, 1024px\" \/><figcaption class=\"wp-element-caption\"><em>2026_03_09 Furkotsk\u00e1 dolina<\/em><\/figcaption><\/figure>\n\n\n\n<figure class=\"wp-block-image size-large\"><img loading=\"lazy\" decoding=\"async\" width=\"1024\" height=\"576\" data-attachment-id=\"13883\" data-permalink=\"https:\/\/blog.laviny.sk\/?attachment_id=13883#main\" data-orig-file=\"https:\/\/blog.laviny.sk\/wp-content\/uploads\/2026\/03\/2026_03_09_Vysoke_Tatry_furkota_nefcerka_Krivan.jpg\" data-orig-size=\"1200,675\" data-comments-opened=\"1\" data-image-meta=\"{&quot;aperture&quot;:&quot;1.7&quot;,&quot;credit&quot;:&quot;&quot;,&quot;camera&quot;:&quot;motorola razr 50&quot;,&quot;caption&quot;:&quot;&quot;,&quot;created_timestamp&quot;:&quot;1773055822&quot;,&quot;copyright&quot;:&quot;&quot;,&quot;focal_length&quot;:&quot;4.68&quot;,&quot;iso&quot;:&quot;101&quot;,&quot;shutter_speed&quot;:&quot;0.00033561&quot;,&quot;title&quot;:&quot;&quot;,&quot;orientation&quot;:&quot;1&quot;}\" data-image-title=\"2026_03_09_Vysoke_Tatry_furkota_nefcerka_Krivan\" data-image-description=\"\" data-image-caption=\"\" data-large-file=\"https:\/\/blog.laviny.sk\/wp-content\/uploads\/2026\/03\/2026_03_09_Vysoke_Tatry_furkota_nefcerka_Krivan-1024x576.jpg\" data-id=\"13883\" src=\"https:\/\/blog.laviny.sk\/wp-content\/uploads\/2026\/03\/2026_03_09_Vysoke_Tatry_furkota_nefcerka_Krivan-1024x576.jpg\" alt=\"2026_03_09 Stretnutie Furkotsk\u00e1 dolina a Nefc\u00e9rka a Kriv\u00e1\u0148\" class=\"wp-image-13883\" srcset=\"https:\/\/blog.laviny.sk\/wp-content\/uploads\/2026\/03\/2026_03_09_Vysoke_Tatry_furkota_nefcerka_Krivan-1024x576.jpg 1024w, https:\/\/blog.laviny.sk\/wp-content\/uploads\/2026\/03\/2026_03_09_Vysoke_Tatry_furkota_nefcerka_Krivan-300x169.jpg 300w, https:\/\/blog.laviny.sk\/wp-content\/uploads\/2026\/03\/2026_03_09_Vysoke_Tatry_furkota_nefcerka_Krivan-768x432.jpg 768w, https:\/\/blog.laviny.sk\/wp-content\/uploads\/2026\/03\/2026_03_09_Vysoke_Tatry_furkota_nefcerka_Krivan-460x260.jpg 460w, https:\/\/blog.laviny.sk\/wp-content\/uploads\/2026\/03\/2026_03_09_Vysoke_Tatry_furkota_nefcerka_Krivan.jpg 1200w\" sizes=\"auto, (max-width: 1024px) 100vw, 1024px\" \/><figcaption class=\"wp-element-caption\">2026_03_09 Stretnutie Furkotsk\u00e1 dolina a Nefc\u00e9rka a Kriv\u00e1\u0148<\/figcaption><\/figure>\n\n\n\n<figure class=\"wp-block-image size-large\"><img loading=\"lazy\" decoding=\"async\" width=\"576\" height=\"1024\" data-attachment-id=\"13891\" data-permalink=\"https:\/\/blog.laviny.sk\/?attachment_id=13891#main\" data-orig-file=\"https:\/\/blog.laviny.sk\/wp-content\/uploads\/2026\/03\/2026_03_09_Vysoke_Tatry_furkota_vs_nefcerka.jpg\" data-orig-size=\"1200,2133\" data-comments-opened=\"1\" data-image-meta=\"{&quot;aperture&quot;:&quot;1.7&quot;,&quot;credit&quot;:&quot;&quot;,&quot;camera&quot;:&quot;motorola razr 50&quot;,&quot;caption&quot;:&quot;&quot;,&quot;created_timestamp&quot;:&quot;1773056137&quot;,&quot;copyright&quot;:&quot;&quot;,&quot;focal_length&quot;:&quot;4.68&quot;,&quot;iso&quot;:&quot;101&quot;,&quot;shutter_speed&quot;:&quot;0.00027459&quot;,&quot;title&quot;:&quot;&quot;,&quot;orientation&quot;:&quot;1&quot;}\" data-image-title=\"2026_03_09_Vysoke_Tatry_furkota_vs_nefcerka\" data-image-description=\"\" data-image-caption=\"\" data-large-file=\"https:\/\/blog.laviny.sk\/wp-content\/uploads\/2026\/03\/2026_03_09_Vysoke_Tatry_furkota_vs_nefcerka-576x1024.jpg\" data-id=\"13891\" src=\"https:\/\/blog.laviny.sk\/wp-content\/uploads\/2026\/03\/2026_03_09_Vysoke_Tatry_furkota_vs_nefcerka-576x1024.jpg\" alt=\"2026_03_09 Furkotsk\u00e1 dolina a Nefc\u00e9rka \" class=\"wp-image-13891\" srcset=\"https:\/\/blog.laviny.sk\/wp-content\/uploads\/2026\/03\/2026_03_09_Vysoke_Tatry_furkota_vs_nefcerka-576x1024.jpg 576w, https:\/\/blog.laviny.sk\/wp-content\/uploads\/2026\/03\/2026_03_09_Vysoke_Tatry_furkota_vs_nefcerka-169x300.jpg 169w, https:\/\/blog.laviny.sk\/wp-content\/uploads\/2026\/03\/2026_03_09_Vysoke_Tatry_furkota_vs_nefcerka-768x1365.jpg 768w, https:\/\/blog.laviny.sk\/wp-content\/uploads\/2026\/03\/2026_03_09_Vysoke_Tatry_furkota_vs_nefcerka-864x1536.jpg 864w, https:\/\/blog.laviny.sk\/wp-content\/uploads\/2026\/03\/2026_03_09_Vysoke_Tatry_furkota_vs_nefcerka-1152x2048.jpg 1152w, https:\/\/blog.laviny.sk\/wp-content\/uploads\/2026\/03\/2026_03_09_Vysoke_Tatry_furkota_vs_nefcerka.jpg 1200w\" sizes=\"auto, (max-width: 576px) 100vw, 576px\" \/><figcaption class=\"wp-element-caption\">2026_03_09 Furkotsk\u00e1 dolina a Nefc\u00e9rka<\/figcaption><\/figure>\n\n\n\n<figure class=\"wp-block-image size-large\"><img loading=\"lazy\" decoding=\"async\" width=\"576\" height=\"1024\" data-attachment-id=\"13887\" data-permalink=\"https:\/\/blog.laviny.sk\/?attachment_id=13887#main\" data-orig-file=\"https:\/\/blog.laviny.sk\/wp-content\/uploads\/2026\/03\/2026_03_10_Nizke_Tatry_Magurka.jpg\" data-orig-size=\"1200,2133\" data-comments-opened=\"1\" data-image-meta=\"{&quot;aperture&quot;:&quot;1.7&quot;,&quot;credit&quot;:&quot;&quot;,&quot;camera&quot;:&quot;motorola razr 50&quot;,&quot;caption&quot;:&quot;&quot;,&quot;created_timestamp&quot;:&quot;1773143782&quot;,&quot;copyright&quot;:&quot;&quot;,&quot;focal_length&quot;:&quot;4.68&quot;,&quot;iso&quot;:&quot;101&quot;,&quot;shutter_speed&quot;:&quot;0.000106785&quot;,&quot;title&quot;:&quot;&quot;,&quot;orientation&quot;:&quot;1&quot;}\" data-image-title=\"2026_03_10_Nizke_Tatry_Magurka\" data-image-description=\"\" data-image-caption=\"\" data-large-file=\"https:\/\/blog.laviny.sk\/wp-content\/uploads\/2026\/03\/2026_03_10_Nizke_Tatry_Magurka-576x1024.jpg\" data-id=\"13887\" src=\"https:\/\/blog.laviny.sk\/wp-content\/uploads\/2026\/03\/2026_03_10_Nizke_Tatry_Magurka-576x1024.jpg\" alt=\"2026_03_10 N\u00edzke Tatry, na svahoch nad Magurkou\" class=\"wp-image-13887\" srcset=\"https:\/\/blog.laviny.sk\/wp-content\/uploads\/2026\/03\/2026_03_10_Nizke_Tatry_Magurka-576x1024.jpg 576w, https:\/\/blog.laviny.sk\/wp-content\/uploads\/2026\/03\/2026_03_10_Nizke_Tatry_Magurka-169x300.jpg 169w, https:\/\/blog.laviny.sk\/wp-content\/uploads\/2026\/03\/2026_03_10_Nizke_Tatry_Magurka-768x1365.jpg 768w, https:\/\/blog.laviny.sk\/wp-content\/uploads\/2026\/03\/2026_03_10_Nizke_Tatry_Magurka-864x1536.jpg 864w, https:\/\/blog.laviny.sk\/wp-content\/uploads\/2026\/03\/2026_03_10_Nizke_Tatry_Magurka-1152x2048.jpg 1152w, https:\/\/blog.laviny.sk\/wp-content\/uploads\/2026\/03\/2026_03_10_Nizke_Tatry_Magurka.jpg 1200w\" sizes=\"auto, (max-width: 576px) 100vw, 576px\" \/><figcaption class=\"wp-element-caption\">2026_03_10 N\u00edzke Tatry, na svahoch nad Magurkou<\/figcaption><\/figure>\n\n\n\n<figure class=\"wp-block-image size-large\"><img loading=\"lazy\" decoding=\"async\" width=\"1024\" height=\"768\" data-attachment-id=\"13885\" data-permalink=\"https:\/\/blog.laviny.sk\/?attachment_id=13885#main\" data-orig-file=\"https:\/\/blog.laviny.sk\/wp-content\/uploads\/2026\/03\/2026_03_11_Zapadne_Tatry_Banik_kotol_hrub_kopa.jpg\" data-orig-size=\"1200,900\" data-comments-opened=\"1\" data-image-meta=\"{&quot;aperture&quot;:&quot;0&quot;,&quot;credit&quot;:&quot;&quot;,&quot;camera&quot;:&quot;&quot;,&quot;caption&quot;:&quot;&quot;,&quot;created_timestamp&quot;:&quot;0&quot;,&quot;copyright&quot;:&quot;&quot;,&quot;focal_length&quot;:&quot;0&quot;,&quot;iso&quot;:&quot;0&quot;,&quot;shutter_speed&quot;:&quot;0&quot;,&quot;title&quot;:&quot;&quot;,&quot;orientation&quot;:&quot;0&quot;}\" data-image-title=\"2026_03_11_Zapadne_Tatry_Banik_kotol_hrub_kopa\" data-image-description=\"\" data-image-caption=\"\" data-large-file=\"https:\/\/blog.laviny.sk\/wp-content\/uploads\/2026\/03\/2026_03_11_Zapadne_Tatry_Banik_kotol_hrub_kopa-1024x768.jpg\" data-id=\"13885\" src=\"https:\/\/blog.laviny.sk\/wp-content\/uploads\/2026\/03\/2026_03_11_Zapadne_Tatry_Banik_kotol_hrub_kopa-1024x768.jpg\" alt=\"2026_03_12 Z\u00e1padn\u00e9 Tatry, Poh\u013ead na Ban\u00edkovsk\u00fd kotol, Hrub\u00fa kopu a Pr\u00edslop\" class=\"wp-image-13885\" srcset=\"https:\/\/blog.laviny.sk\/wp-content\/uploads\/2026\/03\/2026_03_11_Zapadne_Tatry_Banik_kotol_hrub_kopa-1024x768.jpg 1024w, https:\/\/blog.laviny.sk\/wp-content\/uploads\/2026\/03\/2026_03_11_Zapadne_Tatry_Banik_kotol_hrub_kopa-300x225.jpg 300w, https:\/\/blog.laviny.sk\/wp-content\/uploads\/2026\/03\/2026_03_11_Zapadne_Tatry_Banik_kotol_hrub_kopa-768x576.jpg 768w, https:\/\/blog.laviny.sk\/wp-content\/uploads\/2026\/03\/2026_03_11_Zapadne_Tatry_Banik_kotol_hrub_kopa.jpg 1200w\" sizes=\"auto, (max-width: 1024px) 100vw, 1024px\" \/><figcaption class=\"wp-element-caption\">2026_03_12 Z\u00e1padn\u00e9 Tatry, Poh\u013ead na Ban\u00edkovsk\u00fd kotol, Hrub\u00fa kopu a Pr\u00edslop<\/figcaption><\/figure>\n\n\n\n<figure class=\"wp-block-image size-large\"><img loading=\"lazy\" decoding=\"async\" width=\"1024\" height=\"768\" data-attachment-id=\"13882\" data-permalink=\"https:\/\/blog.laviny.sk\/?attachment_id=13882#main\" data-orig-file=\"https:\/\/blog.laviny.sk\/wp-content\/uploads\/2026\/03\/2026_03_11_Zapadne_Tatry_Banikovsky_kotol.jpg\" data-orig-size=\"1200,900\" data-comments-opened=\"1\" data-image-meta=\"{&quot;aperture&quot;:&quot;0&quot;,&quot;credit&quot;:&quot;&quot;,&quot;camera&quot;:&quot;&quot;,&quot;caption&quot;:&quot;&quot;,&quot;created_timestamp&quot;:&quot;0&quot;,&quot;copyright&quot;:&quot;&quot;,&quot;focal_length&quot;:&quot;0&quot;,&quot;iso&quot;:&quot;0&quot;,&quot;shutter_speed&quot;:&quot;0&quot;,&quot;title&quot;:&quot;&quot;,&quot;orientation&quot;:&quot;0&quot;}\" data-image-title=\"2026_03_11_Zapadne_Tatry_Banikovsky_kotol\" data-image-description=\"\" data-image-caption=\"\" data-large-file=\"https:\/\/blog.laviny.sk\/wp-content\/uploads\/2026\/03\/2026_03_11_Zapadne_Tatry_Banikovsky_kotol-1024x768.jpg\" data-id=\"13882\" src=\"https:\/\/blog.laviny.sk\/wp-content\/uploads\/2026\/03\/2026_03_11_Zapadne_Tatry_Banikovsky_kotol-1024x768.jpg\" alt=\"2026_03_12 Z\u00e1padn\u00e9 Tatry,Ban\u00edkovsk\u00fd kotol\" class=\"wp-image-13882\" srcset=\"https:\/\/blog.laviny.sk\/wp-content\/uploads\/2026\/03\/2026_03_11_Zapadne_Tatry_Banikovsky_kotol-1024x768.jpg 1024w, https:\/\/blog.laviny.sk\/wp-content\/uploads\/2026\/03\/2026_03_11_Zapadne_Tatry_Banikovsky_kotol-300x225.jpg 300w, https:\/\/blog.laviny.sk\/wp-content\/uploads\/2026\/03\/2026_03_11_Zapadne_Tatry_Banikovsky_kotol-768x576.jpg 768w, https:\/\/blog.laviny.sk\/wp-content\/uploads\/2026\/03\/2026_03_11_Zapadne_Tatry_Banikovsky_kotol.jpg 1200w\" sizes=\"auto, (max-width: 1024px) 100vw, 1024px\" \/><figcaption class=\"wp-element-caption\">2026_03_12 Z\u00e1padn\u00e9 Tatry,Ban\u00edkovsk\u00fd kotol<\/figcaption><\/figure>\n\n\n\n<figure class=\"wp-block-image size-large\"><img loading=\"lazy\" decoding=\"async\" width=\"1024\" height=\"768\" data-attachment-id=\"13889\" data-permalink=\"https:\/\/blog.laviny.sk\/?attachment_id=13889#main\" data-orig-file=\"https:\/\/blog.laviny.sk\/wp-content\/uploads\/2026\/03\/2026_03_11_Zapadne_Tatry_lavina_nanos_prislop.jpg\" data-orig-size=\"1200,900\" data-comments-opened=\"1\" data-image-meta=\"{&quot;aperture&quot;:&quot;1.8&quot;,&quot;credit&quot;:&quot;&quot;,&quot;camera&quot;:&quot;FC9313&quot;,&quot;caption&quot;:&quot;default&quot;,&quot;created_timestamp&quot;:&quot;1773227640&quot;,&quot;copyright&quot;:&quot;&quot;,&quot;focal_length&quot;:&quot;8.67&quot;,&quot;iso&quot;:&quot;290&quot;,&quot;shutter_speed&quot;:&quot;0.00025&quot;,&quot;title&quot;:&quot;default&quot;,&quot;orientation&quot;:&quot;1&quot;}\" data-image-title=\"default\" data-image-description=\"\" data-image-caption=\"&lt;p&gt;default&lt;\/p&gt;\n\" data-large-file=\"https:\/\/blog.laviny.sk\/wp-content\/uploads\/2026\/03\/2026_03_11_Zapadne_Tatry_lavina_nanos_prislop-1024x768.jpg\" data-id=\"13889\" src=\"https:\/\/blog.laviny.sk\/wp-content\/uploads\/2026\/03\/2026_03_11_Zapadne_Tatry_lavina_nanos_prislop-1024x768.jpg\" alt=\"2026_03_12 Z\u00e1padn\u00e9 Tatry, Pr\u00edslop. n\u00e1nos a dr\u00e1ha lav\u00edny, ktor\u00e1 zasiahla cestu\" class=\"wp-image-13889\" srcset=\"https:\/\/blog.laviny.sk\/wp-content\/uploads\/2026\/03\/2026_03_11_Zapadne_Tatry_lavina_nanos_prislop-1024x768.jpg 1024w, https:\/\/blog.laviny.sk\/wp-content\/uploads\/2026\/03\/2026_03_11_Zapadne_Tatry_lavina_nanos_prislop-300x225.jpg 300w, https:\/\/blog.laviny.sk\/wp-content\/uploads\/2026\/03\/2026_03_11_Zapadne_Tatry_lavina_nanos_prislop-768x576.jpg 768w, https:\/\/blog.laviny.sk\/wp-content\/uploads\/2026\/03\/2026_03_11_Zapadne_Tatry_lavina_nanos_prislop.jpg 1200w\" sizes=\"auto, (max-width: 1024px) 100vw, 1024px\" \/><figcaption class=\"wp-element-caption\">2026_03_12 Z\u00e1padn\u00e9 Tatry, Pr\u00edslop. n\u00e1nos a dr\u00e1ha lav\u00edny, ktor\u00e1 zasiahla cestu<\/figcaption><\/figure>\n\n\n\n<figure class=\"wp-block-image size-large\"><img loading=\"lazy\" decoding=\"async\" width=\"1024\" height=\"768\" data-attachment-id=\"13886\" data-permalink=\"https:\/\/blog.laviny.sk\/?attachment_id=13886#main\" data-orig-file=\"https:\/\/blog.laviny.sk\/wp-content\/uploads\/2026\/03\/2026_03_11_Zapadne_Tatry_Raztoka.jpg\" data-orig-size=\"1200,900\" data-comments-opened=\"1\" data-image-meta=\"{&quot;aperture&quot;:&quot;0&quot;,&quot;credit&quot;:&quot;&quot;,&quot;camera&quot;:&quot;&quot;,&quot;caption&quot;:&quot;&quot;,&quot;created_timestamp&quot;:&quot;0&quot;,&quot;copyright&quot;:&quot;&quot;,&quot;focal_length&quot;:&quot;0&quot;,&quot;iso&quot;:&quot;0&quot;,&quot;shutter_speed&quot;:&quot;0&quot;,&quot;title&quot;:&quot;&quot;,&quot;orientation&quot;:&quot;0&quot;}\" data-image-title=\"2026_03_11_Zapadne_Tatry_Raztoka\" data-image-description=\"\" data-image-caption=\"\" data-large-file=\"https:\/\/blog.laviny.sk\/wp-content\/uploads\/2026\/03\/2026_03_11_Zapadne_Tatry_Raztoka-1024x768.jpg\" data-id=\"13886\" src=\"https:\/\/blog.laviny.sk\/wp-content\/uploads\/2026\/03\/2026_03_11_Zapadne_Tatry_Raztoka-1024x768.jpg\" alt=\"2026_03_12 Z\u00e1padn\u00e9 Tatry,R\u00e1ztoka\" class=\"wp-image-13886\" srcset=\"https:\/\/blog.laviny.sk\/wp-content\/uploads\/2026\/03\/2026_03_11_Zapadne_Tatry_Raztoka-1024x768.jpg 1024w, https:\/\/blog.laviny.sk\/wp-content\/uploads\/2026\/03\/2026_03_11_Zapadne_Tatry_Raztoka-300x225.jpg 300w, https:\/\/blog.laviny.sk\/wp-content\/uploads\/2026\/03\/2026_03_11_Zapadne_Tatry_Raztoka-768x576.jpg 768w, https:\/\/blog.laviny.sk\/wp-content\/uploads\/2026\/03\/2026_03_11_Zapadne_Tatry_Raztoka.jpg 1200w\" sizes=\"auto, (max-width: 1024px) 100vw, 1024px\" \/><figcaption class=\"wp-element-caption\">2026_03_12 Z\u00e1padn\u00e9 Tatry,R\u00e1ztoka<\/figcaption><\/figure>\n\n\n\n<figure class=\"wp-block-image size-large\"><img loading=\"lazy\" decoding=\"async\" width=\"1024\" height=\"768\" data-attachment-id=\"13884\" data-permalink=\"https:\/\/blog.laviny.sk\/?attachment_id=13884#main\" data-orig-file=\"https:\/\/blog.laviny.sk\/wp-content\/uploads\/2026\/03\/2026_03_12_Vysoke_Tatry_Tazky_Vysoka.jpg\" data-orig-size=\"1200,900\" data-comments-opened=\"1\" data-image-meta=\"{&quot;aperture&quot;:&quot;0&quot;,&quot;credit&quot;:&quot;&quot;,&quot;camera&quot;:&quot;&quot;,&quot;caption&quot;:&quot;&quot;,&quot;created_timestamp&quot;:&quot;0&quot;,&quot;copyright&quot;:&quot;&quot;,&quot;focal_length&quot;:&quot;0&quot;,&quot;iso&quot;:&quot;0&quot;,&quot;shutter_speed&quot;:&quot;0&quot;,&quot;title&quot;:&quot;&quot;,&quot;orientation&quot;:&quot;0&quot;}\" data-image-title=\"2026_03_12_Vysoke_Tatry_Tazky_Vysoka\" data-image-description=\"\" data-image-caption=\"\" data-large-file=\"https:\/\/blog.laviny.sk\/wp-content\/uploads\/2026\/03\/2026_03_12_Vysoke_Tatry_Tazky_Vysoka-1024x768.jpg\" data-id=\"13884\" src=\"https:\/\/blog.laviny.sk\/wp-content\/uploads\/2026\/03\/2026_03_12_Vysoke_Tatry_Tazky_Vysoka-1024x768.jpg\" alt=\"2026_03_12 Vysok\u00e9 Tatry, \u0164a\u017ek\u00fd \u0161t\u00edt a Vysok\u00e1\" class=\"wp-image-13884\" srcset=\"https:\/\/blog.laviny.sk\/wp-content\/uploads\/2026\/03\/2026_03_12_Vysoke_Tatry_Tazky_Vysoka-1024x768.jpg 1024w, https:\/\/blog.laviny.sk\/wp-content\/uploads\/2026\/03\/2026_03_12_Vysoke_Tatry_Tazky_Vysoka-300x225.jpg 300w, https:\/\/blog.laviny.sk\/wp-content\/uploads\/2026\/03\/2026_03_12_Vysoke_Tatry_Tazky_Vysoka-768x576.jpg 768w, https:\/\/blog.laviny.sk\/wp-content\/uploads\/2026\/03\/2026_03_12_Vysoke_Tatry_Tazky_Vysoka.jpg 1200w\" sizes=\"auto, (max-width: 1024px) 100vw, 1024px\" \/><figcaption class=\"wp-element-caption\">2026_03_12 Vysok\u00e9 Tatry, \u0164a\u017ek\u00fd \u0161t\u00edt a Vysok\u00e1<\/figcaption><\/figure>\n\n\n\n<figure class=\"wp-block-image size-large\"><img loading=\"lazy\" decoding=\"async\" width=\"1024\" height=\"768\" data-attachment-id=\"13888\" data-permalink=\"https:\/\/blog.laviny.sk\/?attachment_id=13888#main\" data-orig-file=\"https:\/\/blog.laviny.sk\/wp-content\/uploads\/2026\/03\/2026_03_12_Zapadne_Tatry_Ziarska.jpg\" data-orig-size=\"1200,900\" data-comments-opened=\"1\" data-image-meta=\"{&quot;aperture&quot;:&quot;0&quot;,&quot;credit&quot;:&quot;&quot;,&quot;camera&quot;:&quot;&quot;,&quot;caption&quot;:&quot;&quot;,&quot;created_timestamp&quot;:&quot;0&quot;,&quot;copyright&quot;:&quot;&quot;,&quot;focal_length&quot;:&quot;0&quot;,&quot;iso&quot;:&quot;0&quot;,&quot;shutter_speed&quot;:&quot;0&quot;,&quot;title&quot;:&quot;&quot;,&quot;orientation&quot;:&quot;0&quot;}\" data-image-title=\"2026_03_12_Zapadne_Tatry_Ziarska\" data-image-description=\"\" data-image-caption=\"\" data-large-file=\"https:\/\/blog.laviny.sk\/wp-content\/uploads\/2026\/03\/2026_03_12_Zapadne_Tatry_Ziarska-1024x768.jpg\" data-id=\"13888\" src=\"https:\/\/blog.laviny.sk\/wp-content\/uploads\/2026\/03\/2026_03_12_Zapadne_Tatry_Ziarska-1024x768.jpg\" alt=\"2026_03_12 Z\u00e1padn\u00e9 Tatry, Smutn\u00fd poh\u013ead na \u017diarsku dolinu v marci, kedy oby\u010dajne v\u00fd\u0161ka snehovej pokr\u00fdvky kulminovala\" class=\"wp-image-13888\" srcset=\"https:\/\/blog.laviny.sk\/wp-content\/uploads\/2026\/03\/2026_03_12_Zapadne_Tatry_Ziarska-1024x768.jpg 1024w, https:\/\/blog.laviny.sk\/wp-content\/uploads\/2026\/03\/2026_03_12_Zapadne_Tatry_Ziarska-300x225.jpg 300w, https:\/\/blog.laviny.sk\/wp-content\/uploads\/2026\/03\/2026_03_12_Zapadne_Tatry_Ziarska-768x576.jpg 768w, https:\/\/blog.laviny.sk\/wp-content\/uploads\/2026\/03\/2026_03_12_Zapadne_Tatry_Ziarska.jpg 1200w\" sizes=\"auto, (max-width: 1024px) 100vw, 1024px\" \/><figcaption class=\"wp-element-caption\">2026_03_12 Z\u00e1padn\u00e9 Tatry, Smutn\u00fd poh\u013ead na \u017diarsku dolinu v marci, kedy oby\u010dajne v\u00fd\u0161ka snehovej pokr\u00fdvky kulminovala<\/figcaption><\/figure>\n<\/figure>\n\n\n\n<p>Po\u010dasie bude v horstv\u00e1ch Slovenska na\u010falej ovplyv\u0148ova\u0165 okraj rozsiahlej tlakovej v\u00fd\u0161e. Zo z\u00e1padu sa v\u0161ak do Eur\u00f3py bude tla\u010di\u0165 zvlnen\u00fd studen\u00fd front. To prinesie po\u010das v\u00edkendu e\u0161te tepl\u00e9 ale vetern\u00e9 po\u010dasie, najm\u00e4 v sobotu bude ju\u017en\u00fd vietor dosahova\u0165 r\u00fdchlos\u0165 v najvy\u0161\u0161\u00edch poloh\u00e1ch priemern\u00fa r\u00fdchlos\u0165 15 m\/s, a v n\u00e1razoch a\u017e 25 m\/s (90 km\/h). Sneh v najvy\u0161\u0161\u00edch poloh\u00e1ch stvrdne, po\u010das d\u0148a sa vplyvom siln\u00e9ho vetra neo\u010dak\u00e1va jeho v\u00fdrazn\u00e9 nat\u00e1panie. V hor\u00e1ch bude vo vy\u0161\u0161\u00edch poloh\u00e1ch nutn\u00e9 pou\u017e\u00edva\u0165 st\u00fapacie \u017eelez\u00e1. Neodpor\u00fa\u010dame t\u00fary po hrebe\u0148och z d\u00f4vodu ve\u013emi tvrdej snehovej pokr\u00fdvky a mo\u017en\u00e9ho &#8222;sf\u00faknutia&#8220; z neho. Pr\u00edjemn\u00fd a bezpe\u010dn\u00fd v\u00edkend V\u00e1m \u017eelaj\u00fa pracovn\u00edci Strediska lav\u00ednovej prevencie a vzdel\u00e1vania.<\/p>\n\n\n\n<p><\/p>\n","protected":false},"excerpt":{"rendered":"<p>Cez v\u00edkend a do polovice t\u00fd\u017ed\u0148a pretrv\u00e1vala typick\u00e1 jarn\u00e1 situ\u00e1cia, kedy snehov\u00e1 pokr\u00fdvka cez noc stuhla vplyvom n\u00edzkych tepl\u00f4t. Cez de\u0148 jarn\u00e9 marcov\u00e9 slnko, ktor\u00e9ho uhol dopadu l\u00fa\u010dov je u\u017e priamej\u0161\u00ed snehov\u00fa pokr\u00fdvku usilovne nat\u00e1pal a prer\u00e1bal na firn. V grafoch ni\u017e\u0161ie je dobre vidie\u0165 glob\u00e1lne slne\u010dn\u00e9 \u017eiarenie po\u010das za\u010diatku marca aj na S sektoroch&hellip;<\/p>\n","protected":false},"author":1,"featured_media":13883,"comment_status":"open","ping_status":"open","sticky":false,"template":"","format":"standard","meta":{"jetpack_post_was_ever_published":false,"_jetpack_newsletter_access":"","_jetpack_dont_email_post_to_subs":false,"_jetpack_newsletter_tier_id":0,"_jetpack_memberships_contains_paywalled_content":false,"_jetpack_memberships_contains_paid_content":false,"footnotes":"","jetpack_publicize_message":"","jetpack_publicize_feature_enabled":true,"jetpack_social_post_already_shared":true,"jetpack_social_options":{"image_generator_settings":{"template":"highway","default_image_id":0,"font":"","enabled":false},"version":2}},"categories":[4],"tags":[34,506,79,154,505,394,504],"class_list":["post-13860","post","type-post","status-publish","format-standard","has-post-thumbnail","hentry","category-pocasie-sneh-a-laviny","tag-firn","tag-globalne-ziarenie","tag-laviny","tag-sneh","tag-tlakova-vys","tag-ubytok-snehu","tag-vyvoj-snehovaj-pokryvky"],"jetpack_publicize_connections":[],"jetpack_featured_media_url":"https:\/\/blog.laviny.sk\/wp-content\/uploads\/2026\/03\/2026_03_09_Vysoke_Tatry_furkota_nefcerka_Krivan.jpg","jetpack_sharing_enabled":true,"jetpack_shortlink":"https:\/\/wp.me\/p8DxWh-3By","jetpack-related-posts":[],"_links":{"self":[{"href":"https:\/\/blog.laviny.sk\/index.php?rest_route=\/wp\/v2\/posts\/13860","targetHints":{"allow":["GET"]}}],"collection":[{"href":"https:\/\/blog.laviny.sk\/index.php?rest_route=\/wp\/v2\/posts"}],"about":[{"href":"https:\/\/blog.laviny.sk\/index.php?rest_route=\/wp\/v2\/types\/post"}],"author":[{"embeddable":true,"href":"https:\/\/blog.laviny.sk\/index.php?rest_route=\/wp\/v2\/users\/1"}],"replies":[{"embeddable":true,"href":"https:\/\/blog.laviny.sk\/index.php?rest_route=%2Fwp%2Fv2%2Fcomments&post=13860"}],"version-history":[{"count":12,"href":"https:\/\/blog.laviny.sk\/index.php?rest_route=\/wp\/v2\/posts\/13860\/revisions"}],"predecessor-version":[{"id":13893,"href":"https:\/\/blog.laviny.sk\/index.php?rest_route=\/wp\/v2\/posts\/13860\/revisions\/13893"}],"wp:featuredmedia":[{"embeddable":true,"href":"https:\/\/blog.laviny.sk\/index.php?rest_route=\/wp\/v2\/media\/13883"}],"wp:attachment":[{"href":"https:\/\/blog.laviny.sk\/index.php?rest_route=%2Fwp%2Fv2%2Fmedia&parent=13860"}],"wp:term":[{"taxonomy":"category","embeddable":true,"href":"https:\/\/blog.laviny.sk\/index.php?rest_route=%2Fwp%2Fv2%2Fcategories&post=13860"},{"taxonomy":"post_tag","embeddable":true,"href":"https:\/\/blog.laviny.sk\/index.php?rest_route=%2Fwp%2Fv2%2Ftags&post=13860"}],"curies":[{"name":"wp","href":"https:\/\/api.w.org\/{rel}","templated":true}]}}