{"id":13168,"date":"2025-04-11T14:16:07","date_gmt":"2025-04-11T12:16:07","guid":{"rendered":"https:\/\/blog.laviny.sk\/?p=13168"},"modified":"2025-04-11T15:48:49","modified_gmt":"2025-04-11T13:48:49","slug":"jar-sa-na-nas-chichoce-opat-treba-hadzat-do-pece-priebeh-pocasia-na-horach-od-5-4-2025-po-11-4-2025","status":"publish","type":"post","link":"https:\/\/blog.laviny.sk\/?p=13168","title":{"rendered":"Jar sa na n\u00e1s chichoce, op\u00e4\u0165 treba h\u00e1dza\u0165 do pece. Priebeh po\u010dasia na hor\u00e1ch od 5.4.2025 po 11.4.2025"},"content":{"rendered":"\n<p>Zima 2024\/2025 bola ve\u013emi slab\u00e1, hlavne such\u00e1, sk\u00fapa na snehov\u00e9 zr\u00e1\u017eky. Nemo\u017eno sa \u010dudova\u0165, \u017ee v jej z\u00e1vere sa u\u017e mno\u017estvo horalov sk\u00f4r te\u0161ilo na jar. Meteorologick\u00e1 jar za\u010dala 1.marca, astronomick\u00e1 21. marca, no druh\u00fd apr\u00edlov\u00fd t\u00fd\u017ede\u0148 to na hor\u00e1ch vyzeralo sk\u00f4r zimne ne\u017e jarne. Kie\u017e by tieto es\u00e1 pani zima uk\u00e1zala skorej v zime. S\u00edce pred t\u00fd\u017ed\u0148om v piatok teploty v dolin\u00e1ch atakovali 20\u00b0C, u\u017e o dva dni nesk\u00f4r klesla teplota na vrchole Lomnick\u00e9ho \u0161t\u00edtu na \u010d\u00edselne s\u00edce rovnak\u00fa, no z\u00e1porn\u00fa hodnotu.<\/p>\n\n\n\n<p>Ako vidie\u0165 na obr\u00e1zkoch ni\u017e\u0161ie, v priebehu 24 hod\u00edn sa na v\u00e4\u010d\u0161ine \u00fazemia ochladili a\u017e o 20\u00b0 (!). <\/p>\n\n\n\n<figure class=\"wp-block-image size-large\"><img loading=\"lazy\" decoding=\"async\" width=\"1024\" height=\"369\" data-attachment-id=\"13171\" data-permalink=\"https:\/\/blog.laviny.sk\/?attachment_id=13171#main\" data-orig-file=\"https:\/\/blog.laviny.sk\/wp-content\/uploads\/2025\/04\/podbanske_teplota_2025_04_04-2025_04_11.jpg\" data-orig-size=\"1677,605\" data-comments-opened=\"1\" data-image-meta=\"{&quot;aperture&quot;:&quot;0&quot;,&quot;credit&quot;:&quot;&quot;,&quot;camera&quot;:&quot;&quot;,&quot;caption&quot;:&quot;&quot;,&quot;created_timestamp&quot;:&quot;0&quot;,&quot;copyright&quot;:&quot;&quot;,&quot;focal_length&quot;:&quot;0&quot;,&quot;iso&quot;:&quot;0&quot;,&quot;shutter_speed&quot;:&quot;0&quot;,&quot;title&quot;:&quot;&quot;,&quot;orientation&quot;:&quot;0&quot;}\" data-image-title=\"podbanske_teplota_2025_04_04-2025_04_11\" data-image-description=\"\" data-image-caption=\"\" data-large-file=\"https:\/\/blog.laviny.sk\/wp-content\/uploads\/2025\/04\/podbanske_teplota_2025_04_04-2025_04_11-1024x369.jpg\" src=\"https:\/\/blog.laviny.sk\/wp-content\/uploads\/2025\/04\/podbanske_teplota_2025_04_04-2025_04_11-1024x369.jpg\" alt=\"\" class=\"wp-image-13171\" srcset=\"https:\/\/blog.laviny.sk\/wp-content\/uploads\/2025\/04\/podbanske_teplota_2025_04_04-2025_04_11-1024x369.jpg 1024w, https:\/\/blog.laviny.sk\/wp-content\/uploads\/2025\/04\/podbanske_teplota_2025_04_04-2025_04_11-300x108.jpg 300w, https:\/\/blog.laviny.sk\/wp-content\/uploads\/2025\/04\/podbanske_teplota_2025_04_04-2025_04_11-768x277.jpg 768w, https:\/\/blog.laviny.sk\/wp-content\/uploads\/2025\/04\/podbanske_teplota_2025_04_04-2025_04_11-1536x554.jpg 1536w, https:\/\/blog.laviny.sk\/wp-content\/uploads\/2025\/04\/podbanske_teplota_2025_04_04-2025_04_11.jpg 1677w\" sizes=\"auto, (max-width: 1024px) 100vw, 1024px\" \/><figcaption class=\"wp-element-caption\"><em>Z\u00e1padn\u00e9 Tatry juh, Priebeh tepl\u00f4t na Podbanskom 975 m n.m. v \u00b0C od 4.4.2025 po 11.4.2025, Zdroj : SHMU<\/em><\/figcaption><\/figure>\n\n\n\n<figure class=\"wp-block-image size-large\"><img loading=\"lazy\" decoding=\"async\" width=\"1024\" height=\"346\" data-attachment-id=\"13173\" data-permalink=\"https:\/\/blog.laviny.sk\/?attachment_id=13173#main\" data-orig-file=\"https:\/\/blog.laviny.sk\/wp-content\/uploads\/2025\/04\/salatin_dolina_teplota_2025_04_04-2025_04_11.jpg\" data-orig-size=\"1689,571\" data-comments-opened=\"1\" data-image-meta=\"{&quot;aperture&quot;:&quot;0&quot;,&quot;credit&quot;:&quot;&quot;,&quot;camera&quot;:&quot;&quot;,&quot;caption&quot;:&quot;&quot;,&quot;created_timestamp&quot;:&quot;0&quot;,&quot;copyright&quot;:&quot;&quot;,&quot;focal_length&quot;:&quot;0&quot;,&quot;iso&quot;:&quot;0&quot;,&quot;shutter_speed&quot;:&quot;0&quot;,&quot;title&quot;:&quot;&quot;,&quot;orientation&quot;:&quot;0&quot;}\" data-image-title=\"salatin_dolina_teplota_2025_04_04-2025_04_11\" data-image-description=\"\" data-image-caption=\"\" data-large-file=\"https:\/\/blog.laviny.sk\/wp-content\/uploads\/2025\/04\/salatin_dolina_teplota_2025_04_04-2025_04_11-1024x346.jpg\" src=\"https:\/\/blog.laviny.sk\/wp-content\/uploads\/2025\/04\/salatin_dolina_teplota_2025_04_04-2025_04_11-1024x346.jpg\" alt=\"\" class=\"wp-image-13173\" srcset=\"https:\/\/blog.laviny.sk\/wp-content\/uploads\/2025\/04\/salatin_dolina_teplota_2025_04_04-2025_04_11-1024x346.jpg 1024w, https:\/\/blog.laviny.sk\/wp-content\/uploads\/2025\/04\/salatin_dolina_teplota_2025_04_04-2025_04_11-300x101.jpg 300w, https:\/\/blog.laviny.sk\/wp-content\/uploads\/2025\/04\/salatin_dolina_teplota_2025_04_04-2025_04_11-768x260.jpg 768w, https:\/\/blog.laviny.sk\/wp-content\/uploads\/2025\/04\/salatin_dolina_teplota_2025_04_04-2025_04_11-1536x519.jpg 1536w, https:\/\/blog.laviny.sk\/wp-content\/uploads\/2025\/04\/salatin_dolina_teplota_2025_04_04-2025_04_11.jpg 1689w\" sizes=\"auto, (max-width: 1024px) 100vw, 1024px\" \/><figcaption class=\"wp-element-caption\"><em><em>Z\u00e1padn\u00e9 Tatry sever, Priebeh tepl\u00f4t na AMS Salat\u00ednska dolina 1625 m n.m. v \u00b0C od 4.4.2025 po 11.4.2025 <\/em><\/em><\/figcaption><\/figure>\n\n\n\n<figure class=\"wp-block-image size-large\"><img loading=\"lazy\" decoding=\"async\" width=\"1024\" height=\"366\" data-attachment-id=\"13174\" data-permalink=\"https:\/\/blog.laviny.sk\/?attachment_id=13174#main\" data-orig-file=\"https:\/\/blog.laviny.sk\/wp-content\/uploads\/2025\/04\/lomnicak_teplota_2025_04_04-2025_04_11.jpg\" data-orig-size=\"1708,610\" data-comments-opened=\"1\" data-image-meta=\"{&quot;aperture&quot;:&quot;0&quot;,&quot;credit&quot;:&quot;&quot;,&quot;camera&quot;:&quot;&quot;,&quot;caption&quot;:&quot;&quot;,&quot;created_timestamp&quot;:&quot;0&quot;,&quot;copyright&quot;:&quot;&quot;,&quot;focal_length&quot;:&quot;0&quot;,&quot;iso&quot;:&quot;0&quot;,&quot;shutter_speed&quot;:&quot;0&quot;,&quot;title&quot;:&quot;&quot;,&quot;orientation&quot;:&quot;0&quot;}\" data-image-title=\"lomnicak_teplota_2025_04_04-2025_04_11\" data-image-description=\"\" data-image-caption=\"\" data-large-file=\"https:\/\/blog.laviny.sk\/wp-content\/uploads\/2025\/04\/lomnicak_teplota_2025_04_04-2025_04_11-1024x366.jpg\" src=\"https:\/\/blog.laviny.sk\/wp-content\/uploads\/2025\/04\/lomnicak_teplota_2025_04_04-2025_04_11-1024x366.jpg\" alt=\"\" class=\"wp-image-13174\" srcset=\"https:\/\/blog.laviny.sk\/wp-content\/uploads\/2025\/04\/lomnicak_teplota_2025_04_04-2025_04_11-1024x366.jpg 1024w, https:\/\/blog.laviny.sk\/wp-content\/uploads\/2025\/04\/lomnicak_teplota_2025_04_04-2025_04_11-300x107.jpg 300w, https:\/\/blog.laviny.sk\/wp-content\/uploads\/2025\/04\/lomnicak_teplota_2025_04_04-2025_04_11-768x274.jpg 768w, https:\/\/blog.laviny.sk\/wp-content\/uploads\/2025\/04\/lomnicak_teplota_2025_04_04-2025_04_11-1536x549.jpg 1536w, https:\/\/blog.laviny.sk\/wp-content\/uploads\/2025\/04\/lomnicak_teplota_2025_04_04-2025_04_11.jpg 1708w\" sizes=\"auto, (max-width: 1024px) 100vw, 1024px\" \/><figcaption class=\"wp-element-caption\">Vysok\u00e9<em><em> Tatry, Priebeh tepl\u00f4t na vrchole Lomnick\u00e9ho \u0161t\u00edtu, 2634 m n.m. v \u00b0C od 4.4.2025 po 11.4.2025 <\/em>,<\/em> zdroj : SHMU<\/figcaption><\/figure>\n\n\n\n<p>V sobotu 5.4.2025 sa nad horsk\u00e9 \u00fazemia Slovenska za\u010dal pres\u00fava\u0165 arktick\u00fd vzduch. V priebehu d\u0148a sa za\u010dalo ochladzova\u0165. Ochladenie vyvrcholilo po\u010das noci a sprev\u00e1dzal ho siln\u00fd vietor. Ako je vidie\u0165 z grafov, ochladenie bolo ve\u013emi siln\u00e9 &#8211; napr\u00edklad  Lomnick\u00fd \u0161t\u00edt z -0,6 \u00b0C na -19,3\u00b0C. Vietor atakoval hranicu 30 m\/s a na niektor\u00fdch miestach dosiahol silu ork\u00e1nu (32m\/s).<\/p>\n\n\n\n<figure class=\"wp-block-image size-large\"><img loading=\"lazy\" decoding=\"async\" width=\"1024\" height=\"354\" data-attachment-id=\"13176\" data-permalink=\"https:\/\/blog.laviny.sk\/?attachment_id=13176#main\" data-orig-file=\"https:\/\/blog.laviny.sk\/wp-content\/uploads\/2025\/04\/vysne_zabie_pleso_priebeh_sily_vetra_2025-04-04-2025_04_11.jpg\" data-orig-size=\"1696,586\" data-comments-opened=\"1\" data-image-meta=\"{&quot;aperture&quot;:&quot;0&quot;,&quot;credit&quot;:&quot;&quot;,&quot;camera&quot;:&quot;&quot;,&quot;caption&quot;:&quot;&quot;,&quot;created_timestamp&quot;:&quot;0&quot;,&quot;copyright&quot;:&quot;&quot;,&quot;focal_length&quot;:&quot;0&quot;,&quot;iso&quot;:&quot;0&quot;,&quot;shutter_speed&quot;:&quot;0&quot;,&quot;title&quot;:&quot;&quot;,&quot;orientation&quot;:&quot;0&quot;}\" data-image-title=\"vysne_zabie_pleso_priebeh_sily_vetra_2025-04-04-2025_04_11\" data-image-description=\"\" data-image-caption=\"\" data-large-file=\"https:\/\/blog.laviny.sk\/wp-content\/uploads\/2025\/04\/vysne_zabie_pleso_priebeh_sily_vetra_2025-04-04-2025_04_11-1024x354.jpg\" src=\"https:\/\/blog.laviny.sk\/wp-content\/uploads\/2025\/04\/vysne_zabie_pleso_priebeh_sily_vetra_2025-04-04-2025_04_11-1024x354.jpg\" alt=\"\" class=\"wp-image-13176\" srcset=\"https:\/\/blog.laviny.sk\/wp-content\/uploads\/2025\/04\/vysne_zabie_pleso_priebeh_sily_vetra_2025-04-04-2025_04_11-1024x354.jpg 1024w, https:\/\/blog.laviny.sk\/wp-content\/uploads\/2025\/04\/vysne_zabie_pleso_priebeh_sily_vetra_2025-04-04-2025_04_11-300x104.jpg 300w, https:\/\/blog.laviny.sk\/wp-content\/uploads\/2025\/04\/vysne_zabie_pleso_priebeh_sily_vetra_2025-04-04-2025_04_11-768x265.jpg 768w, https:\/\/blog.laviny.sk\/wp-content\/uploads\/2025\/04\/vysne_zabie_pleso_priebeh_sily_vetra_2025-04-04-2025_04_11-1536x531.jpg 1536w, https:\/\/blog.laviny.sk\/wp-content\/uploads\/2025\/04\/vysne_zabie_pleso_priebeh_sily_vetra_2025-04-04-2025_04_11.jpg 1696w\" sizes=\"auto, (max-width: 1024px) 100vw, 1024px\" \/><\/figure>\n\n\n\n<p>Vysok\u00e9<em><em> Tatry, Priebeh sily vetra a sily vetra v n\u00e1razoch na AMS Vy\u0161n\u00e9 \u017dabie pleso 2195 m n.m. v m\/s od 4.4.2025 po 11.4.2025 <\/em><\/em><\/p>\n\n\n\n<figure class=\"wp-block-image size-large\"><img loading=\"lazy\" decoding=\"async\" width=\"1024\" height=\"360\" data-attachment-id=\"13177\" data-permalink=\"https:\/\/blog.laviny.sk\/?attachment_id=13177#main\" data-orig-file=\"https:\/\/blog.laviny.sk\/wp-content\/uploads\/2025\/04\/chopok_smer_vetra_2025-04-04-2025_04_11.jpg\" data-orig-size=\"1707,600\" data-comments-opened=\"1\" data-image-meta=\"{&quot;aperture&quot;:&quot;0&quot;,&quot;credit&quot;:&quot;&quot;,&quot;camera&quot;:&quot;&quot;,&quot;caption&quot;:&quot;&quot;,&quot;created_timestamp&quot;:&quot;0&quot;,&quot;copyright&quot;:&quot;&quot;,&quot;focal_length&quot;:&quot;0&quot;,&quot;iso&quot;:&quot;0&quot;,&quot;shutter_speed&quot;:&quot;0&quot;,&quot;title&quot;:&quot;&quot;,&quot;orientation&quot;:&quot;0&quot;}\" data-image-title=\"chopok_smer_vetra_2025-04-04-2025_04_11\" data-image-description=\"\" data-image-caption=\"\" data-large-file=\"https:\/\/blog.laviny.sk\/wp-content\/uploads\/2025\/04\/chopok_smer_vetra_2025-04-04-2025_04_11-1024x360.jpg\" src=\"https:\/\/blog.laviny.sk\/wp-content\/uploads\/2025\/04\/chopok_smer_vetra_2025-04-04-2025_04_11-1024x360.jpg\" alt=\"\" class=\"wp-image-13177\" srcset=\"https:\/\/blog.laviny.sk\/wp-content\/uploads\/2025\/04\/chopok_smer_vetra_2025-04-04-2025_04_11-1024x360.jpg 1024w, https:\/\/blog.laviny.sk\/wp-content\/uploads\/2025\/04\/chopok_smer_vetra_2025-04-04-2025_04_11-300x105.jpg 300w, https:\/\/blog.laviny.sk\/wp-content\/uploads\/2025\/04\/chopok_smer_vetra_2025-04-04-2025_04_11-768x270.jpg 768w, https:\/\/blog.laviny.sk\/wp-content\/uploads\/2025\/04\/chopok_smer_vetra_2025-04-04-2025_04_11-1536x540.jpg 1536w, https:\/\/blog.laviny.sk\/wp-content\/uploads\/2025\/04\/chopok_smer_vetra_2025-04-04-2025_04_11.jpg 1707w\" sizes=\"auto, (max-width: 1024px) 100vw, 1024px\" \/><figcaption class=\"wp-element-caption\"><em><em>N\u00edzke<\/em><\/em><em style=\"font-style: italic;\"> Tatry, smer vetra na vrchole Chopku 2000 m n.m. v \u00b0 od 4.4.2025 po 11.4.2025, zdroj : SHMU <\/em><\/figcaption><\/figure>\n\n\n\n<figure class=\"wp-block-image size-large\"><img loading=\"lazy\" decoding=\"async\" width=\"1024\" height=\"361\" data-attachment-id=\"13178\" data-permalink=\"https:\/\/blog.laviny.sk\/?attachment_id=13178#main\" data-orig-file=\"https:\/\/blog.laviny.sk\/wp-content\/uploads\/2025\/04\/chopok_priebeh_sily_vetra_2025-04-04-2025_04_11.jpg\" data-orig-size=\"1698,599\" data-comments-opened=\"1\" data-image-meta=\"{&quot;aperture&quot;:&quot;0&quot;,&quot;credit&quot;:&quot;&quot;,&quot;camera&quot;:&quot;&quot;,&quot;caption&quot;:&quot;&quot;,&quot;created_timestamp&quot;:&quot;0&quot;,&quot;copyright&quot;:&quot;&quot;,&quot;focal_length&quot;:&quot;0&quot;,&quot;iso&quot;:&quot;0&quot;,&quot;shutter_speed&quot;:&quot;0&quot;,&quot;title&quot;:&quot;&quot;,&quot;orientation&quot;:&quot;0&quot;}\" data-image-title=\"chopok_priebeh_sily_vetra_2025-04-04-2025_04_11\" data-image-description=\"\" data-image-caption=\"\" data-large-file=\"https:\/\/blog.laviny.sk\/wp-content\/uploads\/2025\/04\/chopok_priebeh_sily_vetra_2025-04-04-2025_04_11-1024x361.jpg\" src=\"https:\/\/blog.laviny.sk\/wp-content\/uploads\/2025\/04\/chopok_priebeh_sily_vetra_2025-04-04-2025_04_11-1024x361.jpg\" alt=\"\" class=\"wp-image-13178\" srcset=\"https:\/\/blog.laviny.sk\/wp-content\/uploads\/2025\/04\/chopok_priebeh_sily_vetra_2025-04-04-2025_04_11-1024x361.jpg 1024w, https:\/\/blog.laviny.sk\/wp-content\/uploads\/2025\/04\/chopok_priebeh_sily_vetra_2025-04-04-2025_04_11-300x106.jpg 300w, https:\/\/blog.laviny.sk\/wp-content\/uploads\/2025\/04\/chopok_priebeh_sily_vetra_2025-04-04-2025_04_11-768x271.jpg 768w, https:\/\/blog.laviny.sk\/wp-content\/uploads\/2025\/04\/chopok_priebeh_sily_vetra_2025-04-04-2025_04_11-1536x542.jpg 1536w, https:\/\/blog.laviny.sk\/wp-content\/uploads\/2025\/04\/chopok_priebeh_sily_vetra_2025-04-04-2025_04_11.jpg 1698w\" sizes=\"auto, (max-width: 1024px) 100vw, 1024px\" \/><figcaption class=\"wp-element-caption\"><em><em>N\u00edzke<\/em><\/em><em style=\"font-style: italic;\"> Tatry, Priebeh sily vetra a sily vetra v n\u00e1razoch na Chopku 2000 m n.m. v m\/s od 4.4.2025 po 11.4.2025, zdroj : SHMU <\/em><\/figcaption><\/figure>\n\n\n\n<figure class=\"wp-block-image size-large\"><img loading=\"lazy\" decoding=\"async\" width=\"1024\" height=\"354\" data-attachment-id=\"13179\" data-permalink=\"https:\/\/blog.laviny.sk\/?attachment_id=13179#main\" data-orig-file=\"https:\/\/blog.laviny.sk\/wp-content\/uploads\/2025\/04\/holy_vrch_priebeh_sily_vetra_2025-04-04-2025_04_11.jpg\" data-orig-size=\"1700,587\" data-comments-opened=\"1\" data-image-meta=\"{&quot;aperture&quot;:&quot;0&quot;,&quot;credit&quot;:&quot;&quot;,&quot;camera&quot;:&quot;&quot;,&quot;caption&quot;:&quot;&quot;,&quot;created_timestamp&quot;:&quot;0&quot;,&quot;copyright&quot;:&quot;&quot;,&quot;focal_length&quot;:&quot;0&quot;,&quot;iso&quot;:&quot;0&quot;,&quot;shutter_speed&quot;:&quot;0&quot;,&quot;title&quot;:&quot;&quot;,&quot;orientation&quot;:&quot;0&quot;}\" data-image-title=\"holy_vrch_priebeh_sily_vetra_2025-04-04-2025_04_11\" data-image-description=\"\" data-image-caption=\"\" data-large-file=\"https:\/\/blog.laviny.sk\/wp-content\/uploads\/2025\/04\/holy_vrch_priebeh_sily_vetra_2025-04-04-2025_04_11-1024x354.jpg\" src=\"https:\/\/blog.laviny.sk\/wp-content\/uploads\/2025\/04\/holy_vrch_priebeh_sily_vetra_2025-04-04-2025_04_11-1024x354.jpg\" alt=\"\" class=\"wp-image-13179\" srcset=\"https:\/\/blog.laviny.sk\/wp-content\/uploads\/2025\/04\/holy_vrch_priebeh_sily_vetra_2025-04-04-2025_04_11-1024x354.jpg 1024w, https:\/\/blog.laviny.sk\/wp-content\/uploads\/2025\/04\/holy_vrch_priebeh_sily_vetra_2025-04-04-2025_04_11-300x104.jpg 300w, https:\/\/blog.laviny.sk\/wp-content\/uploads\/2025\/04\/holy_vrch_priebeh_sily_vetra_2025-04-04-2025_04_11-768x265.jpg 768w, https:\/\/blog.laviny.sk\/wp-content\/uploads\/2025\/04\/holy_vrch_priebeh_sily_vetra_2025-04-04-2025_04_11-1536x530.jpg 1536w, https:\/\/blog.laviny.sk\/wp-content\/uploads\/2025\/04\/holy_vrch_priebeh_sily_vetra_2025-04-04-2025_04_11.jpg 1700w\" sizes=\"auto, (max-width: 1024px) 100vw, 1024px\" \/><figcaption class=\"wp-element-caption\"><em><em>Z\u00e1padn\u00e9<\/em><\/em><em style=\"font-style: italic;\"> Tatry, Priebeh sily vetra a sily vetra v n\u00e1razoch na AMS Hol\u00fd vrch 1876 m n.m. v m\/s od 4.4.2025 po 11.4.2025<\/em><\/figcaption><\/figure>\n\n\n\n<figure class=\"wp-block-image size-large\"><img loading=\"lazy\" decoding=\"async\" width=\"1024\" height=\"377\" data-attachment-id=\"13196\" data-permalink=\"https:\/\/blog.laviny.sk\/?attachment_id=13196#main\" data-orig-file=\"https:\/\/blog.laviny.sk\/wp-content\/uploads\/2025\/04\/ladove_pleso_2025-04-04-2025-04-11.jpg\" data-orig-size=\"1701,626\" data-comments-opened=\"1\" data-image-meta=\"{&quot;aperture&quot;:&quot;0&quot;,&quot;credit&quot;:&quot;&quot;,&quot;camera&quot;:&quot;&quot;,&quot;caption&quot;:&quot;&quot;,&quot;created_timestamp&quot;:&quot;0&quot;,&quot;copyright&quot;:&quot;&quot;,&quot;focal_length&quot;:&quot;0&quot;,&quot;iso&quot;:&quot;0&quot;,&quot;shutter_speed&quot;:&quot;0&quot;,&quot;title&quot;:&quot;&quot;,&quot;orientation&quot;:&quot;0&quot;}\" data-image-title=\"ladove_pleso_2025-04-04-2025-04-11\" data-image-description=\"\" data-image-caption=\"\" data-large-file=\"https:\/\/blog.laviny.sk\/wp-content\/uploads\/2025\/04\/ladove_pleso_2025-04-04-2025-04-11-1024x377.jpg\" src=\"https:\/\/blog.laviny.sk\/wp-content\/uploads\/2025\/04\/ladove_pleso_2025-04-04-2025-04-11-1024x377.jpg\" alt=\"\" class=\"wp-image-13196\" srcset=\"https:\/\/blog.laviny.sk\/wp-content\/uploads\/2025\/04\/ladove_pleso_2025-04-04-2025-04-11-1024x377.jpg 1024w, https:\/\/blog.laviny.sk\/wp-content\/uploads\/2025\/04\/ladove_pleso_2025-04-04-2025-04-11-300x110.jpg 300w, https:\/\/blog.laviny.sk\/wp-content\/uploads\/2025\/04\/ladove_pleso_2025-04-04-2025-04-11-768x283.jpg 768w, https:\/\/blog.laviny.sk\/wp-content\/uploads\/2025\/04\/ladove_pleso_2025-04-04-2025-04-11-1536x565.jpg 1536w, https:\/\/blog.laviny.sk\/wp-content\/uploads\/2025\/04\/ladove_pleso_2025-04-04-2025-04-11.jpg 1701w\" sizes=\"auto, (max-width: 1024px) 100vw, 1024px\" \/><figcaption class=\"wp-element-caption\"><em>Vysok\u00e9 <em style=\"font-style: italic;\">Tatry, Priebeh sily vetra a sily vetra v n\u00e1razoch na AMS \u013dadov\u00e9 pleso 2063 m n.m. v m\/s od 4.4.2025 po 11.4.2025<\/em><\/em><\/figcaption><\/figure>\n\n\n\n<p>Je zauj\u00edmav\u00e9, \u017ee po\u010das cel\u00e9ho t\u00fd\u017ed\u0148a prevl\u00e1dalo okrem chladn\u00e9ho po\u010dasia aj ve\u013emi vetern\u00e9 po\u010dasie. Hlavn\u00e9 vrcholy vetern\u00e9ho po\u010dasia boli prelom soboty 5.4.2025 na nede\u013eu 6.4.2025 a \u0161tvrtok 10.4.2025, kedy dosiahla sila vetra v n\u00e1razoch na vrcholoch h\u00f4r 43 m\/s (154,8 km\/h !). Priemern\u00e1 r\u00fdchlos\u0165 vetra nezaost\u00e1vala, a tak v priebehu t\u00fd\u017ed\u0148a a\u017e dva kr\u00e1t dosiahla silu 32 m\/s &#8211; teda silu ork\u00e1nu (Ork\u00e1n alebo zriedkavej\u0161ie urag\u00e1n  je najvy\u0161\u0161\u00ed (12) stupe\u0148&nbsp;<a href=\"https:\/\/sk.wikipedia.org\/wiki\/Beaufortova_stupnica_sily_vetra\">Beaufortovej stupnice<\/a>&nbsp;sily vetra &#8211; o ork\u00e1ne hovor\u00edme, pokia\u013e priemern\u00e1 r\u00fdchlos\u0165 vetra dosiahne 32 m\/s). Medzi t\u00fdmito d\u00e1tumami v\u0161ak neust\u00e1le f\u00fakal vietor, ktor\u00fd dosahoval priemer pribli\u017ene 15 m\/s(54 km\/h), a v n\u00e1razoch 20 m\/s (72 km\/h).<\/p>\n\n\n\n<figure class=\"wp-block-image size-large\"><img loading=\"lazy\" decoding=\"async\" width=\"1024\" height=\"354\" data-attachment-id=\"13184\" data-permalink=\"https:\/\/blog.laviny.sk\/?attachment_id=13184#main\" data-orig-file=\"https:\/\/blog.laviny.sk\/wp-content\/uploads\/2025\/04\/zvyraznene_holy_vrch_priebeh_sily_vetra_2025-04-04-2025_04_11.jpg\" data-orig-size=\"1700,587\" data-comments-opened=\"1\" data-image-meta=\"{&quot;aperture&quot;:&quot;0&quot;,&quot;credit&quot;:&quot;&quot;,&quot;camera&quot;:&quot;&quot;,&quot;caption&quot;:&quot;&quot;,&quot;created_timestamp&quot;:&quot;0&quot;,&quot;copyright&quot;:&quot;&quot;,&quot;focal_length&quot;:&quot;0&quot;,&quot;iso&quot;:&quot;0&quot;,&quot;shutter_speed&quot;:&quot;0&quot;,&quot;title&quot;:&quot;&quot;,&quot;orientation&quot;:&quot;0&quot;}\" data-image-title=\"zvyraznene_holy_vrch_priebeh_sily_vetra_2025-04-04-2025_04_11\" data-image-description=\"\" data-image-caption=\"\" data-large-file=\"https:\/\/blog.laviny.sk\/wp-content\/uploads\/2025\/04\/zvyraznene_holy_vrch_priebeh_sily_vetra_2025-04-04-2025_04_11-1024x354.jpg\" src=\"https:\/\/blog.laviny.sk\/wp-content\/uploads\/2025\/04\/zvyraznene_holy_vrch_priebeh_sily_vetra_2025-04-04-2025_04_11-1024x354.jpg\" alt=\"\" class=\"wp-image-13184\" srcset=\"https:\/\/blog.laviny.sk\/wp-content\/uploads\/2025\/04\/zvyraznene_holy_vrch_priebeh_sily_vetra_2025-04-04-2025_04_11-1024x354.jpg 1024w, https:\/\/blog.laviny.sk\/wp-content\/uploads\/2025\/04\/zvyraznene_holy_vrch_priebeh_sily_vetra_2025-04-04-2025_04_11-300x104.jpg 300w, https:\/\/blog.laviny.sk\/wp-content\/uploads\/2025\/04\/zvyraznene_holy_vrch_priebeh_sily_vetra_2025-04-04-2025_04_11-768x265.jpg 768w, https:\/\/blog.laviny.sk\/wp-content\/uploads\/2025\/04\/zvyraznene_holy_vrch_priebeh_sily_vetra_2025-04-04-2025_04_11-1536x530.jpg 1536w, https:\/\/blog.laviny.sk\/wp-content\/uploads\/2025\/04\/zvyraznene_holy_vrch_priebeh_sily_vetra_2025-04-04-2025_04_11.jpg 1700w\" sizes=\"auto, (max-width: 1024px) 100vw, 1024px\" \/><figcaption class=\"wp-element-caption\"><em><em>Z\u00e1padn\u00e9<\/em><\/em><em style=\"font-style: italic;\"> Tatry, Priebeh sily vetra a sily vetra v n\u00e1razoch a zv\u00fdraznen\u00e9 maxim\u00e1lne hodnoty na AMS Hol\u00fd vrch 1876 m n.m. v m\/s od 4.4.2025 po 11.4.2025<\/em><\/figcaption><\/figure>\n\n\n\n<p>Po\u010das toho t\u00fd\u017ed\u0148a sme navy\u0161e  zaznamenali tretie sne\u017eenie po\u010das tejto zimnej sez\u00f3ny, pri\u0161lo v dvoch kr\u00e1tkych peri\u00f3dach, prv\u00e1 pri\u0161la v noci zo soboty 5.4.2025 a trvala do pondelka 7.4.2025 a druh\u00e1 v \u0161tvrtok 10.4.2025 skoro r\u00e1no.<\/p>\n\n\n\n<figure class=\"wp-block-image size-large\"><img loading=\"lazy\" decoding=\"async\" width=\"1024\" height=\"371\" data-attachment-id=\"13187\" data-permalink=\"https:\/\/blog.laviny.sk\/?attachment_id=13187#main\" data-orig-file=\"https:\/\/blog.laviny.sk\/wp-content\/uploads\/2025\/04\/vyska_snehu_salatin_2025-04-04-2025-04-11.jpg\" data-orig-size=\"1689,612\" data-comments-opened=\"1\" data-image-meta=\"{&quot;aperture&quot;:&quot;0&quot;,&quot;credit&quot;:&quot;&quot;,&quot;camera&quot;:&quot;&quot;,&quot;caption&quot;:&quot;&quot;,&quot;created_timestamp&quot;:&quot;0&quot;,&quot;copyright&quot;:&quot;&quot;,&quot;focal_length&quot;:&quot;0&quot;,&quot;iso&quot;:&quot;0&quot;,&quot;shutter_speed&quot;:&quot;0&quot;,&quot;title&quot;:&quot;&quot;,&quot;orientation&quot;:&quot;0&quot;}\" data-image-title=\"vyska_snehu_salatin_2025-04-04-2025-04-11\" data-image-description=\"\" data-image-caption=\"\" data-large-file=\"https:\/\/blog.laviny.sk\/wp-content\/uploads\/2025\/04\/vyska_snehu_salatin_2025-04-04-2025-04-11-1024x371.jpg\" src=\"https:\/\/blog.laviny.sk\/wp-content\/uploads\/2025\/04\/vyska_snehu_salatin_2025-04-04-2025-04-11-1024x371.jpg\" alt=\"\" class=\"wp-image-13187\" srcset=\"https:\/\/blog.laviny.sk\/wp-content\/uploads\/2025\/04\/vyska_snehu_salatin_2025-04-04-2025-04-11-1024x371.jpg 1024w, https:\/\/blog.laviny.sk\/wp-content\/uploads\/2025\/04\/vyska_snehu_salatin_2025-04-04-2025-04-11-300x109.jpg 300w, https:\/\/blog.laviny.sk\/wp-content\/uploads\/2025\/04\/vyska_snehu_salatin_2025-04-04-2025-04-11-768x278.jpg 768w, https:\/\/blog.laviny.sk\/wp-content\/uploads\/2025\/04\/vyska_snehu_salatin_2025-04-04-2025-04-11-1536x557.jpg 1536w, https:\/\/blog.laviny.sk\/wp-content\/uploads\/2025\/04\/vyska_snehu_salatin_2025-04-04-2025-04-11.jpg 1689w\" sizes=\"auto, (max-width: 1024px) 100vw, 1024px\" \/><figcaption class=\"wp-element-caption\"><em>V\u00fdvoj v\u00fd\u0161ky snehovej pokr\u00fdvky v cm na AMS Salat\u00ednska dolina 1625 m n.m. od 4.4.2025 po 11.4.2025<\/em><\/figcaption><\/figure>\n\n\n\n<figure class=\"wp-block-image size-large\"><img loading=\"lazy\" decoding=\"async\" width=\"1024\" height=\"379\" data-attachment-id=\"13189\" data-permalink=\"https:\/\/blog.laviny.sk\/?attachment_id=13189#main\" data-orig-file=\"https:\/\/blog.laviny.sk\/wp-content\/uploads\/2025\/04\/vyska_snehu_holy_vrch_2025-04-04-2025-04-11.jpg\" data-orig-size=\"1704,631\" data-comments-opened=\"1\" data-image-meta=\"{&quot;aperture&quot;:&quot;0&quot;,&quot;credit&quot;:&quot;&quot;,&quot;camera&quot;:&quot;&quot;,&quot;caption&quot;:&quot;&quot;,&quot;created_timestamp&quot;:&quot;0&quot;,&quot;copyright&quot;:&quot;&quot;,&quot;focal_length&quot;:&quot;0&quot;,&quot;iso&quot;:&quot;0&quot;,&quot;shutter_speed&quot;:&quot;0&quot;,&quot;title&quot;:&quot;&quot;,&quot;orientation&quot;:&quot;0&quot;}\" data-image-title=\"vyska_snehu_holy_vrch_2025-04-04-2025-04-11\" data-image-description=\"\" data-image-caption=\"\" data-large-file=\"https:\/\/blog.laviny.sk\/wp-content\/uploads\/2025\/04\/vyska_snehu_holy_vrch_2025-04-04-2025-04-11-1024x379.jpg\" src=\"https:\/\/blog.laviny.sk\/wp-content\/uploads\/2025\/04\/vyska_snehu_holy_vrch_2025-04-04-2025-04-11-1024x379.jpg\" alt=\"\" class=\"wp-image-13189\" srcset=\"https:\/\/blog.laviny.sk\/wp-content\/uploads\/2025\/04\/vyska_snehu_holy_vrch_2025-04-04-2025-04-11-1024x379.jpg 1024w, https:\/\/blog.laviny.sk\/wp-content\/uploads\/2025\/04\/vyska_snehu_holy_vrch_2025-04-04-2025-04-11-300x111.jpg 300w, https:\/\/blog.laviny.sk\/wp-content\/uploads\/2025\/04\/vyska_snehu_holy_vrch_2025-04-04-2025-04-11-768x284.jpg 768w, https:\/\/blog.laviny.sk\/wp-content\/uploads\/2025\/04\/vyska_snehu_holy_vrch_2025-04-04-2025-04-11-1536x569.jpg 1536w, https:\/\/blog.laviny.sk\/wp-content\/uploads\/2025\/04\/vyska_snehu_holy_vrch_2025-04-04-2025-04-11.jpg 1704w\" sizes=\"auto, (max-width: 1024px) 100vw, 1024px\" \/><figcaption class=\"wp-element-caption\"><em>Z\u00e1padn\u00e9 Tatry, V\u00fdvoj v\u00fd\u0161ky snehovej pokr\u00fdvky v cm na AMS Hol\u00fd vrch 1876 m n.m. od 4.4.2025 po 11.4.2025<\/em><\/figcaption><\/figure>\n\n\n\n<p>Siln\u00fd vietor ve\u013emi efekt\u00edvne transportoval sneh do dol\u00edn alebo na z\u00e1vetern\u00e9 strany pohor\u00ed. Na grafoch ni\u017e\u0161ie vidie\u0165 vplyv ve\u013emi siln\u00e9ho vetra, na AMS Vy\u0161n\u00e9 \u017dabie pleso s\u00edce taktie\u017e sne\u017eilo v dvoch etap\u00e1ch, no po\u010das druh\u00e9ho sne\u017eenia vietor transportoval v\u0161etky zr\u00e1\u017eky do doliny.<\/p>\n\n\n\n<figure class=\"wp-block-image size-large\"><img loading=\"lazy\" decoding=\"async\" width=\"1024\" height=\"379\" data-attachment-id=\"13190\" data-permalink=\"https:\/\/blog.laviny.sk\/?attachment_id=13190#main\" data-orig-file=\"https:\/\/blog.laviny.sk\/wp-content\/uploads\/2025\/04\/vyska_snehu_vysne_zabie_pleso_2025-04-04-2025-04-11.jpg\" data-orig-size=\"1696,628\" data-comments-opened=\"1\" data-image-meta=\"{&quot;aperture&quot;:&quot;0&quot;,&quot;credit&quot;:&quot;&quot;,&quot;camera&quot;:&quot;&quot;,&quot;caption&quot;:&quot;&quot;,&quot;created_timestamp&quot;:&quot;0&quot;,&quot;copyright&quot;:&quot;&quot;,&quot;focal_length&quot;:&quot;0&quot;,&quot;iso&quot;:&quot;0&quot;,&quot;shutter_speed&quot;:&quot;0&quot;,&quot;title&quot;:&quot;&quot;,&quot;orientation&quot;:&quot;0&quot;}\" data-image-title=\"vyska_snehu_vysne_zabie_pleso_2025-04-04-2025-04-11\" data-image-description=\"\" data-image-caption=\"\" data-large-file=\"https:\/\/blog.laviny.sk\/wp-content\/uploads\/2025\/04\/vyska_snehu_vysne_zabie_pleso_2025-04-04-2025-04-11-1024x379.jpg\" src=\"https:\/\/blog.laviny.sk\/wp-content\/uploads\/2025\/04\/vyska_snehu_vysne_zabie_pleso_2025-04-04-2025-04-11-1024x379.jpg\" alt=\"\" class=\"wp-image-13190\" srcset=\"https:\/\/blog.laviny.sk\/wp-content\/uploads\/2025\/04\/vyska_snehu_vysne_zabie_pleso_2025-04-04-2025-04-11-1024x379.jpg 1024w, https:\/\/blog.laviny.sk\/wp-content\/uploads\/2025\/04\/vyska_snehu_vysne_zabie_pleso_2025-04-04-2025-04-11-300x111.jpg 300w, https:\/\/blog.laviny.sk\/wp-content\/uploads\/2025\/04\/vyska_snehu_vysne_zabie_pleso_2025-04-04-2025-04-11-768x284.jpg 768w, https:\/\/blog.laviny.sk\/wp-content\/uploads\/2025\/04\/vyska_snehu_vysne_zabie_pleso_2025-04-04-2025-04-11-1536x569.jpg 1536w, https:\/\/blog.laviny.sk\/wp-content\/uploads\/2025\/04\/vyska_snehu_vysne_zabie_pleso_2025-04-04-2025-04-11.jpg 1696w\" sizes=\"auto, (max-width: 1024px) 100vw, 1024px\" \/><figcaption class=\"wp-element-caption\">Vysok\u00e9 Tatry<em>, V\u00fdvoj v\u00fd\u0161ky snehovej pokr\u00fdvky v cm na AMS Vy\u0161n\u00e9 \u017dabie pleso 2195 m n.m. od 4.4.2025 po 11.4.2025<\/em><\/figcaption><\/figure>\n\n\n\n<figure class=\"wp-block-image size-large\"><img loading=\"lazy\" decoding=\"async\" width=\"1024\" height=\"354\" data-attachment-id=\"13191\" data-permalink=\"https:\/\/blog.laviny.sk\/?attachment_id=13191#main\" data-orig-file=\"https:\/\/blog.laviny.sk\/wp-content\/uploads\/2025\/04\/vplyv_vysne_zabie_pleso_priebeh_sily_vetra_2025-04-04-2025_04_11.jpg\" data-orig-size=\"1696,586\" data-comments-opened=\"1\" data-image-meta=\"{&quot;aperture&quot;:&quot;0&quot;,&quot;credit&quot;:&quot;&quot;,&quot;camera&quot;:&quot;&quot;,&quot;caption&quot;:&quot;&quot;,&quot;created_timestamp&quot;:&quot;0&quot;,&quot;copyright&quot;:&quot;&quot;,&quot;focal_length&quot;:&quot;0&quot;,&quot;iso&quot;:&quot;0&quot;,&quot;shutter_speed&quot;:&quot;0&quot;,&quot;title&quot;:&quot;&quot;,&quot;orientation&quot;:&quot;0&quot;}\" data-image-title=\"vplyv_vysne_zabie_pleso_priebeh_sily_vetra_2025-04-04-2025_04_11\" data-image-description=\"\" data-image-caption=\"\" data-large-file=\"https:\/\/blog.laviny.sk\/wp-content\/uploads\/2025\/04\/vplyv_vysne_zabie_pleso_priebeh_sily_vetra_2025-04-04-2025_04_11-1024x354.jpg\" src=\"https:\/\/blog.laviny.sk\/wp-content\/uploads\/2025\/04\/vplyv_vysne_zabie_pleso_priebeh_sily_vetra_2025-04-04-2025_04_11-1024x354.jpg\" alt=\"\" class=\"wp-image-13191\" srcset=\"https:\/\/blog.laviny.sk\/wp-content\/uploads\/2025\/04\/vplyv_vysne_zabie_pleso_priebeh_sily_vetra_2025-04-04-2025_04_11-1024x354.jpg 1024w, https:\/\/blog.laviny.sk\/wp-content\/uploads\/2025\/04\/vplyv_vysne_zabie_pleso_priebeh_sily_vetra_2025-04-04-2025_04_11-300x104.jpg 300w, https:\/\/blog.laviny.sk\/wp-content\/uploads\/2025\/04\/vplyv_vysne_zabie_pleso_priebeh_sily_vetra_2025-04-04-2025_04_11-768x265.jpg 768w, https:\/\/blog.laviny.sk\/wp-content\/uploads\/2025\/04\/vplyv_vysne_zabie_pleso_priebeh_sily_vetra_2025-04-04-2025_04_11-1536x531.jpg 1536w, https:\/\/blog.laviny.sk\/wp-content\/uploads\/2025\/04\/vplyv_vysne_zabie_pleso_priebeh_sily_vetra_2025-04-04-2025_04_11.jpg 1696w\" sizes=\"auto, (max-width: 1024px) 100vw, 1024px\" \/><\/figure>\n\n\n\n<p>V\u00fdvoj stup\u0148a lav\u00ednov\u00e9ho nebezpe\u010denstva koreloval s meteorologickou situ\u00e1ciou, siln\u00fd vietor za\u010dal na z\u00e1vetern\u00fdch stran\u00e1ch sediel a  \u017e\u013eabov vytv\u00e1ra\u0165 snehov\u00e9 dosky a vank\u00fa\u0161e. V nede\u013eu st\u00faplo lav\u00ednov\u00e9 nebezpe\u010denstvo na ZV\u00dd\u0160EN\u00c9 &#8211; tret\u00ed stupe\u0148 z 5-dielnej medzin\u00e1rodnej stupnice. V priebehu stredy sa situ\u00e1cia jemne stabilizovala na MIERNOM lav\u00ednovom nebezpe\u010denstve, no u\u017e v \u0161tvrtok mal stupe\u0148 vplyvom vetra st\u00fapaj\u00facu tendenciu.<\/p>\n\n\n\n<p>PREDPOKLAD V\u00ddVOJA PO\u010cASIA NA V\u00cdKEND :<\/p>\n\n\n\n<p>Aktu\u00e1lne panuj\u00fa v hor\u00e1ch zimn\u00e9 podmienky. Siln\u00fd vietor intenz\u00edvne po\u010das cel\u00e9ho t\u00fd\u017ed\u0148a pracoval a transportoval sneh na r\u00f4zne miesta. Rozlo\u017eenie snehu v ter\u00e9ne je ve\u013emi r\u00f4zne, s\u00edce vietor bol a\u017e tak siln\u00fd, \u017ee ve\u013ek\u00fa \u010das\u0165 snehu sf\u00fakal a\u017e do dol\u00edn, vytv\u00e1ral popri tom aj snehov\u00e9 dosky a vank\u00fa\u0161e, ktor\u00e9 s\u00fa s\u00fastreden\u00e9 na z\u00e1vetern\u00fdch stran\u00e1ch pohor\u00ed, sediel a \u017elabov. Tu sa nach\u00e1dzaj\u00fa dosky r\u00f4znej tvrdosti a ve\u013ekosti, ktor\u00e9 le\u017eia na podkladovej zmrznutej ve\u013emi tvrdej vrstve. V\u00e4zby medzi t\u00fdmito vrstvami vplyvom ve\u013emi chladn\u00e9ho po\u010dasia s\u00fa ve\u013emi mal\u00e9. Po\u010das piatkov\u00e9ho popoludnia a ve\u010dera sa o\u010dak\u00e1va pr\u00edchod tepl\u00e9ho frontu, ktor\u00fd prinesie \u010fal\u0161ie zr\u00e1\u017eky<strong>. V sobotu sa po no\u010dnom prechode frotnu o\u010dak\u00e1va jasn\u00e9 po\u010dasie bez vetra. Posledn\u00e1 l\u00e1kav\u00e1 mo\u017enos\u0165 \u00eds\u0165 sa poriadne zrekreova\u0165 do slovensk\u00fdch h\u00f4r pred jarnou uz\u00e1verou turistick\u00fdch chodn\u00edkov (od 15.4.2025) m\u00f4\u017ee by\u0165 ve\u013emi zradn\u00e1. Siln\u00e9 jarn\u00e9 slnko, ktor\u00e9ho uhol dopadu l\u00fa\u010dov na ter\u00e9n je u\u017e ve\u013emi priamy bude naf\u00fakan\u00e9 vank\u00fa\u0161e a dosky intenz\u00edvne nat\u00e1pa\u0165. O\u010dak\u00e1vame ve\u013emi nestabiln\u00e9 podmienky a v priebehu d\u0148a sa pravdepodobne vyskytne aj mno\u017estvo samovo\u013en\u00fdch lav\u00edn. Pohyb v ter\u00e9ne po takomto veternom t\u00fd\u017edni a n\u00e1slednom prudkom oteplen\u00ed odpor\u00fa\u010dame len skuto\u010dn\u00fdm expertom.<\/strong><\/p>\n\n\n\n<figure class=\"wp-block-jetpack-image-compare\"><div class=\"juxtapose\" data-mode=\"horizontal\"><img loading=\"lazy\" decoding=\"async\" id=\"13198\" src=\"https:\/\/blog.laviny.sk\/wp-content\/uploads\/2025\/04\/bielepleso-2025-04-04.jpg\" alt=\"\" width=\"1200\" height=\"900\" class=\"image-compare__image-before\"\/><img loading=\"lazy\" decoding=\"async\" id=\"13199\" src=\"https:\/\/blog.laviny.sk\/wp-content\/uploads\/2025\/04\/biele_pleso_2025-04-09.jpg\" alt=\"\" width=\"1200\" height=\"900\" class=\"image-compare__image-after\"\/><\/div><figcaption>Porovnanie snehov\u00fdch podmienok, Belianske Tatry, v\u013eavo 4.4.2025, vpravo 9.4.2025<\/figcaption><\/figure>\n\n\n\n<figure class=\"wp-block-jetpack-image-compare\"><div class=\"juxtapose\" data-mode=\"horizontal\"><img loading=\"lazy\" decoding=\"async\" id=\"13201\" src=\"https:\/\/blog.laviny.sk\/wp-content\/uploads\/2025\/04\/ticha_2025-04-04.jpg\" alt=\"\" width=\"1200\" height=\"900\" class=\"image-compare__image-before\"\/><img loading=\"lazy\" decoding=\"async\" id=\"13202\" src=\"https:\/\/blog.laviny.sk\/wp-content\/uploads\/2025\/04\/ticha_2025-04-08.jpg\" alt=\"\" width=\"1200\" height=\"900\" class=\"image-compare__image-after\"\/><\/div><figcaption>Porovnanie snehov\u00fdch podmienok, Z\u00e1padn\u00e9 Tatry, Tich\u00e1 dolina, v\u013eavo 4.4.2025, vpravo 9.4.2025<\/figcaption><\/figure>\n\n\n\n<figure class=\"wp-block-jetpack-image-compare\"><div class=\"juxtapose\" data-mode=\"horizontal\"><img loading=\"lazy\" decoding=\"async\" id=\"13204\" src=\"https:\/\/blog.laviny.sk\/wp-content\/uploads\/2025\/04\/ladove_pleso_2025-04-04.jpg\" alt=\"\" width=\"1200\" height=\"900\" class=\"image-compare__image-before\"\/><img loading=\"lazy\" decoding=\"async\" id=\"13205\" src=\"https:\/\/blog.laviny.sk\/wp-content\/uploads\/2025\/04\/ladove_pleso_2025-04-08-1.jpg\" alt=\"\" width=\"1200\" height=\"900\" class=\"image-compare__image-after\"\/><\/div><figcaption>Porovnanie snehov\u00fdch podmienok, Vysok\u00e9 Tatry, Z\u00e1vrat, v\u013eavo 4.4.2025, vpravo 9.4.2025<\/figcaption><\/figure>\n\n\n\n<figure class=\"wp-block-gallery has-nested-images columns-default is-cropped wp-block-gallery-1 is-layout-flex wp-block-gallery-is-layout-flex\">\n<figure class=\"wp-block-image size-large\"><img loading=\"lazy\" decoding=\"async\" width=\"1024\" height=\"768\" data-attachment-id=\"13206\" data-permalink=\"https:\/\/blog.laviny.sk\/?attachment_id=13206#main\" data-orig-file=\"https:\/\/blog.laviny.sk\/wp-content\/uploads\/2025\/04\/deressky_kotol_2025-04-09.jpg\" data-orig-size=\"1200,900\" data-comments-opened=\"1\" data-image-meta=\"{&quot;aperture&quot;:&quot;1.8&quot;,&quot;credit&quot;:&quot;&quot;,&quot;camera&quot;:&quot;moto g54 5G&quot;,&quot;caption&quot;:&quot;&quot;,&quot;created_timestamp&quot;:&quot;1744194976&quot;,&quot;copyright&quot;:&quot;&quot;,&quot;focal_length&quot;:&quot;4.266&quot;,&quot;iso&quot;:&quot;104&quot;,&quot;shutter_speed&quot;:&quot;0.000416&quot;,&quot;title&quot;:&quot;&quot;,&quot;orientation&quot;:&quot;1&quot;}\" data-image-title=\"deressky_kotol_2025-04-09\" data-image-description=\"\" data-image-caption=\"\" data-large-file=\"https:\/\/blog.laviny.sk\/wp-content\/uploads\/2025\/04\/deressky_kotol_2025-04-09-1024x768.jpg\" data-id=\"13206\" src=\"https:\/\/blog.laviny.sk\/wp-content\/uploads\/2025\/04\/deressky_kotol_2025-04-09-1024x768.jpg\" alt=\"\" class=\"wp-image-13206\" srcset=\"https:\/\/blog.laviny.sk\/wp-content\/uploads\/2025\/04\/deressky_kotol_2025-04-09-1024x768.jpg 1024w, https:\/\/blog.laviny.sk\/wp-content\/uploads\/2025\/04\/deressky_kotol_2025-04-09-300x225.jpg 300w, https:\/\/blog.laviny.sk\/wp-content\/uploads\/2025\/04\/deressky_kotol_2025-04-09-768x576.jpg 768w, https:\/\/blog.laviny.sk\/wp-content\/uploads\/2025\/04\/deressky_kotol_2025-04-09.jpg 1200w\" sizes=\"auto, (max-width: 1024px) 100vw, 1024px\" \/><\/figure>\n\n\n\n<figure class=\"wp-block-image size-large\"><img loading=\"lazy\" decoding=\"async\" width=\"768\" height=\"1024\" data-attachment-id=\"13214\" data-permalink=\"https:\/\/blog.laviny.sk\/?attachment_id=13214#main\" data-orig-file=\"https:\/\/blog.laviny.sk\/wp-content\/uploads\/2025\/04\/chopok_2025-04-09.jpg\" data-orig-size=\"1200,1600\" data-comments-opened=\"1\" data-image-meta=\"{&quot;aperture&quot;:&quot;1.8&quot;,&quot;credit&quot;:&quot;&quot;,&quot;camera&quot;:&quot;moto g54 5G&quot;,&quot;caption&quot;:&quot;&quot;,&quot;created_timestamp&quot;:&quot;1744199682&quot;,&quot;copyright&quot;:&quot;&quot;,&quot;focal_length&quot;:&quot;4.266&quot;,&quot;iso&quot;:&quot;104&quot;,&quot;shutter_speed&quot;:&quot;0.000312&quot;,&quot;title&quot;:&quot;&quot;,&quot;orientation&quot;:&quot;1&quot;}\" data-image-title=\"chopok_2025-04-09\" data-image-description=\"\" data-image-caption=\"\" data-large-file=\"https:\/\/blog.laviny.sk\/wp-content\/uploads\/2025\/04\/chopok_2025-04-09-768x1024.jpg\" data-id=\"13214\" src=\"https:\/\/blog.laviny.sk\/wp-content\/uploads\/2025\/04\/chopok_2025-04-09-768x1024.jpg\" alt=\"\" class=\"wp-image-13214\" srcset=\"https:\/\/blog.laviny.sk\/wp-content\/uploads\/2025\/04\/chopok_2025-04-09-768x1024.jpg 768w, https:\/\/blog.laviny.sk\/wp-content\/uploads\/2025\/04\/chopok_2025-04-09-225x300.jpg 225w, https:\/\/blog.laviny.sk\/wp-content\/uploads\/2025\/04\/chopok_2025-04-09-1152x1536.jpg 1152w, https:\/\/blog.laviny.sk\/wp-content\/uploads\/2025\/04\/chopok_2025-04-09.jpg 1200w\" sizes=\"auto, (max-width: 768px) 100vw, 768px\" \/><\/figure>\n\n\n\n<figure class=\"wp-block-image size-large\"><img loading=\"lazy\" decoding=\"async\" width=\"1024\" height=\"576\" data-attachment-id=\"13207\" data-permalink=\"https:\/\/blog.laviny.sk\/?attachment_id=13207#main\" data-orig-file=\"https:\/\/blog.laviny.sk\/wp-content\/uploads\/2025\/04\/kacacie.jpg\" data-orig-size=\"1200,675\" data-comments-opened=\"1\" data-image-meta=\"{&quot;aperture&quot;:&quot;0&quot;,&quot;credit&quot;:&quot;&quot;,&quot;camera&quot;:&quot;&quot;,&quot;caption&quot;:&quot;&quot;,&quot;created_timestamp&quot;:&quot;0&quot;,&quot;copyright&quot;:&quot;&quot;,&quot;focal_length&quot;:&quot;0&quot;,&quot;iso&quot;:&quot;0&quot;,&quot;shutter_speed&quot;:&quot;0&quot;,&quot;title&quot;:&quot;&quot;,&quot;orientation&quot;:&quot;0&quot;}\" data-image-title=\"kacacie\" data-image-description=\"\" data-image-caption=\"\" data-large-file=\"https:\/\/blog.laviny.sk\/wp-content\/uploads\/2025\/04\/kacacie-1024x576.jpg\" data-id=\"13207\" src=\"https:\/\/blog.laviny.sk\/wp-content\/uploads\/2025\/04\/kacacie-1024x576.jpg\" alt=\"\" class=\"wp-image-13207\" srcset=\"https:\/\/blog.laviny.sk\/wp-content\/uploads\/2025\/04\/kacacie-1024x576.jpg 1024w, https:\/\/blog.laviny.sk\/wp-content\/uploads\/2025\/04\/kacacie-300x169.jpg 300w, https:\/\/blog.laviny.sk\/wp-content\/uploads\/2025\/04\/kacacie-768x432.jpg 768w, https:\/\/blog.laviny.sk\/wp-content\/uploads\/2025\/04\/kacacie-460x260.jpg 460w, https:\/\/blog.laviny.sk\/wp-content\/uploads\/2025\/04\/kacacie.jpg 1200w\" sizes=\"auto, (max-width: 1024px) 100vw, 1024px\" \/><\/figure>\n\n\n\n<figure class=\"wp-block-image size-large\"><img loading=\"lazy\" decoding=\"async\" width=\"1024\" height=\"768\" data-attachment-id=\"13213\" data-permalink=\"https:\/\/blog.laviny.sk\/?attachment_id=13213#main\" data-orig-file=\"https:\/\/blog.laviny.sk\/wp-content\/uploads\/2025\/04\/lukovsky_kotol_2025-04-09.jpg\" data-orig-size=\"1200,900\" data-comments-opened=\"1\" data-image-meta=\"{&quot;aperture&quot;:&quot;2.2&quot;,&quot;credit&quot;:&quot;&quot;,&quot;camera&quot;:&quot;moto g54 5G&quot;,&quot;caption&quot;:&quot;&quot;,&quot;created_timestamp&quot;:&quot;1744199693&quot;,&quot;copyright&quot;:&quot;&quot;,&quot;focal_length&quot;:&quot;1.66&quot;,&quot;iso&quot;:&quot;104&quot;,&quot;shutter_speed&quot;:&quot;0.000212&quot;,&quot;title&quot;:&quot;&quot;,&quot;orientation&quot;:&quot;1&quot;}\" data-image-title=\"lukovsky_kotol_2025-04-09\" data-image-description=\"\" data-image-caption=\"\" data-large-file=\"https:\/\/blog.laviny.sk\/wp-content\/uploads\/2025\/04\/lukovsky_kotol_2025-04-09-1024x768.jpg\" data-id=\"13213\" src=\"https:\/\/blog.laviny.sk\/wp-content\/uploads\/2025\/04\/lukovsky_kotol_2025-04-09-1024x768.jpg\" alt=\"\" class=\"wp-image-13213\" srcset=\"https:\/\/blog.laviny.sk\/wp-content\/uploads\/2025\/04\/lukovsky_kotol_2025-04-09-1024x768.jpg 1024w, https:\/\/blog.laviny.sk\/wp-content\/uploads\/2025\/04\/lukovsky_kotol_2025-04-09-300x225.jpg 300w, https:\/\/blog.laviny.sk\/wp-content\/uploads\/2025\/04\/lukovsky_kotol_2025-04-09-768x576.jpg 768w, https:\/\/blog.laviny.sk\/wp-content\/uploads\/2025\/04\/lukovsky_kotol_2025-04-09.jpg 1200w\" sizes=\"auto, (max-width: 1024px) 100vw, 1024px\" \/><\/figure>\n\n\n\n<figure class=\"wp-block-image size-large\"><img loading=\"lazy\" decoding=\"async\" width=\"1024\" height=\"576\" data-attachment-id=\"13208\" data-permalink=\"https:\/\/blog.laviny.sk\/?attachment_id=13208#main\" data-orig-file=\"https:\/\/blog.laviny.sk\/wp-content\/uploads\/2025\/04\/predny_salatin_2025-04-08.jpg\" data-orig-size=\"1200,675\" data-comments-opened=\"1\" data-image-meta=\"{&quot;aperture&quot;:&quot;2.4&quot;,&quot;credit&quot;:&quot;&quot;,&quot;camera&quot;:&quot;SM-G970F&quot;,&quot;caption&quot;:&quot;&quot;,&quot;created_timestamp&quot;:&quot;1744107270&quot;,&quot;copyright&quot;:&quot;&quot;,&quot;focal_length&quot;:&quot;4.32&quot;,&quot;iso&quot;:&quot;50&quot;,&quot;shutter_speed&quot;:&quot;0.00051334702258727&quot;,&quot;title&quot;:&quot;&quot;,&quot;orientation&quot;:&quot;1&quot;}\" data-image-title=\"predny_salatin_2025-04-08\" data-image-description=\"\" data-image-caption=\"\" data-large-file=\"https:\/\/blog.laviny.sk\/wp-content\/uploads\/2025\/04\/predny_salatin_2025-04-08-1024x576.jpg\" data-id=\"13208\" src=\"https:\/\/blog.laviny.sk\/wp-content\/uploads\/2025\/04\/predny_salatin_2025-04-08-1024x576.jpg\" alt=\"\" class=\"wp-image-13208\" srcset=\"https:\/\/blog.laviny.sk\/wp-content\/uploads\/2025\/04\/predny_salatin_2025-04-08-1024x576.jpg 1024w, https:\/\/blog.laviny.sk\/wp-content\/uploads\/2025\/04\/predny_salatin_2025-04-08-300x169.jpg 300w, https:\/\/blog.laviny.sk\/wp-content\/uploads\/2025\/04\/predny_salatin_2025-04-08-768x432.jpg 768w, https:\/\/blog.laviny.sk\/wp-content\/uploads\/2025\/04\/predny_salatin_2025-04-08-460x260.jpg 460w, https:\/\/blog.laviny.sk\/wp-content\/uploads\/2025\/04\/predny_salatin_2025-04-08.jpg 1200w\" sizes=\"auto, (max-width: 1024px) 100vw, 1024px\" \/><\/figure>\n\n\n\n<figure class=\"wp-block-image size-large\"><img loading=\"lazy\" decoding=\"async\" width=\"576\" height=\"1024\" data-attachment-id=\"13215\" data-permalink=\"https:\/\/blog.laviny.sk\/?attachment_id=13215#main\" data-orig-file=\"https:\/\/blog.laviny.sk\/wp-content\/uploads\/2025\/04\/prislop_2025-04-09.jpg\" data-orig-size=\"1200,2133\" data-comments-opened=\"1\" data-image-meta=\"{&quot;aperture&quot;:&quot;2.4&quot;,&quot;credit&quot;:&quot;&quot;,&quot;camera&quot;:&quot;SM-G970F&quot;,&quot;caption&quot;:&quot;&quot;,&quot;created_timestamp&quot;:&quot;1744204504&quot;,&quot;copyright&quot;:&quot;&quot;,&quot;focal_length&quot;:&quot;4.32&quot;,&quot;iso&quot;:&quot;50&quot;,&quot;shutter_speed&quot;:&quot;0.00018063583815029&quot;,&quot;title&quot;:&quot;&quot;,&quot;orientation&quot;:&quot;1&quot;}\" data-image-title=\"prislop_2025-04-09\" data-image-description=\"\" data-image-caption=\"\" data-large-file=\"https:\/\/blog.laviny.sk\/wp-content\/uploads\/2025\/04\/prislop_2025-04-09-576x1024.jpg\" data-id=\"13215\" src=\"https:\/\/blog.laviny.sk\/wp-content\/uploads\/2025\/04\/prislop_2025-04-09-576x1024.jpg\" alt=\"\" class=\"wp-image-13215\" srcset=\"https:\/\/blog.laviny.sk\/wp-content\/uploads\/2025\/04\/prislop_2025-04-09-576x1024.jpg 576w, https:\/\/blog.laviny.sk\/wp-content\/uploads\/2025\/04\/prislop_2025-04-09-169x300.jpg 169w, https:\/\/blog.laviny.sk\/wp-content\/uploads\/2025\/04\/prislop_2025-04-09-768x1365.jpg 768w, https:\/\/blog.laviny.sk\/wp-content\/uploads\/2025\/04\/prislop_2025-04-09-864x1536.jpg 864w, https:\/\/blog.laviny.sk\/wp-content\/uploads\/2025\/04\/prislop_2025-04-09-1152x2048.jpg 1152w, https:\/\/blog.laviny.sk\/wp-content\/uploads\/2025\/04\/prislop_2025-04-09.jpg 1200w\" sizes=\"auto, (max-width: 576px) 100vw, 576px\" \/><\/figure>\n\n\n\n<figure class=\"wp-block-image size-large\"><img loading=\"lazy\" decoding=\"async\" width=\"1024\" height=\"576\" data-attachment-id=\"13210\" data-permalink=\"https:\/\/blog.laviny.sk\/?attachment_id=13210#main\" data-orig-file=\"https:\/\/blog.laviny.sk\/wp-content\/uploads\/2025\/04\/salatinska_dolina_2025-04-08.jpg\" data-orig-size=\"1200,675\" data-comments-opened=\"1\" data-image-meta=\"{&quot;aperture&quot;:&quot;2.4&quot;,&quot;credit&quot;:&quot;&quot;,&quot;camera&quot;:&quot;SM-G970F&quot;,&quot;caption&quot;:&quot;&quot;,&quot;created_timestamp&quot;:&quot;1744107906&quot;,&quot;copyright&quot;:&quot;&quot;,&quot;focal_length&quot;:&quot;4.32&quot;,&quot;iso&quot;:&quot;50&quot;,&quot;shutter_speed&quot;:&quot;0.00040064102564103&quot;,&quot;title&quot;:&quot;&quot;,&quot;orientation&quot;:&quot;1&quot;}\" data-image-title=\"salatinska_dolina_2025-04-08\" data-image-description=\"\" data-image-caption=\"\" data-large-file=\"https:\/\/blog.laviny.sk\/wp-content\/uploads\/2025\/04\/salatinska_dolina_2025-04-08-1024x576.jpg\" data-id=\"13210\" src=\"https:\/\/blog.laviny.sk\/wp-content\/uploads\/2025\/04\/salatinska_dolina_2025-04-08-1024x576.jpg\" alt=\"\" class=\"wp-image-13210\" srcset=\"https:\/\/blog.laviny.sk\/wp-content\/uploads\/2025\/04\/salatinska_dolina_2025-04-08-1024x576.jpg 1024w, https:\/\/blog.laviny.sk\/wp-content\/uploads\/2025\/04\/salatinska_dolina_2025-04-08-300x169.jpg 300w, https:\/\/blog.laviny.sk\/wp-content\/uploads\/2025\/04\/salatinska_dolina_2025-04-08-768x432.jpg 768w, https:\/\/blog.laviny.sk\/wp-content\/uploads\/2025\/04\/salatinska_dolina_2025-04-08-460x260.jpg 460w, https:\/\/blog.laviny.sk\/wp-content\/uploads\/2025\/04\/salatinska_dolina_2025-04-08.jpg 1200w\" sizes=\"auto, (max-width: 1024px) 100vw, 1024px\" \/><\/figure>\n\n\n\n<figure class=\"wp-block-image size-large\"><img loading=\"lazy\" decoding=\"async\" width=\"1024\" height=\"576\" data-attachment-id=\"13211\" data-permalink=\"https:\/\/blog.laviny.sk\/?attachment_id=13211#main\" data-orig-file=\"https:\/\/blog.laviny.sk\/wp-content\/uploads\/2025\/04\/terasa_baranec_2025-04-09.jpg\" data-orig-size=\"1200,675\" data-comments-opened=\"1\" data-image-meta=\"{&quot;aperture&quot;:&quot;2.4&quot;,&quot;credit&quot;:&quot;&quot;,&quot;camera&quot;:&quot;SM-G970F&quot;,&quot;caption&quot;:&quot;&quot;,&quot;created_timestamp&quot;:&quot;1744200895&quot;,&quot;copyright&quot;:&quot;&quot;,&quot;focal_length&quot;:&quot;4.32&quot;,&quot;iso&quot;:&quot;50&quot;,&quot;shutter_speed&quot;:&quot;0.00020226537216828&quot;,&quot;title&quot;:&quot;&quot;,&quot;orientation&quot;:&quot;1&quot;}\" data-image-title=\"terasa_baranec_2025-04-09\" data-image-description=\"\" data-image-caption=\"\" data-large-file=\"https:\/\/blog.laviny.sk\/wp-content\/uploads\/2025\/04\/terasa_baranec_2025-04-09-1024x576.jpg\" data-id=\"13211\" src=\"https:\/\/blog.laviny.sk\/wp-content\/uploads\/2025\/04\/terasa_baranec_2025-04-09-1024x576.jpg\" alt=\"\" class=\"wp-image-13211\" srcset=\"https:\/\/blog.laviny.sk\/wp-content\/uploads\/2025\/04\/terasa_baranec_2025-04-09-1024x576.jpg 1024w, https:\/\/blog.laviny.sk\/wp-content\/uploads\/2025\/04\/terasa_baranec_2025-04-09-300x169.jpg 300w, https:\/\/blog.laviny.sk\/wp-content\/uploads\/2025\/04\/terasa_baranec_2025-04-09-768x432.jpg 768w, https:\/\/blog.laviny.sk\/wp-content\/uploads\/2025\/04\/terasa_baranec_2025-04-09-460x260.jpg 460w, https:\/\/blog.laviny.sk\/wp-content\/uploads\/2025\/04\/terasa_baranec_2025-04-09.jpg 1200w\" sizes=\"auto, (max-width: 1024px) 100vw, 1024px\" \/><\/figure>\n\n\n\n<figure class=\"wp-block-image size-large\"><img loading=\"lazy\" decoding=\"async\" width=\"1024\" height=\"576\" data-attachment-id=\"13212\" data-permalink=\"https:\/\/blog.laviny.sk\/?attachment_id=13212#main\" data-orig-file=\"https:\/\/blog.laviny.sk\/wp-content\/uploads\/2025\/04\/ziarska_dolina_2025-04-09.jpg\" data-orig-size=\"1200,675\" data-comments-opened=\"1\" data-image-meta=\"{&quot;aperture&quot;:&quot;2.4&quot;,&quot;credit&quot;:&quot;&quot;,&quot;camera&quot;:&quot;SM-G970F&quot;,&quot;caption&quot;:&quot;&quot;,&quot;created_timestamp&quot;:&quot;1744195441&quot;,&quot;copyright&quot;:&quot;&quot;,&quot;focal_length&quot;:&quot;4.32&quot;,&quot;iso&quot;:&quot;50&quot;,&quot;shutter_speed&quot;:&quot;0.00013102725366876&quot;,&quot;title&quot;:&quot;&quot;,&quot;orientation&quot;:&quot;1&quot;}\" data-image-title=\"ziarska_dolina_2025-04-09\" data-image-description=\"\" data-image-caption=\"\" data-large-file=\"https:\/\/blog.laviny.sk\/wp-content\/uploads\/2025\/04\/ziarska_dolina_2025-04-09-1024x576.jpg\" data-id=\"13212\" src=\"https:\/\/blog.laviny.sk\/wp-content\/uploads\/2025\/04\/ziarska_dolina_2025-04-09-1024x576.jpg\" alt=\"\" class=\"wp-image-13212\" srcset=\"https:\/\/blog.laviny.sk\/wp-content\/uploads\/2025\/04\/ziarska_dolina_2025-04-09-1024x576.jpg 1024w, https:\/\/blog.laviny.sk\/wp-content\/uploads\/2025\/04\/ziarska_dolina_2025-04-09-300x169.jpg 300w, https:\/\/blog.laviny.sk\/wp-content\/uploads\/2025\/04\/ziarska_dolina_2025-04-09-768x432.jpg 768w, https:\/\/blog.laviny.sk\/wp-content\/uploads\/2025\/04\/ziarska_dolina_2025-04-09-460x260.jpg 460w, https:\/\/blog.laviny.sk\/wp-content\/uploads\/2025\/04\/ziarska_dolina_2025-04-09.jpg 1200w\" sizes=\"auto, (max-width: 1024px) 100vw, 1024px\" \/><\/figure>\n\n\n\n<figure class=\"wp-block-image size-large\"><img loading=\"lazy\" decoding=\"async\" width=\"1024\" height=\"576\" data-attachment-id=\"13209\" data-permalink=\"https:\/\/blog.laviny.sk\/?attachment_id=13209#main\" data-orig-file=\"https:\/\/blog.laviny.sk\/wp-content\/uploads\/2025\/04\/ziarska_dolina2_2025-04-09.jpg\" data-orig-size=\"1200,675\" data-comments-opened=\"1\" data-image-meta=\"{&quot;aperture&quot;:&quot;2.4&quot;,&quot;credit&quot;:&quot;&quot;,&quot;camera&quot;:&quot;SM-G970F&quot;,&quot;caption&quot;:&quot;&quot;,&quot;created_timestamp&quot;:&quot;1744195431&quot;,&quot;copyright&quot;:&quot;&quot;,&quot;focal_length&quot;:&quot;4.32&quot;,&quot;iso&quot;:&quot;50&quot;,&quot;shutter_speed&quot;:&quot;4.1666666666667E-5&quot;,&quot;title&quot;:&quot;&quot;,&quot;orientation&quot;:&quot;1&quot;}\" data-image-title=\"ziarska_dolina2_2025-04-09\" data-image-description=\"\" data-image-caption=\"\" data-large-file=\"https:\/\/blog.laviny.sk\/wp-content\/uploads\/2025\/04\/ziarska_dolina2_2025-04-09-1024x576.jpg\" data-id=\"13209\" src=\"https:\/\/blog.laviny.sk\/wp-content\/uploads\/2025\/04\/ziarska_dolina2_2025-04-09-1024x576.jpg\" alt=\"\" class=\"wp-image-13209\" srcset=\"https:\/\/blog.laviny.sk\/wp-content\/uploads\/2025\/04\/ziarska_dolina2_2025-04-09-1024x576.jpg 1024w, https:\/\/blog.laviny.sk\/wp-content\/uploads\/2025\/04\/ziarska_dolina2_2025-04-09-300x169.jpg 300w, https:\/\/blog.laviny.sk\/wp-content\/uploads\/2025\/04\/ziarska_dolina2_2025-04-09-768x432.jpg 768w, https:\/\/blog.laviny.sk\/wp-content\/uploads\/2025\/04\/ziarska_dolina2_2025-04-09-460x260.jpg 460w, https:\/\/blog.laviny.sk\/wp-content\/uploads\/2025\/04\/ziarska_dolina2_2025-04-09.jpg 1200w\" sizes=\"auto, (max-width: 1024px) 100vw, 1024px\" \/><\/figure>\n<\/figure>\n\n\n\n<p><\/p>\n\n\n\n<p><\/p>\n\n\n\n<p><em>Tento blog, \u010dl\u00e1nok a anal\u00fdza d\u00e1t mohli by\u0165 nap\u00edsan\u00e9 v\u010faka \u00fadajom z Automatick\u00fdch meteorologick\u00fdch stana\u00edc, ktor\u00e9 boli vybudovan\u00e9 &nbsp;v\u010faka projektu: Komplexn\u00fd syst\u00e9m v\u010dasn\u00e9ho varovania, pripravenosti a&nbsp;vyd\u00e1vania adresn\u00fdch a&nbsp;v\u010dasn\u00fdch v\u00fdstrah pred rizikami v&nbsp;horskom prostred\u00ed, ktor\u00fd bol spolufinancovan\u00fd z <a href=\"http:\/\/ec.europa.eu\/regional_policy\/sk\/funding\/erdf\/\" target=\"_blank\" rel=\"noreferrer noopener\">Eur\u00f3pskeho fondu region\u00e1lneho rozvoja (EFRR)<\/a>. <\/em><\/p>\n\n\n\n<p><em>\u010eal\u0161ie mno\u017estvo preberan\u00fdch d\u00e1t poskytla in\u0161tit\u00facia <a href=\"https:\/\/www.shmu.sk\/sk\/?page=1\">SHMU <\/a>&#8211; etal\u00f3n kvalitn\u00fdch, overen\u00fdch d\u00e1t a vedecky podlo\u017een\u00fdch v\u00fdstupov.<\/em><\/p>\n\n\n\n<p><\/p>\n","protected":false},"excerpt":{"rendered":"<p>Zima 2024\/2025 bola ve\u013emi slab\u00e1, hlavne such\u00e1, sk\u00fapa na snehov\u00e9 zr\u00e1\u017eky. Nemo\u017eno sa \u010dudova\u0165, \u017ee v jej z\u00e1vere sa u\u017e mno\u017estvo horalov sk\u00f4r te\u0161ilo na jar. Meteorologick\u00e1 jar za\u010dala 1.marca, astronomick\u00e1 21. marca, no druh\u00fd apr\u00edlov\u00fd t\u00fd\u017ede\u0148 to na hor\u00e1ch vyzeralo sk\u00f4r zimne ne\u017e jarne. Kie\u017e by tieto es\u00e1 pani zima uk\u00e1zala skorej v zime.&hellip;<\/p>\n","protected":false},"author":1,"featured_media":13214,"comment_status":"open","ping_status":"open","sticky":false,"template":"","format":"standard","meta":{"jetpack_post_was_ever_published":false,"_jetpack_newsletter_access":"","_jetpack_dont_email_post_to_subs":false,"_jetpack_newsletter_tier_id":0,"_jetpack_memberships_contains_paywalled_content":false,"_jetpack_memberships_contains_paid_content":false,"footnotes":"","jetpack_publicize_message":"","jetpack_publicize_feature_enabled":true,"jetpack_social_post_already_shared":true,"jetpack_social_options":{"image_generator_settings":{"template":"highway","default_image_id":0,"font":"","enabled":false},"version":2}},"categories":[4],"tags":[481,479,54,68,79,111,259,154,480,478,208],"class_list":["post-13168","post","type-post","status-publish","format-standard","has-post-thumbnail","hentry","category-pocasie-sneh-a-laviny","tag-chladna-jar","tag-cross-wind","tag-jar","tag-lavinova-prevencia","tag-laviny","tag-ochladenie","tag-silny-vietor","tag-sneh","tag-veterne-dni","tag-wind","tag-zrazky"],"jetpack_publicize_connections":[],"jetpack_featured_media_url":"https:\/\/blog.laviny.sk\/wp-content\/uploads\/2025\/04\/chopok_2025-04-09.jpg","jetpack_sharing_enabled":true,"jetpack_shortlink":"https:\/\/wp.me\/p8DxWh-3qo","jetpack-related-posts":[],"_links":{"self":[{"href":"https:\/\/blog.laviny.sk\/index.php?rest_route=\/wp\/v2\/posts\/13168","targetHints":{"allow":["GET"]}}],"collection":[{"href":"https:\/\/blog.laviny.sk\/index.php?rest_route=\/wp\/v2\/posts"}],"about":[{"href":"https:\/\/blog.laviny.sk\/index.php?rest_route=\/wp\/v2\/types\/post"}],"author":[{"embeddable":true,"href":"https:\/\/blog.laviny.sk\/index.php?rest_route=\/wp\/v2\/users\/1"}],"replies":[{"embeddable":true,"href":"https:\/\/blog.laviny.sk\/index.php?rest_route=%2Fwp%2Fv2%2Fcomments&post=13168"}],"version-history":[{"count":24,"href":"https:\/\/blog.laviny.sk\/index.php?rest_route=\/wp\/v2\/posts\/13168\/revisions"}],"predecessor-version":[{"id":13223,"href":"https:\/\/blog.laviny.sk\/index.php?rest_route=\/wp\/v2\/posts\/13168\/revisions\/13223"}],"wp:featuredmedia":[{"embeddable":true,"href":"https:\/\/blog.laviny.sk\/index.php?rest_route=\/wp\/v2\/media\/13214"}],"wp:attachment":[{"href":"https:\/\/blog.laviny.sk\/index.php?rest_route=%2Fwp%2Fv2%2Fmedia&parent=13168"}],"wp:term":[{"taxonomy":"category","embeddable":true,"href":"https:\/\/blog.laviny.sk\/index.php?rest_route=%2Fwp%2Fv2%2Fcategories&post=13168"},{"taxonomy":"post_tag","embeddable":true,"href":"https:\/\/blog.laviny.sk\/index.php?rest_route=%2Fwp%2Fv2%2Ftags&post=13168"}],"curies":[{"name":"wp","href":"https:\/\/api.w.org\/{rel}","templated":true}]}}