{"id":12979,"date":"2025-03-06T10:47:49","date_gmt":"2025-03-06T09:47:49","guid":{"rendered":"https:\/\/blog.laviny.sk\/?p=12979"},"modified":"2025-03-09T10:03:37","modified_gmt":"2025-03-09T09:03:37","slug":"tragicka-lavina-pod-pustou-lavkou","status":"publish","type":"post","link":"https:\/\/blog.laviny.sk\/?p=12979","title":{"rendered":"Tragick\u00e1 lav\u00edna pod Pustou l\u00e1vkou."},"content":{"rendered":"\n<p>Prv\u00e1 tragick\u00e1 lav\u00ednov\u00e1 nehoda sez\u00f3ny 2024\/2025 sa stala 4.3.2025. Dalo by sa teda poveda\u0165, \u017ee v dobe, ke\u010f sa u\u017e zima pomaly prekl\u00e1pa na jar, snehov\u00e9 podmienky sa stabilizuj\u00fa, slnko je vy\u0161\u0161ie a de\u0148 dlh\u00fd. Je to \u010das, na ktor\u00fd \u010dak\u00e1 mnoho sk\u00fasen\u00fdch horalov, skialpinistov. Bohu\u017eia\u013e nie v\u017edy je doprian\u00e9 v\u0161etk\u00fdm sa vr\u00e1ti\u0165 do bezpe\u010dia domova. Niekedy si hory vezm\u00fa t\u00fa najv\u00e4\u010d\u0161iu da\u0148.<\/p>\n\n\n\n<p>Zimn\u00e1 sez\u00f3na 2024\/2025 je \u0161tatisticky extr\u00e9mne such\u00e1. Z h\u013eadiska zr\u00e1\u017eok mala len tri v\u00fdznamn\u00e9 sne\u017eenia. Prv\u00e9 nastalo e\u0161te za\u010diatkom janu\u00e1ra (4-6.1.2025 + 20cm), druh\u00e9 a posledn\u00e9 bolo 10-11.1, kedy pripadlo miestami a\u017e 50 cm snehu. N\u00e1sledne pri\u0161lo such\u00e9 a tepl\u00e9 obdobie. Lav\u00ednov\u00e1 jednotka (1. stupe\u0148) trval od 21.1.2025 neuverite\u013en\u00fdch 38 dn\u00ed. Povrch snehovej pokr\u00fdvky stvrdol na ve\u013emi tvrd\u00fa, miestami a\u017e \u013eadov\u00fa vrstvu. Pohyb v horskom ter\u00e9ne bol komplikovan\u00fd, nako\u013eko v n\u00edzkych a stredn\u00fdch poloh\u00e1ch sneh \u00faplne absentoval. Aj vo vy\u0161\u0161\u00edch poloh\u00e1ch bola v\u00fd\u0161ka snehovej pokr\u00fdvky hlboko podpriemern\u00e1. Vo svahoch tr\u010dali skaln\u00e9 bloky, prahy, dojazdy \u017e\u013eabov \u010dasto kon\u010dili v skalnej suti. Zo \u0161tvrtka na piatok (27.2. &#8211; 28.2.2025) kone\u010dne zasiahli na\u0161e \u00fazemie zr\u00e1\u017eky. Na tvrd\u00fa a z\u013eadovatel\u00fa star\u00fa snehov\u00fa pokr\u00fdvku napadlo do 20 cm nov\u00e9ho such\u00e9ho snehu. V\u00e4zba medzi t\u00fdmito dvoma vrstvami nebola dobr\u00e1, navy\u0161e v snehovom profile sa na ich rozhran\u00ed nach\u00e1dzala vrstva nebezpe\u010dn\u00e9ho hranatozrnn\u00e9ho snehu. V piatok boli zaznamenan\u00e9 viacer\u00e9 lav\u00edny v N\u00edzkych a Vysok\u00fdch Tatr\u00e1ch. Po\u010das soboty \u010fal\u0161ie dve lav\u00ednov\u00e9 nehody bez v\u00e1\u017enej\u0161\u00edch d\u00f4sledkov. V\u00e4\u010d\u0161inou sa jednalo o severn\u00e9 alebo tienist\u00e9 expoz\u00edcie. Stupe\u0148 lav\u00ednov\u00e9ho nebezpe\u010denstva si dr\u017eal 2. stupe\u0148 (mierne lav\u00ednov\u00e9 nebezpe\u010denstvo).<\/p>\n\n\n\n<figure class=\"wp-block-image size-large\"><a href=\"https:\/\/blog.laviny.sk\/wp-content\/uploads\/2025\/03\/Screenshot_3.png\"><img loading=\"lazy\" decoding=\"async\" width=\"1024\" height=\"391\" data-attachment-id=\"13007\" data-permalink=\"https:\/\/blog.laviny.sk\/?attachment_id=13007#main\" data-orig-file=\"https:\/\/blog.laviny.sk\/wp-content\/uploads\/2025\/03\/Screenshot_3.png\" data-orig-size=\"2061,786\" data-comments-opened=\"1\" data-image-meta=\"{&quot;aperture&quot;:&quot;0&quot;,&quot;credit&quot;:&quot;&quot;,&quot;camera&quot;:&quot;&quot;,&quot;caption&quot;:&quot;&quot;,&quot;created_timestamp&quot;:&quot;0&quot;,&quot;copyright&quot;:&quot;&quot;,&quot;focal_length&quot;:&quot;0&quot;,&quot;iso&quot;:&quot;0&quot;,&quot;shutter_speed&quot;:&quot;0&quot;,&quot;title&quot;:&quot;&quot;,&quot;orientation&quot;:&quot;0&quot;}\" data-image-title=\"Screenshot_3\" data-image-description=\"\" data-image-caption=\"\" data-large-file=\"https:\/\/blog.laviny.sk\/wp-content\/uploads\/2025\/03\/Screenshot_3-1024x391.png\" src=\"https:\/\/blog.laviny.sk\/wp-content\/uploads\/2025\/03\/Screenshot_3-1024x391.png\" alt=\"\" class=\"wp-image-13007\" srcset=\"https:\/\/blog.laviny.sk\/wp-content\/uploads\/2025\/03\/Screenshot_3-1024x391.png 1024w, https:\/\/blog.laviny.sk\/wp-content\/uploads\/2025\/03\/Screenshot_3-300x114.png 300w, https:\/\/blog.laviny.sk\/wp-content\/uploads\/2025\/03\/Screenshot_3-768x293.png 768w, https:\/\/blog.laviny.sk\/wp-content\/uploads\/2025\/03\/Screenshot_3-1536x586.png 1536w, https:\/\/blog.laviny.sk\/wp-content\/uploads\/2025\/03\/Screenshot_3-2048x781.png 2048w\" sizes=\"auto, (max-width: 1024px) 100vw, 1024px\" \/><\/a><figcaption class=\"wp-element-caption\">Deficit zr\u00e1\u017eok na Lomnickom \u0161t\u00edte od za\u010diatku roka je na \u00farovni -200 mm.  Zdroj: SHM\u00da<\/figcaption><\/figure>\n\n\n\n<p>3.3.2025 Stredisko lav\u00ednovej prevencie a vzdel\u00e1vania vydalo lav\u00ednov\u00fa predpove\u010f na utorok <a href=\"https:\/\/blog.laviny.sk\/wp-content\/uploads\/2025\/03\/2025-03-04_SK_sk.pdf\">4.3.2025 = PDF.<\/a> Pre oblas\u0165 Vysok\u00fdch Tatier bol stanoven\u00fd druh\u00fd stupe\u0148 lav\u00ednov\u00e9ho nebezpe\u010denstva. Hlavn\u00fdmi lav\u00ednov\u00fdmi probl\u00e9mami boli stanoven\u00e9 <a href=\"https:\/\/laviny.sk\/education\/avalanche-problems#persistent_weak_layers\">trvalo slab\u00e1 vrstva<\/a> na S sektore, a mokr\u00fd sneh z nat\u00e1pania na J sektore. V lav\u00ednovom bulletine sa okrem in\u00e9ho p\u00edsalo :<\/p>\n\n\n<div class=\"wp-block-image\">\n<figure class=\"aligncenter size-large\"><img loading=\"lazy\" decoding=\"async\" width=\"1024\" height=\"747\" data-attachment-id=\"13005\" data-permalink=\"https:\/\/blog.laviny.sk\/?attachment_id=13005#main\" data-orig-file=\"https:\/\/blog.laviny.sk\/wp-content\/uploads\/2025\/03\/Screenshot_1.png\" data-orig-size=\"2329,1698\" data-comments-opened=\"1\" data-image-meta=\"{&quot;aperture&quot;:&quot;0&quot;,&quot;credit&quot;:&quot;&quot;,&quot;camera&quot;:&quot;&quot;,&quot;caption&quot;:&quot;&quot;,&quot;created_timestamp&quot;:&quot;0&quot;,&quot;copyright&quot;:&quot;&quot;,&quot;focal_length&quot;:&quot;0&quot;,&quot;iso&quot;:&quot;0&quot;,&quot;shutter_speed&quot;:&quot;0&quot;,&quot;title&quot;:&quot;&quot;,&quot;orientation&quot;:&quot;0&quot;}\" data-image-title=\"Screenshot_1\" data-image-description=\"\" data-image-caption=\"\" data-large-file=\"https:\/\/blog.laviny.sk\/wp-content\/uploads\/2025\/03\/Screenshot_1-1024x747.png\" src=\"https:\/\/blog.laviny.sk\/wp-content\/uploads\/2025\/03\/Screenshot_1-1024x747.png\" alt=\"\" class=\"wp-image-13005\" srcset=\"https:\/\/blog.laviny.sk\/wp-content\/uploads\/2025\/03\/Screenshot_1-1024x747.png 1024w, https:\/\/blog.laviny.sk\/wp-content\/uploads\/2025\/03\/Screenshot_1-300x219.png 300w, https:\/\/blog.laviny.sk\/wp-content\/uploads\/2025\/03\/Screenshot_1-768x560.png 768w, https:\/\/blog.laviny.sk\/wp-content\/uploads\/2025\/03\/Screenshot_1-1536x1120.png 1536w, https:\/\/blog.laviny.sk\/wp-content\/uploads\/2025\/03\/Screenshot_1-2048x1493.png 2048w\" sizes=\"auto, (max-width: 1024px) 100vw, 1024px\" \/><\/figure>\n<\/div>\n\n\n<p><\/p>\n\n\n\n<p>Dvojica sk\u00fasen\u00fdch slovensk\u00fdch skialpinistov sa 4.3.2025 skoro r\u00e1no vybrala na t\u00faru do Vysok\u00fdch Tatier. <br>Ich z\u00e1mer je skialpinistick\u00fd okruh Popradsk\u00e9 pleso \u2013 V\u00e1ha, Pust\u00e1 l\u00e1vka, \u017delezn\u00e1 br\u00e1na, Popradsk\u00e9 pleso. Z Popradsk\u00e9ho plesa vyst\u00fapili do sedla V\u00e1hy. Zly\u017eovali na sever do \u0164a\u017ekej doliny a postupovali smerom do Pustej l\u00e1vky. Vzh\u013eadom na ter\u00e9n sa rozhodli da\u0165 ly\u017ee na batoh a postupovali na pe\u0161o. Prv\u00fd z dvojice uvo\u013enil lav\u00ednu, ktor\u00e1 druh\u00e9ho strhla cez viacero skaln\u00fdch prahov. Napriek maxim\u00e1lnej snahe pre\u017eiv\u0161ieho, ktor\u00fd \u010do najr\u00fdchlej\u0161ie zost\u00fapil k strhnut\u00e9mu a zasypan\u00e9mu kamar\u00e1tovi, lokalizoval ho (\u010diasto\u010dn\u00e9 kritick\u00e9 zasypanie), vykopal z \u00fatrob snehu, mu u\u017e nedok\u00e1zal pom\u00f4c\u0165. Dr\u00e1ha lav\u00edny v exponovanom ter\u00e9ne a skaln\u00e9 prahy sa mu stali osudnou.<\/p>\n\n\n\n<p>\u00daDAJE O LAV\u00cdNE :<\/p>\n\n\n\n<ul class=\"wp-block-list\">\n<li>\u0160\u00edrka odtrhu: 15 m pri p\u00e1de strhla \u010fal\u0161\u00ed sneh<\/li>\n\n\n\n<li>Nadmorsk\u00e1 v\u00fd\u0161ka odtrhu: 1980 m n. m.<\/li>\n\n\n\n<li>Sklon odtrhov\u00e9ho \u00fazemia: 36\u00b0 &#8211; 40\u00b0<\/li>\n\n\n\n<li>Orient\u00e1cia: severoz\u00e1pad &#8211; sever<\/li>\n\n\n\n<li>D\u013a\u017eka lav\u00edny: 370 m<\/li>\n\n\n\n<li>Nadmorsk\u00e1 v\u00fd\u0161ka n\u00e1nosu: 1760 m n. m.<\/li>\n\n\n\n<li>V\u00fd\u0161kov\u00fd rozdiel: 220 m<\/li>\n\n\n\n<li>\u0160\u00edrka n\u00e1nosu: 50 m<\/li>\n\n\n\n<li><a href=\"https:\/\/laviny.sk\/education\/avalanche-sizes#anchor-2\" target=\"_blank\" rel=\"noreferrer noopener\">Ve\u013ekos\u0165 lav\u00edny pod\u013ea EAWS: 2 (stredn\u00e1)<\/a><\/li>\n<\/ul>\n\n\n\n<p class=\"has-text-align-left\">Dvojica sa pohybovala v extr\u00e9mne strmom ter\u00e9ne (kritick\u00fd sklon), na S expoz\u00edci\u00ed (v bulletine zv\u00fdraznen\u00e1 trvalo slab\u00e1 vrstva) a v danom ter\u00e9ne sa nemohla pohybova\u0165 na ly\u017eiach, ale sa pohybovala na pe\u0161o (zv\u00fd\u0161en\u00e9 dodato\u010dn\u00e9 za\u0165a\u017eenie). V dr\u00e1he lav\u00edny sa nach\u00e1dzali skaln\u00e9 prahy. To s\u00fa v\u0161etko premenn\u00e9, ktor\u00e9 v dan\u00fd \u010das na danom mieste bohu\u017eia\u013e do seba zapadli. 4.3.2025 si hory vybrali krut\u00fa da\u0148. Vzali si so sebou milovn\u00edka h\u00f4r, sk\u00fasen\u00e9ho horala, otca a kamar\u00e1ta. \u010ces\u0165 jeho pamiatke. Z tejto tragickej nehody si je mo\u017en\u00e9 vzia\u0165 ponau\u010denie. Druh\u00fd stupe\u0148 lav\u00ednov\u00e9ho nebezpe\u010denstva m\u00e1 na svedom\u00ed mno\u017estvo neh\u00f4d (vo svete 30%, na Slovensku &#8211; graf ni\u017e\u0161ie). Aj sk\u00fasen\u00fd expert s mno\u017estvom dn\u00ed praxe v ter\u00e9ne nemus\u00ed odhali\u0165 nebezpe\u010denstv\u00e1 ter\u00e9nu. Aj men\u0161ie lav\u00edny (dokonca aj pri 1. stupni lav\u00ednov\u00e9ho nebezpe\u010denstva ) dok\u00e1\u017eu zab\u00edja\u0165, a efekt\u00edvna kamar\u00e1tska pomoc nemus\u00ed sta\u010di\u0165.<\/p>\n\n\n<div class=\"wp-block-image\">\n<figure class=\"aligncenter size-medium\"><a href=\"https:\/\/blog.laviny.sk\/wp-content\/uploads\/2025\/03\/levels.png\"><img loading=\"lazy\" decoding=\"async\" width=\"300\" height=\"226\" data-attachment-id=\"13009\" data-permalink=\"https:\/\/blog.laviny.sk\/?attachment_id=13009#main\" data-orig-file=\"https:\/\/blog.laviny.sk\/wp-content\/uploads\/2025\/03\/levels.png\" data-orig-size=\"1761,1329\" data-comments-opened=\"1\" data-image-meta=\"{&quot;aperture&quot;:&quot;0&quot;,&quot;credit&quot;:&quot;&quot;,&quot;camera&quot;:&quot;&quot;,&quot;caption&quot;:&quot;&quot;,&quot;created_timestamp&quot;:&quot;0&quot;,&quot;copyright&quot;:&quot;&quot;,&quot;focal_length&quot;:&quot;0&quot;,&quot;iso&quot;:&quot;0&quot;,&quot;shutter_speed&quot;:&quot;0&quot;,&quot;title&quot;:&quot;&quot;,&quot;orientation&quot;:&quot;0&quot;}\" data-image-title=\"levels\" data-image-description=\"\" data-image-caption=\"\" data-large-file=\"https:\/\/blog.laviny.sk\/wp-content\/uploads\/2025\/03\/levels-1024x773.png\" src=\"https:\/\/blog.laviny.sk\/wp-content\/uploads\/2025\/03\/levels-300x226.png\" alt=\"\" class=\"wp-image-13009\" srcset=\"https:\/\/blog.laviny.sk\/wp-content\/uploads\/2025\/03\/levels-300x226.png 300w, https:\/\/blog.laviny.sk\/wp-content\/uploads\/2025\/03\/levels-1024x773.png 1024w, https:\/\/blog.laviny.sk\/wp-content\/uploads\/2025\/03\/levels-768x580.png 768w, https:\/\/blog.laviny.sk\/wp-content\/uploads\/2025\/03\/levels-1536x1159.png 1536w, https:\/\/blog.laviny.sk\/wp-content\/uploads\/2025\/03\/levels.png 1761w\" sizes=\"auto, (max-width: 300px) 100vw, 300px\" \/><\/a><\/figure>\n<\/div>\n\n\n<p><a href=\"https:\/\/laviny.sk\/education\/avalanche-problems#persistent_weak_layers\">Trvalo slab\u00e1 vrstva<\/a><\/p>\n\n\n\n<p>Tento lav\u00ednov\u00fd probl\u00e9m je zradn\u00fd v tom, \u017ee kritick\u00e9 vrstvy sa v ter\u00e9ne ve\u013emi \u0165a\u017eko odha\u013euj\u00fa. Sl\u00fa\u017eia n\u00e1m na to snehov\u00e9 profily, testy stability a varovn\u00e9 znaky &#8211; \u010derstvo spadnut\u00e9 lav\u00edny na podobn\u00fdch expoz\u00edci\u00e1ch, nehody po\u010das minul\u00fdch dn\u00ed. Probl\u00e9mom snehov\u00fdch profilov je fakt, \u017ee situ\u00e1cia m\u00f4\u017ee by\u0165 o p\u00e1r metrov ved\u013ea diametr\u00e1lne odli\u0161n\u00e1. Ve\u013emi z\u00e1le\u017e\u00ed napr\u00edklad na tom, ak\u00e1 hrub\u00e1 je doska nad slabou vrstvou. V miestach, kde je hrub\u0161ia sa nap\u00e4tie nemus\u00ed prenies\u0165 do dostato\u010dnej h\u013abky. Naopak pri ten\u0161ej vrstve je dosku \u013eah\u0161ie uvo\u013eni\u0165. Slab\u00fa vrstvu \u010dasto tvor\u00ed hranatozrnn\u00fd sneh, ktor\u00fd je v\u00fdrazne m\u00e4k\u0161\u00ed ako doska nad n\u00edm a t\u00fdm p\u00e1dom, je dobrou klznou vrstvou lav\u00edn.<\/p>\n\n\n\n<figure class=\"wp-block-embed is-type-video is-provider-youtube wp-block-embed-youtube wp-embed-aspect-16-9 wp-has-aspect-ratio\"><div class=\"wp-block-embed__wrapper\">\n<span class=\"embed-youtube\" style=\"text-align:center; display: block;\"><iframe loading=\"lazy\" class=\"youtube-player\" width=\"700\" height=\"394\" src=\"https:\/\/www.youtube.com\/embed\/huVwKLhCsx4?version=3&#038;rel=1&#038;showsearch=0&#038;showinfo=1&#038;iv_load_policy=1&#038;fs=1&#038;hl=sk-SK&#038;autohide=2&#038;wmode=transparent\" allowfullscreen=\"true\" style=\"border:0;\" sandbox=\"allow-scripts allow-same-origin allow-popups allow-presentation allow-popups-to-escape-sandbox\"><\/iframe><\/span>\n<\/div><figcaption class=\"wp-element-caption\">Z\u00e1ber nie je priamo z odtrhu lav\u00edny.<\/figcaption><\/figure>\n\n\n<div class=\"wp-block-image\">\n<figure class=\"aligncenter size-medium\"><a href=\"https:\/\/blog.laviny.sk\/wp-content\/uploads\/2025\/03\/snowprofile_23585.png\"><img loading=\"lazy\" decoding=\"async\" width=\"212\" height=\"300\" data-attachment-id=\"13078\" data-permalink=\"https:\/\/blog.laviny.sk\/?attachment_id=13078#main\" data-orig-file=\"https:\/\/blog.laviny.sk\/wp-content\/uploads\/2025\/03\/snowprofile_23585.png\" data-orig-size=\"1058,1497\" data-comments-opened=\"1\" data-image-meta=\"{&quot;aperture&quot;:&quot;0&quot;,&quot;credit&quot;:&quot;&quot;,&quot;camera&quot;:&quot;&quot;,&quot;caption&quot;:&quot;&quot;,&quot;created_timestamp&quot;:&quot;0&quot;,&quot;copyright&quot;:&quot;&quot;,&quot;focal_length&quot;:&quot;0&quot;,&quot;iso&quot;:&quot;0&quot;,&quot;shutter_speed&quot;:&quot;0&quot;,&quot;title&quot;:&quot;&quot;,&quot;orientation&quot;:&quot;0&quot;}\" data-image-title=\"snowprofile_23585\" data-image-description=\"\" data-image-caption=\"\" data-large-file=\"https:\/\/blog.laviny.sk\/wp-content\/uploads\/2025\/03\/snowprofile_23585-724x1024.png\" src=\"https:\/\/blog.laviny.sk\/wp-content\/uploads\/2025\/03\/snowprofile_23585-212x300.png\" alt=\"\" class=\"wp-image-13078\" srcset=\"https:\/\/blog.laviny.sk\/wp-content\/uploads\/2025\/03\/snowprofile_23585-212x300.png 212w, https:\/\/blog.laviny.sk\/wp-content\/uploads\/2025\/03\/snowprofile_23585-724x1024.png 724w, https:\/\/blog.laviny.sk\/wp-content\/uploads\/2025\/03\/snowprofile_23585-768x1087.png 768w, https:\/\/blog.laviny.sk\/wp-content\/uploads\/2025\/03\/snowprofile_23585.png 1058w\" sizes=\"auto, (max-width: 212px) 100vw, 212px\" \/><\/a><figcaption class=\"wp-element-caption\">Profil <strong>nebol<\/strong> vykonan\u00fd priamo v odtrhu lav\u00edny.<\/figcaption><\/figure>\n<\/div>\n\n\n<figure class=\"wp-block-gallery has-nested-images columns-default is-cropped wp-block-gallery-1 is-layout-flex wp-block-gallery-is-layout-flex\">\n<figure class=\"wp-block-image size-large\"><img loading=\"lazy\" decoding=\"async\" width=\"1024\" height=\"768\" data-attachment-id=\"12992\" data-permalink=\"https:\/\/blog.laviny.sk\/?attachment_id=12992\" data-orig-file=\"https:\/\/blog.laviny.sk\/wp-content\/uploads\/2025\/03\/img1.jpg\" data-orig-size=\"1200,900\" data-comments-opened=\"1\" data-image-meta=\"{&quot;aperture&quot;:&quot;0&quot;,&quot;credit&quot;:&quot;&quot;,&quot;camera&quot;:&quot;&quot;,&quot;caption&quot;:&quot;&quot;,&quot;created_timestamp&quot;:&quot;0&quot;,&quot;copyright&quot;:&quot;&quot;,&quot;focal_length&quot;:&quot;0&quot;,&quot;iso&quot;:&quot;0&quot;,&quot;shutter_speed&quot;:&quot;0&quot;,&quot;title&quot;:&quot;&quot;,&quot;orientation&quot;:&quot;0&quot;}\" data-image-title=\"Anal\u00fdza nehody Zostup po stop\u00e1ch z ly\u017eovania\" data-image-description=\"\" data-image-caption=\"&lt;p&gt;Anal\u00fdza nehody Zostup po stop\u00e1ch z ly\u017eovania&lt;\/p&gt;\n\" data-large-file=\"https:\/\/blog.laviny.sk\/wp-content\/uploads\/2025\/03\/img1-1024x768.jpg\" data-id=\"12992\" src=\"https:\/\/blog.laviny.sk\/wp-content\/uploads\/2025\/03\/img1-1024x768.jpg\" alt=\"Anal\u00fdza nehody\" class=\"wp-image-12992\" srcset=\"https:\/\/blog.laviny.sk\/wp-content\/uploads\/2025\/03\/img1-1024x768.jpg 1024w, https:\/\/blog.laviny.sk\/wp-content\/uploads\/2025\/03\/img1-300x225.jpg 300w, https:\/\/blog.laviny.sk\/wp-content\/uploads\/2025\/03\/img1-768x576.jpg 768w, https:\/\/blog.laviny.sk\/wp-content\/uploads\/2025\/03\/img1.jpg 1200w\" sizes=\"auto, (max-width: 1024px) 100vw, 1024px\" \/><figcaption class=\"wp-element-caption\">Anal\u00fdza nehody Zostup po stop\u00e1ch z ly\u017eovania<\/figcaption><\/figure>\n\n\n\n<figure class=\"wp-block-image size-large\"><img loading=\"lazy\" decoding=\"async\" width=\"1024\" height=\"683\" data-attachment-id=\"12993\" data-permalink=\"https:\/\/blog.laviny.sk\/?attachment_id=12993\" data-orig-file=\"https:\/\/blog.laviny.sk\/wp-content\/uploads\/2025\/03\/img2.jpg\" data-orig-size=\"1200,800\" data-comments-opened=\"1\" data-image-meta=\"{&quot;aperture&quot;:&quot;0&quot;,&quot;credit&quot;:&quot;&quot;,&quot;camera&quot;:&quot;&quot;,&quot;caption&quot;:&quot;&quot;,&quot;created_timestamp&quot;:&quot;0&quot;,&quot;copyright&quot;:&quot;&quot;,&quot;focal_length&quot;:&quot;0&quot;,&quot;iso&quot;:&quot;0&quot;,&quot;shutter_speed&quot;:&quot;0&quot;,&quot;title&quot;:&quot;&quot;,&quot;orientation&quot;:&quot;0&quot;}\" data-image-title=\"Anal\u00fdza nehody 4.3.2025, posledn\u00e9 stopy dvojice z ly\u017eovania z V\u00e1hy\" data-image-description=\"\" data-image-caption=\"&lt;p&gt;Anal\u00fdza nehody 4.3.2025, posledn\u00e9 stopy dvojice z ly\u017eovania z V\u00e1hy&lt;\/p&gt;\n\" data-large-file=\"https:\/\/blog.laviny.sk\/wp-content\/uploads\/2025\/03\/img2-1024x683.jpg\" data-id=\"12993\" src=\"https:\/\/blog.laviny.sk\/wp-content\/uploads\/2025\/03\/img2-1024x683.jpg\" alt=\"\" class=\"wp-image-12993\" srcset=\"https:\/\/blog.laviny.sk\/wp-content\/uploads\/2025\/03\/img2-1024x683.jpg 1024w, https:\/\/blog.laviny.sk\/wp-content\/uploads\/2025\/03\/img2-300x200.jpg 300w, https:\/\/blog.laviny.sk\/wp-content\/uploads\/2025\/03\/img2-768x512.jpg 768w, https:\/\/blog.laviny.sk\/wp-content\/uploads\/2025\/03\/img2.jpg 1200w\" sizes=\"auto, (max-width: 1024px) 100vw, 1024px\" \/><figcaption class=\"wp-element-caption\">Anal\u00fdza nehody 4.3.2025, posledn\u00e9 stopy dvojice z ly\u017eovania z V\u00e1hy<\/figcaption><\/figure>\n\n\n\n<figure class=\"wp-block-image size-large\"><img loading=\"lazy\" decoding=\"async\" width=\"1024\" height=\"767\" data-attachment-id=\"12994\" data-permalink=\"https:\/\/blog.laviny.sk\/?attachment_id=12994\" data-orig-file=\"https:\/\/blog.laviny.sk\/wp-content\/uploads\/2025\/03\/img3.jpg\" data-orig-size=\"1200,899\" data-comments-opened=\"1\" data-image-meta=\"{&quot;aperture&quot;:&quot;2.8&quot;,&quot;credit&quot;:&quot;&quot;,&quot;camera&quot;:&quot;FC2403&quot;,&quot;caption&quot;:&quot;default&quot;,&quot;created_timestamp&quot;:&quot;1741179508&quot;,&quot;copyright&quot;:&quot;&quot;,&quot;focal_length&quot;:&quot;4.5&quot;,&quot;iso&quot;:&quot;110&quot;,&quot;shutter_speed&quot;:&quot;0.00125&quot;,&quot;title&quot;:&quot;default&quot;,&quot;orientation&quot;:&quot;1&quot;}\" data-image-title=\"Anal\u00fdza nehody 4.3.2025,poh\u013ead na odtrh lav\u00edny\" data-image-description=\"\" data-image-caption=\"&lt;p&gt;Anal\u00fdza nehody 4.3.2025,poh\u013ead na odtrh lav\u00edny&lt;\/p&gt;\n\" data-large-file=\"https:\/\/blog.laviny.sk\/wp-content\/uploads\/2025\/03\/img3-1024x767.jpg\" data-id=\"12994\" src=\"https:\/\/blog.laviny.sk\/wp-content\/uploads\/2025\/03\/img3-1024x767.jpg\" alt=\"\" class=\"wp-image-12994\" srcset=\"https:\/\/blog.laviny.sk\/wp-content\/uploads\/2025\/03\/img3-1024x767.jpg 1024w, https:\/\/blog.laviny.sk\/wp-content\/uploads\/2025\/03\/img3-300x225.jpg 300w, https:\/\/blog.laviny.sk\/wp-content\/uploads\/2025\/03\/img3-768x575.jpg 768w, https:\/\/blog.laviny.sk\/wp-content\/uploads\/2025\/03\/img3.jpg 1200w\" sizes=\"auto, (max-width: 1024px) 100vw, 1024px\" \/><figcaption class=\"wp-element-caption\">Anal\u00fdza nehody 4.3.2025,poh\u013ead na odtrh lav\u00edny<\/figcaption><\/figure>\n\n\n\n<figure class=\"wp-block-image size-large\"><img loading=\"lazy\" decoding=\"async\" width=\"683\" height=\"1024\" data-attachment-id=\"12995\" data-permalink=\"https:\/\/blog.laviny.sk\/?attachment_id=12995\" data-orig-file=\"https:\/\/blog.laviny.sk\/wp-content\/uploads\/2025\/03\/img4.jpg\" data-orig-size=\"1200,1800\" data-comments-opened=\"1\" data-image-meta=\"{&quot;aperture&quot;:&quot;0&quot;,&quot;credit&quot;:&quot;&quot;,&quot;camera&quot;:&quot;&quot;,&quot;caption&quot;:&quot;&quot;,&quot;created_timestamp&quot;:&quot;0&quot;,&quot;copyright&quot;:&quot;&quot;,&quot;focal_length&quot;:&quot;0&quot;,&quot;iso&quot;:&quot;0&quot;,&quot;shutter_speed&quot;:&quot;0&quot;,&quot;title&quot;:&quot;&quot;,&quot;orientation&quot;:&quot;0&quot;}\" data-image-title=\"Anal\u00fdza nehody 4.3.2025, poh\u013ead na lav\u00ednu\" data-image-description=\"\" data-image-caption=\"&lt;p&gt;Anal\u00fdza nehody 4.3.2025, poh\u013ead na lav\u00ednu&lt;\/p&gt;\n\" data-large-file=\"https:\/\/blog.laviny.sk\/wp-content\/uploads\/2025\/03\/img4-683x1024.jpg\" data-id=\"12995\" src=\"https:\/\/blog.laviny.sk\/wp-content\/uploads\/2025\/03\/img4-683x1024.jpg\" alt=\"\" class=\"wp-image-12995\" srcset=\"https:\/\/blog.laviny.sk\/wp-content\/uploads\/2025\/03\/img4-683x1024.jpg 683w, https:\/\/blog.laviny.sk\/wp-content\/uploads\/2025\/03\/img4-200x300.jpg 200w, https:\/\/blog.laviny.sk\/wp-content\/uploads\/2025\/03\/img4-768x1152.jpg 768w, https:\/\/blog.laviny.sk\/wp-content\/uploads\/2025\/03\/img4-1024x1536.jpg 1024w, https:\/\/blog.laviny.sk\/wp-content\/uploads\/2025\/03\/img4.jpg 1200w\" sizes=\"auto, (max-width: 683px) 100vw, 683px\" \/><figcaption class=\"wp-element-caption\">Anal\u00fdza nehody 4.3.2025, poh\u013ead na lav\u00ednu<\/figcaption><\/figure>\n\n\n\n<figure class=\"wp-block-image size-large\"><img loading=\"lazy\" decoding=\"async\" width=\"1024\" height=\"767\" data-attachment-id=\"12996\" data-permalink=\"https:\/\/blog.laviny.sk\/?attachment_id=12996\" data-orig-file=\"https:\/\/blog.laviny.sk\/wp-content\/uploads\/2025\/03\/img5.jpg\" data-orig-size=\"1200,899\" data-comments-opened=\"1\" data-image-meta=\"{&quot;aperture&quot;:&quot;0&quot;,&quot;credit&quot;:&quot;&quot;,&quot;camera&quot;:&quot;&quot;,&quot;caption&quot;:&quot;&quot;,&quot;created_timestamp&quot;:&quot;0&quot;,&quot;copyright&quot;:&quot;&quot;,&quot;focal_length&quot;:&quot;0&quot;,&quot;iso&quot;:&quot;0&quot;,&quot;shutter_speed&quot;:&quot;0&quot;,&quot;title&quot;:&quot;&quot;,&quot;orientation&quot;:&quot;0&quot;}\" data-image-title=\"Anal\u00fdza nehody 4.3.2025,  odtrh dr\u00e1ha a n\u00e1nos lav\u00edny\" data-image-description=\"\" data-image-caption=\"&lt;p&gt;Anal\u00fdza nehody 4.3.2025,  odtrh dr\u00e1ha a n\u00e1nos lav\u00edny&lt;\/p&gt;\n\" data-large-file=\"https:\/\/blog.laviny.sk\/wp-content\/uploads\/2025\/03\/img5-1024x767.jpg\" data-id=\"12996\" src=\"https:\/\/blog.laviny.sk\/wp-content\/uploads\/2025\/03\/img5-1024x767.jpg\" alt=\"\" class=\"wp-image-12996\" srcset=\"https:\/\/blog.laviny.sk\/wp-content\/uploads\/2025\/03\/img5-1024x767.jpg 1024w, https:\/\/blog.laviny.sk\/wp-content\/uploads\/2025\/03\/img5-300x225.jpg 300w, https:\/\/blog.laviny.sk\/wp-content\/uploads\/2025\/03\/img5-768x575.jpg 768w, https:\/\/blog.laviny.sk\/wp-content\/uploads\/2025\/03\/img5.jpg 1200w\" sizes=\"auto, (max-width: 1024px) 100vw, 1024px\" \/><figcaption class=\"wp-element-caption\">Anal\u00fdza nehody 4.3.2025,  odtrh dr\u00e1ha a n\u00e1nos lav\u00edny<\/figcaption><\/figure>\n\n\n\n<figure class=\"wp-block-image size-large\"><img loading=\"lazy\" decoding=\"async\" width=\"770\" height=\"1024\" data-attachment-id=\"12997\" data-permalink=\"https:\/\/blog.laviny.sk\/?attachment_id=12997\" data-orig-file=\"https:\/\/blog.laviny.sk\/wp-content\/uploads\/2025\/03\/img6.jpg\" data-orig-size=\"1200,1596\" data-comments-opened=\"1\" data-image-meta=\"{&quot;aperture&quot;:&quot;0&quot;,&quot;credit&quot;:&quot;&quot;,&quot;camera&quot;:&quot;&quot;,&quot;caption&quot;:&quot;&quot;,&quot;created_timestamp&quot;:&quot;0&quot;,&quot;copyright&quot;:&quot;&quot;,&quot;focal_length&quot;:&quot;0&quot;,&quot;iso&quot;:&quot;0&quot;,&quot;shutter_speed&quot;:&quot;0&quot;,&quot;title&quot;:&quot;&quot;,&quot;orientation&quot;:&quot;0&quot;}\" data-image-title=\"Anal\u00fdza nehody 4.3.2025, odtrh, dr\u00e1ha lav\u00edny a n\u00e1nos\" data-image-description=\"\" data-image-caption=\"&lt;p&gt;Anal\u00fdza nehody 4.3.2025, odtrh, dr\u00e1ha lav\u00edny a n\u00e1nos&lt;\/p&gt;\n\" data-large-file=\"https:\/\/blog.laviny.sk\/wp-content\/uploads\/2025\/03\/img6-770x1024.jpg\" data-id=\"12997\" src=\"https:\/\/blog.laviny.sk\/wp-content\/uploads\/2025\/03\/img6-770x1024.jpg\" alt=\"\" class=\"wp-image-12997\" srcset=\"https:\/\/blog.laviny.sk\/wp-content\/uploads\/2025\/03\/img6-770x1024.jpg 770w, https:\/\/blog.laviny.sk\/wp-content\/uploads\/2025\/03\/img6-226x300.jpg 226w, https:\/\/blog.laviny.sk\/wp-content\/uploads\/2025\/03\/img6-768x1021.jpg 768w, https:\/\/blog.laviny.sk\/wp-content\/uploads\/2025\/03\/img6-1155x1536.jpg 1155w, https:\/\/blog.laviny.sk\/wp-content\/uploads\/2025\/03\/img6.jpg 1200w\" sizes=\"auto, (max-width: 770px) 100vw, 770px\" \/><figcaption class=\"wp-element-caption\">Anal\u00fdza nehody 4.3.2025, odtrh, dr\u00e1ha lav\u00edny a n\u00e1nos<\/figcaption><\/figure>\n\n\n\n<figure class=\"wp-block-image size-large\"><img loading=\"lazy\" decoding=\"async\" width=\"1024\" height=\"767\" data-attachment-id=\"12998\" data-permalink=\"https:\/\/blog.laviny.sk\/?attachment_id=12998\" data-orig-file=\"https:\/\/blog.laviny.sk\/wp-content\/uploads\/2025\/03\/img7.jpg\" data-orig-size=\"1200,899\" data-comments-opened=\"1\" data-image-meta=\"{&quot;aperture&quot;:&quot;2.8&quot;,&quot;credit&quot;:&quot;&quot;,&quot;camera&quot;:&quot;FC2403&quot;,&quot;caption&quot;:&quot;default&quot;,&quot;created_timestamp&quot;:&quot;1741181271&quot;,&quot;copyright&quot;:&quot;&quot;,&quot;focal_length&quot;:&quot;4.5&quot;,&quot;iso&quot;:&quot;100&quot;,&quot;shutter_speed&quot;:&quot;0.0015625&quot;,&quot;title&quot;:&quot;default&quot;,&quot;orientation&quot;:&quot;1&quot;}\" data-image-title=\"Anal\u00fdza nehody 4.3.2025, n\u00e1nos lav\u00edny\" data-image-description=\"\" data-image-caption=\"&lt;p&gt;Anal\u00fdza nehody 4.3.2025, n\u00e1nos lav\u00edny&lt;\/p&gt;\n\" data-large-file=\"https:\/\/blog.laviny.sk\/wp-content\/uploads\/2025\/03\/img7-1024x767.jpg\" data-id=\"12998\" src=\"https:\/\/blog.laviny.sk\/wp-content\/uploads\/2025\/03\/img7-1024x767.jpg\" alt=\"\" class=\"wp-image-12998\" srcset=\"https:\/\/blog.laviny.sk\/wp-content\/uploads\/2025\/03\/img7-1024x767.jpg 1024w, https:\/\/blog.laviny.sk\/wp-content\/uploads\/2025\/03\/img7-300x225.jpg 300w, https:\/\/blog.laviny.sk\/wp-content\/uploads\/2025\/03\/img7-768x575.jpg 768w, https:\/\/blog.laviny.sk\/wp-content\/uploads\/2025\/03\/img7.jpg 1200w\" sizes=\"auto, (max-width: 1024px) 100vw, 1024px\" \/><figcaption class=\"wp-element-caption\">Anal\u00fdza nehody 4.3.2025, n\u00e1nos lav\u00edny<\/figcaption><\/figure>\n\n\n\n<figure class=\"wp-block-image size-large\"><img loading=\"lazy\" decoding=\"async\" width=\"1024\" height=\"767\" data-attachment-id=\"12999\" data-permalink=\"https:\/\/blog.laviny.sk\/?attachment_id=12999\" data-orig-file=\"https:\/\/blog.laviny.sk\/wp-content\/uploads\/2025\/03\/img8.jpg\" data-orig-size=\"1200,899\" data-comments-opened=\"1\" data-image-meta=\"{&quot;aperture&quot;:&quot;2.8&quot;,&quot;credit&quot;:&quot;&quot;,&quot;camera&quot;:&quot;FC2403&quot;,&quot;caption&quot;:&quot;default&quot;,&quot;created_timestamp&quot;:&quot;1741179481&quot;,&quot;copyright&quot;:&quot;&quot;,&quot;focal_length&quot;:&quot;4.5&quot;,&quot;iso&quot;:&quot;110&quot;,&quot;shutter_speed&quot;:&quot;0.0015625&quot;,&quot;title&quot;:&quot;default&quot;,&quot;orientation&quot;:&quot;1&quot;}\" data-image-title=\"Anal\u00fdza nehody 4.3.2025, odtrh a dr\u00e1ha lav\u00edny\" data-image-description=\"\" data-image-caption=\"&lt;p&gt;Anal\u00fdza nehody 4.3.2025, odtrh a dr\u00e1ha lav\u00edny&lt;\/p&gt;\n\" data-large-file=\"https:\/\/blog.laviny.sk\/wp-content\/uploads\/2025\/03\/img8-1024x767.jpg\" data-id=\"12999\" src=\"https:\/\/blog.laviny.sk\/wp-content\/uploads\/2025\/03\/img8-1024x767.jpg\" alt=\"\" class=\"wp-image-12999\" srcset=\"https:\/\/blog.laviny.sk\/wp-content\/uploads\/2025\/03\/img8-1024x767.jpg 1024w, https:\/\/blog.laviny.sk\/wp-content\/uploads\/2025\/03\/img8-300x225.jpg 300w, https:\/\/blog.laviny.sk\/wp-content\/uploads\/2025\/03\/img8-768x575.jpg 768w, https:\/\/blog.laviny.sk\/wp-content\/uploads\/2025\/03\/img8.jpg 1200w\" sizes=\"auto, (max-width: 1024px) 100vw, 1024px\" \/><figcaption class=\"wp-element-caption\">Anal\u00fdza nehody 4.3.2025, odtrh a dr\u00e1ha lav\u00edny<\/figcaption><\/figure>\n\n\n\n<figure class=\"wp-block-image size-large\"><img loading=\"lazy\" decoding=\"async\" width=\"1024\" height=\"767\" data-attachment-id=\"13000\" data-permalink=\"https:\/\/blog.laviny.sk\/?attachment_id=13000\" data-orig-file=\"https:\/\/blog.laviny.sk\/wp-content\/uploads\/2025\/03\/img9.jpg\" data-orig-size=\"1200,899\" data-comments-opened=\"1\" data-image-meta=\"{&quot;aperture&quot;:&quot;2.8&quot;,&quot;credit&quot;:&quot;&quot;,&quot;camera&quot;:&quot;FC2403&quot;,&quot;caption&quot;:&quot;default&quot;,&quot;created_timestamp&quot;:&quot;1741179677&quot;,&quot;copyright&quot;:&quot;&quot;,&quot;focal_length&quot;:&quot;4.5&quot;,&quot;iso&quot;:&quot;100&quot;,&quot;shutter_speed&quot;:&quot;0.0015625&quot;,&quot;title&quot;:&quot;default&quot;,&quot;orientation&quot;:&quot;1&quot;}\" data-image-title=\"Anal\u00fdza nehody 4.3.2025, smer v\u00fdstupu a odtrh\" data-image-description=\"\" data-image-caption=\"&lt;p&gt;Anal\u00fdza nehody 4.3.2025, smer v\u00fdstupu a odtrh&lt;\/p&gt;\n\" data-large-file=\"https:\/\/blog.laviny.sk\/wp-content\/uploads\/2025\/03\/img9-1024x767.jpg\" data-id=\"13000\" src=\"https:\/\/blog.laviny.sk\/wp-content\/uploads\/2025\/03\/img9-1024x767.jpg\" alt=\"\" class=\"wp-image-13000\" srcset=\"https:\/\/blog.laviny.sk\/wp-content\/uploads\/2025\/03\/img9-1024x767.jpg 1024w, https:\/\/blog.laviny.sk\/wp-content\/uploads\/2025\/03\/img9-300x225.jpg 300w, https:\/\/blog.laviny.sk\/wp-content\/uploads\/2025\/03\/img9-768x575.jpg 768w, https:\/\/blog.laviny.sk\/wp-content\/uploads\/2025\/03\/img9.jpg 1200w\" sizes=\"auto, (max-width: 1024px) 100vw, 1024px\" \/><figcaption class=\"wp-element-caption\">Anal\u00fdza nehody 4.3.2025, smer v\u00fdstupu a odtrh<\/figcaption><\/figure>\n<\/figure>\n\n\n\n<p><\/p>\n\n\n\n<p><\/p>\n","protected":false},"excerpt":{"rendered":"<p>Prv\u00e1 tragick\u00e1 lav\u00ednov\u00e1 nehoda sez\u00f3ny 2024\/2025 sa stala 4.3.2025. Dalo by sa teda poveda\u0165, \u017ee v dobe, ke\u010f sa u\u017e zima pomaly prekl\u00e1pa na jar, snehov\u00e9 podmienky sa stabilizuj\u00fa, slnko je vy\u0161\u0161ie a de\u0148 dlh\u00fd. Je to \u010das, na ktor\u00fd \u010dak\u00e1 mnoho sk\u00fasen\u00fdch horalov, skialpinistov. Bohu\u017eia\u013e nie v\u017edy je doprian\u00e9 v\u0161etk\u00fdm sa vr\u00e1ti\u0165 do bezpe\u010dia&hellip;<\/p>\n","protected":false},"author":1,"featured_media":12997,"comment_status":"open","ping_status":"open","sticky":false,"template":"","format":"standard","meta":{"jetpack_post_was_ever_published":false,"_jetpack_newsletter_access":"","_jetpack_dont_email_post_to_subs":false,"_jetpack_newsletter_tier_id":0,"_jetpack_memberships_contains_paywalled_content":false,"_jetpack_memberships_contains_paid_content":false,"footnotes":"","jetpack_publicize_message":"","jetpack_publicize_feature_enabled":true,"jetpack_social_post_already_shared":true,"jetpack_social_options":{"image_generator_settings":{"template":"highway","default_image_id":0,"font":"","enabled":false},"version":2}},"categories":[2],"tags":[66,67,79,154,156,197],"class_list":["post-12979","post","type-post","status-publish","format-standard","has-post-thumbnail","hentry","category-lavinove-nehody","tag-lavina","tag-lavinova-nehoda","tag-laviny","tag-sneh","tag-snehova-pokryvka","tag-vysoke-tatry"],"jetpack_publicize_connections":[],"jetpack_featured_media_url":"https:\/\/blog.laviny.sk\/wp-content\/uploads\/2025\/03\/img6.jpg","jetpack_sharing_enabled":true,"jetpack_shortlink":"https:\/\/wp.me\/p8DxWh-3nl","jetpack-related-posts":[],"_links":{"self":[{"href":"https:\/\/blog.laviny.sk\/index.php?rest_route=\/wp\/v2\/posts\/12979","targetHints":{"allow":["GET"]}}],"collection":[{"href":"https:\/\/blog.laviny.sk\/index.php?rest_route=\/wp\/v2\/posts"}],"about":[{"href":"https:\/\/blog.laviny.sk\/index.php?rest_route=\/wp\/v2\/types\/post"}],"author":[{"embeddable":true,"href":"https:\/\/blog.laviny.sk\/index.php?rest_route=\/wp\/v2\/users\/1"}],"replies":[{"embeddable":true,"href":"https:\/\/blog.laviny.sk\/index.php?rest_route=%2Fwp%2Fv2%2Fcomments&post=12979"}],"version-history":[{"count":24,"href":"https:\/\/blog.laviny.sk\/index.php?rest_route=\/wp\/v2\/posts\/12979\/revisions"}],"predecessor-version":[{"id":13080,"href":"https:\/\/blog.laviny.sk\/index.php?rest_route=\/wp\/v2\/posts\/12979\/revisions\/13080"}],"wp:featuredmedia":[{"embeddable":true,"href":"https:\/\/blog.laviny.sk\/index.php?rest_route=\/wp\/v2\/media\/12997"}],"wp:attachment":[{"href":"https:\/\/blog.laviny.sk\/index.php?rest_route=%2Fwp%2Fv2%2Fmedia&parent=12979"}],"wp:term":[{"taxonomy":"category","embeddable":true,"href":"https:\/\/blog.laviny.sk\/index.php?rest_route=%2Fwp%2Fv2%2Fcategories&post=12979"},{"taxonomy":"post_tag","embeddable":true,"href":"https:\/\/blog.laviny.sk\/index.php?rest_route=%2Fwp%2Fv2%2Ftags&post=12979"}],"curies":[{"name":"wp","href":"https:\/\/api.w.org\/{rel}","templated":true}]}}