{"id":12974,"date":"2025-03-07T13:48:13","date_gmt":"2025-03-07T12:48:13","guid":{"rendered":"https:\/\/blog.laviny.sk\/?p=12974"},"modified":"2025-03-08T07:41:53","modified_gmt":"2025-03-08T06:41:53","slug":"priebeh-pocasia-a-lavinova-aktivita-28-2-7-3-2025","status":"publish","type":"post","link":"https:\/\/blog.laviny.sk\/?p=12974","title":{"rendered":"Priebeh po\u010dasia a lav\u00ednov\u00e1 aktivita 28.2. &#8211; 7.3.2025"},"content":{"rendered":"\n<p>V minul\u00fdch t\u00fd\u017ed\u0148och prevl\u00e1dalo v na\u0161ich hor\u00e1ch such\u00e9 a chladn\u00e9 po\u010dasie. V\u00e4\u010d\u0161inou to bola tlakov\u00e1 v\u00fd\u0161. Posledn\u00e9 relevantn\u00e9 sne\u017eenie nastalo 10-11.1.2025. d\u00f4sledok v\u00fdvoja po\u010dasia mal vplyv aj na stupe\u0148 lav\u00ednov\u00e9ho nebezpe\u010denstva. Od 21.1.2025 pretrv\u00e1val vo v\u0161etk\u00fdch v pohoriach Slovenska 1. stupe\u0148 lav\u00ednov\u00e9ho nebezpe\u010denstva.  Sneh bol stabilizovan\u00fd, na povrchu sa postupne vytvorila tvrd\u00e1 vrstva firnu, alebo a\u017e \u013eadu. Dlho o\u010dak\u00e1van\u00ed sne\u017eenie pri\u0161lo zo \u0161tvrtka na piatok (27. -28.2.2025). Zr\u00e1\u017eky pre\u0161li cel\u00fdm na\u0161\u00edm \u00fazem\u00edm postupne od z\u00e1padu na v\u00fdchod. Smer vetra bol spo\u010diatku ju\u017en\u00fd, no postupne sa zmenil na severoz\u00e1padn\u00fd. R\u00fdchlos\u0165 vetra bola n\u00edzka, \u010do u n\u00e1s pri sne\u017een\u00ed neb\u00fdva zvykom.<\/p>\n\n\n<div class=\"wp-block-image\">\n<figure class=\"aligncenter size-large\"><a href=\"https:\/\/blog.laviny.sk\/wp-content\/uploads\/2025\/03\/vietor-chopok-1.png\"><img loading=\"lazy\" decoding=\"async\" width=\"1024\" height=\"938\" data-attachment-id=\"12977\" data-permalink=\"https:\/\/blog.laviny.sk\/?attachment_id=12977#main\" data-orig-file=\"https:\/\/blog.laviny.sk\/wp-content\/uploads\/2025\/03\/vietor-chopok-1.png\" data-orig-size=\"1530,1402\" data-comments-opened=\"1\" data-image-meta=\"{&quot;aperture&quot;:&quot;0&quot;,&quot;credit&quot;:&quot;&quot;,&quot;camera&quot;:&quot;&quot;,&quot;caption&quot;:&quot;&quot;,&quot;created_timestamp&quot;:&quot;0&quot;,&quot;copyright&quot;:&quot;&quot;,&quot;focal_length&quot;:&quot;0&quot;,&quot;iso&quot;:&quot;0&quot;,&quot;shutter_speed&quot;:&quot;0&quot;,&quot;title&quot;:&quot;&quot;,&quot;orientation&quot;:&quot;0&quot;}\" data-image-title=\"vietor chopok\" data-image-description=\"\" data-image-caption=\"\" data-large-file=\"https:\/\/blog.laviny.sk\/wp-content\/uploads\/2025\/03\/vietor-chopok-1-1024x938.png\" src=\"https:\/\/blog.laviny.sk\/wp-content\/uploads\/2025\/03\/vietor-chopok-1-1024x938.png\" alt=\"\" class=\"wp-image-12977\" srcset=\"https:\/\/blog.laviny.sk\/wp-content\/uploads\/2025\/03\/vietor-chopok-1-1024x938.png 1024w, https:\/\/blog.laviny.sk\/wp-content\/uploads\/2025\/03\/vietor-chopok-1-300x275.png 300w, https:\/\/blog.laviny.sk\/wp-content\/uploads\/2025\/03\/vietor-chopok-1-768x704.png 768w, https:\/\/blog.laviny.sk\/wp-content\/uploads\/2025\/03\/vietor-chopok-1.png 1530w\" sizes=\"auto, (max-width: 1024px) 100vw, 1024px\" \/><\/a><figcaption class=\"wp-element-caption\"><em>Smer a r\u00fdchlos\u0165 vetra na Chopku v m\/s [zdroj: SHMU]<\/em><\/figcaption><\/figure>\n<\/div>\n\n\n<p>D\u00f4sledok bolo rovnomern\u00e9 rozlo\u017eenie snehu a pribli\u017en\u00fd pr\u00edrastok +20 cm. Stupe\u0148 lav\u00ednov\u00e9ho nebezpe\u010denstva vzr\u00e1stol na mierne &#8211; <a href=\"https:\/\/laviny.sk\/education\/danger-scale\">2.stupe\u0148<\/a>. Probl\u00e9mom bola nedostato\u010dn\u00e1 v\u00e4zba medzi starou stvrdnutou vrstvou star\u00e9ho snehu a novou vrstvou prachov\u00e9ho snehu. Navy\u0161e sa vplyvom predch\u00e1dzaj\u00facich n\u00edzkych tepl\u00f4t sa na rozhran\u00ed nov\u00e9ho a star\u00e9ho snehu vytvorila <a href=\"https:\/\/laviny.sk\/education\/avalanche-problems#persistent_weak_layers\">vrstva hranatozrnn\u00e9ho snehu<\/a>, obvzl\u00e1\u0161\u0165 na zatienen\u00fdch miestach severn\u00fdch expoz\u00edci\u00ed. To malo za n\u00e1sledok mno\u017estvo aj samovo\u013en\u00fdch lav\u00edn preva\u017ene na S sektore. Stabilita bola teda n\u00edzka, ve\u013ekos\u0165 lav\u00edn ale <a href=\"https:\/\/laviny.sk\/education\/avalanche-sizes\">mal\u00e1 alebo stredn\u00e1.<\/a><\/p>\n\n\n<div class=\"wp-block-image\">\n<figure class=\"aligncenter size-large\"><img loading=\"lazy\" decoding=\"async\" width=\"1024\" height=\"384\" data-attachment-id=\"13022\" data-permalink=\"https:\/\/blog.laviny.sk\/?attachment_id=13022#main\" data-orig-file=\"https:\/\/blog.laviny.sk\/wp-content\/uploads\/2025\/03\/deresky_kotol_zmena_vysky_snehu_2025-02-28_2025-03_02.png\" data-orig-size=\"1200,450\" data-comments-opened=\"1\" data-image-meta=\"{&quot;aperture&quot;:&quot;0&quot;,&quot;credit&quot;:&quot;&quot;,&quot;camera&quot;:&quot;&quot;,&quot;caption&quot;:&quot;&quot;,&quot;created_timestamp&quot;:&quot;0&quot;,&quot;copyright&quot;:&quot;&quot;,&quot;focal_length&quot;:&quot;0&quot;,&quot;iso&quot;:&quot;0&quot;,&quot;shutter_speed&quot;:&quot;0&quot;,&quot;title&quot;:&quot;&quot;,&quot;orientation&quot;:&quot;0&quot;}\" data-image-title=\"V\u00fdvoj v\u00fd\u0161ky snehovej pokr\u00fdvky na AMS Dere\u0161sk\u00fd kotol od 2025-02-27 po 2025-03_02\" data-image-description=\"\" data-image-caption=\"\" data-large-file=\"https:\/\/blog.laviny.sk\/wp-content\/uploads\/2025\/03\/deresky_kotol_zmena_vysky_snehu_2025-02-28_2025-03_02-1024x384.png\" src=\"https:\/\/blog.laviny.sk\/wp-content\/uploads\/2025\/03\/deresky_kotol_zmena_vysky_snehu_2025-02-28_2025-03_02-1024x384.png\" alt=\"\" class=\"wp-image-13022\" srcset=\"https:\/\/blog.laviny.sk\/wp-content\/uploads\/2025\/03\/deresky_kotol_zmena_vysky_snehu_2025-02-28_2025-03_02-1024x384.png 1024w, https:\/\/blog.laviny.sk\/wp-content\/uploads\/2025\/03\/deresky_kotol_zmena_vysky_snehu_2025-02-28_2025-03_02-300x113.png 300w, https:\/\/blog.laviny.sk\/wp-content\/uploads\/2025\/03\/deresky_kotol_zmena_vysky_snehu_2025-02-28_2025-03_02-768x288.png 768w, https:\/\/blog.laviny.sk\/wp-content\/uploads\/2025\/03\/deresky_kotol_zmena_vysky_snehu_2025-02-28_2025-03_02.png 1200w\" sizes=\"auto, (max-width: 1024px) 100vw, 1024px\" \/><figcaption class=\"wp-element-caption\"><em>N\u00edzke Tatry v\u00fdvoj v\u00fd\u0161ky snehovej pokr\u00fdvky v cm na AMS Dere\u0161sk\u00fd kotol 1625 m n.m. od 27.2.2025 po 2.3.2025<\/em><\/figcaption><\/figure>\n<\/div>\n\n<div class=\"wp-block-image\">\n<figure class=\"aligncenter size-large\"><img loading=\"lazy\" decoding=\"async\" width=\"1024\" height=\"384\" data-attachment-id=\"13025\" data-permalink=\"https:\/\/blog.laviny.sk\/?attachment_id=13025#main\" data-orig-file=\"https:\/\/blog.laviny.sk\/wp-content\/uploads\/2025\/03\/Ladove_pleso_zmena_vysky_snehu_2025_02_27-2025_03_01.png\" data-orig-size=\"1200,450\" data-comments-opened=\"1\" data-image-meta=\"{&quot;aperture&quot;:&quot;0&quot;,&quot;credit&quot;:&quot;&quot;,&quot;camera&quot;:&quot;&quot;,&quot;caption&quot;:&quot;&quot;,&quot;created_timestamp&quot;:&quot;0&quot;,&quot;copyright&quot;:&quot;&quot;,&quot;focal_length&quot;:&quot;0&quot;,&quot;iso&quot;:&quot;0&quot;,&quot;shutter_speed&quot;:&quot;0&quot;,&quot;title&quot;:&quot;&quot;,&quot;orientation&quot;:&quot;0&quot;}\" data-image-title=\"\u013dadov\u00e9 pleso, Zmena v\u00fd\u0161ky snehu od 2025-02-27 po 2025_03_01\" data-image-description=\"\" data-image-caption=\"\" data-large-file=\"https:\/\/blog.laviny.sk\/wp-content\/uploads\/2025\/03\/Ladove_pleso_zmena_vysky_snehu_2025_02_27-2025_03_01-1024x384.png\" src=\"https:\/\/blog.laviny.sk\/wp-content\/uploads\/2025\/03\/Ladove_pleso_zmena_vysky_snehu_2025_02_27-2025_03_01-1024x384.png\" alt=\"\" class=\"wp-image-13025\" srcset=\"https:\/\/blog.laviny.sk\/wp-content\/uploads\/2025\/03\/Ladove_pleso_zmena_vysky_snehu_2025_02_27-2025_03_01-1024x384.png 1024w, https:\/\/blog.laviny.sk\/wp-content\/uploads\/2025\/03\/Ladove_pleso_zmena_vysky_snehu_2025_02_27-2025_03_01-300x113.png 300w, https:\/\/blog.laviny.sk\/wp-content\/uploads\/2025\/03\/Ladove_pleso_zmena_vysky_snehu_2025_02_27-2025_03_01-768x288.png 768w, https:\/\/blog.laviny.sk\/wp-content\/uploads\/2025\/03\/Ladove_pleso_zmena_vysky_snehu_2025_02_27-2025_03_01.png 1200w\" sizes=\"auto, (max-width: 1024px) 100vw, 1024px\" \/><figcaption class=\"wp-element-caption\"><em>Vysok\u00e9 Tatry, v\u00fdvoj v\u00fd\u0161ky snehovej pokr\u00fdvky v cm na AMS \u013dadov\u00e9 pleso 2063 m n.m. od 27.02.2025 po 1.3.2025<\/em><\/figcaption><\/figure>\n<\/div>\n\n\n<p>Zatia\u013e \u010do na juhu sa sneh za\u010dal takmer okam\u017eite prer\u00e1ba\u0165, na severnom sektore probl\u00e9m pretrv\u00e1val. Postupne boli zaznamenan\u00e9 viacer\u00e9 lav\u00edny a v\u00fdrazne st\u00fapol po\u010det neh\u00f4d.<\/p>\n\n\n\n<p><strong>Piatok 28.2.2025<\/strong><\/p>\n\n\n\n<p>V piatok boli zaznamenan\u00e9 viacer\u00e9 lav\u00edny, napr\u00edklad v \u013eadop\u00e1de Patria, v N\u00edzkych Tatr\u00e1ch v Dere\u0161skom kotli. Pri t\u00fdchto lav\u00ednach boli vo viacer\u00fdch pr\u00edpadoch strhnut\u00ed aj \u013eudia. Vzh\u013eadom na ve\u013ekos\u0165 lav\u00edn predstavovalo hlavn\u00e9 riziko strhnutie os\u00f4b do exponovan\u00e9ho skaln\u00e9ho ter\u00e9nu, z ktor\u00e9ho museli by\u0165 vypros\u0165ovan\u00ed. Stredisko lav\u00ednovej prevencie vyd\u00e1valo varovanie o nestabiln\u00fdch podmienkach.<\/p>\n\n\n\n<figure class=\"wp-block-gallery aligncenter has-nested-images columns-default is-cropped wp-block-gallery-1 is-layout-flex wp-block-gallery-is-layout-flex\">\n<figure class=\"wp-block-image size-large\"><img loading=\"lazy\" decoding=\"async\" width=\"768\" height=\"1024\" data-attachment-id=\"13038\" data-permalink=\"https:\/\/blog.laviny.sk\/?attachment_id=13038#main\" data-orig-file=\"https:\/\/blog.laviny.sk\/wp-content\/uploads\/2025\/03\/2025-02-28_VT_nanos_Patria.jpg\" data-orig-size=\"1200,1600\" data-comments-opened=\"1\" data-image-meta=\"{&quot;aperture&quot;:&quot;0&quot;,&quot;credit&quot;:&quot;&quot;,&quot;camera&quot;:&quot;&quot;,&quot;caption&quot;:&quot;&quot;,&quot;created_timestamp&quot;:&quot;0&quot;,&quot;copyright&quot;:&quot;&quot;,&quot;focal_length&quot;:&quot;0&quot;,&quot;iso&quot;:&quot;0&quot;,&quot;shutter_speed&quot;:&quot;0&quot;,&quot;title&quot;:&quot;&quot;,&quot;orientation&quot;:&quot;0&quot;}\" data-image-title=\"2025-02-28_Vysok\u00e9 Tatry n\u00e1nos lav\u00edny z \u013eadu Patrie\" data-image-description=\"\" data-image-caption=\"&lt;p&gt;28.2.2025, Vysok\u00e9 Tatry, n\u00e1nos lav\u00edny z \u013eadu Patrie&lt;\/p&gt;\n\" data-large-file=\"https:\/\/blog.laviny.sk\/wp-content\/uploads\/2025\/03\/2025-02-28_VT_nanos_Patria-768x1024.jpg\" data-id=\"13038\" src=\"https:\/\/blog.laviny.sk\/wp-content\/uploads\/2025\/03\/2025-02-28_VT_nanos_Patria-768x1024.jpg\" alt=\"\" class=\"wp-image-13038\" srcset=\"https:\/\/blog.laviny.sk\/wp-content\/uploads\/2025\/03\/2025-02-28_VT_nanos_Patria-768x1024.jpg 768w, https:\/\/blog.laviny.sk\/wp-content\/uploads\/2025\/03\/2025-02-28_VT_nanos_Patria-225x300.jpg 225w, https:\/\/blog.laviny.sk\/wp-content\/uploads\/2025\/03\/2025-02-28_VT_nanos_Patria-1152x1536.jpg 1152w, https:\/\/blog.laviny.sk\/wp-content\/uploads\/2025\/03\/2025-02-28_VT_nanos_Patria.jpg 1200w\" sizes=\"auto, (max-width: 768px) 100vw, 768px\" \/><figcaption class=\"wp-element-caption\">28.2.2025, Vysok\u00e9 Tatry, n\u00e1nos lav\u00edny z \u013eadu Patrie<\/figcaption><\/figure>\n\n\n\n<figure class=\"wp-block-image size-large\"><img loading=\"lazy\" decoding=\"async\" width=\"1024\" height=\"768\" data-attachment-id=\"13037\" data-permalink=\"https:\/\/blog.laviny.sk\/?attachment_id=13037#main\" data-orig-file=\"https:\/\/blog.laviny.sk\/wp-content\/uploads\/2025\/03\/2025-02-28_NT_Derese2.jpg\" data-orig-size=\"1200,900\" data-comments-opened=\"1\" data-image-meta=\"{&quot;aperture&quot;:&quot;0&quot;,&quot;credit&quot;:&quot;&quot;,&quot;camera&quot;:&quot;&quot;,&quot;caption&quot;:&quot;&quot;,&quot;created_timestamp&quot;:&quot;0&quot;,&quot;copyright&quot;:&quot;&quot;,&quot;focal_length&quot;:&quot;0&quot;,&quot;iso&quot;:&quot;0&quot;,&quot;shutter_speed&quot;:&quot;0&quot;,&quot;title&quot;:&quot;&quot;,&quot;orientation&quot;:&quot;0&quot;}\" data-image-title=\"2025-02-28_N\u00edzke Tatra, lav\u00edny v Dere\u0161och\" data-image-description=\"\" data-image-caption=\"&lt;p&gt;28.2.2025, N\u00edzke Tatry,lav\u00edna, Dere\u0161sk\u00fd kotol&lt;\/p&gt;\n\" data-large-file=\"https:\/\/blog.laviny.sk\/wp-content\/uploads\/2025\/03\/2025-02-28_NT_Derese2-1024x768.jpg\" data-id=\"13037\" src=\"https:\/\/blog.laviny.sk\/wp-content\/uploads\/2025\/03\/2025-02-28_NT_Derese2-1024x768.jpg\" alt=\"\" class=\"wp-image-13037\" srcset=\"https:\/\/blog.laviny.sk\/wp-content\/uploads\/2025\/03\/2025-02-28_NT_Derese2-1024x768.jpg 1024w, https:\/\/blog.laviny.sk\/wp-content\/uploads\/2025\/03\/2025-02-28_NT_Derese2-300x225.jpg 300w, https:\/\/blog.laviny.sk\/wp-content\/uploads\/2025\/03\/2025-02-28_NT_Derese2-768x576.jpg 768w, https:\/\/blog.laviny.sk\/wp-content\/uploads\/2025\/03\/2025-02-28_NT_Derese2.jpg 1200w\" sizes=\"auto, (max-width: 1024px) 100vw, 1024px\" \/><figcaption class=\"wp-element-caption\">28.2.2025, N\u00edzke Tatry,lav\u00edna, Dere\u0161sk\u00fd kotol<\/figcaption><\/figure>\n\n\n\n<figure class=\"wp-block-image size-large\"><img loading=\"lazy\" decoding=\"async\" width=\"1024\" height=\"768\" data-attachment-id=\"13036\" data-permalink=\"https:\/\/blog.laviny.sk\/?attachment_id=13036#main\" data-orig-file=\"https:\/\/blog.laviny.sk\/wp-content\/uploads\/2025\/03\/2025-02-28_VT_Popradsky_hreben__kopky.jpg\" data-orig-size=\"1200,900\" data-comments-opened=\"1\" data-image-meta=\"{&quot;aperture&quot;:&quot;6.3&quot;,&quot;credit&quot;:&quot;&quot;,&quot;camera&quot;:&quot;DMC-TZ70&quot;,&quot;caption&quot;:&quot;&quot;,&quot;created_timestamp&quot;:&quot;1740832448&quot;,&quot;copyright&quot;:&quot;&quot;,&quot;focal_length&quot;:&quot;24.2&quot;,&quot;iso&quot;:&quot;80&quot;,&quot;shutter_speed&quot;:&quot;0.0005&quot;,&quot;title&quot;:&quot;&quot;,&quot;orientation&quot;:&quot;1&quot;}\" data-image-title=\"2025-02-28 Vysok\u00e9 Tatry, Popradsk\u00fd Hrebe\u0148, K\u00f4pky\" data-image-description=\"\" data-image-caption=\"&lt;p&gt;28.2.2025, Vysok\u00e9 Tatry, Popradsk\u00fd hrebe\u0148, K\u00f4pky&lt;\/p&gt;\n\" data-large-file=\"https:\/\/blog.laviny.sk\/wp-content\/uploads\/2025\/03\/2025-02-28_VT_Popradsky_hreben__kopky-1024x768.jpg\" data-id=\"13036\" src=\"https:\/\/blog.laviny.sk\/wp-content\/uploads\/2025\/03\/2025-02-28_VT_Popradsky_hreben__kopky-1024x768.jpg\" alt=\"\" class=\"wp-image-13036\" srcset=\"https:\/\/blog.laviny.sk\/wp-content\/uploads\/2025\/03\/2025-02-28_VT_Popradsky_hreben__kopky-1024x768.jpg 1024w, https:\/\/blog.laviny.sk\/wp-content\/uploads\/2025\/03\/2025-02-28_VT_Popradsky_hreben__kopky-300x225.jpg 300w, https:\/\/blog.laviny.sk\/wp-content\/uploads\/2025\/03\/2025-02-28_VT_Popradsky_hreben__kopky-768x576.jpg 768w, https:\/\/blog.laviny.sk\/wp-content\/uploads\/2025\/03\/2025-02-28_VT_Popradsky_hreben__kopky.jpg 1200w\" sizes=\"auto, (max-width: 1024px) 100vw, 1024px\" \/><figcaption class=\"wp-element-caption\">28.2.2025, Vysok\u00e9 Tatry, Popradsk\u00fd hrebe\u0148, K\u00f4pky<\/figcaption><\/figure>\n\n\n\n<figure class=\"wp-block-image size-large\"><img loading=\"lazy\" decoding=\"async\" width=\"1024\" height=\"768\" data-attachment-id=\"13035\" data-permalink=\"https:\/\/blog.laviny.sk\/?attachment_id=13035#main\" data-orig-file=\"https:\/\/blog.laviny.sk\/wp-content\/uploads\/2025\/03\/2025-02-28_NT_Derese.jpg\" data-orig-size=\"1200,900\" data-comments-opened=\"1\" data-image-meta=\"{&quot;aperture&quot;:&quot;2.4&quot;,&quot;credit&quot;:&quot;&quot;,&quot;camera&quot;:&quot;Galaxy S23&quot;,&quot;caption&quot;:&quot;&quot;,&quot;created_timestamp&quot;:&quot;1740743519&quot;,&quot;copyright&quot;:&quot;&quot;,&quot;focal_length&quot;:&quot;7&quot;,&quot;iso&quot;:&quot;25&quot;,&quot;shutter_speed&quot;:&quot;0.00016262806960481&quot;,&quot;title&quot;:&quot;&quot;,&quot;orientation&quot;:&quot;1&quot;}\" data-image-title=\"2025-02-28_N\u00edzke Tatra, lav\u00edny Dere\u0161sk\u00fd Kotol\" data-image-description=\"\" data-image-caption=\"&lt;p&gt;28.2.2025, N\u00edzke Tatry, lav\u00edny, dere\u0161sk\u00fd kotol&lt;\/p&gt;\n\" data-large-file=\"https:\/\/blog.laviny.sk\/wp-content\/uploads\/2025\/03\/2025-02-28_NT_Derese-1024x768.jpg\" data-id=\"13035\" src=\"https:\/\/blog.laviny.sk\/wp-content\/uploads\/2025\/03\/2025-02-28_NT_Derese-1024x768.jpg\" alt=\"\" class=\"wp-image-13035\" srcset=\"https:\/\/blog.laviny.sk\/wp-content\/uploads\/2025\/03\/2025-02-28_NT_Derese-1024x768.jpg 1024w, https:\/\/blog.laviny.sk\/wp-content\/uploads\/2025\/03\/2025-02-28_NT_Derese-300x225.jpg 300w, https:\/\/blog.laviny.sk\/wp-content\/uploads\/2025\/03\/2025-02-28_NT_Derese-768x576.jpg 768w, https:\/\/blog.laviny.sk\/wp-content\/uploads\/2025\/03\/2025-02-28_NT_Derese.jpg 1200w\" sizes=\"auto, (max-width: 1024px) 100vw, 1024px\" \/><figcaption class=\"wp-element-caption\">28.2.2025, N\u00edzke Tatry, lav\u00edny, dere\u0161sk\u00fd kotol<\/figcaption><\/figure>\n\n\n\n<figure class=\"wp-block-image size-large\"><img loading=\"lazy\" decoding=\"async\" width=\"768\" height=\"1024\" data-attachment-id=\"13034\" data-permalink=\"https:\/\/blog.laviny.sk\/?attachment_id=13034#main\" data-orig-file=\"https:\/\/blog.laviny.sk\/wp-content\/uploads\/2025\/03\/2025-02-28_NT_Derese_trvalo_slaba_vrstva.jpg\" data-orig-size=\"1200,1600\" data-comments-opened=\"1\" data-image-meta=\"{&quot;aperture&quot;:&quot;0&quot;,&quot;credit&quot;:&quot;&quot;,&quot;camera&quot;:&quot;&quot;,&quot;caption&quot;:&quot;&quot;,&quot;created_timestamp&quot;:&quot;0&quot;,&quot;copyright&quot;:&quot;&quot;,&quot;focal_length&quot;:&quot;0&quot;,&quot;iso&quot;:&quot;0&quot;,&quot;shutter_speed&quot;:&quot;0&quot;,&quot;title&quot;:&quot;&quot;,&quot;orientation&quot;:&quot;0&quot;}\" data-image-title=\"2025-02-28 N\u00edzke Tatry, trvalo slab\u00e1 vrstva\" data-image-description=\"\" data-image-caption=\"&lt;p&gt;28.2.2025, N\u00edzke Tatry, trvalo slab\u00e1 vrstva&lt;\/p&gt;\n\" data-large-file=\"https:\/\/blog.laviny.sk\/wp-content\/uploads\/2025\/03\/2025-02-28_NT_Derese_trvalo_slaba_vrstva-768x1024.jpg\" data-id=\"13034\" src=\"https:\/\/blog.laviny.sk\/wp-content\/uploads\/2025\/03\/2025-02-28_NT_Derese_trvalo_slaba_vrstva-768x1024.jpg\" alt=\"\" class=\"wp-image-13034\" srcset=\"https:\/\/blog.laviny.sk\/wp-content\/uploads\/2025\/03\/2025-02-28_NT_Derese_trvalo_slaba_vrstva-768x1024.jpg 768w, https:\/\/blog.laviny.sk\/wp-content\/uploads\/2025\/03\/2025-02-28_NT_Derese_trvalo_slaba_vrstva-225x300.jpg 225w, https:\/\/blog.laviny.sk\/wp-content\/uploads\/2025\/03\/2025-02-28_NT_Derese_trvalo_slaba_vrstva-1152x1536.jpg 1152w, https:\/\/blog.laviny.sk\/wp-content\/uploads\/2025\/03\/2025-02-28_NT_Derese_trvalo_slaba_vrstva.jpg 1200w\" sizes=\"auto, (max-width: 768px) 100vw, 768px\" \/><figcaption class=\"wp-element-caption\">28.2.2025, N\u00edzke Tatry, trvalo slab\u00e1 vrstva<\/figcaption><\/figure>\n\n\n\n<figure class=\"wp-block-image size-large\"><img loading=\"lazy\" decoding=\"async\" width=\"768\" height=\"1024\" data-attachment-id=\"13033\" data-permalink=\"https:\/\/blog.laviny.sk\/?attachment_id=13033#main\" data-orig-file=\"https:\/\/blog.laviny.sk\/wp-content\/uploads\/2025\/03\/2025-02-28_NT_Derese_trhlina.jpg\" data-orig-size=\"1200,1600\" data-comments-opened=\"1\" data-image-meta=\"{&quot;aperture&quot;:&quot;0&quot;,&quot;credit&quot;:&quot;&quot;,&quot;camera&quot;:&quot;&quot;,&quot;caption&quot;:&quot;&quot;,&quot;created_timestamp&quot;:&quot;0&quot;,&quot;copyright&quot;:&quot;&quot;,&quot;focal_length&quot;:&quot;0&quot;,&quot;iso&quot;:&quot;0&quot;,&quot;shutter_speed&quot;:&quot;0&quot;,&quot;title&quot;:&quot;&quot;,&quot;orientation&quot;:&quot;0&quot;}\" data-image-title=\"2025-02-28 N\u00edzke Tatry dere\u0161e, trhliny\" data-image-description=\"\" data-image-caption=\"&lt;p&gt;28.2.2025, N\u00edzke Tatry, Dere\u0161sk\u00fd Kotol, praskliny&lt;\/p&gt;\n\" data-large-file=\"https:\/\/blog.laviny.sk\/wp-content\/uploads\/2025\/03\/2025-02-28_NT_Derese_trhlina-768x1024.jpg\" data-id=\"13033\" src=\"https:\/\/blog.laviny.sk\/wp-content\/uploads\/2025\/03\/2025-02-28_NT_Derese_trhlina-768x1024.jpg\" alt=\"\" class=\"wp-image-13033\" srcset=\"https:\/\/blog.laviny.sk\/wp-content\/uploads\/2025\/03\/2025-02-28_NT_Derese_trhlina-768x1024.jpg 768w, https:\/\/blog.laviny.sk\/wp-content\/uploads\/2025\/03\/2025-02-28_NT_Derese_trhlina-225x300.jpg 225w, https:\/\/blog.laviny.sk\/wp-content\/uploads\/2025\/03\/2025-02-28_NT_Derese_trhlina-1152x1536.jpg 1152w, https:\/\/blog.laviny.sk\/wp-content\/uploads\/2025\/03\/2025-02-28_NT_Derese_trhlina.jpg 1200w\" sizes=\"auto, (max-width: 768px) 100vw, 768px\" \/><figcaption class=\"wp-element-caption\">28.2.2025, N\u00edzke Tatry, Dere\u0161sk\u00fd Kotol, praskliny<\/figcaption><\/figure>\n<\/figure>\n\n\n\n<p><strong>Sobota 1.3.2025<\/strong><\/p>\n\n\n\n<p>Situ\u00e1cia sa opakovala v sobotu , ke\u010f boli zaznamenan\u00e9 \u010fal\u0161ie lav\u00edny. 1 osobu strhla lav\u00edna do Dere\u0161sk\u00e9ho kotla na severnej strane Chopku. \u010eal\u0161ia lav\u00edna spadla vo Ve\u013ekom Mlyn\u00e1rovom \u017e\u013eabe v Bielovodskej doline na severnej strane Tatier, kde takmer \u00faplne zasypala 1 osobu. <\/p>\n\n\n\n<figure class=\"wp-block-gallery has-nested-images columns-default is-cropped wp-block-gallery-2 is-layout-flex wp-block-gallery-is-layout-flex\">\n<figure class=\"wp-block-image size-large\"><img loading=\"lazy\" decoding=\"async\" width=\"768\" height=\"1024\" data-attachment-id=\"13045\" data-permalink=\"https:\/\/blog.laviny.sk\/?attachment_id=13045\" data-orig-file=\"https:\/\/blog.laviny.sk\/wp-content\/uploads\/2025\/03\/1_3_2025-Vysoke-Tatry-nanos-laviny-v-Mlynarovom-zlabe.jpg\" data-orig-size=\"1200,1600\" data-comments-opened=\"1\" data-image-meta=\"{&quot;aperture&quot;:&quot;0&quot;,&quot;credit&quot;:&quot;&quot;,&quot;camera&quot;:&quot;&quot;,&quot;caption&quot;:&quot;&quot;,&quot;created_timestamp&quot;:&quot;0&quot;,&quot;copyright&quot;:&quot;&quot;,&quot;focal_length&quot;:&quot;0&quot;,&quot;iso&quot;:&quot;0&quot;,&quot;shutter_speed&quot;:&quot;0&quot;,&quot;title&quot;:&quot;&quot;,&quot;orientation&quot;:&quot;0&quot;}\" data-image-title=\"1_3_2025 Vysok\u00e9 Tatry, n\u00e1nos lav\u00edny v Mlyn\u00e1rovom \u017elabe a miesto vykopania\" data-image-description=\"\" data-image-caption=\"&lt;p&gt;1.3.2025, Vysok\u00e9 Tatry, Ve\u013ek\u00fd Mlyn\u00e1rov \u017e\u013eab, n\u00e1nos lav\u00edny a miesto vykopania&lt;\/p&gt;\n\" data-large-file=\"https:\/\/blog.laviny.sk\/wp-content\/uploads\/2025\/03\/1_3_2025-Vysoke-Tatry-nanos-laviny-v-Mlynarovom-zlabe-768x1024.jpg\" data-id=\"13045\" src=\"https:\/\/blog.laviny.sk\/wp-content\/uploads\/2025\/03\/1_3_2025-Vysoke-Tatry-nanos-laviny-v-Mlynarovom-zlabe-768x1024.jpg\" alt=\"\" class=\"wp-image-13045\" srcset=\"https:\/\/blog.laviny.sk\/wp-content\/uploads\/2025\/03\/1_3_2025-Vysoke-Tatry-nanos-laviny-v-Mlynarovom-zlabe-768x1024.jpg 768w, https:\/\/blog.laviny.sk\/wp-content\/uploads\/2025\/03\/1_3_2025-Vysoke-Tatry-nanos-laviny-v-Mlynarovom-zlabe-225x300.jpg 225w, https:\/\/blog.laviny.sk\/wp-content\/uploads\/2025\/03\/1_3_2025-Vysoke-Tatry-nanos-laviny-v-Mlynarovom-zlabe-1152x1536.jpg 1152w, https:\/\/blog.laviny.sk\/wp-content\/uploads\/2025\/03\/1_3_2025-Vysoke-Tatry-nanos-laviny-v-Mlynarovom-zlabe.jpg 1200w\" sizes=\"auto, (max-width: 768px) 100vw, 768px\" \/><figcaption class=\"wp-element-caption\">1.3.2025, Vysok\u00e9 Tatry, Ve\u013ek\u00fd Mlyn\u00e1rov \u017e\u013eab, n\u00e1nos lav\u00edny a miesto vykopania<\/figcaption><\/figure>\n\n\n\n<figure class=\"wp-block-image size-large\"><img loading=\"lazy\" decoding=\"async\" width=\"1024\" height=\"768\" data-attachment-id=\"13044\" data-permalink=\"https:\/\/blog.laviny.sk\/?attachment_id=13044\" data-orig-file=\"https:\/\/blog.laviny.sk\/wp-content\/uploads\/2025\/03\/1_3_2025-Nizke-Tatry-zachranna-akcia-strhnuteho-lavinou-do-deresskeho-kotla3.jpg\" data-orig-size=\"1200,900\" data-comments-opened=\"1\" data-image-meta=\"{&quot;aperture&quot;:&quot;0&quot;,&quot;credit&quot;:&quot;&quot;,&quot;camera&quot;:&quot;&quot;,&quot;caption&quot;:&quot;&quot;,&quot;created_timestamp&quot;:&quot;0&quot;,&quot;copyright&quot;:&quot;&quot;,&quot;focal_length&quot;:&quot;0&quot;,&quot;iso&quot;:&quot;0&quot;,&quot;shutter_speed&quot;:&quot;0&quot;,&quot;title&quot;:&quot;&quot;,&quot;orientation&quot;:&quot;0&quot;}\" data-image-title=\"1_3_2025 N\u00edzke Tatry, z\u00e1chrann\u00e1 akcia, kryhy po\u010das spustu do Deres\u0161k\u00e9ho kotla\" data-image-description=\"\" data-image-caption=\"&lt;p&gt;1.3.2025, N\u00edzke Tatry, kryhy po\u010das spustu na z\u00e1chrann\u00fa akciu&lt;\/p&gt;\n\" data-large-file=\"https:\/\/blog.laviny.sk\/wp-content\/uploads\/2025\/03\/1_3_2025-Nizke-Tatry-zachranna-akcia-strhnuteho-lavinou-do-deresskeho-kotla3-1024x768.jpg\" data-id=\"13044\" src=\"https:\/\/blog.laviny.sk\/wp-content\/uploads\/2025\/03\/1_3_2025-Nizke-Tatry-zachranna-akcia-strhnuteho-lavinou-do-deresskeho-kotla3-1024x768.jpg\" alt=\"\" class=\"wp-image-13044\" srcset=\"https:\/\/blog.laviny.sk\/wp-content\/uploads\/2025\/03\/1_3_2025-Nizke-Tatry-zachranna-akcia-strhnuteho-lavinou-do-deresskeho-kotla3-1024x768.jpg 1024w, https:\/\/blog.laviny.sk\/wp-content\/uploads\/2025\/03\/1_3_2025-Nizke-Tatry-zachranna-akcia-strhnuteho-lavinou-do-deresskeho-kotla3-300x225.jpg 300w, https:\/\/blog.laviny.sk\/wp-content\/uploads\/2025\/03\/1_3_2025-Nizke-Tatry-zachranna-akcia-strhnuteho-lavinou-do-deresskeho-kotla3-768x576.jpg 768w, https:\/\/blog.laviny.sk\/wp-content\/uploads\/2025\/03\/1_3_2025-Nizke-Tatry-zachranna-akcia-strhnuteho-lavinou-do-deresskeho-kotla3.jpg 1200w\" sizes=\"auto, (max-width: 1024px) 100vw, 1024px\" \/><figcaption class=\"wp-element-caption\">1.3.2025, N\u00edzke Tatry, kryhy po\u010das spustu na z\u00e1chrann\u00fa akciu<\/figcaption><\/figure>\n\n\n\n<figure class=\"wp-block-image size-large\"><img loading=\"lazy\" decoding=\"async\" width=\"768\" height=\"1024\" data-attachment-id=\"13043\" data-permalink=\"https:\/\/blog.laviny.sk\/?attachment_id=13043\" data-orig-file=\"https:\/\/blog.laviny.sk\/wp-content\/uploads\/2025\/03\/1_3_2025-Nizke-Tatry-zachranna-akcia-strhnuteho-lavinou-do-deresskeho-kotla2.jpg\" data-orig-size=\"1200,1600\" data-comments-opened=\"1\" data-image-meta=\"{&quot;aperture&quot;:&quot;0&quot;,&quot;credit&quot;:&quot;&quot;,&quot;camera&quot;:&quot;&quot;,&quot;caption&quot;:&quot;&quot;,&quot;created_timestamp&quot;:&quot;0&quot;,&quot;copyright&quot;:&quot;&quot;,&quot;focal_length&quot;:&quot;0&quot;,&quot;iso&quot;:&quot;0&quot;,&quot;shutter_speed&quot;:&quot;0&quot;,&quot;title&quot;:&quot;&quot;,&quot;orientation&quot;:&quot;0&quot;}\" data-image-title=\"1_3_2025 N\u00edzke Tatry, z\u00e1chrann\u00e1 akcia, strhnut\u00e9ho lav\u00ednou do Deres\u0161k\u00e9ho kotla2\" data-image-description=\"\" data-image-caption=\"&lt;p&gt;1.3.2025, N\u00edzke Tatry, z\u00e1chrann\u00e1 akcia lav\u00ednou strhnutej osoby&lt;\/p&gt;\n\" data-large-file=\"https:\/\/blog.laviny.sk\/wp-content\/uploads\/2025\/03\/1_3_2025-Nizke-Tatry-zachranna-akcia-strhnuteho-lavinou-do-deresskeho-kotla2-768x1024.jpg\" data-id=\"13043\" src=\"https:\/\/blog.laviny.sk\/wp-content\/uploads\/2025\/03\/1_3_2025-Nizke-Tatry-zachranna-akcia-strhnuteho-lavinou-do-deresskeho-kotla2-768x1024.jpg\" alt=\"\" class=\"wp-image-13043\" srcset=\"https:\/\/blog.laviny.sk\/wp-content\/uploads\/2025\/03\/1_3_2025-Nizke-Tatry-zachranna-akcia-strhnuteho-lavinou-do-deresskeho-kotla2-768x1024.jpg 768w, https:\/\/blog.laviny.sk\/wp-content\/uploads\/2025\/03\/1_3_2025-Nizke-Tatry-zachranna-akcia-strhnuteho-lavinou-do-deresskeho-kotla2-225x300.jpg 225w, https:\/\/blog.laviny.sk\/wp-content\/uploads\/2025\/03\/1_3_2025-Nizke-Tatry-zachranna-akcia-strhnuteho-lavinou-do-deresskeho-kotla2-1152x1536.jpg 1152w, https:\/\/blog.laviny.sk\/wp-content\/uploads\/2025\/03\/1_3_2025-Nizke-Tatry-zachranna-akcia-strhnuteho-lavinou-do-deresskeho-kotla2.jpg 1200w\" sizes=\"auto, (max-width: 768px) 100vw, 768px\" \/><figcaption class=\"wp-element-caption\">1.3.2025, N\u00edzke Tatry, z\u00e1chrann\u00e1 akcia lav\u00ednou strhnutej osoby<\/figcaption><\/figure>\n<\/figure>\n\n\n\n<p><strong>Nede\u013ea 2.3.2025<\/strong><\/p>\n\n\n\n<p>V Nede\u013eu nastala \u010fal\u0161ia lav\u00ednov\u00e1 nehoda v Mengusovskej doline zo Satanieho sedla. 2 osoby pohybuj\u00face sa na pe\u0161o si po\u010das v\u00fdstupu strm\u00fdm \u017e\u013eabom oddtrhn\u00fa lav\u00ednu, ktor\u00e1 ich zvezie nasp\u00e4\u0165 do doliny. Na severnej strane Z\u00e1padn\u00fdch Tatier spadla lav\u00edna do Smutnej doliny, kde so sebou strhla osoby.<\/p>\n\n\n\n<figure class=\"wp-block-gallery has-nested-images columns-default is-cropped wp-block-gallery-3 is-layout-flex wp-block-gallery-is-layout-flex\">\n<figure class=\"wp-block-image size-large\"><img loading=\"lazy\" decoding=\"async\" width=\"768\" height=\"1024\" data-attachment-id=\"13049\" data-permalink=\"https:\/\/blog.laviny.sk\/?attachment_id=13049\" data-orig-file=\"https:\/\/blog.laviny.sk\/wp-content\/uploads\/2025\/03\/2025-03-02_Zapadne_Tatry_smutna.jpg\" data-orig-size=\"1200,1600\" data-comments-opened=\"1\" data-image-meta=\"{&quot;aperture&quot;:&quot;0&quot;,&quot;credit&quot;:&quot;&quot;,&quot;camera&quot;:&quot;&quot;,&quot;caption&quot;:&quot;&quot;,&quot;created_timestamp&quot;:&quot;0&quot;,&quot;copyright&quot;:&quot;&quot;,&quot;focal_length&quot;:&quot;0&quot;,&quot;iso&quot;:&quot;0&quot;,&quot;shutter_speed&quot;:&quot;0&quot;,&quot;title&quot;:&quot;&quot;,&quot;orientation&quot;:&quot;1&quot;}\" data-image-title=\"2025-03-02 Z\u00e1padn\u00e9 Tatry Smutn\u00e1 dolina, lav\u00edna\" data-image-description=\"\" data-image-caption=\"&lt;p&gt;2.3.2025, Z\u00e1padn\u00e9 Tatry, lav\u00edna, bez zranen\u00ed&lt;\/p&gt;\n\" data-large-file=\"https:\/\/blog.laviny.sk\/wp-content\/uploads\/2025\/03\/2025-03-02_Zapadne_Tatry_smutna-768x1024.jpg\" data-id=\"13049\" src=\"https:\/\/blog.laviny.sk\/wp-content\/uploads\/2025\/03\/2025-03-02_Zapadne_Tatry_smutna-768x1024.jpg\" alt=\"\" class=\"wp-image-13049\" srcset=\"https:\/\/blog.laviny.sk\/wp-content\/uploads\/2025\/03\/2025-03-02_Zapadne_Tatry_smutna-768x1024.jpg 768w, https:\/\/blog.laviny.sk\/wp-content\/uploads\/2025\/03\/2025-03-02_Zapadne_Tatry_smutna-225x300.jpg 225w, https:\/\/blog.laviny.sk\/wp-content\/uploads\/2025\/03\/2025-03-02_Zapadne_Tatry_smutna-1152x1536.jpg 1152w, https:\/\/blog.laviny.sk\/wp-content\/uploads\/2025\/03\/2025-03-02_Zapadne_Tatry_smutna.jpg 1200w\" sizes=\"auto, (max-width: 768px) 100vw, 768px\" \/><figcaption class=\"wp-element-caption\">2.3.2025, Z\u00e1padn\u00e9 Tatry, lav\u00edna, bez zranen\u00ed<\/figcaption><\/figure>\n\n\n\n<figure class=\"wp-block-image size-large\"><img loading=\"lazy\" decoding=\"async\" width=\"1024\" height=\"768\" data-attachment-id=\"13048\" data-permalink=\"https:\/\/blog.laviny.sk\/?attachment_id=13048\" data-orig-file=\"https:\/\/blog.laviny.sk\/wp-content\/uploads\/2025\/03\/2025-03-02_Vysoke_Tatry_mengusovska2.jpg\" data-orig-size=\"1200,900\" data-comments-opened=\"1\" data-image-meta=\"{&quot;aperture&quot;:&quot;0&quot;,&quot;credit&quot;:&quot;&quot;,&quot;camera&quot;:&quot;&quot;,&quot;caption&quot;:&quot;&quot;,&quot;created_timestamp&quot;:&quot;0&quot;,&quot;copyright&quot;:&quot;&quot;,&quot;focal_length&quot;:&quot;0&quot;,&quot;iso&quot;:&quot;0&quot;,&quot;shutter_speed&quot;:&quot;0&quot;,&quot;title&quot;:&quot;&quot;,&quot;orientation&quot;:&quot;0&quot;}\" data-image-title=\"2025-03-02 Vysok\u00e9 Tatry Mengusovsk\u00e1 dolina, pod Satanom, n\u00e1nos z nehody\" data-image-description=\"\" data-image-caption=\"&lt;p&gt;2.3.2025, Vysok\u00e9 Tatry, n\u00e1nos lav\u00edny, nehoda&lt;\/p&gt;\n\" data-large-file=\"https:\/\/blog.laviny.sk\/wp-content\/uploads\/2025\/03\/2025-03-02_Vysoke_Tatry_mengusovska2-1024x768.jpg\" data-id=\"13048\" src=\"https:\/\/blog.laviny.sk\/wp-content\/uploads\/2025\/03\/2025-03-02_Vysoke_Tatry_mengusovska2-1024x768.jpg\" alt=\"\" class=\"wp-image-13048\" srcset=\"https:\/\/blog.laviny.sk\/wp-content\/uploads\/2025\/03\/2025-03-02_Vysoke_Tatry_mengusovska2-1024x768.jpg 1024w, https:\/\/blog.laviny.sk\/wp-content\/uploads\/2025\/03\/2025-03-02_Vysoke_Tatry_mengusovska2-300x225.jpg 300w, https:\/\/blog.laviny.sk\/wp-content\/uploads\/2025\/03\/2025-03-02_Vysoke_Tatry_mengusovska2-768x576.jpg 768w, https:\/\/blog.laviny.sk\/wp-content\/uploads\/2025\/03\/2025-03-02_Vysoke_Tatry_mengusovska2.jpg 1200w\" sizes=\"auto, (max-width: 1024px) 100vw, 1024px\" \/><figcaption class=\"wp-element-caption\">2.3.2025, Vysok\u00e9 Tatry, n\u00e1nos lav\u00edny, nehoda<\/figcaption><\/figure>\n\n\n\n<figure class=\"wp-block-image size-large\"><img loading=\"lazy\" decoding=\"async\" width=\"1024\" height=\"768\" data-attachment-id=\"13047\" data-permalink=\"https:\/\/blog.laviny.sk\/?attachment_id=13047\" data-orig-file=\"https:\/\/blog.laviny.sk\/wp-content\/uploads\/2025\/03\/2025-03-02_Vysoke_Tatry_mengusovska.jpg\" data-orig-size=\"1200,900\" data-comments-opened=\"1\" data-image-meta=\"{&quot;aperture&quot;:&quot;0&quot;,&quot;credit&quot;:&quot;&quot;,&quot;camera&quot;:&quot;&quot;,&quot;caption&quot;:&quot;&quot;,&quot;created_timestamp&quot;:&quot;0&quot;,&quot;copyright&quot;:&quot;&quot;,&quot;focal_length&quot;:&quot;0&quot;,&quot;iso&quot;:&quot;0&quot;,&quot;shutter_speed&quot;:&quot;0&quot;,&quot;title&quot;:&quot;&quot;,&quot;orientation&quot;:&quot;0&quot;}\" data-image-title=\"2025-03-02 Vysok\u00e9 Tatry Mengusovsk\u00e1 dolina, Satan a rozpt\u00fdlen\u00fd n\u00e1nos\" data-image-description=\"\" data-image-caption=\"&lt;p&gt;2.3.2025, Vysok\u00e9 Tatry, lav\u00edna, n\u00e1nos&lt;\/p&gt;\n\" data-large-file=\"https:\/\/blog.laviny.sk\/wp-content\/uploads\/2025\/03\/2025-03-02_Vysoke_Tatry_mengusovska-1024x768.jpg\" data-id=\"13047\" src=\"https:\/\/blog.laviny.sk\/wp-content\/uploads\/2025\/03\/2025-03-02_Vysoke_Tatry_mengusovska-1024x768.jpg\" alt=\"\" class=\"wp-image-13047\" srcset=\"https:\/\/blog.laviny.sk\/wp-content\/uploads\/2025\/03\/2025-03-02_Vysoke_Tatry_mengusovska-1024x768.jpg 1024w, https:\/\/blog.laviny.sk\/wp-content\/uploads\/2025\/03\/2025-03-02_Vysoke_Tatry_mengusovska-300x225.jpg 300w, https:\/\/blog.laviny.sk\/wp-content\/uploads\/2025\/03\/2025-03-02_Vysoke_Tatry_mengusovska-768x576.jpg 768w, https:\/\/blog.laviny.sk\/wp-content\/uploads\/2025\/03\/2025-03-02_Vysoke_Tatry_mengusovska.jpg 1200w\" sizes=\"auto, (max-width: 1024px) 100vw, 1024px\" \/><figcaption class=\"wp-element-caption\">2.3.2025, Vysok\u00e9 Tatry, lav\u00edna, n\u00e1nos<\/figcaption><\/figure>\n<\/figure>\n\n\n\n<p><strong>Utorok 4.3.2025<\/strong><\/p>\n\n\n\n<p>Napriek mno\u017estu lav\u00edn, v\u0161etky tieto nehody na\u0161\u0165astie skon\u010dili bez, alebo len s \u013eahk\u00fdmi zraneniami. V utorok 4.3.2025 sme v\u0161ak bohu\u017eia\u013e zaznamenali aj <a href=\"https:\/\/blog.laviny.sk\/?p=12979\">smrte\u013en\u00fa nehodu<\/a>.<\/p>\n\n\n<div class=\"wp-block-image\">\n<figure class=\"aligncenter size-large\"><img loading=\"lazy\" decoding=\"async\" width=\"770\" height=\"1024\" data-attachment-id=\"13070\" data-permalink=\"https:\/\/blog.laviny.sk\/?attachment_id=13070\" data-orig-file=\"https:\/\/blog.laviny.sk\/wp-content\/uploads\/2025\/03\/Vysoke_Tatry_tazka_2025-03-05.jpg\" data-orig-size=\"1200,1596\" data-comments-opened=\"1\" data-image-meta=\"{&quot;aperture&quot;:&quot;0&quot;,&quot;credit&quot;:&quot;&quot;,&quot;camera&quot;:&quot;&quot;,&quot;caption&quot;:&quot;&quot;,&quot;created_timestamp&quot;:&quot;0&quot;,&quot;copyright&quot;:&quot;&quot;,&quot;focal_length&quot;:&quot;0&quot;,&quot;iso&quot;:&quot;0&quot;,&quot;shutter_speed&quot;:&quot;0&quot;,&quot;title&quot;:&quot;&quot;,&quot;orientation&quot;:&quot;0&quot;}\" data-image-title=\"Vysoke_Tatry_tazka_2025-03-05\" data-image-description=\"\" data-image-caption=\"\" data-large-file=\"https:\/\/blog.laviny.sk\/wp-content\/uploads\/2025\/03\/Vysoke_Tatry_tazka_2025-03-05-770x1024.jpg\" src=\"https:\/\/blog.laviny.sk\/wp-content\/uploads\/2025\/03\/Vysoke_Tatry_tazka_2025-03-05-770x1024.jpg\" alt=\"\" class=\"wp-image-13070\" srcset=\"https:\/\/blog.laviny.sk\/wp-content\/uploads\/2025\/03\/Vysoke_Tatry_tazka_2025-03-05-770x1024.jpg 770w, https:\/\/blog.laviny.sk\/wp-content\/uploads\/2025\/03\/Vysoke_Tatry_tazka_2025-03-05-226x300.jpg 226w, https:\/\/blog.laviny.sk\/wp-content\/uploads\/2025\/03\/Vysoke_Tatry_tazka_2025-03-05-768x1021.jpg 768w, https:\/\/blog.laviny.sk\/wp-content\/uploads\/2025\/03\/Vysoke_Tatry_tazka_2025-03-05-1155x1536.jpg 1155w, https:\/\/blog.laviny.sk\/wp-content\/uploads\/2025\/03\/Vysoke_Tatry_tazka_2025-03-05.jpg 1200w\" sizes=\"auto, (max-width: 770px) 100vw, 770px\" \/><figcaption class=\"wp-element-caption\"><em>Vysok\u00e9 Tatry, \u0164a\u017ek\u00e1 dolina, Ganek, Gal\u00e9ria, <a href=\"https:\/\/blog.laviny.sk\/?p=12979\">miesto smrte\u013enej lav\u00ednovej  nehody<\/a><\/em><\/figcaption><\/figure>\n<\/div>\n\n\n<p>Vplyvom tlakovej v\u00fd\u0161e a pr\u00edlevom tepl\u00e9ho vzduchu sa v priebehu t\u00fd\u017ed\u0148a za\u010dalo v\u00fdznamne oteplova\u0165 aj v najvy\u0161\u0161\u00edch poloh\u00e1ch. Teploty v priebehu t\u00fd\u017ed\u0148a vzr\u00e1stli na niektor\u00fdch miestach aj o 20\u00b0C. Na ju\u017en\u00fdch stran\u00e1ch sa na povrchu snehu vytvorila k\u00f4ra. Po\u010das noci zo \u0161vrtka 6.3.2025 na piatok 7.3.2025 neklesli teploty pod bod mrazu ani v najvy\u0161\u0161\u00edch poloh\u00e1ch.<\/p>\n\n\n<div class=\"wp-block-image\">\n<figure class=\"aligncenter size-large\"><img loading=\"lazy\" decoding=\"async\" width=\"1024\" height=\"384\" data-attachment-id=\"13028\" data-permalink=\"https:\/\/blog.laviny.sk\/?attachment_id=13028#main\" data-orig-file=\"https:\/\/blog.laviny.sk\/wp-content\/uploads\/2025\/03\/Ladove_pleso_teplota_2025_02_28-2025_03_07.png\" data-orig-size=\"1200,450\" data-comments-opened=\"1\" data-image-meta=\"{&quot;aperture&quot;:&quot;0&quot;,&quot;credit&quot;:&quot;&quot;,&quot;camera&quot;:&quot;&quot;,&quot;caption&quot;:&quot;&quot;,&quot;created_timestamp&quot;:&quot;0&quot;,&quot;copyright&quot;:&quot;&quot;,&quot;focal_length&quot;:&quot;0&quot;,&quot;iso&quot;:&quot;0&quot;,&quot;shutter_speed&quot;:&quot;0&quot;,&quot;title&quot;:&quot;&quot;,&quot;orientation&quot;:&quot;0&quot;}\" data-image-title=\"Ladove_pleso_teplota_2025_02_28-2025_03_07\" data-image-description=\"\" data-image-caption=\"\" data-large-file=\"https:\/\/blog.laviny.sk\/wp-content\/uploads\/2025\/03\/Ladove_pleso_teplota_2025_02_28-2025_03_07-1024x384.png\" src=\"https:\/\/blog.laviny.sk\/wp-content\/uploads\/2025\/03\/Ladove_pleso_teplota_2025_02_28-2025_03_07-1024x384.png\" alt=\"\" class=\"wp-image-13028\" srcset=\"https:\/\/blog.laviny.sk\/wp-content\/uploads\/2025\/03\/Ladove_pleso_teplota_2025_02_28-2025_03_07-1024x384.png 1024w, https:\/\/blog.laviny.sk\/wp-content\/uploads\/2025\/03\/Ladove_pleso_teplota_2025_02_28-2025_03_07-300x113.png 300w, https:\/\/blog.laviny.sk\/wp-content\/uploads\/2025\/03\/Ladove_pleso_teplota_2025_02_28-2025_03_07-768x288.png 768w, https:\/\/blog.laviny.sk\/wp-content\/uploads\/2025\/03\/Ladove_pleso_teplota_2025_02_28-2025_03_07.png 1200w\" sizes=\"auto, (max-width: 1024px) 100vw, 1024px\" \/><figcaption class=\"wp-element-caption\"><em>Vysok\u00e9 Tatry, v\u00fdvoj teploty v \u00b0C na AMS \u013dadov\u00e9 pleso, 2063 m n.m. od 27.2.2025 po 7.3.2025<\/em><\/figcaption><\/figure>\n<\/div>\n\n<div class=\"wp-block-image\">\n<figure class=\"aligncenter size-large\"><img loading=\"lazy\" decoding=\"async\" width=\"1024\" height=\"384\" data-attachment-id=\"13029\" data-permalink=\"https:\/\/blog.laviny.sk\/?attachment_id=13029#main\" data-orig-file=\"https:\/\/blog.laviny.sk\/wp-content\/uploads\/2025\/03\/Lomnicke_sedlo_teplota_2025_02_27-2025_03_07.png\" data-orig-size=\"1200,450\" data-comments-opened=\"1\" data-image-meta=\"{&quot;aperture&quot;:&quot;0&quot;,&quot;credit&quot;:&quot;&quot;,&quot;camera&quot;:&quot;&quot;,&quot;caption&quot;:&quot;&quot;,&quot;created_timestamp&quot;:&quot;0&quot;,&quot;copyright&quot;:&quot;&quot;,&quot;focal_length&quot;:&quot;0&quot;,&quot;iso&quot;:&quot;0&quot;,&quot;shutter_speed&quot;:&quot;0&quot;,&quot;title&quot;:&quot;&quot;,&quot;orientation&quot;:&quot;0&quot;}\" data-image-title=\"Lomnicke_sedlo_teplota_2025_02_27-2025_03_07\" data-image-description=\"\" data-image-caption=\"\" data-large-file=\"https:\/\/blog.laviny.sk\/wp-content\/uploads\/2025\/03\/Lomnicke_sedlo_teplota_2025_02_27-2025_03_07-1024x384.png\" src=\"https:\/\/blog.laviny.sk\/wp-content\/uploads\/2025\/03\/Lomnicke_sedlo_teplota_2025_02_27-2025_03_07-1024x384.png\" alt=\"\" class=\"wp-image-13029\" srcset=\"https:\/\/blog.laviny.sk\/wp-content\/uploads\/2025\/03\/Lomnicke_sedlo_teplota_2025_02_27-2025_03_07-1024x384.png 1024w, https:\/\/blog.laviny.sk\/wp-content\/uploads\/2025\/03\/Lomnicke_sedlo_teplota_2025_02_27-2025_03_07-300x113.png 300w, https:\/\/blog.laviny.sk\/wp-content\/uploads\/2025\/03\/Lomnicke_sedlo_teplota_2025_02_27-2025_03_07-768x288.png 768w, https:\/\/blog.laviny.sk\/wp-content\/uploads\/2025\/03\/Lomnicke_sedlo_teplota_2025_02_27-2025_03_07.png 1200w\" sizes=\"auto, (max-width: 1024px) 100vw, 1024px\" \/><figcaption class=\"wp-element-caption\"><em>Vysok\u00e9 Tatry, v\u00fdvoj teploty v \u00b0C na AMS Lomnick\u00e9 sedlo, 2190 m n.m. od 27.2.2025 po 7.3.2025<\/em><\/figcaption><\/figure>\n<\/div>\n\n<div class=\"wp-block-image\">\n<figure class=\"aligncenter size-large\"><img loading=\"lazy\" decoding=\"async\" width=\"1024\" height=\"384\" data-attachment-id=\"13030\" data-permalink=\"https:\/\/blog.laviny.sk\/?attachment_id=13030#main\" data-orig-file=\"https:\/\/blog.laviny.sk\/wp-content\/uploads\/2025\/03\/Zamrznute_pleso_teplota_vzduchu_2025-03-02_2025_03_07.png\" data-orig-size=\"1200,450\" data-comments-opened=\"1\" data-image-meta=\"{&quot;aperture&quot;:&quot;0&quot;,&quot;credit&quot;:&quot;&quot;,&quot;camera&quot;:&quot;&quot;,&quot;caption&quot;:&quot;&quot;,&quot;created_timestamp&quot;:&quot;0&quot;,&quot;copyright&quot;:&quot;&quot;,&quot;focal_length&quot;:&quot;0&quot;,&quot;iso&quot;:&quot;0&quot;,&quot;shutter_speed&quot;:&quot;0&quot;,&quot;title&quot;:&quot;&quot;,&quot;orientation&quot;:&quot;0&quot;}\" data-image-title=\"Zamrznute_pleso_teplota_vzduchu_2025-03-02_2025_03_07\" data-image-description=\"\" data-image-caption=\"\" data-large-file=\"https:\/\/blog.laviny.sk\/wp-content\/uploads\/2025\/03\/Zamrznute_pleso_teplota_vzduchu_2025-03-02_2025_03_07-1024x384.png\" src=\"https:\/\/blog.laviny.sk\/wp-content\/uploads\/2025\/03\/Zamrznute_pleso_teplota_vzduchu_2025-03-02_2025_03_07-1024x384.png\" alt=\"\" class=\"wp-image-13030\" srcset=\"https:\/\/blog.laviny.sk\/wp-content\/uploads\/2025\/03\/Zamrznute_pleso_teplota_vzduchu_2025-03-02_2025_03_07-1024x384.png 1024w, https:\/\/blog.laviny.sk\/wp-content\/uploads\/2025\/03\/Zamrznute_pleso_teplota_vzduchu_2025-03-02_2025_03_07-300x113.png 300w, https:\/\/blog.laviny.sk\/wp-content\/uploads\/2025\/03\/Zamrznute_pleso_teplota_vzduchu_2025-03-02_2025_03_07-768x288.png 768w, https:\/\/blog.laviny.sk\/wp-content\/uploads\/2025\/03\/Zamrznute_pleso_teplota_vzduchu_2025-03-02_2025_03_07.png 1200w\" sizes=\"auto, (max-width: 1024px) 100vw, 1024px\" \/><figcaption class=\"wp-element-caption\"><em>Vysok\u00e9 Tatry, v\u00fdvoj teploty v \u00b0C na AMS Zamrznut\u00fd kotol, 2070 m n.m. od 2.3.2025 po 7.3.2025<\/em><\/figcaption><\/figure>\n<\/div>\n\n\n<p>Na ju\u017en\u00fdch expoz\u00edci\u00e1ch to malo za n\u00e1sledok sadanie snehovej pokr\u00fdvky, jej postupn\u00fa stratu na v\u00fd\u0161ke. Vplyvom dlhodobo vysok\u00fdch tepl\u00f4t sa postupne stabilizovali podmienky aj na severnej strane pohor\u00ed, \u010do viedlo k zn\u00ed\u017eeniu stup\u0148a lav\u00ednov\u00e9ho nebezpe\u010denstva. Aktu\u00e1lne st\u00e1le plat\u00ed \u017ee v\u00fd\u0161ka snehovej pokr\u00fdvky je dlhodobo podpriemern\u00e1. v stredn\u00fdch poloh\u00e1ch prakticky sneh nie je, s\u00favisl\u00e1 snehov\u00e1 pokr\u00fdvka sa nach\u00e1dza a\u017e vo vysok\u00fdch poloh\u00e1ch a aj tam je jej m\u00e1lo. Pr\u00edstup do dol\u00edn je tak zna\u010dne komplikovan\u00fd.<\/p>\n\n\n\n<figure class=\"wp-block-jetpack-image-compare\"><div class=\"juxtapose\" data-mode=\"horizontal\"><img loading=\"lazy\" decoding=\"async\" id=\"13053\" src=\"https:\/\/blog.laviny.sk\/wp-content\/uploads\/2025\/03\/getImage-1.jpg\" alt=\"\" width=\"2048\" height=\"1536\" class=\"image-compare__image-before\"\/><img loading=\"lazy\" decoding=\"async\" id=\"13054\" src=\"https:\/\/blog.laviny.sk\/wp-content\/uploads\/2025\/03\/getImage-2.jpg\" alt=\"\" width=\"2048\" height=\"1536\" class=\"image-compare__image-after\"\/><\/div><figcaption>Porovnanie podmienok vo Velickej doline 1.3.2025 (v\u013eavo) a 7.3.2025 (vpravo)<\/figcaption><\/figure>\n\n\n\n<figure class=\"wp-block-jetpack-image-compare\"><div class=\"juxtapose\" data-mode=\"horizontal\"><img loading=\"lazy\" decoding=\"async\" id=\"13055\" src=\"https:\/\/blog.laviny.sk\/wp-content\/uploads\/2025\/03\/getImage-2-1.jpg\" alt=\"\" width=\"1280\" height=\"960\" class=\"image-compare__image-before\"\/><img loading=\"lazy\" decoding=\"async\" id=\"13056\" src=\"https:\/\/blog.laviny.sk\/wp-content\/uploads\/2025\/03\/getImage-3.jpg\" alt=\"\" width=\"1280\" height=\"960\" class=\"image-compare__image-after\"\/><\/div><figcaption>Porovnanie podmienok, \u0164a\u017ek\u00fd \u0161t\u00edt, Mengusovsk\u00e1 dolina 1.3.2025 (v\u013eavo) a 7.3.2025 (vpravo)<\/figcaption><\/figure>\n\n\n\n<p><strong>V\u00edkend :<\/strong><\/p>\n\n\n\n<p>Cez v\u00edkend bude vrcholi\u0165 pr\u00edlev tepl\u00e9ho vzduchu. Teploty nedosiahnu m\u00ednusov\u00e9 hodnoty ani po\u010das noci, a tak s\u00edce snehov\u00e1 pokr\u00fdvka v priebehu noci ztuhne, cez de\u0148 sa bude nat\u00e1pa\u0165, obvzl\u00e1\u0161\u0165 v sobotu, ke\u010f je o\u010dak\u00e1van\u00e9 aj slne\u010dn\u00e9 \u017eiarenie. Na severe sa u\u017e podmienky zna\u010dne zlep\u0161ili, no st\u00e1le treba by\u0165 obozretn\u00fd a v pr\u00edpade such\u0161ieho nepreroben\u00e9ho snehu, treba r\u00e1ta\u0165 s jeho vysokou nestabilitou. Lav\u00ednov\u00e9 nebezpe\u010denstvo a zradn\u00e9 miesta tak bud\u00fa predstavova\u0165 tieto lokality. Okrem t\u00fdchto lokal\u00edt, hlavn\u00fd lav\u00ednov\u00fd probl\u00e9m bude mokr\u00fd sneh, ten je v\u0161ak v ter\u00e9ne ve\u013emi \u013eahko rozpoznate\u013en\u00fd, a tak netreba zav\u00e1ha\u0165 a v pr\u00edpade odt\u00e1pania v\u00e4\u010d\u0161ej vrstvy snehovej pokr\u00fdvky sa rad\u0161ej v\u010das oto\u010di\u0165.<\/p>\n\n\n\n<figure class=\"wp-block-gallery aligncenter has-nested-images columns-default is-cropped wp-block-gallery-4 is-layout-flex wp-block-gallery-is-layout-flex\">\n<figure class=\"wp-block-image size-large\"><img loading=\"lazy\" decoding=\"async\" width=\"1024\" height=\"766\" data-attachment-id=\"13061\" data-permalink=\"https:\/\/blog.laviny.sk\/?attachment_id=13061\" data-orig-file=\"https:\/\/blog.laviny.sk\/wp-content\/uploads\/2025\/03\/Zapadne-Tatry-pohlad-na-Ziarsku-dolinu.jpg\" data-orig-size=\"1200,898\" data-comments-opened=\"1\" data-image-meta=\"{&quot;aperture&quot;:&quot;0&quot;,&quot;credit&quot;:&quot;&quot;,&quot;camera&quot;:&quot;&quot;,&quot;caption&quot;:&quot;&quot;,&quot;created_timestamp&quot;:&quot;0&quot;,&quot;copyright&quot;:&quot;&quot;,&quot;focal_length&quot;:&quot;0&quot;,&quot;iso&quot;:&quot;0&quot;,&quot;shutter_speed&quot;:&quot;0&quot;,&quot;title&quot;:&quot;&quot;,&quot;orientation&quot;:&quot;0&quot;}\" data-image-title=\"Z\u00e1padn\u00e9 Tatry, poh\u013ead na \u017diarsku dolinu\" data-image-description=\"\" data-image-caption=\"&lt;p&gt;Z\u00e1padn\u00e9 Tatry, poh\u013ead na \u017eiarsku dolinu zo \u017diarskeho sedla&lt;\/p&gt;\n\" data-large-file=\"https:\/\/blog.laviny.sk\/wp-content\/uploads\/2025\/03\/Zapadne-Tatry-pohlad-na-Ziarsku-dolinu-1024x766.jpg\" data-id=\"13061\" src=\"https:\/\/blog.laviny.sk\/wp-content\/uploads\/2025\/03\/Zapadne-Tatry-pohlad-na-Ziarsku-dolinu-1024x766.jpg\" alt=\"\" class=\"wp-image-13061\" srcset=\"https:\/\/blog.laviny.sk\/wp-content\/uploads\/2025\/03\/Zapadne-Tatry-pohlad-na-Ziarsku-dolinu-1024x766.jpg 1024w, https:\/\/blog.laviny.sk\/wp-content\/uploads\/2025\/03\/Zapadne-Tatry-pohlad-na-Ziarsku-dolinu-300x225.jpg 300w, https:\/\/blog.laviny.sk\/wp-content\/uploads\/2025\/03\/Zapadne-Tatry-pohlad-na-Ziarsku-dolinu-768x575.jpg 768w, https:\/\/blog.laviny.sk\/wp-content\/uploads\/2025\/03\/Zapadne-Tatry-pohlad-na-Ziarsku-dolinu.jpg 1200w\" sizes=\"auto, (max-width: 1024px) 100vw, 1024px\" \/><figcaption class=\"wp-element-caption\">Z\u00e1padn\u00e9 Tatry, poh\u013ead na \u017eiarsku dolinu zo \u017diarskeho sedla<\/figcaption><\/figure>\n\n\n\n<figure class=\"wp-block-image size-large\"><img loading=\"lazy\" decoding=\"async\" width=\"1024\" height=\"768\" data-attachment-id=\"13060\" data-permalink=\"https:\/\/blog.laviny.sk\/?attachment_id=13060\" data-orig-file=\"https:\/\/blog.laviny.sk\/wp-content\/uploads\/2025\/03\/Zapadne-Tatry-ladovy-Kubov-zlab-v-Ziarskej-doline.jpg\" data-orig-size=\"1200,900\" data-comments-opened=\"1\" data-image-meta=\"{&quot;aperture&quot;:&quot;0&quot;,&quot;credit&quot;:&quot;&quot;,&quot;camera&quot;:&quot;&quot;,&quot;caption&quot;:&quot;&quot;,&quot;created_timestamp&quot;:&quot;0&quot;,&quot;copyright&quot;:&quot;&quot;,&quot;focal_length&quot;:&quot;0&quot;,&quot;iso&quot;:&quot;0&quot;,&quot;shutter_speed&quot;:&quot;0&quot;,&quot;title&quot;:&quot;&quot;,&quot;orientation&quot;:&quot;0&quot;}\" data-image-title=\"Z\u00e1padn\u00e9 Tatry, \u013eadov\u00fd Kubov \u017e\u013eab v \u017diarskej doline\" data-image-description=\"\" data-image-caption=\"&lt;p&gt;Z\u00e1padn\u00e9 Tatry, \u013eadov\u00fd Kubov \u017e\u013eab&lt;\/p&gt;\n\" data-large-file=\"https:\/\/blog.laviny.sk\/wp-content\/uploads\/2025\/03\/Zapadne-Tatry-ladovy-Kubov-zlab-v-Ziarskej-doline-1024x768.jpg\" data-id=\"13060\" src=\"https:\/\/blog.laviny.sk\/wp-content\/uploads\/2025\/03\/Zapadne-Tatry-ladovy-Kubov-zlab-v-Ziarskej-doline-1024x768.jpg\" alt=\"\" class=\"wp-image-13060\" srcset=\"https:\/\/blog.laviny.sk\/wp-content\/uploads\/2025\/03\/Zapadne-Tatry-ladovy-Kubov-zlab-v-Ziarskej-doline-1024x768.jpg 1024w, https:\/\/blog.laviny.sk\/wp-content\/uploads\/2025\/03\/Zapadne-Tatry-ladovy-Kubov-zlab-v-Ziarskej-doline-300x225.jpg 300w, https:\/\/blog.laviny.sk\/wp-content\/uploads\/2025\/03\/Zapadne-Tatry-ladovy-Kubov-zlab-v-Ziarskej-doline-768x576.jpg 768w, https:\/\/blog.laviny.sk\/wp-content\/uploads\/2025\/03\/Zapadne-Tatry-ladovy-Kubov-zlab-v-Ziarskej-doline.jpg 1200w\" sizes=\"auto, (max-width: 1024px) 100vw, 1024px\" \/><figcaption class=\"wp-element-caption\">Z\u00e1padn\u00e9 Tatry, \u013eadov\u00fd Kubov \u017e\u013eab<\/figcaption><\/figure>\n\n\n\n<figure class=\"wp-block-image size-large\"><img loading=\"lazy\" decoding=\"async\" width=\"1024\" height=\"766\" data-attachment-id=\"13059\" data-permalink=\"https:\/\/blog.laviny.sk\/?attachment_id=13059\" data-orig-file=\"https:\/\/blog.laviny.sk\/wp-content\/uploads\/2025\/03\/Zapadne-Tatry-Kokavske-zahrady-Ostry-rohac.jpg\" data-orig-size=\"1200,898\" data-comments-opened=\"1\" data-image-meta=\"{&quot;aperture&quot;:&quot;0&quot;,&quot;credit&quot;:&quot;&quot;,&quot;camera&quot;:&quot;&quot;,&quot;caption&quot;:&quot;&quot;,&quot;created_timestamp&quot;:&quot;0&quot;,&quot;copyright&quot;:&quot;&quot;,&quot;focal_length&quot;:&quot;0&quot;,&quot;iso&quot;:&quot;0&quot;,&quot;shutter_speed&quot;:&quot;0&quot;,&quot;title&quot;:&quot;&quot;,&quot;orientation&quot;:&quot;0&quot;}\" data-image-title=\"Z\u00e1padn\u00e9 Tatry, Kokavsk\u00e9 z\u00e1hrady, Ostr\u00fd roh\u00e1\u010d\" data-image-description=\"\" data-image-caption=\"&lt;p&gt;Z\u00e1padn\u00e9 Tatry, Kokavsk\u00e9 z\u00e1hrady, Ostr\u00fd roh\u00e1\u010d&lt;\/p&gt;\n\" data-large-file=\"https:\/\/blog.laviny.sk\/wp-content\/uploads\/2025\/03\/Zapadne-Tatry-Kokavske-zahrady-Ostry-rohac-1024x766.jpg\" data-id=\"13059\" src=\"https:\/\/blog.laviny.sk\/wp-content\/uploads\/2025\/03\/Zapadne-Tatry-Kokavske-zahrady-Ostry-rohac-1024x766.jpg\" alt=\"\" class=\"wp-image-13059\" srcset=\"https:\/\/blog.laviny.sk\/wp-content\/uploads\/2025\/03\/Zapadne-Tatry-Kokavske-zahrady-Ostry-rohac-1024x766.jpg 1024w, https:\/\/blog.laviny.sk\/wp-content\/uploads\/2025\/03\/Zapadne-Tatry-Kokavske-zahrady-Ostry-rohac-300x225.jpg 300w, https:\/\/blog.laviny.sk\/wp-content\/uploads\/2025\/03\/Zapadne-Tatry-Kokavske-zahrady-Ostry-rohac-768x575.jpg 768w, https:\/\/blog.laviny.sk\/wp-content\/uploads\/2025\/03\/Zapadne-Tatry-Kokavske-zahrady-Ostry-rohac.jpg 1200w\" sizes=\"auto, (max-width: 1024px) 100vw, 1024px\" \/><figcaption class=\"wp-element-caption\">Z\u00e1padn\u00e9 Tatry, Kokavsk\u00e9 z\u00e1hrady, Ostr\u00fd roh\u00e1\u010d<\/figcaption><\/figure>\n\n\n\n<figure class=\"wp-block-image size-large\"><img loading=\"lazy\" decoding=\"async\" width=\"1024\" height=\"768\" data-attachment-id=\"13058\" data-permalink=\"https:\/\/blog.laviny.sk\/?attachment_id=13058\" data-orig-file=\"https:\/\/blog.laviny.sk\/wp-content\/uploads\/2025\/03\/Vysoke-Tatry-splazy-z-oblasti-Volej-veze.jpg\" data-orig-size=\"1200,900\" data-comments-opened=\"1\" data-image-meta=\"{&quot;aperture&quot;:&quot;0&quot;,&quot;credit&quot;:&quot;&quot;,&quot;camera&quot;:&quot;&quot;,&quot;caption&quot;:&quot;&quot;,&quot;created_timestamp&quot;:&quot;0&quot;,&quot;copyright&quot;:&quot;&quot;,&quot;focal_length&quot;:&quot;0&quot;,&quot;iso&quot;:&quot;0&quot;,&quot;shutter_speed&quot;:&quot;0&quot;,&quot;title&quot;:&quot;&quot;,&quot;orientation&quot;:&quot;0&quot;}\" data-image-title=\"Vysok\u00e9 Tatry, splazy z oblasti Volej ve\u017ee\" data-image-description=\"\" data-image-caption=\"&lt;p&gt;Vysok\u00e9 Tatry, Volia ve\u017ea, splazy&lt;\/p&gt;\n\" data-large-file=\"https:\/\/blog.laviny.sk\/wp-content\/uploads\/2025\/03\/Vysoke-Tatry-splazy-z-oblasti-Volej-veze-1024x768.jpg\" data-id=\"13058\" src=\"https:\/\/blog.laviny.sk\/wp-content\/uploads\/2025\/03\/Vysoke-Tatry-splazy-z-oblasti-Volej-veze-1024x768.jpg\" alt=\"\" class=\"wp-image-13058\" srcset=\"https:\/\/blog.laviny.sk\/wp-content\/uploads\/2025\/03\/Vysoke-Tatry-splazy-z-oblasti-Volej-veze-1024x768.jpg 1024w, https:\/\/blog.laviny.sk\/wp-content\/uploads\/2025\/03\/Vysoke-Tatry-splazy-z-oblasti-Volej-veze-300x225.jpg 300w, https:\/\/blog.laviny.sk\/wp-content\/uploads\/2025\/03\/Vysoke-Tatry-splazy-z-oblasti-Volej-veze-768x576.jpg 768w, https:\/\/blog.laviny.sk\/wp-content\/uploads\/2025\/03\/Vysoke-Tatry-splazy-z-oblasti-Volej-veze.jpg 1200w\" sizes=\"auto, (max-width: 1024px) 100vw, 1024px\" \/><figcaption class=\"wp-element-caption\">Vysok\u00e9 Tatry, Volia ve\u017ea, splazy<\/figcaption><\/figure>\n\n\n\n<figure class=\"wp-block-image size-large\"><img loading=\"lazy\" decoding=\"async\" width=\"1024\" height=\"768\" data-attachment-id=\"13057\" data-permalink=\"https:\/\/blog.laviny.sk\/?attachment_id=13057\" data-orig-file=\"https:\/\/blog.laviny.sk\/wp-content\/uploads\/2025\/03\/Nizke-Tatry-stiavnica.jpg\" data-orig-size=\"1200,900\" data-comments-opened=\"1\" data-image-meta=\"{&quot;aperture&quot;:&quot;5.6&quot;,&quot;credit&quot;:&quot;&quot;,&quot;camera&quot;:&quot;DMC-LZ5&quot;,&quot;caption&quot;:&quot;&quot;,&quot;created_timestamp&quot;:&quot;1740996847&quot;,&quot;copyright&quot;:&quot;&quot;,&quot;focal_length&quot;:&quot;6.1&quot;,&quot;iso&quot;:&quot;80&quot;,&quot;shutter_speed&quot;:&quot;0.00125&quot;,&quot;title&quot;:&quot;&quot;,&quot;orientation&quot;:&quot;1&quot;}\" data-image-title=\"N\u00edzke Tatry, \u0161tiavnica\" data-image-description=\"\" data-image-caption=\"&lt;p&gt;N\u00edzke Tatry, \u0161tiavnica&lt;\/p&gt;\n\" data-large-file=\"https:\/\/blog.laviny.sk\/wp-content\/uploads\/2025\/03\/Nizke-Tatry-stiavnica-1024x768.jpg\" data-id=\"13057\" src=\"https:\/\/blog.laviny.sk\/wp-content\/uploads\/2025\/03\/Nizke-Tatry-stiavnica-1024x768.jpg\" alt=\"\" class=\"wp-image-13057\" srcset=\"https:\/\/blog.laviny.sk\/wp-content\/uploads\/2025\/03\/Nizke-Tatry-stiavnica-1024x768.jpg 1024w, https:\/\/blog.laviny.sk\/wp-content\/uploads\/2025\/03\/Nizke-Tatry-stiavnica-300x225.jpg 300w, https:\/\/blog.laviny.sk\/wp-content\/uploads\/2025\/03\/Nizke-Tatry-stiavnica-768x576.jpg 768w, https:\/\/blog.laviny.sk\/wp-content\/uploads\/2025\/03\/Nizke-Tatry-stiavnica.jpg 1200w\" sizes=\"auto, (max-width: 1024px) 100vw, 1024px\" \/><figcaption class=\"wp-element-caption\">N\u00edzke Tatry, \u0161tiavnica<\/figcaption><\/figure>\n\n\n\n<figure class=\"wp-block-image size-large\"><img loading=\"lazy\" decoding=\"async\" width=\"1024\" height=\"768\" data-attachment-id=\"13071\" data-permalink=\"https:\/\/blog.laviny.sk\/?attachment_id=13071\" data-orig-file=\"https:\/\/blog.laviny.sk\/wp-content\/uploads\/2025\/03\/Vysoke_Tatry_tazka_2025-03-05.jpg.jpg\" data-orig-size=\"1200,900\" data-comments-opened=\"1\" data-image-meta=\"{&quot;aperture&quot;:&quot;1.8&quot;,&quot;credit&quot;:&quot;&quot;,&quot;camera&quot;:&quot;Galaxy S23&quot;,&quot;caption&quot;:&quot;&quot;,&quot;created_timestamp&quot;:&quot;1741173914&quot;,&quot;copyright&quot;:&quot;&quot;,&quot;focal_length&quot;:&quot;5.4&quot;,&quot;iso&quot;:&quot;25&quot;,&quot;shutter_speed&quot;:&quot;0.00036927621861152&quot;,&quot;title&quot;:&quot;&quot;,&quot;orientation&quot;:&quot;1&quot;}\" data-image-title=\"Vysoke_Tatry_tazka_2025-03-05.jpg\" data-image-description=\"\" data-image-caption=\"&lt;p&gt;Vysok\u00e9 Tatry, V\u00e1ha, poh\u013ead do \u0164a\u017ekej&lt;\/p&gt;\n\" data-large-file=\"https:\/\/blog.laviny.sk\/wp-content\/uploads\/2025\/03\/Vysoke_Tatry_tazka_2025-03-05.jpg-1024x768.jpg\" data-id=\"13071\" src=\"https:\/\/blog.laviny.sk\/wp-content\/uploads\/2025\/03\/Vysoke_Tatry_tazka_2025-03-05.jpg-1024x768.jpg\" alt=\"\" class=\"wp-image-13071\" srcset=\"https:\/\/blog.laviny.sk\/wp-content\/uploads\/2025\/03\/Vysoke_Tatry_tazka_2025-03-05.jpg-1024x768.jpg 1024w, https:\/\/blog.laviny.sk\/wp-content\/uploads\/2025\/03\/Vysoke_Tatry_tazka_2025-03-05.jpg-300x225.jpg 300w, https:\/\/blog.laviny.sk\/wp-content\/uploads\/2025\/03\/Vysoke_Tatry_tazka_2025-03-05.jpg-768x576.jpg 768w, https:\/\/blog.laviny.sk\/wp-content\/uploads\/2025\/03\/Vysoke_Tatry_tazka_2025-03-05.jpg.jpg 1200w\" sizes=\"auto, (max-width: 1024px) 100vw, 1024px\" \/><figcaption class=\"wp-element-caption\">Vysok\u00e9 Tatry, V\u00e1ha, poh\u013ead do \u0164a\u017ekej<\/figcaption><\/figure>\n\n\n\n<figure class=\"wp-block-image size-large\"><img loading=\"lazy\" decoding=\"async\" width=\"768\" height=\"1024\" data-attachment-id=\"13069\" data-permalink=\"https:\/\/blog.laviny.sk\/?attachment_id=13069\" data-orig-file=\"https:\/\/blog.laviny.sk\/wp-content\/uploads\/2025\/03\/Vysoke_Tatry_Mengusovska_dolina_ch_rysy_2025-03-05.jpg\" data-orig-size=\"1200,1600\" data-comments-opened=\"1\" data-image-meta=\"{&quot;aperture&quot;:&quot;2.4&quot;,&quot;credit&quot;:&quot;&quot;,&quot;camera&quot;:&quot;Galaxy S23&quot;,&quot;caption&quot;:&quot;&quot;,&quot;created_timestamp&quot;:&quot;1741172597&quot;,&quot;copyright&quot;:&quot;&quot;,&quot;focal_length&quot;:&quot;7&quot;,&quot;iso&quot;:&quot;25&quot;,&quot;shutter_speed&quot;:&quot;0.0003030303030303&quot;,&quot;title&quot;:&quot;&quot;,&quot;orientation&quot;:&quot;1&quot;}\" data-image-title=\"Vysoke_Tatry_Mengusovska_dolina_ch_rysy_2025-03-05\" data-image-description=\"\" data-image-caption=\"&lt;p&gt;Vysok\u00e9 Tatry, Mengusovsk\u00e1 dolina, chata pod Rysmi&lt;\/p&gt;\n\" data-large-file=\"https:\/\/blog.laviny.sk\/wp-content\/uploads\/2025\/03\/Vysoke_Tatry_Mengusovska_dolina_ch_rysy_2025-03-05-768x1024.jpg\" data-id=\"13069\" src=\"https:\/\/blog.laviny.sk\/wp-content\/uploads\/2025\/03\/Vysoke_Tatry_Mengusovska_dolina_ch_rysy_2025-03-05-768x1024.jpg\" alt=\"\" class=\"wp-image-13069\" srcset=\"https:\/\/blog.laviny.sk\/wp-content\/uploads\/2025\/03\/Vysoke_Tatry_Mengusovska_dolina_ch_rysy_2025-03-05-768x1024.jpg 768w, https:\/\/blog.laviny.sk\/wp-content\/uploads\/2025\/03\/Vysoke_Tatry_Mengusovska_dolina_ch_rysy_2025-03-05-225x300.jpg 225w, https:\/\/blog.laviny.sk\/wp-content\/uploads\/2025\/03\/Vysoke_Tatry_Mengusovska_dolina_ch_rysy_2025-03-05-1152x1536.jpg 1152w, https:\/\/blog.laviny.sk\/wp-content\/uploads\/2025\/03\/Vysoke_Tatry_Mengusovska_dolina_ch_rysy_2025-03-05.jpg 1200w\" sizes=\"auto, (max-width: 768px) 100vw, 768px\" \/><figcaption class=\"wp-element-caption\">Vysok\u00e9 Tatry, Mengusovsk\u00e1 dolina, chata pod Rysmi<\/figcaption><\/figure>\n\n\n\n<figure class=\"wp-block-image size-large\"><img loading=\"lazy\" decoding=\"async\" width=\"1024\" height=\"768\" data-attachment-id=\"13068\" data-permalink=\"https:\/\/blog.laviny.sk\/?attachment_id=13068\" data-orig-file=\"https:\/\/blog.laviny.sk\/wp-content\/uploads\/2025\/03\/Vysoke_Tatry_Mengusovska_dolina_2025-03-053.jpg\" data-orig-size=\"1200,900\" data-comments-opened=\"1\" data-image-meta=\"{&quot;aperture&quot;:&quot;1.8&quot;,&quot;credit&quot;:&quot;&quot;,&quot;camera&quot;:&quot;Galaxy S23&quot;,&quot;caption&quot;:&quot;&quot;,&quot;created_timestamp&quot;:&quot;1741168085&quot;,&quot;copyright&quot;:&quot;&quot;,&quot;focal_length&quot;:&quot;5.4&quot;,&quot;iso&quot;:&quot;25&quot;,&quot;shutter_speed&quot;:&quot;0.0007168458781362&quot;,&quot;title&quot;:&quot;&quot;,&quot;orientation&quot;:&quot;1&quot;}\" data-image-title=\"Vysoke_Tatry_Mengusovska_dolina_2025-03-053\" data-image-description=\"\" data-image-caption=\"&lt;p&gt;Vysok\u00e9 Tatry, Mengusovsk\u00e1 dolina, \u017dab\u00ed&lt;\/p&gt;\n\" data-large-file=\"https:\/\/blog.laviny.sk\/wp-content\/uploads\/2025\/03\/Vysoke_Tatry_Mengusovska_dolina_2025-03-053-1024x768.jpg\" data-id=\"13068\" src=\"https:\/\/blog.laviny.sk\/wp-content\/uploads\/2025\/03\/Vysoke_Tatry_Mengusovska_dolina_2025-03-053-1024x768.jpg\" alt=\"\" class=\"wp-image-13068\" srcset=\"https:\/\/blog.laviny.sk\/wp-content\/uploads\/2025\/03\/Vysoke_Tatry_Mengusovska_dolina_2025-03-053-1024x768.jpg 1024w, https:\/\/blog.laviny.sk\/wp-content\/uploads\/2025\/03\/Vysoke_Tatry_Mengusovska_dolina_2025-03-053-300x225.jpg 300w, https:\/\/blog.laviny.sk\/wp-content\/uploads\/2025\/03\/Vysoke_Tatry_Mengusovska_dolina_2025-03-053-768x576.jpg 768w, https:\/\/blog.laviny.sk\/wp-content\/uploads\/2025\/03\/Vysoke_Tatry_Mengusovska_dolina_2025-03-053.jpg 1200w\" sizes=\"auto, (max-width: 1024px) 100vw, 1024px\" \/><figcaption class=\"wp-element-caption\">Vysok\u00e9 Tatry, Mengusovsk\u00e1 dolina, \u017dab\u00ed<\/figcaption><\/figure>\n\n\n\n<figure class=\"wp-block-image size-large\"><img loading=\"lazy\" decoding=\"async\" width=\"768\" height=\"1024\" data-attachment-id=\"13067\" data-permalink=\"https:\/\/blog.laviny.sk\/?attachment_id=13067\" data-orig-file=\"https:\/\/blog.laviny.sk\/wp-content\/uploads\/2025\/03\/Vysoke_Tatry_Mengusovska_dolina_2025-03-052.jpg\" data-orig-size=\"1200,1600\" data-comments-opened=\"1\" data-image-meta=\"{&quot;aperture&quot;:&quot;2.2&quot;,&quot;credit&quot;:&quot;&quot;,&quot;camera&quot;:&quot;Galaxy S23&quot;,&quot;caption&quot;:&quot;&quot;,&quot;created_timestamp&quot;:&quot;1741170454&quot;,&quot;copyright&quot;:&quot;&quot;,&quot;focal_length&quot;:&quot;2.2&quot;,&quot;iso&quot;:&quot;50&quot;,&quot;shutter_speed&quot;:&quot;0.00026469031233457&quot;,&quot;title&quot;:&quot;&quot;,&quot;orientation&quot;:&quot;1&quot;}\" data-image-title=\"Vysoke_Tatry_Mengusovska_dolina_2025-03-052\" data-image-description=\"\" data-image-caption=\"&lt;p&gt;Vysok\u00e9 Tatry, Mengusovsk\u00e1 dolina, hrebe\u0148 b\u00e1\u0161t, Satan&lt;\/p&gt;\n\" data-large-file=\"https:\/\/blog.laviny.sk\/wp-content\/uploads\/2025\/03\/Vysoke_Tatry_Mengusovska_dolina_2025-03-052-768x1024.jpg\" data-id=\"13067\" src=\"https:\/\/blog.laviny.sk\/wp-content\/uploads\/2025\/03\/Vysoke_Tatry_Mengusovska_dolina_2025-03-052-768x1024.jpg\" alt=\"\" class=\"wp-image-13067\" srcset=\"https:\/\/blog.laviny.sk\/wp-content\/uploads\/2025\/03\/Vysoke_Tatry_Mengusovska_dolina_2025-03-052-768x1024.jpg 768w, https:\/\/blog.laviny.sk\/wp-content\/uploads\/2025\/03\/Vysoke_Tatry_Mengusovska_dolina_2025-03-052-225x300.jpg 225w, https:\/\/blog.laviny.sk\/wp-content\/uploads\/2025\/03\/Vysoke_Tatry_Mengusovska_dolina_2025-03-052-1152x1536.jpg 1152w, https:\/\/blog.laviny.sk\/wp-content\/uploads\/2025\/03\/Vysoke_Tatry_Mengusovska_dolina_2025-03-052.jpg 1200w\" sizes=\"auto, (max-width: 768px) 100vw, 768px\" \/><figcaption class=\"wp-element-caption\">Vysok\u00e9 Tatry, Mengusovsk\u00e1 dolina, hrebe\u0148 b\u00e1\u0161t, Satan<\/figcaption><\/figure>\n\n\n\n<figure class=\"wp-block-image size-large\"><img loading=\"lazy\" decoding=\"async\" width=\"768\" height=\"1024\" data-attachment-id=\"13066\" data-permalink=\"https:\/\/blog.laviny.sk\/?attachment_id=13066\" data-orig-file=\"https:\/\/blog.laviny.sk\/wp-content\/uploads\/2025\/03\/Vysoke_Tatry_Mengusovska_dolina_2025-03-05.jpg\" data-orig-size=\"1200,1600\" data-comments-opened=\"1\" data-image-meta=\"{&quot;aperture&quot;:&quot;1.8&quot;,&quot;credit&quot;:&quot;&quot;,&quot;camera&quot;:&quot;Galaxy S23&quot;,&quot;caption&quot;:&quot;&quot;,&quot;created_timestamp&quot;:&quot;1741168019&quot;,&quot;copyright&quot;:&quot;&quot;,&quot;focal_length&quot;:&quot;5.4&quot;,&quot;iso&quot;:&quot;25&quot;,&quot;shutter_speed&quot;:&quot;0.0015673981191223&quot;,&quot;title&quot;:&quot;&quot;,&quot;orientation&quot;:&quot;1&quot;}\" data-image-title=\"Vysoke_Tatry_Mengusovska_dolina_2025-03-05\" data-image-description=\"\" data-image-caption=\"&lt;p&gt;Vysok\u00e9 Tatry, Mengusovsk\u00e1 dolina&lt;\/p&gt;\n\" data-large-file=\"https:\/\/blog.laviny.sk\/wp-content\/uploads\/2025\/03\/Vysoke_Tatry_Mengusovska_dolina_2025-03-05-768x1024.jpg\" data-id=\"13066\" src=\"https:\/\/blog.laviny.sk\/wp-content\/uploads\/2025\/03\/Vysoke_Tatry_Mengusovska_dolina_2025-03-05-768x1024.jpg\" alt=\"\" class=\"wp-image-13066\" srcset=\"https:\/\/blog.laviny.sk\/wp-content\/uploads\/2025\/03\/Vysoke_Tatry_Mengusovska_dolina_2025-03-05-768x1024.jpg 768w, https:\/\/blog.laviny.sk\/wp-content\/uploads\/2025\/03\/Vysoke_Tatry_Mengusovska_dolina_2025-03-05-225x300.jpg 225w, https:\/\/blog.laviny.sk\/wp-content\/uploads\/2025\/03\/Vysoke_Tatry_Mengusovska_dolina_2025-03-05-1152x1536.jpg 1152w, https:\/\/blog.laviny.sk\/wp-content\/uploads\/2025\/03\/Vysoke_Tatry_Mengusovska_dolina_2025-03-05.jpg 1200w\" sizes=\"auto, (max-width: 768px) 100vw, 768px\" \/><figcaption class=\"wp-element-caption\">Vysok\u00e9 Tatry, Mengusovsk\u00e1 dolina 2025-03-05<\/figcaption><\/figure>\n\n\n\n<figure class=\"wp-block-image size-large\"><img loading=\"lazy\" decoding=\"async\" width=\"1024\" height=\"768\" data-attachment-id=\"13065\" data-permalink=\"https:\/\/blog.laviny.sk\/?attachment_id=13065\" data-orig-file=\"https:\/\/blog.laviny.sk\/wp-content\/uploads\/2025\/03\/Vysoke_Tatry_Galeria_ganku_2025-03-05.jpg\" data-orig-size=\"1200,900\" data-comments-opened=\"1\" data-image-meta=\"{&quot;aperture&quot;:&quot;1.8&quot;,&quot;credit&quot;:&quot;&quot;,&quot;camera&quot;:&quot;Galaxy S23&quot;,&quot;caption&quot;:&quot;&quot;,&quot;created_timestamp&quot;:&quot;1741179030&quot;,&quot;copyright&quot;:&quot;&quot;,&quot;focal_length&quot;:&quot;5.4&quot;,&quot;iso&quot;:&quot;25&quot;,&quot;shutter_speed&quot;:&quot;0.0011454753722795&quot;,&quot;title&quot;:&quot;&quot;,&quot;orientation&quot;:&quot;1&quot;}\" data-image-title=\"Vysoke_Tatry_Galeria_ganku_2025-03-05\" data-image-description=\"\" data-image-caption=\"&lt;p&gt;Vysok\u00e9 Tatry, Ganek, Gal\u00e9ria, 2025-03-05&lt;\/p&gt;\n\" data-large-file=\"https:\/\/blog.laviny.sk\/wp-content\/uploads\/2025\/03\/Vysoke_Tatry_Galeria_ganku_2025-03-05-1024x768.jpg\" data-id=\"13065\" src=\"https:\/\/blog.laviny.sk\/wp-content\/uploads\/2025\/03\/Vysoke_Tatry_Galeria_ganku_2025-03-05-1024x768.jpg\" alt=\"\" class=\"wp-image-13065\" srcset=\"https:\/\/blog.laviny.sk\/wp-content\/uploads\/2025\/03\/Vysoke_Tatry_Galeria_ganku_2025-03-05-1024x768.jpg 1024w, https:\/\/blog.laviny.sk\/wp-content\/uploads\/2025\/03\/Vysoke_Tatry_Galeria_ganku_2025-03-05-300x225.jpg 300w, https:\/\/blog.laviny.sk\/wp-content\/uploads\/2025\/03\/Vysoke_Tatry_Galeria_ganku_2025-03-05-768x576.jpg 768w, https:\/\/blog.laviny.sk\/wp-content\/uploads\/2025\/03\/Vysoke_Tatry_Galeria_ganku_2025-03-05.jpg 1200w\" sizes=\"auto, (max-width: 1024px) 100vw, 1024px\" \/><figcaption class=\"wp-element-caption\">Vysok\u00e9 Tatry, Ganek, Gal\u00e9ria, 2025-03-05<\/figcaption><\/figure>\n<\/figure>\n","protected":false},"excerpt":{"rendered":"<p>V minul\u00fdch t\u00fd\u017ed\u0148och prevl\u00e1dalo v na\u0161ich hor\u00e1ch such\u00e9 a chladn\u00e9 po\u010dasie. V\u00e4\u010d\u0161inou to bola tlakov\u00e1 v\u00fd\u0161. Posledn\u00e9 relevantn\u00e9 sne\u017eenie nastalo 10-11.1.2025. d\u00f4sledok v\u00fdvoja po\u010dasia mal vplyv aj na stupe\u0148 lav\u00ednov\u00e9ho nebezpe\u010denstva. Od 21.1.2025 pretrv\u00e1val vo v\u0161etk\u00fdch v pohoriach Slovenska 1. stupe\u0148 lav\u00ednov\u00e9ho nebezpe\u010denstva. Sneh bol stabilizovan\u00fd, na povrchu sa postupne vytvorila tvrd\u00e1 vrstva firnu, alebo&hellip;<\/p>\n","protected":false},"author":1,"featured_media":13065,"comment_status":"open","ping_status":"open","sticky":false,"template":"","format":"standard","meta":{"jetpack_post_was_ever_published":false,"_jetpack_newsletter_access":"","_jetpack_dont_email_post_to_subs":false,"_jetpack_newsletter_tier_id":0,"_jetpack_memberships_contains_paywalled_content":false,"_jetpack_memberships_contains_paid_content":false,"footnotes":"","jetpack_publicize_message":"","jetpack_publicize_feature_enabled":true,"jetpack_social_post_already_shared":true,"jetpack_social_options":{"image_generator_settings":{"template":"highway","default_image_id":0,"font":"","enabled":false},"version":2}},"categories":[2,4],"tags":[66,67,477,116,123,154,157,233],"class_list":["post-12974","post","type-post","status-publish","format-standard","has-post-thumbnail","hentry","category-lavinove-nehody","category-pocasie-sneh-a-laviny","tag-lavina","tag-lavinova-nehoda","tag-meteorologia","tag-oteplenie","tag-pocasie","tag-sneh","tag-snezenie","tag-vyvoj-pocasia"],"jetpack_publicize_connections":[],"jetpack_featured_media_url":"https:\/\/blog.laviny.sk\/wp-content\/uploads\/2025\/03\/Vysoke_Tatry_Galeria_ganku_2025-03-05.jpg","jetpack_sharing_enabled":true,"jetpack_shortlink":"https:\/\/wp.me\/p8DxWh-3ng","jetpack-related-posts":[],"_links":{"self":[{"href":"https:\/\/blog.laviny.sk\/index.php?rest_route=\/wp\/v2\/posts\/12974","targetHints":{"allow":["GET"]}}],"collection":[{"href":"https:\/\/blog.laviny.sk\/index.php?rest_route=\/wp\/v2\/posts"}],"about":[{"href":"https:\/\/blog.laviny.sk\/index.php?rest_route=\/wp\/v2\/types\/post"}],"author":[{"embeddable":true,"href":"https:\/\/blog.laviny.sk\/index.php?rest_route=\/wp\/v2\/users\/1"}],"replies":[{"embeddable":true,"href":"https:\/\/blog.laviny.sk\/index.php?rest_route=%2Fwp%2Fv2%2Fcomments&post=12974"}],"version-history":[{"count":24,"href":"https:\/\/blog.laviny.sk\/index.php?rest_route=\/wp\/v2\/posts\/12974\/revisions"}],"predecessor-version":[{"id":13076,"href":"https:\/\/blog.laviny.sk\/index.php?rest_route=\/wp\/v2\/posts\/12974\/revisions\/13076"}],"wp:featuredmedia":[{"embeddable":true,"href":"https:\/\/blog.laviny.sk\/index.php?rest_route=\/wp\/v2\/media\/13065"}],"wp:attachment":[{"href":"https:\/\/blog.laviny.sk\/index.php?rest_route=%2Fwp%2Fv2%2Fmedia&parent=12974"}],"wp:term":[{"taxonomy":"category","embeddable":true,"href":"https:\/\/blog.laviny.sk\/index.php?rest_route=%2Fwp%2Fv2%2Fcategories&post=12974"},{"taxonomy":"post_tag","embeddable":true,"href":"https:\/\/blog.laviny.sk\/index.php?rest_route=%2Fwp%2Fv2%2Ftags&post=12974"}],"curies":[{"name":"wp","href":"https:\/\/api.w.org\/{rel}","templated":true}]}}