{"id":11809,"date":"2024-02-23T14:59:44","date_gmt":"2024-02-23T13:59:44","guid":{"rendered":"https:\/\/blog.laviny.sk\/?p=11809"},"modified":"2024-02-23T14:59:46","modified_gmt":"2024-02-23T13:59:46","slug":"teplaren-pokracuje-aj-nadalej-prehlad-a-vyvoj-pocasia-a-lavinovej-situacie-od-soboty-17-2-2024-po-piatok-23-2-2024","status":"publish","type":"post","link":"https:\/\/blog.laviny.sk\/?p=11809","title":{"rendered":"Tepl\u00e1re\u0148 pokra\u010duje aj na\u010falej. Preh\u013ead a v\u00fdvoj po\u010dasia a lav\u00ednovej situ\u00e1cie od soboty 17.2.2024 po piatok 23.2.2024"},"content":{"rendered":"\n<p>Tak ako sme si u\u017e t\u00fato zimu pomaly zvykli, aj minul\u00fd v\u00edkend a posledn\u00fd t\u00fd\u017ede\u0148 sa niesol vo ve\u013emi teplom \u0161t\u00fdle. Izoterma 0\u00b0C dosahovala po\u010das soboty hranicu 2000 m n.m. Na svahoch sa postupne vytv\u00e1rali n\u00e1tr\u017ee &#8211; znak mo\u017en\u00fdch z\u00e1kladov\u00fdch lav\u00edn, zaznamenali sme viacero lav\u00edn z tepla a mokr\u00e9ho snehu.  Z nedele na pondelok sa mierne ochladilo, snehov\u00e1 pokr\u00fdvka zmrzla, na povrchu sa vytvorila siln\u00e1 vrstva k\u00f4ry, pr\u00edpadne a\u017e \u013eadov\u00e1 vrstva. <\/p>\n\n\n\n<figure class=\"wp-block-image size-full\"><img loading=\"lazy\" decoding=\"async\" width=\"935\" height=\"340\" data-attachment-id=\"11810\" data-permalink=\"https:\/\/blog.laviny.sk\/?attachment_id=11810#main\" data-orig-file=\"https:\/\/blog.laviny.sk\/wp-content\/uploads\/2024\/02\/priebeh_teplot_ladove_pleso_19.2.2024-21.2.2024.png\" data-orig-size=\"935,340\" data-comments-opened=\"1\" data-image-meta=\"{&quot;aperture&quot;:&quot;0&quot;,&quot;credit&quot;:&quot;&quot;,&quot;camera&quot;:&quot;&quot;,&quot;caption&quot;:&quot;&quot;,&quot;created_timestamp&quot;:&quot;0&quot;,&quot;copyright&quot;:&quot;&quot;,&quot;focal_length&quot;:&quot;0&quot;,&quot;iso&quot;:&quot;0&quot;,&quot;shutter_speed&quot;:&quot;0&quot;,&quot;title&quot;:&quot;&quot;,&quot;orientation&quot;:&quot;0&quot;}\" data-image-title=\"priebeh_teplot_ladove_pleso_19.2.2024-21.2.2024\" data-image-description=\"\" data-image-caption=\"\" data-large-file=\"https:\/\/blog.laviny.sk\/wp-content\/uploads\/2024\/02\/priebeh_teplot_ladove_pleso_19.2.2024-21.2.2024.png\" src=\"https:\/\/blog.laviny.sk\/wp-content\/uploads\/2024\/02\/priebeh_teplot_ladove_pleso_19.2.2024-21.2.2024.png\" alt=\"Vysok\u00e9 Tatry, AMS \u013dadov\u00e9 pleso 2063 m.n.m, priebeh tepl\u00f4t v \u00b0C od 19.2.2024 po 22.2.2024\" class=\"wp-image-11810\" srcset=\"https:\/\/blog.laviny.sk\/wp-content\/uploads\/2024\/02\/priebeh_teplot_ladove_pleso_19.2.2024-21.2.2024.png 935w, https:\/\/blog.laviny.sk\/wp-content\/uploads\/2024\/02\/priebeh_teplot_ladove_pleso_19.2.2024-21.2.2024-300x109.png 300w, https:\/\/blog.laviny.sk\/wp-content\/uploads\/2024\/02\/priebeh_teplot_ladove_pleso_19.2.2024-21.2.2024-768x279.png 768w\" sizes=\"auto, (max-width: 935px) 100vw, 935px\" \/><figcaption class=\"wp-element-caption\"><em>Vysok\u00e9 Tatry, AMS \u013dadov\u00e9 pleso 2063 m.n.m, priebeh tepl\u00f4t v \u00b0C od 19.2.2024 po 22.2.2024<\/em><\/figcaption><\/figure>\n\n\n\n<figure class=\"wp-block-image size-full\"><img loading=\"lazy\" decoding=\"async\" width=\"935\" height=\"340\" data-attachment-id=\"11811\" data-permalink=\"https:\/\/blog.laviny.sk\/?attachment_id=11811#main\" data-orig-file=\"https:\/\/blog.laviny.sk\/wp-content\/uploads\/2024\/02\/salatinska_dolina_teploty_19_02_2024-22_02_2024.png\" data-orig-size=\"935,340\" data-comments-opened=\"1\" data-image-meta=\"{&quot;aperture&quot;:&quot;0&quot;,&quot;credit&quot;:&quot;&quot;,&quot;camera&quot;:&quot;&quot;,&quot;caption&quot;:&quot;&quot;,&quot;created_timestamp&quot;:&quot;0&quot;,&quot;copyright&quot;:&quot;&quot;,&quot;focal_length&quot;:&quot;0&quot;,&quot;iso&quot;:&quot;0&quot;,&quot;shutter_speed&quot;:&quot;0&quot;,&quot;title&quot;:&quot;&quot;,&quot;orientation&quot;:&quot;0&quot;}\" data-image-title=\"salatinska_dolina_teploty_19_02_2024-22_02_2024\" data-image-description=\"\" data-image-caption=\"\" data-large-file=\"https:\/\/blog.laviny.sk\/wp-content\/uploads\/2024\/02\/salatinska_dolina_teploty_19_02_2024-22_02_2024.png\" src=\"https:\/\/blog.laviny.sk\/wp-content\/uploads\/2024\/02\/salatinska_dolina_teploty_19_02_2024-22_02_2024.png\" alt=\"Z\u00e1padn\u00e9 Tatry, AMS salat\u00ednska dolina 1625 m.n.m, priebeh tepl\u00f4t v \u00b0C od 19.2.2024 po 22.2.2024\" class=\"wp-image-11811\" srcset=\"https:\/\/blog.laviny.sk\/wp-content\/uploads\/2024\/02\/salatinska_dolina_teploty_19_02_2024-22_02_2024.png 935w, https:\/\/blog.laviny.sk\/wp-content\/uploads\/2024\/02\/salatinska_dolina_teploty_19_02_2024-22_02_2024-300x109.png 300w, https:\/\/blog.laviny.sk\/wp-content\/uploads\/2024\/02\/salatinska_dolina_teploty_19_02_2024-22_02_2024-768x279.png 768w\" sizes=\"auto, (max-width: 935px) 100vw, 935px\" \/><figcaption class=\"wp-element-caption\"><em>Z\u00e1padn\u00e9 Tatry, AMS salat\u00ednska dolina 1625 m.n.m, priebeh tepl\u00f4t v \u00b0C od 19.2.2024 po 22.2.2024<\/em><\/figcaption><\/figure>\n\n\n\n<p>Za\u010diatok t\u00fd\u017ed\u0148a bol s\u00edce na dan\u00e9 obdobie tepl\u00fd, ale v\u00f4bec to nebolo na slne\u010dn\u00e9 okuliare. Po\u010dasie ovplyv\u0148oval okl\u00fazny front a br\u00e1zda n\u00edzkeho tlaku vzduchu. To striedavo prin\u00e1\u0161alo vysok\u00fa mieru obla\u010dnosti, mierne zr\u00e1\u017eky a ako inak, siln\u00fd vietor. <\/p>\n\n\n\n<figure class=\"wp-block-image size-full\"><img loading=\"lazy\" decoding=\"async\" width=\"935\" height=\"340\" data-attachment-id=\"11814\" data-permalink=\"https:\/\/blog.laviny.sk\/?attachment_id=11814#main\" data-orig-file=\"https:\/\/blog.laviny.sk\/wp-content\/uploads\/2024\/02\/Ladove_pleso_sila_vetra_19_02_2024-22_02_2024.png\" data-orig-size=\"935,340\" data-comments-opened=\"1\" data-image-meta=\"{&quot;aperture&quot;:&quot;0&quot;,&quot;credit&quot;:&quot;&quot;,&quot;camera&quot;:&quot;&quot;,&quot;caption&quot;:&quot;&quot;,&quot;created_timestamp&quot;:&quot;0&quot;,&quot;copyright&quot;:&quot;&quot;,&quot;focal_length&quot;:&quot;0&quot;,&quot;iso&quot;:&quot;0&quot;,&quot;shutter_speed&quot;:&quot;0&quot;,&quot;title&quot;:&quot;&quot;,&quot;orientation&quot;:&quot;0&quot;}\" data-image-title=\"Ladove_pleso_sila_vetra_19_02_2024-22_02_2024\" data-image-description=\"\" data-image-caption=\"\" data-large-file=\"https:\/\/blog.laviny.sk\/wp-content\/uploads\/2024\/02\/Ladove_pleso_sila_vetra_19_02_2024-22_02_2024.png\" src=\"https:\/\/blog.laviny.sk\/wp-content\/uploads\/2024\/02\/Ladove_pleso_sila_vetra_19_02_2024-22_02_2024.png\" alt=\"Vysok\u00e9 Tatry, AMS \u013dadov\u00e9 pleso 2063 m.n.m, sila vetra a sila vetra v n\u00e1razoch v m\/s  od 19.2.2024 po 22.2.2024\n\" class=\"wp-image-11814\" srcset=\"https:\/\/blog.laviny.sk\/wp-content\/uploads\/2024\/02\/Ladove_pleso_sila_vetra_19_02_2024-22_02_2024.png 935w, https:\/\/blog.laviny.sk\/wp-content\/uploads\/2024\/02\/Ladove_pleso_sila_vetra_19_02_2024-22_02_2024-300x109.png 300w, https:\/\/blog.laviny.sk\/wp-content\/uploads\/2024\/02\/Ladove_pleso_sila_vetra_19_02_2024-22_02_2024-768x279.png 768w\" sizes=\"auto, (max-width: 935px) 100vw, 935px\" \/><figcaption class=\"wp-element-caption\"><em>Vysok\u00e9 Tatry, AMS \u013dadov\u00e9 pleso 2063 m.n.m, sila vetra a sila vetra v n\u00e1razoch v m\/s od 19.2.2024 po 22.2.2024<\/em><\/figcaption><\/figure>\n\n\n\n<figure class=\"wp-block-image size-full\"><img loading=\"lazy\" decoding=\"async\" width=\"935\" height=\"340\" data-attachment-id=\"11815\" data-permalink=\"https:\/\/blog.laviny.sk\/?attachment_id=11815#main\" data-orig-file=\"https:\/\/blog.laviny.sk\/wp-content\/uploads\/2024\/02\/holy_vrch_sila_vetra.png\" data-orig-size=\"935,340\" data-comments-opened=\"1\" data-image-meta=\"{&quot;aperture&quot;:&quot;0&quot;,&quot;credit&quot;:&quot;&quot;,&quot;camera&quot;:&quot;&quot;,&quot;caption&quot;:&quot;&quot;,&quot;created_timestamp&quot;:&quot;0&quot;,&quot;copyright&quot;:&quot;&quot;,&quot;focal_length&quot;:&quot;0&quot;,&quot;iso&quot;:&quot;0&quot;,&quot;shutter_speed&quot;:&quot;0&quot;,&quot;title&quot;:&quot;&quot;,&quot;orientation&quot;:&quot;0&quot;}\" data-image-title=\"holy_vrch_sila_vetra\" data-image-description=\"\" data-image-caption=\"\" data-large-file=\"https:\/\/blog.laviny.sk\/wp-content\/uploads\/2024\/02\/holy_vrch_sila_vetra.png\" src=\"https:\/\/blog.laviny.sk\/wp-content\/uploads\/2024\/02\/holy_vrch_sila_vetra.png\" alt=\"Z\u00e1padn\u00e9 Tatry, AMS Hol\u00fd vrch 1876 m n.m., sila vetra a sila vetra v n\u00e1razoch v m\/s od 19.2.2024 po 22.2.2024\n\" class=\"wp-image-11815\" srcset=\"https:\/\/blog.laviny.sk\/wp-content\/uploads\/2024\/02\/holy_vrch_sila_vetra.png 935w, https:\/\/blog.laviny.sk\/wp-content\/uploads\/2024\/02\/holy_vrch_sila_vetra-300x109.png 300w, https:\/\/blog.laviny.sk\/wp-content\/uploads\/2024\/02\/holy_vrch_sila_vetra-768x279.png 768w\" sizes=\"auto, (max-width: 935px) 100vw, 935px\" \/><figcaption class=\"wp-element-caption\"><em>Z\u00e1padn\u00e9 Tatry, AMS Hol\u00fd vrch 1876 m n.m., sila vetra a sila vetra v n\u00e1razoch v m\/s od 19.2.2024 po 22.2.2024<\/em><\/figcaption><\/figure>\n\n\n\n<p>Ka\u017ed\u00e9 popoludnie pripadlo v najvy\u0161\u0161\u00edch poloh\u00e1ch pribli\u017ene 5 cm snehov\u00fdch zr\u00e1\u017eok, najv\u00fdraznej\u0161\u00ed pr\u00edbytok snehu sme zaznamenali z utorka na stredu v Z\u00e1padn\u00fdch Tatr\u00e1ch. Tak ako minul\u00fd t\u00fd\u017ede\u0148 aj teraz mali zr\u00e1\u017eky v stredn\u00fdch a n\u00edzkych poloh\u00e1ch da\u017e\u010fov\u00fd charakter. D\u00e1\u017e\u010f intenz\u00edvne zm\u00fdva sneh z ni\u017e\u0161\u00edch pol\u00f4h a tak v niektor\u00fdch horstv\u00e1ch Slovenska (orientovan\u00fdch preva\u017ene v z\u00e1padnej \u010dasti) nast\u00e1va zauj\u00edmav\u00fd jav &#8211; takmer \u017eiadna snehov\u00e1 pokr\u00fdvka v n\u00edzkych poloh\u00e1ch a nadpriemern\u00e1 pokr\u00fdvka vo vysok\u00fdch poloh\u00e1ch. <\/p>\n\n\n\n<figure class=\"wp-block-image size-full\"><img loading=\"lazy\" decoding=\"async\" width=\"935\" height=\"340\" data-attachment-id=\"11817\" data-permalink=\"https:\/\/blog.laviny.sk\/?attachment_id=11817#main\" data-orig-file=\"https:\/\/blog.laviny.sk\/wp-content\/uploads\/2024\/02\/hruba_kopa_sneh.png\" data-orig-size=\"935,340\" data-comments-opened=\"1\" data-image-meta=\"{&quot;aperture&quot;:&quot;0&quot;,&quot;credit&quot;:&quot;&quot;,&quot;camera&quot;:&quot;&quot;,&quot;caption&quot;:&quot;&quot;,&quot;created_timestamp&quot;:&quot;0&quot;,&quot;copyright&quot;:&quot;&quot;,&quot;focal_length&quot;:&quot;0&quot;,&quot;iso&quot;:&quot;0&quot;,&quot;shutter_speed&quot;:&quot;0&quot;,&quot;title&quot;:&quot;&quot;,&quot;orientation&quot;:&quot;0&quot;}\" data-image-title=\"hruba_kopa_sneh\" data-image-description=\"\" data-image-caption=\"\" data-large-file=\"https:\/\/blog.laviny.sk\/wp-content\/uploads\/2024\/02\/hruba_kopa_sneh.png\" src=\"https:\/\/blog.laviny.sk\/wp-content\/uploads\/2024\/02\/hruba_kopa_sneh.png\" alt=\"Z\u00e1padn\u00e9 Tatry, AMS pod Hrubou kopou 1804 m n.m. V\u00fdvoj v\u00fd\u0161ky snehovej pokr\u00fdvky v cm od 19.2.2024 po 22.2.2024\" class=\"wp-image-11817\" srcset=\"https:\/\/blog.laviny.sk\/wp-content\/uploads\/2024\/02\/hruba_kopa_sneh.png 935w, https:\/\/blog.laviny.sk\/wp-content\/uploads\/2024\/02\/hruba_kopa_sneh-300x109.png 300w, https:\/\/blog.laviny.sk\/wp-content\/uploads\/2024\/02\/hruba_kopa_sneh-768x279.png 768w\" sizes=\"auto, (max-width: 935px) 100vw, 935px\" \/><figcaption class=\"wp-element-caption\"><em>Z\u00e1padn\u00e9 Tatry, AMS pod Hrubou kopou 1804 m n.m. V\u00fdvoj v\u00fd\u0161ky snehovej pokr\u00fdvky v cm od 19.2.2024 po 22.2.2024<\/em><\/figcaption><\/figure>\n\n\n\n<figure class=\"wp-block-image size-full\"><img loading=\"lazy\" decoding=\"async\" width=\"935\" height=\"340\" data-attachment-id=\"11818\" data-permalink=\"https:\/\/blog.laviny.sk\/?attachment_id=11818#main\" data-orig-file=\"https:\/\/blog.laviny.sk\/wp-content\/uploads\/2024\/02\/lomnicke_sedlo_sneh.png\" data-orig-size=\"935,340\" data-comments-opened=\"1\" data-image-meta=\"{&quot;aperture&quot;:&quot;0&quot;,&quot;credit&quot;:&quot;&quot;,&quot;camera&quot;:&quot;&quot;,&quot;caption&quot;:&quot;&quot;,&quot;created_timestamp&quot;:&quot;0&quot;,&quot;copyright&quot;:&quot;&quot;,&quot;focal_length&quot;:&quot;0&quot;,&quot;iso&quot;:&quot;0&quot;,&quot;shutter_speed&quot;:&quot;0&quot;,&quot;title&quot;:&quot;&quot;,&quot;orientation&quot;:&quot;0&quot;}\" data-image-title=\"lomnicke_sedlo_sneh\" data-image-description=\"\" data-image-caption=\"\" data-large-file=\"https:\/\/blog.laviny.sk\/wp-content\/uploads\/2024\/02\/lomnicke_sedlo_sneh.png\" src=\"https:\/\/blog.laviny.sk\/wp-content\/uploads\/2024\/02\/lomnicke_sedlo_sneh.png\" alt=\"Vysok\u00e9 Tatry, AMS Lomnick\u00e9 sedlo 2190 m n.m. V\u00fdvoj v\u00fd\u0161ky snehovej pokr\u00fdvky v cm od 19.2.2024 po 22.2.2024\" class=\"wp-image-11818\" srcset=\"https:\/\/blog.laviny.sk\/wp-content\/uploads\/2024\/02\/lomnicke_sedlo_sneh.png 935w, https:\/\/blog.laviny.sk\/wp-content\/uploads\/2024\/02\/lomnicke_sedlo_sneh-300x109.png 300w, https:\/\/blog.laviny.sk\/wp-content\/uploads\/2024\/02\/lomnicke_sedlo_sneh-768x279.png 768w\" sizes=\"auto, (max-width: 935px) 100vw, 935px\" \/><figcaption class=\"wp-element-caption\"><em>Vysok\u00e9 Tatry, AMS Lomnick\u00e9 sedlo 2190 m n.m. V\u00fdvoj v\u00fd\u0161ky snehovej pokr\u00fdvky v cm od 19.2.2024 po 22.2.2024<\/em><\/figcaption><\/figure>\n\n\n\n<p>Stupe\u0148 lav\u00ednov\u00e9ho nebezpe\u010denstva sa po cel\u00fd t\u00fd\u017ede\u0148 udr\u017eiaval na 2. stupni. Vo vysok\u00fdch poloh\u00e1ch bol probl\u00e9m nov\u00fd pr\u00edpadne vetrom previaty sneh, v ni\u017e\u0161\u00edch mokr\u00fd sneh. Cez v\u00edkend o\u010dak\u00e1vame na\u010falej nadpriemern\u00e9 tepl\u00e9 po\u010dasie, hranice sne\u017eenia sa posunie nad 1800 m n.m. a bude sprev\u00e1dzan\u00e1 siln\u00fdm ju\u017en\u00fdm vetrom. Nov\u00fd sneh bude previevan\u00fd na z\u00e1vetern\u00e9 strany pohor\u00ed &#8211; preva\u017ene S, SV a V. Pozor si dajte na vetrom previaty sneh v najvy\u0161\u0161\u00edch expoz\u00edci\u00e1ch. Bohat\u00e9 zr\u00e1\u017eky bud\u00fa ma\u0165 v stredn\u00fdch poloh\u00e1ch da\u017e\u010fov\u00fd charakter &#8211; sneh bude intenz\u00edvne prem\u00e1\u010dan\u00fd. V t\u00fdchto poloh\u00e1ch na v\u0161etk\u00fdch expoz\u00edci\u00e1ch bud\u00fa hrozi\u0165 samovo\u013en\u00e9 mokr\u00e9 lav\u00edny, ktor\u00e9 m\u00f4\u017eu ma\u0165 aj ve\u013ek\u00fa ve\u013ekos\u0165. Obzvl\u00e1\u0161\u0165 sa vyhnite svahom s vytvoren\u00fdmi n\u00e1tr\u017eami!<\/p>\n\n\n\n<figure class=\"wp-block-gallery has-nested-images columns-default is-cropped wp-block-gallery-1 is-layout-flex wp-block-gallery-is-layout-flex\">\n<figure class=\"wp-block-image size-large\"><img loading=\"lazy\" decoding=\"async\" width=\"768\" height=\"1024\" data-attachment-id=\"11831\" data-permalink=\"https:\/\/blog.laviny.sk\/?attachment_id=11831#main\" data-orig-file=\"https:\/\/blog.laviny.sk\/wp-content\/uploads\/2024\/02\/img1-4.jpg\" data-orig-size=\"1000,1333\" data-comments-opened=\"1\" data-image-meta=\"{&quot;aperture&quot;:&quot;1.7&quot;,&quot;credit&quot;:&quot;&quot;,&quot;camera&quot;:&quot;SM-G715FN&quot;,&quot;caption&quot;:&quot;&quot;,&quot;created_timestamp&quot;:&quot;1708251341&quot;,&quot;copyright&quot;:&quot;&quot;,&quot;focal_length&quot;:&quot;3.92&quot;,&quot;iso&quot;:&quot;40&quot;,&quot;shutter_speed&quot;:&quot;0.00047192071731949&quot;,&quot;title&quot;:&quot;&quot;,&quot;orientation&quot;:&quot;1&quot;}\" data-image-title=\"img1-4\" data-image-description=\"\" data-image-caption=\"\" data-large-file=\"https:\/\/blog.laviny.sk\/wp-content\/uploads\/2024\/02\/img1-4-768x1024.jpg\" data-id=\"11831\" src=\"https:\/\/blog.laviny.sk\/wp-content\/uploads\/2024\/02\/img1-4-768x1024.jpg\" alt=\"19.2.2024, N\u00edzke Tatry, poh\u013ead na Sin\u00fa\" class=\"wp-image-11831\" srcset=\"https:\/\/blog.laviny.sk\/wp-content\/uploads\/2024\/02\/img1-4-768x1024.jpg 768w, https:\/\/blog.laviny.sk\/wp-content\/uploads\/2024\/02\/img1-4-225x300.jpg 225w, https:\/\/blog.laviny.sk\/wp-content\/uploads\/2024\/02\/img1-4.jpg 1000w\" sizes=\"auto, (max-width: 768px) 100vw, 768px\" \/><figcaption class=\"wp-element-caption\"><em>19.2.2024, N\u00edzke Tatry, poh\u013ead na Sin\u00fa<\/em><\/figcaption><\/figure>\n\n\n\n<figure class=\"wp-block-image size-large\"><img loading=\"lazy\" decoding=\"async\" width=\"1000\" height=\"562\" data-attachment-id=\"11830\" data-permalink=\"https:\/\/blog.laviny.sk\/?attachment_id=11830#main\" data-orig-file=\"https:\/\/blog.laviny.sk\/wp-content\/uploads\/2024\/02\/img2-1.jpg\" data-orig-size=\"1000,562\" data-comments-opened=\"1\" data-image-meta=\"{&quot;aperture&quot;:&quot;1.7&quot;,&quot;credit&quot;:&quot;&quot;,&quot;camera&quot;:&quot;SM-G892A&quot;,&quot;caption&quot;:&quot;&quot;,&quot;created_timestamp&quot;:&quot;1708596004&quot;,&quot;copyright&quot;:&quot;&quot;,&quot;focal_length&quot;:&quot;4.25&quot;,&quot;iso&quot;:&quot;50&quot;,&quot;shutter_speed&quot;:&quot;0.00012600806451613&quot;,&quot;title&quot;:&quot;&quot;,&quot;orientation&quot;:&quot;1&quot;}\" data-image-title=\"img2-1\" data-image-description=\"\" data-image-caption=\"\" data-large-file=\"https:\/\/blog.laviny.sk\/wp-content\/uploads\/2024\/02\/img2-1.jpg\" data-id=\"11830\" src=\"https:\/\/blog.laviny.sk\/wp-content\/uploads\/2024\/02\/img2-1.jpg\" alt=\"22.2.2024, Z\u00e1padn\u00e9 Tatry, poh\u013ead na n\u00e1tr\u017e na Pr\u00edslope\" class=\"wp-image-11830\" srcset=\"https:\/\/blog.laviny.sk\/wp-content\/uploads\/2024\/02\/img2-1.jpg 1000w, https:\/\/blog.laviny.sk\/wp-content\/uploads\/2024\/02\/img2-1-300x169.jpg 300w, https:\/\/blog.laviny.sk\/wp-content\/uploads\/2024\/02\/img2-1-768x432.jpg 768w, https:\/\/blog.laviny.sk\/wp-content\/uploads\/2024\/02\/img2-1-460x260.jpg 460w\" sizes=\"auto, (max-width: 1000px) 100vw, 1000px\" \/><figcaption class=\"wp-element-caption\"><em>22.2.2024, Z\u00e1padn\u00e9 Tatry, poh\u013ead na n\u00e1tr\u017e na Pr\u00edslo<\/em>pe<\/figcaption><\/figure>\n\n\n\n<figure class=\"wp-block-image size-large\"><img loading=\"lazy\" decoding=\"async\" width=\"1000\" height=\"562\" data-attachment-id=\"11823\" data-permalink=\"https:\/\/blog.laviny.sk\/?attachment_id=11823#main\" data-orig-file=\"https:\/\/blog.laviny.sk\/wp-content\/uploads\/2024\/02\/img3-1.jpg\" data-orig-size=\"1000,562\" data-comments-opened=\"1\" data-image-meta=\"{&quot;aperture&quot;:&quot;1.7&quot;,&quot;credit&quot;:&quot;&quot;,&quot;camera&quot;:&quot;SM-G892A&quot;,&quot;caption&quot;:&quot;&quot;,&quot;created_timestamp&quot;:&quot;1708596545&quot;,&quot;copyright&quot;:&quot;&quot;,&quot;focal_length&quot;:&quot;4.25&quot;,&quot;iso&quot;:&quot;50&quot;,&quot;shutter_speed&quot;:&quot;0.0001270325203252&quot;,&quot;title&quot;:&quot;&quot;,&quot;orientation&quot;:&quot;1&quot;}\" data-image-title=\"img3-1\" data-image-description=\"\" data-image-caption=\"\" data-large-file=\"https:\/\/blog.laviny.sk\/wp-content\/uploads\/2024\/02\/img3-1.jpg\" data-id=\"11823\" src=\"https:\/\/blog.laviny.sk\/wp-content\/uploads\/2024\/02\/img3-1.jpg\" alt=\"22.2.2024, Z\u00e1padn\u00e9 Tatry, poh\u013ead na Ban\u00edkovsk\u00fd kotol\" class=\"wp-image-11823\" srcset=\"https:\/\/blog.laviny.sk\/wp-content\/uploads\/2024\/02\/img3-1.jpg 1000w, https:\/\/blog.laviny.sk\/wp-content\/uploads\/2024\/02\/img3-1-300x169.jpg 300w, https:\/\/blog.laviny.sk\/wp-content\/uploads\/2024\/02\/img3-1-768x432.jpg 768w, https:\/\/blog.laviny.sk\/wp-content\/uploads\/2024\/02\/img3-1-460x260.jpg 460w\" sizes=\"auto, (max-width: 1000px) 100vw, 1000px\" \/><figcaption class=\"wp-element-caption\"><em>22.2.2024, Z\u00e1padn\u00e9 Tatry, poh\u013ead na Ban\u00edkovsk\u00fd kotol<\/em><\/figcaption><\/figure>\n\n\n\n<figure class=\"wp-block-image size-large\"><img loading=\"lazy\" decoding=\"async\" width=\"1000\" height=\"562\" data-attachment-id=\"11829\" data-permalink=\"https:\/\/blog.laviny.sk\/?attachment_id=11829#main\" data-orig-file=\"https:\/\/blog.laviny.sk\/wp-content\/uploads\/2024\/02\/img4-1.jpg\" data-orig-size=\"1000,562\" data-comments-opened=\"1\" data-image-meta=\"{&quot;aperture&quot;:&quot;1.7&quot;,&quot;credit&quot;:&quot;&quot;,&quot;camera&quot;:&quot;SM-G892A&quot;,&quot;caption&quot;:&quot;&quot;,&quot;created_timestamp&quot;:&quot;1708598067&quot;,&quot;copyright&quot;:&quot;&quot;,&quot;focal_length&quot;:&quot;4.25&quot;,&quot;iso&quot;:&quot;50&quot;,&quot;shutter_speed&quot;:&quot;4.2691256830601E-5&quot;,&quot;title&quot;:&quot;&quot;,&quot;orientation&quot;:&quot;1&quot;}\" data-image-title=\"img4-1\" data-image-description=\"\" data-image-caption=\"\" data-large-file=\"https:\/\/blog.laviny.sk\/wp-content\/uploads\/2024\/02\/img4-1.jpg\" data-id=\"11829\" src=\"https:\/\/blog.laviny.sk\/wp-content\/uploads\/2024\/02\/img4-1.jpg\" alt=\"22.2.2024, Z\u00e1padn\u00e9 Tatry, hra mrakov, slnka a tie\u0148a nad Barancom\" class=\"wp-image-11829\" srcset=\"https:\/\/blog.laviny.sk\/wp-content\/uploads\/2024\/02\/img4-1.jpg 1000w, https:\/\/blog.laviny.sk\/wp-content\/uploads\/2024\/02\/img4-1-300x169.jpg 300w, https:\/\/blog.laviny.sk\/wp-content\/uploads\/2024\/02\/img4-1-768x432.jpg 768w, https:\/\/blog.laviny.sk\/wp-content\/uploads\/2024\/02\/img4-1-460x260.jpg 460w\" sizes=\"auto, (max-width: 1000px) 100vw, 1000px\" \/><figcaption class=\"wp-element-caption\"><em>22.2.2024, Z\u00e1padn\u00e9 Tatry, poh\u013ead na Ban\u00edkovsk\u00fd kotol<\/em><\/figcaption><\/figure>\n\n\n\n<figure class=\"wp-block-image size-large\"><img loading=\"lazy\" decoding=\"async\" width=\"1000\" height=\"562\" data-attachment-id=\"11825\" data-permalink=\"https:\/\/blog.laviny.sk\/?attachment_id=11825#main\" data-orig-file=\"https:\/\/blog.laviny.sk\/wp-content\/uploads\/2024\/02\/img5-5.jpg\" data-orig-size=\"1000,562\" data-comments-opened=\"1\" data-image-meta=\"{&quot;aperture&quot;:&quot;1.7&quot;,&quot;credit&quot;:&quot;&quot;,&quot;camera&quot;:&quot;SM-G892A&quot;,&quot;caption&quot;:&quot;&quot;,&quot;created_timestamp&quot;:&quot;1708598069&quot;,&quot;copyright&quot;:&quot;&quot;,&quot;focal_length&quot;:&quot;4.25&quot;,&quot;iso&quot;:&quot;50&quot;,&quot;shutter_speed&quot;:&quot;4.8981191222571E-5&quot;,&quot;title&quot;:&quot;&quot;,&quot;orientation&quot;:&quot;1&quot;}\" data-image-title=\"img5-5\" data-image-description=\"\" data-image-caption=\"\" data-large-file=\"https:\/\/blog.laviny.sk\/wp-content\/uploads\/2024\/02\/img5-5.jpg\" data-id=\"11825\" src=\"https:\/\/blog.laviny.sk\/wp-content\/uploads\/2024\/02\/img5-5.jpg\" alt=\"22.2.2024, Z\u00e1padn\u00e9 Tatry, traverz pod Hrubou kopou cestou na L\u00fa\u010dne sedlo\" class=\"wp-image-11825\" srcset=\"https:\/\/blog.laviny.sk\/wp-content\/uploads\/2024\/02\/img5-5.jpg 1000w, https:\/\/blog.laviny.sk\/wp-content\/uploads\/2024\/02\/img5-5-300x169.jpg 300w, https:\/\/blog.laviny.sk\/wp-content\/uploads\/2024\/02\/img5-5-768x432.jpg 768w, https:\/\/blog.laviny.sk\/wp-content\/uploads\/2024\/02\/img5-5-460x260.jpg 460w\" sizes=\"auto, (max-width: 1000px) 100vw, 1000px\" \/><figcaption class=\"wp-element-caption\">22.2.2024, Z\u00e1padn\u00e9 Tatry, poh\u013ead na Ban\u00edkovsk\u00fd kotol<\/figcaption><\/figure>\n\n\n\n<figure class=\"wp-block-image size-large\"><img loading=\"lazy\" decoding=\"async\" width=\"1000\" height=\"750\" data-attachment-id=\"11826\" data-permalink=\"https:\/\/blog.laviny.sk\/?attachment_id=11826#main\" data-orig-file=\"https:\/\/blog.laviny.sk\/wp-content\/uploads\/2024\/02\/img6-6.jpg\" data-orig-size=\"1000,750\" data-comments-opened=\"1\" data-image-meta=\"{&quot;aperture&quot;:&quot;0&quot;,&quot;credit&quot;:&quot;&quot;,&quot;camera&quot;:&quot;&quot;,&quot;caption&quot;:&quot;&quot;,&quot;created_timestamp&quot;:&quot;0&quot;,&quot;copyright&quot;:&quot;&quot;,&quot;focal_length&quot;:&quot;0&quot;,&quot;iso&quot;:&quot;0&quot;,&quot;shutter_speed&quot;:&quot;0&quot;,&quot;title&quot;:&quot;&quot;,&quot;orientation&quot;:&quot;0&quot;}\" data-image-title=\"img6-6\" data-image-description=\"\" data-image-caption=\"\" data-large-file=\"https:\/\/blog.laviny.sk\/wp-content\/uploads\/2024\/02\/img6-6.jpg\" data-id=\"11826\" src=\"https:\/\/blog.laviny.sk\/wp-content\/uploads\/2024\/02\/img6-6.jpg\" alt=\"19.2.2024, N\u00edzke Tatry, n\u00e1tr\u017e v \u0160kolskom \u017e\u013eabe nad Lukovsk\u00fdm kotlom\" class=\"wp-image-11826\" srcset=\"https:\/\/blog.laviny.sk\/wp-content\/uploads\/2024\/02\/img6-6.jpg 1000w, https:\/\/blog.laviny.sk\/wp-content\/uploads\/2024\/02\/img6-6-300x225.jpg 300w, https:\/\/blog.laviny.sk\/wp-content\/uploads\/2024\/02\/img6-6-768x576.jpg 768w\" sizes=\"auto, (max-width: 1000px) 100vw, 1000px\" \/><figcaption class=\"wp-element-caption\"><em>16.2.2024, N\u00edzke Tatry, Lav\u00edna v Dere\u0161skom kotle<\/em><\/figcaption><\/figure>\n\n\n\n<figure class=\"wp-block-image size-large\"><img loading=\"lazy\" decoding=\"async\" width=\"768\" height=\"1024\" data-attachment-id=\"11827\" data-permalink=\"https:\/\/blog.laviny.sk\/?attachment_id=11827#main\" data-orig-file=\"https:\/\/blog.laviny.sk\/wp-content\/uploads\/2024\/02\/img7-3.jpg\" data-orig-size=\"1000,1333\" data-comments-opened=\"1\" data-image-meta=\"{&quot;aperture&quot;:&quot;0&quot;,&quot;credit&quot;:&quot;&quot;,&quot;camera&quot;:&quot;&quot;,&quot;caption&quot;:&quot;&quot;,&quot;created_timestamp&quot;:&quot;0&quot;,&quot;copyright&quot;:&quot;&quot;,&quot;focal_length&quot;:&quot;0&quot;,&quot;iso&quot;:&quot;0&quot;,&quot;shutter_speed&quot;:&quot;0&quot;,&quot;title&quot;:&quot;&quot;,&quot;orientation&quot;:&quot;0&quot;}\" data-image-title=\"img7-3\" data-image-description=\"\" data-image-caption=\"\" data-large-file=\"https:\/\/blog.laviny.sk\/wp-content\/uploads\/2024\/02\/img7-3-768x1024.jpg\" data-id=\"11827\" src=\"https:\/\/blog.laviny.sk\/wp-content\/uploads\/2024\/02\/img7-3-768x1024.jpg\" alt=\"19.2.2024, N\u00edzke Tatry, n\u00e1tr\u017e v \u0161kolskom \u017elabe nad Lukov\u00fdm kotlom\" class=\"wp-image-11827\" srcset=\"https:\/\/blog.laviny.sk\/wp-content\/uploads\/2024\/02\/img7-3-768x1024.jpg 768w, https:\/\/blog.laviny.sk\/wp-content\/uploads\/2024\/02\/img7-3-225x300.jpg 225w, https:\/\/blog.laviny.sk\/wp-content\/uploads\/2024\/02\/img7-3.jpg 1000w\" sizes=\"auto, (max-width: 768px) 100vw, 768px\" \/><figcaption class=\"wp-element-caption\"><em>19.2.2024, N\u00edzke Tatry, n\u00e1tr\u017e v \u0161kolskom \u017elabe nad Lukov\u00fdm kotlom<\/em><\/figcaption><\/figure>\n\n\n\n<figure class=\"wp-block-image size-large\"><img loading=\"lazy\" decoding=\"async\" width=\"576\" height=\"1024\" data-attachment-id=\"11833\" data-permalink=\"https:\/\/blog.laviny.sk\/?attachment_id=11833#main\" data-orig-file=\"https:\/\/blog.laviny.sk\/wp-content\/uploads\/2024\/02\/img8-2.jpg\" data-orig-size=\"1000,1778\" data-comments-opened=\"1\" data-image-meta=\"{&quot;aperture&quot;:&quot;0&quot;,&quot;credit&quot;:&quot;&quot;,&quot;camera&quot;:&quot;&quot;,&quot;caption&quot;:&quot;&quot;,&quot;created_timestamp&quot;:&quot;0&quot;,&quot;copyright&quot;:&quot;&quot;,&quot;focal_length&quot;:&quot;0&quot;,&quot;iso&quot;:&quot;0&quot;,&quot;shutter_speed&quot;:&quot;0&quot;,&quot;title&quot;:&quot;&quot;,&quot;orientation&quot;:&quot;0&quot;}\" data-image-title=\"img8-2\" data-image-description=\"\" data-image-caption=\"\" data-large-file=\"https:\/\/blog.laviny.sk\/wp-content\/uploads\/2024\/02\/img8-2-576x1024.jpg\" data-id=\"11833\" src=\"https:\/\/blog.laviny.sk\/wp-content\/uploads\/2024\/02\/img8-2-576x1024.jpg\" alt=\"19.2.2024, N\u00edzke Tatry\" class=\"wp-image-11833\" srcset=\"https:\/\/blog.laviny.sk\/wp-content\/uploads\/2024\/02\/img8-2-576x1024.jpg 576w, https:\/\/blog.laviny.sk\/wp-content\/uploads\/2024\/02\/img8-2-169x300.jpg 169w, https:\/\/blog.laviny.sk\/wp-content\/uploads\/2024\/02\/img8-2-768x1366.jpg 768w, https:\/\/blog.laviny.sk\/wp-content\/uploads\/2024\/02\/img8-2-864x1536.jpg 864w, https:\/\/blog.laviny.sk\/wp-content\/uploads\/2024\/02\/img8-2.jpg 1000w\" sizes=\"auto, (max-width: 576px) 100vw, 576px\" \/><figcaption class=\"wp-element-caption\">19.2.2024, N\u00edzke Tatry<\/figcaption><\/figure>\n\n\n\n<figure class=\"wp-block-image size-large\"><img loading=\"lazy\" decoding=\"async\" width=\"576\" height=\"1024\" data-attachment-id=\"11835\" data-permalink=\"https:\/\/blog.laviny.sk\/?attachment_id=11835#main\" data-orig-file=\"https:\/\/blog.laviny.sk\/wp-content\/uploads\/2024\/02\/img9-4.jpg\" data-orig-size=\"1000,1778\" data-comments-opened=\"1\" data-image-meta=\"{&quot;aperture&quot;:&quot;0&quot;,&quot;credit&quot;:&quot;&quot;,&quot;camera&quot;:&quot;&quot;,&quot;caption&quot;:&quot;&quot;,&quot;created_timestamp&quot;:&quot;0&quot;,&quot;copyright&quot;:&quot;&quot;,&quot;focal_length&quot;:&quot;0&quot;,&quot;iso&quot;:&quot;0&quot;,&quot;shutter_speed&quot;:&quot;0&quot;,&quot;title&quot;:&quot;&quot;,&quot;orientation&quot;:&quot;0&quot;}\" data-image-title=\"img9-4\" data-image-description=\"\" data-image-caption=\"\" data-large-file=\"https:\/\/blog.laviny.sk\/wp-content\/uploads\/2024\/02\/img9-4-576x1024.jpg\" data-id=\"11835\" src=\"https:\/\/blog.laviny.sk\/wp-content\/uploads\/2024\/02\/img9-4-576x1024.jpg\" alt=\"varuj\u00faci znak nestability\" class=\"wp-image-11835\" srcset=\"https:\/\/blog.laviny.sk\/wp-content\/uploads\/2024\/02\/img9-4-576x1024.jpg 576w, https:\/\/blog.laviny.sk\/wp-content\/uploads\/2024\/02\/img9-4-169x300.jpg 169w, https:\/\/blog.laviny.sk\/wp-content\/uploads\/2024\/02\/img9-4-768x1366.jpg 768w, https:\/\/blog.laviny.sk\/wp-content\/uploads\/2024\/02\/img9-4-864x1536.jpg 864w, https:\/\/blog.laviny.sk\/wp-content\/uploads\/2024\/02\/img9-4.jpg 1000w\" sizes=\"auto, (max-width: 576px) 100vw, 576px\" \/><figcaption class=\"wp-element-caption\"><em>varuj\u00faci znak nestability<\/em><\/figcaption><\/figure>\n\n\n\n<figure class=\"wp-block-image size-large\"><img loading=\"lazy\" decoding=\"async\" width=\"577\" height=\"1024\" data-attachment-id=\"11832\" data-permalink=\"https:\/\/blog.laviny.sk\/?attachment_id=11832#main\" data-orig-file=\"https:\/\/blog.laviny.sk\/wp-content\/uploads\/2024\/02\/img10-2.jpg\" data-orig-size=\"1000,1776\" data-comments-opened=\"1\" data-image-meta=\"{&quot;aperture&quot;:&quot;0&quot;,&quot;credit&quot;:&quot;&quot;,&quot;camera&quot;:&quot;&quot;,&quot;caption&quot;:&quot;&quot;,&quot;created_timestamp&quot;:&quot;0&quot;,&quot;copyright&quot;:&quot;&quot;,&quot;focal_length&quot;:&quot;0&quot;,&quot;iso&quot;:&quot;0&quot;,&quot;shutter_speed&quot;:&quot;0&quot;,&quot;title&quot;:&quot;&quot;,&quot;orientation&quot;:&quot;0&quot;}\" data-image-title=\"img10-2\" data-image-description=\"\" data-image-caption=\"\" data-large-file=\"https:\/\/blog.laviny.sk\/wp-content\/uploads\/2024\/02\/img10-2-577x1024.jpg\" data-id=\"11832\" src=\"https:\/\/blog.laviny.sk\/wp-content\/uploads\/2024\/02\/img10-2-577x1024.jpg\" alt=\"20.2.2024, N\u00edzke Tatry, n\u00e1tr\u017e, Mlynn\u00e1 dolina, JV orient\u00e1cia\" class=\"wp-image-11832\" srcset=\"https:\/\/blog.laviny.sk\/wp-content\/uploads\/2024\/02\/img10-2-577x1024.jpg 577w, https:\/\/blog.laviny.sk\/wp-content\/uploads\/2024\/02\/img10-2-169x300.jpg 169w, https:\/\/blog.laviny.sk\/wp-content\/uploads\/2024\/02\/img10-2-768x1364.jpg 768w, https:\/\/blog.laviny.sk\/wp-content\/uploads\/2024\/02\/img10-2-865x1536.jpg 865w, https:\/\/blog.laviny.sk\/wp-content\/uploads\/2024\/02\/img10-2.jpg 1000w\" sizes=\"auto, (max-width: 577px) 100vw, 577px\" \/><figcaption class=\"wp-element-caption\"><em>20.2.2024, N\u00edzke Tatry, n\u00e1tr\u017e, Mlynn\u00e1 dolina, JV orient\u00e1cia<\/em><\/figcaption><\/figure>\n\n\n\n<figure class=\"wp-block-image size-large\"><img loading=\"lazy\" decoding=\"async\" width=\"1000\" height=\"563\" data-attachment-id=\"11824\" data-permalink=\"https:\/\/blog.laviny.sk\/?attachment_id=11824#main\" data-orig-file=\"https:\/\/blog.laviny.sk\/wp-content\/uploads\/2024\/02\/img11.jpg\" data-orig-size=\"1000,563\" data-comments-opened=\"1\" data-image-meta=\"{&quot;aperture&quot;:&quot;0&quot;,&quot;credit&quot;:&quot;&quot;,&quot;camera&quot;:&quot;&quot;,&quot;caption&quot;:&quot;&quot;,&quot;created_timestamp&quot;:&quot;0&quot;,&quot;copyright&quot;:&quot;&quot;,&quot;focal_length&quot;:&quot;0&quot;,&quot;iso&quot;:&quot;0&quot;,&quot;shutter_speed&quot;:&quot;0&quot;,&quot;title&quot;:&quot;&quot;,&quot;orientation&quot;:&quot;0&quot;}\" data-image-title=\"img11\" data-image-description=\"\" data-image-caption=\"\" data-large-file=\"https:\/\/blog.laviny.sk\/wp-content\/uploads\/2024\/02\/img11.jpg\" data-id=\"11824\" src=\"https:\/\/blog.laviny.sk\/wp-content\/uploads\/2024\/02\/img11.jpg\" alt=\"20.2.2024, N\u00edzke Tatry, n\u00e1tr\u017e, Mlynn\u00e1 dolina\" class=\"wp-image-11824\" srcset=\"https:\/\/blog.laviny.sk\/wp-content\/uploads\/2024\/02\/img11.jpg 1000w, https:\/\/blog.laviny.sk\/wp-content\/uploads\/2024\/02\/img11-300x169.jpg 300w, https:\/\/blog.laviny.sk\/wp-content\/uploads\/2024\/02\/img11-768x432.jpg 768w, https:\/\/blog.laviny.sk\/wp-content\/uploads\/2024\/02\/img11-460x260.jpg 460w\" sizes=\"auto, (max-width: 1000px) 100vw, 1000px\" \/><figcaption class=\"wp-element-caption\"><em>20.2.2024, N\u00edzke Tatry, n\u00e1tr\u017e, Mlynn\u00e1 dolina, JV orient\u00e1cia<\/em><\/figcaption><\/figure>\n\n\n\n<figure class=\"wp-block-image size-large\"><img loading=\"lazy\" decoding=\"async\" width=\"1000\" height=\"563\" data-attachment-id=\"11828\" data-permalink=\"https:\/\/blog.laviny.sk\/?attachment_id=11828#main\" data-orig-file=\"https:\/\/blog.laviny.sk\/wp-content\/uploads\/2024\/02\/img12-2.jpg\" data-orig-size=\"1000,563\" data-comments-opened=\"1\" data-image-meta=\"{&quot;aperture&quot;:&quot;0&quot;,&quot;credit&quot;:&quot;&quot;,&quot;camera&quot;:&quot;&quot;,&quot;caption&quot;:&quot;&quot;,&quot;created_timestamp&quot;:&quot;0&quot;,&quot;copyright&quot;:&quot;&quot;,&quot;focal_length&quot;:&quot;0&quot;,&quot;iso&quot;:&quot;0&quot;,&quot;shutter_speed&quot;:&quot;0&quot;,&quot;title&quot;:&quot;&quot;,&quot;orientation&quot;:&quot;0&quot;}\" data-image-title=\"img12-2\" data-image-description=\"\" data-image-caption=\"\" data-large-file=\"https:\/\/blog.laviny.sk\/wp-content\/uploads\/2024\/02\/img12-2.jpg\" data-id=\"11828\" src=\"https:\/\/blog.laviny.sk\/wp-content\/uploads\/2024\/02\/img12-2.jpg\" alt=\"\" class=\"wp-image-11828\" srcset=\"https:\/\/blog.laviny.sk\/wp-content\/uploads\/2024\/02\/img12-2.jpg 1000w, https:\/\/blog.laviny.sk\/wp-content\/uploads\/2024\/02\/img12-2-300x169.jpg 300w, https:\/\/blog.laviny.sk\/wp-content\/uploads\/2024\/02\/img12-2-768x432.jpg 768w, https:\/\/blog.laviny.sk\/wp-content\/uploads\/2024\/02\/img12-2-460x260.jpg 460w\" sizes=\"auto, (max-width: 1000px) 100vw, 1000px\" \/><figcaption class=\"wp-element-caption\"><em>20.2.2024, N\u00edzke Tatry, n\u00e1tr\u017e, Mlynn\u00e1 dolina, JV orient\u00e1cia<\/em><\/figcaption><\/figure>\n\n\n\n<figure class=\"wp-block-image size-large\"><img loading=\"lazy\" decoding=\"async\" width=\"577\" height=\"1024\" data-attachment-id=\"11834\" data-permalink=\"https:\/\/blog.laviny.sk\/?attachment_id=11834#main\" data-orig-file=\"https:\/\/blog.laviny.sk\/wp-content\/uploads\/2024\/02\/img13-3.jpg\" data-orig-size=\"1000,1776\" data-comments-opened=\"1\" data-image-meta=\"{&quot;aperture&quot;:&quot;0&quot;,&quot;credit&quot;:&quot;&quot;,&quot;camera&quot;:&quot;&quot;,&quot;caption&quot;:&quot;&quot;,&quot;created_timestamp&quot;:&quot;0&quot;,&quot;copyright&quot;:&quot;&quot;,&quot;focal_length&quot;:&quot;0&quot;,&quot;iso&quot;:&quot;0&quot;,&quot;shutter_speed&quot;:&quot;0&quot;,&quot;title&quot;:&quot;&quot;,&quot;orientation&quot;:&quot;0&quot;}\" data-image-title=\"img13-3\" data-image-description=\"\" data-image-caption=\"\" data-large-file=\"https:\/\/blog.laviny.sk\/wp-content\/uploads\/2024\/02\/img13-3-577x1024.jpg\" data-id=\"11834\" src=\"https:\/\/blog.laviny.sk\/wp-content\/uploads\/2024\/02\/img13-3-577x1024.jpg\" alt=\"21.2.2024, N\u00edzke Tatry, samovo\u013en\u00e1 mokr\u00e1 lav\u00edna v Lomnistej doline\n\" class=\"wp-image-11834\" srcset=\"https:\/\/blog.laviny.sk\/wp-content\/uploads\/2024\/02\/img13-3-577x1024.jpg 577w, https:\/\/blog.laviny.sk\/wp-content\/uploads\/2024\/02\/img13-3-169x300.jpg 169w, https:\/\/blog.laviny.sk\/wp-content\/uploads\/2024\/02\/img13-3-768x1364.jpg 768w, https:\/\/blog.laviny.sk\/wp-content\/uploads\/2024\/02\/img13-3-865x1536.jpg 865w, https:\/\/blog.laviny.sk\/wp-content\/uploads\/2024\/02\/img13-3.jpg 1000w\" sizes=\"auto, (max-width: 577px) 100vw, 577px\" \/><figcaption class=\"wp-element-caption\"><em>21.2.2024, N\u00edzke Tatry, samovo\u013en\u00e1 mokr\u00e1 lav\u00edna v Lomnistej doline<\/em><\/figcaption><\/figure>\n<\/figure>\n","protected":false},"excerpt":{"rendered":"<p>Tak ako sme si u\u017e t\u00fato zimu pomaly zvykli, aj minul\u00fd v\u00edkend a posledn\u00fd t\u00fd\u017ede\u0148 sa niesol vo ve\u013emi teplom \u0161t\u00fdle. Izoterma 0\u00b0C dosahovala po\u010das soboty hranicu 2000 m n.m. Na svahoch sa postupne vytv\u00e1rali n\u00e1tr\u017ee &#8211; znak mo\u017en\u00fdch z\u00e1kladov\u00fdch lav\u00edn, zaznamenali sme viacero lav\u00edn z tepla a mokr\u00e9ho snehu. Z nedele na pondelok sa&hellip;<\/p>\n","protected":false},"author":1,"featured_media":11829,"comment_status":"open","ping_status":"open","sticky":false,"template":"","format":"standard","meta":{"jetpack_post_was_ever_published":false,"_jetpack_newsletter_access":"","_jetpack_dont_email_post_to_subs":false,"_jetpack_newsletter_tier_id":0,"_jetpack_memberships_contains_paywalled_content":false,"_jetpack_memberships_contains_paid_content":false,"footnotes":"","jetpack_publicize_message":"","jetpack_publicize_feature_enabled":true,"jetpack_social_post_already_shared":true,"jetpack_social_options":{"image_generator_settings":{"template":"highway","default_image_id":0,"font":"","enabled":false},"version":2}},"categories":[1,4],"tags":[79,465,464,372,466,307,463,192],"class_list":["post-11809","post","type-post","status-publish","format-standard","has-post-thumbnail","hentry","category-nezaradene","category-pocasie-sneh-a-laviny","tag-laviny","tag-mokry-sneh","tag-natrze","tag-nestabilita","tag-samovolna-lavina","tag-teplo","tag-teply-februar","tag-vietor"],"jetpack_publicize_connections":[],"jetpack_featured_media_url":"https:\/\/blog.laviny.sk\/wp-content\/uploads\/2024\/02\/img4-1.jpg","jetpack_sharing_enabled":true,"jetpack_shortlink":"https:\/\/wp.me\/p8DxWh-34t","jetpack-related-posts":[],"_links":{"self":[{"href":"https:\/\/blog.laviny.sk\/index.php?rest_route=\/wp\/v2\/posts\/11809","targetHints":{"allow":["GET"]}}],"collection":[{"href":"https:\/\/blog.laviny.sk\/index.php?rest_route=\/wp\/v2\/posts"}],"about":[{"href":"https:\/\/blog.laviny.sk\/index.php?rest_route=\/wp\/v2\/types\/post"}],"author":[{"embeddable":true,"href":"https:\/\/blog.laviny.sk\/index.php?rest_route=\/wp\/v2\/users\/1"}],"replies":[{"embeddable":true,"href":"https:\/\/blog.laviny.sk\/index.php?rest_route=%2Fwp%2Fv2%2Fcomments&post=11809"}],"version-history":[{"count":9,"href":"https:\/\/blog.laviny.sk\/index.php?rest_route=\/wp\/v2\/posts\/11809\/revisions"}],"predecessor-version":[{"id":11837,"href":"https:\/\/blog.laviny.sk\/index.php?rest_route=\/wp\/v2\/posts\/11809\/revisions\/11837"}],"wp:featuredmedia":[{"embeddable":true,"href":"https:\/\/blog.laviny.sk\/index.php?rest_route=\/wp\/v2\/media\/11829"}],"wp:attachment":[{"href":"https:\/\/blog.laviny.sk\/index.php?rest_route=%2Fwp%2Fv2%2Fmedia&parent=11809"}],"wp:term":[{"taxonomy":"category","embeddable":true,"href":"https:\/\/blog.laviny.sk\/index.php?rest_route=%2Fwp%2Fv2%2Fcategories&post=11809"},{"taxonomy":"post_tag","embeddable":true,"href":"https:\/\/blog.laviny.sk\/index.php?rest_route=%2Fwp%2Fv2%2Ftags&post=11809"}],"curies":[{"name":"wp","href":"https:\/\/api.w.org\/{rel}","templated":true}]}}