{"id":11130,"date":"2023-12-18T16:52:05","date_gmt":"2023-12-18T15:52:05","guid":{"rendered":"https:\/\/blog.laviny.sk\/?p=11130"},"modified":"2023-12-18T16:56:29","modified_gmt":"2023-12-18T15:56:29","slug":"rocenka-2022-2023","status":"publish","type":"post","link":"https:\/\/blog.laviny.sk\/?p=11130","title":{"rendered":"Ro\u010denka 2022\/2023"},"content":{"rendered":"\n<p>Tento kr\u00e1t sa n\u00e1m podarilo dokon\u010di\u0165 lav\u00ednov\u00fa ro\u010denku 2022\/2023 na\u010das. Ro\u010denka sumarizuje zimu 2022\/2023 z poh\u013eadu po\u010dasia na hor\u00e1ch, v\u00fdskytu lav\u00edn. Detailne rozober\u00e1 zaznamenan\u00e9 lav\u00ednov\u00e9 nehody a ne\u0161\u0165astia. V ro\u010denke je zhrnut\u00e1\u00a0aj in\u00e1 odborn\u00e1 \u010dinnos\u0165 Strediska lav\u00ednovej prevencie HZS. Pre stiahnutie klikni na obr\u00e1zok.<\/p>\n\n\n<div class=\"wp-block-image\">\n<figure class=\"aligncenter size-full is-resized\"><a href=\"https:\/\/blog.laviny.sk\/wp-content\/uploads\/2023\/12\/ROCENKA_22_23.pdf\" target=\"_blank\" rel=\"noreferrer noopener\"><img loading=\"lazy\" decoding=\"async\" width=\"1189\" height=\"1684\" data-attachment-id=\"11131\" data-permalink=\"https:\/\/blog.laviny.sk\/?attachment_id=11131#main\" data-orig-file=\"https:\/\/blog.laviny.sk\/wp-content\/uploads\/2023\/12\/Screenshot_7.png\" data-orig-size=\"1189,1684\" data-comments-opened=\"1\" data-image-meta=\"{&quot;aperture&quot;:&quot;0&quot;,&quot;credit&quot;:&quot;&quot;,&quot;camera&quot;:&quot;&quot;,&quot;caption&quot;:&quot;&quot;,&quot;created_timestamp&quot;:&quot;0&quot;,&quot;copyright&quot;:&quot;&quot;,&quot;focal_length&quot;:&quot;0&quot;,&quot;iso&quot;:&quot;0&quot;,&quot;shutter_speed&quot;:&quot;0&quot;,&quot;title&quot;:&quot;&quot;,&quot;orientation&quot;:&quot;0&quot;}\" data-image-title=\"Screenshot_7\" data-image-description=\"\" data-image-caption=\"\" data-large-file=\"https:\/\/blog.laviny.sk\/wp-content\/uploads\/2023\/12\/Screenshot_7-723x1024.png\" src=\"https:\/\/blog.laviny.sk\/wp-content\/uploads\/2023\/12\/Screenshot_7.png\" alt=\"\" class=\"wp-image-11131\" style=\"width:410px;height:auto\" srcset=\"https:\/\/blog.laviny.sk\/wp-content\/uploads\/2023\/12\/Screenshot_7.png 1189w, https:\/\/blog.laviny.sk\/wp-content\/uploads\/2023\/12\/Screenshot_7-212x300.png 212w, https:\/\/blog.laviny.sk\/wp-content\/uploads\/2023\/12\/Screenshot_7-723x1024.png 723w, https:\/\/blog.laviny.sk\/wp-content\/uploads\/2023\/12\/Screenshot_7-768x1088.png 768w, https:\/\/blog.laviny.sk\/wp-content\/uploads\/2023\/12\/Screenshot_7-1085x1536.png 1085w\" sizes=\"auto, (max-width: 1189px) 100vw, 1189px\" \/><\/a><\/figure>\n<\/div>\n\n\n<figure class=\"wp-block-gallery has-nested-images columns-default is-cropped wp-block-gallery-1 is-layout-flex wp-block-gallery-is-layout-flex\"><\/figure>\n","protected":false},"excerpt":{"rendered":"<p>Tento kr\u00e1t sa n\u00e1m podarilo dokon\u010di\u0165 lav\u00ednov\u00fa ro\u010denku 2022\/2023 na\u010das. Ro\u010denka sumarizuje zimu 2022\/2023 z poh\u013eadu po\u010dasia na hor\u00e1ch, v\u00fdskytu lav\u00edn. Detailne rozober\u00e1 zaznamenan\u00e9 lav\u00ednov\u00e9 nehody a ne\u0161\u0165astia. V ro\u010denke je zhrnut\u00e1\u00a0aj in\u00e1 odborn\u00e1 \u010dinnos\u0165 Strediska lav\u00ednovej prevencie HZS. Pre stiahnutie klikni na obr\u00e1zok.<\/p>\n","protected":false},"author":1,"featured_media":11131,"comment_status":"open","ping_status":"open","sticky":false,"template":"","format":"standard","meta":{"jetpack_post_was_ever_published":false,"_jetpack_newsletter_access":"","_jetpack_dont_email_post_to_subs":false,"_jetpack_newsletter_tier_id":0,"_jetpack_memberships_contains_paywalled_content":false,"_jetpack_memberships_contains_paid_content":false,"footnotes":"","jetpack_publicize_message":"","jetpack_publicize_feature_enabled":true,"jetpack_social_post_already_shared":true,"jetpack_social_options":{"image_generator_settings":{"template":"highway","default_image_id":0,"font":"","enabled":false},"version":2}},"categories":[1,3],"tags":[66,79,123,141,154,155],"class_list":["post-11130","post","type-post","status-publish","format-standard","has-post-thumbnail","hentry","category-nezaradene","category-ostatne","tag-lavina","tag-laviny","tag-pocasie","tag-rocenka","tag-sneh","tag-sneh-a-laviny"],"jetpack_publicize_connections":[],"jetpack_featured_media_url":"https:\/\/blog.laviny.sk\/wp-content\/uploads\/2023\/12\/Screenshot_7.png","jetpack_sharing_enabled":true,"jetpack_shortlink":"https:\/\/wp.me\/p8DxWh-2Tw","jetpack-related-posts":[],"_links":{"self":[{"href":"https:\/\/blog.laviny.sk\/index.php?rest_route=\/wp\/v2\/posts\/11130","targetHints":{"allow":["GET"]}}],"collection":[{"href":"https:\/\/blog.laviny.sk\/index.php?rest_route=\/wp\/v2\/posts"}],"about":[{"href":"https:\/\/blog.laviny.sk\/index.php?rest_route=\/wp\/v2\/types\/post"}],"author":[{"embeddable":true,"href":"https:\/\/blog.laviny.sk\/index.php?rest_route=\/wp\/v2\/users\/1"}],"replies":[{"embeddable":true,"href":"https:\/\/blog.laviny.sk\/index.php?rest_route=%2Fwp%2Fv2%2Fcomments&post=11130"}],"version-history":[{"count":1,"href":"https:\/\/blog.laviny.sk\/index.php?rest_route=\/wp\/v2\/posts\/11130\/revisions"}],"predecessor-version":[{"id":11133,"href":"https:\/\/blog.laviny.sk\/index.php?rest_route=\/wp\/v2\/posts\/11130\/revisions\/11133"}],"wp:featuredmedia":[{"embeddable":true,"href":"https:\/\/blog.laviny.sk\/index.php?rest_route=\/wp\/v2\/media\/11131"}],"wp:attachment":[{"href":"https:\/\/blog.laviny.sk\/index.php?rest_route=%2Fwp%2Fv2%2Fmedia&parent=11130"}],"wp:term":[{"taxonomy":"category","embeddable":true,"href":"https:\/\/blog.laviny.sk\/index.php?rest_route=%2Fwp%2Fv2%2Fcategories&post=11130"},{"taxonomy":"post_tag","embeddable":true,"href":"https:\/\/blog.laviny.sk\/index.php?rest_route=%2Fwp%2Fv2%2Ftags&post=11130"}],"curies":[{"name":"wp","href":"https:\/\/api.w.org\/{rel}","templated":true}]}}