{"id":10421,"date":"2023-03-31T13:45:14","date_gmt":"2023-03-31T11:45:14","guid":{"rendered":"https:\/\/blog.laviny.sk\/?p=10421"},"modified":"2023-03-31T14:38:05","modified_gmt":"2023-03-31T12:38:05","slug":"zima-este-neskoncila-pocasie-sneh-a-laviny-25-3-2023-31-3-2023","status":"publish","type":"post","link":"https:\/\/blog.laviny.sk\/?p=10421","title":{"rendered":"Zima e\u0161te neskon\u010dila &#8211; po\u010dasie, sneh a lav\u00edny 25.3.2023-31.3.2023"},"content":{"rendered":"\n<p>Za\u010diatok v\u00edkendu to veru na zimu v na\u0161ich hor\u00e1ch nevyzeralo. V sobotu z r\u00e1na pr\u0161alo aj vo vysok\u00fdch poloh\u00e1ch. V dolin\u00e1ch sme u\u017e zavesili snehule \u010di lopaty na sneh na klinec. Av\u0161ak po relat\u00edvne teplom a upr\u0161anom v\u00edkende sta\u010dil aj letm\u00fd poh\u013ead na predpove\u010f po\u010dasia, a ka\u017ed\u00e9mu bolo jasn\u00e9, \u017ee zima e\u0161te vytr\u010d\u00ed paz\u00farik. <\/p>\n\n\n\n<figure class=\"wp-block-image size-large\"><img loading=\"lazy\" decoding=\"async\" width=\"1024\" height=\"532\" data-attachment-id=\"10423\" data-permalink=\"https:\/\/blog.laviny.sk\/?attachment_id=10423#main\" data-orig-file=\"https:\/\/blog.laviny.sk\/wp-content\/uploads\/2023\/03\/2023-03-24_2023-03-31_Prislop_teplota.png\" data-orig-size=\"1500,779\" data-comments-opened=\"1\" data-image-meta=\"{&quot;aperture&quot;:&quot;0&quot;,&quot;credit&quot;:&quot;&quot;,&quot;camera&quot;:&quot;&quot;,&quot;caption&quot;:&quot;&quot;,&quot;created_timestamp&quot;:&quot;0&quot;,&quot;copyright&quot;:&quot;&quot;,&quot;focal_length&quot;:&quot;0&quot;,&quot;iso&quot;:&quot;0&quot;,&quot;shutter_speed&quot;:&quot;0&quot;,&quot;title&quot;:&quot;&quot;,&quot;orientation&quot;:&quot;0&quot;}\" data-image-title=\"2023-03-24_2023-03-31_Prislop_teplota\" data-image-description=\"\" data-image-caption=\"\" data-large-file=\"https:\/\/blog.laviny.sk\/wp-content\/uploads\/2023\/03\/2023-03-24_2023-03-31_Prislop_teplota-1024x532.png\" src=\"https:\/\/blog.laviny.sk\/wp-content\/uploads\/2023\/03\/2023-03-24_2023-03-31_Prislop_teplota-1024x532.png\" alt=\"\" class=\"wp-image-10423\" srcset=\"https:\/\/blog.laviny.sk\/wp-content\/uploads\/2023\/03\/2023-03-24_2023-03-31_Prislop_teplota-1024x532.png 1024w, https:\/\/blog.laviny.sk\/wp-content\/uploads\/2023\/03\/2023-03-24_2023-03-31_Prislop_teplota-300x156.png 300w, https:\/\/blog.laviny.sk\/wp-content\/uploads\/2023\/03\/2023-03-24_2023-03-31_Prislop_teplota-768x399.png 768w, https:\/\/blog.laviny.sk\/wp-content\/uploads\/2023\/03\/2023-03-24_2023-03-31_Prislop_teplota.png 1500w\" sizes=\"auto, (max-width: 1024px) 100vw, 1024px\" \/><figcaption class=\"wp-element-caption\"><em>Z\u00e1padn\u00e9 Tatry, priebeh tepl\u00f4t v \u00b0C na AMS Pr\u00edslop 2142 m n.m. v \u017diarskej doline od 24.3.2023 po 31.3.2023<\/em><\/figcaption><\/figure>\n\n\n\n<figure class=\"wp-block-image size-large\"><img loading=\"lazy\" decoding=\"async\" width=\"1024\" height=\"532\" data-attachment-id=\"10424\" data-permalink=\"https:\/\/blog.laviny.sk\/?attachment_id=10424#main\" data-orig-file=\"https:\/\/blog.laviny.sk\/wp-content\/uploads\/2023\/03\/2023-03-24_2023-03-31_Lomnicke_sedlo_teplota.png\" data-orig-size=\"1500,779\" data-comments-opened=\"1\" data-image-meta=\"{&quot;aperture&quot;:&quot;0&quot;,&quot;credit&quot;:&quot;&quot;,&quot;camera&quot;:&quot;&quot;,&quot;caption&quot;:&quot;&quot;,&quot;created_timestamp&quot;:&quot;0&quot;,&quot;copyright&quot;:&quot;&quot;,&quot;focal_length&quot;:&quot;0&quot;,&quot;iso&quot;:&quot;0&quot;,&quot;shutter_speed&quot;:&quot;0&quot;,&quot;title&quot;:&quot;&quot;,&quot;orientation&quot;:&quot;0&quot;}\" data-image-title=\"2023-03-24_2023-03-31_Lomnicke_sedlo_teplota\" data-image-description=\"\" data-image-caption=\"\" data-large-file=\"https:\/\/blog.laviny.sk\/wp-content\/uploads\/2023\/03\/2023-03-24_2023-03-31_Lomnicke_sedlo_teplota-1024x532.png\" src=\"https:\/\/blog.laviny.sk\/wp-content\/uploads\/2023\/03\/2023-03-24_2023-03-31_Lomnicke_sedlo_teplota-1024x532.png\" alt=\"\" class=\"wp-image-10424\" srcset=\"https:\/\/blog.laviny.sk\/wp-content\/uploads\/2023\/03\/2023-03-24_2023-03-31_Lomnicke_sedlo_teplota-1024x532.png 1024w, https:\/\/blog.laviny.sk\/wp-content\/uploads\/2023\/03\/2023-03-24_2023-03-31_Lomnicke_sedlo_teplota-300x156.png 300w, https:\/\/blog.laviny.sk\/wp-content\/uploads\/2023\/03\/2023-03-24_2023-03-31_Lomnicke_sedlo_teplota-768x399.png 768w, https:\/\/blog.laviny.sk\/wp-content\/uploads\/2023\/03\/2023-03-24_2023-03-31_Lomnicke_sedlo_teplota.png 1500w\" sizes=\"auto, (max-width: 1024px) 100vw, 1024px\" \/><figcaption class=\"wp-element-caption\"><em>Vysok\u00e9 Tatry, priebeh tepl\u00f4t v \u00b0C na AMS Lomnick\u00e9 sedlo 2190 m n.m. od 24.3.2023 po 31.3.2023<\/em><\/figcaption><\/figure>\n\n\n\n<p>Ochladzova\u0165 sa za\u010dalo u\u017e v nede\u013eu 26.3.2023, v pondelok 27.3.2023 zasiahol horsk\u00e9 \u00fazemia zvlnen\u00fd studen\u00fd front. Ochladenie za n\u00edm vyvrcholilo v utorok 28.3.2023. Ako vidie\u0165 v grafoch, napr\u00edklad v Lomnickom sedle dosiahla teplota 24.3.2023  pr\u00edjemn\u00fdch 3,4\u00b0C, no o p\u00e4\u0165 dn\u00ed nesk\u00f4r teplomer klesol na -18,2\u00b0C, teda rozdiel bol slu\u0161n\u00fdch 21 stup\u0148ov Celzia. Star\u00e1 z posledn\u00fdch dn\u00ed premo\u010den\u00e1  snehov\u00e1 pokr\u00fdvka zmrzla na tvrd\u00fd firn.  Front\u00e1lny syst\u00e9m nepriniesol len ochladenie, ale aj mas\u00edvne snehov\u00e9 zr\u00e1\u017eky a vietor, ktor\u00fd dosahoval silu b\u00farlivej v\u00edchrice.<\/p>\n\n\n\n<figure class=\"wp-block-image size-large\"><img loading=\"lazy\" decoding=\"async\" width=\"1024\" height=\"532\" data-attachment-id=\"10425\" data-permalink=\"https:\/\/blog.laviny.sk\/?attachment_id=10425#main\" data-orig-file=\"https:\/\/blog.laviny.sk\/wp-content\/uploads\/2023\/03\/2023-03-24_2023-03-31_VF_Krizna_sila_vetra.png\" data-orig-size=\"1500,779\" data-comments-opened=\"1\" data-image-meta=\"{&quot;aperture&quot;:&quot;0&quot;,&quot;credit&quot;:&quot;&quot;,&quot;camera&quot;:&quot;&quot;,&quot;caption&quot;:&quot;&quot;,&quot;created_timestamp&quot;:&quot;0&quot;,&quot;copyright&quot;:&quot;&quot;,&quot;focal_length&quot;:&quot;0&quot;,&quot;iso&quot;:&quot;0&quot;,&quot;shutter_speed&quot;:&quot;0&quot;,&quot;title&quot;:&quot;&quot;,&quot;orientation&quot;:&quot;0&quot;}\" data-image-title=\"2023-03-24_2023-03-31_VF_Krizna_sila_vetra\" data-image-description=\"\" data-image-caption=\"\" data-large-file=\"https:\/\/blog.laviny.sk\/wp-content\/uploads\/2023\/03\/2023-03-24_2023-03-31_VF_Krizna_sila_vetra-1024x532.png\" src=\"https:\/\/blog.laviny.sk\/wp-content\/uploads\/2023\/03\/2023-03-24_2023-03-31_VF_Krizna_sila_vetra-1024x532.png\" alt=\"\" class=\"wp-image-10425\" srcset=\"https:\/\/blog.laviny.sk\/wp-content\/uploads\/2023\/03\/2023-03-24_2023-03-31_VF_Krizna_sila_vetra-1024x532.png 1024w, https:\/\/blog.laviny.sk\/wp-content\/uploads\/2023\/03\/2023-03-24_2023-03-31_VF_Krizna_sila_vetra-300x156.png 300w, https:\/\/blog.laviny.sk\/wp-content\/uploads\/2023\/03\/2023-03-24_2023-03-31_VF_Krizna_sila_vetra-768x399.png 768w, https:\/\/blog.laviny.sk\/wp-content\/uploads\/2023\/03\/2023-03-24_2023-03-31_VF_Krizna_sila_vetra.png 1500w\" sizes=\"auto, (max-width: 1024px) 100vw, 1024px\" \/><figcaption class=\"wp-element-caption\"><em>Ve\u013ek\u00e1 Fatra, priebeh sily vetra a n\u00e1razov vetra v m\/s na AMS Kr\u00ed\u017ena 1574 m n.m. od 24.3.2023 po 31.3.2023<\/em><\/figcaption><\/figure>\n\n\n\n<figure class=\"wp-block-image size-large\"><img loading=\"lazy\" decoding=\"async\" width=\"1024\" height=\"532\" data-attachment-id=\"10426\" data-permalink=\"https:\/\/blog.laviny.sk\/?attachment_id=10426#main\" data-orig-file=\"https:\/\/blog.laviny.sk\/wp-content\/uploads\/2023\/03\/2023-03-24_2023-03-31_VF_Krizna_smer_vetra.png\" data-orig-size=\"1500,779\" data-comments-opened=\"1\" data-image-meta=\"{&quot;aperture&quot;:&quot;0&quot;,&quot;credit&quot;:&quot;&quot;,&quot;camera&quot;:&quot;&quot;,&quot;caption&quot;:&quot;&quot;,&quot;created_timestamp&quot;:&quot;0&quot;,&quot;copyright&quot;:&quot;&quot;,&quot;focal_length&quot;:&quot;0&quot;,&quot;iso&quot;:&quot;0&quot;,&quot;shutter_speed&quot;:&quot;0&quot;,&quot;title&quot;:&quot;&quot;,&quot;orientation&quot;:&quot;0&quot;}\" data-image-title=\"2023-03-24_2023-03-31_VF_Krizna_smer_vetra\" data-image-description=\"\" data-image-caption=\"\" data-large-file=\"https:\/\/blog.laviny.sk\/wp-content\/uploads\/2023\/03\/2023-03-24_2023-03-31_VF_Krizna_smer_vetra-1024x532.png\" src=\"https:\/\/blog.laviny.sk\/wp-content\/uploads\/2023\/03\/2023-03-24_2023-03-31_VF_Krizna_smer_vetra-1024x532.png\" alt=\"\" class=\"wp-image-10426\" srcset=\"https:\/\/blog.laviny.sk\/wp-content\/uploads\/2023\/03\/2023-03-24_2023-03-31_VF_Krizna_smer_vetra-1024x532.png 1024w, https:\/\/blog.laviny.sk\/wp-content\/uploads\/2023\/03\/2023-03-24_2023-03-31_VF_Krizna_smer_vetra-300x156.png 300w, https:\/\/blog.laviny.sk\/wp-content\/uploads\/2023\/03\/2023-03-24_2023-03-31_VF_Krizna_smer_vetra-768x399.png 768w, https:\/\/blog.laviny.sk\/wp-content\/uploads\/2023\/03\/2023-03-24_2023-03-31_VF_Krizna_smer_vetra.png 1500w\" sizes=\"auto, (max-width: 1024px) 100vw, 1024px\" \/><figcaption class=\"wp-element-caption\"><em>Ve\u013ek\u00e1 Fatra, prevl\u00e1daj\u00faci smer vetra v \u00b0 na AMS Kr\u00ed\u017ena 1574 m n.m. od 24.3.2023 po 31.3.2023<\/em><\/figcaption><\/figure>\n\n\n\n<figure class=\"wp-block-image size-large\"><img loading=\"lazy\" decoding=\"async\" width=\"1024\" height=\"532\" data-attachment-id=\"10427\" data-permalink=\"https:\/\/blog.laviny.sk\/?attachment_id=10427#main\" data-orig-file=\"https:\/\/blog.laviny.sk\/wp-content\/uploads\/2023\/03\/2023-03-24_2023-03-31_ZT_Holy_vrch_vietor.png\" data-orig-size=\"1500,779\" data-comments-opened=\"1\" data-image-meta=\"{&quot;aperture&quot;:&quot;0&quot;,&quot;credit&quot;:&quot;&quot;,&quot;camera&quot;:&quot;&quot;,&quot;caption&quot;:&quot;&quot;,&quot;created_timestamp&quot;:&quot;0&quot;,&quot;copyright&quot;:&quot;&quot;,&quot;focal_length&quot;:&quot;0&quot;,&quot;iso&quot;:&quot;0&quot;,&quot;shutter_speed&quot;:&quot;0&quot;,&quot;title&quot;:&quot;&quot;,&quot;orientation&quot;:&quot;0&quot;}\" data-image-title=\"2023-03-24_2023-03-31_ZT_Holy_vrch_vietor\" data-image-description=\"\" data-image-caption=\"\" data-large-file=\"https:\/\/blog.laviny.sk\/wp-content\/uploads\/2023\/03\/2023-03-24_2023-03-31_ZT_Holy_vrch_vietor-1024x532.png\" src=\"https:\/\/blog.laviny.sk\/wp-content\/uploads\/2023\/03\/2023-03-24_2023-03-31_ZT_Holy_vrch_vietor-1024x532.png\" alt=\"\" class=\"wp-image-10427\" srcset=\"https:\/\/blog.laviny.sk\/wp-content\/uploads\/2023\/03\/2023-03-24_2023-03-31_ZT_Holy_vrch_vietor-1024x532.png 1024w, https:\/\/blog.laviny.sk\/wp-content\/uploads\/2023\/03\/2023-03-24_2023-03-31_ZT_Holy_vrch_vietor-300x156.png 300w, https:\/\/blog.laviny.sk\/wp-content\/uploads\/2023\/03\/2023-03-24_2023-03-31_ZT_Holy_vrch_vietor-768x399.png 768w, https:\/\/blog.laviny.sk\/wp-content\/uploads\/2023\/03\/2023-03-24_2023-03-31_ZT_Holy_vrch_vietor.png 1500w\" sizes=\"auto, (max-width: 1024px) 100vw, 1024px\" \/><figcaption class=\"wp-element-caption\"><em>Z\u00e1padn\u00e9 Tatry, priebeh sily vetra a n\u00e1razov vetra v m\/s na AMS Hol\u00fd vrch 1876 m n.m.<\/em> <em>od 24.3.2023 po 31.3.2023<\/em><\/figcaption><\/figure>\n\n\n\n<p>V utorok 28.3.2023 f\u00fakal severn\u00fd vietor a jeho sila bola skuto\u010dne nadpriemern\u00e1. Vo Ve\u013ekej Fatre na AMS Kr\u00ed\u017ena dosahoval priemern\u00fa r\u00fdchlos\u0165 25 m\/s (90 km\/h) a v n\u00e1razoch 39 m\/s (140 km\/h). V Z\u00e1padn\u00fdch Tatr\u00e1ch na Holom vrchu (1876 m n.m.) dosahoval priemern\u00fa r\u00fdchlos\u0165 32 m\/s (115 km\/h) a v n\u00e1razoch dokonca a\u017e 48 m\/s (173 km\/h !!!). <\/p>\n\n\n\n<figure class=\"wp-block-image size-large\"><img loading=\"lazy\" decoding=\"async\" width=\"1024\" height=\"532\" data-attachment-id=\"10429\" data-permalink=\"https:\/\/blog.laviny.sk\/?attachment_id=10429#main\" data-orig-file=\"https:\/\/blog.laviny.sk\/wp-content\/uploads\/2023\/03\/2023-03-24_2023-03-31_VT_Stara_Polana_vyska_snehu.png\" data-orig-size=\"1500,779\" data-comments-opened=\"1\" data-image-meta=\"{&quot;aperture&quot;:&quot;0&quot;,&quot;credit&quot;:&quot;&quot;,&quot;camera&quot;:&quot;&quot;,&quot;caption&quot;:&quot;&quot;,&quot;created_timestamp&quot;:&quot;0&quot;,&quot;copyright&quot;:&quot;&quot;,&quot;focal_length&quot;:&quot;0&quot;,&quot;iso&quot;:&quot;0&quot;,&quot;shutter_speed&quot;:&quot;0&quot;,&quot;title&quot;:&quot;&quot;,&quot;orientation&quot;:&quot;0&quot;}\" data-image-title=\"2023-03-24_2023-03-31_VT_Stara_Polana_vyska_snehu\" data-image-description=\"\" data-image-caption=\"\" data-large-file=\"https:\/\/blog.laviny.sk\/wp-content\/uploads\/2023\/03\/2023-03-24_2023-03-31_VT_Stara_Polana_vyska_snehu-1024x532.png\" src=\"https:\/\/blog.laviny.sk\/wp-content\/uploads\/2023\/03\/2023-03-24_2023-03-31_VT_Stara_Polana_vyska_snehu-1024x532.png\" alt=\"\" class=\"wp-image-10429\" srcset=\"https:\/\/blog.laviny.sk\/wp-content\/uploads\/2023\/03\/2023-03-24_2023-03-31_VT_Stara_Polana_vyska_snehu-1024x532.png 1024w, https:\/\/blog.laviny.sk\/wp-content\/uploads\/2023\/03\/2023-03-24_2023-03-31_VT_Stara_Polana_vyska_snehu-300x156.png 300w, https:\/\/blog.laviny.sk\/wp-content\/uploads\/2023\/03\/2023-03-24_2023-03-31_VT_Stara_Polana_vyska_snehu-768x399.png 768w, https:\/\/blog.laviny.sk\/wp-content\/uploads\/2023\/03\/2023-03-24_2023-03-31_VT_Stara_Polana_vyska_snehu.png 1500w\" sizes=\"auto, (max-width: 1024px) 100vw, 1024px\" \/><figcaption class=\"wp-element-caption\"><em>Vysok\u00e9 Tatry, v\u00fdvoj v\u00fd\u0161ky snehovej pokr\u00fdvky v cm na AMS Star\u00e1 Po\u013eana (1380 m n.m.) od 24.3.2023 po 31.3.2023<\/em><\/figcaption><\/figure>\n\n\n\n<figure class=\"wp-block-image size-large\"><img loading=\"lazy\" decoding=\"async\" width=\"1024\" height=\"532\" data-attachment-id=\"10430\" data-permalink=\"https:\/\/blog.laviny.sk\/?attachment_id=10430#main\" data-orig-file=\"https:\/\/blog.laviny.sk\/wp-content\/uploads\/2023\/03\/2023-03-24_2023-03-31_ZT_Klin_vyska_snehu.png\" data-orig-size=\"1500,779\" data-comments-opened=\"1\" data-image-meta=\"{&quot;aperture&quot;:&quot;0&quot;,&quot;credit&quot;:&quot;&quot;,&quot;camera&quot;:&quot;&quot;,&quot;caption&quot;:&quot;&quot;,&quot;created_timestamp&quot;:&quot;0&quot;,&quot;copyright&quot;:&quot;&quot;,&quot;focal_length&quot;:&quot;0&quot;,&quot;iso&quot;:&quot;0&quot;,&quot;shutter_speed&quot;:&quot;0&quot;,&quot;title&quot;:&quot;&quot;,&quot;orientation&quot;:&quot;0&quot;}\" data-image-title=\"2023-03-24_2023-03-31_ZT_Klin_vyska_snehu\" data-image-description=\"\" data-image-caption=\"\" data-large-file=\"https:\/\/blog.laviny.sk\/wp-content\/uploads\/2023\/03\/2023-03-24_2023-03-31_ZT_Klin_vyska_snehu-1024x532.png\" src=\"https:\/\/blog.laviny.sk\/wp-content\/uploads\/2023\/03\/2023-03-24_2023-03-31_ZT_Klin_vyska_snehu-1024x532.png\" alt=\"\" class=\"wp-image-10430\" srcset=\"https:\/\/blog.laviny.sk\/wp-content\/uploads\/2023\/03\/2023-03-24_2023-03-31_ZT_Klin_vyska_snehu-1024x532.png 1024w, https:\/\/blog.laviny.sk\/wp-content\/uploads\/2023\/03\/2023-03-24_2023-03-31_ZT_Klin_vyska_snehu-300x156.png 300w, https:\/\/blog.laviny.sk\/wp-content\/uploads\/2023\/03\/2023-03-24_2023-03-31_ZT_Klin_vyska_snehu-768x399.png 768w, https:\/\/blog.laviny.sk\/wp-content\/uploads\/2023\/03\/2023-03-24_2023-03-31_ZT_Klin_vyska_snehu.png 1500w\" sizes=\"auto, (max-width: 1024px) 100vw, 1024px\" \/><figcaption class=\"wp-element-caption\"><em>Z\u00e1padn\u00e9 Tatry, v\u00fdvoj v\u00fd\u0161ky snehovej pokr\u00fdvky v cm na AMS pod Klinom (1555 m n.m.) od 24.3.2023 po 31.3.2023<\/em><\/figcaption><\/figure>\n\n\n\n<figure class=\"wp-block-image size-large\"><img loading=\"lazy\" decoding=\"async\" width=\"1024\" height=\"532\" data-attachment-id=\"10431\" data-permalink=\"https:\/\/blog.laviny.sk\/?attachment_id=10431#main\" data-orig-file=\"https:\/\/blog.laviny.sk\/wp-content\/uploads\/2023\/03\/2023-03-24_2023-03-31_ZT_salatinska_dolina_vyska_snehu.png\" data-orig-size=\"1500,779\" data-comments-opened=\"1\" data-image-meta=\"{&quot;aperture&quot;:&quot;0&quot;,&quot;credit&quot;:&quot;&quot;,&quot;camera&quot;:&quot;&quot;,&quot;caption&quot;:&quot;&quot;,&quot;created_timestamp&quot;:&quot;0&quot;,&quot;copyright&quot;:&quot;&quot;,&quot;focal_length&quot;:&quot;0&quot;,&quot;iso&quot;:&quot;0&quot;,&quot;shutter_speed&quot;:&quot;0&quot;,&quot;title&quot;:&quot;&quot;,&quot;orientation&quot;:&quot;0&quot;}\" data-image-title=\"2023-03-24_2023-03-31_ZT_salatinska_dolina_vyska_snehu\" data-image-description=\"\" data-image-caption=\"\" data-large-file=\"https:\/\/blog.laviny.sk\/wp-content\/uploads\/2023\/03\/2023-03-24_2023-03-31_ZT_salatinska_dolina_vyska_snehu-1024x532.png\" src=\"https:\/\/blog.laviny.sk\/wp-content\/uploads\/2023\/03\/2023-03-24_2023-03-31_ZT_salatinska_dolina_vyska_snehu-1024x532.png\" alt=\"\" class=\"wp-image-10431\" srcset=\"https:\/\/blog.laviny.sk\/wp-content\/uploads\/2023\/03\/2023-03-24_2023-03-31_ZT_salatinska_dolina_vyska_snehu-1024x532.png 1024w, https:\/\/blog.laviny.sk\/wp-content\/uploads\/2023\/03\/2023-03-24_2023-03-31_ZT_salatinska_dolina_vyska_snehu-300x156.png 300w, https:\/\/blog.laviny.sk\/wp-content\/uploads\/2023\/03\/2023-03-24_2023-03-31_ZT_salatinska_dolina_vyska_snehu-768x399.png 768w, https:\/\/blog.laviny.sk\/wp-content\/uploads\/2023\/03\/2023-03-24_2023-03-31_ZT_salatinska_dolina_vyska_snehu.png 1500w\" sizes=\"auto, (max-width: 1024px) 100vw, 1024px\" \/><figcaption class=\"wp-element-caption\"><em>Z\u00e1padn\u00e9 Tatry, v\u00fdvoj v\u00fd\u0161ky snehovej pokr\u00fdvky v cm na AMS Salat\u00ednska dolina (1625 m n.m.) od 24.3.2023 po 31.3.2023<\/em><\/figcaption><\/figure>\n\n\n\n<figure class=\"wp-block-image size-large\"><img loading=\"lazy\" decoding=\"async\" width=\"1024\" height=\"532\" data-attachment-id=\"10432\" data-permalink=\"https:\/\/blog.laviny.sk\/?attachment_id=10432#main\" data-orig-file=\"https:\/\/blog.laviny.sk\/wp-content\/uploads\/2023\/03\/2023-03-24_2023-03-31_ZT_Ziarska_chata_vyska_snehu.png\" data-orig-size=\"1500,779\" data-comments-opened=\"1\" data-image-meta=\"{&quot;aperture&quot;:&quot;0&quot;,&quot;credit&quot;:&quot;&quot;,&quot;camera&quot;:&quot;&quot;,&quot;caption&quot;:&quot;&quot;,&quot;created_timestamp&quot;:&quot;0&quot;,&quot;copyright&quot;:&quot;&quot;,&quot;focal_length&quot;:&quot;0&quot;,&quot;iso&quot;:&quot;0&quot;,&quot;shutter_speed&quot;:&quot;0&quot;,&quot;title&quot;:&quot;&quot;,&quot;orientation&quot;:&quot;0&quot;}\" data-image-title=\"2023-03-24_2023-03-31_ZT_Ziarska_chata_vyska_snehu\" data-image-description=\"\" data-image-caption=\"\" data-large-file=\"https:\/\/blog.laviny.sk\/wp-content\/uploads\/2023\/03\/2023-03-24_2023-03-31_ZT_Ziarska_chata_vyska_snehu-1024x532.png\" src=\"https:\/\/blog.laviny.sk\/wp-content\/uploads\/2023\/03\/2023-03-24_2023-03-31_ZT_Ziarska_chata_vyska_snehu-1024x532.png\" alt=\"\" class=\"wp-image-10432\" srcset=\"https:\/\/blog.laviny.sk\/wp-content\/uploads\/2023\/03\/2023-03-24_2023-03-31_ZT_Ziarska_chata_vyska_snehu-1024x532.png 1024w, https:\/\/blog.laviny.sk\/wp-content\/uploads\/2023\/03\/2023-03-24_2023-03-31_ZT_Ziarska_chata_vyska_snehu-300x156.png 300w, https:\/\/blog.laviny.sk\/wp-content\/uploads\/2023\/03\/2023-03-24_2023-03-31_ZT_Ziarska_chata_vyska_snehu-768x399.png 768w, https:\/\/blog.laviny.sk\/wp-content\/uploads\/2023\/03\/2023-03-24_2023-03-31_ZT_Ziarska_chata_vyska_snehu.png 1500w\" sizes=\"auto, (max-width: 1024px) 100vw, 1024px\" \/><figcaption class=\"wp-element-caption\"><em>Z\u00e1padn\u00e9 Tatry, v\u00fdvoj v\u00fd\u0161ky snehovej pokr\u00fdvky v cm na AMS \u017diarska chata (1285 m n.m.) od 24.3.2023 po 31.3.2023<\/em><\/figcaption><\/figure>\n\n\n\n<p>Front\u00e1lny syst\u00e9m priniesol aj mas\u00edvne zr\u00e1\u017eky, v priebehu 48 hod\u00edn sme za peri\u00f3du sne\u017eenia evidovali nasledovn\u00e9 n\u00e1rasty v\u00fd\u0161ky snehovej pokr\u00fdvky : \u017diarska chata (Z\u00e1padn\u00e9 Tatry, \u017diarska dolina) +66 cm , Salat\u00ednska dolina +64 cm, po Klinom (Z\u00e1padn\u00e9 Tatry,Ra\u010dkov\u00e1 dolina) + 38 cm, Star\u00e1 po\u013eana (Belianske Tatry) + 36 cm. N\u00e1rast v\u00fd\u0161ky snehovej pokr\u00fdvky bol sprev\u00e1dzan\u00fd siln\u00fdm vetrom, preto na z\u00e1vetern\u00fdch stran\u00e1ch hrebe\u0148ov sme evidovali naf\u00fakan\u00e9 vank\u00fa\u0161e nov\u00e9ho snehu, ktor\u00fdch hr\u00fabka presahovala 100 cm. Toto mas\u00edvne sne\u017eenie spojen\u00e9 s ve\u013emi siln\u00fdm vetrom sa podp\u00edsali na n\u00e1raste stup\u0148a lav\u00ednov\u00e9ho nebezpe\u010denstva na ZV\u00dd\u0160EN\u00c9 (3. stupe\u0148 z 5-dielnej medzin\u00e1rodnej stupnice). \u00dastia dol\u00edn boli na kr\u00e1tky \u010das op\u00e4\u0165 pr\u00edstupn\u00e9 na ly\u017eiach aj z ni\u017e\u0161\u00edch nadmorsk\u00fdch v\u00fd\u0161ok.<\/p>\n\n\n\n<p>V priebehu stredy 29.3.2023 ovplyvnil horsk\u00e9 \u00fazemia Slovenska v\u00fdbe\u017eok tlakovej v\u00fd\u0161e, pekn\u00e9 slne\u010dn\u00e9 a z\u00e1rove\u0148 e\u0161te relat\u00edvne chladn\u00e9 po\u010dasie pozit\u00edvne vpl\u00fdvalo na plynul\u00e9 sadanie snehovej pokr\u00fdvky. N\u00e1sledn\u00e9 oteplenie a d\u00e1\u017e\u010f po\u010das \u0161tvrtka a piatka pracovalo na rozt\u00e1pan\u00ed nov\u00e9ho snehu a snehov\u00e1 pokr\u00fdvka r\u00fdchlo str\u00e1cala na svojej v\u00fd\u0161ke. Lav\u00ednov\u00fd stupe\u0148 op\u00e4\u0165 klesol na 2. stupe\u0148 &#8211; MIERNE lav\u00ednov\u00e9 nebezpe\u010denstvo.<\/p>\n\n\n\n<figure class=\"wp-block-gallery has-nested-images columns-default is-cropped wp-block-gallery-1 is-layout-flex wp-block-gallery-is-layout-flex\">\n<figure class=\"wp-block-image size-large\"><img loading=\"lazy\" decoding=\"async\" width=\"1000\" height=\"494\" data-attachment-id=\"10433\" data-permalink=\"https:\/\/blog.laviny.sk\/?attachment_id=10433#main\" data-orig-file=\"https:\/\/blog.laviny.sk\/wp-content\/uploads\/2023\/03\/2023_03_29-ZT_Rackova_01.jpg\" data-orig-size=\"1000,494\" data-comments-opened=\"1\" data-image-meta=\"{&quot;aperture&quot;:&quot;14&quot;,&quot;credit&quot;:&quot;&quot;,&quot;camera&quot;:&quot;NIKON D850&quot;,&quot;caption&quot;:&quot;&quot;,&quot;created_timestamp&quot;:&quot;1680093055&quot;,&quot;copyright&quot;:&quot;&quot;,&quot;focal_length&quot;:&quot;24&quot;,&quot;iso&quot;:&quot;100&quot;,&quot;shutter_speed&quot;:&quot;0.0025&quot;,&quot;title&quot;:&quot;&quot;,&quot;orientation&quot;:&quot;1&quot;}\" data-image-title=\"2023_03_29-ZT_Rackova_01\" data-image-description=\"\" data-image-caption=\"\" data-large-file=\"https:\/\/blog.laviny.sk\/wp-content\/uploads\/2023\/03\/2023_03_29-ZT_Rackova_01.jpg\" data-id=\"10433\" src=\"https:\/\/blog.laviny.sk\/wp-content\/uploads\/2023\/03\/2023_03_29-ZT_Rackova_01.jpg\" alt=\"2023-03-29 Poh\u013ead na Py\u0161n\u00e9 sedlo, Ve\u013ek\u00fa Kamenist\u00fa a Vysok\u00e9 Tatry, zo Z\u00e1padn\u00fdch\" class=\"wp-image-10433\" srcset=\"https:\/\/blog.laviny.sk\/wp-content\/uploads\/2023\/03\/2023_03_29-ZT_Rackova_01.jpg 1000w, https:\/\/blog.laviny.sk\/wp-content\/uploads\/2023\/03\/2023_03_29-ZT_Rackova_01-300x148.jpg 300w, https:\/\/blog.laviny.sk\/wp-content\/uploads\/2023\/03\/2023_03_29-ZT_Rackova_01-768x379.jpg 768w\" sizes=\"auto, (max-width: 1000px) 100vw, 1000px\" \/><figcaption class=\"wp-element-caption\">2023-03-29 Poh\u013ead na Py\u0161n\u00e9 sedlo, Ve\u013ek\u00fa Kamenist\u00fa a Vysok\u00e9 Tatry, zo Z\u00e1padn\u00fdch<\/figcaption><\/figure>\n\n\n\n<figure class=\"wp-block-image size-large\"><img loading=\"lazy\" decoding=\"async\" width=\"1000\" height=\"468\" data-attachment-id=\"10436\" data-permalink=\"https:\/\/blog.laviny.sk\/?attachment_id=10436#main\" data-orig-file=\"https:\/\/blog.laviny.sk\/wp-content\/uploads\/2023\/03\/2023_03_29-ZT_Rackova_02.jpg\" data-orig-size=\"1000,468\" data-comments-opened=\"1\" data-image-meta=\"{&quot;aperture&quot;:&quot;14&quot;,&quot;credit&quot;:&quot;&quot;,&quot;camera&quot;:&quot;NIKON D850&quot;,&quot;caption&quot;:&quot;&quot;,&quot;created_timestamp&quot;:&quot;1680093042&quot;,&quot;copyright&quot;:&quot;&quot;,&quot;focal_length&quot;:&quot;24&quot;,&quot;iso&quot;:&quot;100&quot;,&quot;shutter_speed&quot;:&quot;0.0025&quot;,&quot;title&quot;:&quot;&quot;,&quot;orientation&quot;:&quot;1&quot;}\" data-image-title=\"2023_03_29-ZT_Rackova_02\" data-image-description=\"\" data-image-caption=\"\" data-large-file=\"https:\/\/blog.laviny.sk\/wp-content\/uploads\/2023\/03\/2023_03_29-ZT_Rackova_02.jpg\" data-id=\"10436\" src=\"https:\/\/blog.laviny.sk\/wp-content\/uploads\/2023\/03\/2023_03_29-ZT_Rackova_02.jpg\" alt=\"2023-03-29 Z\u00e1padn\u00e9 Tatry, Hrub\u00fd vrch \" class=\"wp-image-10436\" srcset=\"https:\/\/blog.laviny.sk\/wp-content\/uploads\/2023\/03\/2023_03_29-ZT_Rackova_02.jpg 1000w, https:\/\/blog.laviny.sk\/wp-content\/uploads\/2023\/03\/2023_03_29-ZT_Rackova_02-300x140.jpg 300w, https:\/\/blog.laviny.sk\/wp-content\/uploads\/2023\/03\/2023_03_29-ZT_Rackova_02-768x359.jpg 768w\" sizes=\"auto, (max-width: 1000px) 100vw, 1000px\" \/><figcaption class=\"wp-element-caption\">2023-03-29 Z\u00e1padn\u00e9 Tatry, Jakubin\u00e1, Hrub\u00fd vrch <\/figcaption><\/figure>\n\n\n\n<figure class=\"wp-block-image size-large\"><img loading=\"lazy\" decoding=\"async\" width=\"1000\" height=\"477\" data-attachment-id=\"10435\" data-permalink=\"https:\/\/blog.laviny.sk\/?attachment_id=10435#main\" data-orig-file=\"https:\/\/blog.laviny.sk\/wp-content\/uploads\/2023\/03\/2023_03_29-ZT_Rackova_03.jpg\" data-orig-size=\"1000,477\" data-comments-opened=\"1\" data-image-meta=\"{&quot;aperture&quot;:&quot;14&quot;,&quot;credit&quot;:&quot;&quot;,&quot;camera&quot;:&quot;NIKON D850&quot;,&quot;caption&quot;:&quot;&quot;,&quot;created_timestamp&quot;:&quot;1680092419&quot;,&quot;copyright&quot;:&quot;&quot;,&quot;focal_length&quot;:&quot;24&quot;,&quot;iso&quot;:&quot;100&quot;,&quot;shutter_speed&quot;:&quot;0.0025&quot;,&quot;title&quot;:&quot;&quot;,&quot;orientation&quot;:&quot;1&quot;}\" data-image-title=\"2023_03_29-ZT_Rackova_03\" data-image-description=\"\" data-image-caption=\"\" data-large-file=\"https:\/\/blog.laviny.sk\/wp-content\/uploads\/2023\/03\/2023_03_29-ZT_Rackova_03.jpg\" data-id=\"10435\" src=\"https:\/\/blog.laviny.sk\/wp-content\/uploads\/2023\/03\/2023_03_29-ZT_Rackova_03.jpg\" alt=\"2023-03-29 Z\u00e1padn\u00e9 Tatry, Bystr\u00e1\" class=\"wp-image-10435\" srcset=\"https:\/\/blog.laviny.sk\/wp-content\/uploads\/2023\/03\/2023_03_29-ZT_Rackova_03.jpg 1000w, https:\/\/blog.laviny.sk\/wp-content\/uploads\/2023\/03\/2023_03_29-ZT_Rackova_03-300x143.jpg 300w, https:\/\/blog.laviny.sk\/wp-content\/uploads\/2023\/03\/2023_03_29-ZT_Rackova_03-768x366.jpg 768w\" sizes=\"auto, (max-width: 1000px) 100vw, 1000px\" \/><figcaption class=\"wp-element-caption\">2023-03-29 Z\u00e1padn\u00e9 Tatry, Bystr\u00e1<\/figcaption><\/figure>\n\n\n\n<figure class=\"wp-block-image size-large\"><img loading=\"lazy\" decoding=\"async\" width=\"1000\" height=\"452\" data-attachment-id=\"10434\" data-permalink=\"https:\/\/blog.laviny.sk\/?attachment_id=10434#main\" data-orig-file=\"https:\/\/blog.laviny.sk\/wp-content\/uploads\/2023\/03\/2023_03_29-ZT_Rackova_04.jpg\" data-orig-size=\"1000,452\" data-comments-opened=\"1\" data-image-meta=\"{&quot;aperture&quot;:&quot;14&quot;,&quot;credit&quot;:&quot;&quot;,&quot;camera&quot;:&quot;NIKON D850&quot;,&quot;caption&quot;:&quot;&quot;,&quot;created_timestamp&quot;:&quot;1680092414&quot;,&quot;copyright&quot;:&quot;&quot;,&quot;focal_length&quot;:&quot;24&quot;,&quot;iso&quot;:&quot;100&quot;,&quot;shutter_speed&quot;:&quot;0.0025&quot;,&quot;title&quot;:&quot;&quot;,&quot;orientation&quot;:&quot;1&quot;}\" data-image-title=\"2023_03_29-ZT_Rackova_04\" data-image-description=\"\" data-image-caption=\"\" data-large-file=\"https:\/\/blog.laviny.sk\/wp-content\/uploads\/2023\/03\/2023_03_29-ZT_Rackova_04.jpg\" data-id=\"10434\" src=\"https:\/\/blog.laviny.sk\/wp-content\/uploads\/2023\/03\/2023_03_29-ZT_Rackova_04.jpg\" alt=\"2023-03-29 poh\u013ead do Ra\u010dkov\u00e1 dolina\" class=\"wp-image-10434\" srcset=\"https:\/\/blog.laviny.sk\/wp-content\/uploads\/2023\/03\/2023_03_29-ZT_Rackova_04.jpg 1000w, https:\/\/blog.laviny.sk\/wp-content\/uploads\/2023\/03\/2023_03_29-ZT_Rackova_04-300x136.jpg 300w, https:\/\/blog.laviny.sk\/wp-content\/uploads\/2023\/03\/2023_03_29-ZT_Rackova_04-768x347.jpg 768w\" sizes=\"auto, (max-width: 1000px) 100vw, 1000px\" \/><figcaption class=\"wp-element-caption\">2023-03-29 poh\u013ead do Ra\u010dkovej doliny<\/figcaption><\/figure>\n\n\n\n<figure class=\"wp-block-image size-large\"><img loading=\"lazy\" decoding=\"async\" width=\"1000\" height=\"667\" data-attachment-id=\"10438\" data-permalink=\"https:\/\/blog.laviny.sk\/?attachment_id=10438#main\" data-orig-file=\"https:\/\/blog.laviny.sk\/wp-content\/uploads\/2023\/03\/2023_03_29-ZT_Rackova_05.jpg\" data-orig-size=\"1000,667\" data-comments-opened=\"1\" data-image-meta=\"{&quot;aperture&quot;:&quot;14&quot;,&quot;credit&quot;:&quot;&quot;,&quot;camera&quot;:&quot;NIKON D850&quot;,&quot;caption&quot;:&quot;&quot;,&quot;created_timestamp&quot;:&quot;1680092411&quot;,&quot;copyright&quot;:&quot;&quot;,&quot;focal_length&quot;:&quot;24&quot;,&quot;iso&quot;:&quot;100&quot;,&quot;shutter_speed&quot;:&quot;0.0025&quot;,&quot;title&quot;:&quot;&quot;,&quot;orientation&quot;:&quot;1&quot;}\" data-image-title=\"2023_03_29-ZT_Rackova_05\" data-image-description=\"\" data-image-caption=\"\" data-large-file=\"https:\/\/blog.laviny.sk\/wp-content\/uploads\/2023\/03\/2023_03_29-ZT_Rackova_05.jpg\" data-id=\"10438\" src=\"https:\/\/blog.laviny.sk\/wp-content\/uploads\/2023\/03\/2023_03_29-ZT_Rackova_05.jpg\" alt=\"2023-03-29 Z\u00e1padn\u00e9 Tatry, Hrub\u00fd vrch\" class=\"wp-image-10438\" srcset=\"https:\/\/blog.laviny.sk\/wp-content\/uploads\/2023\/03\/2023_03_29-ZT_Rackova_05.jpg 1000w, https:\/\/blog.laviny.sk\/wp-content\/uploads\/2023\/03\/2023_03_29-ZT_Rackova_05-300x200.jpg 300w, https:\/\/blog.laviny.sk\/wp-content\/uploads\/2023\/03\/2023_03_29-ZT_Rackova_05-768x512.jpg 768w\" sizes=\"auto, (max-width: 1000px) 100vw, 1000px\" \/><figcaption class=\"wp-element-caption\">2023-03-29 Z\u00e1padn\u00e9 Tatry, Jakubin\u00e1<\/figcaption><\/figure>\n\n\n\n<figure class=\"wp-block-image size-large\"><img loading=\"lazy\" decoding=\"async\" width=\"1000\" height=\"667\" data-attachment-id=\"10437\" data-permalink=\"https:\/\/blog.laviny.sk\/?attachment_id=10437#main\" data-orig-file=\"https:\/\/blog.laviny.sk\/wp-content\/uploads\/2023\/03\/2023_03_29-ZT_Rackova_06.jpg\" data-orig-size=\"1000,667\" data-comments-opened=\"1\" data-image-meta=\"{&quot;aperture&quot;:&quot;3.5&quot;,&quot;credit&quot;:&quot;&quot;,&quot;camera&quot;:&quot;NIKON D850&quot;,&quot;caption&quot;:&quot;&quot;,&quot;created_timestamp&quot;:&quot;1680090349&quot;,&quot;copyright&quot;:&quot;&quot;,&quot;focal_length&quot;:&quot;70&quot;,&quot;iso&quot;:&quot;100&quot;,&quot;shutter_speed&quot;:&quot;0.0002&quot;,&quot;title&quot;:&quot;&quot;,&quot;orientation&quot;:&quot;1&quot;}\" data-image-title=\"2023_03_29-ZT_Rackova_06\" data-image-description=\"\" data-image-caption=\"\" data-large-file=\"https:\/\/blog.laviny.sk\/wp-content\/uploads\/2023\/03\/2023_03_29-ZT_Rackova_06.jpg\" data-id=\"10437\" src=\"https:\/\/blog.laviny.sk\/wp-content\/uploads\/2023\/03\/2023_03_29-ZT_Rackova_06.jpg\" alt=\"2023-03-29 Z\u00e1padn\u00e9 Tatry, poh\u013ead na N\u00edzke Tatry a Otrhance\" class=\"wp-image-10437\" srcset=\"https:\/\/blog.laviny.sk\/wp-content\/uploads\/2023\/03\/2023_03_29-ZT_Rackova_06.jpg 1000w, https:\/\/blog.laviny.sk\/wp-content\/uploads\/2023\/03\/2023_03_29-ZT_Rackova_06-300x200.jpg 300w, https:\/\/blog.laviny.sk\/wp-content\/uploads\/2023\/03\/2023_03_29-ZT_Rackova_06-768x512.jpg 768w\" sizes=\"auto, (max-width: 1000px) 100vw, 1000px\" \/><figcaption class=\"wp-element-caption\">2023-03-29 Z\u00e1padn\u00e9 Tatry, poh\u013ead na N\u00edzke Tatry a Otrhance<\/figcaption><\/figure>\n\n\n\n<figure class=\"wp-block-image size-large\"><img loading=\"lazy\" decoding=\"async\" width=\"1000\" height=\"667\" data-attachment-id=\"10441\" data-permalink=\"https:\/\/blog.laviny.sk\/?attachment_id=10441#main\" data-orig-file=\"https:\/\/blog.laviny.sk\/wp-content\/uploads\/2023\/03\/2023_03_29-ZT_Rackova_07.jpg\" data-orig-size=\"1000,667\" data-comments-opened=\"1\" data-image-meta=\"{&quot;aperture&quot;:&quot;22&quot;,&quot;credit&quot;:&quot;&quot;,&quot;camera&quot;:&quot;NIKON D850&quot;,&quot;caption&quot;:&quot;&quot;,&quot;created_timestamp&quot;:&quot;1680088361&quot;,&quot;copyright&quot;:&quot;&quot;,&quot;focal_length&quot;:&quot;24&quot;,&quot;iso&quot;:&quot;100&quot;,&quot;shutter_speed&quot;:&quot;0.00625&quot;,&quot;title&quot;:&quot;&quot;,&quot;orientation&quot;:&quot;1&quot;}\" data-image-title=\"2023_03_29-ZT_Rackova_07\" data-image-description=\"\" data-image-caption=\"\" data-large-file=\"https:\/\/blog.laviny.sk\/wp-content\/uploads\/2023\/03\/2023_03_29-ZT_Rackova_07.jpg\" data-id=\"10441\" src=\"https:\/\/blog.laviny.sk\/wp-content\/uploads\/2023\/03\/2023_03_29-ZT_Rackova_07.jpg\" alt=\"2023-03-29 Z\u00e1padn\u00e9 Tatry\" class=\"wp-image-10441\" srcset=\"https:\/\/blog.laviny.sk\/wp-content\/uploads\/2023\/03\/2023_03_29-ZT_Rackova_07.jpg 1000w, https:\/\/blog.laviny.sk\/wp-content\/uploads\/2023\/03\/2023_03_29-ZT_Rackova_07-300x200.jpg 300w, https:\/\/blog.laviny.sk\/wp-content\/uploads\/2023\/03\/2023_03_29-ZT_Rackova_07-768x512.jpg 768w\" sizes=\"auto, (max-width: 1000px) 100vw, 1000px\" \/><figcaption class=\"wp-element-caption\">2023-03-29 Z\u00e1padn\u00e9 Tatry<\/figcaption><\/figure>\n\n\n\n<figure class=\"wp-block-image size-large\"><img loading=\"lazy\" decoding=\"async\" width=\"1000\" height=\"667\" data-attachment-id=\"10439\" data-permalink=\"https:\/\/blog.laviny.sk\/?attachment_id=10439#main\" data-orig-file=\"https:\/\/blog.laviny.sk\/wp-content\/uploads\/2023\/03\/2023_03_29-ZT_Rackova_08.jpg\" data-orig-size=\"1000,667\" data-comments-opened=\"1\" data-image-meta=\"{&quot;aperture&quot;:&quot;16&quot;,&quot;credit&quot;:&quot;&quot;,&quot;camera&quot;:&quot;NIKON D850&quot;,&quot;caption&quot;:&quot;&quot;,&quot;created_timestamp&quot;:&quot;1680084472&quot;,&quot;copyright&quot;:&quot;&quot;,&quot;focal_length&quot;:&quot;28&quot;,&quot;iso&quot;:&quot;100&quot;,&quot;shutter_speed&quot;:&quot;0.00625&quot;,&quot;title&quot;:&quot;&quot;,&quot;orientation&quot;:&quot;1&quot;}\" data-image-title=\"2023_03_29-ZT_Rackova_08\" data-image-description=\"\" data-image-caption=\"\" data-large-file=\"https:\/\/blog.laviny.sk\/wp-content\/uploads\/2023\/03\/2023_03_29-ZT_Rackova_08.jpg\" data-id=\"10439\" src=\"https:\/\/blog.laviny.sk\/wp-content\/uploads\/2023\/03\/2023_03_29-ZT_Rackova_08.jpg\" alt=\"2023-03-29 Z\u00e1padn\u00e9 Tatry\" class=\"wp-image-10439\" srcset=\"https:\/\/blog.laviny.sk\/wp-content\/uploads\/2023\/03\/2023_03_29-ZT_Rackova_08.jpg 1000w, https:\/\/blog.laviny.sk\/wp-content\/uploads\/2023\/03\/2023_03_29-ZT_Rackova_08-300x200.jpg 300w, https:\/\/blog.laviny.sk\/wp-content\/uploads\/2023\/03\/2023_03_29-ZT_Rackova_08-768x512.jpg 768w\" sizes=\"auto, (max-width: 1000px) 100vw, 1000px\" \/><figcaption class=\"wp-element-caption\">2023-03-29 Z\u00e1padn\u00e9 Tatry<\/figcaption><\/figure>\n\n\n\n<figure class=\"wp-block-image size-large\"><img loading=\"lazy\" decoding=\"async\" width=\"1000\" height=\"562\" data-attachment-id=\"10440\" data-permalink=\"https:\/\/blog.laviny.sk\/?attachment_id=10440#main\" data-orig-file=\"https:\/\/blog.laviny.sk\/wp-content\/uploads\/2023\/03\/2023_03_29_MF_Maly_krivan_stratenec.jpg\" data-orig-size=\"1000,562\" data-comments-opened=\"1\" data-image-meta=\"{&quot;aperture&quot;:&quot;1.7&quot;,&quot;credit&quot;:&quot;&quot;,&quot;camera&quot;:&quot;SM-G715FN&quot;,&quot;caption&quot;:&quot;&quot;,&quot;created_timestamp&quot;:&quot;1680096098&quot;,&quot;copyright&quot;:&quot;&quot;,&quot;focal_length&quot;:&quot;3.92&quot;,&quot;iso&quot;:&quot;40&quot;,&quot;shutter_speed&quot;:&quot;0.00014200511218404&quot;,&quot;title&quot;:&quot;&quot;,&quot;orientation&quot;:&quot;1&quot;}\" data-image-title=\"2023_03_29_MF_Maly_krivan_stratenec\" data-image-description=\"\" data-image-caption=\"\" data-large-file=\"https:\/\/blog.laviny.sk\/wp-content\/uploads\/2023\/03\/2023_03_29_MF_Maly_krivan_stratenec.jpg\" data-id=\"10440\" src=\"https:\/\/blog.laviny.sk\/wp-content\/uploads\/2023\/03\/2023_03_29_MF_Maly_krivan_stratenec.jpg\" alt=\"2023-03-29 Kriv\u00e1nska mal\u00e1 Fatra\" class=\"wp-image-10440\" srcset=\"https:\/\/blog.laviny.sk\/wp-content\/uploads\/2023\/03\/2023_03_29_MF_Maly_krivan_stratenec.jpg 1000w, https:\/\/blog.laviny.sk\/wp-content\/uploads\/2023\/03\/2023_03_29_MF_Maly_krivan_stratenec-300x169.jpg 300w, https:\/\/blog.laviny.sk\/wp-content\/uploads\/2023\/03\/2023_03_29_MF_Maly_krivan_stratenec-768x432.jpg 768w, https:\/\/blog.laviny.sk\/wp-content\/uploads\/2023\/03\/2023_03_29_MF_Maly_krivan_stratenec-460x260.jpg 460w\" sizes=\"auto, (max-width: 1000px) 100vw, 1000px\" \/><figcaption class=\"wp-element-caption\">2023-03-29 Kriv\u00e1nska mal\u00e1 Fatra<\/figcaption><\/figure>\n\n\n\n<figure class=\"wp-block-image size-large\"><img loading=\"lazy\" decoding=\"async\" width=\"1000\" height=\"750\" data-attachment-id=\"10442\" data-permalink=\"https:\/\/blog.laviny.sk\/?attachment_id=10442#main\" data-orig-file=\"https:\/\/blog.laviny.sk\/wp-content\/uploads\/2023\/03\/2023_03_29_NT_Janska_dolina_Stiavnica.jpg\" data-orig-size=\"1000,750\" data-comments-opened=\"1\" data-image-meta=\"{&quot;aperture&quot;:&quot;1.79&quot;,&quot;credit&quot;:&quot;&quot;,&quot;camera&quot;:&quot;Redmi Note 8T&quot;,&quot;caption&quot;:&quot;&quot;,&quot;created_timestamp&quot;:&quot;1680092516&quot;,&quot;copyright&quot;:&quot;&quot;,&quot;focal_length&quot;:&quot;4.74&quot;,&quot;iso&quot;:&quot;100&quot;,&quot;shutter_speed&quot;:&quot;7.3051355102637E-5&quot;,&quot;title&quot;:&quot;&quot;,&quot;orientation&quot;:&quot;1&quot;}\" data-image-title=\"2023_03_29_NT_Janska_dolina_Stiavnica\" data-image-description=\"\" data-image-caption=\"\" data-large-file=\"https:\/\/blog.laviny.sk\/wp-content\/uploads\/2023\/03\/2023_03_29_NT_Janska_dolina_Stiavnica.jpg\" data-id=\"10442\" src=\"https:\/\/blog.laviny.sk\/wp-content\/uploads\/2023\/03\/2023_03_29_NT_Janska_dolina_Stiavnica.jpg\" alt=\"2023-03-29 N\u00edzke Tatry, \u0160tiavnica, J\u00e1nska dolina\" class=\"wp-image-10442\" srcset=\"https:\/\/blog.laviny.sk\/wp-content\/uploads\/2023\/03\/2023_03_29_NT_Janska_dolina_Stiavnica.jpg 1000w, https:\/\/blog.laviny.sk\/wp-content\/uploads\/2023\/03\/2023_03_29_NT_Janska_dolina_Stiavnica-300x225.jpg 300w, https:\/\/blog.laviny.sk\/wp-content\/uploads\/2023\/03\/2023_03_29_NT_Janska_dolina_Stiavnica-768x576.jpg 768w\" sizes=\"auto, (max-width: 1000px) 100vw, 1000px\" \/><figcaption class=\"wp-element-caption\">2023-03-29 N\u00edzke Tatry, \u0160tiavnica, J\u00e1nska dolina<\/figcaption><\/figure>\n\n\n\n<figure class=\"wp-block-image size-large\"><img loading=\"lazy\" decoding=\"async\" width=\"1000\" height=\"635\" data-attachment-id=\"10443\" data-permalink=\"https:\/\/blog.laviny.sk\/?attachment_id=10443#main\" data-orig-file=\"https:\/\/blog.laviny.sk\/wp-content\/uploads\/2023\/03\/2023_03_29_VT_Prostredny_hrot.jpg\" data-orig-size=\"1000,635\" data-comments-opened=\"1\" data-image-meta=\"{&quot;aperture&quot;:&quot;0&quot;,&quot;credit&quot;:&quot;&quot;,&quot;camera&quot;:&quot;SM-G398FN&quot;,&quot;caption&quot;:&quot;&quot;,&quot;created_timestamp&quot;:&quot;1680093543&quot;,&quot;copyright&quot;:&quot;&quot;,&quot;focal_length&quot;:&quot;3.92&quot;,&quot;iso&quot;:&quot;0&quot;,&quot;shutter_speed&quot;:&quot;0&quot;,&quot;title&quot;:&quot;&quot;,&quot;orientation&quot;:&quot;1&quot;}\" data-image-title=\"2023_03_29_VT_Prostredny_hrot\" data-image-description=\"\" data-image-caption=\"\" data-large-file=\"https:\/\/blog.laviny.sk\/wp-content\/uploads\/2023\/03\/2023_03_29_VT_Prostredny_hrot.jpg\" data-id=\"10443\" src=\"https:\/\/blog.laviny.sk\/wp-content\/uploads\/2023\/03\/2023_03_29_VT_Prostredny_hrot.jpg\" alt=\"2023-03-29 Vysok\u00e9 Tatry, prostredn\u00fd hrot\" class=\"wp-image-10443\" srcset=\"https:\/\/blog.laviny.sk\/wp-content\/uploads\/2023\/03\/2023_03_29_VT_Prostredny_hrot.jpg 1000w, https:\/\/blog.laviny.sk\/wp-content\/uploads\/2023\/03\/2023_03_29_VT_Prostredny_hrot-300x191.jpg 300w, https:\/\/blog.laviny.sk\/wp-content\/uploads\/2023\/03\/2023_03_29_VT_Prostredny_hrot-768x488.jpg 768w\" sizes=\"auto, (max-width: 1000px) 100vw, 1000px\" \/><figcaption class=\"wp-element-caption\">2023-03-29 Vysok\u00e9 Tatry, Prostredn\u00fd hrot<\/figcaption><\/figure>\n\n\n\n<figure class=\"wp-block-image size-large\"><img loading=\"lazy\" decoding=\"async\" width=\"1000\" height=\"750\" data-attachment-id=\"10444\" data-permalink=\"https:\/\/blog.laviny.sk\/?attachment_id=10444#main\" data-orig-file=\"https:\/\/blog.laviny.sk\/wp-content\/uploads\/2023\/03\/2023-03-25_Jammnicka_dolina_nanos_laviny.jpg\" data-orig-size=\"1000,750\" data-comments-opened=\"1\" data-image-meta=\"{&quot;aperture&quot;:&quot;2.8&quot;,&quot;credit&quot;:&quot;&quot;,&quot;camera&quot;:&quot;M30T&quot;,&quot;caption&quot;:&quot;default&quot;,&quot;created_timestamp&quot;:&quot;1679853255&quot;,&quot;copyright&quot;:&quot;&quot;,&quot;focal_length&quot;:&quot;4.4&quot;,&quot;iso&quot;:&quot;160&quot;,&quot;shutter_speed&quot;:&quot;0.01&quot;,&quot;title&quot;:&quot;default&quot;,&quot;orientation&quot;:&quot;1&quot;}\" data-image-title=\"default\" data-image-description=\"\" data-image-caption=\"&lt;p&gt;default&lt;\/p&gt;\n\" data-large-file=\"https:\/\/blog.laviny.sk\/wp-content\/uploads\/2023\/03\/2023-03-25_Jammnicka_dolina_nanos_laviny.jpg\" data-id=\"10444\" src=\"https:\/\/blog.laviny.sk\/wp-content\/uploads\/2023\/03\/2023-03-25_Jammnicka_dolina_nanos_laviny.jpg\" alt=\"2023-03-25 Jamnick\u00e1 dolina, n\u00e1nos starej lav\u00edny\" class=\"wp-image-10444\" srcset=\"https:\/\/blog.laviny.sk\/wp-content\/uploads\/2023\/03\/2023-03-25_Jammnicka_dolina_nanos_laviny.jpg 1000w, https:\/\/blog.laviny.sk\/wp-content\/uploads\/2023\/03\/2023-03-25_Jammnicka_dolina_nanos_laviny-300x225.jpg 300w, https:\/\/blog.laviny.sk\/wp-content\/uploads\/2023\/03\/2023-03-25_Jammnicka_dolina_nanos_laviny-768x576.jpg 768w\" sizes=\"auto, (max-width: 1000px) 100vw, 1000px\" \/><figcaption class=\"wp-element-caption\">2023-03-25 Jamnick\u00e1 dolina, n\u00e1nos starej lav\u00edny<\/figcaption><\/figure>\n\n\n\n<figure class=\"wp-block-image size-large\"><img loading=\"lazy\" decoding=\"async\" width=\"1000\" height=\"750\" data-attachment-id=\"10445\" data-permalink=\"https:\/\/blog.laviny.sk\/?attachment_id=10445#main\" data-orig-file=\"https:\/\/blog.laviny.sk\/wp-content\/uploads\/2023\/03\/2023-03-25_Jamnicka_dolina_02.jpg\" data-orig-size=\"1000,750\" data-comments-opened=\"1\" data-image-meta=\"{&quot;aperture&quot;:&quot;2.91&quot;,&quot;credit&quot;:&quot;&quot;,&quot;camera&quot;:&quot;M30T&quot;,&quot;caption&quot;:&quot;default&quot;,&quot;created_timestamp&quot;:&quot;1679853038&quot;,&quot;copyright&quot;:&quot;&quot;,&quot;focal_length&quot;:&quot;22.22&quot;,&quot;iso&quot;:&quot;100&quot;,&quot;shutter_speed&quot;:&quot;0.01&quot;,&quot;title&quot;:&quot;default&quot;,&quot;orientation&quot;:&quot;1&quot;}\" data-image-title=\"default\" data-image-description=\"\" data-image-caption=\"&lt;p&gt;default&lt;\/p&gt;\n\" data-large-file=\"https:\/\/blog.laviny.sk\/wp-content\/uploads\/2023\/03\/2023-03-25_Jamnicka_dolina_02.jpg\" data-id=\"10445\" src=\"https:\/\/blog.laviny.sk\/wp-content\/uploads\/2023\/03\/2023-03-25_Jamnicka_dolina_02.jpg\" alt=\"2023-03-25 Jamnick\u00e1 dolina, n\u00e1nos starej lav\u00edny\" class=\"wp-image-10445\" srcset=\"https:\/\/blog.laviny.sk\/wp-content\/uploads\/2023\/03\/2023-03-25_Jamnicka_dolina_02.jpg 1000w, https:\/\/blog.laviny.sk\/wp-content\/uploads\/2023\/03\/2023-03-25_Jamnicka_dolina_02-300x225.jpg 300w, https:\/\/blog.laviny.sk\/wp-content\/uploads\/2023\/03\/2023-03-25_Jamnicka_dolina_02-768x576.jpg 768w\" sizes=\"auto, (max-width: 1000px) 100vw, 1000px\" \/><figcaption class=\"wp-element-caption\">2023-03-25 Jamnick\u00e1 dolina, n\u00e1nos starej lav\u00edny 2<\/figcaption><\/figure>\n\n\n\n<figure class=\"wp-block-image size-large\"><img loading=\"lazy\" decoding=\"async\" width=\"1000\" height=\"750\" data-attachment-id=\"10446\" data-permalink=\"https:\/\/blog.laviny.sk\/?attachment_id=10446#main\" data-orig-file=\"https:\/\/blog.laviny.sk\/wp-content\/uploads\/2023\/03\/2023-03-25_Jamnicka_dolina_lavina.jpg\" data-orig-size=\"1000,750\" data-comments-opened=\"1\" data-image-meta=\"{&quot;aperture&quot;:&quot;2.8&quot;,&quot;credit&quot;:&quot;&quot;,&quot;camera&quot;:&quot;M30T&quot;,&quot;caption&quot;:&quot;default&quot;,&quot;created_timestamp&quot;:&quot;1679852972&quot;,&quot;copyright&quot;:&quot;&quot;,&quot;focal_length&quot;:&quot;4.4&quot;,&quot;iso&quot;:&quot;100&quot;,&quot;shutter_speed&quot;:&quot;0.004&quot;,&quot;title&quot;:&quot;default&quot;,&quot;orientation&quot;:&quot;1&quot;}\" data-image-title=\"default\" data-image-description=\"\" data-image-caption=\"&lt;p&gt;default&lt;\/p&gt;\n\" data-large-file=\"https:\/\/blog.laviny.sk\/wp-content\/uploads\/2023\/03\/2023-03-25_Jamnicka_dolina_lavina.jpg\" data-id=\"10446\" src=\"https:\/\/blog.laviny.sk\/wp-content\/uploads\/2023\/03\/2023-03-25_Jamnicka_dolina_lavina.jpg\" alt=\"2023-03-25 Jamnick\u00e1 dolina, dr\u00e1ha lav\u00edny\" class=\"wp-image-10446\" srcset=\"https:\/\/blog.laviny.sk\/wp-content\/uploads\/2023\/03\/2023-03-25_Jamnicka_dolina_lavina.jpg 1000w, https:\/\/blog.laviny.sk\/wp-content\/uploads\/2023\/03\/2023-03-25_Jamnicka_dolina_lavina-300x225.jpg 300w, https:\/\/blog.laviny.sk\/wp-content\/uploads\/2023\/03\/2023-03-25_Jamnicka_dolina_lavina-768x576.jpg 768w\" sizes=\"auto, (max-width: 1000px) 100vw, 1000px\" \/><figcaption class=\"wp-element-caption\">2023-03-25 Jamnick\u00e1 dolina, dr\u00e1ha lav\u00edny<\/figcaption><\/figure>\n\n\n\n<figure class=\"wp-block-image size-large\"><img loading=\"lazy\" decoding=\"async\" width=\"1000\" height=\"750\" data-attachment-id=\"10447\" data-permalink=\"https:\/\/blog.laviny.sk\/?attachment_id=10447#main\" data-orig-file=\"https:\/\/blog.laviny.sk\/wp-content\/uploads\/2023\/03\/2023-03-25_Jamnicka_dolina_laviny_z_Odrhancov.jpg\" data-orig-size=\"1000,750\" data-comments-opened=\"1\" data-image-meta=\"{&quot;aperture&quot;:&quot;2.8&quot;,&quot;credit&quot;:&quot;&quot;,&quot;camera&quot;:&quot;M30T&quot;,&quot;caption&quot;:&quot;default&quot;,&quot;created_timestamp&quot;:&quot;1679855165&quot;,&quot;copyright&quot;:&quot;&quot;,&quot;focal_length&quot;:&quot;4.4&quot;,&quot;iso&quot;:&quot;100&quot;,&quot;shutter_speed&quot;:&quot;0.00625&quot;,&quot;title&quot;:&quot;default&quot;,&quot;orientation&quot;:&quot;1&quot;}\" data-image-title=\"default\" data-image-description=\"\" data-image-caption=\"&lt;p&gt;default&lt;\/p&gt;\n\" data-large-file=\"https:\/\/blog.laviny.sk\/wp-content\/uploads\/2023\/03\/2023-03-25_Jamnicka_dolina_laviny_z_Odrhancov.jpg\" data-id=\"10447\" src=\"https:\/\/blog.laviny.sk\/wp-content\/uploads\/2023\/03\/2023-03-25_Jamnicka_dolina_laviny_z_Odrhancov.jpg\" alt=\"2023-03-25 Jamnick\u00e1 dolina, z\u00e1kladov\u00e9 lav\u00edny z Otrhancov\" class=\"wp-image-10447\" srcset=\"https:\/\/blog.laviny.sk\/wp-content\/uploads\/2023\/03\/2023-03-25_Jamnicka_dolina_laviny_z_Odrhancov.jpg 1000w, https:\/\/blog.laviny.sk\/wp-content\/uploads\/2023\/03\/2023-03-25_Jamnicka_dolina_laviny_z_Odrhancov-300x225.jpg 300w, https:\/\/blog.laviny.sk\/wp-content\/uploads\/2023\/03\/2023-03-25_Jamnicka_dolina_laviny_z_Odrhancov-768x576.jpg 768w\" sizes=\"auto, (max-width: 1000px) 100vw, 1000px\" \/><figcaption class=\"wp-element-caption\">2023-03-25 Jamnick\u00e1 dolina, z\u00e1kladov\u00e9 lav\u00edny z Otrhancov<\/figcaption><\/figure>\n\n\n\n<figure class=\"wp-block-image size-large\"><img loading=\"lazy\" decoding=\"async\" width=\"1000\" height=\"750\" data-attachment-id=\"10448\" data-permalink=\"https:\/\/blog.laviny.sk\/?attachment_id=10448#main\" data-orig-file=\"https:\/\/blog.laviny.sk\/wp-content\/uploads\/2023\/03\/2023-03-25_Jamnicka_dolina_nanos_laviny1.jpg\" data-orig-size=\"1000,750\" data-comments-opened=\"1\" data-image-meta=\"{&quot;aperture&quot;:&quot;2.8&quot;,&quot;credit&quot;:&quot;&quot;,&quot;camera&quot;:&quot;M30T&quot;,&quot;caption&quot;:&quot;default&quot;,&quot;created_timestamp&quot;:&quot;1679855368&quot;,&quot;copyright&quot;:&quot;&quot;,&quot;focal_length&quot;:&quot;4.4&quot;,&quot;iso&quot;:&quot;340&quot;,&quot;shutter_speed&quot;:&quot;0.011111111111111&quot;,&quot;title&quot;:&quot;default&quot;,&quot;orientation&quot;:&quot;1&quot;}\" data-image-title=\"default\" data-image-description=\"\" data-image-caption=\"&lt;p&gt;default&lt;\/p&gt;\n\" data-large-file=\"https:\/\/blog.laviny.sk\/wp-content\/uploads\/2023\/03\/2023-03-25_Jamnicka_dolina_nanos_laviny1.jpg\" data-id=\"10448\" src=\"https:\/\/blog.laviny.sk\/wp-content\/uploads\/2023\/03\/2023-03-25_Jamnicka_dolina_nanos_laviny1.jpg\" alt=\"2023-03-25 Jamnick\u00e1 dolina, N\u00e1nos lav\u00edny\" class=\"wp-image-10448\" srcset=\"https:\/\/blog.laviny.sk\/wp-content\/uploads\/2023\/03\/2023-03-25_Jamnicka_dolina_nanos_laviny1.jpg 1000w, https:\/\/blog.laviny.sk\/wp-content\/uploads\/2023\/03\/2023-03-25_Jamnicka_dolina_nanos_laviny1-300x225.jpg 300w, https:\/\/blog.laviny.sk\/wp-content\/uploads\/2023\/03\/2023-03-25_Jamnicka_dolina_nanos_laviny1-768x576.jpg 768w\" sizes=\"auto, (max-width: 1000px) 100vw, 1000px\" \/><figcaption class=\"wp-element-caption\">2023-03-25 Jamnick\u00e1 dolina, N\u00e1nos lav\u00edny<\/figcaption><\/figure>\n\n\n\n<figure class=\"wp-block-image size-large\"><img loading=\"lazy\" decoding=\"async\" width=\"1000\" height=\"750\" data-attachment-id=\"10449\" data-permalink=\"https:\/\/blog.laviny.sk\/?attachment_id=10449#main\" data-orig-file=\"https:\/\/blog.laviny.sk\/wp-content\/uploads\/2023\/03\/2023-03-25_Jamnicka_zakladove_laviny.jpg\" data-orig-size=\"1000,750\" data-comments-opened=\"1\" data-image-meta=\"{&quot;aperture&quot;:&quot;2.8&quot;,&quot;credit&quot;:&quot;&quot;,&quot;camera&quot;:&quot;M30T&quot;,&quot;caption&quot;:&quot;default&quot;,&quot;created_timestamp&quot;:&quot;1679854211&quot;,&quot;copyright&quot;:&quot;&quot;,&quot;focal_length&quot;:&quot;4.4&quot;,&quot;iso&quot;:&quot;110&quot;,&quot;shutter_speed&quot;:&quot;0.01&quot;,&quot;title&quot;:&quot;default&quot;,&quot;orientation&quot;:&quot;1&quot;}\" data-image-title=\"default\" data-image-description=\"\" data-image-caption=\"&lt;p&gt;default&lt;\/p&gt;\n\" data-large-file=\"https:\/\/blog.laviny.sk\/wp-content\/uploads\/2023\/03\/2023-03-25_Jamnicka_zakladove_laviny.jpg\" data-id=\"10449\" src=\"https:\/\/blog.laviny.sk\/wp-content\/uploads\/2023\/03\/2023-03-25_Jamnicka_zakladove_laviny.jpg\" alt=\"2023-03-25 Jamnick\u00e1 dolina\" class=\"wp-image-10449\" srcset=\"https:\/\/blog.laviny.sk\/wp-content\/uploads\/2023\/03\/2023-03-25_Jamnicka_zakladove_laviny.jpg 1000w, https:\/\/blog.laviny.sk\/wp-content\/uploads\/2023\/03\/2023-03-25_Jamnicka_zakladove_laviny-300x225.jpg 300w, https:\/\/blog.laviny.sk\/wp-content\/uploads\/2023\/03\/2023-03-25_Jamnicka_zakladove_laviny-768x576.jpg 768w\" sizes=\"auto, (max-width: 1000px) 100vw, 1000px\" \/><figcaption class=\"wp-element-caption\">2023-03-25 Jamnick\u00e1 dolina<\/figcaption><\/figure>\n\n\n\n<figure class=\"wp-block-image size-large\"><img loading=\"lazy\" decoding=\"async\" width=\"1000\" height=\"750\" data-attachment-id=\"10450\" data-permalink=\"https:\/\/blog.laviny.sk\/?attachment_id=10450#main\" data-orig-file=\"https:\/\/blog.laviny.sk\/wp-content\/uploads\/2023\/03\/2023-03-25_Kokavske_zahrady.jpg\" data-orig-size=\"1000,750\" data-comments-opened=\"1\" data-image-meta=\"{&quot;aperture&quot;:&quot;2.8&quot;,&quot;credit&quot;:&quot;&quot;,&quot;camera&quot;:&quot;M30T&quot;,&quot;caption&quot;:&quot;default&quot;,&quot;created_timestamp&quot;:&quot;1679853521&quot;,&quot;copyright&quot;:&quot;&quot;,&quot;focal_length&quot;:&quot;4.4&quot;,&quot;iso&quot;:&quot;100&quot;,&quot;shutter_speed&quot;:&quot;0.003125&quot;,&quot;title&quot;:&quot;default&quot;,&quot;orientation&quot;:&quot;1&quot;}\" data-image-title=\"default\" data-image-description=\"\" data-image-caption=\"&lt;p&gt;default&lt;\/p&gt;\n\" data-large-file=\"https:\/\/blog.laviny.sk\/wp-content\/uploads\/2023\/03\/2023-03-25_Kokavske_zahrady.jpg\" data-id=\"10450\" src=\"https:\/\/blog.laviny.sk\/wp-content\/uploads\/2023\/03\/2023-03-25_Kokavske_zahrady.jpg\" alt=\"2023-03-25 Jamnick\u00e1 dolina, Kokavsk\u00e9 z\u00e1hrady\" class=\"wp-image-10450\" srcset=\"https:\/\/blog.laviny.sk\/wp-content\/uploads\/2023\/03\/2023-03-25_Kokavske_zahrady.jpg 1000w, https:\/\/blog.laviny.sk\/wp-content\/uploads\/2023\/03\/2023-03-25_Kokavske_zahrady-300x225.jpg 300w, https:\/\/blog.laviny.sk\/wp-content\/uploads\/2023\/03\/2023-03-25_Kokavske_zahrady-768x576.jpg 768w\" sizes=\"auto, (max-width: 1000px) 100vw, 1000px\" \/><figcaption class=\"wp-element-caption\">2023-03-25 Jamnick\u00e1 dolina, Kokavsk\u00e9 z\u00e1hrady<\/figcaption><\/figure>\n\n\n\n<figure class=\"wp-block-image size-large\"><img loading=\"lazy\" decoding=\"async\" width=\"1000\" height=\"562\" data-attachment-id=\"10451\" data-permalink=\"https:\/\/blog.laviny.sk\/?attachment_id=10451#main\" data-orig-file=\"https:\/\/blog.laviny.sk\/wp-content\/uploads\/2023\/03\/2023-03-29_AMS_Ostredok.jpg\" data-orig-size=\"1000,562\" data-comments-opened=\"1\" data-image-meta=\"{&quot;aperture&quot;:&quot;1.7&quot;,&quot;credit&quot;:&quot;&quot;,&quot;camera&quot;:&quot;SM-G715FN&quot;,&quot;caption&quot;:&quot;&quot;,&quot;created_timestamp&quot;:&quot;1680088081&quot;,&quot;copyright&quot;:&quot;&quot;,&quot;focal_length&quot;:&quot;3.92&quot;,&quot;iso&quot;:&quot;40&quot;,&quot;shutter_speed&quot;:&quot;0.00012399256044637&quot;,&quot;title&quot;:&quot;&quot;,&quot;orientation&quot;:&quot;1&quot;}\" data-image-title=\"2023-03-29_AMS_Ostredok\" data-image-description=\"\" data-image-caption=\"\" data-large-file=\"https:\/\/blog.laviny.sk\/wp-content\/uploads\/2023\/03\/2023-03-29_AMS_Ostredok.jpg\" data-id=\"10451\" src=\"https:\/\/blog.laviny.sk\/wp-content\/uploads\/2023\/03\/2023-03-29_AMS_Ostredok.jpg\" alt=\"2023-03-29 AMS Ostredok\" class=\"wp-image-10451\" srcset=\"https:\/\/blog.laviny.sk\/wp-content\/uploads\/2023\/03\/2023-03-29_AMS_Ostredok.jpg 1000w, https:\/\/blog.laviny.sk\/wp-content\/uploads\/2023\/03\/2023-03-29_AMS_Ostredok-300x169.jpg 300w, https:\/\/blog.laviny.sk\/wp-content\/uploads\/2023\/03\/2023-03-29_AMS_Ostredok-768x432.jpg 768w, https:\/\/blog.laviny.sk\/wp-content\/uploads\/2023\/03\/2023-03-29_AMS_Ostredok-460x260.jpg 460w\" sizes=\"auto, (max-width: 1000px) 100vw, 1000px\" \/><figcaption class=\"wp-element-caption\">2023-03-29 AMS Ostredok<\/figcaption><\/figure>\n\n\n\n<figure class=\"wp-block-image size-large\"><img loading=\"lazy\" decoding=\"async\" width=\"1000\" height=\"750\" data-attachment-id=\"10452\" data-permalink=\"https:\/\/blog.laviny.sk\/?attachment_id=10452#main\" data-orig-file=\"https:\/\/blog.laviny.sk\/wp-content\/uploads\/2023\/03\/2023-03-29_hreben_NT.jpg\" data-orig-size=\"1000,750\" data-comments-opened=\"1\" data-image-meta=\"{&quot;aperture&quot;:&quot;1.79&quot;,&quot;credit&quot;:&quot;&quot;,&quot;camera&quot;:&quot;Redmi Note 8T&quot;,&quot;caption&quot;:&quot;&quot;,&quot;created_timestamp&quot;:&quot;1680091713&quot;,&quot;copyright&quot;:&quot;&quot;,&quot;focal_length&quot;:&quot;4.74&quot;,&quot;iso&quot;:&quot;100&quot;,&quot;shutter_speed&quot;:&quot;5.218117303277E-5&quot;,&quot;title&quot;:&quot;&quot;,&quot;orientation&quot;:&quot;1&quot;}\" data-image-title=\"2023-03-29_hreben_NT\" data-image-description=\"\" data-image-caption=\"\" data-large-file=\"https:\/\/blog.laviny.sk\/wp-content\/uploads\/2023\/03\/2023-03-29_hreben_NT.jpg\" data-id=\"10452\" src=\"https:\/\/blog.laviny.sk\/wp-content\/uploads\/2023\/03\/2023-03-29_hreben_NT.jpg\" alt=\"2023-03-29 N\u00edzke Tatry, poh\u013ead na hlavn\u00fd hrebe\u0148\" class=\"wp-image-10452\" srcset=\"https:\/\/blog.laviny.sk\/wp-content\/uploads\/2023\/03\/2023-03-29_hreben_NT.jpg 1000w, https:\/\/blog.laviny.sk\/wp-content\/uploads\/2023\/03\/2023-03-29_hreben_NT-300x225.jpg 300w, https:\/\/blog.laviny.sk\/wp-content\/uploads\/2023\/03\/2023-03-29_hreben_NT-768x576.jpg 768w\" sizes=\"auto, (max-width: 1000px) 100vw, 1000px\" \/><figcaption class=\"wp-element-caption\">2023-03-29 N\u00edzke Tatry, poh\u013ead na hlavn\u00fd hrebe\u0148<\/figcaption><\/figure>\n\n\n\n<figure class=\"wp-block-image size-large\"><img loading=\"lazy\" decoding=\"async\" width=\"1000\" height=\"750\" data-attachment-id=\"10453\" data-permalink=\"https:\/\/blog.laviny.sk\/?attachment_id=10453#main\" data-orig-file=\"https:\/\/blog.laviny.sk\/wp-content\/uploads\/2023\/03\/2023-03-29_Lomnicke_sedlo_Obbellix.jpg\" data-orig-size=\"1000,750\" data-comments-opened=\"1\" data-image-meta=\"{&quot;aperture&quot;:&quot;2.8&quot;,&quot;credit&quot;:&quot;&quot;,&quot;camera&quot;:&quot;FC2403&quot;,&quot;caption&quot;:&quot;default&quot;,&quot;created_timestamp&quot;:&quot;1680073784&quot;,&quot;copyright&quot;:&quot;&quot;,&quot;focal_length&quot;:&quot;4.5&quot;,&quot;iso&quot;:&quot;100&quot;,&quot;shutter_speed&quot;:&quot;0.0003125&quot;,&quot;title&quot;:&quot;default&quot;,&quot;orientation&quot;:&quot;1&quot;}\" data-image-title=\"default\" data-image-description=\"\" data-image-caption=\"&lt;p&gt;default&lt;\/p&gt;\n\" data-large-file=\"https:\/\/blog.laviny.sk\/wp-content\/uploads\/2023\/03\/2023-03-29_Lomnicke_sedlo_Obbellix.jpg\" data-id=\"10453\" src=\"https:\/\/blog.laviny.sk\/wp-content\/uploads\/2023\/03\/2023-03-29_Lomnicke_sedlo_Obbellix.jpg\" alt=\"2023-03-29, Vysok\u00e9 Tatry, Po odstrele Obellx, popraskan\u00e1 snehov\u00e1 pokr\u00fdvka\" class=\"wp-image-10453\" srcset=\"https:\/\/blog.laviny.sk\/wp-content\/uploads\/2023\/03\/2023-03-29_Lomnicke_sedlo_Obbellix.jpg 1000w, https:\/\/blog.laviny.sk\/wp-content\/uploads\/2023\/03\/2023-03-29_Lomnicke_sedlo_Obbellix-300x225.jpg 300w, https:\/\/blog.laviny.sk\/wp-content\/uploads\/2023\/03\/2023-03-29_Lomnicke_sedlo_Obbellix-768x576.jpg 768w\" sizes=\"auto, (max-width: 1000px) 100vw, 1000px\" \/><figcaption class=\"wp-element-caption\">2023-03-29, Vysok\u00e9 Tatry, Po odstrele O&#8217;bellx, popraskan\u00e1 snehov\u00e1 pokr\u00fdvka<\/figcaption><\/figure>\n\n\n\n<figure class=\"wp-block-image size-large\"><img loading=\"lazy\" decoding=\"async\" width=\"1000\" height=\"750\" data-attachment-id=\"10454\" data-permalink=\"https:\/\/blog.laviny.sk\/?attachment_id=10454#main\" data-orig-file=\"https:\/\/blog.laviny.sk\/wp-content\/uploads\/2023\/03\/2023-03-29_Lomnicky_stit_Kezmarsky_stit.jpg\" data-orig-size=\"1000,750\" data-comments-opened=\"1\" data-image-meta=\"{&quot;aperture&quot;:&quot;2.8&quot;,&quot;credit&quot;:&quot;&quot;,&quot;camera&quot;:&quot;FC2403&quot;,&quot;caption&quot;:&quot;default&quot;,&quot;created_timestamp&quot;:&quot;1680076428&quot;,&quot;copyright&quot;:&quot;&quot;,&quot;focal_length&quot;:&quot;4.5&quot;,&quot;iso&quot;:&quot;100&quot;,&quot;shutter_speed&quot;:&quot;0.0003125&quot;,&quot;title&quot;:&quot;default&quot;,&quot;orientation&quot;:&quot;1&quot;}\" data-image-title=\"default\" data-image-description=\"\" data-image-caption=\"&lt;p&gt;default&lt;\/p&gt;\n\" data-large-file=\"https:\/\/blog.laviny.sk\/wp-content\/uploads\/2023\/03\/2023-03-29_Lomnicky_stit_Kezmarsky_stit.jpg\" data-id=\"10454\" src=\"https:\/\/blog.laviny.sk\/wp-content\/uploads\/2023\/03\/2023-03-29_Lomnicky_stit_Kezmarsky_stit.jpg\" alt=\"2023-03-29 Lomnick\u00fd \u0161t\u00edt, Vidlov\u00fd hrebe\u0148, Ke\u017emarsk\u00fd \u0161t\u00edt\" class=\"wp-image-10454\" srcset=\"https:\/\/blog.laviny.sk\/wp-content\/uploads\/2023\/03\/2023-03-29_Lomnicky_stit_Kezmarsky_stit.jpg 1000w, https:\/\/blog.laviny.sk\/wp-content\/uploads\/2023\/03\/2023-03-29_Lomnicky_stit_Kezmarsky_stit-300x225.jpg 300w, https:\/\/blog.laviny.sk\/wp-content\/uploads\/2023\/03\/2023-03-29_Lomnicky_stit_Kezmarsky_stit-768x576.jpg 768w\" sizes=\"auto, (max-width: 1000px) 100vw, 1000px\" \/><figcaption class=\"wp-element-caption\">2023-03-29 Lomnick\u00fd \u0161t\u00edt, Vidlov\u00fd hrebe\u0148, Ke\u017emarsk\u00fd \u0161t\u00edt<\/figcaption><\/figure>\n\n\n\n<figure class=\"wp-block-image size-large\"><img loading=\"lazy\" decoding=\"async\" width=\"1000\" height=\"562\" data-attachment-id=\"10455\" data-permalink=\"https:\/\/blog.laviny.sk\/?attachment_id=10455#main\" data-orig-file=\"https:\/\/blog.laviny.sk\/wp-content\/uploads\/2023\/03\/2023-03-29_MF_Ostredok.jpg\" data-orig-size=\"1000,562\" data-comments-opened=\"1\" data-image-meta=\"{&quot;aperture&quot;:&quot;1.7&quot;,&quot;credit&quot;:&quot;&quot;,&quot;camera&quot;:&quot;SM-G715FN&quot;,&quot;caption&quot;:&quot;&quot;,&quot;created_timestamp&quot;:&quot;1680090446&quot;,&quot;copyright&quot;:&quot;&quot;,&quot;focal_length&quot;:&quot;3.92&quot;,&quot;iso&quot;:&quot;40&quot;,&quot;shutter_speed&quot;:&quot;0.00022401433691756&quot;,&quot;title&quot;:&quot;&quot;,&quot;orientation&quot;:&quot;1&quot;}\" data-image-title=\"2023-03-29_MF_Ostredok\" data-image-description=\"\" data-image-caption=\"\" data-large-file=\"https:\/\/blog.laviny.sk\/wp-content\/uploads\/2023\/03\/2023-03-29_MF_Ostredok.jpg\" data-id=\"10455\" src=\"https:\/\/blog.laviny.sk\/wp-content\/uploads\/2023\/03\/2023-03-29_MF_Ostredok.jpg\" alt=\"2023-03-29 Mal\u00e1 Fatra, Fatransk\u00fd Kriv\u00e1\u0148\" class=\"wp-image-10455\" srcset=\"https:\/\/blog.laviny.sk\/wp-content\/uploads\/2023\/03\/2023-03-29_MF_Ostredok.jpg 1000w, https:\/\/blog.laviny.sk\/wp-content\/uploads\/2023\/03\/2023-03-29_MF_Ostredok-300x169.jpg 300w, https:\/\/blog.laviny.sk\/wp-content\/uploads\/2023\/03\/2023-03-29_MF_Ostredok-768x432.jpg 768w, https:\/\/blog.laviny.sk\/wp-content\/uploads\/2023\/03\/2023-03-29_MF_Ostredok-460x260.jpg 460w\" sizes=\"auto, (max-width: 1000px) 100vw, 1000px\" \/><figcaption class=\"wp-element-caption\">2023-03-29 Mal\u00e1 Fatra, Fatransk\u00fd Kriv\u00e1\u0148<\/figcaption><\/figure>\n<\/figure>\n\n\n\n<p><\/p>\n\n\n\n<p>V\u00fdhliadky na v\u00edkend :<\/p>\n\n\n\n<p>Jarn\u00fd pek\u00e1\u010d a horsk\u00e9 sol\u00e1rium e\u0161te nem\u00f4\u017eeme o\u010dak\u00e1va\u0165. Horsk\u00e9 \u00fazemia Slovenska zasiahne op\u00e4\u0165 tlakov\u00e1 n\u00ed\u017e a okluduj\u00faci front. Na prv\u00e9ho apr\u00edla n\u00e1s preto hory priv\u00edtaj\u00fa do obla\u010dn\u00e9ho po\u010dasia s preh\u00e1nkami, ktor\u00e9 bud\u00fa ma\u0165 formu da\u017e\u010fa a\u017e do stredn\u00fdch pol\u00f4h. V priebehu nedele m\u00f4\u017eeme o\u010dak\u00e1va\u0165 jemn\u00e9 ochladenie, hranica sne\u017eenia sa zn\u00ed\u017ei na 1200 m n.m. Tendencia lav\u00ednov\u00e9ho nebezpe\u010denstva je zotrval\u00e1. Opatrnos\u0165 treba zv\u00fd\u0161i\u0165 v stredn\u00fdch poloh\u00e1ch na mokrej snehovej pokr\u00fdvke (d\u00e1\u017e\u010f&#8230;) a taktie\u017e na z\u00e1vetern\u00fdch stran\u00e1ch hrebe\u0148ov pr\u00edpadne strm\u00fdch \u017elabov najvy\u0161\u0161\u00edch pol\u00f4h, kde sa e\u0161te nach\u00e1dza nepreviazan\u00fd vetrom naviaty sneh. Bezpe\u010dn\u00fd a pr\u00edjemn\u00fd v\u00edkend V\u00e1m \u017eel\u00e1 Stredisko lav\u00ednovej prevencie. <\/p>\n","protected":false},"excerpt":{"rendered":"<p>Za\u010diatok v\u00edkendu to veru na zimu v na\u0161ich hor\u00e1ch nevyzeralo. V sobotu z r\u00e1na pr\u0161alo aj vo vysok\u00fdch poloh\u00e1ch. V dolin\u00e1ch sme u\u017e zavesili snehule \u010di lopaty na sneh na klinec. Av\u0161ak po relat\u00edvne teplom a upr\u0161anom v\u00edkende sta\u010dil aj letm\u00fd poh\u013ead na predpove\u010f po\u010dasia, a ka\u017ed\u00e9mu bolo jasn\u00e9, \u017ee zima e\u0161te vytr\u010d\u00ed paz\u00farik. Ochladzova\u0165&hellip;<\/p>\n","protected":false},"author":1,"featured_media":10436,"comment_status":"open","ping_status":"open","sticky":false,"template":"","format":"standard","meta":{"jetpack_post_was_ever_published":false,"_jetpack_newsletter_access":"","_jetpack_dont_email_post_to_subs":false,"_jetpack_newsletter_tier_id":0,"_jetpack_memberships_contains_paywalled_content":false,"_jetpack_memberships_contains_paid_content":false,"footnotes":"","jetpack_publicize_message":"","jetpack_publicize_feature_enabled":true,"jetpack_social_post_already_shared":true,"jetpack_social_options":{"image_generator_settings":{"template":"highway","default_image_id":0,"font":"","enabled":false},"version":2}},"categories":[4],"tags":[66,87,105,123,259,154,155,156,197,202],"class_list":["post-10421","post","type-post","status-publish","format-standard","has-post-thumbnail","hentry","category-pocasie-sneh-a-laviny","tag-lavina","tag-mala-fatra","tag-nizke-tatry","tag-pocasie","tag-silny-vietor","tag-sneh","tag-sneh-a-laviny","tag-snehova-pokryvka","tag-vysoke-tatry","tag-zapadne-tatry"],"jetpack_publicize_connections":[],"jetpack_featured_media_url":"https:\/\/blog.laviny.sk\/wp-content\/uploads\/2023\/03\/2023_03_29-ZT_Rackova_02.jpg","jetpack_sharing_enabled":true,"jetpack_shortlink":"https:\/\/wp.me\/p8DxWh-2I5","jetpack-related-posts":[],"_links":{"self":[{"href":"https:\/\/blog.laviny.sk\/index.php?rest_route=\/wp\/v2\/posts\/10421","targetHints":{"allow":["GET"]}}],"collection":[{"href":"https:\/\/blog.laviny.sk\/index.php?rest_route=\/wp\/v2\/posts"}],"about":[{"href":"https:\/\/blog.laviny.sk\/index.php?rest_route=\/wp\/v2\/types\/post"}],"author":[{"embeddable":true,"href":"https:\/\/blog.laviny.sk\/index.php?rest_route=\/wp\/v2\/users\/1"}],"replies":[{"embeddable":true,"href":"https:\/\/blog.laviny.sk\/index.php?rest_route=%2Fwp%2Fv2%2Fcomments&post=10421"}],"version-history":[{"count":12,"href":"https:\/\/blog.laviny.sk\/index.php?rest_route=\/wp\/v2\/posts\/10421\/revisions"}],"predecessor-version":[{"id":10467,"href":"https:\/\/blog.laviny.sk\/index.php?rest_route=\/wp\/v2\/posts\/10421\/revisions\/10467"}],"wp:featuredmedia":[{"embeddable":true,"href":"https:\/\/blog.laviny.sk\/index.php?rest_route=\/wp\/v2\/media\/10436"}],"wp:attachment":[{"href":"https:\/\/blog.laviny.sk\/index.php?rest_route=%2Fwp%2Fv2%2Fmedia&parent=10421"}],"wp:term":[{"taxonomy":"category","embeddable":true,"href":"https:\/\/blog.laviny.sk\/index.php?rest_route=%2Fwp%2Fv2%2Fcategories&post=10421"},{"taxonomy":"post_tag","embeddable":true,"href":"https:\/\/blog.laviny.sk\/index.php?rest_route=%2Fwp%2Fv2%2Ftags&post=10421"}],"curies":[{"name":"wp","href":"https:\/\/api.w.org\/{rel}","templated":true}]}}