{"id":10102,"date":"2023-02-10T14:42:14","date_gmt":"2023-02-10T13:42:14","guid":{"rendered":"https:\/\/blog.laviny.sk\/?p=10102"},"modified":"2023-02-11T13:01:00","modified_gmt":"2023-02-11T12:01:00","slug":"pocasie-sneh-a-laviny-4-2-2023-10-2-2023","status":"publish","type":"post","link":"https:\/\/blog.laviny.sk\/?p=10102","title":{"rendered":"Po\u010dasie sneh a lav\u00edny 4.2.2023 &#8211; 10.2.2023"},"content":{"rendered":"\n<p>Bohat\u00e1 snehov\u00e1 n\u00e1dielka vyvrcholila v noci z piatka 3.2.2023 na sobotu 4.2.2023. V horstv\u00e1ch Slovenska pripadlo koncom minul\u00e9ho t\u00fd\u017ed\u0148a viac ako 100 cm nov\u00e9ho prachov\u00e9ho snehu, \u010do sa podp\u00edsalo na stupni lav\u00ednov\u00e9ho nebezpe\u010denstva. Vo Vysok\u00fdch, Z\u00e1padn\u00fdch a Malej Fatre panoval 4. stupe\u0148 z 5-dielnej medzin\u00e1rodnej stupnice. <\/p>\n\n\n\n<figure class=\"wp-block-image size-large\"><img loading=\"lazy\" decoding=\"async\" width=\"1024\" height=\"491\" data-attachment-id=\"10105\" data-permalink=\"https:\/\/blog.laviny.sk\/?attachment_id=10105#main\" data-orig-file=\"https:\/\/blog.laviny.sk\/wp-content\/uploads\/2023\/02\/2023-02-03-07-ostredok_snehova_pokryvka.png\" data-orig-size=\"1500,719\" data-comments-opened=\"1\" data-image-meta=\"{&quot;aperture&quot;:&quot;0&quot;,&quot;credit&quot;:&quot;&quot;,&quot;camera&quot;:&quot;&quot;,&quot;caption&quot;:&quot;&quot;,&quot;created_timestamp&quot;:&quot;0&quot;,&quot;copyright&quot;:&quot;&quot;,&quot;focal_length&quot;:&quot;0&quot;,&quot;iso&quot;:&quot;0&quot;,&quot;shutter_speed&quot;:&quot;0&quot;,&quot;title&quot;:&quot;&quot;,&quot;orientation&quot;:&quot;0&quot;}\" data-image-title=\"2023-02-03-07-ostredok_snehova_pokryvka\" data-image-description=\"\" data-image-caption=\"\" data-large-file=\"https:\/\/blog.laviny.sk\/wp-content\/uploads\/2023\/02\/2023-02-03-07-ostredok_snehova_pokryvka-1024x491.png\" src=\"https:\/\/blog.laviny.sk\/wp-content\/uploads\/2023\/02\/2023-02-03-07-ostredok_snehova_pokryvka-1024x491.png\" alt=\"\" class=\"wp-image-10105\" srcset=\"https:\/\/blog.laviny.sk\/wp-content\/uploads\/2023\/02\/2023-02-03-07-ostredok_snehova_pokryvka-1024x491.png 1024w, https:\/\/blog.laviny.sk\/wp-content\/uploads\/2023\/02\/2023-02-03-07-ostredok_snehova_pokryvka-300x144.png 300w, https:\/\/blog.laviny.sk\/wp-content\/uploads\/2023\/02\/2023-02-03-07-ostredok_snehova_pokryvka-768x368.png 768w, https:\/\/blog.laviny.sk\/wp-content\/uploads\/2023\/02\/2023-02-03-07-ostredok_snehova_pokryvka.png 1500w\" sizes=\"auto, (max-width: 1024px) 100vw, 1024px\" \/><figcaption class=\"wp-element-caption\"><em>V\u00fdvoj v\u00fd\u0161ky snehovej pokr\u00fdvky na AMS Ostredok 1295 m n.m. (Mal\u00e1 Fatra) od 4.2.2023 po 10.2.2023<\/em><\/figcaption><\/figure>\n\n\n\n<figure class=\"wp-block-image size-large\"><img loading=\"lazy\" decoding=\"async\" width=\"1024\" height=\"491\" data-attachment-id=\"10106\" data-permalink=\"https:\/\/blog.laviny.sk\/?attachment_id=10106#main\" data-orig-file=\"https:\/\/blog.laviny.sk\/wp-content\/uploads\/2023\/02\/2023-02-03-07-ziarska_chata_snehova_pokryvka.png\" data-orig-size=\"1500,719\" data-comments-opened=\"1\" data-image-meta=\"{&quot;aperture&quot;:&quot;0&quot;,&quot;credit&quot;:&quot;&quot;,&quot;camera&quot;:&quot;&quot;,&quot;caption&quot;:&quot;&quot;,&quot;created_timestamp&quot;:&quot;0&quot;,&quot;copyright&quot;:&quot;&quot;,&quot;focal_length&quot;:&quot;0&quot;,&quot;iso&quot;:&quot;0&quot;,&quot;shutter_speed&quot;:&quot;0&quot;,&quot;title&quot;:&quot;&quot;,&quot;orientation&quot;:&quot;0&quot;}\" data-image-title=\"2023-02-03-07-ziarska_chata_snehova_pokryvka\" data-image-description=\"\" data-image-caption=\"\" data-large-file=\"https:\/\/blog.laviny.sk\/wp-content\/uploads\/2023\/02\/2023-02-03-07-ziarska_chata_snehova_pokryvka-1024x491.png\" src=\"https:\/\/blog.laviny.sk\/wp-content\/uploads\/2023\/02\/2023-02-03-07-ziarska_chata_snehova_pokryvka-1024x491.png\" alt=\"\" class=\"wp-image-10106\" srcset=\"https:\/\/blog.laviny.sk\/wp-content\/uploads\/2023\/02\/2023-02-03-07-ziarska_chata_snehova_pokryvka-1024x491.png 1024w, https:\/\/blog.laviny.sk\/wp-content\/uploads\/2023\/02\/2023-02-03-07-ziarska_chata_snehova_pokryvka-300x144.png 300w, https:\/\/blog.laviny.sk\/wp-content\/uploads\/2023\/02\/2023-02-03-07-ziarska_chata_snehova_pokryvka-768x368.png 768w, https:\/\/blog.laviny.sk\/wp-content\/uploads\/2023\/02\/2023-02-03-07-ziarska_chata_snehova_pokryvka.png 1500w\" sizes=\"auto, (max-width: 1024px) 100vw, 1024px\" \/><figcaption class=\"wp-element-caption\"><em>V\u00fdvoj v\u00fd\u0161ky snehovej pokr\u00fdvky na AMS \u017diarska chata 1285 m n.m. (\u017diarska chata) od 4.2.2023 po 10.2.2023<\/em><\/figcaption><\/figure>\n\n\n\n<p>Po\u010das soboty 4.2.2023 f\u00fakal vo v\u0161etk\u00fdch poloh\u00e1ch ve\u013emi siln\u00fd vietor, ktor\u00fd dosahoval silu mohutnej v\u00edchrice. Na Holom vrchu dosiahli n\u00e1razy vetra v tento de\u0148 45 m\/s (162 km\/h). <\/p>\n\n\n\n<figure class=\"wp-block-image size-large\"><img loading=\"lazy\" decoding=\"async\" width=\"1024\" height=\"491\" data-attachment-id=\"10107\" data-permalink=\"https:\/\/blog.laviny.sk\/?attachment_id=10107#main\" data-orig-file=\"https:\/\/blog.laviny.sk\/wp-content\/uploads\/2023\/02\/2023-02-03-10_zt_Holy_vrch_vietor.png\" data-orig-size=\"1500,719\" data-comments-opened=\"1\" data-image-meta=\"{&quot;aperture&quot;:&quot;0&quot;,&quot;credit&quot;:&quot;&quot;,&quot;camera&quot;:&quot;&quot;,&quot;caption&quot;:&quot;&quot;,&quot;created_timestamp&quot;:&quot;0&quot;,&quot;copyright&quot;:&quot;&quot;,&quot;focal_length&quot;:&quot;0&quot;,&quot;iso&quot;:&quot;0&quot;,&quot;shutter_speed&quot;:&quot;0&quot;,&quot;title&quot;:&quot;&quot;,&quot;orientation&quot;:&quot;0&quot;}\" data-image-title=\"2023-02-03-10_zt_Holy_vrch_vietor\" data-image-description=\"\" data-image-caption=\"\" data-large-file=\"https:\/\/blog.laviny.sk\/wp-content\/uploads\/2023\/02\/2023-02-03-10_zt_Holy_vrch_vietor-1024x491.png\" src=\"https:\/\/blog.laviny.sk\/wp-content\/uploads\/2023\/02\/2023-02-03-10_zt_Holy_vrch_vietor-1024x491.png\" alt=\"\" class=\"wp-image-10107\" srcset=\"https:\/\/blog.laviny.sk\/wp-content\/uploads\/2023\/02\/2023-02-03-10_zt_Holy_vrch_vietor-1024x491.png 1024w, https:\/\/blog.laviny.sk\/wp-content\/uploads\/2023\/02\/2023-02-03-10_zt_Holy_vrch_vietor-300x144.png 300w, https:\/\/blog.laviny.sk\/wp-content\/uploads\/2023\/02\/2023-02-03-10_zt_Holy_vrch_vietor-768x368.png 768w, https:\/\/blog.laviny.sk\/wp-content\/uploads\/2023\/02\/2023-02-03-10_zt_Holy_vrch_vietor.png 1500w\" sizes=\"auto, (max-width: 1024px) 100vw, 1024px\" \/><figcaption class=\"wp-element-caption\"><em>Priebeh r\u00fdchlosti a n\u00e1razov vetra v m\/s na AMS Hol\u00fd vrch 1876 m n.m.  (Z\u00e1padn\u00e9 Tatry) od 4.2.2023 po 10.2.2023<\/em> <\/figcaption><\/figure>\n\n\n\n<figure class=\"wp-block-image size-large\"><img loading=\"lazy\" decoding=\"async\" width=\"1024\" height=\"491\" data-attachment-id=\"10108\" data-permalink=\"https:\/\/blog.laviny.sk\/?attachment_id=10108#main\" data-orig-file=\"https:\/\/blog.laviny.sk\/wp-content\/uploads\/2023\/02\/2023-02-03-09_vt_zelene_pleso_vietor.png\" data-orig-size=\"1500,719\" data-comments-opened=\"1\" data-image-meta=\"{&quot;aperture&quot;:&quot;0&quot;,&quot;credit&quot;:&quot;&quot;,&quot;camera&quot;:&quot;&quot;,&quot;caption&quot;:&quot;&quot;,&quot;created_timestamp&quot;:&quot;0&quot;,&quot;copyright&quot;:&quot;&quot;,&quot;focal_length&quot;:&quot;0&quot;,&quot;iso&quot;:&quot;0&quot;,&quot;shutter_speed&quot;:&quot;0&quot;,&quot;title&quot;:&quot;&quot;,&quot;orientation&quot;:&quot;0&quot;}\" data-image-title=\"2023-02-03-09_vt_zelene_pleso_vietor\" data-image-description=\"\" data-image-caption=\"\" data-large-file=\"https:\/\/blog.laviny.sk\/wp-content\/uploads\/2023\/02\/2023-02-03-09_vt_zelene_pleso_vietor-1024x491.png\" src=\"https:\/\/blog.laviny.sk\/wp-content\/uploads\/2023\/02\/2023-02-03-09_vt_zelene_pleso_vietor-1024x491.png\" alt=\"\" class=\"wp-image-10108\" srcset=\"https:\/\/blog.laviny.sk\/wp-content\/uploads\/2023\/02\/2023-02-03-09_vt_zelene_pleso_vietor-1024x491.png 1024w, https:\/\/blog.laviny.sk\/wp-content\/uploads\/2023\/02\/2023-02-03-09_vt_zelene_pleso_vietor-300x144.png 300w, https:\/\/blog.laviny.sk\/wp-content\/uploads\/2023\/02\/2023-02-03-09_vt_zelene_pleso_vietor-768x368.png 768w, https:\/\/blog.laviny.sk\/wp-content\/uploads\/2023\/02\/2023-02-03-09_vt_zelene_pleso_vietor.png 1500w\" sizes=\"auto, (max-width: 1024px) 100vw, 1024px\" \/><figcaption class=\"wp-element-caption\"><em>Priebeh r\u00fdchlosti a n\u00e1razov vetra v [m\/s] na AMS Zelen\u00e9 pleso 1551 m.n.m. (Vysok\u00e9 Tatry) od 4.2.2023 po 10.2.2023<\/em><\/figcaption><\/figure>\n\n\n\n<figure class=\"wp-block-jetpack-image-compare\"><div class=\"juxtapose\" data-mode=\"horizontal\"><img loading=\"lazy\" decoding=\"async\" id=\"10110\" src=\"https:\/\/blog.laviny.sk\/wp-content\/uploads\/2023\/02\/2023-01-30_zIARSKA_CHATA.jpg\" alt=\"\" width=\"1000\" height=\"750\" class=\"image-compare__image-before\"\/><img loading=\"lazy\" decoding=\"async\" id=\"10111\" src=\"https:\/\/blog.laviny.sk\/wp-content\/uploads\/2023\/02\/2023-02-05_Ziarska_chata.jpg\" alt=\"\" width=\"1000\" height=\"750\" class=\"image-compare__image-after\"\/><\/div><figcaption>Porovnanie v\u00fd\u0161ky snehu na \u017diarskej chate 1285 m n.m. (Z\u00e1pad\u00e9 Tatry)<\/figcaption><\/figure>\n\n\n\n<figure class=\"wp-block-image size-full\"><img loading=\"lazy\" decoding=\"async\" width=\"1000\" height=\"667\" data-attachment-id=\"10112\" data-permalink=\"https:\/\/blog.laviny.sk\/?attachment_id=10112#main\" data-orig-file=\"https:\/\/blog.laviny.sk\/wp-content\/uploads\/2023\/02\/2023-02-07_stromy.jpg\" data-orig-size=\"1000,667\" data-comments-opened=\"1\" data-image-meta=\"{&quot;aperture&quot;:&quot;11&quot;,&quot;credit&quot;:&quot;&quot;,&quot;camera&quot;:&quot;NIKON D850&quot;,&quot;caption&quot;:&quot;&quot;,&quot;created_timestamp&quot;:&quot;1675773262&quot;,&quot;copyright&quot;:&quot;&quot;,&quot;focal_length&quot;:&quot;55&quot;,&quot;iso&quot;:&quot;250&quot;,&quot;shutter_speed&quot;:&quot;0.0015625&quot;,&quot;title&quot;:&quot;&quot;,&quot;orientation&quot;:&quot;1&quot;}\" data-image-title=\"2023-02-07_stromy\" data-image-description=\"\" data-image-caption=\"\" data-large-file=\"https:\/\/blog.laviny.sk\/wp-content\/uploads\/2023\/02\/2023-02-07_stromy.jpg\" src=\"https:\/\/blog.laviny.sk\/wp-content\/uploads\/2023\/02\/2023-02-07_stromy.jpg\" alt=\"\" class=\"wp-image-10112\" srcset=\"https:\/\/blog.laviny.sk\/wp-content\/uploads\/2023\/02\/2023-02-07_stromy.jpg 1000w, https:\/\/blog.laviny.sk\/wp-content\/uploads\/2023\/02\/2023-02-07_stromy-300x200.jpg 300w, https:\/\/blog.laviny.sk\/wp-content\/uploads\/2023\/02\/2023-02-07_stromy-768x512.jpg 768w\" sizes=\"auto, (max-width: 1000px) 100vw, 1000px\" \/><figcaption class=\"wp-element-caption\">Zr\u00e1\u017eky sme zaznamenali vo v\u0161etk\u00fdch pohoriach Slovenska. Siln\u00fd vietor transportoval sneh do p\u00e1sma lesa&#8230; <\/figcaption><\/figure>\n\n\n\n<p>Po\u010das tretieho a \u0161tvrt\u00e9ho stup\u0148a lav\u00ednov\u00e9ho nebezpe\u010denstva sa o\u010dak\u00e1va aj v\u00fdskyt samovo\u013en\u00fdch lav\u00edn strednej a ve\u013ekej ve\u013ekosti. 7.2.2023 sa uskuto\u010dnil leteck\u00fd monitoring v\u00fdskytu lav\u00edn, a tento jav bol potvrden\u00fd. <\/p>\n\n\n\n<p>Pre cel\u00fd t\u00fd\u017ede\u0148 6.2.2023 &#8211; 10.2.2023 bolo charakteristick\u00e9 jasn\u00e9, pekn\u00e9 a chladn\u00e9 slne\u010dn\u00e9 po\u010dasie. To sa podp\u00edsalo na postupnom sadan\u00ed snehovej pokr\u00fdvky a stabilizovan\u00ed situ\u00e1cie. Lav\u00ednov\u00fd stupe\u0148 postupne klesol na 2. stupe\u0148 z 5-dielnej medzin\u00e1rodnej stupnice. Chladn\u00e9 po\u010dasie malo za n\u00e1sledok vytvorenie nebezpe\u010dn\u00fdch druhov snehu na S sektore pohor\u00ed Slovenska.<\/p>\n\n\n\n<figure class=\"wp-block-image size-large\"><img loading=\"lazy\" decoding=\"async\" width=\"1024\" height=\"491\" data-attachment-id=\"10113\" data-permalink=\"https:\/\/blog.laviny.sk\/?attachment_id=10113#main\" data-orig-file=\"https:\/\/blog.laviny.sk\/wp-content\/uploads\/2023\/02\/2023-02-03-10_zt_Holy_vrch_globalne_ziarenie.png\" data-orig-size=\"1500,719\" data-comments-opened=\"1\" data-image-meta=\"{&quot;aperture&quot;:&quot;0&quot;,&quot;credit&quot;:&quot;&quot;,&quot;camera&quot;:&quot;&quot;,&quot;caption&quot;:&quot;&quot;,&quot;created_timestamp&quot;:&quot;0&quot;,&quot;copyright&quot;:&quot;&quot;,&quot;focal_length&quot;:&quot;0&quot;,&quot;iso&quot;:&quot;0&quot;,&quot;shutter_speed&quot;:&quot;0&quot;,&quot;title&quot;:&quot;&quot;,&quot;orientation&quot;:&quot;0&quot;}\" data-image-title=\"2023-02-03-10_zt_Holy_vrch_globalne_ziarenie\" data-image-description=\"\" data-image-caption=\"\" data-large-file=\"https:\/\/blog.laviny.sk\/wp-content\/uploads\/2023\/02\/2023-02-03-10_zt_Holy_vrch_globalne_ziarenie-1024x491.png\" src=\"https:\/\/blog.laviny.sk\/wp-content\/uploads\/2023\/02\/2023-02-03-10_zt_Holy_vrch_globalne_ziarenie-1024x491.png\" alt=\"\" class=\"wp-image-10113\" srcset=\"https:\/\/blog.laviny.sk\/wp-content\/uploads\/2023\/02\/2023-02-03-10_zt_Holy_vrch_globalne_ziarenie-1024x491.png 1024w, https:\/\/blog.laviny.sk\/wp-content\/uploads\/2023\/02\/2023-02-03-10_zt_Holy_vrch_globalne_ziarenie-300x144.png 300w, https:\/\/blog.laviny.sk\/wp-content\/uploads\/2023\/02\/2023-02-03-10_zt_Holy_vrch_globalne_ziarenie-768x368.png 768w, https:\/\/blog.laviny.sk\/wp-content\/uploads\/2023\/02\/2023-02-03-10_zt_Holy_vrch_globalne_ziarenie.png 1500w\" sizes=\"auto, (max-width: 1024px) 100vw, 1024px\" \/><figcaption class=\"wp-element-caption\"><em>Glob\u00e1lne slne\u010dn\u00e9 \u017eiarenie vo W\/m2 na AMS Hol\u00fd vrch 1876 m n.m. (Z\u00e1padn\u00e9 Tatry) od 4.2.2023 po 10.2.2023.<\/em><\/figcaption><\/figure>\n\n\n\n<p>Vyhliadky na v\u00edkend:<\/p>\n\n\n\n<p>Obdobie stabiln\u00e9ho po\u010dasia posledn\u00e9ho t\u00fd\u017ed\u0148a &#8211; jasno, chladno bez obl\u00e1\u010dika a vetra sa schy\u013euje ku koncu. Po\u010das v\u00edkendu zasiahne \u00fazemie Slovenska front\u00e1lny syst\u00e9m, ktor\u00fd prinesie zhor\u0161enie po\u010dasia. Z noci zo soboty na nede\u013eu m\u00f4\u017eeme o\u010dak\u00e1va\u0165 slab\u00e9 zr\u00e1\u017eky a vetern\u00e9 po\u010dasie. Po\u010das nedele m\u00f4\u017eeme o\u010dak\u00e1va\u0165 poloobla\u010dn\u00e9 po\u010dasie. Tendencia stup\u0148a lav\u00ednov\u00e9ho nebezpe\u010denstva je zotrval\u00e1. Pekn\u00fd a bezpe\u010dn\u00fd v\u00edkend V\u00e1m \u017eel\u00e1 Stredisko lav\u00ednovej prevencie.<\/p>\n\n\n\n<figure class=\"wp-block-gallery has-nested-images columns-default is-cropped wp-block-gallery-1 is-layout-flex wp-block-gallery-is-layout-flex\">\n<figure class=\"wp-block-image size-large\"><img loading=\"lazy\" decoding=\"async\" width=\"1000\" height=\"434\" data-attachment-id=\"10114\" data-permalink=\"https:\/\/blog.laviny.sk\/?attachment_id=10114#main\" data-orig-file=\"https:\/\/blog.laviny.sk\/wp-content\/uploads\/2023\/02\/2023-02-05_nt2.jpg\" data-orig-size=\"1000,434\" data-comments-opened=\"1\" data-image-meta=\"{&quot;aperture&quot;:&quot;1.7&quot;,&quot;credit&quot;:&quot;&quot;,&quot;camera&quot;:&quot;SM-G892A&quot;,&quot;caption&quot;:&quot;&quot;,&quot;created_timestamp&quot;:&quot;1675594000&quot;,&quot;copyright&quot;:&quot;&quot;,&quot;focal_length&quot;:&quot;4.25&quot;,&quot;iso&quot;:&quot;50&quot;,&quot;shutter_speed&quot;:&quot;0.00012019230769231&quot;,&quot;title&quot;:&quot;&quot;,&quot;orientation&quot;:&quot;1&quot;}\" data-image-title=\"2023-02-05_nt2\" data-image-description=\"\" data-image-caption=\"\" data-large-file=\"https:\/\/blog.laviny.sk\/wp-content\/uploads\/2023\/02\/2023-02-05_nt2.jpg\" data-id=\"10114\" src=\"https:\/\/blog.laviny.sk\/wp-content\/uploads\/2023\/02\/2023-02-05_nt2.jpg\" alt=\"\" class=\"wp-image-10114\" srcset=\"https:\/\/blog.laviny.sk\/wp-content\/uploads\/2023\/02\/2023-02-05_nt2.jpg 1000w, https:\/\/blog.laviny.sk\/wp-content\/uploads\/2023\/02\/2023-02-05_nt2-300x130.jpg 300w, https:\/\/blog.laviny.sk\/wp-content\/uploads\/2023\/02\/2023-02-05_nt2-768x333.jpg 768w\" sizes=\"auto, (max-width: 1000px) 100vw, 1000px\" \/><figcaption class=\"wp-element-caption\">2023-02-05 N\u00edzke Tatry, Starobocianska dolina<\/figcaption><\/figure>\n\n\n\n<figure class=\"wp-block-image size-large\"><img loading=\"lazy\" decoding=\"async\" width=\"1000\" height=\"667\" data-attachment-id=\"10115\" data-permalink=\"https:\/\/blog.laviny.sk\/?attachment_id=10115#main\" data-orig-file=\"https:\/\/blog.laviny.sk\/wp-content\/uploads\/2023\/02\/2023-02-07_Ladovy_stit_ladove_dolinky.jpg\" data-orig-size=\"1000,667\" data-comments-opened=\"1\" data-image-meta=\"{&quot;aperture&quot;:&quot;22&quot;,&quot;credit&quot;:&quot;&quot;,&quot;camera&quot;:&quot;NIKON D850&quot;,&quot;caption&quot;:&quot;&quot;,&quot;created_timestamp&quot;:&quot;1675771173&quot;,&quot;copyright&quot;:&quot;&quot;,&quot;focal_length&quot;:&quot;27&quot;,&quot;iso&quot;:&quot;250&quot;,&quot;shutter_speed&quot;:&quot;0.004&quot;,&quot;title&quot;:&quot;&quot;,&quot;orientation&quot;:&quot;1&quot;}\" data-image-title=\"2023-02-07_Ladovy_stit_ladove_dolinky\" data-image-description=\"\" data-image-caption=\"\" data-large-file=\"https:\/\/blog.laviny.sk\/wp-content\/uploads\/2023\/02\/2023-02-07_Ladovy_stit_ladove_dolinky.jpg\" data-id=\"10115\" src=\"https:\/\/blog.laviny.sk\/wp-content\/uploads\/2023\/02\/2023-02-07_Ladovy_stit_ladove_dolinky.jpg\" alt=\"\" class=\"wp-image-10115\" srcset=\"https:\/\/blog.laviny.sk\/wp-content\/uploads\/2023\/02\/2023-02-07_Ladovy_stit_ladove_dolinky.jpg 1000w, https:\/\/blog.laviny.sk\/wp-content\/uploads\/2023\/02\/2023-02-07_Ladovy_stit_ladove_dolinky-300x200.jpg 300w, https:\/\/blog.laviny.sk\/wp-content\/uploads\/2023\/02\/2023-02-07_Ladovy_stit_ladove_dolinky-768x512.jpg 768w\" sizes=\"auto, (max-width: 1000px) 100vw, 1000px\" \/><figcaption class=\"wp-element-caption\">2023-02-07 Vysok\u00e9 Tartry, \u013dadov\u00fd \u0161t\u00edt a \u013eadov\u00e9 dolinky<\/figcaption><\/figure>\n\n\n\n<figure class=\"wp-block-image size-large\"><img loading=\"lazy\" decoding=\"async\" width=\"1000\" height=\"667\" data-attachment-id=\"10119\" data-permalink=\"https:\/\/blog.laviny.sk\/?attachment_id=10119#main\" data-orig-file=\"https:\/\/blog.laviny.sk\/wp-content\/uploads\/2023\/02\/2023-02-07_msd.jpg\" data-orig-size=\"1000,667\" data-comments-opened=\"1\" data-image-meta=\"{&quot;aperture&quot;:&quot;22&quot;,&quot;credit&quot;:&quot;&quot;,&quot;camera&quot;:&quot;NIKON D850&quot;,&quot;caption&quot;:&quot;&quot;,&quot;created_timestamp&quot;:&quot;1675771269&quot;,&quot;copyright&quot;:&quot;&quot;,&quot;focal_length&quot;:&quot;45&quot;,&quot;iso&quot;:&quot;250&quot;,&quot;shutter_speed&quot;:&quot;0.004&quot;,&quot;title&quot;:&quot;&quot;,&quot;orientation&quot;:&quot;1&quot;}\" data-image-title=\"2023-02-07_msd\" data-image-description=\"\" data-image-caption=\"\" data-large-file=\"https:\/\/blog.laviny.sk\/wp-content\/uploads\/2023\/02\/2023-02-07_msd.jpg\" data-id=\"10119\" src=\"https:\/\/blog.laviny.sk\/wp-content\/uploads\/2023\/02\/2023-02-07_msd.jpg\" alt=\"2023-02-07 Vysok\u00e9 Tartry,Mal\u00e1 studen\u00e1 dolina\" class=\"wp-image-10119\" srcset=\"https:\/\/blog.laviny.sk\/wp-content\/uploads\/2023\/02\/2023-02-07_msd.jpg 1000w, https:\/\/blog.laviny.sk\/wp-content\/uploads\/2023\/02\/2023-02-07_msd-300x200.jpg 300w, https:\/\/blog.laviny.sk\/wp-content\/uploads\/2023\/02\/2023-02-07_msd-768x512.jpg 768w\" sizes=\"auto, (max-width: 1000px) 100vw, 1000px\" \/><figcaption class=\"wp-element-caption\">2023-02-07 Vysok\u00e9 Tartry,Mal\u00e1 studen\u00e1 dolina<\/figcaption><\/figure>\n\n\n\n<figure class=\"wp-block-image size-large\"><img loading=\"lazy\" decoding=\"async\" width=\"1000\" height=\"667\" data-attachment-id=\"10118\" data-permalink=\"https:\/\/blog.laviny.sk\/?attachment_id=10118#main\" data-orig-file=\"https:\/\/blog.laviny.sk\/wp-content\/uploads\/2023\/02\/2023-02-07_stromy-1.jpg\" data-orig-size=\"1000,667\" data-comments-opened=\"1\" data-image-meta=\"{&quot;aperture&quot;:&quot;11&quot;,&quot;credit&quot;:&quot;&quot;,&quot;camera&quot;:&quot;NIKON D850&quot;,&quot;caption&quot;:&quot;&quot;,&quot;created_timestamp&quot;:&quot;1675773262&quot;,&quot;copyright&quot;:&quot;&quot;,&quot;focal_length&quot;:&quot;55&quot;,&quot;iso&quot;:&quot;250&quot;,&quot;shutter_speed&quot;:&quot;0.0015625&quot;,&quot;title&quot;:&quot;&quot;,&quot;orientation&quot;:&quot;1&quot;}\" data-image-title=\"2023-02-07_stromy-1\" data-image-description=\"\" data-image-caption=\"\" data-large-file=\"https:\/\/blog.laviny.sk\/wp-content\/uploads\/2023\/02\/2023-02-07_stromy-1.jpg\" data-id=\"10118\" src=\"https:\/\/blog.laviny.sk\/wp-content\/uploads\/2023\/02\/2023-02-07_stromy-1.jpg\" alt=\"\" class=\"wp-image-10118\" srcset=\"https:\/\/blog.laviny.sk\/wp-content\/uploads\/2023\/02\/2023-02-07_stromy-1.jpg 1000w, https:\/\/blog.laviny.sk\/wp-content\/uploads\/2023\/02\/2023-02-07_stromy-1-300x200.jpg 300w, https:\/\/blog.laviny.sk\/wp-content\/uploads\/2023\/02\/2023-02-07_stromy-1-768x512.jpg 768w\" sizes=\"auto, (max-width: 1000px) 100vw, 1000px\" \/><figcaption class=\"wp-element-caption\">2023-02-07 sneh v p\u00e1sme lesa<\/figcaption><\/figure>\n\n\n\n<figure class=\"wp-block-image size-large\"><img loading=\"lazy\" decoding=\"async\" width=\"1000\" height=\"562\" data-attachment-id=\"10126\" data-permalink=\"https:\/\/blog.laviny.sk\/?attachment_id=10126#main\" data-orig-file=\"https:\/\/blog.laviny.sk\/wp-content\/uploads\/2023\/02\/img1-1.jpg\" data-orig-size=\"1000,562\" data-comments-opened=\"1\" data-image-meta=\"{&quot;aperture&quot;:&quot;1.7&quot;,&quot;credit&quot;:&quot;&quot;,&quot;camera&quot;:&quot;SM-G892A&quot;,&quot;caption&quot;:&quot;&quot;,&quot;created_timestamp&quot;:&quot;1675862943&quot;,&quot;copyright&quot;:&quot;&quot;,&quot;focal_length&quot;:&quot;4.25&quot;,&quot;iso&quot;:&quot;50&quot;,&quot;shutter_speed&quot;:&quot;0.00011446886446886&quot;,&quot;title&quot;:&quot;&quot;,&quot;orientation&quot;:&quot;1&quot;}\" data-image-title=\"img1-1\" data-image-description=\"\" data-image-caption=\"\" data-large-file=\"https:\/\/blog.laviny.sk\/wp-content\/uploads\/2023\/02\/img1-1.jpg\" data-id=\"10126\" src=\"https:\/\/blog.laviny.sk\/wp-content\/uploads\/2023\/02\/img1-1.jpg\" alt=\"\" class=\"wp-image-10126\" srcset=\"https:\/\/blog.laviny.sk\/wp-content\/uploads\/2023\/02\/img1-1.jpg 1000w, https:\/\/blog.laviny.sk\/wp-content\/uploads\/2023\/02\/img1-1-300x169.jpg 300w, https:\/\/blog.laviny.sk\/wp-content\/uploads\/2023\/02\/img1-1-768x432.jpg 768w, https:\/\/blog.laviny.sk\/wp-content\/uploads\/2023\/02\/img1-1-460x260.jpg 460w\" sizes=\"auto, (max-width: 1000px) 100vw, 1000px\" \/><figcaption class=\"wp-element-caption\">2023-02-08, Vysok\u00e9 Tatry, Mengusovsk\u00e1 dolina<\/figcaption><\/figure>\n\n\n\n<figure class=\"wp-block-image size-large\"><img loading=\"lazy\" decoding=\"async\" width=\"1000\" height=\"667\" data-attachment-id=\"10116\" data-permalink=\"https:\/\/blog.laviny.sk\/?attachment_id=10116#main\" data-orig-file=\"https:\/\/blog.laviny.sk\/wp-content\/uploads\/2023\/02\/2023-02-07_vsd.jpg\" data-orig-size=\"1000,667\" data-comments-opened=\"1\" data-image-meta=\"{&quot;aperture&quot;:&quot;22&quot;,&quot;credit&quot;:&quot;&quot;,&quot;camera&quot;:&quot;NIKON D850&quot;,&quot;caption&quot;:&quot;&quot;,&quot;created_timestamp&quot;:&quot;1675771493&quot;,&quot;copyright&quot;:&quot;&quot;,&quot;focal_length&quot;:&quot;24&quot;,&quot;iso&quot;:&quot;250&quot;,&quot;shutter_speed&quot;:&quot;0.004&quot;,&quot;title&quot;:&quot;&quot;,&quot;orientation&quot;:&quot;1&quot;}\" data-image-title=\"2023-02-07_vsd\" data-image-description=\"\" data-image-caption=\"\" data-large-file=\"https:\/\/blog.laviny.sk\/wp-content\/uploads\/2023\/02\/2023-02-07_vsd.jpg\" data-id=\"10116\" src=\"https:\/\/blog.laviny.sk\/wp-content\/uploads\/2023\/02\/2023-02-07_vsd.jpg\" alt=\"2023-02-07, Vysok\u00e9 Tatry, Ve\u013ek\u00e1 studen\u00e1 dolina\" class=\"wp-image-10116\" srcset=\"https:\/\/blog.laviny.sk\/wp-content\/uploads\/2023\/02\/2023-02-07_vsd.jpg 1000w, https:\/\/blog.laviny.sk\/wp-content\/uploads\/2023\/02\/2023-02-07_vsd-300x200.jpg 300w, https:\/\/blog.laviny.sk\/wp-content\/uploads\/2023\/02\/2023-02-07_vsd-768x512.jpg 768w\" sizes=\"auto, (max-width: 1000px) 100vw, 1000px\" \/><figcaption class=\"wp-element-caption\">2023-02-07, Vysok\u00e9 Tatry, Ve\u013ek\u00e1 studen\u00e1 dolina<\/figcaption><\/figure>\n\n\n\n<figure class=\"wp-block-image size-large\"><img loading=\"lazy\" decoding=\"async\" width=\"1000\" height=\"562\" data-attachment-id=\"10120\" data-permalink=\"https:\/\/blog.laviny.sk\/?attachment_id=10120#main\" data-orig-file=\"https:\/\/blog.laviny.sk\/wp-content\/uploads\/2023\/02\/2023-02-07_vt_mengusovska.jpg\" data-orig-size=\"1000,562\" data-comments-opened=\"1\" data-image-meta=\"{&quot;aperture&quot;:&quot;1.7&quot;,&quot;credit&quot;:&quot;&quot;,&quot;camera&quot;:&quot;SM-G892A&quot;,&quot;caption&quot;:&quot;&quot;,&quot;created_timestamp&quot;:&quot;1675863646&quot;,&quot;copyright&quot;:&quot;&quot;,&quot;focal_length&quot;:&quot;4.25&quot;,&quot;iso&quot;:&quot;50&quot;,&quot;shutter_speed&quot;:&quot;8.289124668435E-5&quot;,&quot;title&quot;:&quot;&quot;,&quot;orientation&quot;:&quot;1&quot;}\" data-image-title=\"2023-02-07_vt_mengusovska\" data-image-description=\"\" data-image-caption=\"\" data-large-file=\"https:\/\/blog.laviny.sk\/wp-content\/uploads\/2023\/02\/2023-02-07_vt_mengusovska.jpg\" data-id=\"10120\" src=\"https:\/\/blog.laviny.sk\/wp-content\/uploads\/2023\/02\/2023-02-07_vt_mengusovska.jpg\" alt=\"\" class=\"wp-image-10120\" srcset=\"https:\/\/blog.laviny.sk\/wp-content\/uploads\/2023\/02\/2023-02-07_vt_mengusovska.jpg 1000w, https:\/\/blog.laviny.sk\/wp-content\/uploads\/2023\/02\/2023-02-07_vt_mengusovska-300x169.jpg 300w, https:\/\/blog.laviny.sk\/wp-content\/uploads\/2023\/02\/2023-02-07_vt_mengusovska-768x432.jpg 768w, https:\/\/blog.laviny.sk\/wp-content\/uploads\/2023\/02\/2023-02-07_vt_mengusovska-460x260.jpg 460w\" sizes=\"auto, (max-width: 1000px) 100vw, 1000px\" \/><figcaption class=\"wp-element-caption\">2023-02-08 J svahy op\u00e4\u0165 stabiln\u00e9<\/figcaption><\/figure>\n\n\n\n<figure class=\"wp-block-image size-large\"><img loading=\"lazy\" decoding=\"async\" width=\"576\" height=\"1024\" data-attachment-id=\"10121\" data-permalink=\"https:\/\/blog.laviny.sk\/?attachment_id=10121#main\" data-orig-file=\"https:\/\/blog.laviny.sk\/wp-content\/uploads\/2023\/02\/2023-02-07_vt_mengusovska2.jpg\" data-orig-size=\"1000,1778\" data-comments-opened=\"1\" data-image-meta=\"{&quot;aperture&quot;:&quot;1.7&quot;,&quot;credit&quot;:&quot;&quot;,&quot;camera&quot;:&quot;SM-G892A&quot;,&quot;caption&quot;:&quot;&quot;,&quot;created_timestamp&quot;:&quot;1675860427&quot;,&quot;copyright&quot;:&quot;&quot;,&quot;focal_length&quot;:&quot;4.25&quot;,&quot;iso&quot;:&quot;50&quot;,&quot;shutter_speed&quot;:&quot;0.00012376237623762&quot;,&quot;title&quot;:&quot;&quot;,&quot;orientation&quot;:&quot;1&quot;}\" data-image-title=\"2023-02-07_vt_mengusovska2\" data-image-description=\"\" data-image-caption=\"\" data-large-file=\"https:\/\/blog.laviny.sk\/wp-content\/uploads\/2023\/02\/2023-02-07_vt_mengusovska2-576x1024.jpg\" data-id=\"10121\" src=\"https:\/\/blog.laviny.sk\/wp-content\/uploads\/2023\/02\/2023-02-07_vt_mengusovska2-576x1024.jpg\" alt=\"2023-02-08 Lav\u00ednov\u00ed \u0161pecialisti hzs po\u010das pr\u00e1ce na profile snehovej pokr\u00fdvky\" class=\"wp-image-10121\" srcset=\"https:\/\/blog.laviny.sk\/wp-content\/uploads\/2023\/02\/2023-02-07_vt_mengusovska2-576x1024.jpg 576w, https:\/\/blog.laviny.sk\/wp-content\/uploads\/2023\/02\/2023-02-07_vt_mengusovska2-169x300.jpg 169w, https:\/\/blog.laviny.sk\/wp-content\/uploads\/2023\/02\/2023-02-07_vt_mengusovska2-768x1366.jpg 768w, https:\/\/blog.laviny.sk\/wp-content\/uploads\/2023\/02\/2023-02-07_vt_mengusovska2-864x1536.jpg 864w, https:\/\/blog.laviny.sk\/wp-content\/uploads\/2023\/02\/2023-02-07_vt_mengusovska2.jpg 1000w\" sizes=\"auto, (max-width: 576px) 100vw, 576px\" \/><figcaption class=\"wp-element-caption\">2023-02-08 Lav\u00ednov\u00ed \u0161pecialisti hzs po\u010das pr\u00e1ce na profile snehovej pokr\u00fdvky<\/figcaption><\/figure>\n\n\n\n<figure class=\"wp-block-image size-large\"><img loading=\"lazy\" decoding=\"async\" width=\"1000\" height=\"562\" data-attachment-id=\"10124\" data-permalink=\"https:\/\/blog.laviny.sk\/?attachment_id=10124#main\" data-orig-file=\"https:\/\/blog.laviny.sk\/wp-content\/uploads\/2023\/02\/2023-02-07_vt_tazky.jpg\" data-orig-size=\"1000,562\" data-comments-opened=\"1\" data-image-meta=\"{&quot;aperture&quot;:&quot;1.7&quot;,&quot;credit&quot;:&quot;&quot;,&quot;camera&quot;:&quot;SM-G892A&quot;,&quot;caption&quot;:&quot;&quot;,&quot;created_timestamp&quot;:&quot;1675858999&quot;,&quot;copyright&quot;:&quot;&quot;,&quot;focal_length&quot;:&quot;4.25&quot;,&quot;iso&quot;:&quot;50&quot;,&quot;shutter_speed&quot;:&quot;0.00013766519823789&quot;,&quot;title&quot;:&quot;&quot;,&quot;orientation&quot;:&quot;1&quot;}\" data-image-title=\"2023-02-07_vt_tazky\" data-image-description=\"\" data-image-caption=\"\" data-large-file=\"https:\/\/blog.laviny.sk\/wp-content\/uploads\/2023\/02\/2023-02-07_vt_tazky.jpg\" data-id=\"10124\" src=\"https:\/\/blog.laviny.sk\/wp-content\/uploads\/2023\/02\/2023-02-07_vt_tazky.jpg\" alt=\"2023-02-0, Vysok\u00e9 Tatry, \u0164a\u017ek\u00fd \u0161t\u00edt\" class=\"wp-image-10124\" srcset=\"https:\/\/blog.laviny.sk\/wp-content\/uploads\/2023\/02\/2023-02-07_vt_tazky.jpg 1000w, https:\/\/blog.laviny.sk\/wp-content\/uploads\/2023\/02\/2023-02-07_vt_tazky-300x169.jpg 300w, https:\/\/blog.laviny.sk\/wp-content\/uploads\/2023\/02\/2023-02-07_vt_tazky-768x432.jpg 768w, https:\/\/blog.laviny.sk\/wp-content\/uploads\/2023\/02\/2023-02-07_vt_tazky-460x260.jpg 460w\" sizes=\"auto, (max-width: 1000px) 100vw, 1000px\" \/><figcaption class=\"wp-element-caption\">2023-02-0, Vysok\u00e9 Tatry, \u0164a\u017ek\u00fd \u0161t\u00edt<\/figcaption><\/figure>\n\n\n\n<figure class=\"wp-block-image size-large\"><img loading=\"lazy\" decoding=\"async\" width=\"1000\" height=\"667\" data-attachment-id=\"10123\" data-permalink=\"https:\/\/blog.laviny.sk\/?attachment_id=10123#main\" data-orig-file=\"https:\/\/blog.laviny.sk\/wp-content\/uploads\/2023\/02\/2023-02-07_zt_kondratova_kopa.jpg\" data-orig-size=\"1000,667\" data-comments-opened=\"1\" data-image-meta=\"{&quot;aperture&quot;:&quot;18&quot;,&quot;credit&quot;:&quot;&quot;,&quot;camera&quot;:&quot;NIKON D850&quot;,&quot;caption&quot;:&quot;&quot;,&quot;created_timestamp&quot;:&quot;1675772167&quot;,&quot;copyright&quot;:&quot;&quot;,&quot;focal_length&quot;:&quot;24&quot;,&quot;iso&quot;:&quot;250&quot;,&quot;shutter_speed&quot;:&quot;0.0015625&quot;,&quot;title&quot;:&quot;&quot;,&quot;orientation&quot;:&quot;1&quot;}\" data-image-title=\"2023-02-07_zt_kondratova_kopa\" data-image-description=\"\" data-image-caption=\"\" data-large-file=\"https:\/\/blog.laviny.sk\/wp-content\/uploads\/2023\/02\/2023-02-07_zt_kondratova_kopa.jpg\" data-id=\"10123\" src=\"https:\/\/blog.laviny.sk\/wp-content\/uploads\/2023\/02\/2023-02-07_zt_kondratova_kopa.jpg\" alt=\"2023-02-07 Z\u00e1padn\u00e9 Tatry, Kondr\u00e1tov\u00e1\" class=\"wp-image-10123\" srcset=\"https:\/\/blog.laviny.sk\/wp-content\/uploads\/2023\/02\/2023-02-07_zt_kondratova_kopa.jpg 1000w, https:\/\/blog.laviny.sk\/wp-content\/uploads\/2023\/02\/2023-02-07_zt_kondratova_kopa-300x200.jpg 300w, https:\/\/blog.laviny.sk\/wp-content\/uploads\/2023\/02\/2023-02-07_zt_kondratova_kopa-768x512.jpg 768w\" sizes=\"auto, (max-width: 1000px) 100vw, 1000px\" \/><figcaption class=\"wp-element-caption\">2023-02-07 Z\u00e1padn\u00e9 Tatry, Kondr\u00e1tov\u00e1<\/figcaption><\/figure>\n\n\n\n<figure class=\"wp-block-image size-large\"><img loading=\"lazy\" decoding=\"async\" width=\"1000\" height=\"667\" data-attachment-id=\"10122\" data-permalink=\"https:\/\/blog.laviny.sk\/?attachment_id=10122#main\" data-orig-file=\"https:\/\/blog.laviny.sk\/wp-content\/uploads\/2023\/02\/2023-02-07_zt_smreciny.jpg\" data-orig-size=\"1000,667\" data-comments-opened=\"1\" data-image-meta=\"{&quot;aperture&quot;:&quot;18&quot;,&quot;credit&quot;:&quot;&quot;,&quot;camera&quot;:&quot;NIKON D850&quot;,&quot;caption&quot;:&quot;&quot;,&quot;created_timestamp&quot;:&quot;1675772248&quot;,&quot;copyright&quot;:&quot;&quot;,&quot;focal_length&quot;:&quot;38&quot;,&quot;iso&quot;:&quot;250&quot;,&quot;shutter_speed&quot;:&quot;0.0015625&quot;,&quot;title&quot;:&quot;&quot;,&quot;orientation&quot;:&quot;1&quot;}\" data-image-title=\"2023-02-07_zt_smreciny\" data-image-description=\"\" data-image-caption=\"\" data-large-file=\"https:\/\/blog.laviny.sk\/wp-content\/uploads\/2023\/02\/2023-02-07_zt_smreciny.jpg\" data-id=\"10122\" src=\"https:\/\/blog.laviny.sk\/wp-content\/uploads\/2023\/02\/2023-02-07_zt_smreciny.jpg\" alt=\"2023-02-07 Smre\u010diny\" class=\"wp-image-10122\" srcset=\"https:\/\/blog.laviny.sk\/wp-content\/uploads\/2023\/02\/2023-02-07_zt_smreciny.jpg 1000w, https:\/\/blog.laviny.sk\/wp-content\/uploads\/2023\/02\/2023-02-07_zt_smreciny-300x200.jpg 300w, https:\/\/blog.laviny.sk\/wp-content\/uploads\/2023\/02\/2023-02-07_zt_smreciny-768x512.jpg 768w\" sizes=\"auto, (max-width: 1000px) 100vw, 1000px\" \/><figcaption class=\"wp-element-caption\">2023-02-07, Z\u00e1padn\u00e9 Tatry, Smre\u010diny<\/figcaption><\/figure>\n\n\n\n<figure class=\"wp-block-image size-large\"><img loading=\"lazy\" decoding=\"async\" width=\"1000\" height=\"667\" data-attachment-id=\"10125\" data-permalink=\"https:\/\/blog.laviny.sk\/?attachment_id=10125#main\" data-orig-file=\"https:\/\/blog.laviny.sk\/wp-content\/uploads\/2023\/02\/2023-02-07_zt_vysna_magura.jpg\" data-orig-size=\"1000,667\" data-comments-opened=\"1\" data-image-meta=\"{&quot;aperture&quot;:&quot;18&quot;,&quot;credit&quot;:&quot;&quot;,&quot;camera&quot;:&quot;NIKON D850&quot;,&quot;caption&quot;:&quot;&quot;,&quot;created_timestamp&quot;:&quot;1675772597&quot;,&quot;copyright&quot;:&quot;&quot;,&quot;focal_length&quot;:&quot;48&quot;,&quot;iso&quot;:&quot;250&quot;,&quot;shutter_speed&quot;:&quot;0.0015625&quot;,&quot;title&quot;:&quot;&quot;,&quot;orientation&quot;:&quot;1&quot;}\" data-image-title=\"2023-02-07_zt_vysna_magura\" data-image-description=\"\" data-image-caption=\"\" data-large-file=\"https:\/\/blog.laviny.sk\/wp-content\/uploads\/2023\/02\/2023-02-07_zt_vysna_magura.jpg\" data-id=\"10125\" src=\"https:\/\/blog.laviny.sk\/wp-content\/uploads\/2023\/02\/2023-02-07_zt_vysna_magura.jpg\" alt=\"2023-02-07 Z\u00e1padn\u00e9 Tatry, Vy\u0161n\u00e1 Magura\" class=\"wp-image-10125\" srcset=\"https:\/\/blog.laviny.sk\/wp-content\/uploads\/2023\/02\/2023-02-07_zt_vysna_magura.jpg 1000w, https:\/\/blog.laviny.sk\/wp-content\/uploads\/2023\/02\/2023-02-07_zt_vysna_magura-300x200.jpg 300w, https:\/\/blog.laviny.sk\/wp-content\/uploads\/2023\/02\/2023-02-07_zt_vysna_magura-768x512.jpg 768w\" sizes=\"auto, (max-width: 1000px) 100vw, 1000px\" \/><figcaption class=\"wp-element-caption\">2023-02-07 Z\u00e1padn\u00e9 Tatry, Vy\u0161n\u00e1 Magura<\/figcaption><\/figure>\n<\/figure>\n","protected":false},"excerpt":{"rendered":"<p>Bohat\u00e1 snehov\u00e1 n\u00e1dielka vyvrcholila v noci z piatka 3.2.2023 na sobotu 4.2.2023. V horstv\u00e1ch Slovenska pripadlo koncom minul\u00e9ho t\u00fd\u017ed\u0148a viac ako 100 cm nov\u00e9ho prachov\u00e9ho snehu, \u010do sa podp\u00edsalo na stupni lav\u00ednov\u00e9ho nebezpe\u010denstva. Vo Vysok\u00fdch, Z\u00e1padn\u00fdch a Malej Fatre panoval 4. stupe\u0148 z 5-dielnej medzin\u00e1rodnej stupnice. Po\u010das soboty 4.2.2023 f\u00fakal vo v\u0161etk\u00fdch poloh\u00e1ch ve\u013emi siln\u00fd&hellip;<\/p>\n","protected":false},"author":1,"featured_media":10114,"comment_status":"open","ping_status":"open","sticky":false,"template":"","format":"standard","meta":{"jetpack_post_was_ever_published":false,"_jetpack_newsletter_access":"","_jetpack_dont_email_post_to_subs":false,"_jetpack_newsletter_tier_id":0,"_jetpack_memberships_contains_paywalled_content":false,"_jetpack_memberships_contains_paid_content":false,"footnotes":"","jetpack_publicize_message":"","jetpack_publicize_feature_enabled":true,"jetpack_social_post_already_shared":true,"jetpack_social_options":{"image_generator_settings":{"template":"highway","default_image_id":0,"font":"","enabled":false},"version":2}},"categories":[4],"tags":[230,67,79,444,123,154,155,156,197,202],"class_list":["post-10102","post","type-post","status-publish","format-standard","has-post-thumbnail","hentry","category-pocasie-sneh-a-laviny","tag-lavinova-aktivita","tag-lavinova-nehoda","tag-laviny","tag-monitoring","tag-pocasie","tag-sneh","tag-sneh-a-laviny","tag-snehova-pokryvka","tag-vysoke-tatry","tag-zapadne-tatry"],"jetpack_publicize_connections":[],"jetpack_featured_media_url":"https:\/\/blog.laviny.sk\/wp-content\/uploads\/2023\/02\/2023-02-05_nt2.jpg","jetpack_sharing_enabled":true,"jetpack_shortlink":"https:\/\/wp.me\/p8DxWh-2CW","jetpack-related-posts":[],"_links":{"self":[{"href":"https:\/\/blog.laviny.sk\/index.php?rest_route=\/wp\/v2\/posts\/10102","targetHints":{"allow":["GET"]}}],"collection":[{"href":"https:\/\/blog.laviny.sk\/index.php?rest_route=\/wp\/v2\/posts"}],"about":[{"href":"https:\/\/blog.laviny.sk\/index.php?rest_route=\/wp\/v2\/types\/post"}],"author":[{"embeddable":true,"href":"https:\/\/blog.laviny.sk\/index.php?rest_route=\/wp\/v2\/users\/1"}],"replies":[{"embeddable":true,"href":"https:\/\/blog.laviny.sk\/index.php?rest_route=%2Fwp%2Fv2%2Fcomments&post=10102"}],"version-history":[{"count":3,"href":"https:\/\/blog.laviny.sk\/index.php?rest_route=\/wp\/v2\/posts\/10102\/revisions"}],"predecessor-version":[{"id":10130,"href":"https:\/\/blog.laviny.sk\/index.php?rest_route=\/wp\/v2\/posts\/10102\/revisions\/10130"}],"wp:featuredmedia":[{"embeddable":true,"href":"https:\/\/blog.laviny.sk\/index.php?rest_route=\/wp\/v2\/media\/10114"}],"wp:attachment":[{"href":"https:\/\/blog.laviny.sk\/index.php?rest_route=%2Fwp%2Fv2%2Fmedia&parent=10102"}],"wp:term":[{"taxonomy":"category","embeddable":true,"href":"https:\/\/blog.laviny.sk\/index.php?rest_route=%2Fwp%2Fv2%2Fcategories&post=10102"},{"taxonomy":"post_tag","embeddable":true,"href":"https:\/\/blog.laviny.sk\/index.php?rest_route=%2Fwp%2Fv2%2Ftags&post=10102"}],"curies":[{"name":"wp","href":"https:\/\/api.w.org\/{rel}","templated":true}]}}